{"id":218094,"date":"2023-03-07T07:13:37","date_gmt":"2023-03-07T10:13:37","guid":{"rendered":"https:\/\/diariotextual.com\/inicio\/?p=218094"},"modified":"2023-03-07T07:13:39","modified_gmt":"2023-03-07T10:13:39","slug":"homenajean-a-olga-orozco-en-el-103-aniversario-de-su-natalicio","status":"publish","type":"post","link":"https:\/\/diariotextual.com\/inicio\/index.php\/2023\/03\/07\/homenajean-a-olga-orozco-en-el-103-aniversario-de-su-natalicio\/","title":{"rendered":"Homenajean a Olga Orozco en el 103 aniversario de su natalicio"},"content":{"rendered":"\n<p>La <strong>Casa Museo Olga Orozco (CMOO) <\/strong>prepara su espacio para recibir un nuevo cumplea\u00f1os de la poeta, y la Secretar\u00eda de Cultura junto al Municipio de Toay, organizan una serie de <strong>propuestas abiertas para todo p\u00fablico para celebrar este 103 aniversario de su natalicio (17 de marzo de 1920).<\/strong><\/p>\n\n\n\n<p>Bajo el nombre&nbsp;\u201cPlumas encendidas\u201d, las actividades se desarrollar\u00e1n entre el 17 y el 22 de marzo con estas&nbsp;actividades:&nbsp;<\/p>\n\n\n\n<p>Viernes 17:\u00a0<strong>Rondas de lecturas \u201cLa comunidad lee a Olga Orozco\u201d<\/strong>, de\u00a010 a 18. Distintas voces leer\u00e1n la obra de la poeta. Una lectura colectiva en diferentes espacios de la Casa.\u00a0Autoridades municipales y provinciales, escuelas, colegios, distintas grupalidades y la comunidad toda homenajear\u00e1n a la poeta en una lectura de su grandiosa obra.<\/p>\n\n\n\n<p>S\u00e1bado 18: <strong>\u201cAqu\u00ed, todav\u00eda de pie\u201d. Presentaci\u00f3n prendas de colecci\u00f3n Casa Museo Olga Orozco. <\/strong>Inauguraci\u00f3n: 19.30. Permanecer\u00e1 hasta el 30 de abril. Una exposici\u00f3n de prendas seleccionadas de la colecci\u00f3n CMOO pone en relieve piezas que pertenecieron a la poeta, que van desde los a\u00f1os 60 hasta la d\u00e9cada de 1990 inclusive. El uso especial hacia estas prendas por parte de la poeta, el afecto que ten\u00eda con las mismas, son llevadas a escena desde un montaje artesanal donde las manos y la piel son las invitadas a una trama org\u00e1nica entre la corporalidad, el paisaje y el paso del tiempo. Los textos fueron seleccionados del libro Museo Salvaje (1974).<\/p>\n\n\n\n<p>Martes 21: <strong>Taller \u201cRelatos de prendas con historias\u201d.<\/strong> Sala \u201cLa Fantasma\u201d de 18 a 20. Una invitaci\u00f3n a que cada participante lleve una prenda que tenga un valor emocional con una historia que contar y as\u00ed compartir relatos de aquellas vestimentas.<\/p>\n\n\n\n<p>Mi\u00e9rcoles 22:\u00a0<strong>Presentaci\u00f3n del libro \u201cTransparencias\u201d, a cargo de la escritora toayense Rosa Minardi Ingrassia.<\/strong> Sala \u201cLa Fantasma\u201d. 19. Biograf\u00eda:\u00a0Rosa Minardi Ingrassia (1964) Toayense. Docente jubilada. Participa de \u201ctalleres de escritura\u201d por vocaci\u00f3n desde el a\u00f1o 2000.\u00a0Actualmente forma parte del grupo de escritura denominado \u201cTalita Cumi\u201d. Dicta talleres literarios en la Biblioteca Popular Toay destinados a ni\u00f1os, ni\u00f1as, adolescentes y personas adultas. En 2014 public\u00f3\u201d Algo en el aire\u201d, libro de poemas y relatos. Sus textos han formado parte de diversas antolog\u00edas.<\/p>\n\n\n\n<p><\/p>\n","protected":false},"excerpt":{"rendered":"<p>La Casa Museo Olga Orozco (CMOO) prepara su espacio para recibir un nuevo cumplea\u00f1os de la poeta, y la Secretar\u00eda de Cultura junto al Municipio de Toay, organizan una serie&hellip;<\/p>\n","protected":false},"author":4,"featured_media":59471,"comment_status":"closed","ping_status":"open","sticky":false,"template":"","format":"standard","meta":{"_acf_changed":false,"footnotes":""},"categories":[1,2],"tags":[],"class_list":["post-218094","post","type-post","status-publish","format-standard","has-post-thumbnail","hentry","category-es-noticia","category-cultura"],"acf":[],"yoast_head":"<!-- This site is optimized with the Yoast SEO plugin v27.5 - https:\/\/yoast.com\/product\/yoast-seo-wordpress\/ -->\n<title>Homenajean a Olga Orozco en el 103 aniversario de su natalicio - Diario Textual<\/title>\n<meta name=\"robots\" content=\"index, follow, max-snippet:-1, max-image-preview:large, max-video-preview:-1\" \/>\n<link rel=\"canonical\" href=\"https:\/\/diariotextual.com\/inicio\/index.php\/2023\/03\/07\/homenajean-a-olga-orozco-en-el-103-aniversario-de-su-natalicio\/\" \/>\n<meta property=\"og:locale\" content=\"es_ES\" \/>\n<meta property=\"og:type\" content=\"article\" \/>\n<meta property=\"og:title\" content=\"Homenajean a Olga Orozco en el 103 aniversario de su natalicio - Diario Textual\" \/>\n<meta property=\"og:description\" content=\"La Casa Museo Olga Orozco (CMOO) prepara su espacio para recibir un nuevo cumplea\u00f1os de la poeta, y la Secretar\u00eda de Cultura junto al Municipio de Toay, organizan una serie&hellip;\" \/>\n<meta property=\"og:url\" content=\"https:\/\/diariotextual.com\/inicio\/index.php\/2023\/03\/07\/homenajean-a-olga-orozco-en-el-103-aniversario-de-su-natalicio\/\" \/>\n<meta property=\"og:site_name\" content=\"Diario Textual\" \/>\n<meta property=\"article:publisher\" content=\"https:\/\/www.facebook.com\/eltextual\" \/>\n<meta property=\"article:published_time\" content=\"2023-03-07T10:13:37+00:00\" \/>\n<meta property=\"article:modified_time\" content=\"2023-03-07T10:13:39+00:00\" \/>\n<meta property=\"og:image\" content=\"https:\/\/diariotextual.com\/inicio\/wp-content\/uploads\/2019\/08\/OlgaOrozco20.jpg\" \/>\n\t<meta property=\"og:image:width\" content=\"700\" \/>\n\t<meta property=\"og:image:height\" content=\"465\" \/>\n\t<meta property=\"og:image:type\" content=\"image\/jpeg\" \/>\n<meta name=\"author\" content=\"diario2\" \/>\n<meta name=\"twitter:card\" content=\"summary_large_image\" \/>\n<meta name=\"twitter:creator\" content=\"@eltextual\" \/>\n<meta name=\"twitter:site\" content=\"@eltextual\" \/>\n<meta name=\"twitter:label1\" content=\"Escrito por\" \/>\n\t<meta name=\"twitter:data1\" content=\"diario2\" \/>\n\t<meta name=\"twitter:label2\" content=\"Tiempo de lectura\" \/>\n\t<meta name=\"twitter:data2\" content=\"2 minutos\" \/>\n<script type=\"application\/ld+json\" class=\"yoast-schema-graph\">{\"@context\":\"https:\\\/\\\/schema.org\",\"@graph\":[{\"@type\":\"Article\",\"@id\":\"https:\\\/\\\/diariotextual.com\\\/inicio\\\/index.php\\\/2023\\\/03\\\/07\\\/homenajean-a-olga-orozco-en-el-103-aniversario-de-su-natalicio\\\/#article\",\"isPartOf\":{\"@id\":\"https:\\\/\\\/diariotextual.com\\\/inicio\\\/index.php\\\/2023\\\/03\\\/07\\\/homenajean-a-olga-orozco-en-el-103-aniversario-de-su-natalicio\\\/\"},\"author\":{\"name\":\"diario2\",\"@id\":\"https:\\\/\\\/diariotextual.com\\\/inicio\\\/#\\\/schema\\\/person\\\/694f60677f23c4a530867a98f22b3768\"},\"headline\":\"Homenajean a Olga Orozco en el 103 aniversario de su natalicio\",\"datePublished\":\"2023-03-07T10:13:37+00:00\",\"dateModified\":\"2023-03-07T10:13:39+00:00\",\"mainEntityOfPage\":{\"@id\":\"https:\\\/\\\/diariotextual.com\\\/inicio\\\/index.php\\\/2023\\\/03\\\/07\\\/homenajean-a-olga-orozco-en-el-103-aniversario-de-su-natalicio\\\/\"},\"wordCount\":376,\"publisher\":{\"@id\":\"https:\\\/\\\/diariotextual.com\\\/inicio\\\/#organization\"},\"image\":{\"@id\":\"https:\\\/\\\/diariotextual.com\\\/inicio\\\/index.php\\\/2023\\\/03\\\/07\\\/homenajean-a-olga-orozco-en-el-103-aniversario-de-su-natalicio\\\/#primaryimage\"},\"thumbnailUrl\":\"https:\\\/\\\/diariotextual.com\\\/inicio\\\/wp-content\\\/uploads\\\/2019\\\/08\\\/OlgaOrozco20.jpg\",\"articleSection\":[\"A - ES NOTICIA (van abajo)\",\"CULTURA\"],\"inLanguage\":\"es\"},{\"@type\":\"WebPage\",\"@id\":\"https:\\\/\\\/diariotextual.com\\\/inicio\\\/index.php\\\/2023\\\/03\\\/07\\\/homenajean-a-olga-orozco-en-el-103-aniversario-de-su-natalicio\\\/\",\"url\":\"https:\\\/\\\/diariotextual.com\\\/inicio\\\/index.php\\\/2023\\\/03\\\/07\\\/homenajean-a-olga-orozco-en-el-103-aniversario-de-su-natalicio\\\/\",\"name\":\"Homenajean a Olga Orozco en el 103 aniversario de su natalicio - Diario Textual\",\"isPartOf\":{\"@id\":\"https:\\\/\\\/diariotextual.com\\\/inicio\\\/#website\"},\"primaryImageOfPage\":{\"@id\":\"https:\\\/\\\/diariotextual.com\\\/inicio\\\/index.php\\\/2023\\\/03\\\/07\\\/homenajean-a-olga-orozco-en-el-103-aniversario-de-su-natalicio\\\/#primaryimage\"},\"image\":{\"@id\":\"https:\\\/\\\/diariotextual.com\\\/inicio\\\/index.php\\\/2023\\\/03\\\/07\\\/homenajean-a-olga-orozco-en-el-103-aniversario-de-su-natalicio\\\/#primaryimage\"},\"thumbnailUrl\":\"https:\\\/\\\/diariotextual.com\\\/inicio\\\/wp-content\\\/uploads\\\/2019\\\/08\\\/OlgaOrozco20.jpg\",\"datePublished\":\"2023-03-07T10:13:37+00:00\",\"dateModified\":\"2023-03-07T10:13:39+00:00\",\"breadcrumb\":{\"@id\":\"https:\\\/\\\/diariotextual.com\\\/inicio\\\/index.php\\\/2023\\\/03\\\/07\\\/homenajean-a-olga-orozco-en-el-103-aniversario-de-su-natalicio\\\/#breadcrumb\"},\"inLanguage\":\"es\",\"potentialAction\":[{\"@type\":\"ReadAction\",\"target\":[\"https:\\\/\\\/diariotextual.com\\\/inicio\\\/index.php\\\/2023\\\/03\\\/07\\\/homenajean-a-olga-orozco-en-el-103-aniversario-de-su-natalicio\\\/\"]}]},{\"@type\":\"ImageObject\",\"inLanguage\":\"es\",\"@id\":\"https:\\\/\\\/diariotextual.com\\\/inicio\\\/index.php\\\/2023\\\/03\\\/07\\\/homenajean-a-olga-orozco-en-el-103-aniversario-de-su-natalicio\\\/#primaryimage\",\"url\":\"https:\\\/\\\/diariotextual.com\\\/inicio\\\/wp-content\\\/uploads\\\/2019\\\/08\\\/OlgaOrozco20.jpg\",\"contentUrl\":\"https:\\\/\\\/diariotextual.com\\\/inicio\\\/wp-content\\\/uploads\\\/2019\\\/08\\\/OlgaOrozco20.jpg\",\"width\":700,\"height\":465},{\"@type\":\"BreadcrumbList\",\"@id\":\"https:\\\/\\\/diariotextual.com\\\/inicio\\\/index.php\\\/2023\\\/03\\\/07\\\/homenajean-a-olga-orozco-en-el-103-aniversario-de-su-natalicio\\\/#breadcrumb\",\"itemListElement\":[{\"@type\":\"ListItem\",\"position\":1,\"name\":\"Portada\",\"item\":\"https:\\\/\\\/diariotextual.com\\\/inicio\\\/\"},{\"@type\":\"ListItem\",\"position\":2,\"name\":\"Homenajean a Olga Orozco en el 103 aniversario de su natalicio\"}]},{\"@type\":\"WebSite\",\"@id\":\"https:\\\/\\\/diariotextual.com\\\/inicio\\\/#website\",\"url\":\"https:\\\/\\\/diariotextual.com\\\/inicio\\\/\",\"name\":\"Diario Textual\",\"description\":\"\",\"publisher\":{\"@id\":\"https:\\\/\\\/diariotextual.com\\\/inicio\\\/#organization\"},\"potentialAction\":[{\"@type\":\"SearchAction\",\"target\":{\"@type\":\"EntryPoint\",\"urlTemplate\":\"https:\\\/\\\/diariotextual.com\\\/inicio\\\/?s={search_term_string}\"},\"query-input\":{\"@type\":\"PropertyValueSpecification\",\"valueRequired\":true,\"valueName\":\"search_term_string\"}}],\"inLanguage\":\"es\"},{\"@type\":\"Organization\",\"@id\":\"https:\\\/\\\/diariotextual.com\\\/inicio\\\/#organization\",\"name\":\"Diario Textual\",\"url\":\"https:\\\/\\\/diariotextual.com\\\/inicio\\\/\",\"logo\":{\"@type\":\"ImageObject\",\"inLanguage\":\"es\",\"@id\":\"https:\\\/\\\/diariotextual.com\\\/inicio\\\/#\\\/schema\\\/logo\\\/image\\\/\",\"url\":\"https:\\\/\\\/diariotextual.com\\\/inicio\\\/wp-content\\\/uploads\\\/2023\\\/05\\\/logotextual1.jpg\",\"contentUrl\":\"https:\\\/\\\/diariotextual.com\\\/inicio\\\/wp-content\\\/uploads\\\/2023\\\/05\\\/logotextual1.jpg\",\"width\":516,\"height\":76,\"caption\":\"Diario Textual\"},\"image\":{\"@id\":\"https:\\\/\\\/diariotextual.com\\\/inicio\\\/#\\\/schema\\\/logo\\\/image\\\/\"},\"sameAs\":[\"https:\\\/\\\/www.facebook.com\\\/eltextual\",\"https:\\\/\\\/x.com\\\/eltextual\",\"http:\\\/\\\/www.instagram.com\\\/eltextual\"]},{\"@type\":\"Person\",\"@id\":\"https:\\\/\\\/diariotextual.com\\\/inicio\\\/#\\\/schema\\\/person\\\/694f60677f23c4a530867a98f22b3768\",\"name\":\"diario2\",\"image\":{\"@type\":\"ImageObject\",\"inLanguage\":\"es\",\"@id\":\"https:\\\/\\\/secure.gravatar.com\\\/avatar\\\/5a2567495ba16b852fcd8f1ed006a2e24fcace936018ed8237e95f488ad6e0a7?s=96&d=mm&r=g\",\"url\":\"https:\\\/\\\/secure.gravatar.com\\\/avatar\\\/5a2567495ba16b852fcd8f1ed006a2e24fcace936018ed8237e95f488ad6e0a7?s=96&d=mm&r=g\",\"contentUrl\":\"https:\\\/\\\/secure.gravatar.com\\\/avatar\\\/5a2567495ba16b852fcd8f1ed006a2e24fcace936018ed8237e95f488ad6e0a7?s=96&d=mm&r=g\",\"caption\":\"diario2\"},\"url\":\"https:\\\/\\\/diariotextual.com\\\/inicio\\\/index.php\\\/author\\\/diario2\\\/\"}]}<\/script>\n<!-- \/ Yoast SEO plugin. -->","yoast_head_json":{"title":"Homenajean a Olga Orozco en el 103 aniversario de su natalicio - Diario Textual","robots":{"index":"index","follow":"follow","max-snippet":"max-snippet:-1","max-image-preview":"max-image-preview:large","max-video-preview":"max-video-preview:-1"},"canonical":"https:\/\/diariotextual.com\/inicio\/index.php\/2023\/03\/07\/homenajean-a-olga-orozco-en-el-103-aniversario-de-su-natalicio\/","og_locale":"es_ES","og_type":"article","og_title":"Homenajean a Olga Orozco en el 103 aniversario de su natalicio - Diario Textual","og_description":"La Casa Museo Olga Orozco (CMOO) prepara su espacio para recibir un nuevo cumplea\u00f1os de la poeta, y la Secretar\u00eda de Cultura junto al Municipio de Toay, organizan una serie&hellip;","og_url":"https:\/\/diariotextual.com\/inicio\/index.php\/2023\/03\/07\/homenajean-a-olga-orozco-en-el-103-aniversario-de-su-natalicio\/","og_site_name":"Diario Textual","article_publisher":"https:\/\/www.facebook.com\/eltextual","article_published_time":"2023-03-07T10:13:37+00:00","article_modified_time":"2023-03-07T10:13:39+00:00","og_image":[{"width":700,"height":465,"url":"https:\/\/diariotextual.com\/inicio\/wp-content\/uploads\/2019\/08\/OlgaOrozco20.jpg","type":"image\/jpeg"}],"author":"diario2","twitter_card":"summary_large_image","twitter_creator":"@eltextual","twitter_site":"@eltextual","twitter_misc":{"Escrito por":"diario2","Tiempo de lectura":"2 minutos"},"schema":{"@context":"https:\/\/schema.org","@graph":[{"@type":"Article","@id":"https:\/\/diariotextual.com\/inicio\/index.php\/2023\/03\/07\/homenajean-a-olga-orozco-en-el-103-aniversario-de-su-natalicio\/#article","isPartOf":{"@id":"https:\/\/diariotextual.com\/inicio\/index.php\/2023\/03\/07\/homenajean-a-olga-orozco-en-el-103-aniversario-de-su-natalicio\/"},"author":{"name":"diario2","@id":"https:\/\/diariotextual.com\/inicio\/#\/schema\/person\/694f60677f23c4a530867a98f22b3768"},"headline":"Homenajean a Olga Orozco en el 103 aniversario de su natalicio","datePublished":"2023-03-07T10:13:37+00:00","dateModified":"2023-03-07T10:13:39+00:00","mainEntityOfPage":{"@id":"https:\/\/diariotextual.com\/inicio\/index.php\/2023\/03\/07\/homenajean-a-olga-orozco-en-el-103-aniversario-de-su-natalicio\/"},"wordCount":376,"publisher":{"@id":"https:\/\/diariotextual.com\/inicio\/#organization"},"image":{"@id":"https:\/\/diariotextual.com\/inicio\/index.php\/2023\/03\/07\/homenajean-a-olga-orozco-en-el-103-aniversario-de-su-natalicio\/#primaryimage"},"thumbnailUrl":"https:\/\/diariotextual.com\/inicio\/wp-content\/uploads\/2019\/08\/OlgaOrozco20.jpg","articleSection":["A - ES NOTICIA (van abajo)","CULTURA"],"inLanguage":"es"},{"@type":"WebPage","@id":"https:\/\/diariotextual.com\/inicio\/index.php\/2023\/03\/07\/homenajean-a-olga-orozco-en-el-103-aniversario-de-su-natalicio\/","url":"https:\/\/diariotextual.com\/inicio\/index.php\/2023\/03\/07\/homenajean-a-olga-orozco-en-el-103-aniversario-de-su-natalicio\/","name":"Homenajean a Olga Orozco en el 103 aniversario de su natalicio - Diario Textual","isPartOf":{"@id":"https:\/\/diariotextual.com\/inicio\/#website"},"primaryImageOfPage":{"@id":"https:\/\/diariotextual.com\/inicio\/index.php\/2023\/03\/07\/homenajean-a-olga-orozco-en-el-103-aniversario-de-su-natalicio\/#primaryimage"},"image":{"@id":"https:\/\/diariotextual.com\/inicio\/index.php\/2023\/03\/07\/homenajean-a-olga-orozco-en-el-103-aniversario-de-su-natalicio\/#primaryimage"},"thumbnailUrl":"https:\/\/diariotextual.com\/inicio\/wp-content\/uploads\/2019\/08\/OlgaOrozco20.jpg","datePublished":"2023-03-07T10:13:37+00:00","dateModified":"2023-03-07T10:13:39+00:00","breadcrumb":{"@id":"https:\/\/diariotextual.com\/inicio\/index.php\/2023\/03\/07\/homenajean-a-olga-orozco-en-el-103-aniversario-de-su-natalicio\/#breadcrumb"},"inLanguage":"es","potentialAction":[{"@type":"ReadAction","target":["https:\/\/diariotextual.com\/inicio\/index.php\/2023\/03\/07\/homenajean-a-olga-orozco-en-el-103-aniversario-de-su-natalicio\/"]}]},{"@type":"ImageObject","inLanguage":"es","@id":"https:\/\/diariotextual.com\/inicio\/index.php\/2023\/03\/07\/homenajean-a-olga-orozco-en-el-103-aniversario-de-su-natalicio\/#primaryimage","url":"https:\/\/diariotextual.com\/inicio\/wp-content\/uploads\/2019\/08\/OlgaOrozco20.jpg","contentUrl":"https:\/\/diariotextual.com\/inicio\/wp-content\/uploads\/2019\/08\/OlgaOrozco20.jpg","width":700,"height":465},{"@type":"BreadcrumbList","@id":"https:\/\/diariotextual.com\/inicio\/index.php\/2023\/03\/07\/homenajean-a-olga-orozco-en-el-103-aniversario-de-su-natalicio\/#breadcrumb","itemListElement":[{"@type":"ListItem","position":1,"name":"Portada","item":"https:\/\/diariotextual.com\/inicio\/"},{"@type":"ListItem","position":2,"name":"Homenajean a Olga Orozco en el 103 aniversario de su natalicio"}]},{"@type":"WebSite","@id":"https:\/\/diariotextual.com\/inicio\/#website","url":"https:\/\/diariotextual.com\/inicio\/","name":"Diario Textual","description":"","publisher":{"@id":"https:\/\/diariotextual.com\/inicio\/#organization"},"potentialAction":[{"@type":"SearchAction","target":{"@type":"EntryPoint","urlTemplate":"https:\/\/diariotextual.com\/inicio\/?s={search_term_string}"},"query-input":{"@type":"PropertyValueSpecification","valueRequired":true,"valueName":"search_term_string"}}],"inLanguage":"es"},{"@type":"Organization","@id":"https:\/\/diariotextual.com\/inicio\/#organization","name":"Diario Textual","url":"https:\/\/diariotextual.com\/inicio\/","logo":{"@type":"ImageObject","inLanguage":"es","@id":"https:\/\/diariotextual.com\/inicio\/#\/schema\/logo\/image\/","url":"https:\/\/diariotextual.com\/inicio\/wp-content\/uploads\/2023\/05\/logotextual1.jpg","contentUrl":"https:\/\/diariotextual.com\/inicio\/wp-content\/uploads\/2023\/05\/logotextual1.jpg","width":516,"height":76,"caption":"Diario Textual"},"image":{"@id":"https:\/\/diariotextual.com\/inicio\/#\/schema\/logo\/image\/"},"sameAs":["https:\/\/www.facebook.com\/eltextual","https:\/\/x.com\/eltextual","http:\/\/www.instagram.com\/eltextual"]},{"@type":"Person","@id":"https:\/\/diariotextual.com\/inicio\/#\/schema\/person\/694f60677f23c4a530867a98f22b3768","name":"diario2","image":{"@type":"ImageObject","inLanguage":"es","@id":"https:\/\/secure.gravatar.com\/avatar\/5a2567495ba16b852fcd8f1ed006a2e24fcace936018ed8237e95f488ad6e0a7?s=96&d=mm&r=g","url":"https:\/\/secure.gravatar.com\/avatar\/5a2567495ba16b852fcd8f1ed006a2e24fcace936018ed8237e95f488ad6e0a7?s=96&d=mm&r=g","contentUrl":"https:\/\/secure.gravatar.com\/avatar\/5a2567495ba16b852fcd8f1ed006a2e24fcace936018ed8237e95f488ad6e0a7?s=96&d=mm&r=g","caption":"diario2"},"url":"https:\/\/diariotextual.com\/inicio\/index.php\/author\/diario2\/"}]}},"_links":{"self":[{"href":"https:\/\/diariotextual.com\/inicio\/index.php\/wp-json\/wp\/v2\/posts\/218094","targetHints":{"allow":["GET"]}}],"collection":[{"href":"https:\/\/diariotextual.com\/inicio\/index.php\/wp-json\/wp\/v2\/posts"}],"about":[{"href":"https:\/\/diariotextual.com\/inicio\/index.php\/wp-json\/wp\/v2\/types\/post"}],"author":[{"embeddable":true,"href":"https:\/\/diariotextual.com\/inicio\/index.php\/wp-json\/wp\/v2\/users\/4"}],"replies":[{"embeddable":true,"href":"https:\/\/diariotextual.com\/inicio\/index.php\/wp-json\/wp\/v2\/comments?post=218094"}],"version-history":[{"count":1,"href":"https:\/\/diariotextual.com\/inicio\/index.php\/wp-json\/wp\/v2\/posts\/218094\/revisions"}],"predecessor-version":[{"id":218095,"href":"https:\/\/diariotextual.com\/inicio\/index.php\/wp-json\/wp\/v2\/posts\/218094\/revisions\/218095"}],"wp:featuredmedia":[{"embeddable":true,"href":"https:\/\/diariotextual.com\/inicio\/index.php\/wp-json\/wp\/v2\/media\/59471"}],"wp:attachment":[{"href":"https:\/\/diariotextual.com\/inicio\/index.php\/wp-json\/wp\/v2\/media?parent=218094"}],"wp:term":[{"taxonomy":"category","embeddable":true,"href":"https:\/\/diariotextual.com\/inicio\/index.php\/wp-json\/wp\/v2\/categories?post=218094"},{"taxonomy":"post_tag","embeddable":true,"href":"https:\/\/diariotextual.com\/inicio\/index.php\/wp-json\/wp\/v2\/tags?post=218094"}],"curies":[{"name":"wp","href":"https:\/\/api.w.org\/{rel}","templated":true}]}}