{"id":218138,"date":"2023-03-07T10:47:54","date_gmt":"2023-03-07T13:47:54","guid":{"rendered":"https:\/\/diariotextual.com\/inicio\/?p=218138"},"modified":"2023-03-07T16:04:15","modified_gmt":"2023-03-07T19:04:15","slug":"paro-por-el-8m-la-cpe-acompana-la-participacion-de-sus-trabajadoras","status":"publish","type":"post","link":"https:\/\/diariotextual.com\/inicio\/index.php\/2023\/03\/07\/paro-por-el-8m-la-cpe-acompana-la-participacion-de-sus-trabajadoras\/","title":{"rendered":"Paro por el 8M: la CPE acompa\u00f1a la participaci\u00f3n de sus trabajadoras"},"content":{"rendered":"\n<p><\/p>\n\n\n\n<p>Con motivo del #8M D\u00eda Internacional de la Mujer, teniendo en cuenta la convocatoria general e internacional al paro del d\u00eda mi\u00e9rcoles 8 de marzo, el Consejo de Administraci\u00f3n de la CPE hizo p\u00fablico su acompa\u00f1amiento a la participaci\u00f3n de las mujeres trabajadoras que libremente decidan adherir a la medida.<\/p>\n\n\n\n<p>Durante este 8M, en Santa Rosa no habr\u00e1 atenci\u00f3n al p\u00fablico de los servicios de Energ\u00eda El\u00e9ctrica y Telecomunicaciones, tanto en la sede central que funciona en el sal\u00f3n de la Usina, sobre avenida 1\u00ba de Mayo, como en el Centro \u201cCarlos Lorenzo\u201d, en Jos\u00e9 Luro y Per\u00fa. S\u00ed habr\u00e1 atenci\u00f3n normal en la sede Toay. Respecto de las enfermer\u00edas, solamente las salas \u201cJuan Palasciano\u201d (1\u00ba de Mayo 834) y \u201cH\u00e9ctor Vendramini\u201d (Roque S\u00e1enz Pe\u00f1a 1.135) trabajar\u00e1n en sus horarios habituales. Los esquemas de guardias de los distintos servicios se mantendr\u00e1n activos.<\/p>\n\n\n\n<p><br>La Mesa Directiva emiti\u00f3 un documento institucional donde indica que, lejos de tratarse de un d\u00eda festivo, el origen del 8M \u201cse enmarca en un contexto hist\u00f3rico e ideol\u00f3gico determinado por profundas desigualdades de g\u00e9nero. En cuanto a femicidios, la violencia m\u00e1s extrema perpetrada en mujeres, las estad\u00edsticas muestran que no hay cambios significativos en las cifras de mujeres asesinadas, ni en sus formas, ni en qui\u00e9n las asesina, desde los poderes del Estado faltan tomar medidas que sean efectivas con perspectiva interseccional. Como sociedad hemos naturalizado encontrarnos cada d\u00eda con la noticia de un femicidio m\u00e1s. Cada 32 horas una mujer es asesinada en nuestro pa\u00eds. Se necesitan reformas contundentes en la justicia, en las pol\u00edticas p\u00fablicas, en los medios de comunicaci\u00f3n, y en la educaci\u00f3n formal y no formal\u201d.<\/p>\n\n\n\n<p>Agrega que la CPE \u201cest\u00e1 comprometida con la igualdad y equidad de g\u00e9nero y trabaja para promover acciones positivas en pos de lograr ese objetivo en la organizaci\u00f3n. Reivindicamos la lucha de las mujeres y diversidades por vivir en un mundo m\u00e1s justo. Entendemos que la acci\u00f3n de un paro implica una medida extrema para cualquier organizaci\u00f3n pero tambi\u00e9n, porque es extrema la violencia que vivimos las mujeres y diversidades a\u00fan en el siglo XXI, resulta necesario que una instituci\u00f3n como la CPE acompa\u00f1e la lucha facilitando la participaci\u00f3n en lo que creemos es construcci\u00f3n de ciudadan\u00eda\u201d.<\/p>\n\n\n\n<p>Finalmente Mesa Directiva invita \u201ca las personas que hacen y hacemos esta organizaci\u00f3n a reflexionar sobre los propios actos que generan desigualdad de g\u00e9nero, concientizar y construir entornos libres de violencias, especialmente en el \u00e1mbito de trabajo el cual nos convoca\u201d.<\/p>\n","protected":false},"excerpt":{"rendered":"<p>Con motivo del #8M D\u00eda Internacional de la Mujer, teniendo en cuenta la convocatoria general e internacional al paro del d\u00eda mi\u00e9rcoles 8 de marzo, el Consejo de Administraci\u00f3n de&hellip;<\/p>\n","protected":false},"author":3,"featured_media":218141,"comment_status":"closed","ping_status":"open","sticky":false,"template":"","format":"standard","meta":{"_acf_changed":false,"footnotes":""},"categories":[1,12],"tags":[],"class_list":["post-218138","post","type-post","status-publish","format-standard","has-post-thumbnail","hentry","category-es-noticia","category-sociedad"],"acf":[],"yoast_head":"<!-- This site is optimized with the Yoast SEO plugin v27.5 - https:\/\/yoast.com\/product\/yoast-seo-wordpress\/ -->\n<title>Paro por el 8M: la CPE acompa\u00f1a la participaci\u00f3n de sus trabajadoras - Diario Textual<\/title>\n<meta name=\"robots\" content=\"index, follow, max-snippet:-1, max-image-preview:large, max-video-preview:-1\" \/>\n<link rel=\"canonical\" href=\"https:\/\/diariotextual.com\/inicio\/index.php\/2023\/03\/07\/paro-por-el-8m-la-cpe-acompana-la-participacion-de-sus-trabajadoras\/\" \/>\n<meta property=\"og:locale\" content=\"es_ES\" \/>\n<meta property=\"og:type\" content=\"article\" \/>\n<meta property=\"og:title\" content=\"Paro por el 8M: la CPE acompa\u00f1a la participaci\u00f3n de sus trabajadoras - Diario Textual\" \/>\n<meta property=\"og:description\" content=\"Con motivo del #8M D\u00eda Internacional de la Mujer, teniendo en cuenta la convocatoria general e internacional al paro del d\u00eda mi\u00e9rcoles 8 de marzo, el Consejo de Administraci\u00f3n de&hellip;\" \/>\n<meta property=\"og:url\" content=\"https:\/\/diariotextual.com\/inicio\/index.php\/2023\/03\/07\/paro-por-el-8m-la-cpe-acompana-la-participacion-de-sus-trabajadoras\/\" \/>\n<meta property=\"og:site_name\" content=\"Diario Textual\" \/>\n<meta property=\"article:publisher\" content=\"https:\/\/www.facebook.com\/eltextual\" \/>\n<meta property=\"article:published_time\" content=\"2023-03-07T13:47:54+00:00\" \/>\n<meta property=\"article:modified_time\" content=\"2023-03-07T19:04:15+00:00\" \/>\n<meta property=\"og:image\" content=\"https:\/\/diariotextual.com\/inicio\/wp-content\/uploads\/2023\/03\/8mvivasnosqueremostelam00012.png\" \/>\n\t<meta property=\"og:image:width\" content=\"960\" \/>\n\t<meta property=\"og:image:height\" content=\"640\" \/>\n\t<meta property=\"og:image:type\" content=\"image\/png\" \/>\n<meta name=\"author\" content=\"Diario1 Diario1\" \/>\n<meta name=\"twitter:card\" content=\"summary_large_image\" \/>\n<meta name=\"twitter:creator\" content=\"@eltextual\" \/>\n<meta name=\"twitter:site\" content=\"@eltextual\" \/>\n<meta name=\"twitter:label1\" content=\"Escrito por\" \/>\n\t<meta name=\"twitter:data1\" content=\"Diario1 Diario1\" \/>\n\t<meta name=\"twitter:label2\" content=\"Tiempo de lectura\" \/>\n\t<meta name=\"twitter:data2\" content=\"2 minutos\" \/>\n<script type=\"application\/ld+json\" class=\"yoast-schema-graph\">{\"@context\":\"https:\\\/\\\/schema.org\",\"@graph\":[{\"@type\":\"Article\",\"@id\":\"https:\\\/\\\/diariotextual.com\\\/inicio\\\/index.php\\\/2023\\\/03\\\/07\\\/paro-por-el-8m-la-cpe-acompana-la-participacion-de-sus-trabajadoras\\\/#article\",\"isPartOf\":{\"@id\":\"https:\\\/\\\/diariotextual.com\\\/inicio\\\/index.php\\\/2023\\\/03\\\/07\\\/paro-por-el-8m-la-cpe-acompana-la-participacion-de-sus-trabajadoras\\\/\"},\"author\":{\"name\":\"Diario1 Diario1\",\"@id\":\"https:\\\/\\\/diariotextual.com\\\/inicio\\\/#\\\/schema\\\/person\\\/418fc4093c33e86ed41562db3508f958\"},\"headline\":\"Paro por el 8M: la CPE acompa\u00f1a la participaci\u00f3n de sus trabajadoras\",\"datePublished\":\"2023-03-07T13:47:54+00:00\",\"dateModified\":\"2023-03-07T19:04:15+00:00\",\"mainEntityOfPage\":{\"@id\":\"https:\\\/\\\/diariotextual.com\\\/inicio\\\/index.php\\\/2023\\\/03\\\/07\\\/paro-por-el-8m-la-cpe-acompana-la-participacion-de-sus-trabajadoras\\\/\"},\"wordCount\":466,\"publisher\":{\"@id\":\"https:\\\/\\\/diariotextual.com\\\/inicio\\\/#organization\"},\"image\":{\"@id\":\"https:\\\/\\\/diariotextual.com\\\/inicio\\\/index.php\\\/2023\\\/03\\\/07\\\/paro-por-el-8m-la-cpe-acompana-la-participacion-de-sus-trabajadoras\\\/#primaryimage\"},\"thumbnailUrl\":\"https:\\\/\\\/diariotextual.com\\\/inicio\\\/wp-content\\\/uploads\\\/2023\\\/03\\\/8mvivasnosqueremostelam00012.png\",\"articleSection\":[\"A - ES NOTICIA (van abajo)\",\"SOCIEDAD\"],\"inLanguage\":\"es\"},{\"@type\":\"WebPage\",\"@id\":\"https:\\\/\\\/diariotextual.com\\\/inicio\\\/index.php\\\/2023\\\/03\\\/07\\\/paro-por-el-8m-la-cpe-acompana-la-participacion-de-sus-trabajadoras\\\/\",\"url\":\"https:\\\/\\\/diariotextual.com\\\/inicio\\\/index.php\\\/2023\\\/03\\\/07\\\/paro-por-el-8m-la-cpe-acompana-la-participacion-de-sus-trabajadoras\\\/\",\"name\":\"Paro por el 8M: la CPE acompa\u00f1a la participaci\u00f3n de sus trabajadoras - Diario Textual\",\"isPartOf\":{\"@id\":\"https:\\\/\\\/diariotextual.com\\\/inicio\\\/#website\"},\"primaryImageOfPage\":{\"@id\":\"https:\\\/\\\/diariotextual.com\\\/inicio\\\/index.php\\\/2023\\\/03\\\/07\\\/paro-por-el-8m-la-cpe-acompana-la-participacion-de-sus-trabajadoras\\\/#primaryimage\"},\"image\":{\"@id\":\"https:\\\/\\\/diariotextual.com\\\/inicio\\\/index.php\\\/2023\\\/03\\\/07\\\/paro-por-el-8m-la-cpe-acompana-la-participacion-de-sus-trabajadoras\\\/#primaryimage\"},\"thumbnailUrl\":\"https:\\\/\\\/diariotextual.com\\\/inicio\\\/wp-content\\\/uploads\\\/2023\\\/03\\\/8mvivasnosqueremostelam00012.png\",\"datePublished\":\"2023-03-07T13:47:54+00:00\",\"dateModified\":\"2023-03-07T19:04:15+00:00\",\"breadcrumb\":{\"@id\":\"https:\\\/\\\/diariotextual.com\\\/inicio\\\/index.php\\\/2023\\\/03\\\/07\\\/paro-por-el-8m-la-cpe-acompana-la-participacion-de-sus-trabajadoras\\\/#breadcrumb\"},\"inLanguage\":\"es\",\"potentialAction\":[{\"@type\":\"ReadAction\",\"target\":[\"https:\\\/\\\/diariotextual.com\\\/inicio\\\/index.php\\\/2023\\\/03\\\/07\\\/paro-por-el-8m-la-cpe-acompana-la-participacion-de-sus-trabajadoras\\\/\"]}]},{\"@type\":\"ImageObject\",\"inLanguage\":\"es\",\"@id\":\"https:\\\/\\\/diariotextual.com\\\/inicio\\\/index.php\\\/2023\\\/03\\\/07\\\/paro-por-el-8m-la-cpe-acompana-la-participacion-de-sus-trabajadoras\\\/#primaryimage\",\"url\":\"https:\\\/\\\/diariotextual.com\\\/inicio\\\/wp-content\\\/uploads\\\/2023\\\/03\\\/8mvivasnosqueremostelam00012.png\",\"contentUrl\":\"https:\\\/\\\/diariotextual.com\\\/inicio\\\/wp-content\\\/uploads\\\/2023\\\/03\\\/8mvivasnosqueremostelam00012.png\",\"width\":960,\"height\":640},{\"@type\":\"BreadcrumbList\",\"@id\":\"https:\\\/\\\/diariotextual.com\\\/inicio\\\/index.php\\\/2023\\\/03\\\/07\\\/paro-por-el-8m-la-cpe-acompana-la-participacion-de-sus-trabajadoras\\\/#breadcrumb\",\"itemListElement\":[{\"@type\":\"ListItem\",\"position\":1,\"name\":\"Portada\",\"item\":\"https:\\\/\\\/diariotextual.com\\\/inicio\\\/\"},{\"@type\":\"ListItem\",\"position\":2,\"name\":\"Paro por el 8M: la CPE acompa\u00f1a la participaci\u00f3n de sus trabajadoras\"}]},{\"@type\":\"WebSite\",\"@id\":\"https:\\\/\\\/diariotextual.com\\\/inicio\\\/#website\",\"url\":\"https:\\\/\\\/diariotextual.com\\\/inicio\\\/\",\"name\":\"Diario Textual\",\"description\":\"\",\"publisher\":{\"@id\":\"https:\\\/\\\/diariotextual.com\\\/inicio\\\/#organization\"},\"potentialAction\":[{\"@type\":\"SearchAction\",\"target\":{\"@type\":\"EntryPoint\",\"urlTemplate\":\"https:\\\/\\\/diariotextual.com\\\/inicio\\\/?s={search_term_string}\"},\"query-input\":{\"@type\":\"PropertyValueSpecification\",\"valueRequired\":true,\"valueName\":\"search_term_string\"}}],\"inLanguage\":\"es\"},{\"@type\":\"Organization\",\"@id\":\"https:\\\/\\\/diariotextual.com\\\/inicio\\\/#organization\",\"name\":\"Diario Textual\",\"url\":\"https:\\\/\\\/diariotextual.com\\\/inicio\\\/\",\"logo\":{\"@type\":\"ImageObject\",\"inLanguage\":\"es\",\"@id\":\"https:\\\/\\\/diariotextual.com\\\/inicio\\\/#\\\/schema\\\/logo\\\/image\\\/\",\"url\":\"https:\\\/\\\/diariotextual.com\\\/inicio\\\/wp-content\\\/uploads\\\/2023\\\/05\\\/logotextual1.jpg\",\"contentUrl\":\"https:\\\/\\\/diariotextual.com\\\/inicio\\\/wp-content\\\/uploads\\\/2023\\\/05\\\/logotextual1.jpg\",\"width\":516,\"height\":76,\"caption\":\"Diario Textual\"},\"image\":{\"@id\":\"https:\\\/\\\/diariotextual.com\\\/inicio\\\/#\\\/schema\\\/logo\\\/image\\\/\"},\"sameAs\":[\"https:\\\/\\\/www.facebook.com\\\/eltextual\",\"https:\\\/\\\/x.com\\\/eltextual\",\"http:\\\/\\\/www.instagram.com\\\/eltextual\"]},{\"@type\":\"Person\",\"@id\":\"https:\\\/\\\/diariotextual.com\\\/inicio\\\/#\\\/schema\\\/person\\\/418fc4093c33e86ed41562db3508f958\",\"name\":\"Diario1 Diario1\",\"image\":{\"@type\":\"ImageObject\",\"inLanguage\":\"es\",\"@id\":\"https:\\\/\\\/secure.gravatar.com\\\/avatar\\\/9167d280179c85bc18be67aa7eda765854300033af4896dd779b608640f2ef7a?s=96&d=mm&r=g\",\"url\":\"https:\\\/\\\/secure.gravatar.com\\\/avatar\\\/9167d280179c85bc18be67aa7eda765854300033af4896dd779b608640f2ef7a?s=96&d=mm&r=g\",\"contentUrl\":\"https:\\\/\\\/secure.gravatar.com\\\/avatar\\\/9167d280179c85bc18be67aa7eda765854300033af4896dd779b608640f2ef7a?s=96&d=mm&r=g\",\"caption\":\"Diario1 Diario1\"},\"url\":\"https:\\\/\\\/diariotextual.com\\\/inicio\\\/index.php\\\/author\\\/diario1\\\/\"}]}<\/script>\n<!-- \/ Yoast SEO plugin. -->","yoast_head_json":{"title":"Paro por el 8M: la CPE acompa\u00f1a la participaci\u00f3n de sus trabajadoras - Diario Textual","robots":{"index":"index","follow":"follow","max-snippet":"max-snippet:-1","max-image-preview":"max-image-preview:large","max-video-preview":"max-video-preview:-1"},"canonical":"https:\/\/diariotextual.com\/inicio\/index.php\/2023\/03\/07\/paro-por-el-8m-la-cpe-acompana-la-participacion-de-sus-trabajadoras\/","og_locale":"es_ES","og_type":"article","og_title":"Paro por el 8M: la CPE acompa\u00f1a la participaci\u00f3n de sus trabajadoras - Diario Textual","og_description":"Con motivo del #8M D\u00eda Internacional de la Mujer, teniendo en cuenta la convocatoria general e internacional al paro del d\u00eda mi\u00e9rcoles 8 de marzo, el Consejo de Administraci\u00f3n de&hellip;","og_url":"https:\/\/diariotextual.com\/inicio\/index.php\/2023\/03\/07\/paro-por-el-8m-la-cpe-acompana-la-participacion-de-sus-trabajadoras\/","og_site_name":"Diario Textual","article_publisher":"https:\/\/www.facebook.com\/eltextual","article_published_time":"2023-03-07T13:47:54+00:00","article_modified_time":"2023-03-07T19:04:15+00:00","og_image":[{"width":960,"height":640,"url":"https:\/\/diariotextual.com\/inicio\/wp-content\/uploads\/2023\/03\/8mvivasnosqueremostelam00012.png","type":"image\/png"}],"author":"Diario1 Diario1","twitter_card":"summary_large_image","twitter_creator":"@eltextual","twitter_site":"@eltextual","twitter_misc":{"Escrito por":"Diario1 Diario1","Tiempo de lectura":"2 minutos"},"schema":{"@context":"https:\/\/schema.org","@graph":[{"@type":"Article","@id":"https:\/\/diariotextual.com\/inicio\/index.php\/2023\/03\/07\/paro-por-el-8m-la-cpe-acompana-la-participacion-de-sus-trabajadoras\/#article","isPartOf":{"@id":"https:\/\/diariotextual.com\/inicio\/index.php\/2023\/03\/07\/paro-por-el-8m-la-cpe-acompana-la-participacion-de-sus-trabajadoras\/"},"author":{"name":"Diario1 Diario1","@id":"https:\/\/diariotextual.com\/inicio\/#\/schema\/person\/418fc4093c33e86ed41562db3508f958"},"headline":"Paro por el 8M: la CPE acompa\u00f1a la participaci\u00f3n de sus trabajadoras","datePublished":"2023-03-07T13:47:54+00:00","dateModified":"2023-03-07T19:04:15+00:00","mainEntityOfPage":{"@id":"https:\/\/diariotextual.com\/inicio\/index.php\/2023\/03\/07\/paro-por-el-8m-la-cpe-acompana-la-participacion-de-sus-trabajadoras\/"},"wordCount":466,"publisher":{"@id":"https:\/\/diariotextual.com\/inicio\/#organization"},"image":{"@id":"https:\/\/diariotextual.com\/inicio\/index.php\/2023\/03\/07\/paro-por-el-8m-la-cpe-acompana-la-participacion-de-sus-trabajadoras\/#primaryimage"},"thumbnailUrl":"https:\/\/diariotextual.com\/inicio\/wp-content\/uploads\/2023\/03\/8mvivasnosqueremostelam00012.png","articleSection":["A - ES NOTICIA (van abajo)","SOCIEDAD"],"inLanguage":"es"},{"@type":"WebPage","@id":"https:\/\/diariotextual.com\/inicio\/index.php\/2023\/03\/07\/paro-por-el-8m-la-cpe-acompana-la-participacion-de-sus-trabajadoras\/","url":"https:\/\/diariotextual.com\/inicio\/index.php\/2023\/03\/07\/paro-por-el-8m-la-cpe-acompana-la-participacion-de-sus-trabajadoras\/","name":"Paro por el 8M: la CPE acompa\u00f1a la participaci\u00f3n de sus trabajadoras - Diario Textual","isPartOf":{"@id":"https:\/\/diariotextual.com\/inicio\/#website"},"primaryImageOfPage":{"@id":"https:\/\/diariotextual.com\/inicio\/index.php\/2023\/03\/07\/paro-por-el-8m-la-cpe-acompana-la-participacion-de-sus-trabajadoras\/#primaryimage"},"image":{"@id":"https:\/\/diariotextual.com\/inicio\/index.php\/2023\/03\/07\/paro-por-el-8m-la-cpe-acompana-la-participacion-de-sus-trabajadoras\/#primaryimage"},"thumbnailUrl":"https:\/\/diariotextual.com\/inicio\/wp-content\/uploads\/2023\/03\/8mvivasnosqueremostelam00012.png","datePublished":"2023-03-07T13:47:54+00:00","dateModified":"2023-03-07T19:04:15+00:00","breadcrumb":{"@id":"https:\/\/diariotextual.com\/inicio\/index.php\/2023\/03\/07\/paro-por-el-8m-la-cpe-acompana-la-participacion-de-sus-trabajadoras\/#breadcrumb"},"inLanguage":"es","potentialAction":[{"@type":"ReadAction","target":["https:\/\/diariotextual.com\/inicio\/index.php\/2023\/03\/07\/paro-por-el-8m-la-cpe-acompana-la-participacion-de-sus-trabajadoras\/"]}]},{"@type":"ImageObject","inLanguage":"es","@id":"https:\/\/diariotextual.com\/inicio\/index.php\/2023\/03\/07\/paro-por-el-8m-la-cpe-acompana-la-participacion-de-sus-trabajadoras\/#primaryimage","url":"https:\/\/diariotextual.com\/inicio\/wp-content\/uploads\/2023\/03\/8mvivasnosqueremostelam00012.png","contentUrl":"https:\/\/diariotextual.com\/inicio\/wp-content\/uploads\/2023\/03\/8mvivasnosqueremostelam00012.png","width":960,"height":640},{"@type":"BreadcrumbList","@id":"https:\/\/diariotextual.com\/inicio\/index.php\/2023\/03\/07\/paro-por-el-8m-la-cpe-acompana-la-participacion-de-sus-trabajadoras\/#breadcrumb","itemListElement":[{"@type":"ListItem","position":1,"name":"Portada","item":"https:\/\/diariotextual.com\/inicio\/"},{"@type":"ListItem","position":2,"name":"Paro por el 8M: la CPE acompa\u00f1a la participaci\u00f3n de sus trabajadoras"}]},{"@type":"WebSite","@id":"https:\/\/diariotextual.com\/inicio\/#website","url":"https:\/\/diariotextual.com\/inicio\/","name":"Diario Textual","description":"","publisher":{"@id":"https:\/\/diariotextual.com\/inicio\/#organization"},"potentialAction":[{"@type":"SearchAction","target":{"@type":"EntryPoint","urlTemplate":"https:\/\/diariotextual.com\/inicio\/?s={search_term_string}"},"query-input":{"@type":"PropertyValueSpecification","valueRequired":true,"valueName":"search_term_string"}}],"inLanguage":"es"},{"@type":"Organization","@id":"https:\/\/diariotextual.com\/inicio\/#organization","name":"Diario Textual","url":"https:\/\/diariotextual.com\/inicio\/","logo":{"@type":"ImageObject","inLanguage":"es","@id":"https:\/\/diariotextual.com\/inicio\/#\/schema\/logo\/image\/","url":"https:\/\/diariotextual.com\/inicio\/wp-content\/uploads\/2023\/05\/logotextual1.jpg","contentUrl":"https:\/\/diariotextual.com\/inicio\/wp-content\/uploads\/2023\/05\/logotextual1.jpg","width":516,"height":76,"caption":"Diario Textual"},"image":{"@id":"https:\/\/diariotextual.com\/inicio\/#\/schema\/logo\/image\/"},"sameAs":["https:\/\/www.facebook.com\/eltextual","https:\/\/x.com\/eltextual","http:\/\/www.instagram.com\/eltextual"]},{"@type":"Person","@id":"https:\/\/diariotextual.com\/inicio\/#\/schema\/person\/418fc4093c33e86ed41562db3508f958","name":"Diario1 Diario1","image":{"@type":"ImageObject","inLanguage":"es","@id":"https:\/\/secure.gravatar.com\/avatar\/9167d280179c85bc18be67aa7eda765854300033af4896dd779b608640f2ef7a?s=96&d=mm&r=g","url":"https:\/\/secure.gravatar.com\/avatar\/9167d280179c85bc18be67aa7eda765854300033af4896dd779b608640f2ef7a?s=96&d=mm&r=g","contentUrl":"https:\/\/secure.gravatar.com\/avatar\/9167d280179c85bc18be67aa7eda765854300033af4896dd779b608640f2ef7a?s=96&d=mm&r=g","caption":"Diario1 Diario1"},"url":"https:\/\/diariotextual.com\/inicio\/index.php\/author\/diario1\/"}]}},"_links":{"self":[{"href":"https:\/\/diariotextual.com\/inicio\/index.php\/wp-json\/wp\/v2\/posts\/218138","targetHints":{"allow":["GET"]}}],"collection":[{"href":"https:\/\/diariotextual.com\/inicio\/index.php\/wp-json\/wp\/v2\/posts"}],"about":[{"href":"https:\/\/diariotextual.com\/inicio\/index.php\/wp-json\/wp\/v2\/types\/post"}],"author":[{"embeddable":true,"href":"https:\/\/diariotextual.com\/inicio\/index.php\/wp-json\/wp\/v2\/users\/3"}],"replies":[{"embeddable":true,"href":"https:\/\/diariotextual.com\/inicio\/index.php\/wp-json\/wp\/v2\/comments?post=218138"}],"version-history":[{"count":2,"href":"https:\/\/diariotextual.com\/inicio\/index.php\/wp-json\/wp\/v2\/posts\/218138\/revisions"}],"predecessor-version":[{"id":218140,"href":"https:\/\/diariotextual.com\/inicio\/index.php\/wp-json\/wp\/v2\/posts\/218138\/revisions\/218140"}],"wp:featuredmedia":[{"embeddable":true,"href":"https:\/\/diariotextual.com\/inicio\/index.php\/wp-json\/wp\/v2\/media\/218141"}],"wp:attachment":[{"href":"https:\/\/diariotextual.com\/inicio\/index.php\/wp-json\/wp\/v2\/media?parent=218138"}],"wp:term":[{"taxonomy":"category","embeddable":true,"href":"https:\/\/diariotextual.com\/inicio\/index.php\/wp-json\/wp\/v2\/categories?post=218138"},{"taxonomy":"post_tag","embeddable":true,"href":"https:\/\/diariotextual.com\/inicio\/index.php\/wp-json\/wp\/v2\/tags?post=218138"}],"curies":[{"name":"wp","href":"https:\/\/api.w.org\/{rel}","templated":true}]}}