{"id":218202,"date":"2023-03-08T07:23:45","date_gmt":"2023-03-08T10:23:45","guid":{"rendered":"https:\/\/diariotextual.com\/inicio\/?p=218202"},"modified":"2023-03-08T07:23:47","modified_gmt":"2023-03-08T10:23:47","slug":"river-inicia-su-camino-en-la-copa-argentina-ante-racing-de-cordoba-en-santiago-del-estero","status":"publish","type":"post","link":"https:\/\/diariotextual.com\/inicio\/index.php\/2023\/03\/08\/river-inicia-su-camino-en-la-copa-argentina-ante-racing-de-cordoba-en-santiago-del-estero\/","title":{"rendered":"River inicia su camino en la Copa Argentina ante Racing de C\u00f3rdoba en Santiago del Estero"},"content":{"rendered":"\n<p>River Plate, que busca su mejor versi\u00f3n bajo la conducci\u00f3n de Mart\u00edn Demichelis, enfrentar\u00e1 hoy a Racing de C\u00f3rdoba, de la Primera Nacional, en un encuentro v\u00e1lido por los 32avos de final de la Copa Argentina.<\/p>\n\n\n\n<p>El partido, que se jugar\u00e1 con hinchas de los dos clubes, comenzar\u00e1 a las 21.10 en el estadio \u00danico Madre de Ciudades, de Santiago del Estero, ser\u00e1 arbitrado por Sebasti\u00e1n Zunino y televisado por la se\u00f1al de cable TyC Sports.<\/p>\n\n\n\n<p>El Millonario\u00bb viene de vencer a Lan\u00fas (2-0) como visitante por la sexta fecha de la Liga Profesional de F\u00fatbol, certamen en el que se ubica en la sexta posici\u00f3n con 12 unidades, a uno de los punteros Defensa y Justicia y San Lorenzo (ambos con 13 puntos).<\/p>\n\n\n\n<p>River Plate comenzar\u00e1 su camino para intentar conseguir su cuarta Copa Argentina tras haberse coronado campe\u00f3n en las ediciones de 2015-2016, 2017 y 2019.<\/p>\n\n\n\n<p>Racing de C\u00f3rdoba, en tanto, se ubica en la octava posici\u00f3n de la Zona B de la Primera Nacional con ocho unidades, y en la \u00faltima jornada se impuso sobre Deportivo Madryn (3-1).<\/p>\n\n\n\n<p>El ganador de la eliminatoria enfrentar\u00e1 en 16avos. de final al vencedor del cruce entre Talleres de C\u00f3rdoba y Chacarita Juniors.<\/p>\n\n\n\n<p>El historial entre River y el Racing de Nueva Italia es de 16 partidos y favorece a los de N\u00fa\u00f1ez con 10 triunfos contra 4 de los cordobeses, m\u00e1s 2 empates, siendo la \u00faltima vez que se enfrentaron hace 33 a\u00f1os, en 1990.<\/p>\n\n\n\n<p>Probables formaciones<\/p>\n\n\n\n<p>River Plate: Franco Armani o Ezequiel Centuri\u00f3n; Robert Rojas, Jonatan Maidana, Paulo D\u00edaz y El\u00edas G\u00f3mez; Jos\u00e9 Paradela, Rodrigo Aliendro, Nicol\u00e1s De la Cruz o Agust\u00edn Palavecino y Santiago Sim\u00f3n; Lucas Beltr\u00e1n y Miguel Borja. DT: Martin Demichelis.<\/p>\n\n\n\n<p>Racing de C\u00f3roba: Leonardo Rodr\u00edguez; Jorge Scolari, Francisco Matt\u00eda, Marcio G\u00f3mez y Gianfranco Ferrero; Augusto Berrondo, Emmanuel Gim\u00e9nez, Axel Oyola y Leandro Fern\u00e1ndez; Franco Coronel y Alan Murialdo. DT: Carlos Bossio.<\/p>\n\n\n\n<p>\u00c1rbitro: Sebasti\u00e1n Zunino.<\/p>\n\n\n\n<p>Estadio: Ciudad de Madres (Santiago del Estero).<\/p>\n\n\n\n<p>Hora de inicio: 21.10<\/p>\n\n\n\n<p>TV: TyC Sports.<\/p>\n","protected":false},"excerpt":{"rendered":"<p>River Plate, que busca su mejor versi\u00f3n bajo la conducci\u00f3n de Mart\u00edn Demichelis, enfrentar\u00e1 hoy a Racing de C\u00f3rdoba, de la Primera Nacional, en un encuentro v\u00e1lido por los 32avos&hellip;<\/p>\n","protected":false},"author":4,"featured_media":216815,"comment_status":"closed","ping_status":"open","sticky":false,"template":"","format":"standard","meta":{"_acf_changed":false,"footnotes":""},"categories":[1,3],"tags":[],"class_list":["post-218202","post","type-post","status-publish","format-standard","has-post-thumbnail","hentry","category-es-noticia","category-deportes"],"acf":[],"yoast_head":"<!-- This site is optimized with the Yoast SEO plugin v27.5 - https:\/\/yoast.com\/product\/yoast-seo-wordpress\/ -->\n<title>River inicia su camino en la Copa Argentina ante Racing de C\u00f3rdoba en Santiago del Estero - Diario Textual<\/title>\n<meta name=\"robots\" content=\"index, follow, max-snippet:-1, max-image-preview:large, max-video-preview:-1\" \/>\n<link rel=\"canonical\" href=\"https:\/\/diariotextual.com\/inicio\/index.php\/2023\/03\/08\/river-inicia-su-camino-en-la-copa-argentina-ante-racing-de-cordoba-en-santiago-del-estero\/\" \/>\n<meta property=\"og:locale\" content=\"es_ES\" \/>\n<meta property=\"og:type\" content=\"article\" \/>\n<meta property=\"og:title\" content=\"River inicia su camino en la Copa Argentina ante Racing de C\u00f3rdoba en Santiago del Estero - Diario Textual\" \/>\n<meta property=\"og:description\" content=\"River Plate, que busca su mejor versi\u00f3n bajo la conducci\u00f3n de Mart\u00edn Demichelis, enfrentar\u00e1 hoy a Racing de C\u00f3rdoba, de la Primera Nacional, en un encuentro v\u00e1lido por los 32avos&hellip;\" \/>\n<meta property=\"og:url\" content=\"https:\/\/diariotextual.com\/inicio\/index.php\/2023\/03\/08\/river-inicia-su-camino-en-la-copa-argentina-ante-racing-de-cordoba-en-santiago-del-estero\/\" \/>\n<meta property=\"og:site_name\" content=\"Diario Textual\" \/>\n<meta property=\"article:publisher\" content=\"https:\/\/www.facebook.com\/eltextual\" \/>\n<meta property=\"article:published_time\" content=\"2023-03-08T10:23:45+00:00\" \/>\n<meta property=\"article:modified_time\" content=\"2023-03-08T10:23:47+00:00\" \/>\n<meta property=\"og:image\" content=\"https:\/\/diariotextual.com\/inicio\/wp-content\/uploads\/2023\/02\/riverbanfieldsimon.jpg\" \/>\n\t<meta property=\"og:image:width\" content=\"848\" \/>\n\t<meta property=\"og:image:height\" content=\"492\" \/>\n\t<meta property=\"og:image:type\" content=\"image\/jpeg\" \/>\n<meta name=\"author\" content=\"diario2\" \/>\n<meta name=\"twitter:card\" content=\"summary_large_image\" \/>\n<meta name=\"twitter:creator\" content=\"@eltextual\" \/>\n<meta name=\"twitter:site\" content=\"@eltextual\" \/>\n<meta name=\"twitter:label1\" content=\"Escrito por\" \/>\n\t<meta name=\"twitter:data1\" content=\"diario2\" \/>\n\t<meta name=\"twitter:label2\" content=\"Tiempo de lectura\" \/>\n\t<meta name=\"twitter:data2\" content=\"2 minutos\" \/>\n<script type=\"application\/ld+json\" class=\"yoast-schema-graph\">{\"@context\":\"https:\\\/\\\/schema.org\",\"@graph\":[{\"@type\":\"Article\",\"@id\":\"https:\\\/\\\/diariotextual.com\\\/inicio\\\/index.php\\\/2023\\\/03\\\/08\\\/river-inicia-su-camino-en-la-copa-argentina-ante-racing-de-cordoba-en-santiago-del-estero\\\/#article\",\"isPartOf\":{\"@id\":\"https:\\\/\\\/diariotextual.com\\\/inicio\\\/index.php\\\/2023\\\/03\\\/08\\\/river-inicia-su-camino-en-la-copa-argentina-ante-racing-de-cordoba-en-santiago-del-estero\\\/\"},\"author\":{\"name\":\"diario2\",\"@id\":\"https:\\\/\\\/diariotextual.com\\\/inicio\\\/#\\\/schema\\\/person\\\/694f60677f23c4a530867a98f22b3768\"},\"headline\":\"River inicia su camino en la Copa Argentina ante Racing de C\u00f3rdoba en Santiago del Estero\",\"datePublished\":\"2023-03-08T10:23:45+00:00\",\"dateModified\":\"2023-03-08T10:23:47+00:00\",\"mainEntityOfPage\":{\"@id\":\"https:\\\/\\\/diariotextual.com\\\/inicio\\\/index.php\\\/2023\\\/03\\\/08\\\/river-inicia-su-camino-en-la-copa-argentina-ante-racing-de-cordoba-en-santiago-del-estero\\\/\"},\"wordCount\":370,\"publisher\":{\"@id\":\"https:\\\/\\\/diariotextual.com\\\/inicio\\\/#organization\"},\"image\":{\"@id\":\"https:\\\/\\\/diariotextual.com\\\/inicio\\\/index.php\\\/2023\\\/03\\\/08\\\/river-inicia-su-camino-en-la-copa-argentina-ante-racing-de-cordoba-en-santiago-del-estero\\\/#primaryimage\"},\"thumbnailUrl\":\"https:\\\/\\\/diariotextual.com\\\/inicio\\\/wp-content\\\/uploads\\\/2023\\\/02\\\/riverbanfieldsimon.jpg\",\"articleSection\":[\"A - ES NOTICIA (van abajo)\",\"DEPORTES\"],\"inLanguage\":\"es\"},{\"@type\":\"WebPage\",\"@id\":\"https:\\\/\\\/diariotextual.com\\\/inicio\\\/index.php\\\/2023\\\/03\\\/08\\\/river-inicia-su-camino-en-la-copa-argentina-ante-racing-de-cordoba-en-santiago-del-estero\\\/\",\"url\":\"https:\\\/\\\/diariotextual.com\\\/inicio\\\/index.php\\\/2023\\\/03\\\/08\\\/river-inicia-su-camino-en-la-copa-argentina-ante-racing-de-cordoba-en-santiago-del-estero\\\/\",\"name\":\"River inicia su camino en la Copa Argentina ante Racing de C\u00f3rdoba en Santiago del Estero - Diario Textual\",\"isPartOf\":{\"@id\":\"https:\\\/\\\/diariotextual.com\\\/inicio\\\/#website\"},\"primaryImageOfPage\":{\"@id\":\"https:\\\/\\\/diariotextual.com\\\/inicio\\\/index.php\\\/2023\\\/03\\\/08\\\/river-inicia-su-camino-en-la-copa-argentina-ante-racing-de-cordoba-en-santiago-del-estero\\\/#primaryimage\"},\"image\":{\"@id\":\"https:\\\/\\\/diariotextual.com\\\/inicio\\\/index.php\\\/2023\\\/03\\\/08\\\/river-inicia-su-camino-en-la-copa-argentina-ante-racing-de-cordoba-en-santiago-del-estero\\\/#primaryimage\"},\"thumbnailUrl\":\"https:\\\/\\\/diariotextual.com\\\/inicio\\\/wp-content\\\/uploads\\\/2023\\\/02\\\/riverbanfieldsimon.jpg\",\"datePublished\":\"2023-03-08T10:23:45+00:00\",\"dateModified\":\"2023-03-08T10:23:47+00:00\",\"breadcrumb\":{\"@id\":\"https:\\\/\\\/diariotextual.com\\\/inicio\\\/index.php\\\/2023\\\/03\\\/08\\\/river-inicia-su-camino-en-la-copa-argentina-ante-racing-de-cordoba-en-santiago-del-estero\\\/#breadcrumb\"},\"inLanguage\":\"es\",\"potentialAction\":[{\"@type\":\"ReadAction\",\"target\":[\"https:\\\/\\\/diariotextual.com\\\/inicio\\\/index.php\\\/2023\\\/03\\\/08\\\/river-inicia-su-camino-en-la-copa-argentina-ante-racing-de-cordoba-en-santiago-del-estero\\\/\"]}]},{\"@type\":\"ImageObject\",\"inLanguage\":\"es\",\"@id\":\"https:\\\/\\\/diariotextual.com\\\/inicio\\\/index.php\\\/2023\\\/03\\\/08\\\/river-inicia-su-camino-en-la-copa-argentina-ante-racing-de-cordoba-en-santiago-del-estero\\\/#primaryimage\",\"url\":\"https:\\\/\\\/diariotextual.com\\\/inicio\\\/wp-content\\\/uploads\\\/2023\\\/02\\\/riverbanfieldsimon.jpg\",\"contentUrl\":\"https:\\\/\\\/diariotextual.com\\\/inicio\\\/wp-content\\\/uploads\\\/2023\\\/02\\\/riverbanfieldsimon.jpg\",\"width\":848,\"height\":492},{\"@type\":\"BreadcrumbList\",\"@id\":\"https:\\\/\\\/diariotextual.com\\\/inicio\\\/index.php\\\/2023\\\/03\\\/08\\\/river-inicia-su-camino-en-la-copa-argentina-ante-racing-de-cordoba-en-santiago-del-estero\\\/#breadcrumb\",\"itemListElement\":[{\"@type\":\"ListItem\",\"position\":1,\"name\":\"Portada\",\"item\":\"https:\\\/\\\/diariotextual.com\\\/inicio\\\/\"},{\"@type\":\"ListItem\",\"position\":2,\"name\":\"River inicia su camino en la Copa Argentina ante Racing de C\u00f3rdoba en Santiago del Estero\"}]},{\"@type\":\"WebSite\",\"@id\":\"https:\\\/\\\/diariotextual.com\\\/inicio\\\/#website\",\"url\":\"https:\\\/\\\/diariotextual.com\\\/inicio\\\/\",\"name\":\"Diario Textual\",\"description\":\"\",\"publisher\":{\"@id\":\"https:\\\/\\\/diariotextual.com\\\/inicio\\\/#organization\"},\"potentialAction\":[{\"@type\":\"SearchAction\",\"target\":{\"@type\":\"EntryPoint\",\"urlTemplate\":\"https:\\\/\\\/diariotextual.com\\\/inicio\\\/?s={search_term_string}\"},\"query-input\":{\"@type\":\"PropertyValueSpecification\",\"valueRequired\":true,\"valueName\":\"search_term_string\"}}],\"inLanguage\":\"es\"},{\"@type\":\"Organization\",\"@id\":\"https:\\\/\\\/diariotextual.com\\\/inicio\\\/#organization\",\"name\":\"Diario Textual\",\"url\":\"https:\\\/\\\/diariotextual.com\\\/inicio\\\/\",\"logo\":{\"@type\":\"ImageObject\",\"inLanguage\":\"es\",\"@id\":\"https:\\\/\\\/diariotextual.com\\\/inicio\\\/#\\\/schema\\\/logo\\\/image\\\/\",\"url\":\"https:\\\/\\\/diariotextual.com\\\/inicio\\\/wp-content\\\/uploads\\\/2023\\\/05\\\/logotextual1.jpg\",\"contentUrl\":\"https:\\\/\\\/diariotextual.com\\\/inicio\\\/wp-content\\\/uploads\\\/2023\\\/05\\\/logotextual1.jpg\",\"width\":516,\"height\":76,\"caption\":\"Diario Textual\"},\"image\":{\"@id\":\"https:\\\/\\\/diariotextual.com\\\/inicio\\\/#\\\/schema\\\/logo\\\/image\\\/\"},\"sameAs\":[\"https:\\\/\\\/www.facebook.com\\\/eltextual\",\"https:\\\/\\\/x.com\\\/eltextual\",\"http:\\\/\\\/www.instagram.com\\\/eltextual\"]},{\"@type\":\"Person\",\"@id\":\"https:\\\/\\\/diariotextual.com\\\/inicio\\\/#\\\/schema\\\/person\\\/694f60677f23c4a530867a98f22b3768\",\"name\":\"diario2\",\"image\":{\"@type\":\"ImageObject\",\"inLanguage\":\"es\",\"@id\":\"https:\\\/\\\/secure.gravatar.com\\\/avatar\\\/5a2567495ba16b852fcd8f1ed006a2e24fcace936018ed8237e95f488ad6e0a7?s=96&d=mm&r=g\",\"url\":\"https:\\\/\\\/secure.gravatar.com\\\/avatar\\\/5a2567495ba16b852fcd8f1ed006a2e24fcace936018ed8237e95f488ad6e0a7?s=96&d=mm&r=g\",\"contentUrl\":\"https:\\\/\\\/secure.gravatar.com\\\/avatar\\\/5a2567495ba16b852fcd8f1ed006a2e24fcace936018ed8237e95f488ad6e0a7?s=96&d=mm&r=g\",\"caption\":\"diario2\"},\"url\":\"https:\\\/\\\/diariotextual.com\\\/inicio\\\/index.php\\\/author\\\/diario2\\\/\"}]}<\/script>\n<!-- \/ Yoast SEO plugin. -->","yoast_head_json":{"title":"River inicia su camino en la Copa Argentina ante Racing de C\u00f3rdoba en Santiago del Estero - Diario Textual","robots":{"index":"index","follow":"follow","max-snippet":"max-snippet:-1","max-image-preview":"max-image-preview:large","max-video-preview":"max-video-preview:-1"},"canonical":"https:\/\/diariotextual.com\/inicio\/index.php\/2023\/03\/08\/river-inicia-su-camino-en-la-copa-argentina-ante-racing-de-cordoba-en-santiago-del-estero\/","og_locale":"es_ES","og_type":"article","og_title":"River inicia su camino en la Copa Argentina ante Racing de C\u00f3rdoba en Santiago del Estero - Diario Textual","og_description":"River Plate, que busca su mejor versi\u00f3n bajo la conducci\u00f3n de Mart\u00edn Demichelis, enfrentar\u00e1 hoy a Racing de C\u00f3rdoba, de la Primera Nacional, en un encuentro v\u00e1lido por los 32avos&hellip;","og_url":"https:\/\/diariotextual.com\/inicio\/index.php\/2023\/03\/08\/river-inicia-su-camino-en-la-copa-argentina-ante-racing-de-cordoba-en-santiago-del-estero\/","og_site_name":"Diario Textual","article_publisher":"https:\/\/www.facebook.com\/eltextual","article_published_time":"2023-03-08T10:23:45+00:00","article_modified_time":"2023-03-08T10:23:47+00:00","og_image":[{"width":848,"height":492,"url":"https:\/\/diariotextual.com\/inicio\/wp-content\/uploads\/2023\/02\/riverbanfieldsimon.jpg","type":"image\/jpeg"}],"author":"diario2","twitter_card":"summary_large_image","twitter_creator":"@eltextual","twitter_site":"@eltextual","twitter_misc":{"Escrito por":"diario2","Tiempo de lectura":"2 minutos"},"schema":{"@context":"https:\/\/schema.org","@graph":[{"@type":"Article","@id":"https:\/\/diariotextual.com\/inicio\/index.php\/2023\/03\/08\/river-inicia-su-camino-en-la-copa-argentina-ante-racing-de-cordoba-en-santiago-del-estero\/#article","isPartOf":{"@id":"https:\/\/diariotextual.com\/inicio\/index.php\/2023\/03\/08\/river-inicia-su-camino-en-la-copa-argentina-ante-racing-de-cordoba-en-santiago-del-estero\/"},"author":{"name":"diario2","@id":"https:\/\/diariotextual.com\/inicio\/#\/schema\/person\/694f60677f23c4a530867a98f22b3768"},"headline":"River inicia su camino en la Copa Argentina ante Racing de C\u00f3rdoba en Santiago del Estero","datePublished":"2023-03-08T10:23:45+00:00","dateModified":"2023-03-08T10:23:47+00:00","mainEntityOfPage":{"@id":"https:\/\/diariotextual.com\/inicio\/index.php\/2023\/03\/08\/river-inicia-su-camino-en-la-copa-argentina-ante-racing-de-cordoba-en-santiago-del-estero\/"},"wordCount":370,"publisher":{"@id":"https:\/\/diariotextual.com\/inicio\/#organization"},"image":{"@id":"https:\/\/diariotextual.com\/inicio\/index.php\/2023\/03\/08\/river-inicia-su-camino-en-la-copa-argentina-ante-racing-de-cordoba-en-santiago-del-estero\/#primaryimage"},"thumbnailUrl":"https:\/\/diariotextual.com\/inicio\/wp-content\/uploads\/2023\/02\/riverbanfieldsimon.jpg","articleSection":["A - ES NOTICIA (van abajo)","DEPORTES"],"inLanguage":"es"},{"@type":"WebPage","@id":"https:\/\/diariotextual.com\/inicio\/index.php\/2023\/03\/08\/river-inicia-su-camino-en-la-copa-argentina-ante-racing-de-cordoba-en-santiago-del-estero\/","url":"https:\/\/diariotextual.com\/inicio\/index.php\/2023\/03\/08\/river-inicia-su-camino-en-la-copa-argentina-ante-racing-de-cordoba-en-santiago-del-estero\/","name":"River inicia su camino en la Copa Argentina ante Racing de C\u00f3rdoba en Santiago del Estero - Diario Textual","isPartOf":{"@id":"https:\/\/diariotextual.com\/inicio\/#website"},"primaryImageOfPage":{"@id":"https:\/\/diariotextual.com\/inicio\/index.php\/2023\/03\/08\/river-inicia-su-camino-en-la-copa-argentina-ante-racing-de-cordoba-en-santiago-del-estero\/#primaryimage"},"image":{"@id":"https:\/\/diariotextual.com\/inicio\/index.php\/2023\/03\/08\/river-inicia-su-camino-en-la-copa-argentina-ante-racing-de-cordoba-en-santiago-del-estero\/#primaryimage"},"thumbnailUrl":"https:\/\/diariotextual.com\/inicio\/wp-content\/uploads\/2023\/02\/riverbanfieldsimon.jpg","datePublished":"2023-03-08T10:23:45+00:00","dateModified":"2023-03-08T10:23:47+00:00","breadcrumb":{"@id":"https:\/\/diariotextual.com\/inicio\/index.php\/2023\/03\/08\/river-inicia-su-camino-en-la-copa-argentina-ante-racing-de-cordoba-en-santiago-del-estero\/#breadcrumb"},"inLanguage":"es","potentialAction":[{"@type":"ReadAction","target":["https:\/\/diariotextual.com\/inicio\/index.php\/2023\/03\/08\/river-inicia-su-camino-en-la-copa-argentina-ante-racing-de-cordoba-en-santiago-del-estero\/"]}]},{"@type":"ImageObject","inLanguage":"es","@id":"https:\/\/diariotextual.com\/inicio\/index.php\/2023\/03\/08\/river-inicia-su-camino-en-la-copa-argentina-ante-racing-de-cordoba-en-santiago-del-estero\/#primaryimage","url":"https:\/\/diariotextual.com\/inicio\/wp-content\/uploads\/2023\/02\/riverbanfieldsimon.jpg","contentUrl":"https:\/\/diariotextual.com\/inicio\/wp-content\/uploads\/2023\/02\/riverbanfieldsimon.jpg","width":848,"height":492},{"@type":"BreadcrumbList","@id":"https:\/\/diariotextual.com\/inicio\/index.php\/2023\/03\/08\/river-inicia-su-camino-en-la-copa-argentina-ante-racing-de-cordoba-en-santiago-del-estero\/#breadcrumb","itemListElement":[{"@type":"ListItem","position":1,"name":"Portada","item":"https:\/\/diariotextual.com\/inicio\/"},{"@type":"ListItem","position":2,"name":"River inicia su camino en la Copa Argentina ante Racing de C\u00f3rdoba en Santiago del Estero"}]},{"@type":"WebSite","@id":"https:\/\/diariotextual.com\/inicio\/#website","url":"https:\/\/diariotextual.com\/inicio\/","name":"Diario Textual","description":"","publisher":{"@id":"https:\/\/diariotextual.com\/inicio\/#organization"},"potentialAction":[{"@type":"SearchAction","target":{"@type":"EntryPoint","urlTemplate":"https:\/\/diariotextual.com\/inicio\/?s={search_term_string}"},"query-input":{"@type":"PropertyValueSpecification","valueRequired":true,"valueName":"search_term_string"}}],"inLanguage":"es"},{"@type":"Organization","@id":"https:\/\/diariotextual.com\/inicio\/#organization","name":"Diario Textual","url":"https:\/\/diariotextual.com\/inicio\/","logo":{"@type":"ImageObject","inLanguage":"es","@id":"https:\/\/diariotextual.com\/inicio\/#\/schema\/logo\/image\/","url":"https:\/\/diariotextual.com\/inicio\/wp-content\/uploads\/2023\/05\/logotextual1.jpg","contentUrl":"https:\/\/diariotextual.com\/inicio\/wp-content\/uploads\/2023\/05\/logotextual1.jpg","width":516,"height":76,"caption":"Diario Textual"},"image":{"@id":"https:\/\/diariotextual.com\/inicio\/#\/schema\/logo\/image\/"},"sameAs":["https:\/\/www.facebook.com\/eltextual","https:\/\/x.com\/eltextual","http:\/\/www.instagram.com\/eltextual"]},{"@type":"Person","@id":"https:\/\/diariotextual.com\/inicio\/#\/schema\/person\/694f60677f23c4a530867a98f22b3768","name":"diario2","image":{"@type":"ImageObject","inLanguage":"es","@id":"https:\/\/secure.gravatar.com\/avatar\/5a2567495ba16b852fcd8f1ed006a2e24fcace936018ed8237e95f488ad6e0a7?s=96&d=mm&r=g","url":"https:\/\/secure.gravatar.com\/avatar\/5a2567495ba16b852fcd8f1ed006a2e24fcace936018ed8237e95f488ad6e0a7?s=96&d=mm&r=g","contentUrl":"https:\/\/secure.gravatar.com\/avatar\/5a2567495ba16b852fcd8f1ed006a2e24fcace936018ed8237e95f488ad6e0a7?s=96&d=mm&r=g","caption":"diario2"},"url":"https:\/\/diariotextual.com\/inicio\/index.php\/author\/diario2\/"}]}},"_links":{"self":[{"href":"https:\/\/diariotextual.com\/inicio\/index.php\/wp-json\/wp\/v2\/posts\/218202","targetHints":{"allow":["GET"]}}],"collection":[{"href":"https:\/\/diariotextual.com\/inicio\/index.php\/wp-json\/wp\/v2\/posts"}],"about":[{"href":"https:\/\/diariotextual.com\/inicio\/index.php\/wp-json\/wp\/v2\/types\/post"}],"author":[{"embeddable":true,"href":"https:\/\/diariotextual.com\/inicio\/index.php\/wp-json\/wp\/v2\/users\/4"}],"replies":[{"embeddable":true,"href":"https:\/\/diariotextual.com\/inicio\/index.php\/wp-json\/wp\/v2\/comments?post=218202"}],"version-history":[{"count":2,"href":"https:\/\/diariotextual.com\/inicio\/index.php\/wp-json\/wp\/v2\/posts\/218202\/revisions"}],"predecessor-version":[{"id":218204,"href":"https:\/\/diariotextual.com\/inicio\/index.php\/wp-json\/wp\/v2\/posts\/218202\/revisions\/218204"}],"wp:featuredmedia":[{"embeddable":true,"href":"https:\/\/diariotextual.com\/inicio\/index.php\/wp-json\/wp\/v2\/media\/216815"}],"wp:attachment":[{"href":"https:\/\/diariotextual.com\/inicio\/index.php\/wp-json\/wp\/v2\/media?parent=218202"}],"wp:term":[{"taxonomy":"category","embeddable":true,"href":"https:\/\/diariotextual.com\/inicio\/index.php\/wp-json\/wp\/v2\/categories?post=218202"},{"taxonomy":"post_tag","embeddable":true,"href":"https:\/\/diariotextual.com\/inicio\/index.php\/wp-json\/wp\/v2\/tags?post=218202"}],"curies":[{"name":"wp","href":"https:\/\/api.w.org\/{rel}","templated":true}]}}