{"id":218230,"date":"2023-03-08T12:58:47","date_gmt":"2023-03-08T15:58:47","guid":{"rendered":"https:\/\/diariotextual.com\/inicio\/?p=218230"},"modified":"2023-03-08T18:13:09","modified_gmt":"2023-03-08T21:13:09","slug":"se-conocen-los-fundamentos-de-la-condena-a-cristina-fernandez-y-se-abre-plazo-para-apelar","status":"publish","type":"post","link":"https:\/\/diariotextual.com\/inicio\/index.php\/2023\/03\/08\/se-conocen-los-fundamentos-de-la-condena-a-cristina-fernandez-y-se-abre-plazo-para-apelar\/","title":{"rendered":"Se conocen los fundamentos de la condena a Cristina Fern\u00e1ndez y se abre plazo para apelar"},"content":{"rendered":"\n<p>El Tribunal que juzg\u00f3 y conden\u00f3 a la <strong>vicepresidenta Cristina Fern\u00e1ndez<\/strong> y otros imputados en la llamada \u201ccausa Vialidad\u201d dar\u00e1 a conocer ma\u00f1ana los <strong>fundamentos de su veredict<\/strong>o y se abrir\u00e1 la etapa para presentar las apelaciones ante la C\u00e1mara Federal de Casaci\u00f3n.<br><br>El Tribunal Oral Federal (TOF) n\u00famero 2 notificar\u00e1 por la ma\u00f1ana los fundamentos de su sentencia a las partes, en un tr\u00e1mite que no ser\u00e1 presencial, sino que se incorporar\u00e1 el escrito a la causa judicial informatizada, explicaron fuentes judiciales.<br><br>Desde ese momento <strong>se abrir\u00e1 el plazo de diez d\u00edas h\u00e1biles para recurrir con la apelaci\u00f3n al veredicto<\/strong> ante Casaci\u00f3n, el m\u00e1ximo tribunal penal federal del pa\u00eds.<br><br>La instancia de revisi\u00f3n determina que el veredicto no se cumpla hasta que quede firme y esa instancia podr\u00eda darse ante la Corte Suprema de Justicia, que no tiene plazos para resolver.<br><br>Tras dar a conocer su decisi\u00f3n al final de un juicio oral el 6 de diciembre pasado, los jueces Jorge Gorini, Rodrigo Gim\u00e9nez Uriburu y Andr\u00e9s Basso distribuyeron un breve informe con un resumen de los motivos por los cuales se conden\u00f3 a seis a\u00f1os de prisi\u00f3n a la vicepresidenta y se fijaron penas para otros acusados.<br><br>Pero como fija la ley, ahora difundir\u00e1n los fundamentos completos, con una explicaci\u00f3n fundada de su decisi\u00f3n, en base a la cual las partes ya anticiparon que apelar\u00e1n ante Casaci\u00f3n.<br><br>Pero a partir de esos primeros lineamientos todas las partes comenzaron a preparar sus apelaciones.<br><br>Del lado de los fiscales federales Diego Luciani y Sergio Mola se espera que cuestionen las absoluciones por el delito de asociaci\u00f3n il\u00edcita, lo que redund\u00f3 en una disminuci\u00f3n notoria de las penas.<br><br>Ambos hab\u00edan reclamado 12 a\u00f1os de prisi\u00f3n para la vicepresidenta, que fue condenada a seis a\u00f1os e inhabilitaci\u00f3n perpetua para ejercer cargos p\u00fablicos por el otro delito que s\u00ed se consider\u00f3 probado; el de administraci\u00f3n fraudulenta.<br><br>Adem\u00e1s, los integrantes del Ministerio P\u00fablico ir\u00e1n a Casaci\u00f3n contra las tres absoluciones resueltas, entre ellas la del exministro de Planificaci\u00f3n Federal Julio De Vido.<br><br>Por su parte, las defensas apelar\u00e1n y pedir\u00e1n revocar las condenas por defraudaci\u00f3n y confirmar las absoluciones por asociaci\u00f3n il\u00edcita, en sinton\u00eda con los argumentos que esgrimieron en sus alegatos finales el a\u00f1o pasado.<br><br>En el juicio se sent\u00f3 por primera vez en el banquillo a la expresidenta, acusada de beneficiar al empresario L\u00e1zaro B\u00e1ez con el 80 por ciento de la obra p\u00fablica nacional adjudicada en Santa Cruz entre los a\u00f1os 2003 y 2015.<br><br>Poco despu\u00e9s de la lectura del veredicto, la titular del Senado y dos veces presidenta dijo que su condena forma parte de un proceso que ya \u201cno es ni lawfare ni Partido Judicial\u201d sino \u201cun Estado paralelo y mafia judicial\u201d.<br><br>Tanto la defensa de la vicepresidenta como la de otros condenados tendr\u00edan la posibilidad tambi\u00e9n de recurrir a tribunales internacionales, en particular la Corte Interamericana de Derechos Humanos (Corte IDH), cuyas decisiones son de cumplimiento obligatorio para la Justicia argentina.<br><br>En ese aspecto, la defensa de Fern\u00e1ndez de Kirchner denunci\u00f3 violaci\u00f3n de garant\u00edas constitucionales, persecuci\u00f3n y \u201clawfare\u201d por parte del Poder Judicial.<\/p>\n","protected":false},"excerpt":{"rendered":"<p>El Tribunal que juzg\u00f3 y conden\u00f3 a la vicepresidenta Cristina Fern\u00e1ndez y otros imputados en la llamada \u201ccausa Vialidad\u201d dar\u00e1 a conocer ma\u00f1ana los fundamentos de su veredicto y se&hellip;<\/p>\n","protected":false},"author":4,"featured_media":201269,"comment_status":"closed","ping_status":"open","sticky":false,"template":"","format":"standard","meta":{"_acf_changed":false,"footnotes":""},"categories":[1,8],"tags":[],"class_list":["post-218230","post","type-post","status-publish","format-standard","has-post-thumbnail","hentry","category-es-noticia","category-politica"],"acf":[],"yoast_head":"<!-- This site is optimized with the Yoast SEO plugin v27.5 - https:\/\/yoast.com\/product\/yoast-seo-wordpress\/ -->\n<title>Se conocen los fundamentos de la condena a Cristina Fern\u00e1ndez y se abre plazo para apelar - Diario Textual<\/title>\n<meta name=\"robots\" content=\"index, follow, max-snippet:-1, max-image-preview:large, max-video-preview:-1\" \/>\n<link rel=\"canonical\" href=\"https:\/\/diariotextual.com\/inicio\/index.php\/2023\/03\/08\/se-conocen-los-fundamentos-de-la-condena-a-cristina-fernandez-y-se-abre-plazo-para-apelar\/\" \/>\n<meta property=\"og:locale\" content=\"es_ES\" \/>\n<meta property=\"og:type\" content=\"article\" \/>\n<meta property=\"og:title\" content=\"Se conocen los fundamentos de la condena a Cristina Fern\u00e1ndez y se abre plazo para apelar - Diario Textual\" \/>\n<meta property=\"og:description\" content=\"El Tribunal que juzg\u00f3 y conden\u00f3 a la vicepresidenta Cristina Fern\u00e1ndez y otros imputados en la llamada \u201ccausa Vialidad\u201d dar\u00e1 a conocer ma\u00f1ana los fundamentos de su veredicto y se&hellip;\" \/>\n<meta property=\"og:url\" content=\"https:\/\/diariotextual.com\/inicio\/index.php\/2023\/03\/08\/se-conocen-los-fundamentos-de-la-condena-a-cristina-fernandez-y-se-abre-plazo-para-apelar\/\" \/>\n<meta property=\"og:site_name\" content=\"Diario Textual\" \/>\n<meta property=\"article:publisher\" content=\"https:\/\/www.facebook.com\/eltextual\" \/>\n<meta property=\"article:published_time\" content=\"2023-03-08T15:58:47+00:00\" \/>\n<meta property=\"article:modified_time\" content=\"2023-03-08T21:13:09+00:00\" \/>\n<meta property=\"og:image\" content=\"https:\/\/diariotextual.com\/inicio\/wp-content\/uploads\/2022\/09\/fernandezcristina2022-7000.jpg\" \/>\n\t<meta property=\"og:image:width\" content=\"900\" \/>\n\t<meta property=\"og:image:height\" content=\"506\" \/>\n\t<meta property=\"og:image:type\" content=\"image\/jpeg\" \/>\n<meta name=\"author\" content=\"diario2\" \/>\n<meta name=\"twitter:card\" content=\"summary_large_image\" \/>\n<meta name=\"twitter:creator\" content=\"@eltextual\" \/>\n<meta name=\"twitter:site\" content=\"@eltextual\" \/>\n<meta name=\"twitter:label1\" content=\"Escrito por\" \/>\n\t<meta name=\"twitter:data1\" content=\"diario2\" \/>\n\t<meta name=\"twitter:label2\" content=\"Tiempo de lectura\" \/>\n\t<meta name=\"twitter:data2\" content=\"3 minutos\" \/>\n<script type=\"application\/ld+json\" class=\"yoast-schema-graph\">{\"@context\":\"https:\\\/\\\/schema.org\",\"@graph\":[{\"@type\":\"Article\",\"@id\":\"https:\\\/\\\/diariotextual.com\\\/inicio\\\/index.php\\\/2023\\\/03\\\/08\\\/se-conocen-los-fundamentos-de-la-condena-a-cristina-fernandez-y-se-abre-plazo-para-apelar\\\/#article\",\"isPartOf\":{\"@id\":\"https:\\\/\\\/diariotextual.com\\\/inicio\\\/index.php\\\/2023\\\/03\\\/08\\\/se-conocen-los-fundamentos-de-la-condena-a-cristina-fernandez-y-se-abre-plazo-para-apelar\\\/\"},\"author\":{\"name\":\"diario2\",\"@id\":\"https:\\\/\\\/diariotextual.com\\\/inicio\\\/#\\\/schema\\\/person\\\/694f60677f23c4a530867a98f22b3768\"},\"headline\":\"Se conocen los fundamentos de la condena a Cristina Fern\u00e1ndez y se abre plazo para apelar\",\"datePublished\":\"2023-03-08T15:58:47+00:00\",\"dateModified\":\"2023-03-08T21:13:09+00:00\",\"mainEntityOfPage\":{\"@id\":\"https:\\\/\\\/diariotextual.com\\\/inicio\\\/index.php\\\/2023\\\/03\\\/08\\\/se-conocen-los-fundamentos-de-la-condena-a-cristina-fernandez-y-se-abre-plazo-para-apelar\\\/\"},\"wordCount\":584,\"publisher\":{\"@id\":\"https:\\\/\\\/diariotextual.com\\\/inicio\\\/#organization\"},\"image\":{\"@id\":\"https:\\\/\\\/diariotextual.com\\\/inicio\\\/index.php\\\/2023\\\/03\\\/08\\\/se-conocen-los-fundamentos-de-la-condena-a-cristina-fernandez-y-se-abre-plazo-para-apelar\\\/#primaryimage\"},\"thumbnailUrl\":\"https:\\\/\\\/diariotextual.com\\\/inicio\\\/wp-content\\\/uploads\\\/2022\\\/09\\\/fernandezcristina2022-7000.jpg\",\"articleSection\":[\"A - ES NOTICIA (van abajo)\",\"POLITICA\"],\"inLanguage\":\"es\"},{\"@type\":\"WebPage\",\"@id\":\"https:\\\/\\\/diariotextual.com\\\/inicio\\\/index.php\\\/2023\\\/03\\\/08\\\/se-conocen-los-fundamentos-de-la-condena-a-cristina-fernandez-y-se-abre-plazo-para-apelar\\\/\",\"url\":\"https:\\\/\\\/diariotextual.com\\\/inicio\\\/index.php\\\/2023\\\/03\\\/08\\\/se-conocen-los-fundamentos-de-la-condena-a-cristina-fernandez-y-se-abre-plazo-para-apelar\\\/\",\"name\":\"Se conocen los fundamentos de la condena a Cristina Fern\u00e1ndez y se abre plazo para apelar - Diario Textual\",\"isPartOf\":{\"@id\":\"https:\\\/\\\/diariotextual.com\\\/inicio\\\/#website\"},\"primaryImageOfPage\":{\"@id\":\"https:\\\/\\\/diariotextual.com\\\/inicio\\\/index.php\\\/2023\\\/03\\\/08\\\/se-conocen-los-fundamentos-de-la-condena-a-cristina-fernandez-y-se-abre-plazo-para-apelar\\\/#primaryimage\"},\"image\":{\"@id\":\"https:\\\/\\\/diariotextual.com\\\/inicio\\\/index.php\\\/2023\\\/03\\\/08\\\/se-conocen-los-fundamentos-de-la-condena-a-cristina-fernandez-y-se-abre-plazo-para-apelar\\\/#primaryimage\"},\"thumbnailUrl\":\"https:\\\/\\\/diariotextual.com\\\/inicio\\\/wp-content\\\/uploads\\\/2022\\\/09\\\/fernandezcristina2022-7000.jpg\",\"datePublished\":\"2023-03-08T15:58:47+00:00\",\"dateModified\":\"2023-03-08T21:13:09+00:00\",\"breadcrumb\":{\"@id\":\"https:\\\/\\\/diariotextual.com\\\/inicio\\\/index.php\\\/2023\\\/03\\\/08\\\/se-conocen-los-fundamentos-de-la-condena-a-cristina-fernandez-y-se-abre-plazo-para-apelar\\\/#breadcrumb\"},\"inLanguage\":\"es\",\"potentialAction\":[{\"@type\":\"ReadAction\",\"target\":[\"https:\\\/\\\/diariotextual.com\\\/inicio\\\/index.php\\\/2023\\\/03\\\/08\\\/se-conocen-los-fundamentos-de-la-condena-a-cristina-fernandez-y-se-abre-plazo-para-apelar\\\/\"]}]},{\"@type\":\"ImageObject\",\"inLanguage\":\"es\",\"@id\":\"https:\\\/\\\/diariotextual.com\\\/inicio\\\/index.php\\\/2023\\\/03\\\/08\\\/se-conocen-los-fundamentos-de-la-condena-a-cristina-fernandez-y-se-abre-plazo-para-apelar\\\/#primaryimage\",\"url\":\"https:\\\/\\\/diariotextual.com\\\/inicio\\\/wp-content\\\/uploads\\\/2022\\\/09\\\/fernandezcristina2022-7000.jpg\",\"contentUrl\":\"https:\\\/\\\/diariotextual.com\\\/inicio\\\/wp-content\\\/uploads\\\/2022\\\/09\\\/fernandezcristina2022-7000.jpg\",\"width\":900,\"height\":506},{\"@type\":\"BreadcrumbList\",\"@id\":\"https:\\\/\\\/diariotextual.com\\\/inicio\\\/index.php\\\/2023\\\/03\\\/08\\\/se-conocen-los-fundamentos-de-la-condena-a-cristina-fernandez-y-se-abre-plazo-para-apelar\\\/#breadcrumb\",\"itemListElement\":[{\"@type\":\"ListItem\",\"position\":1,\"name\":\"Portada\",\"item\":\"https:\\\/\\\/diariotextual.com\\\/inicio\\\/\"},{\"@type\":\"ListItem\",\"position\":2,\"name\":\"Se conocen los fundamentos de la condena a Cristina Fern\u00e1ndez y se abre plazo para apelar\"}]},{\"@type\":\"WebSite\",\"@id\":\"https:\\\/\\\/diariotextual.com\\\/inicio\\\/#website\",\"url\":\"https:\\\/\\\/diariotextual.com\\\/inicio\\\/\",\"name\":\"Diario Textual\",\"description\":\"\",\"publisher\":{\"@id\":\"https:\\\/\\\/diariotextual.com\\\/inicio\\\/#organization\"},\"potentialAction\":[{\"@type\":\"SearchAction\",\"target\":{\"@type\":\"EntryPoint\",\"urlTemplate\":\"https:\\\/\\\/diariotextual.com\\\/inicio\\\/?s={search_term_string}\"},\"query-input\":{\"@type\":\"PropertyValueSpecification\",\"valueRequired\":true,\"valueName\":\"search_term_string\"}}],\"inLanguage\":\"es\"},{\"@type\":\"Organization\",\"@id\":\"https:\\\/\\\/diariotextual.com\\\/inicio\\\/#organization\",\"name\":\"Diario Textual\",\"url\":\"https:\\\/\\\/diariotextual.com\\\/inicio\\\/\",\"logo\":{\"@type\":\"ImageObject\",\"inLanguage\":\"es\",\"@id\":\"https:\\\/\\\/diariotextual.com\\\/inicio\\\/#\\\/schema\\\/logo\\\/image\\\/\",\"url\":\"https:\\\/\\\/diariotextual.com\\\/inicio\\\/wp-content\\\/uploads\\\/2023\\\/05\\\/logotextual1.jpg\",\"contentUrl\":\"https:\\\/\\\/diariotextual.com\\\/inicio\\\/wp-content\\\/uploads\\\/2023\\\/05\\\/logotextual1.jpg\",\"width\":516,\"height\":76,\"caption\":\"Diario Textual\"},\"image\":{\"@id\":\"https:\\\/\\\/diariotextual.com\\\/inicio\\\/#\\\/schema\\\/logo\\\/image\\\/\"},\"sameAs\":[\"https:\\\/\\\/www.facebook.com\\\/eltextual\",\"https:\\\/\\\/x.com\\\/eltextual\",\"http:\\\/\\\/www.instagram.com\\\/eltextual\"]},{\"@type\":\"Person\",\"@id\":\"https:\\\/\\\/diariotextual.com\\\/inicio\\\/#\\\/schema\\\/person\\\/694f60677f23c4a530867a98f22b3768\",\"name\":\"diario2\",\"image\":{\"@type\":\"ImageObject\",\"inLanguage\":\"es\",\"@id\":\"https:\\\/\\\/secure.gravatar.com\\\/avatar\\\/5a2567495ba16b852fcd8f1ed006a2e24fcace936018ed8237e95f488ad6e0a7?s=96&d=mm&r=g\",\"url\":\"https:\\\/\\\/secure.gravatar.com\\\/avatar\\\/5a2567495ba16b852fcd8f1ed006a2e24fcace936018ed8237e95f488ad6e0a7?s=96&d=mm&r=g\",\"contentUrl\":\"https:\\\/\\\/secure.gravatar.com\\\/avatar\\\/5a2567495ba16b852fcd8f1ed006a2e24fcace936018ed8237e95f488ad6e0a7?s=96&d=mm&r=g\",\"caption\":\"diario2\"},\"url\":\"https:\\\/\\\/diariotextual.com\\\/inicio\\\/index.php\\\/author\\\/diario2\\\/\"}]}<\/script>\n<!-- \/ Yoast SEO plugin. -->","yoast_head_json":{"title":"Se conocen los fundamentos de la condena a Cristina Fern\u00e1ndez y se abre plazo para apelar - Diario Textual","robots":{"index":"index","follow":"follow","max-snippet":"max-snippet:-1","max-image-preview":"max-image-preview:large","max-video-preview":"max-video-preview:-1"},"canonical":"https:\/\/diariotextual.com\/inicio\/index.php\/2023\/03\/08\/se-conocen-los-fundamentos-de-la-condena-a-cristina-fernandez-y-se-abre-plazo-para-apelar\/","og_locale":"es_ES","og_type":"article","og_title":"Se conocen los fundamentos de la condena a Cristina Fern\u00e1ndez y se abre plazo para apelar - Diario Textual","og_description":"El Tribunal que juzg\u00f3 y conden\u00f3 a la vicepresidenta Cristina Fern\u00e1ndez y otros imputados en la llamada \u201ccausa Vialidad\u201d dar\u00e1 a conocer ma\u00f1ana los fundamentos de su veredicto y se&hellip;","og_url":"https:\/\/diariotextual.com\/inicio\/index.php\/2023\/03\/08\/se-conocen-los-fundamentos-de-la-condena-a-cristina-fernandez-y-se-abre-plazo-para-apelar\/","og_site_name":"Diario Textual","article_publisher":"https:\/\/www.facebook.com\/eltextual","article_published_time":"2023-03-08T15:58:47+00:00","article_modified_time":"2023-03-08T21:13:09+00:00","og_image":[{"width":900,"height":506,"url":"https:\/\/diariotextual.com\/inicio\/wp-content\/uploads\/2022\/09\/fernandezcristina2022-7000.jpg","type":"image\/jpeg"}],"author":"diario2","twitter_card":"summary_large_image","twitter_creator":"@eltextual","twitter_site":"@eltextual","twitter_misc":{"Escrito por":"diario2","Tiempo de lectura":"3 minutos"},"schema":{"@context":"https:\/\/schema.org","@graph":[{"@type":"Article","@id":"https:\/\/diariotextual.com\/inicio\/index.php\/2023\/03\/08\/se-conocen-los-fundamentos-de-la-condena-a-cristina-fernandez-y-se-abre-plazo-para-apelar\/#article","isPartOf":{"@id":"https:\/\/diariotextual.com\/inicio\/index.php\/2023\/03\/08\/se-conocen-los-fundamentos-de-la-condena-a-cristina-fernandez-y-se-abre-plazo-para-apelar\/"},"author":{"name":"diario2","@id":"https:\/\/diariotextual.com\/inicio\/#\/schema\/person\/694f60677f23c4a530867a98f22b3768"},"headline":"Se conocen los fundamentos de la condena a Cristina Fern\u00e1ndez y se abre plazo para apelar","datePublished":"2023-03-08T15:58:47+00:00","dateModified":"2023-03-08T21:13:09+00:00","mainEntityOfPage":{"@id":"https:\/\/diariotextual.com\/inicio\/index.php\/2023\/03\/08\/se-conocen-los-fundamentos-de-la-condena-a-cristina-fernandez-y-se-abre-plazo-para-apelar\/"},"wordCount":584,"publisher":{"@id":"https:\/\/diariotextual.com\/inicio\/#organization"},"image":{"@id":"https:\/\/diariotextual.com\/inicio\/index.php\/2023\/03\/08\/se-conocen-los-fundamentos-de-la-condena-a-cristina-fernandez-y-se-abre-plazo-para-apelar\/#primaryimage"},"thumbnailUrl":"https:\/\/diariotextual.com\/inicio\/wp-content\/uploads\/2022\/09\/fernandezcristina2022-7000.jpg","articleSection":["A - ES NOTICIA (van abajo)","POLITICA"],"inLanguage":"es"},{"@type":"WebPage","@id":"https:\/\/diariotextual.com\/inicio\/index.php\/2023\/03\/08\/se-conocen-los-fundamentos-de-la-condena-a-cristina-fernandez-y-se-abre-plazo-para-apelar\/","url":"https:\/\/diariotextual.com\/inicio\/index.php\/2023\/03\/08\/se-conocen-los-fundamentos-de-la-condena-a-cristina-fernandez-y-se-abre-plazo-para-apelar\/","name":"Se conocen los fundamentos de la condena a Cristina Fern\u00e1ndez y se abre plazo para apelar - Diario Textual","isPartOf":{"@id":"https:\/\/diariotextual.com\/inicio\/#website"},"primaryImageOfPage":{"@id":"https:\/\/diariotextual.com\/inicio\/index.php\/2023\/03\/08\/se-conocen-los-fundamentos-de-la-condena-a-cristina-fernandez-y-se-abre-plazo-para-apelar\/#primaryimage"},"image":{"@id":"https:\/\/diariotextual.com\/inicio\/index.php\/2023\/03\/08\/se-conocen-los-fundamentos-de-la-condena-a-cristina-fernandez-y-se-abre-plazo-para-apelar\/#primaryimage"},"thumbnailUrl":"https:\/\/diariotextual.com\/inicio\/wp-content\/uploads\/2022\/09\/fernandezcristina2022-7000.jpg","datePublished":"2023-03-08T15:58:47+00:00","dateModified":"2023-03-08T21:13:09+00:00","breadcrumb":{"@id":"https:\/\/diariotextual.com\/inicio\/index.php\/2023\/03\/08\/se-conocen-los-fundamentos-de-la-condena-a-cristina-fernandez-y-se-abre-plazo-para-apelar\/#breadcrumb"},"inLanguage":"es","potentialAction":[{"@type":"ReadAction","target":["https:\/\/diariotextual.com\/inicio\/index.php\/2023\/03\/08\/se-conocen-los-fundamentos-de-la-condena-a-cristina-fernandez-y-se-abre-plazo-para-apelar\/"]}]},{"@type":"ImageObject","inLanguage":"es","@id":"https:\/\/diariotextual.com\/inicio\/index.php\/2023\/03\/08\/se-conocen-los-fundamentos-de-la-condena-a-cristina-fernandez-y-se-abre-plazo-para-apelar\/#primaryimage","url":"https:\/\/diariotextual.com\/inicio\/wp-content\/uploads\/2022\/09\/fernandezcristina2022-7000.jpg","contentUrl":"https:\/\/diariotextual.com\/inicio\/wp-content\/uploads\/2022\/09\/fernandezcristina2022-7000.jpg","width":900,"height":506},{"@type":"BreadcrumbList","@id":"https:\/\/diariotextual.com\/inicio\/index.php\/2023\/03\/08\/se-conocen-los-fundamentos-de-la-condena-a-cristina-fernandez-y-se-abre-plazo-para-apelar\/#breadcrumb","itemListElement":[{"@type":"ListItem","position":1,"name":"Portada","item":"https:\/\/diariotextual.com\/inicio\/"},{"@type":"ListItem","position":2,"name":"Se conocen los fundamentos de la condena a Cristina Fern\u00e1ndez y se abre plazo para apelar"}]},{"@type":"WebSite","@id":"https:\/\/diariotextual.com\/inicio\/#website","url":"https:\/\/diariotextual.com\/inicio\/","name":"Diario Textual","description":"","publisher":{"@id":"https:\/\/diariotextual.com\/inicio\/#organization"},"potentialAction":[{"@type":"SearchAction","target":{"@type":"EntryPoint","urlTemplate":"https:\/\/diariotextual.com\/inicio\/?s={search_term_string}"},"query-input":{"@type":"PropertyValueSpecification","valueRequired":true,"valueName":"search_term_string"}}],"inLanguage":"es"},{"@type":"Organization","@id":"https:\/\/diariotextual.com\/inicio\/#organization","name":"Diario Textual","url":"https:\/\/diariotextual.com\/inicio\/","logo":{"@type":"ImageObject","inLanguage":"es","@id":"https:\/\/diariotextual.com\/inicio\/#\/schema\/logo\/image\/","url":"https:\/\/diariotextual.com\/inicio\/wp-content\/uploads\/2023\/05\/logotextual1.jpg","contentUrl":"https:\/\/diariotextual.com\/inicio\/wp-content\/uploads\/2023\/05\/logotextual1.jpg","width":516,"height":76,"caption":"Diario Textual"},"image":{"@id":"https:\/\/diariotextual.com\/inicio\/#\/schema\/logo\/image\/"},"sameAs":["https:\/\/www.facebook.com\/eltextual","https:\/\/x.com\/eltextual","http:\/\/www.instagram.com\/eltextual"]},{"@type":"Person","@id":"https:\/\/diariotextual.com\/inicio\/#\/schema\/person\/694f60677f23c4a530867a98f22b3768","name":"diario2","image":{"@type":"ImageObject","inLanguage":"es","@id":"https:\/\/secure.gravatar.com\/avatar\/5a2567495ba16b852fcd8f1ed006a2e24fcace936018ed8237e95f488ad6e0a7?s=96&d=mm&r=g","url":"https:\/\/secure.gravatar.com\/avatar\/5a2567495ba16b852fcd8f1ed006a2e24fcace936018ed8237e95f488ad6e0a7?s=96&d=mm&r=g","contentUrl":"https:\/\/secure.gravatar.com\/avatar\/5a2567495ba16b852fcd8f1ed006a2e24fcace936018ed8237e95f488ad6e0a7?s=96&d=mm&r=g","caption":"diario2"},"url":"https:\/\/diariotextual.com\/inicio\/index.php\/author\/diario2\/"}]}},"_links":{"self":[{"href":"https:\/\/diariotextual.com\/inicio\/index.php\/wp-json\/wp\/v2\/posts\/218230","targetHints":{"allow":["GET"]}}],"collection":[{"href":"https:\/\/diariotextual.com\/inicio\/index.php\/wp-json\/wp\/v2\/posts"}],"about":[{"href":"https:\/\/diariotextual.com\/inicio\/index.php\/wp-json\/wp\/v2\/types\/post"}],"author":[{"embeddable":true,"href":"https:\/\/diariotextual.com\/inicio\/index.php\/wp-json\/wp\/v2\/users\/4"}],"replies":[{"embeddable":true,"href":"https:\/\/diariotextual.com\/inicio\/index.php\/wp-json\/wp\/v2\/comments?post=218230"}],"version-history":[{"count":2,"href":"https:\/\/diariotextual.com\/inicio\/index.php\/wp-json\/wp\/v2\/posts\/218230\/revisions"}],"predecessor-version":[{"id":218232,"href":"https:\/\/diariotextual.com\/inicio\/index.php\/wp-json\/wp\/v2\/posts\/218230\/revisions\/218232"}],"wp:featuredmedia":[{"embeddable":true,"href":"https:\/\/diariotextual.com\/inicio\/index.php\/wp-json\/wp\/v2\/media\/201269"}],"wp:attachment":[{"href":"https:\/\/diariotextual.com\/inicio\/index.php\/wp-json\/wp\/v2\/media?parent=218230"}],"wp:term":[{"taxonomy":"category","embeddable":true,"href":"https:\/\/diariotextual.com\/inicio\/index.php\/wp-json\/wp\/v2\/categories?post=218230"},{"taxonomy":"post_tag","embeddable":true,"href":"https:\/\/diariotextual.com\/inicio\/index.php\/wp-json\/wp\/v2\/tags?post=218230"}],"curies":[{"name":"wp","href":"https:\/\/api.w.org\/{rel}","templated":true}]}}