{"id":218374,"date":"2023-03-09T18:57:05","date_gmt":"2023-03-09T21:57:05","guid":{"rendered":"https:\/\/diariotextual.com\/inicio\/?p=218374"},"modified":"2023-03-10T10:04:01","modified_gmt":"2023-03-10T13:04:01","slug":"se-presento-el-7-festival-de-cine-en-general-pico","status":"publish","type":"post","link":"https:\/\/diariotextual.com\/inicio\/index.php\/2023\/03\/09\/se-presento-el-7-festival-de-cine-en-general-pico\/","title":{"rendered":"Se present\u00f3 el 7\u00b0 Festival de Cine en General Pico"},"content":{"rendered":"\n<p>El <strong>7\u00b0 Festival de Cine de General Pico<\/strong> &#8211; que se realizar\u00e1 del 3 al 9 de agosto- fue presentado este jueves en el Cine Teatro Pico.<\/p>\n\n\n\n<p>Participaron del anuncio la intendenta de la ciudad, Fernanda Alonso, el presidente de la Asociaci\u00f3n Italiana, Jos\u00e9 Luis Angelucci, el presidente del Festival, Jorge Epifanio y el coordinador Art\u00edstico y Programador del evento, Pablo Mazzola.<br><br>\u201cDesde la Asociaci\u00f3n Italiana estamos muy felices de poder seguir aportando cultura a la ciudad, a la Provincia y este a\u00f1o, a nivel nacional e iberoamericano. Es una instituci\u00f3n con m\u00e1s de 60 a\u00f1os de cine, con salas en perfectas condiciones para las proyecciones, y esto se puede realizar gracias al apoyo del municipio y del Gobierno provincial, que gestion\u00f3 para que el CFI nos acompa\u00f1e econ\u00f3micamente, lo cual es muy importante\u201d, manifest\u00f3 Angelucci.<br><br>El director del festival,<strong> Jorge Epifanio<\/strong>, agradeci\u00f3 a las autoridades de la Provincia, el municipio y tambi\u00e9n al sector privado, quienes apoyaron el evento en los a\u00f1os anteriores, en momentos de pandemia. \u201cBuscamos continuar con este crecimiento que tuvo a lo largo de los a\u00f1os el festival, que no solo es importante para el arte y la cultura, es algo que nos permite mantenernos en comunidad y reflejar como somos de alguna manera en lo humano, como piquenses y pampeanos, sabiendo la importancia y el movimiento que esto le genera a la ciudad\u201d, expres\u00f3.<br><br>Por otra parte, <strong>Fernanda Alonso<\/strong> destac\u00f3 la \u201chermosa posibilidad\u201d de articular recursos con las necesidades. \u201cY que sea el Gobierno provincial, a trav\u00e9s del Consejo Federal de Inversiones que se haga un aporte importante que garantice la realizaci\u00f3n del festival. Desde nuestro equipo creemos en esta alianza p\u00fablico-privada que se fortalece todos los d\u00edas. Este festival ya viene dando otros frutos, nuestra ciudad est\u00e1 formando parte dentro de ese Google Maps, para quienes quieran realizar un rodaje piensen en un escenario y General Pico se lo pueda otorgar\u201d, sostuvo.<br><br>\u201cEstamos convencidos de esto, por ese motivo, cuando hablamos con la Secretar\u00eda de Cultura no dudo en avanzar desde los distintos \u00e1mbitos para que este festival se realice, de tenerlo al alcance de nuestras manos\u201d, agreg\u00f3 la intendenta.<br><br>Finalmente, Pablo Mazzola brind\u00f3 detalles de lo que ser\u00e1 esta 7ma edici\u00f3n. \u201cEl encuentro se realizar\u00e1 entre los d\u00edas 3 y 9 de agosto. <strong>Nos hemos puesto tremendamente aspiracionales, ya que las exigencias para este a\u00f1o ser\u00e1n a\u00fan mayores, y esto tiene una raz\u00f3n. Estas salas brindan cine a lo largo de todo el a\u00f1o, lo que nos proponemos este a\u00f1o es que todas las pel\u00edculas que se van a presentar a\u00fan no se hayan visto en Argentina. <\/strong>Buscamos que sean todos estrenos, no ser\u00e1 una tarea f\u00e1cil pero trabajaremos para que quienes vengan, puedan llevarse lo mejor\u201d, explic\u00f3.<br><br><\/p>\n\n\n\n<p><strong>Categor\u00edas<\/strong><\/p>\n\n\n\n<p>En lo que respecta a las categor\u00edas, estar\u00e1 la competencia de largometrajes nacionales, largometrajes internacionales, cortometrajes nacionales y cortometrajes regionales.<br><br><\/p>\n\n\n\n<p>I<strong>nscripciones<\/strong><\/p>\n\n\n\n<p>Las inscripciones est\u00e1n abiertas desde el 9 de marzo hasta el 23 de junio. \u201cTambi\u00e9n habr\u00e1 algunas secciones paralelas que es el proyecto de infancias y cine, encuentro de escuelas, que es algo que se viene trabajando desde la primera edici\u00f3n y proyectos murales, que estar\u00e1 destinado a nivel inicial y medio y todas las instituciones entre nivel inicial y medio, en los niveles que quieran participar para poder pensar el cine, encontramos, analizar, ser cr\u00edticos y entrar en obra. El eje conceptual que buscamos es ver al otro, pensar con el otro, porque somos esa comunidad, somos ese encuentro\u201d, finaliz\u00f3 Mazzola.<\/p>\n","protected":false},"excerpt":{"rendered":"<p>El 7\u00b0 Festival de Cine de General Pico &#8211; que se realizar\u00e1 del 3 al 9 de agosto- fue presentado este jueves en el Cine Teatro Pico. Participaron del anuncio&hellip;<\/p>\n","protected":false},"author":4,"featured_media":218375,"comment_status":"closed","ping_status":"open","sticky":false,"template":"","format":"standard","meta":{"_acf_changed":false,"footnotes":""},"categories":[1,11,2],"tags":[],"class_list":["post-218374","post","type-post","status-publish","format-standard","has-post-thumbnail","hentry","category-es-noticia","category-que-pasa","category-cultura"],"acf":[],"yoast_head":"<!-- This site is optimized with the Yoast SEO plugin v27.5 - https:\/\/yoast.com\/product\/yoast-seo-wordpress\/ -->\n<title>Se present\u00f3 el 7\u00b0 Festival de Cine en General Pico - Diario Textual<\/title>\n<meta name=\"robots\" content=\"index, follow, max-snippet:-1, max-image-preview:large, max-video-preview:-1\" \/>\n<link rel=\"canonical\" href=\"https:\/\/diariotextual.com\/inicio\/index.php\/2023\/03\/09\/se-presento-el-7-festival-de-cine-en-general-pico\/\" \/>\n<meta property=\"og:locale\" content=\"es_ES\" \/>\n<meta property=\"og:type\" content=\"article\" \/>\n<meta property=\"og:title\" content=\"Se present\u00f3 el 7\u00b0 Festival de Cine en General Pico - Diario Textual\" \/>\n<meta property=\"og:description\" content=\"El 7\u00b0 Festival de Cine de General Pico &#8211; que se realizar\u00e1 del 3 al 9 de agosto- fue presentado este jueves en el Cine Teatro Pico. Participaron del anuncio&hellip;\" \/>\n<meta property=\"og:url\" content=\"https:\/\/diariotextual.com\/inicio\/index.php\/2023\/03\/09\/se-presento-el-7-festival-de-cine-en-general-pico\/\" \/>\n<meta property=\"og:site_name\" content=\"Diario Textual\" \/>\n<meta property=\"article:publisher\" content=\"https:\/\/www.facebook.com\/eltextual\" \/>\n<meta property=\"article:published_time\" content=\"2023-03-09T21:57:05+00:00\" \/>\n<meta property=\"article:modified_time\" content=\"2023-03-10T13:04:01+00:00\" \/>\n<meta property=\"og:image\" content=\"https:\/\/diariotextual.com\/inicio\/wp-content\/uploads\/2023\/03\/festivalcinepico202333.jpg\" \/>\n\t<meta property=\"og:image:width\" content=\"900\" \/>\n\t<meta property=\"og:image:height\" content=\"584\" \/>\n\t<meta property=\"og:image:type\" content=\"image\/jpeg\" \/>\n<meta name=\"author\" content=\"diario2\" \/>\n<meta name=\"twitter:card\" content=\"summary_large_image\" \/>\n<meta name=\"twitter:creator\" content=\"@eltextual\" \/>\n<meta name=\"twitter:site\" content=\"@eltextual\" \/>\n<meta name=\"twitter:label1\" content=\"Escrito por\" \/>\n\t<meta name=\"twitter:data1\" content=\"diario2\" \/>\n\t<meta name=\"twitter:label2\" content=\"Tiempo de lectura\" \/>\n\t<meta name=\"twitter:data2\" content=\"3 minutos\" \/>\n<script type=\"application\/ld+json\" class=\"yoast-schema-graph\">{\"@context\":\"https:\\\/\\\/schema.org\",\"@graph\":[{\"@type\":\"Article\",\"@id\":\"https:\\\/\\\/diariotextual.com\\\/inicio\\\/index.php\\\/2023\\\/03\\\/09\\\/se-presento-el-7-festival-de-cine-en-general-pico\\\/#article\",\"isPartOf\":{\"@id\":\"https:\\\/\\\/diariotextual.com\\\/inicio\\\/index.php\\\/2023\\\/03\\\/09\\\/se-presento-el-7-festival-de-cine-en-general-pico\\\/\"},\"author\":{\"name\":\"diario2\",\"@id\":\"https:\\\/\\\/diariotextual.com\\\/inicio\\\/#\\\/schema\\\/person\\\/694f60677f23c4a530867a98f22b3768\"},\"headline\":\"Se present\u00f3 el 7\u00b0 Festival de Cine en General Pico\",\"datePublished\":\"2023-03-09T21:57:05+00:00\",\"dateModified\":\"2023-03-10T13:04:01+00:00\",\"mainEntityOfPage\":{\"@id\":\"https:\\\/\\\/diariotextual.com\\\/inicio\\\/index.php\\\/2023\\\/03\\\/09\\\/se-presento-el-7-festival-de-cine-en-general-pico\\\/\"},\"wordCount\":615,\"publisher\":{\"@id\":\"https:\\\/\\\/diariotextual.com\\\/inicio\\\/#organization\"},\"image\":{\"@id\":\"https:\\\/\\\/diariotextual.com\\\/inicio\\\/index.php\\\/2023\\\/03\\\/09\\\/se-presento-el-7-festival-de-cine-en-general-pico\\\/#primaryimage\"},\"thumbnailUrl\":\"https:\\\/\\\/diariotextual.com\\\/inicio\\\/wp-content\\\/uploads\\\/2023\\\/03\\\/festivalcinepico202333.jpg\",\"articleSection\":[\"A - ES NOTICIA (van abajo)\",\"A - QUE PASA (al costado)\",\"CULTURA\"],\"inLanguage\":\"es\"},{\"@type\":\"WebPage\",\"@id\":\"https:\\\/\\\/diariotextual.com\\\/inicio\\\/index.php\\\/2023\\\/03\\\/09\\\/se-presento-el-7-festival-de-cine-en-general-pico\\\/\",\"url\":\"https:\\\/\\\/diariotextual.com\\\/inicio\\\/index.php\\\/2023\\\/03\\\/09\\\/se-presento-el-7-festival-de-cine-en-general-pico\\\/\",\"name\":\"Se present\u00f3 el 7\u00b0 Festival de Cine en General Pico - Diario Textual\",\"isPartOf\":{\"@id\":\"https:\\\/\\\/diariotextual.com\\\/inicio\\\/#website\"},\"primaryImageOfPage\":{\"@id\":\"https:\\\/\\\/diariotextual.com\\\/inicio\\\/index.php\\\/2023\\\/03\\\/09\\\/se-presento-el-7-festival-de-cine-en-general-pico\\\/#primaryimage\"},\"image\":{\"@id\":\"https:\\\/\\\/diariotextual.com\\\/inicio\\\/index.php\\\/2023\\\/03\\\/09\\\/se-presento-el-7-festival-de-cine-en-general-pico\\\/#primaryimage\"},\"thumbnailUrl\":\"https:\\\/\\\/diariotextual.com\\\/inicio\\\/wp-content\\\/uploads\\\/2023\\\/03\\\/festivalcinepico202333.jpg\",\"datePublished\":\"2023-03-09T21:57:05+00:00\",\"dateModified\":\"2023-03-10T13:04:01+00:00\",\"breadcrumb\":{\"@id\":\"https:\\\/\\\/diariotextual.com\\\/inicio\\\/index.php\\\/2023\\\/03\\\/09\\\/se-presento-el-7-festival-de-cine-en-general-pico\\\/#breadcrumb\"},\"inLanguage\":\"es\",\"potentialAction\":[{\"@type\":\"ReadAction\",\"target\":[\"https:\\\/\\\/diariotextual.com\\\/inicio\\\/index.php\\\/2023\\\/03\\\/09\\\/se-presento-el-7-festival-de-cine-en-general-pico\\\/\"]}]},{\"@type\":\"ImageObject\",\"inLanguage\":\"es\",\"@id\":\"https:\\\/\\\/diariotextual.com\\\/inicio\\\/index.php\\\/2023\\\/03\\\/09\\\/se-presento-el-7-festival-de-cine-en-general-pico\\\/#primaryimage\",\"url\":\"https:\\\/\\\/diariotextual.com\\\/inicio\\\/wp-content\\\/uploads\\\/2023\\\/03\\\/festivalcinepico202333.jpg\",\"contentUrl\":\"https:\\\/\\\/diariotextual.com\\\/inicio\\\/wp-content\\\/uploads\\\/2023\\\/03\\\/festivalcinepico202333.jpg\",\"width\":900,\"height\":584},{\"@type\":\"BreadcrumbList\",\"@id\":\"https:\\\/\\\/diariotextual.com\\\/inicio\\\/index.php\\\/2023\\\/03\\\/09\\\/se-presento-el-7-festival-de-cine-en-general-pico\\\/#breadcrumb\",\"itemListElement\":[{\"@type\":\"ListItem\",\"position\":1,\"name\":\"Portada\",\"item\":\"https:\\\/\\\/diariotextual.com\\\/inicio\\\/\"},{\"@type\":\"ListItem\",\"position\":2,\"name\":\"Se present\u00f3 el 7\u00b0 Festival de Cine en General Pico\"}]},{\"@type\":\"WebSite\",\"@id\":\"https:\\\/\\\/diariotextual.com\\\/inicio\\\/#website\",\"url\":\"https:\\\/\\\/diariotextual.com\\\/inicio\\\/\",\"name\":\"Diario Textual\",\"description\":\"\",\"publisher\":{\"@id\":\"https:\\\/\\\/diariotextual.com\\\/inicio\\\/#organization\"},\"potentialAction\":[{\"@type\":\"SearchAction\",\"target\":{\"@type\":\"EntryPoint\",\"urlTemplate\":\"https:\\\/\\\/diariotextual.com\\\/inicio\\\/?s={search_term_string}\"},\"query-input\":{\"@type\":\"PropertyValueSpecification\",\"valueRequired\":true,\"valueName\":\"search_term_string\"}}],\"inLanguage\":\"es\"},{\"@type\":\"Organization\",\"@id\":\"https:\\\/\\\/diariotextual.com\\\/inicio\\\/#organization\",\"name\":\"Diario Textual\",\"url\":\"https:\\\/\\\/diariotextual.com\\\/inicio\\\/\",\"logo\":{\"@type\":\"ImageObject\",\"inLanguage\":\"es\",\"@id\":\"https:\\\/\\\/diariotextual.com\\\/inicio\\\/#\\\/schema\\\/logo\\\/image\\\/\",\"url\":\"https:\\\/\\\/diariotextual.com\\\/inicio\\\/wp-content\\\/uploads\\\/2023\\\/05\\\/logotextual1.jpg\",\"contentUrl\":\"https:\\\/\\\/diariotextual.com\\\/inicio\\\/wp-content\\\/uploads\\\/2023\\\/05\\\/logotextual1.jpg\",\"width\":516,\"height\":76,\"caption\":\"Diario Textual\"},\"image\":{\"@id\":\"https:\\\/\\\/diariotextual.com\\\/inicio\\\/#\\\/schema\\\/logo\\\/image\\\/\"},\"sameAs\":[\"https:\\\/\\\/www.facebook.com\\\/eltextual\",\"https:\\\/\\\/x.com\\\/eltextual\",\"http:\\\/\\\/www.instagram.com\\\/eltextual\"]},{\"@type\":\"Person\",\"@id\":\"https:\\\/\\\/diariotextual.com\\\/inicio\\\/#\\\/schema\\\/person\\\/694f60677f23c4a530867a98f22b3768\",\"name\":\"diario2\",\"image\":{\"@type\":\"ImageObject\",\"inLanguage\":\"es\",\"@id\":\"https:\\\/\\\/secure.gravatar.com\\\/avatar\\\/5a2567495ba16b852fcd8f1ed006a2e24fcace936018ed8237e95f488ad6e0a7?s=96&d=mm&r=g\",\"url\":\"https:\\\/\\\/secure.gravatar.com\\\/avatar\\\/5a2567495ba16b852fcd8f1ed006a2e24fcace936018ed8237e95f488ad6e0a7?s=96&d=mm&r=g\",\"contentUrl\":\"https:\\\/\\\/secure.gravatar.com\\\/avatar\\\/5a2567495ba16b852fcd8f1ed006a2e24fcace936018ed8237e95f488ad6e0a7?s=96&d=mm&r=g\",\"caption\":\"diario2\"},\"url\":\"https:\\\/\\\/diariotextual.com\\\/inicio\\\/index.php\\\/author\\\/diario2\\\/\"}]}<\/script>\n<!-- \/ Yoast SEO plugin. -->","yoast_head_json":{"title":"Se present\u00f3 el 7\u00b0 Festival de Cine en General Pico - Diario Textual","robots":{"index":"index","follow":"follow","max-snippet":"max-snippet:-1","max-image-preview":"max-image-preview:large","max-video-preview":"max-video-preview:-1"},"canonical":"https:\/\/diariotextual.com\/inicio\/index.php\/2023\/03\/09\/se-presento-el-7-festival-de-cine-en-general-pico\/","og_locale":"es_ES","og_type":"article","og_title":"Se present\u00f3 el 7\u00b0 Festival de Cine en General Pico - Diario Textual","og_description":"El 7\u00b0 Festival de Cine de General Pico &#8211; que se realizar\u00e1 del 3 al 9 de agosto- fue presentado este jueves en el Cine Teatro Pico. Participaron del anuncio&hellip;","og_url":"https:\/\/diariotextual.com\/inicio\/index.php\/2023\/03\/09\/se-presento-el-7-festival-de-cine-en-general-pico\/","og_site_name":"Diario Textual","article_publisher":"https:\/\/www.facebook.com\/eltextual","article_published_time":"2023-03-09T21:57:05+00:00","article_modified_time":"2023-03-10T13:04:01+00:00","og_image":[{"width":900,"height":584,"url":"https:\/\/diariotextual.com\/inicio\/wp-content\/uploads\/2023\/03\/festivalcinepico202333.jpg","type":"image\/jpeg"}],"author":"diario2","twitter_card":"summary_large_image","twitter_creator":"@eltextual","twitter_site":"@eltextual","twitter_misc":{"Escrito por":"diario2","Tiempo de lectura":"3 minutos"},"schema":{"@context":"https:\/\/schema.org","@graph":[{"@type":"Article","@id":"https:\/\/diariotextual.com\/inicio\/index.php\/2023\/03\/09\/se-presento-el-7-festival-de-cine-en-general-pico\/#article","isPartOf":{"@id":"https:\/\/diariotextual.com\/inicio\/index.php\/2023\/03\/09\/se-presento-el-7-festival-de-cine-en-general-pico\/"},"author":{"name":"diario2","@id":"https:\/\/diariotextual.com\/inicio\/#\/schema\/person\/694f60677f23c4a530867a98f22b3768"},"headline":"Se present\u00f3 el 7\u00b0 Festival de Cine en General Pico","datePublished":"2023-03-09T21:57:05+00:00","dateModified":"2023-03-10T13:04:01+00:00","mainEntityOfPage":{"@id":"https:\/\/diariotextual.com\/inicio\/index.php\/2023\/03\/09\/se-presento-el-7-festival-de-cine-en-general-pico\/"},"wordCount":615,"publisher":{"@id":"https:\/\/diariotextual.com\/inicio\/#organization"},"image":{"@id":"https:\/\/diariotextual.com\/inicio\/index.php\/2023\/03\/09\/se-presento-el-7-festival-de-cine-en-general-pico\/#primaryimage"},"thumbnailUrl":"https:\/\/diariotextual.com\/inicio\/wp-content\/uploads\/2023\/03\/festivalcinepico202333.jpg","articleSection":["A - ES NOTICIA (van abajo)","A - QUE PASA (al costado)","CULTURA"],"inLanguage":"es"},{"@type":"WebPage","@id":"https:\/\/diariotextual.com\/inicio\/index.php\/2023\/03\/09\/se-presento-el-7-festival-de-cine-en-general-pico\/","url":"https:\/\/diariotextual.com\/inicio\/index.php\/2023\/03\/09\/se-presento-el-7-festival-de-cine-en-general-pico\/","name":"Se present\u00f3 el 7\u00b0 Festival de Cine en General Pico - Diario Textual","isPartOf":{"@id":"https:\/\/diariotextual.com\/inicio\/#website"},"primaryImageOfPage":{"@id":"https:\/\/diariotextual.com\/inicio\/index.php\/2023\/03\/09\/se-presento-el-7-festival-de-cine-en-general-pico\/#primaryimage"},"image":{"@id":"https:\/\/diariotextual.com\/inicio\/index.php\/2023\/03\/09\/se-presento-el-7-festival-de-cine-en-general-pico\/#primaryimage"},"thumbnailUrl":"https:\/\/diariotextual.com\/inicio\/wp-content\/uploads\/2023\/03\/festivalcinepico202333.jpg","datePublished":"2023-03-09T21:57:05+00:00","dateModified":"2023-03-10T13:04:01+00:00","breadcrumb":{"@id":"https:\/\/diariotextual.com\/inicio\/index.php\/2023\/03\/09\/se-presento-el-7-festival-de-cine-en-general-pico\/#breadcrumb"},"inLanguage":"es","potentialAction":[{"@type":"ReadAction","target":["https:\/\/diariotextual.com\/inicio\/index.php\/2023\/03\/09\/se-presento-el-7-festival-de-cine-en-general-pico\/"]}]},{"@type":"ImageObject","inLanguage":"es","@id":"https:\/\/diariotextual.com\/inicio\/index.php\/2023\/03\/09\/se-presento-el-7-festival-de-cine-en-general-pico\/#primaryimage","url":"https:\/\/diariotextual.com\/inicio\/wp-content\/uploads\/2023\/03\/festivalcinepico202333.jpg","contentUrl":"https:\/\/diariotextual.com\/inicio\/wp-content\/uploads\/2023\/03\/festivalcinepico202333.jpg","width":900,"height":584},{"@type":"BreadcrumbList","@id":"https:\/\/diariotextual.com\/inicio\/index.php\/2023\/03\/09\/se-presento-el-7-festival-de-cine-en-general-pico\/#breadcrumb","itemListElement":[{"@type":"ListItem","position":1,"name":"Portada","item":"https:\/\/diariotextual.com\/inicio\/"},{"@type":"ListItem","position":2,"name":"Se present\u00f3 el 7\u00b0 Festival de Cine en General Pico"}]},{"@type":"WebSite","@id":"https:\/\/diariotextual.com\/inicio\/#website","url":"https:\/\/diariotextual.com\/inicio\/","name":"Diario Textual","description":"","publisher":{"@id":"https:\/\/diariotextual.com\/inicio\/#organization"},"potentialAction":[{"@type":"SearchAction","target":{"@type":"EntryPoint","urlTemplate":"https:\/\/diariotextual.com\/inicio\/?s={search_term_string}"},"query-input":{"@type":"PropertyValueSpecification","valueRequired":true,"valueName":"search_term_string"}}],"inLanguage":"es"},{"@type":"Organization","@id":"https:\/\/diariotextual.com\/inicio\/#organization","name":"Diario Textual","url":"https:\/\/diariotextual.com\/inicio\/","logo":{"@type":"ImageObject","inLanguage":"es","@id":"https:\/\/diariotextual.com\/inicio\/#\/schema\/logo\/image\/","url":"https:\/\/diariotextual.com\/inicio\/wp-content\/uploads\/2023\/05\/logotextual1.jpg","contentUrl":"https:\/\/diariotextual.com\/inicio\/wp-content\/uploads\/2023\/05\/logotextual1.jpg","width":516,"height":76,"caption":"Diario Textual"},"image":{"@id":"https:\/\/diariotextual.com\/inicio\/#\/schema\/logo\/image\/"},"sameAs":["https:\/\/www.facebook.com\/eltextual","https:\/\/x.com\/eltextual","http:\/\/www.instagram.com\/eltextual"]},{"@type":"Person","@id":"https:\/\/diariotextual.com\/inicio\/#\/schema\/person\/694f60677f23c4a530867a98f22b3768","name":"diario2","image":{"@type":"ImageObject","inLanguage":"es","@id":"https:\/\/secure.gravatar.com\/avatar\/5a2567495ba16b852fcd8f1ed006a2e24fcace936018ed8237e95f488ad6e0a7?s=96&d=mm&r=g","url":"https:\/\/secure.gravatar.com\/avatar\/5a2567495ba16b852fcd8f1ed006a2e24fcace936018ed8237e95f488ad6e0a7?s=96&d=mm&r=g","contentUrl":"https:\/\/secure.gravatar.com\/avatar\/5a2567495ba16b852fcd8f1ed006a2e24fcace936018ed8237e95f488ad6e0a7?s=96&d=mm&r=g","caption":"diario2"},"url":"https:\/\/diariotextual.com\/inicio\/index.php\/author\/diario2\/"}]}},"_links":{"self":[{"href":"https:\/\/diariotextual.com\/inicio\/index.php\/wp-json\/wp\/v2\/posts\/218374","targetHints":{"allow":["GET"]}}],"collection":[{"href":"https:\/\/diariotextual.com\/inicio\/index.php\/wp-json\/wp\/v2\/posts"}],"about":[{"href":"https:\/\/diariotextual.com\/inicio\/index.php\/wp-json\/wp\/v2\/types\/post"}],"author":[{"embeddable":true,"href":"https:\/\/diariotextual.com\/inicio\/index.php\/wp-json\/wp\/v2\/users\/4"}],"replies":[{"embeddable":true,"href":"https:\/\/diariotextual.com\/inicio\/index.php\/wp-json\/wp\/v2\/comments?post=218374"}],"version-history":[{"count":1,"href":"https:\/\/diariotextual.com\/inicio\/index.php\/wp-json\/wp\/v2\/posts\/218374\/revisions"}],"predecessor-version":[{"id":218376,"href":"https:\/\/diariotextual.com\/inicio\/index.php\/wp-json\/wp\/v2\/posts\/218374\/revisions\/218376"}],"wp:featuredmedia":[{"embeddable":true,"href":"https:\/\/diariotextual.com\/inicio\/index.php\/wp-json\/wp\/v2\/media\/218375"}],"wp:attachment":[{"href":"https:\/\/diariotextual.com\/inicio\/index.php\/wp-json\/wp\/v2\/media?parent=218374"}],"wp:term":[{"taxonomy":"category","embeddable":true,"href":"https:\/\/diariotextual.com\/inicio\/index.php\/wp-json\/wp\/v2\/categories?post=218374"},{"taxonomy":"post_tag","embeddable":true,"href":"https:\/\/diariotextual.com\/inicio\/index.php\/wp-json\/wp\/v2\/tags?post=218374"}],"curies":[{"name":"wp","href":"https:\/\/api.w.org\/{rel}","templated":true}]}}