{"id":218411,"date":"2023-03-10T07:23:28","date_gmt":"2023-03-10T10:23:28","guid":{"rendered":"https:\/\/diariotextual.com\/inicio\/?p=218411"},"modified":"2023-03-10T07:23:31","modified_gmt":"2023-03-10T10:23:31","slug":"perczyk-presento-un-programa-para-fortalecer-la-carrera-de-investigacion-cientifica-universitaria","status":"publish","type":"post","link":"https:\/\/diariotextual.com\/inicio\/index.php\/2023\/03\/10\/perczyk-presento-un-programa-para-fortalecer-la-carrera-de-investigacion-cientifica-universitaria\/","title":{"rendered":"Perczyk present\u00f3 un programa para fortalecer la carrera de investigaci\u00f3n cient\u00edfica universitaria"},"content":{"rendered":"\n<p>El ministro de Educaci\u00f3n de la Naci\u00f3n, Jaime Perczyk, present\u00f3 este jueves un programa para <strong>fortalecer y jerarquizar la carrera de investigaci\u00f3n cient\u00edfica en las universidades nacionales<\/strong> y agradeci\u00f3 por el esfuerzo gigante para sostener a la universidad p\u00fablica.<\/p>\n\n\n\n<p>\u201cLa universidad es una de las plataformas que tiene la sociedad argentina para resolver sus problemas de desigualdad federal, territorial, de desarrollo local, de infraestructura, de educaci\u00f3n y de salud\u201d, asever\u00f3 el ministro.<\/p>\n\n\n\n<p>Y detall\u00f3 que el <strong>Programa para la Investigaci\u00f3n Universitaria Argentina (Prinuar)<\/strong> \u201ctiene como eje principal la categorizaci\u00f3n y recategorizaci\u00f3n de las y los docentes investigadores\u201d, y precis\u00f3 que \u201ces uno de los siete puntos que trabajamos con rectoras y rectores para mejorar el sistema universitario\u201d.<\/p>\n\n\n\n<p>El programa Pinuar tiene como objetivo <strong>institucionalizar la figura de la investigadora y el investigador de universidades p\u00fablicas y privadas<\/strong>, contemplando criterios que favorezcan la igualdad de g\u00e9nero, el federalismo y la autonom\u00eda, y que est\u00e9n en consonancia con las l\u00edneas propuestas por las universidades y las pol\u00edticas nacionales que apuntan a promover el desarrollo del conocimiento.<\/p>\n\n\n\n<p>Tambi\u00e9n articula los trabajos de investigaci\u00f3n con la docencia, la extensi\u00f3n y las artes, aportando una perspectiva integral para el desarrollo cient\u00edfico y tecnol\u00f3gico.<\/p>\n\n\n\n<p>Desde el Ministerio explicaron que el principal eje de trabajo es la categorizaci\u00f3n de las y los docentes, lo que permitir\u00e1 su iniciaci\u00f3n dentro de la carrera de investigaci\u00f3n cient\u00edfica.<\/p>\n\n\n\n<p>Para desarrollar el sistema de categorizaciones, que por primera vez se incorpora la educaci\u00f3n privada, se tuvieron en cuenta los consensos alcanzados en el seno de la Comisi\u00f3n de Ciencia, T\u00e9cnica y Arte del CIN, que incluy\u00f3 la consulta a especialistas nacionales e internacionales. Tambi\u00e9n incorpora nuevos aportes de actores del sistema universitario (CIN y CRUP) y de la Secretar\u00eda de Articulaci\u00f3n Cient\u00edfica y Tecnol\u00f3gica del MINCyT.<\/p>\n\n\n\n<p>El programa contempla expresamente integrar a la investigaci\u00f3n en artes como una categor\u00eda espec\u00edfica, con el objetivo de dotar de trayectorias y reconocimientos a investigadores que se desempe\u00f1an como docentes universitarios en dicha \u00e1rea de conocimiento.<\/p>\n\n\n\n<p>En abril se abrir\u00e1 la convocatoria para las postulaciones, que estar\u00e1 dirigida a docentes que realizan actividades de I+D o en artes tanto en instituciones universitarias de gesti\u00f3n estatal (p\u00fablica) como privada.<\/p>\n\n\n\n<p>Los interesados podr\u00e1n actualizar sus datos en <strong>argentina.gob.ar\/educacion\/universidades\/prinuar<\/strong><\/p>\n","protected":false},"excerpt":{"rendered":"<p>El ministro de Educaci\u00f3n de la Naci\u00f3n, Jaime Perczyk, present\u00f3 este jueves un programa para fortalecer y jerarquizar la carrera de investigaci\u00f3n cient\u00edfica en las universidades nacionales y agradeci\u00f3 por&hellip;<\/p>\n","protected":false},"author":4,"featured_media":164653,"comment_status":"closed","ping_status":"open","sticky":false,"template":"","format":"standard","meta":{"_acf_changed":false,"footnotes":""},"categories":[1,12],"tags":[],"class_list":["post-218411","post","type-post","status-publish","format-standard","has-post-thumbnail","hentry","category-es-noticia","category-sociedad"],"acf":[],"yoast_head":"<!-- This site is optimized with the Yoast SEO plugin v27.5 - https:\/\/yoast.com\/product\/yoast-seo-wordpress\/ -->\n<title>Perczyk present\u00f3 un programa para fortalecer la carrera de investigaci\u00f3n cient\u00edfica universitaria - Diario Textual<\/title>\n<meta name=\"robots\" content=\"index, follow, max-snippet:-1, max-image-preview:large, max-video-preview:-1\" \/>\n<link rel=\"canonical\" href=\"https:\/\/diariotextual.com\/inicio\/index.php\/2023\/03\/10\/perczyk-presento-un-programa-para-fortalecer-la-carrera-de-investigacion-cientifica-universitaria\/\" \/>\n<meta property=\"og:locale\" content=\"es_ES\" \/>\n<meta property=\"og:type\" content=\"article\" \/>\n<meta property=\"og:title\" content=\"Perczyk present\u00f3 un programa para fortalecer la carrera de investigaci\u00f3n cient\u00edfica universitaria - Diario Textual\" \/>\n<meta property=\"og:description\" content=\"El ministro de Educaci\u00f3n de la Naci\u00f3n, Jaime Perczyk, present\u00f3 este jueves un programa para fortalecer y jerarquizar la carrera de investigaci\u00f3n cient\u00edfica en las universidades nacionales y agradeci\u00f3 por&hellip;\" \/>\n<meta property=\"og:url\" content=\"https:\/\/diariotextual.com\/inicio\/index.php\/2023\/03\/10\/perczyk-presento-un-programa-para-fortalecer-la-carrera-de-investigacion-cientifica-universitaria\/\" \/>\n<meta property=\"og:site_name\" content=\"Diario Textual\" \/>\n<meta property=\"article:publisher\" content=\"https:\/\/www.facebook.com\/eltextual\" \/>\n<meta property=\"article:published_time\" content=\"2023-03-10T10:23:28+00:00\" \/>\n<meta property=\"article:modified_time\" content=\"2023-03-10T10:23:31+00:00\" \/>\n<meta property=\"og:image\" content=\"https:\/\/diariotextual.com\/inicio\/wp-content\/uploads\/2021\/10\/coronavirusastrazenecavacuna2021-0006.jpg\" \/>\n\t<meta property=\"og:image:width\" content=\"1004\" \/>\n\t<meta property=\"og:image:height\" content=\"565\" \/>\n\t<meta property=\"og:image:type\" content=\"image\/jpeg\" \/>\n<meta name=\"author\" content=\"diario2\" \/>\n<meta name=\"twitter:card\" content=\"summary_large_image\" \/>\n<meta name=\"twitter:creator\" content=\"@eltextual\" \/>\n<meta name=\"twitter:site\" content=\"@eltextual\" \/>\n<meta name=\"twitter:label1\" content=\"Escrito por\" \/>\n\t<meta name=\"twitter:data1\" content=\"diario2\" \/>\n\t<meta name=\"twitter:label2\" content=\"Tiempo de lectura\" \/>\n\t<meta name=\"twitter:data2\" content=\"2 minutos\" \/>\n<script type=\"application\/ld+json\" class=\"yoast-schema-graph\">{\"@context\":\"https:\\\/\\\/schema.org\",\"@graph\":[{\"@type\":\"Article\",\"@id\":\"https:\\\/\\\/diariotextual.com\\\/inicio\\\/index.php\\\/2023\\\/03\\\/10\\\/perczyk-presento-un-programa-para-fortalecer-la-carrera-de-investigacion-cientifica-universitaria\\\/#article\",\"isPartOf\":{\"@id\":\"https:\\\/\\\/diariotextual.com\\\/inicio\\\/index.php\\\/2023\\\/03\\\/10\\\/perczyk-presento-un-programa-para-fortalecer-la-carrera-de-investigacion-cientifica-universitaria\\\/\"},\"author\":{\"name\":\"diario2\",\"@id\":\"https:\\\/\\\/diariotextual.com\\\/inicio\\\/#\\\/schema\\\/person\\\/694f60677f23c4a530867a98f22b3768\"},\"headline\":\"Perczyk present\u00f3 un programa para fortalecer la carrera de investigaci\u00f3n cient\u00edfica universitaria\",\"datePublished\":\"2023-03-10T10:23:28+00:00\",\"dateModified\":\"2023-03-10T10:23:31+00:00\",\"mainEntityOfPage\":{\"@id\":\"https:\\\/\\\/diariotextual.com\\\/inicio\\\/index.php\\\/2023\\\/03\\\/10\\\/perczyk-presento-un-programa-para-fortalecer-la-carrera-de-investigacion-cientifica-universitaria\\\/\"},\"wordCount\":430,\"publisher\":{\"@id\":\"https:\\\/\\\/diariotextual.com\\\/inicio\\\/#organization\"},\"image\":{\"@id\":\"https:\\\/\\\/diariotextual.com\\\/inicio\\\/index.php\\\/2023\\\/03\\\/10\\\/perczyk-presento-un-programa-para-fortalecer-la-carrera-de-investigacion-cientifica-universitaria\\\/#primaryimage\"},\"thumbnailUrl\":\"https:\\\/\\\/diariotextual.com\\\/inicio\\\/wp-content\\\/uploads\\\/2021\\\/10\\\/coronavirusastrazenecavacuna2021-0006.jpg\",\"articleSection\":[\"A - ES NOTICIA (van abajo)\",\"SOCIEDAD\"],\"inLanguage\":\"es\"},{\"@type\":\"WebPage\",\"@id\":\"https:\\\/\\\/diariotextual.com\\\/inicio\\\/index.php\\\/2023\\\/03\\\/10\\\/perczyk-presento-un-programa-para-fortalecer-la-carrera-de-investigacion-cientifica-universitaria\\\/\",\"url\":\"https:\\\/\\\/diariotextual.com\\\/inicio\\\/index.php\\\/2023\\\/03\\\/10\\\/perczyk-presento-un-programa-para-fortalecer-la-carrera-de-investigacion-cientifica-universitaria\\\/\",\"name\":\"Perczyk present\u00f3 un programa para fortalecer la carrera de investigaci\u00f3n cient\u00edfica universitaria - Diario Textual\",\"isPartOf\":{\"@id\":\"https:\\\/\\\/diariotextual.com\\\/inicio\\\/#website\"},\"primaryImageOfPage\":{\"@id\":\"https:\\\/\\\/diariotextual.com\\\/inicio\\\/index.php\\\/2023\\\/03\\\/10\\\/perczyk-presento-un-programa-para-fortalecer-la-carrera-de-investigacion-cientifica-universitaria\\\/#primaryimage\"},\"image\":{\"@id\":\"https:\\\/\\\/diariotextual.com\\\/inicio\\\/index.php\\\/2023\\\/03\\\/10\\\/perczyk-presento-un-programa-para-fortalecer-la-carrera-de-investigacion-cientifica-universitaria\\\/#primaryimage\"},\"thumbnailUrl\":\"https:\\\/\\\/diariotextual.com\\\/inicio\\\/wp-content\\\/uploads\\\/2021\\\/10\\\/coronavirusastrazenecavacuna2021-0006.jpg\",\"datePublished\":\"2023-03-10T10:23:28+00:00\",\"dateModified\":\"2023-03-10T10:23:31+00:00\",\"breadcrumb\":{\"@id\":\"https:\\\/\\\/diariotextual.com\\\/inicio\\\/index.php\\\/2023\\\/03\\\/10\\\/perczyk-presento-un-programa-para-fortalecer-la-carrera-de-investigacion-cientifica-universitaria\\\/#breadcrumb\"},\"inLanguage\":\"es\",\"potentialAction\":[{\"@type\":\"ReadAction\",\"target\":[\"https:\\\/\\\/diariotextual.com\\\/inicio\\\/index.php\\\/2023\\\/03\\\/10\\\/perczyk-presento-un-programa-para-fortalecer-la-carrera-de-investigacion-cientifica-universitaria\\\/\"]}]},{\"@type\":\"ImageObject\",\"inLanguage\":\"es\",\"@id\":\"https:\\\/\\\/diariotextual.com\\\/inicio\\\/index.php\\\/2023\\\/03\\\/10\\\/perczyk-presento-un-programa-para-fortalecer-la-carrera-de-investigacion-cientifica-universitaria\\\/#primaryimage\",\"url\":\"https:\\\/\\\/diariotextual.com\\\/inicio\\\/wp-content\\\/uploads\\\/2021\\\/10\\\/coronavirusastrazenecavacuna2021-0006.jpg\",\"contentUrl\":\"https:\\\/\\\/diariotextual.com\\\/inicio\\\/wp-content\\\/uploads\\\/2021\\\/10\\\/coronavirusastrazenecavacuna2021-0006.jpg\",\"width\":1004,\"height\":565},{\"@type\":\"BreadcrumbList\",\"@id\":\"https:\\\/\\\/diariotextual.com\\\/inicio\\\/index.php\\\/2023\\\/03\\\/10\\\/perczyk-presento-un-programa-para-fortalecer-la-carrera-de-investigacion-cientifica-universitaria\\\/#breadcrumb\",\"itemListElement\":[{\"@type\":\"ListItem\",\"position\":1,\"name\":\"Portada\",\"item\":\"https:\\\/\\\/diariotextual.com\\\/inicio\\\/\"},{\"@type\":\"ListItem\",\"position\":2,\"name\":\"Perczyk present\u00f3 un programa para fortalecer la carrera de investigaci\u00f3n cient\u00edfica universitaria\"}]},{\"@type\":\"WebSite\",\"@id\":\"https:\\\/\\\/diariotextual.com\\\/inicio\\\/#website\",\"url\":\"https:\\\/\\\/diariotextual.com\\\/inicio\\\/\",\"name\":\"Diario Textual\",\"description\":\"\",\"publisher\":{\"@id\":\"https:\\\/\\\/diariotextual.com\\\/inicio\\\/#organization\"},\"potentialAction\":[{\"@type\":\"SearchAction\",\"target\":{\"@type\":\"EntryPoint\",\"urlTemplate\":\"https:\\\/\\\/diariotextual.com\\\/inicio\\\/?s={search_term_string}\"},\"query-input\":{\"@type\":\"PropertyValueSpecification\",\"valueRequired\":true,\"valueName\":\"search_term_string\"}}],\"inLanguage\":\"es\"},{\"@type\":\"Organization\",\"@id\":\"https:\\\/\\\/diariotextual.com\\\/inicio\\\/#organization\",\"name\":\"Diario Textual\",\"url\":\"https:\\\/\\\/diariotextual.com\\\/inicio\\\/\",\"logo\":{\"@type\":\"ImageObject\",\"inLanguage\":\"es\",\"@id\":\"https:\\\/\\\/diariotextual.com\\\/inicio\\\/#\\\/schema\\\/logo\\\/image\\\/\",\"url\":\"https:\\\/\\\/diariotextual.com\\\/inicio\\\/wp-content\\\/uploads\\\/2023\\\/05\\\/logotextual1.jpg\",\"contentUrl\":\"https:\\\/\\\/diariotextual.com\\\/inicio\\\/wp-content\\\/uploads\\\/2023\\\/05\\\/logotextual1.jpg\",\"width\":516,\"height\":76,\"caption\":\"Diario Textual\"},\"image\":{\"@id\":\"https:\\\/\\\/diariotextual.com\\\/inicio\\\/#\\\/schema\\\/logo\\\/image\\\/\"},\"sameAs\":[\"https:\\\/\\\/www.facebook.com\\\/eltextual\",\"https:\\\/\\\/x.com\\\/eltextual\",\"http:\\\/\\\/www.instagram.com\\\/eltextual\"]},{\"@type\":\"Person\",\"@id\":\"https:\\\/\\\/diariotextual.com\\\/inicio\\\/#\\\/schema\\\/person\\\/694f60677f23c4a530867a98f22b3768\",\"name\":\"diario2\",\"image\":{\"@type\":\"ImageObject\",\"inLanguage\":\"es\",\"@id\":\"https:\\\/\\\/secure.gravatar.com\\\/avatar\\\/5a2567495ba16b852fcd8f1ed006a2e24fcace936018ed8237e95f488ad6e0a7?s=96&d=mm&r=g\",\"url\":\"https:\\\/\\\/secure.gravatar.com\\\/avatar\\\/5a2567495ba16b852fcd8f1ed006a2e24fcace936018ed8237e95f488ad6e0a7?s=96&d=mm&r=g\",\"contentUrl\":\"https:\\\/\\\/secure.gravatar.com\\\/avatar\\\/5a2567495ba16b852fcd8f1ed006a2e24fcace936018ed8237e95f488ad6e0a7?s=96&d=mm&r=g\",\"caption\":\"diario2\"},\"url\":\"https:\\\/\\\/diariotextual.com\\\/inicio\\\/index.php\\\/author\\\/diario2\\\/\"}]}<\/script>\n<!-- \/ Yoast SEO plugin. -->","yoast_head_json":{"title":"Perczyk present\u00f3 un programa para fortalecer la carrera de investigaci\u00f3n cient\u00edfica universitaria - Diario Textual","robots":{"index":"index","follow":"follow","max-snippet":"max-snippet:-1","max-image-preview":"max-image-preview:large","max-video-preview":"max-video-preview:-1"},"canonical":"https:\/\/diariotextual.com\/inicio\/index.php\/2023\/03\/10\/perczyk-presento-un-programa-para-fortalecer-la-carrera-de-investigacion-cientifica-universitaria\/","og_locale":"es_ES","og_type":"article","og_title":"Perczyk present\u00f3 un programa para fortalecer la carrera de investigaci\u00f3n cient\u00edfica universitaria - Diario Textual","og_description":"El ministro de Educaci\u00f3n de la Naci\u00f3n, Jaime Perczyk, present\u00f3 este jueves un programa para fortalecer y jerarquizar la carrera de investigaci\u00f3n cient\u00edfica en las universidades nacionales y agradeci\u00f3 por&hellip;","og_url":"https:\/\/diariotextual.com\/inicio\/index.php\/2023\/03\/10\/perczyk-presento-un-programa-para-fortalecer-la-carrera-de-investigacion-cientifica-universitaria\/","og_site_name":"Diario Textual","article_publisher":"https:\/\/www.facebook.com\/eltextual","article_published_time":"2023-03-10T10:23:28+00:00","article_modified_time":"2023-03-10T10:23:31+00:00","og_image":[{"width":1004,"height":565,"url":"https:\/\/diariotextual.com\/inicio\/wp-content\/uploads\/2021\/10\/coronavirusastrazenecavacuna2021-0006.jpg","type":"image\/jpeg"}],"author":"diario2","twitter_card":"summary_large_image","twitter_creator":"@eltextual","twitter_site":"@eltextual","twitter_misc":{"Escrito por":"diario2","Tiempo de lectura":"2 minutos"},"schema":{"@context":"https:\/\/schema.org","@graph":[{"@type":"Article","@id":"https:\/\/diariotextual.com\/inicio\/index.php\/2023\/03\/10\/perczyk-presento-un-programa-para-fortalecer-la-carrera-de-investigacion-cientifica-universitaria\/#article","isPartOf":{"@id":"https:\/\/diariotextual.com\/inicio\/index.php\/2023\/03\/10\/perczyk-presento-un-programa-para-fortalecer-la-carrera-de-investigacion-cientifica-universitaria\/"},"author":{"name":"diario2","@id":"https:\/\/diariotextual.com\/inicio\/#\/schema\/person\/694f60677f23c4a530867a98f22b3768"},"headline":"Perczyk present\u00f3 un programa para fortalecer la carrera de investigaci\u00f3n cient\u00edfica universitaria","datePublished":"2023-03-10T10:23:28+00:00","dateModified":"2023-03-10T10:23:31+00:00","mainEntityOfPage":{"@id":"https:\/\/diariotextual.com\/inicio\/index.php\/2023\/03\/10\/perczyk-presento-un-programa-para-fortalecer-la-carrera-de-investigacion-cientifica-universitaria\/"},"wordCount":430,"publisher":{"@id":"https:\/\/diariotextual.com\/inicio\/#organization"},"image":{"@id":"https:\/\/diariotextual.com\/inicio\/index.php\/2023\/03\/10\/perczyk-presento-un-programa-para-fortalecer-la-carrera-de-investigacion-cientifica-universitaria\/#primaryimage"},"thumbnailUrl":"https:\/\/diariotextual.com\/inicio\/wp-content\/uploads\/2021\/10\/coronavirusastrazenecavacuna2021-0006.jpg","articleSection":["A - ES NOTICIA (van abajo)","SOCIEDAD"],"inLanguage":"es"},{"@type":"WebPage","@id":"https:\/\/diariotextual.com\/inicio\/index.php\/2023\/03\/10\/perczyk-presento-un-programa-para-fortalecer-la-carrera-de-investigacion-cientifica-universitaria\/","url":"https:\/\/diariotextual.com\/inicio\/index.php\/2023\/03\/10\/perczyk-presento-un-programa-para-fortalecer-la-carrera-de-investigacion-cientifica-universitaria\/","name":"Perczyk present\u00f3 un programa para fortalecer la carrera de investigaci\u00f3n cient\u00edfica universitaria - Diario Textual","isPartOf":{"@id":"https:\/\/diariotextual.com\/inicio\/#website"},"primaryImageOfPage":{"@id":"https:\/\/diariotextual.com\/inicio\/index.php\/2023\/03\/10\/perczyk-presento-un-programa-para-fortalecer-la-carrera-de-investigacion-cientifica-universitaria\/#primaryimage"},"image":{"@id":"https:\/\/diariotextual.com\/inicio\/index.php\/2023\/03\/10\/perczyk-presento-un-programa-para-fortalecer-la-carrera-de-investigacion-cientifica-universitaria\/#primaryimage"},"thumbnailUrl":"https:\/\/diariotextual.com\/inicio\/wp-content\/uploads\/2021\/10\/coronavirusastrazenecavacuna2021-0006.jpg","datePublished":"2023-03-10T10:23:28+00:00","dateModified":"2023-03-10T10:23:31+00:00","breadcrumb":{"@id":"https:\/\/diariotextual.com\/inicio\/index.php\/2023\/03\/10\/perczyk-presento-un-programa-para-fortalecer-la-carrera-de-investigacion-cientifica-universitaria\/#breadcrumb"},"inLanguage":"es","potentialAction":[{"@type":"ReadAction","target":["https:\/\/diariotextual.com\/inicio\/index.php\/2023\/03\/10\/perczyk-presento-un-programa-para-fortalecer-la-carrera-de-investigacion-cientifica-universitaria\/"]}]},{"@type":"ImageObject","inLanguage":"es","@id":"https:\/\/diariotextual.com\/inicio\/index.php\/2023\/03\/10\/perczyk-presento-un-programa-para-fortalecer-la-carrera-de-investigacion-cientifica-universitaria\/#primaryimage","url":"https:\/\/diariotextual.com\/inicio\/wp-content\/uploads\/2021\/10\/coronavirusastrazenecavacuna2021-0006.jpg","contentUrl":"https:\/\/diariotextual.com\/inicio\/wp-content\/uploads\/2021\/10\/coronavirusastrazenecavacuna2021-0006.jpg","width":1004,"height":565},{"@type":"BreadcrumbList","@id":"https:\/\/diariotextual.com\/inicio\/index.php\/2023\/03\/10\/perczyk-presento-un-programa-para-fortalecer-la-carrera-de-investigacion-cientifica-universitaria\/#breadcrumb","itemListElement":[{"@type":"ListItem","position":1,"name":"Portada","item":"https:\/\/diariotextual.com\/inicio\/"},{"@type":"ListItem","position":2,"name":"Perczyk present\u00f3 un programa para fortalecer la carrera de investigaci\u00f3n cient\u00edfica universitaria"}]},{"@type":"WebSite","@id":"https:\/\/diariotextual.com\/inicio\/#website","url":"https:\/\/diariotextual.com\/inicio\/","name":"Diario Textual","description":"","publisher":{"@id":"https:\/\/diariotextual.com\/inicio\/#organization"},"potentialAction":[{"@type":"SearchAction","target":{"@type":"EntryPoint","urlTemplate":"https:\/\/diariotextual.com\/inicio\/?s={search_term_string}"},"query-input":{"@type":"PropertyValueSpecification","valueRequired":true,"valueName":"search_term_string"}}],"inLanguage":"es"},{"@type":"Organization","@id":"https:\/\/diariotextual.com\/inicio\/#organization","name":"Diario Textual","url":"https:\/\/diariotextual.com\/inicio\/","logo":{"@type":"ImageObject","inLanguage":"es","@id":"https:\/\/diariotextual.com\/inicio\/#\/schema\/logo\/image\/","url":"https:\/\/diariotextual.com\/inicio\/wp-content\/uploads\/2023\/05\/logotextual1.jpg","contentUrl":"https:\/\/diariotextual.com\/inicio\/wp-content\/uploads\/2023\/05\/logotextual1.jpg","width":516,"height":76,"caption":"Diario Textual"},"image":{"@id":"https:\/\/diariotextual.com\/inicio\/#\/schema\/logo\/image\/"},"sameAs":["https:\/\/www.facebook.com\/eltextual","https:\/\/x.com\/eltextual","http:\/\/www.instagram.com\/eltextual"]},{"@type":"Person","@id":"https:\/\/diariotextual.com\/inicio\/#\/schema\/person\/694f60677f23c4a530867a98f22b3768","name":"diario2","image":{"@type":"ImageObject","inLanguage":"es","@id":"https:\/\/secure.gravatar.com\/avatar\/5a2567495ba16b852fcd8f1ed006a2e24fcace936018ed8237e95f488ad6e0a7?s=96&d=mm&r=g","url":"https:\/\/secure.gravatar.com\/avatar\/5a2567495ba16b852fcd8f1ed006a2e24fcace936018ed8237e95f488ad6e0a7?s=96&d=mm&r=g","contentUrl":"https:\/\/secure.gravatar.com\/avatar\/5a2567495ba16b852fcd8f1ed006a2e24fcace936018ed8237e95f488ad6e0a7?s=96&d=mm&r=g","caption":"diario2"},"url":"https:\/\/diariotextual.com\/inicio\/index.php\/author\/diario2\/"}]}},"_links":{"self":[{"href":"https:\/\/diariotextual.com\/inicio\/index.php\/wp-json\/wp\/v2\/posts\/218411","targetHints":{"allow":["GET"]}}],"collection":[{"href":"https:\/\/diariotextual.com\/inicio\/index.php\/wp-json\/wp\/v2\/posts"}],"about":[{"href":"https:\/\/diariotextual.com\/inicio\/index.php\/wp-json\/wp\/v2\/types\/post"}],"author":[{"embeddable":true,"href":"https:\/\/diariotextual.com\/inicio\/index.php\/wp-json\/wp\/v2\/users\/4"}],"replies":[{"embeddable":true,"href":"https:\/\/diariotextual.com\/inicio\/index.php\/wp-json\/wp\/v2\/comments?post=218411"}],"version-history":[{"count":1,"href":"https:\/\/diariotextual.com\/inicio\/index.php\/wp-json\/wp\/v2\/posts\/218411\/revisions"}],"predecessor-version":[{"id":218412,"href":"https:\/\/diariotextual.com\/inicio\/index.php\/wp-json\/wp\/v2\/posts\/218411\/revisions\/218412"}],"wp:featuredmedia":[{"embeddable":true,"href":"https:\/\/diariotextual.com\/inicio\/index.php\/wp-json\/wp\/v2\/media\/164653"}],"wp:attachment":[{"href":"https:\/\/diariotextual.com\/inicio\/index.php\/wp-json\/wp\/v2\/media?parent=218411"}],"wp:term":[{"taxonomy":"category","embeddable":true,"href":"https:\/\/diariotextual.com\/inicio\/index.php\/wp-json\/wp\/v2\/categories?post=218411"},{"taxonomy":"post_tag","embeddable":true,"href":"https:\/\/diariotextual.com\/inicio\/index.php\/wp-json\/wp\/v2\/tags?post=218411"}],"curies":[{"name":"wp","href":"https:\/\/api.w.org\/{rel}","templated":true}]}}