{"id":218458,"date":"2023-03-10T14:05:06","date_gmt":"2023-03-10T17:05:06","guid":{"rendered":"https:\/\/diariotextual.com\/inicio\/?p=218458"},"modified":"2023-03-11T20:12:46","modified_gmt":"2023-03-11T23:12:46","slug":"linea-pampeana-de-vajilla-enlozada-desembarca-en-miami","status":"publish","type":"post","link":"https:\/\/diariotextual.com\/inicio\/index.php\/2023\/03\/10\/linea-pampeana-de-vajilla-enlozada-desembarca-en-miami\/","title":{"rendered":"L\u00ednea pampeana de vajilla enlozada desembarca en Miami"},"content":{"rendered":"\n<p>La l\u00ednea de dise\u00f1o de vajilla enlozada <strong>El Galp\u00f3n del Ed\u00e9n,<\/strong> de General Acha, se expande. Su due\u00f1a y encargada de los dise\u00f1os, <strong>Gabriela Iturrioz, anunci\u00f3 que pr\u00f3ximamente abrir\u00e1 una sucursal en Miami para atender la demanda del p\u00fablico norteamericano y europeo.<\/strong> \u201cHacemos m\u00e1s que una fuente enlozada, vendemos el puente emocional que te conecta con lo mejor de tu ni\u00f1ez, con la mesa familiar\u201d, cont\u00f3.<\/p>\n\n\n\n<p>Los enlozados -en su mayor\u00eda de cer\u00e1mica- forman parte del centenario almac\u00e9n de ramos generales La Nueva Moderna. \u201cS\u00f3lo un peque\u00f1o porcentaje es enlozado; nos piden de todas partes del mundo\u201d, reconoci\u00f3. <\/p>\n\n\n\n<p>Iturrioz es licenciada en comercio internacional y martillera y cre\u00f3 una l\u00ednea de vasos, jarras, fuentes, teteras, ollas guiseras, platos y coladores con un gallo azul como insignia.<\/p>\n\n\n\n<p>\u00a0\u201cTodo comenz\u00f3 en Shangai, en 2019, cuando me cruc\u00e9 con una persona que me los ofreci\u00f3\u201d, cont\u00f3 Iturrioz. Adem\u00e1s de su notable capacidad de trabajo y sentido de la est\u00e9tica, puede subirse a la caja de una camioneta y llevar adelante un remate de hacienda de la firma consignataria de la familia.<\/p>\n\n\n\n<p>\u201cDesde ni\u00f1a iba a los remates con mi padre y mi abuelo, forma parte de mi vida\u201d, record\u00f3 Iturrioz. En un mundo reservado para hombres, su presencia no pasa desapercibida. \u201cEs un trabajo duro, y en los ratos libros dise\u00f1o\u201d, agreg\u00f3 en una entrevista a <strong>La Naci\u00f3n.<\/strong><\/p>\n\n\n\n<p>Se fue a China buscando bombas solares, muy usadas en el oeste pampeano, tierra secana donde el agua es un bien muy escaso. Sin embargo, <strong>en el camino se cruz\u00f3 con los enlozados.<\/strong> Aquella persona se los ofreci\u00f3. \u201cMe gustaba el enlozado chino, pero no los dise\u00f1os, as\u00ed que los hicimos nosotros\u201d, afirm\u00f3. Criada en el campo, el simbolismo la llev\u00f3 directo a esos a\u00f1os.<\/p>\n\n\n\n<p><strong>\u201cNo hacemos s\u00f3lo un producto: cada vajilla enlozada tiene una fuerte vinculaci\u00f3n con la familia\u201d,<\/strong> afirm\u00f3 Iturrioz. Hasta los cinco a\u00f1os vivi\u00f3 en un campo en el paraje Padre Buodo, muy cerca de General Acha. \u201cSiempre hubo enlozados en la familia, mi madre y abuela, cocinaban con ellos\u201d, agreg\u00f3.<\/p>\n\n\n\n<p><strong>\u00bfPor qu\u00e9 dise\u00f1ar un gallo? \u201cEl gallo es lo que primero te despierta\u201d,<\/strong> afirm\u00f3. A esta colecci\u00f3n le dieron el nombre de las abuelas de ella y de N\u00e9stor Hugo Fuentes, esposo y a cargo de la consignataria. \u201cSon tesoros\u201d, resumi\u00f3 Iturrioz al referirse a los enlozados que se exhiben en el sal\u00f3n centenario del hist\u00f3rico almac\u00e9n de ramos generales La Nueva Moderna.<\/p>\n\n\n\n<p>As\u00ed es como se muestran en las altas e impecables estanter\u00edas, orgullosas y sometidas a un capricho encantador: parecen haber sido hechas hace algunas horas antes. El trabajo de restauraci\u00f3n y mantenimiento de todo el almac\u00e9n es maravilloso.<\/p>\n\n\n\n<p>El Galp\u00f3n del Ed\u00e9n es el nombre elegido por Iturrioz para reunir toda la l\u00ednea de enlozados, pero adem\u00e1s una amplia gama de art\u00edculos que equilibran la historia fuertemente vinculada al hombre de campo del almac\u00e9n. <strong>\u201cQuise incorporar la mirada femenina\u201d, <\/strong>se\u00f1al\u00f3 Iturrioz. Lo logr\u00f3 y en poco tiempo, hoy es la casa de decoraci\u00f3n m\u00e1s importante de La Pampa, una boutique que se\u00f1ala el camino a las tendencias y est\u00e1 en el radar de los principales chefs. En esta antesala a una tierra seca y agrietada, antes de penetrar el desierto solitario, este Ed\u00e9n brilla como un faro que ilumina una propuesta est\u00e9tica y bella. Es un viaje en el tiempo, a los buenos tiempos. \u201cCada enlozado me lleva a mi ni\u00f1ez\u201d, record\u00f3 Iturrioz.<\/p>\n\n\n\n<figure class=\"wp-block-image size-large\"><img fetchpriority=\"high\" decoding=\"async\" width=\"1024\" height=\"683\" src=\"https:\/\/diariotextual.com\/inicio\/wp-content\/uploads\/2023\/03\/elgalpondeledenachaenlozados674382-1024x683.jpg\" alt=\"\" class=\"wp-image-218461\" srcset=\"https:\/\/diariotextual.com\/inicio\/wp-content\/uploads\/2023\/03\/elgalpondeledenachaenlozados674382-1024x683.jpg 1024w, https:\/\/diariotextual.com\/inicio\/wp-content\/uploads\/2023\/03\/elgalpondeledenachaenlozados674382-300x200.jpg 300w, https:\/\/diariotextual.com\/inicio\/wp-content\/uploads\/2023\/03\/elgalpondeledenachaenlozados674382-768x512.jpg 768w, https:\/\/diariotextual.com\/inicio\/wp-content\/uploads\/2023\/03\/elgalpondeledenachaenlozados674382-1170x780.jpg 1170w, https:\/\/diariotextual.com\/inicio\/wp-content\/uploads\/2023\/03\/elgalpondeledenachaenlozados674382-585x390.jpg 585w, https:\/\/diariotextual.com\/inicio\/wp-content\/uploads\/2023\/03\/elgalpondeledenachaenlozados674382-263x175.jpg 263w, https:\/\/diariotextual.com\/inicio\/wp-content\/uploads\/2023\/03\/elgalpondeledenachaenlozados674382.jpg 1440w\" sizes=\"(max-width: 1024px) 100vw, 1024px\" \/><\/figure>\n\n\n\n<p>El <strong>almac\u00e9n de ramos generales La Nueva Moderna<\/strong> (se llam\u00f3 La Moderna originalmente) es un edificio donde pas\u00f3 gran parte de la historia de General Acha,\u00a0abri\u00f3 sus puertas en 1920\u00a0cuando el pueblo estaba en sus comienzos. All\u00ed, adem\u00e1s de ofrecer alimentos, las mujeres iban a buscar telas para tejer y hacer sus vestidos. \u201cVen\u00edan a buscar la vanguardia\u201d, afirm\u00f3 Iturrioz.<\/p>\n\n\n\n<p>Ciento trece a\u00f1os despu\u00e9s de su fundaci\u00f3n sigue prestando los mismos servicios, capitulares para la vida de Acha. Al espacio decorativo, se suma un galp\u00f3n donde se fabrican repuestos para molinos, se hacen tranqueras, mangas y todos los art\u00edculos que hacen al quehacer diario rural. El campo es sin\u00f3nimo de trabajo, pero tambi\u00e9n de una est\u00e9tica propia. Aqu\u00ed, ambos mundos se funden.<\/p>\n\n\n\n<p>El almac\u00e9n pas\u00f3 por varias manos, pero en 1972 cerr\u00f3 y con los a\u00f1os lo compr\u00f3 N\u00e9stor Fuentes y La Moderna SRL. Naci\u00f3 as\u00ed La Nueva Moderna, la esquina se mantiene en pie con se\u00f1orial orgullo, pisos y el techo son originales, al igual que las estanter\u00edas. Por un lado, el corral\u00f3n con el trabajo duro del campo, sus herramientas y c\u00f3digos propios. En el amplio y espacioso sal\u00f3n de ventas, los enlozados y elementos decorativos. Es uno de los almacenes mejor mantenidos que se puedan ver.<\/p>\n\n\n\n<p><strong>El fen\u00f3meno de los enlozados de El Galp\u00f3n del Ed\u00e9n trascendi\u00f3 las fronteras de General Acha<\/strong>. S\u00edmbolos de la cocina familiar, clientes de todo el pa\u00eds se acercan a buscar algunas de las colecciones. \u201cNuestro objetivo es llegar a Estados Unidos y Europa\u201d, se\u00f1al\u00f3 Iturrioz. <strong>El desembarco en Miami busca poder cumplir esa meta.<\/strong><\/p>\n","protected":false},"excerpt":{"rendered":"<p>La l\u00ednea de dise\u00f1o de vajilla enlozada El Galp\u00f3n del Ed\u00e9n, de General Acha, se expande. Su due\u00f1a y encargada de los dise\u00f1os, Gabriela Iturrioz, anunci\u00f3 que pr\u00f3ximamente abrir\u00e1 una&hellip;<\/p>\n","protected":false},"author":4,"featured_media":218460,"comment_status":"closed","ping_status":"open","sticky":false,"template":"","format":"standard","meta":{"_acf_changed":false,"footnotes":""},"categories":[1,12],"tags":[],"class_list":["post-218458","post","type-post","status-publish","format-standard","has-post-thumbnail","hentry","category-es-noticia","category-sociedad"],"acf":[],"yoast_head":"<!-- This site is optimized with the Yoast SEO plugin v27.5 - https:\/\/yoast.com\/product\/yoast-seo-wordpress\/ -->\n<title>L\u00ednea pampeana de vajilla enlozada desembarca en Miami - Diario Textual<\/title>\n<meta name=\"robots\" content=\"index, follow, max-snippet:-1, max-image-preview:large, max-video-preview:-1\" \/>\n<link rel=\"canonical\" href=\"https:\/\/diariotextual.com\/inicio\/index.php\/2023\/03\/10\/linea-pampeana-de-vajilla-enlozada-desembarca-en-miami\/\" \/>\n<meta property=\"og:locale\" content=\"es_ES\" \/>\n<meta property=\"og:type\" content=\"article\" \/>\n<meta property=\"og:title\" content=\"L\u00ednea pampeana de vajilla enlozada desembarca en Miami - Diario Textual\" \/>\n<meta property=\"og:description\" content=\"La l\u00ednea de dise\u00f1o de vajilla enlozada El Galp\u00f3n del Ed\u00e9n, de General Acha, se expande. Su due\u00f1a y encargada de los dise\u00f1os, Gabriela Iturrioz, anunci\u00f3 que pr\u00f3ximamente abrir\u00e1 una&hellip;\" \/>\n<meta property=\"og:url\" content=\"https:\/\/diariotextual.com\/inicio\/index.php\/2023\/03\/10\/linea-pampeana-de-vajilla-enlozada-desembarca-en-miami\/\" \/>\n<meta property=\"og:site_name\" content=\"Diario Textual\" \/>\n<meta property=\"article:publisher\" content=\"https:\/\/www.facebook.com\/eltextual\" \/>\n<meta property=\"article:published_time\" content=\"2023-03-10T17:05:06+00:00\" \/>\n<meta property=\"article:modified_time\" content=\"2023-03-11T23:12:46+00:00\" \/>\n<meta property=\"og:image\" content=\"https:\/\/diariotextual.com\/inicio\/wp-content\/uploads\/2023\/03\/elgalpondeledenachaenlozados56435.jpg\" \/>\n\t<meta property=\"og:image:width\" content=\"912\" \/>\n\t<meta property=\"og:image:height\" content=\"539\" \/>\n\t<meta property=\"og:image:type\" content=\"image\/jpeg\" \/>\n<meta name=\"author\" content=\"diario2\" \/>\n<meta name=\"twitter:card\" content=\"summary_large_image\" \/>\n<meta name=\"twitter:creator\" content=\"@eltextual\" \/>\n<meta name=\"twitter:site\" content=\"@eltextual\" \/>\n<meta name=\"twitter:label1\" content=\"Escrito por\" \/>\n\t<meta name=\"twitter:data1\" content=\"diario2\" \/>\n\t<meta name=\"twitter:label2\" content=\"Tiempo de lectura\" \/>\n\t<meta name=\"twitter:data2\" content=\"5 minutos\" \/>\n<script type=\"application\/ld+json\" class=\"yoast-schema-graph\">{\"@context\":\"https:\\\/\\\/schema.org\",\"@graph\":[{\"@type\":\"Article\",\"@id\":\"https:\\\/\\\/diariotextual.com\\\/inicio\\\/index.php\\\/2023\\\/03\\\/10\\\/linea-pampeana-de-vajilla-enlozada-desembarca-en-miami\\\/#article\",\"isPartOf\":{\"@id\":\"https:\\\/\\\/diariotextual.com\\\/inicio\\\/index.php\\\/2023\\\/03\\\/10\\\/linea-pampeana-de-vajilla-enlozada-desembarca-en-miami\\\/\"},\"author\":{\"name\":\"diario2\",\"@id\":\"https:\\\/\\\/diariotextual.com\\\/inicio\\\/#\\\/schema\\\/person\\\/694f60677f23c4a530867a98f22b3768\"},\"headline\":\"L\u00ednea pampeana de vajilla enlozada desembarca en Miami\",\"datePublished\":\"2023-03-10T17:05:06+00:00\",\"dateModified\":\"2023-03-11T23:12:46+00:00\",\"mainEntityOfPage\":{\"@id\":\"https:\\\/\\\/diariotextual.com\\\/inicio\\\/index.php\\\/2023\\\/03\\\/10\\\/linea-pampeana-de-vajilla-enlozada-desembarca-en-miami\\\/\"},\"wordCount\":909,\"publisher\":{\"@id\":\"https:\\\/\\\/diariotextual.com\\\/inicio\\\/#organization\"},\"image\":{\"@id\":\"https:\\\/\\\/diariotextual.com\\\/inicio\\\/index.php\\\/2023\\\/03\\\/10\\\/linea-pampeana-de-vajilla-enlozada-desembarca-en-miami\\\/#primaryimage\"},\"thumbnailUrl\":\"https:\\\/\\\/diariotextual.com\\\/inicio\\\/wp-content\\\/uploads\\\/2023\\\/03\\\/elgalpondeledenachaenlozados56435.jpg\",\"articleSection\":[\"A - ES NOTICIA (van abajo)\",\"SOCIEDAD\"],\"inLanguage\":\"es\"},{\"@type\":\"WebPage\",\"@id\":\"https:\\\/\\\/diariotextual.com\\\/inicio\\\/index.php\\\/2023\\\/03\\\/10\\\/linea-pampeana-de-vajilla-enlozada-desembarca-en-miami\\\/\",\"url\":\"https:\\\/\\\/diariotextual.com\\\/inicio\\\/index.php\\\/2023\\\/03\\\/10\\\/linea-pampeana-de-vajilla-enlozada-desembarca-en-miami\\\/\",\"name\":\"L\u00ednea pampeana de vajilla enlozada desembarca en Miami - Diario Textual\",\"isPartOf\":{\"@id\":\"https:\\\/\\\/diariotextual.com\\\/inicio\\\/#website\"},\"primaryImageOfPage\":{\"@id\":\"https:\\\/\\\/diariotextual.com\\\/inicio\\\/index.php\\\/2023\\\/03\\\/10\\\/linea-pampeana-de-vajilla-enlozada-desembarca-en-miami\\\/#primaryimage\"},\"image\":{\"@id\":\"https:\\\/\\\/diariotextual.com\\\/inicio\\\/index.php\\\/2023\\\/03\\\/10\\\/linea-pampeana-de-vajilla-enlozada-desembarca-en-miami\\\/#primaryimage\"},\"thumbnailUrl\":\"https:\\\/\\\/diariotextual.com\\\/inicio\\\/wp-content\\\/uploads\\\/2023\\\/03\\\/elgalpondeledenachaenlozados56435.jpg\",\"datePublished\":\"2023-03-10T17:05:06+00:00\",\"dateModified\":\"2023-03-11T23:12:46+00:00\",\"breadcrumb\":{\"@id\":\"https:\\\/\\\/diariotextual.com\\\/inicio\\\/index.php\\\/2023\\\/03\\\/10\\\/linea-pampeana-de-vajilla-enlozada-desembarca-en-miami\\\/#breadcrumb\"},\"inLanguage\":\"es\",\"potentialAction\":[{\"@type\":\"ReadAction\",\"target\":[\"https:\\\/\\\/diariotextual.com\\\/inicio\\\/index.php\\\/2023\\\/03\\\/10\\\/linea-pampeana-de-vajilla-enlozada-desembarca-en-miami\\\/\"]}]},{\"@type\":\"ImageObject\",\"inLanguage\":\"es\",\"@id\":\"https:\\\/\\\/diariotextual.com\\\/inicio\\\/index.php\\\/2023\\\/03\\\/10\\\/linea-pampeana-de-vajilla-enlozada-desembarca-en-miami\\\/#primaryimage\",\"url\":\"https:\\\/\\\/diariotextual.com\\\/inicio\\\/wp-content\\\/uploads\\\/2023\\\/03\\\/elgalpondeledenachaenlozados56435.jpg\",\"contentUrl\":\"https:\\\/\\\/diariotextual.com\\\/inicio\\\/wp-content\\\/uploads\\\/2023\\\/03\\\/elgalpondeledenachaenlozados56435.jpg\",\"width\":912,\"height\":539},{\"@type\":\"BreadcrumbList\",\"@id\":\"https:\\\/\\\/diariotextual.com\\\/inicio\\\/index.php\\\/2023\\\/03\\\/10\\\/linea-pampeana-de-vajilla-enlozada-desembarca-en-miami\\\/#breadcrumb\",\"itemListElement\":[{\"@type\":\"ListItem\",\"position\":1,\"name\":\"Portada\",\"item\":\"https:\\\/\\\/diariotextual.com\\\/inicio\\\/\"},{\"@type\":\"ListItem\",\"position\":2,\"name\":\"L\u00ednea pampeana de vajilla enlozada desembarca en Miami\"}]},{\"@type\":\"WebSite\",\"@id\":\"https:\\\/\\\/diariotextual.com\\\/inicio\\\/#website\",\"url\":\"https:\\\/\\\/diariotextual.com\\\/inicio\\\/\",\"name\":\"Diario Textual\",\"description\":\"\",\"publisher\":{\"@id\":\"https:\\\/\\\/diariotextual.com\\\/inicio\\\/#organization\"},\"potentialAction\":[{\"@type\":\"SearchAction\",\"target\":{\"@type\":\"EntryPoint\",\"urlTemplate\":\"https:\\\/\\\/diariotextual.com\\\/inicio\\\/?s={search_term_string}\"},\"query-input\":{\"@type\":\"PropertyValueSpecification\",\"valueRequired\":true,\"valueName\":\"search_term_string\"}}],\"inLanguage\":\"es\"},{\"@type\":\"Organization\",\"@id\":\"https:\\\/\\\/diariotextual.com\\\/inicio\\\/#organization\",\"name\":\"Diario Textual\",\"url\":\"https:\\\/\\\/diariotextual.com\\\/inicio\\\/\",\"logo\":{\"@type\":\"ImageObject\",\"inLanguage\":\"es\",\"@id\":\"https:\\\/\\\/diariotextual.com\\\/inicio\\\/#\\\/schema\\\/logo\\\/image\\\/\",\"url\":\"https:\\\/\\\/diariotextual.com\\\/inicio\\\/wp-content\\\/uploads\\\/2023\\\/05\\\/logotextual1.jpg\",\"contentUrl\":\"https:\\\/\\\/diariotextual.com\\\/inicio\\\/wp-content\\\/uploads\\\/2023\\\/05\\\/logotextual1.jpg\",\"width\":516,\"height\":76,\"caption\":\"Diario Textual\"},\"image\":{\"@id\":\"https:\\\/\\\/diariotextual.com\\\/inicio\\\/#\\\/schema\\\/logo\\\/image\\\/\"},\"sameAs\":[\"https:\\\/\\\/www.facebook.com\\\/eltextual\",\"https:\\\/\\\/x.com\\\/eltextual\",\"http:\\\/\\\/www.instagram.com\\\/eltextual\"]},{\"@type\":\"Person\",\"@id\":\"https:\\\/\\\/diariotextual.com\\\/inicio\\\/#\\\/schema\\\/person\\\/694f60677f23c4a530867a98f22b3768\",\"name\":\"diario2\",\"image\":{\"@type\":\"ImageObject\",\"inLanguage\":\"es\",\"@id\":\"https:\\\/\\\/secure.gravatar.com\\\/avatar\\\/5a2567495ba16b852fcd8f1ed006a2e24fcace936018ed8237e95f488ad6e0a7?s=96&d=mm&r=g\",\"url\":\"https:\\\/\\\/secure.gravatar.com\\\/avatar\\\/5a2567495ba16b852fcd8f1ed006a2e24fcace936018ed8237e95f488ad6e0a7?s=96&d=mm&r=g\",\"contentUrl\":\"https:\\\/\\\/secure.gravatar.com\\\/avatar\\\/5a2567495ba16b852fcd8f1ed006a2e24fcace936018ed8237e95f488ad6e0a7?s=96&d=mm&r=g\",\"caption\":\"diario2\"},\"url\":\"https:\\\/\\\/diariotextual.com\\\/inicio\\\/index.php\\\/author\\\/diario2\\\/\"}]}<\/script>\n<!-- \/ Yoast SEO plugin. -->","yoast_head_json":{"title":"L\u00ednea pampeana de vajilla enlozada desembarca en Miami - Diario Textual","robots":{"index":"index","follow":"follow","max-snippet":"max-snippet:-1","max-image-preview":"max-image-preview:large","max-video-preview":"max-video-preview:-1"},"canonical":"https:\/\/diariotextual.com\/inicio\/index.php\/2023\/03\/10\/linea-pampeana-de-vajilla-enlozada-desembarca-en-miami\/","og_locale":"es_ES","og_type":"article","og_title":"L\u00ednea pampeana de vajilla enlozada desembarca en Miami - Diario Textual","og_description":"La l\u00ednea de dise\u00f1o de vajilla enlozada El Galp\u00f3n del Ed\u00e9n, de General Acha, se expande. Su due\u00f1a y encargada de los dise\u00f1os, Gabriela Iturrioz, anunci\u00f3 que pr\u00f3ximamente abrir\u00e1 una&hellip;","og_url":"https:\/\/diariotextual.com\/inicio\/index.php\/2023\/03\/10\/linea-pampeana-de-vajilla-enlozada-desembarca-en-miami\/","og_site_name":"Diario Textual","article_publisher":"https:\/\/www.facebook.com\/eltextual","article_published_time":"2023-03-10T17:05:06+00:00","article_modified_time":"2023-03-11T23:12:46+00:00","og_image":[{"width":912,"height":539,"url":"https:\/\/diariotextual.com\/inicio\/wp-content\/uploads\/2023\/03\/elgalpondeledenachaenlozados56435.jpg","type":"image\/jpeg"}],"author":"diario2","twitter_card":"summary_large_image","twitter_creator":"@eltextual","twitter_site":"@eltextual","twitter_misc":{"Escrito por":"diario2","Tiempo de lectura":"5 minutos"},"schema":{"@context":"https:\/\/schema.org","@graph":[{"@type":"Article","@id":"https:\/\/diariotextual.com\/inicio\/index.php\/2023\/03\/10\/linea-pampeana-de-vajilla-enlozada-desembarca-en-miami\/#article","isPartOf":{"@id":"https:\/\/diariotextual.com\/inicio\/index.php\/2023\/03\/10\/linea-pampeana-de-vajilla-enlozada-desembarca-en-miami\/"},"author":{"name":"diario2","@id":"https:\/\/diariotextual.com\/inicio\/#\/schema\/person\/694f60677f23c4a530867a98f22b3768"},"headline":"L\u00ednea pampeana de vajilla enlozada desembarca en Miami","datePublished":"2023-03-10T17:05:06+00:00","dateModified":"2023-03-11T23:12:46+00:00","mainEntityOfPage":{"@id":"https:\/\/diariotextual.com\/inicio\/index.php\/2023\/03\/10\/linea-pampeana-de-vajilla-enlozada-desembarca-en-miami\/"},"wordCount":909,"publisher":{"@id":"https:\/\/diariotextual.com\/inicio\/#organization"},"image":{"@id":"https:\/\/diariotextual.com\/inicio\/index.php\/2023\/03\/10\/linea-pampeana-de-vajilla-enlozada-desembarca-en-miami\/#primaryimage"},"thumbnailUrl":"https:\/\/diariotextual.com\/inicio\/wp-content\/uploads\/2023\/03\/elgalpondeledenachaenlozados56435.jpg","articleSection":["A - ES NOTICIA (van abajo)","SOCIEDAD"],"inLanguage":"es"},{"@type":"WebPage","@id":"https:\/\/diariotextual.com\/inicio\/index.php\/2023\/03\/10\/linea-pampeana-de-vajilla-enlozada-desembarca-en-miami\/","url":"https:\/\/diariotextual.com\/inicio\/index.php\/2023\/03\/10\/linea-pampeana-de-vajilla-enlozada-desembarca-en-miami\/","name":"L\u00ednea pampeana de vajilla enlozada desembarca en Miami - Diario Textual","isPartOf":{"@id":"https:\/\/diariotextual.com\/inicio\/#website"},"primaryImageOfPage":{"@id":"https:\/\/diariotextual.com\/inicio\/index.php\/2023\/03\/10\/linea-pampeana-de-vajilla-enlozada-desembarca-en-miami\/#primaryimage"},"image":{"@id":"https:\/\/diariotextual.com\/inicio\/index.php\/2023\/03\/10\/linea-pampeana-de-vajilla-enlozada-desembarca-en-miami\/#primaryimage"},"thumbnailUrl":"https:\/\/diariotextual.com\/inicio\/wp-content\/uploads\/2023\/03\/elgalpondeledenachaenlozados56435.jpg","datePublished":"2023-03-10T17:05:06+00:00","dateModified":"2023-03-11T23:12:46+00:00","breadcrumb":{"@id":"https:\/\/diariotextual.com\/inicio\/index.php\/2023\/03\/10\/linea-pampeana-de-vajilla-enlozada-desembarca-en-miami\/#breadcrumb"},"inLanguage":"es","potentialAction":[{"@type":"ReadAction","target":["https:\/\/diariotextual.com\/inicio\/index.php\/2023\/03\/10\/linea-pampeana-de-vajilla-enlozada-desembarca-en-miami\/"]}]},{"@type":"ImageObject","inLanguage":"es","@id":"https:\/\/diariotextual.com\/inicio\/index.php\/2023\/03\/10\/linea-pampeana-de-vajilla-enlozada-desembarca-en-miami\/#primaryimage","url":"https:\/\/diariotextual.com\/inicio\/wp-content\/uploads\/2023\/03\/elgalpondeledenachaenlozados56435.jpg","contentUrl":"https:\/\/diariotextual.com\/inicio\/wp-content\/uploads\/2023\/03\/elgalpondeledenachaenlozados56435.jpg","width":912,"height":539},{"@type":"BreadcrumbList","@id":"https:\/\/diariotextual.com\/inicio\/index.php\/2023\/03\/10\/linea-pampeana-de-vajilla-enlozada-desembarca-en-miami\/#breadcrumb","itemListElement":[{"@type":"ListItem","position":1,"name":"Portada","item":"https:\/\/diariotextual.com\/inicio\/"},{"@type":"ListItem","position":2,"name":"L\u00ednea pampeana de vajilla enlozada desembarca en Miami"}]},{"@type":"WebSite","@id":"https:\/\/diariotextual.com\/inicio\/#website","url":"https:\/\/diariotextual.com\/inicio\/","name":"Diario Textual","description":"","publisher":{"@id":"https:\/\/diariotextual.com\/inicio\/#organization"},"potentialAction":[{"@type":"SearchAction","target":{"@type":"EntryPoint","urlTemplate":"https:\/\/diariotextual.com\/inicio\/?s={search_term_string}"},"query-input":{"@type":"PropertyValueSpecification","valueRequired":true,"valueName":"search_term_string"}}],"inLanguage":"es"},{"@type":"Organization","@id":"https:\/\/diariotextual.com\/inicio\/#organization","name":"Diario Textual","url":"https:\/\/diariotextual.com\/inicio\/","logo":{"@type":"ImageObject","inLanguage":"es","@id":"https:\/\/diariotextual.com\/inicio\/#\/schema\/logo\/image\/","url":"https:\/\/diariotextual.com\/inicio\/wp-content\/uploads\/2023\/05\/logotextual1.jpg","contentUrl":"https:\/\/diariotextual.com\/inicio\/wp-content\/uploads\/2023\/05\/logotextual1.jpg","width":516,"height":76,"caption":"Diario Textual"},"image":{"@id":"https:\/\/diariotextual.com\/inicio\/#\/schema\/logo\/image\/"},"sameAs":["https:\/\/www.facebook.com\/eltextual","https:\/\/x.com\/eltextual","http:\/\/www.instagram.com\/eltextual"]},{"@type":"Person","@id":"https:\/\/diariotextual.com\/inicio\/#\/schema\/person\/694f60677f23c4a530867a98f22b3768","name":"diario2","image":{"@type":"ImageObject","inLanguage":"es","@id":"https:\/\/secure.gravatar.com\/avatar\/5a2567495ba16b852fcd8f1ed006a2e24fcace936018ed8237e95f488ad6e0a7?s=96&d=mm&r=g","url":"https:\/\/secure.gravatar.com\/avatar\/5a2567495ba16b852fcd8f1ed006a2e24fcace936018ed8237e95f488ad6e0a7?s=96&d=mm&r=g","contentUrl":"https:\/\/secure.gravatar.com\/avatar\/5a2567495ba16b852fcd8f1ed006a2e24fcace936018ed8237e95f488ad6e0a7?s=96&d=mm&r=g","caption":"diario2"},"url":"https:\/\/diariotextual.com\/inicio\/index.php\/author\/diario2\/"}]}},"_links":{"self":[{"href":"https:\/\/diariotextual.com\/inicio\/index.php\/wp-json\/wp\/v2\/posts\/218458","targetHints":{"allow":["GET"]}}],"collection":[{"href":"https:\/\/diariotextual.com\/inicio\/index.php\/wp-json\/wp\/v2\/posts"}],"about":[{"href":"https:\/\/diariotextual.com\/inicio\/index.php\/wp-json\/wp\/v2\/types\/post"}],"author":[{"embeddable":true,"href":"https:\/\/diariotextual.com\/inicio\/index.php\/wp-json\/wp\/v2\/users\/4"}],"replies":[{"embeddable":true,"href":"https:\/\/diariotextual.com\/inicio\/index.php\/wp-json\/wp\/v2\/comments?post=218458"}],"version-history":[{"count":1,"href":"https:\/\/diariotextual.com\/inicio\/index.php\/wp-json\/wp\/v2\/posts\/218458\/revisions"}],"predecessor-version":[{"id":218462,"href":"https:\/\/diariotextual.com\/inicio\/index.php\/wp-json\/wp\/v2\/posts\/218458\/revisions\/218462"}],"wp:featuredmedia":[{"embeddable":true,"href":"https:\/\/diariotextual.com\/inicio\/index.php\/wp-json\/wp\/v2\/media\/218460"}],"wp:attachment":[{"href":"https:\/\/diariotextual.com\/inicio\/index.php\/wp-json\/wp\/v2\/media?parent=218458"}],"wp:term":[{"taxonomy":"category","embeddable":true,"href":"https:\/\/diariotextual.com\/inicio\/index.php\/wp-json\/wp\/v2\/categories?post=218458"},{"taxonomy":"post_tag","embeddable":true,"href":"https:\/\/diariotextual.com\/inicio\/index.php\/wp-json\/wp\/v2\/tags?post=218458"}],"curies":[{"name":"wp","href":"https:\/\/api.w.org\/{rel}","templated":true}]}}