{"id":218475,"date":"2023-03-10T18:41:07","date_gmt":"2023-03-10T21:41:07","guid":{"rendered":"https:\/\/diariotextual.com\/inicio\/?p=218475"},"modified":"2023-03-10T18:45:07","modified_gmt":"2023-03-10T21:45:07","slug":"ape-y-cosypro-firmaron-convenio-de-mejoras-en-servicio-electrico-para-relmo-y-miguel-cane","status":"publish","type":"post","link":"https:\/\/diariotextual.com\/inicio\/index.php\/2023\/03\/10\/ape-y-cosypro-firmaron-convenio-de-mejoras-en-servicio-electrico-para-relmo-y-miguel-cane\/","title":{"rendered":"APE y Cosypro firmaron convenio de mejoras en el servicio el\u00e9ctrico para Relmo y Miguel Can\u00e9"},"content":{"rendered":"\n<p>En el marco de la pol\u00edtica p\u00fablica en materia energ\u00e9tica impulsada por el Gobierno provincial, la Secretar\u00eda de Energ\u00eda y Miner\u00eda, a trav\u00e9s de la Administraci\u00f3n Provincial de Energ\u00eda (APE) firm\u00f3 un convenio con la Cooperativa de Obras, Servicios P\u00fablicos y Provisi\u00f3n de Quem\u00fa Quem\u00fa LTDA (Cosypro), para continuar fortaleciendo el sistema el\u00e9ctrico provincial por la suma de 9.000.000 pesos.<\/p>\n\n\n\n<p>El convenio firmado por el secretario de Energ\u00eda y Miner\u00eda, Mat\u00edas Toso, el administrador Provincial de Energ\u00eda, Cristi\u00e1n Javier Andr\u00e9s, y el presidente de la Cooperativa de Cosypro, Sergio Farchetto, tiene como objetivo reforzar las l\u00edneas de media tensi\u00f3n que est\u00e1n dentro de la concesi\u00f3n de la cooperativa para mejorar la calidad del servicio para los usuarios de las localidades de Relmo y Miguel Can\u00e9 y tendr\u00e1 un plazo de ejecuci\u00f3n de 190 d\u00edas corridos.<\/p>\n\n\n\n<p>Este tipo de obras, se enmarcan en los lineamientos del Plan Estrat\u00e9gico de Energ\u00eda, promovido por el gobernador Sergio Ziliotto en el entendimiento de pensar a la energ\u00eda como una pol\u00edtica p\u00fablica inclusiva, asequible y participativa. \u201cEn este sentido resulta indispensable continuar profundizando el trabajo conjunto con los\/as intendentes y cooperativas de la Provincia, para sostener la continuidad de obras que promueven mejorar las condiciones del servicio el\u00e9ctrico e impactan positivamente en las condiciones de vida de las y los pampeanos\u201d, puntualiz\u00f3 Mat\u00edas Toso a la Agencia Provincial de Noticias.<\/p>\n","protected":false},"excerpt":{"rendered":"<p>En el marco de la pol\u00edtica p\u00fablica en materia energ\u00e9tica impulsada por el Gobierno provincial, la Secretar\u00eda de Energ\u00eda y Miner\u00eda, a trav\u00e9s de la Administraci\u00f3n Provincial de Energ\u00eda (APE)&hellip;<\/p>\n","protected":false},"author":4,"featured_media":218476,"comment_status":"closed","ping_status":"open","sticky":false,"template":"","format":"standard","meta":{"_acf_changed":false,"footnotes":""},"categories":[1,12],"tags":[],"class_list":["post-218475","post","type-post","status-publish","format-standard","has-post-thumbnail","hentry","category-es-noticia","category-sociedad"],"acf":[],"yoast_head":"<!-- This site is optimized with the Yoast SEO plugin v27.5 - https:\/\/yoast.com\/product\/yoast-seo-wordpress\/ -->\n<title>APE y Cosypro firmaron convenio de mejoras en el servicio el\u00e9ctrico para Relmo y Miguel Can\u00e9 - Diario Textual<\/title>\n<meta name=\"robots\" content=\"index, follow, max-snippet:-1, max-image-preview:large, max-video-preview:-1\" \/>\n<link rel=\"canonical\" href=\"https:\/\/diariotextual.com\/inicio\/index.php\/2023\/03\/10\/ape-y-cosypro-firmaron-convenio-de-mejoras-en-servicio-electrico-para-relmo-y-miguel-cane\/\" \/>\n<meta property=\"og:locale\" content=\"es_ES\" \/>\n<meta property=\"og:type\" content=\"article\" \/>\n<meta property=\"og:title\" content=\"APE y Cosypro firmaron convenio de mejoras en el servicio el\u00e9ctrico para Relmo y Miguel Can\u00e9 - Diario Textual\" \/>\n<meta property=\"og:description\" content=\"En el marco de la pol\u00edtica p\u00fablica en materia energ\u00e9tica impulsada por el Gobierno provincial, la Secretar\u00eda de Energ\u00eda y Miner\u00eda, a trav\u00e9s de la Administraci\u00f3n Provincial de Energ\u00eda (APE)&hellip;\" \/>\n<meta property=\"og:url\" content=\"https:\/\/diariotextual.com\/inicio\/index.php\/2023\/03\/10\/ape-y-cosypro-firmaron-convenio-de-mejoras-en-servicio-electrico-para-relmo-y-miguel-cane\/\" \/>\n<meta property=\"og:site_name\" content=\"Diario Textual\" \/>\n<meta property=\"article:publisher\" content=\"https:\/\/www.facebook.com\/eltextual\" \/>\n<meta property=\"article:published_time\" content=\"2023-03-10T21:41:07+00:00\" \/>\n<meta property=\"article:modified_time\" content=\"2023-03-10T21:45:07+00:00\" \/>\n<meta property=\"og:image\" content=\"https:\/\/diariotextual.com\/inicio\/wp-content\/uploads\/2023\/03\/cosyprofirmaenergia66.jpeg\" \/>\n\t<meta property=\"og:image:width\" content=\"799\" \/>\n\t<meta property=\"og:image:height\" content=\"512\" \/>\n\t<meta property=\"og:image:type\" content=\"image\/jpeg\" \/>\n<meta name=\"author\" content=\"diario2\" \/>\n<meta name=\"twitter:card\" content=\"summary_large_image\" \/>\n<meta name=\"twitter:creator\" content=\"@eltextual\" \/>\n<meta name=\"twitter:site\" content=\"@eltextual\" \/>\n<meta name=\"twitter:label1\" content=\"Escrito por\" \/>\n\t<meta name=\"twitter:data1\" content=\"diario2\" \/>\n\t<meta name=\"twitter:label2\" content=\"Tiempo de lectura\" \/>\n\t<meta name=\"twitter:data2\" content=\"2 minutos\" \/>\n<script type=\"application\/ld+json\" class=\"yoast-schema-graph\">{\"@context\":\"https:\\\/\\\/schema.org\",\"@graph\":[{\"@type\":\"Article\",\"@id\":\"https:\\\/\\\/diariotextual.com\\\/inicio\\\/index.php\\\/2023\\\/03\\\/10\\\/ape-y-cosypro-firmaron-convenio-de-mejoras-en-servicio-electrico-para-relmo-y-miguel-cane\\\/#article\",\"isPartOf\":{\"@id\":\"https:\\\/\\\/diariotextual.com\\\/inicio\\\/index.php\\\/2023\\\/03\\\/10\\\/ape-y-cosypro-firmaron-convenio-de-mejoras-en-servicio-electrico-para-relmo-y-miguel-cane\\\/\"},\"author\":{\"name\":\"diario2\",\"@id\":\"https:\\\/\\\/diariotextual.com\\\/inicio\\\/#\\\/schema\\\/person\\\/694f60677f23c4a530867a98f22b3768\"},\"headline\":\"APE y Cosypro firmaron convenio de mejoras en el servicio el\u00e9ctrico para Relmo y Miguel Can\u00e9\",\"datePublished\":\"2023-03-10T21:41:07+00:00\",\"dateModified\":\"2023-03-10T21:45:07+00:00\",\"mainEntityOfPage\":{\"@id\":\"https:\\\/\\\/diariotextual.com\\\/inicio\\\/index.php\\\/2023\\\/03\\\/10\\\/ape-y-cosypro-firmaron-convenio-de-mejoras-en-servicio-electrico-para-relmo-y-miguel-cane\\\/\"},\"wordCount\":272,\"publisher\":{\"@id\":\"https:\\\/\\\/diariotextual.com\\\/inicio\\\/#organization\"},\"image\":{\"@id\":\"https:\\\/\\\/diariotextual.com\\\/inicio\\\/index.php\\\/2023\\\/03\\\/10\\\/ape-y-cosypro-firmaron-convenio-de-mejoras-en-servicio-electrico-para-relmo-y-miguel-cane\\\/#primaryimage\"},\"thumbnailUrl\":\"https:\\\/\\\/diariotextual.com\\\/inicio\\\/wp-content\\\/uploads\\\/2023\\\/03\\\/cosyprofirmaenergia66.jpeg\",\"articleSection\":[\"A - ES NOTICIA (van abajo)\",\"SOCIEDAD\"],\"inLanguage\":\"es\"},{\"@type\":\"WebPage\",\"@id\":\"https:\\\/\\\/diariotextual.com\\\/inicio\\\/index.php\\\/2023\\\/03\\\/10\\\/ape-y-cosypro-firmaron-convenio-de-mejoras-en-servicio-electrico-para-relmo-y-miguel-cane\\\/\",\"url\":\"https:\\\/\\\/diariotextual.com\\\/inicio\\\/index.php\\\/2023\\\/03\\\/10\\\/ape-y-cosypro-firmaron-convenio-de-mejoras-en-servicio-electrico-para-relmo-y-miguel-cane\\\/\",\"name\":\"APE y Cosypro firmaron convenio de mejoras en el servicio el\u00e9ctrico para Relmo y Miguel Can\u00e9 - Diario Textual\",\"isPartOf\":{\"@id\":\"https:\\\/\\\/diariotextual.com\\\/inicio\\\/#website\"},\"primaryImageOfPage\":{\"@id\":\"https:\\\/\\\/diariotextual.com\\\/inicio\\\/index.php\\\/2023\\\/03\\\/10\\\/ape-y-cosypro-firmaron-convenio-de-mejoras-en-servicio-electrico-para-relmo-y-miguel-cane\\\/#primaryimage\"},\"image\":{\"@id\":\"https:\\\/\\\/diariotextual.com\\\/inicio\\\/index.php\\\/2023\\\/03\\\/10\\\/ape-y-cosypro-firmaron-convenio-de-mejoras-en-servicio-electrico-para-relmo-y-miguel-cane\\\/#primaryimage\"},\"thumbnailUrl\":\"https:\\\/\\\/diariotextual.com\\\/inicio\\\/wp-content\\\/uploads\\\/2023\\\/03\\\/cosyprofirmaenergia66.jpeg\",\"datePublished\":\"2023-03-10T21:41:07+00:00\",\"dateModified\":\"2023-03-10T21:45:07+00:00\",\"breadcrumb\":{\"@id\":\"https:\\\/\\\/diariotextual.com\\\/inicio\\\/index.php\\\/2023\\\/03\\\/10\\\/ape-y-cosypro-firmaron-convenio-de-mejoras-en-servicio-electrico-para-relmo-y-miguel-cane\\\/#breadcrumb\"},\"inLanguage\":\"es\",\"potentialAction\":[{\"@type\":\"ReadAction\",\"target\":[\"https:\\\/\\\/diariotextual.com\\\/inicio\\\/index.php\\\/2023\\\/03\\\/10\\\/ape-y-cosypro-firmaron-convenio-de-mejoras-en-servicio-electrico-para-relmo-y-miguel-cane\\\/\"]}]},{\"@type\":\"ImageObject\",\"inLanguage\":\"es\",\"@id\":\"https:\\\/\\\/diariotextual.com\\\/inicio\\\/index.php\\\/2023\\\/03\\\/10\\\/ape-y-cosypro-firmaron-convenio-de-mejoras-en-servicio-electrico-para-relmo-y-miguel-cane\\\/#primaryimage\",\"url\":\"https:\\\/\\\/diariotextual.com\\\/inicio\\\/wp-content\\\/uploads\\\/2023\\\/03\\\/cosyprofirmaenergia66.jpeg\",\"contentUrl\":\"https:\\\/\\\/diariotextual.com\\\/inicio\\\/wp-content\\\/uploads\\\/2023\\\/03\\\/cosyprofirmaenergia66.jpeg\",\"width\":799,\"height\":512},{\"@type\":\"BreadcrumbList\",\"@id\":\"https:\\\/\\\/diariotextual.com\\\/inicio\\\/index.php\\\/2023\\\/03\\\/10\\\/ape-y-cosypro-firmaron-convenio-de-mejoras-en-servicio-electrico-para-relmo-y-miguel-cane\\\/#breadcrumb\",\"itemListElement\":[{\"@type\":\"ListItem\",\"position\":1,\"name\":\"Portada\",\"item\":\"https:\\\/\\\/diariotextual.com\\\/inicio\\\/\"},{\"@type\":\"ListItem\",\"position\":2,\"name\":\"APE y Cosypro firmaron convenio de mejoras en el servicio el\u00e9ctrico para Relmo y Miguel Can\u00e9\"}]},{\"@type\":\"WebSite\",\"@id\":\"https:\\\/\\\/diariotextual.com\\\/inicio\\\/#website\",\"url\":\"https:\\\/\\\/diariotextual.com\\\/inicio\\\/\",\"name\":\"Diario Textual\",\"description\":\"\",\"publisher\":{\"@id\":\"https:\\\/\\\/diariotextual.com\\\/inicio\\\/#organization\"},\"potentialAction\":[{\"@type\":\"SearchAction\",\"target\":{\"@type\":\"EntryPoint\",\"urlTemplate\":\"https:\\\/\\\/diariotextual.com\\\/inicio\\\/?s={search_term_string}\"},\"query-input\":{\"@type\":\"PropertyValueSpecification\",\"valueRequired\":true,\"valueName\":\"search_term_string\"}}],\"inLanguage\":\"es\"},{\"@type\":\"Organization\",\"@id\":\"https:\\\/\\\/diariotextual.com\\\/inicio\\\/#organization\",\"name\":\"Diario Textual\",\"url\":\"https:\\\/\\\/diariotextual.com\\\/inicio\\\/\",\"logo\":{\"@type\":\"ImageObject\",\"inLanguage\":\"es\",\"@id\":\"https:\\\/\\\/diariotextual.com\\\/inicio\\\/#\\\/schema\\\/logo\\\/image\\\/\",\"url\":\"https:\\\/\\\/diariotextual.com\\\/inicio\\\/wp-content\\\/uploads\\\/2023\\\/05\\\/logotextual1.jpg\",\"contentUrl\":\"https:\\\/\\\/diariotextual.com\\\/inicio\\\/wp-content\\\/uploads\\\/2023\\\/05\\\/logotextual1.jpg\",\"width\":516,\"height\":76,\"caption\":\"Diario Textual\"},\"image\":{\"@id\":\"https:\\\/\\\/diariotextual.com\\\/inicio\\\/#\\\/schema\\\/logo\\\/image\\\/\"},\"sameAs\":[\"https:\\\/\\\/www.facebook.com\\\/eltextual\",\"https:\\\/\\\/x.com\\\/eltextual\",\"http:\\\/\\\/www.instagram.com\\\/eltextual\"]},{\"@type\":\"Person\",\"@id\":\"https:\\\/\\\/diariotextual.com\\\/inicio\\\/#\\\/schema\\\/person\\\/694f60677f23c4a530867a98f22b3768\",\"name\":\"diario2\",\"image\":{\"@type\":\"ImageObject\",\"inLanguage\":\"es\",\"@id\":\"https:\\\/\\\/secure.gravatar.com\\\/avatar\\\/5a2567495ba16b852fcd8f1ed006a2e24fcace936018ed8237e95f488ad6e0a7?s=96&d=mm&r=g\",\"url\":\"https:\\\/\\\/secure.gravatar.com\\\/avatar\\\/5a2567495ba16b852fcd8f1ed006a2e24fcace936018ed8237e95f488ad6e0a7?s=96&d=mm&r=g\",\"contentUrl\":\"https:\\\/\\\/secure.gravatar.com\\\/avatar\\\/5a2567495ba16b852fcd8f1ed006a2e24fcace936018ed8237e95f488ad6e0a7?s=96&d=mm&r=g\",\"caption\":\"diario2\"},\"url\":\"https:\\\/\\\/diariotextual.com\\\/inicio\\\/index.php\\\/author\\\/diario2\\\/\"}]}<\/script>\n<!-- \/ Yoast SEO plugin. -->","yoast_head_json":{"title":"APE y Cosypro firmaron convenio de mejoras en el servicio el\u00e9ctrico para Relmo y Miguel Can\u00e9 - Diario Textual","robots":{"index":"index","follow":"follow","max-snippet":"max-snippet:-1","max-image-preview":"max-image-preview:large","max-video-preview":"max-video-preview:-1"},"canonical":"https:\/\/diariotextual.com\/inicio\/index.php\/2023\/03\/10\/ape-y-cosypro-firmaron-convenio-de-mejoras-en-servicio-electrico-para-relmo-y-miguel-cane\/","og_locale":"es_ES","og_type":"article","og_title":"APE y Cosypro firmaron convenio de mejoras en el servicio el\u00e9ctrico para Relmo y Miguel Can\u00e9 - Diario Textual","og_description":"En el marco de la pol\u00edtica p\u00fablica en materia energ\u00e9tica impulsada por el Gobierno provincial, la Secretar\u00eda de Energ\u00eda y Miner\u00eda, a trav\u00e9s de la Administraci\u00f3n Provincial de Energ\u00eda (APE)&hellip;","og_url":"https:\/\/diariotextual.com\/inicio\/index.php\/2023\/03\/10\/ape-y-cosypro-firmaron-convenio-de-mejoras-en-servicio-electrico-para-relmo-y-miguel-cane\/","og_site_name":"Diario Textual","article_publisher":"https:\/\/www.facebook.com\/eltextual","article_published_time":"2023-03-10T21:41:07+00:00","article_modified_time":"2023-03-10T21:45:07+00:00","og_image":[{"width":799,"height":512,"url":"https:\/\/diariotextual.com\/inicio\/wp-content\/uploads\/2023\/03\/cosyprofirmaenergia66.jpeg","type":"image\/jpeg"}],"author":"diario2","twitter_card":"summary_large_image","twitter_creator":"@eltextual","twitter_site":"@eltextual","twitter_misc":{"Escrito por":"diario2","Tiempo de lectura":"2 minutos"},"schema":{"@context":"https:\/\/schema.org","@graph":[{"@type":"Article","@id":"https:\/\/diariotextual.com\/inicio\/index.php\/2023\/03\/10\/ape-y-cosypro-firmaron-convenio-de-mejoras-en-servicio-electrico-para-relmo-y-miguel-cane\/#article","isPartOf":{"@id":"https:\/\/diariotextual.com\/inicio\/index.php\/2023\/03\/10\/ape-y-cosypro-firmaron-convenio-de-mejoras-en-servicio-electrico-para-relmo-y-miguel-cane\/"},"author":{"name":"diario2","@id":"https:\/\/diariotextual.com\/inicio\/#\/schema\/person\/694f60677f23c4a530867a98f22b3768"},"headline":"APE y Cosypro firmaron convenio de mejoras en el servicio el\u00e9ctrico para Relmo y Miguel Can\u00e9","datePublished":"2023-03-10T21:41:07+00:00","dateModified":"2023-03-10T21:45:07+00:00","mainEntityOfPage":{"@id":"https:\/\/diariotextual.com\/inicio\/index.php\/2023\/03\/10\/ape-y-cosypro-firmaron-convenio-de-mejoras-en-servicio-electrico-para-relmo-y-miguel-cane\/"},"wordCount":272,"publisher":{"@id":"https:\/\/diariotextual.com\/inicio\/#organization"},"image":{"@id":"https:\/\/diariotextual.com\/inicio\/index.php\/2023\/03\/10\/ape-y-cosypro-firmaron-convenio-de-mejoras-en-servicio-electrico-para-relmo-y-miguel-cane\/#primaryimage"},"thumbnailUrl":"https:\/\/diariotextual.com\/inicio\/wp-content\/uploads\/2023\/03\/cosyprofirmaenergia66.jpeg","articleSection":["A - ES NOTICIA (van abajo)","SOCIEDAD"],"inLanguage":"es"},{"@type":"WebPage","@id":"https:\/\/diariotextual.com\/inicio\/index.php\/2023\/03\/10\/ape-y-cosypro-firmaron-convenio-de-mejoras-en-servicio-electrico-para-relmo-y-miguel-cane\/","url":"https:\/\/diariotextual.com\/inicio\/index.php\/2023\/03\/10\/ape-y-cosypro-firmaron-convenio-de-mejoras-en-servicio-electrico-para-relmo-y-miguel-cane\/","name":"APE y Cosypro firmaron convenio de mejoras en el servicio el\u00e9ctrico para Relmo y Miguel Can\u00e9 - Diario Textual","isPartOf":{"@id":"https:\/\/diariotextual.com\/inicio\/#website"},"primaryImageOfPage":{"@id":"https:\/\/diariotextual.com\/inicio\/index.php\/2023\/03\/10\/ape-y-cosypro-firmaron-convenio-de-mejoras-en-servicio-electrico-para-relmo-y-miguel-cane\/#primaryimage"},"image":{"@id":"https:\/\/diariotextual.com\/inicio\/index.php\/2023\/03\/10\/ape-y-cosypro-firmaron-convenio-de-mejoras-en-servicio-electrico-para-relmo-y-miguel-cane\/#primaryimage"},"thumbnailUrl":"https:\/\/diariotextual.com\/inicio\/wp-content\/uploads\/2023\/03\/cosyprofirmaenergia66.jpeg","datePublished":"2023-03-10T21:41:07+00:00","dateModified":"2023-03-10T21:45:07+00:00","breadcrumb":{"@id":"https:\/\/diariotextual.com\/inicio\/index.php\/2023\/03\/10\/ape-y-cosypro-firmaron-convenio-de-mejoras-en-servicio-electrico-para-relmo-y-miguel-cane\/#breadcrumb"},"inLanguage":"es","potentialAction":[{"@type":"ReadAction","target":["https:\/\/diariotextual.com\/inicio\/index.php\/2023\/03\/10\/ape-y-cosypro-firmaron-convenio-de-mejoras-en-servicio-electrico-para-relmo-y-miguel-cane\/"]}]},{"@type":"ImageObject","inLanguage":"es","@id":"https:\/\/diariotextual.com\/inicio\/index.php\/2023\/03\/10\/ape-y-cosypro-firmaron-convenio-de-mejoras-en-servicio-electrico-para-relmo-y-miguel-cane\/#primaryimage","url":"https:\/\/diariotextual.com\/inicio\/wp-content\/uploads\/2023\/03\/cosyprofirmaenergia66.jpeg","contentUrl":"https:\/\/diariotextual.com\/inicio\/wp-content\/uploads\/2023\/03\/cosyprofirmaenergia66.jpeg","width":799,"height":512},{"@type":"BreadcrumbList","@id":"https:\/\/diariotextual.com\/inicio\/index.php\/2023\/03\/10\/ape-y-cosypro-firmaron-convenio-de-mejoras-en-servicio-electrico-para-relmo-y-miguel-cane\/#breadcrumb","itemListElement":[{"@type":"ListItem","position":1,"name":"Portada","item":"https:\/\/diariotextual.com\/inicio\/"},{"@type":"ListItem","position":2,"name":"APE y Cosypro firmaron convenio de mejoras en el servicio el\u00e9ctrico para Relmo y Miguel Can\u00e9"}]},{"@type":"WebSite","@id":"https:\/\/diariotextual.com\/inicio\/#website","url":"https:\/\/diariotextual.com\/inicio\/","name":"Diario Textual","description":"","publisher":{"@id":"https:\/\/diariotextual.com\/inicio\/#organization"},"potentialAction":[{"@type":"SearchAction","target":{"@type":"EntryPoint","urlTemplate":"https:\/\/diariotextual.com\/inicio\/?s={search_term_string}"},"query-input":{"@type":"PropertyValueSpecification","valueRequired":true,"valueName":"search_term_string"}}],"inLanguage":"es"},{"@type":"Organization","@id":"https:\/\/diariotextual.com\/inicio\/#organization","name":"Diario Textual","url":"https:\/\/diariotextual.com\/inicio\/","logo":{"@type":"ImageObject","inLanguage":"es","@id":"https:\/\/diariotextual.com\/inicio\/#\/schema\/logo\/image\/","url":"https:\/\/diariotextual.com\/inicio\/wp-content\/uploads\/2023\/05\/logotextual1.jpg","contentUrl":"https:\/\/diariotextual.com\/inicio\/wp-content\/uploads\/2023\/05\/logotextual1.jpg","width":516,"height":76,"caption":"Diario Textual"},"image":{"@id":"https:\/\/diariotextual.com\/inicio\/#\/schema\/logo\/image\/"},"sameAs":["https:\/\/www.facebook.com\/eltextual","https:\/\/x.com\/eltextual","http:\/\/www.instagram.com\/eltextual"]},{"@type":"Person","@id":"https:\/\/diariotextual.com\/inicio\/#\/schema\/person\/694f60677f23c4a530867a98f22b3768","name":"diario2","image":{"@type":"ImageObject","inLanguage":"es","@id":"https:\/\/secure.gravatar.com\/avatar\/5a2567495ba16b852fcd8f1ed006a2e24fcace936018ed8237e95f488ad6e0a7?s=96&d=mm&r=g","url":"https:\/\/secure.gravatar.com\/avatar\/5a2567495ba16b852fcd8f1ed006a2e24fcace936018ed8237e95f488ad6e0a7?s=96&d=mm&r=g","contentUrl":"https:\/\/secure.gravatar.com\/avatar\/5a2567495ba16b852fcd8f1ed006a2e24fcace936018ed8237e95f488ad6e0a7?s=96&d=mm&r=g","caption":"diario2"},"url":"https:\/\/diariotextual.com\/inicio\/index.php\/author\/diario2\/"}]}},"_links":{"self":[{"href":"https:\/\/diariotextual.com\/inicio\/index.php\/wp-json\/wp\/v2\/posts\/218475","targetHints":{"allow":["GET"]}}],"collection":[{"href":"https:\/\/diariotextual.com\/inicio\/index.php\/wp-json\/wp\/v2\/posts"}],"about":[{"href":"https:\/\/diariotextual.com\/inicio\/index.php\/wp-json\/wp\/v2\/types\/post"}],"author":[{"embeddable":true,"href":"https:\/\/diariotextual.com\/inicio\/index.php\/wp-json\/wp\/v2\/users\/4"}],"replies":[{"embeddable":true,"href":"https:\/\/diariotextual.com\/inicio\/index.php\/wp-json\/wp\/v2\/comments?post=218475"}],"version-history":[{"count":2,"href":"https:\/\/diariotextual.com\/inicio\/index.php\/wp-json\/wp\/v2\/posts\/218475\/revisions"}],"predecessor-version":[{"id":218478,"href":"https:\/\/diariotextual.com\/inicio\/index.php\/wp-json\/wp\/v2\/posts\/218475\/revisions\/218478"}],"wp:featuredmedia":[{"embeddable":true,"href":"https:\/\/diariotextual.com\/inicio\/index.php\/wp-json\/wp\/v2\/media\/218476"}],"wp:attachment":[{"href":"https:\/\/diariotextual.com\/inicio\/index.php\/wp-json\/wp\/v2\/media?parent=218475"}],"wp:term":[{"taxonomy":"category","embeddable":true,"href":"https:\/\/diariotextual.com\/inicio\/index.php\/wp-json\/wp\/v2\/categories?post=218475"},{"taxonomy":"post_tag","embeddable":true,"href":"https:\/\/diariotextual.com\/inicio\/index.php\/wp-json\/wp\/v2\/tags?post=218475"}],"curies":[{"name":"wp","href":"https:\/\/api.w.org\/{rel}","templated":true}]}}