{"id":218479,"date":"2023-03-10T18:50:06","date_gmt":"2023-03-10T21:50:06","guid":{"rendered":"https:\/\/diariotextual.com\/inicio\/?p=218479"},"modified":"2023-03-10T18:50:08","modified_gmt":"2023-03-10T21:50:08","slug":"la-demanda-electrica-alcanzo-record-historico-para-un-dia-habil","status":"publish","type":"post","link":"https:\/\/diariotextual.com\/inicio\/index.php\/2023\/03\/10\/la-demanda-electrica-alcanzo-record-historico-para-un-dia-habil\/","title":{"rendered":"La demanda el\u00e9ctrica alcanz\u00f3 r\u00e9cord hist\u00f3rico para un d\u00eda h\u00e1bil"},"content":{"rendered":"\n<p>El sistema el\u00e9ctrico nacional registr\u00f3 hoy un nuevo pico hist\u00f3rico de demanda al llegar a los 28.562 Mw, el nuevo r\u00e9cord para un d\u00eda h\u00e1bil, lo que acompa\u00f1\u00f3 las altas temperaturas de la jornada de acuerdo a los datos de la Compa\u00f1\u00eda Administradora del Mercado Mayorista El\u00e9ctrico (Cammesa).<\/p>\n\n\n\n<p>El pico de consumo de energ\u00eda registrado a las 15.15 ante las altas temperaturas que afronta gran parte del pa\u00eds result\u00f3 superior a los 28 283 Mw del 12 de diciembre, al alcanzar los 28.562 Mw.<\/p>\n\n\n\n<p>La ciudad de Buenos Aires, La Plata y varios municipios del conurbano bonaerense, como Merlo, continuaban hoy afectados por marcas de sensaci\u00f3n t\u00e9rmica entre 39 y 44 grados por lo que sigue en vigencia la alerta roja por temperaturas extremas \u201cmuy peligrosas\u201d para la zona, mientras otras localidades del centro y este del pa\u00eds transitaban una jornada de calor sofocante de temperaturas reales superiores a los 34 grados, inform\u00f3 el Servicio Meteorol\u00f3gico Nacional (SMN).<\/p>\n\n\n\n<p>Frente a esta situaci\u00f3n, la Asociaci\u00f3n de Distribuidores de Energ\u00eda El\u00e9ctrica (Adeera) reiter\u00f3 la recomendaci\u00f3n de que los usuarios hagan un uso adecuado de los artefactos el\u00e9ctricos en el hogar y en el trabajo y, de esta manera, se aporte a que la utilizaci\u00f3n de los recursos del sistema el\u00e9ctrico (generaci\u00f3n, transporte y distribuci\u00f3n) sea m\u00e1s eficiente.<\/p>\n\n\n\n<p>La utilizaci\u00f3n adecuada permitir\u00e1 atravesar situaciones excepcionales como la que se presenta en estas jornadas de intenso calor.<\/p>\n","protected":false},"excerpt":{"rendered":"<p>El sistema el\u00e9ctrico nacional registr\u00f3 hoy un nuevo pico hist\u00f3rico de demanda al llegar a los 28.562 Mw, el nuevo r\u00e9cord para un d\u00eda h\u00e1bil, lo que acompa\u00f1\u00f3 las altas&hellip;<\/p>\n","protected":false},"author":4,"featured_media":1532,"comment_status":"closed","ping_status":"open","sticky":false,"template":"","format":"standard","meta":{"_acf_changed":false,"footnotes":""},"categories":[1,12],"tags":[],"class_list":["post-218479","post","type-post","status-publish","format-standard","has-post-thumbnail","hentry","category-es-noticia","category-sociedad"],"acf":[],"yoast_head":"<!-- This site is optimized with the Yoast SEO plugin v27.5 - https:\/\/yoast.com\/product\/yoast-seo-wordpress\/ -->\n<title>La demanda el\u00e9ctrica alcanz\u00f3 r\u00e9cord hist\u00f3rico para un d\u00eda h\u00e1bil - Diario Textual<\/title>\n<meta name=\"robots\" content=\"index, follow, max-snippet:-1, max-image-preview:large, max-video-preview:-1\" \/>\n<link rel=\"canonical\" href=\"https:\/\/diariotextual.com\/inicio\/index.php\/2023\/03\/10\/la-demanda-electrica-alcanzo-record-historico-para-un-dia-habil\/\" \/>\n<meta property=\"og:locale\" content=\"es_ES\" \/>\n<meta property=\"og:type\" content=\"article\" \/>\n<meta property=\"og:title\" content=\"La demanda el\u00e9ctrica alcanz\u00f3 r\u00e9cord hist\u00f3rico para un d\u00eda h\u00e1bil - Diario Textual\" \/>\n<meta property=\"og:description\" content=\"El sistema el\u00e9ctrico nacional registr\u00f3 hoy un nuevo pico hist\u00f3rico de demanda al llegar a los 28.562 Mw, el nuevo r\u00e9cord para un d\u00eda h\u00e1bil, lo que acompa\u00f1\u00f3 las altas&hellip;\" \/>\n<meta property=\"og:url\" content=\"https:\/\/diariotextual.com\/inicio\/index.php\/2023\/03\/10\/la-demanda-electrica-alcanzo-record-historico-para-un-dia-habil\/\" \/>\n<meta property=\"og:site_name\" content=\"Diario Textual\" \/>\n<meta property=\"article:publisher\" content=\"https:\/\/www.facebook.com\/eltextual\" \/>\n<meta property=\"article:published_time\" content=\"2023-03-10T21:50:06+00:00\" \/>\n<meta property=\"article:modified_time\" content=\"2023-03-10T21:50:08+00:00\" \/>\n<meta property=\"og:image\" content=\"https:\/\/diariotextual.com\/inicio\/wp-content\/uploads\/2018\/03\/electricidadtorrestextual2015-1.jpg\" \/>\n\t<meta property=\"og:image:width\" content=\"600\" \/>\n\t<meta property=\"og:image:height\" content=\"400\" \/>\n\t<meta property=\"og:image:type\" content=\"image\/jpeg\" \/>\n<meta name=\"author\" content=\"diario2\" \/>\n<meta name=\"twitter:card\" content=\"summary_large_image\" \/>\n<meta name=\"twitter:creator\" content=\"@eltextual\" \/>\n<meta name=\"twitter:site\" content=\"@eltextual\" \/>\n<meta name=\"twitter:label1\" content=\"Escrito por\" \/>\n\t<meta name=\"twitter:data1\" content=\"diario2\" \/>\n\t<meta name=\"twitter:label2\" content=\"Tiempo de lectura\" \/>\n\t<meta name=\"twitter:data2\" content=\"2 minutos\" \/>\n<script type=\"application\/ld+json\" class=\"yoast-schema-graph\">{\"@context\":\"https:\\\/\\\/schema.org\",\"@graph\":[{\"@type\":\"Article\",\"@id\":\"https:\\\/\\\/diariotextual.com\\\/inicio\\\/index.php\\\/2023\\\/03\\\/10\\\/la-demanda-electrica-alcanzo-record-historico-para-un-dia-habil\\\/#article\",\"isPartOf\":{\"@id\":\"https:\\\/\\\/diariotextual.com\\\/inicio\\\/index.php\\\/2023\\\/03\\\/10\\\/la-demanda-electrica-alcanzo-record-historico-para-un-dia-habil\\\/\"},\"author\":{\"name\":\"diario2\",\"@id\":\"https:\\\/\\\/diariotextual.com\\\/inicio\\\/#\\\/schema\\\/person\\\/694f60677f23c4a530867a98f22b3768\"},\"headline\":\"La demanda el\u00e9ctrica alcanz\u00f3 r\u00e9cord hist\u00f3rico para un d\u00eda h\u00e1bil\",\"datePublished\":\"2023-03-10T21:50:06+00:00\",\"dateModified\":\"2023-03-10T21:50:08+00:00\",\"mainEntityOfPage\":{\"@id\":\"https:\\\/\\\/diariotextual.com\\\/inicio\\\/index.php\\\/2023\\\/03\\\/10\\\/la-demanda-electrica-alcanzo-record-historico-para-un-dia-habil\\\/\"},\"wordCount\":264,\"publisher\":{\"@id\":\"https:\\\/\\\/diariotextual.com\\\/inicio\\\/#organization\"},\"image\":{\"@id\":\"https:\\\/\\\/diariotextual.com\\\/inicio\\\/index.php\\\/2023\\\/03\\\/10\\\/la-demanda-electrica-alcanzo-record-historico-para-un-dia-habil\\\/#primaryimage\"},\"thumbnailUrl\":\"https:\\\/\\\/diariotextual.com\\\/inicio\\\/wp-content\\\/uploads\\\/2018\\\/03\\\/electricidadtorrestextual2015-1.jpg\",\"articleSection\":[\"A - ES NOTICIA (van abajo)\",\"SOCIEDAD\"],\"inLanguage\":\"es\"},{\"@type\":\"WebPage\",\"@id\":\"https:\\\/\\\/diariotextual.com\\\/inicio\\\/index.php\\\/2023\\\/03\\\/10\\\/la-demanda-electrica-alcanzo-record-historico-para-un-dia-habil\\\/\",\"url\":\"https:\\\/\\\/diariotextual.com\\\/inicio\\\/index.php\\\/2023\\\/03\\\/10\\\/la-demanda-electrica-alcanzo-record-historico-para-un-dia-habil\\\/\",\"name\":\"La demanda el\u00e9ctrica alcanz\u00f3 r\u00e9cord hist\u00f3rico para un d\u00eda h\u00e1bil - Diario Textual\",\"isPartOf\":{\"@id\":\"https:\\\/\\\/diariotextual.com\\\/inicio\\\/#website\"},\"primaryImageOfPage\":{\"@id\":\"https:\\\/\\\/diariotextual.com\\\/inicio\\\/index.php\\\/2023\\\/03\\\/10\\\/la-demanda-electrica-alcanzo-record-historico-para-un-dia-habil\\\/#primaryimage\"},\"image\":{\"@id\":\"https:\\\/\\\/diariotextual.com\\\/inicio\\\/index.php\\\/2023\\\/03\\\/10\\\/la-demanda-electrica-alcanzo-record-historico-para-un-dia-habil\\\/#primaryimage\"},\"thumbnailUrl\":\"https:\\\/\\\/diariotextual.com\\\/inicio\\\/wp-content\\\/uploads\\\/2018\\\/03\\\/electricidadtorrestextual2015-1.jpg\",\"datePublished\":\"2023-03-10T21:50:06+00:00\",\"dateModified\":\"2023-03-10T21:50:08+00:00\",\"breadcrumb\":{\"@id\":\"https:\\\/\\\/diariotextual.com\\\/inicio\\\/index.php\\\/2023\\\/03\\\/10\\\/la-demanda-electrica-alcanzo-record-historico-para-un-dia-habil\\\/#breadcrumb\"},\"inLanguage\":\"es\",\"potentialAction\":[{\"@type\":\"ReadAction\",\"target\":[\"https:\\\/\\\/diariotextual.com\\\/inicio\\\/index.php\\\/2023\\\/03\\\/10\\\/la-demanda-electrica-alcanzo-record-historico-para-un-dia-habil\\\/\"]}]},{\"@type\":\"ImageObject\",\"inLanguage\":\"es\",\"@id\":\"https:\\\/\\\/diariotextual.com\\\/inicio\\\/index.php\\\/2023\\\/03\\\/10\\\/la-demanda-electrica-alcanzo-record-historico-para-un-dia-habil\\\/#primaryimage\",\"url\":\"https:\\\/\\\/diariotextual.com\\\/inicio\\\/wp-content\\\/uploads\\\/2018\\\/03\\\/electricidadtorrestextual2015-1.jpg\",\"contentUrl\":\"https:\\\/\\\/diariotextual.com\\\/inicio\\\/wp-content\\\/uploads\\\/2018\\\/03\\\/electricidadtorrestextual2015-1.jpg\",\"width\":600,\"height\":400},{\"@type\":\"BreadcrumbList\",\"@id\":\"https:\\\/\\\/diariotextual.com\\\/inicio\\\/index.php\\\/2023\\\/03\\\/10\\\/la-demanda-electrica-alcanzo-record-historico-para-un-dia-habil\\\/#breadcrumb\",\"itemListElement\":[{\"@type\":\"ListItem\",\"position\":1,\"name\":\"Portada\",\"item\":\"https:\\\/\\\/diariotextual.com\\\/inicio\\\/\"},{\"@type\":\"ListItem\",\"position\":2,\"name\":\"La demanda el\u00e9ctrica alcanz\u00f3 r\u00e9cord hist\u00f3rico para un d\u00eda h\u00e1bil\"}]},{\"@type\":\"WebSite\",\"@id\":\"https:\\\/\\\/diariotextual.com\\\/inicio\\\/#website\",\"url\":\"https:\\\/\\\/diariotextual.com\\\/inicio\\\/\",\"name\":\"Diario Textual\",\"description\":\"\",\"publisher\":{\"@id\":\"https:\\\/\\\/diariotextual.com\\\/inicio\\\/#organization\"},\"potentialAction\":[{\"@type\":\"SearchAction\",\"target\":{\"@type\":\"EntryPoint\",\"urlTemplate\":\"https:\\\/\\\/diariotextual.com\\\/inicio\\\/?s={search_term_string}\"},\"query-input\":{\"@type\":\"PropertyValueSpecification\",\"valueRequired\":true,\"valueName\":\"search_term_string\"}}],\"inLanguage\":\"es\"},{\"@type\":\"Organization\",\"@id\":\"https:\\\/\\\/diariotextual.com\\\/inicio\\\/#organization\",\"name\":\"Diario Textual\",\"url\":\"https:\\\/\\\/diariotextual.com\\\/inicio\\\/\",\"logo\":{\"@type\":\"ImageObject\",\"inLanguage\":\"es\",\"@id\":\"https:\\\/\\\/diariotextual.com\\\/inicio\\\/#\\\/schema\\\/logo\\\/image\\\/\",\"url\":\"https:\\\/\\\/diariotextual.com\\\/inicio\\\/wp-content\\\/uploads\\\/2023\\\/05\\\/logotextual1.jpg\",\"contentUrl\":\"https:\\\/\\\/diariotextual.com\\\/inicio\\\/wp-content\\\/uploads\\\/2023\\\/05\\\/logotextual1.jpg\",\"width\":516,\"height\":76,\"caption\":\"Diario Textual\"},\"image\":{\"@id\":\"https:\\\/\\\/diariotextual.com\\\/inicio\\\/#\\\/schema\\\/logo\\\/image\\\/\"},\"sameAs\":[\"https:\\\/\\\/www.facebook.com\\\/eltextual\",\"https:\\\/\\\/x.com\\\/eltextual\",\"http:\\\/\\\/www.instagram.com\\\/eltextual\"]},{\"@type\":\"Person\",\"@id\":\"https:\\\/\\\/diariotextual.com\\\/inicio\\\/#\\\/schema\\\/person\\\/694f60677f23c4a530867a98f22b3768\",\"name\":\"diario2\",\"image\":{\"@type\":\"ImageObject\",\"inLanguage\":\"es\",\"@id\":\"https:\\\/\\\/secure.gravatar.com\\\/avatar\\\/5a2567495ba16b852fcd8f1ed006a2e24fcace936018ed8237e95f488ad6e0a7?s=96&d=mm&r=g\",\"url\":\"https:\\\/\\\/secure.gravatar.com\\\/avatar\\\/5a2567495ba16b852fcd8f1ed006a2e24fcace936018ed8237e95f488ad6e0a7?s=96&d=mm&r=g\",\"contentUrl\":\"https:\\\/\\\/secure.gravatar.com\\\/avatar\\\/5a2567495ba16b852fcd8f1ed006a2e24fcace936018ed8237e95f488ad6e0a7?s=96&d=mm&r=g\",\"caption\":\"diario2\"},\"url\":\"https:\\\/\\\/diariotextual.com\\\/inicio\\\/index.php\\\/author\\\/diario2\\\/\"}]}<\/script>\n<!-- \/ Yoast SEO plugin. -->","yoast_head_json":{"title":"La demanda el\u00e9ctrica alcanz\u00f3 r\u00e9cord hist\u00f3rico para un d\u00eda h\u00e1bil - Diario Textual","robots":{"index":"index","follow":"follow","max-snippet":"max-snippet:-1","max-image-preview":"max-image-preview:large","max-video-preview":"max-video-preview:-1"},"canonical":"https:\/\/diariotextual.com\/inicio\/index.php\/2023\/03\/10\/la-demanda-electrica-alcanzo-record-historico-para-un-dia-habil\/","og_locale":"es_ES","og_type":"article","og_title":"La demanda el\u00e9ctrica alcanz\u00f3 r\u00e9cord hist\u00f3rico para un d\u00eda h\u00e1bil - Diario Textual","og_description":"El sistema el\u00e9ctrico nacional registr\u00f3 hoy un nuevo pico hist\u00f3rico de demanda al llegar a los 28.562 Mw, el nuevo r\u00e9cord para un d\u00eda h\u00e1bil, lo que acompa\u00f1\u00f3 las altas&hellip;","og_url":"https:\/\/diariotextual.com\/inicio\/index.php\/2023\/03\/10\/la-demanda-electrica-alcanzo-record-historico-para-un-dia-habil\/","og_site_name":"Diario Textual","article_publisher":"https:\/\/www.facebook.com\/eltextual","article_published_time":"2023-03-10T21:50:06+00:00","article_modified_time":"2023-03-10T21:50:08+00:00","og_image":[{"width":600,"height":400,"url":"https:\/\/diariotextual.com\/inicio\/wp-content\/uploads\/2018\/03\/electricidadtorrestextual2015-1.jpg","type":"image\/jpeg"}],"author":"diario2","twitter_card":"summary_large_image","twitter_creator":"@eltextual","twitter_site":"@eltextual","twitter_misc":{"Escrito por":"diario2","Tiempo de lectura":"2 minutos"},"schema":{"@context":"https:\/\/schema.org","@graph":[{"@type":"Article","@id":"https:\/\/diariotextual.com\/inicio\/index.php\/2023\/03\/10\/la-demanda-electrica-alcanzo-record-historico-para-un-dia-habil\/#article","isPartOf":{"@id":"https:\/\/diariotextual.com\/inicio\/index.php\/2023\/03\/10\/la-demanda-electrica-alcanzo-record-historico-para-un-dia-habil\/"},"author":{"name":"diario2","@id":"https:\/\/diariotextual.com\/inicio\/#\/schema\/person\/694f60677f23c4a530867a98f22b3768"},"headline":"La demanda el\u00e9ctrica alcanz\u00f3 r\u00e9cord hist\u00f3rico para un d\u00eda h\u00e1bil","datePublished":"2023-03-10T21:50:06+00:00","dateModified":"2023-03-10T21:50:08+00:00","mainEntityOfPage":{"@id":"https:\/\/diariotextual.com\/inicio\/index.php\/2023\/03\/10\/la-demanda-electrica-alcanzo-record-historico-para-un-dia-habil\/"},"wordCount":264,"publisher":{"@id":"https:\/\/diariotextual.com\/inicio\/#organization"},"image":{"@id":"https:\/\/diariotextual.com\/inicio\/index.php\/2023\/03\/10\/la-demanda-electrica-alcanzo-record-historico-para-un-dia-habil\/#primaryimage"},"thumbnailUrl":"https:\/\/diariotextual.com\/inicio\/wp-content\/uploads\/2018\/03\/electricidadtorrestextual2015-1.jpg","articleSection":["A - ES NOTICIA (van abajo)","SOCIEDAD"],"inLanguage":"es"},{"@type":"WebPage","@id":"https:\/\/diariotextual.com\/inicio\/index.php\/2023\/03\/10\/la-demanda-electrica-alcanzo-record-historico-para-un-dia-habil\/","url":"https:\/\/diariotextual.com\/inicio\/index.php\/2023\/03\/10\/la-demanda-electrica-alcanzo-record-historico-para-un-dia-habil\/","name":"La demanda el\u00e9ctrica alcanz\u00f3 r\u00e9cord hist\u00f3rico para un d\u00eda h\u00e1bil - Diario Textual","isPartOf":{"@id":"https:\/\/diariotextual.com\/inicio\/#website"},"primaryImageOfPage":{"@id":"https:\/\/diariotextual.com\/inicio\/index.php\/2023\/03\/10\/la-demanda-electrica-alcanzo-record-historico-para-un-dia-habil\/#primaryimage"},"image":{"@id":"https:\/\/diariotextual.com\/inicio\/index.php\/2023\/03\/10\/la-demanda-electrica-alcanzo-record-historico-para-un-dia-habil\/#primaryimage"},"thumbnailUrl":"https:\/\/diariotextual.com\/inicio\/wp-content\/uploads\/2018\/03\/electricidadtorrestextual2015-1.jpg","datePublished":"2023-03-10T21:50:06+00:00","dateModified":"2023-03-10T21:50:08+00:00","breadcrumb":{"@id":"https:\/\/diariotextual.com\/inicio\/index.php\/2023\/03\/10\/la-demanda-electrica-alcanzo-record-historico-para-un-dia-habil\/#breadcrumb"},"inLanguage":"es","potentialAction":[{"@type":"ReadAction","target":["https:\/\/diariotextual.com\/inicio\/index.php\/2023\/03\/10\/la-demanda-electrica-alcanzo-record-historico-para-un-dia-habil\/"]}]},{"@type":"ImageObject","inLanguage":"es","@id":"https:\/\/diariotextual.com\/inicio\/index.php\/2023\/03\/10\/la-demanda-electrica-alcanzo-record-historico-para-un-dia-habil\/#primaryimage","url":"https:\/\/diariotextual.com\/inicio\/wp-content\/uploads\/2018\/03\/electricidadtorrestextual2015-1.jpg","contentUrl":"https:\/\/diariotextual.com\/inicio\/wp-content\/uploads\/2018\/03\/electricidadtorrestextual2015-1.jpg","width":600,"height":400},{"@type":"BreadcrumbList","@id":"https:\/\/diariotextual.com\/inicio\/index.php\/2023\/03\/10\/la-demanda-electrica-alcanzo-record-historico-para-un-dia-habil\/#breadcrumb","itemListElement":[{"@type":"ListItem","position":1,"name":"Portada","item":"https:\/\/diariotextual.com\/inicio\/"},{"@type":"ListItem","position":2,"name":"La demanda el\u00e9ctrica alcanz\u00f3 r\u00e9cord hist\u00f3rico para un d\u00eda h\u00e1bil"}]},{"@type":"WebSite","@id":"https:\/\/diariotextual.com\/inicio\/#website","url":"https:\/\/diariotextual.com\/inicio\/","name":"Diario Textual","description":"","publisher":{"@id":"https:\/\/diariotextual.com\/inicio\/#organization"},"potentialAction":[{"@type":"SearchAction","target":{"@type":"EntryPoint","urlTemplate":"https:\/\/diariotextual.com\/inicio\/?s={search_term_string}"},"query-input":{"@type":"PropertyValueSpecification","valueRequired":true,"valueName":"search_term_string"}}],"inLanguage":"es"},{"@type":"Organization","@id":"https:\/\/diariotextual.com\/inicio\/#organization","name":"Diario Textual","url":"https:\/\/diariotextual.com\/inicio\/","logo":{"@type":"ImageObject","inLanguage":"es","@id":"https:\/\/diariotextual.com\/inicio\/#\/schema\/logo\/image\/","url":"https:\/\/diariotextual.com\/inicio\/wp-content\/uploads\/2023\/05\/logotextual1.jpg","contentUrl":"https:\/\/diariotextual.com\/inicio\/wp-content\/uploads\/2023\/05\/logotextual1.jpg","width":516,"height":76,"caption":"Diario Textual"},"image":{"@id":"https:\/\/diariotextual.com\/inicio\/#\/schema\/logo\/image\/"},"sameAs":["https:\/\/www.facebook.com\/eltextual","https:\/\/x.com\/eltextual","http:\/\/www.instagram.com\/eltextual"]},{"@type":"Person","@id":"https:\/\/diariotextual.com\/inicio\/#\/schema\/person\/694f60677f23c4a530867a98f22b3768","name":"diario2","image":{"@type":"ImageObject","inLanguage":"es","@id":"https:\/\/secure.gravatar.com\/avatar\/5a2567495ba16b852fcd8f1ed006a2e24fcace936018ed8237e95f488ad6e0a7?s=96&d=mm&r=g","url":"https:\/\/secure.gravatar.com\/avatar\/5a2567495ba16b852fcd8f1ed006a2e24fcace936018ed8237e95f488ad6e0a7?s=96&d=mm&r=g","contentUrl":"https:\/\/secure.gravatar.com\/avatar\/5a2567495ba16b852fcd8f1ed006a2e24fcace936018ed8237e95f488ad6e0a7?s=96&d=mm&r=g","caption":"diario2"},"url":"https:\/\/diariotextual.com\/inicio\/index.php\/author\/diario2\/"}]}},"_links":{"self":[{"href":"https:\/\/diariotextual.com\/inicio\/index.php\/wp-json\/wp\/v2\/posts\/218479","targetHints":{"allow":["GET"]}}],"collection":[{"href":"https:\/\/diariotextual.com\/inicio\/index.php\/wp-json\/wp\/v2\/posts"}],"about":[{"href":"https:\/\/diariotextual.com\/inicio\/index.php\/wp-json\/wp\/v2\/types\/post"}],"author":[{"embeddable":true,"href":"https:\/\/diariotextual.com\/inicio\/index.php\/wp-json\/wp\/v2\/users\/4"}],"replies":[{"embeddable":true,"href":"https:\/\/diariotextual.com\/inicio\/index.php\/wp-json\/wp\/v2\/comments?post=218479"}],"version-history":[{"count":1,"href":"https:\/\/diariotextual.com\/inicio\/index.php\/wp-json\/wp\/v2\/posts\/218479\/revisions"}],"predecessor-version":[{"id":218480,"href":"https:\/\/diariotextual.com\/inicio\/index.php\/wp-json\/wp\/v2\/posts\/218479\/revisions\/218480"}],"wp:featuredmedia":[{"embeddable":true,"href":"https:\/\/diariotextual.com\/inicio\/index.php\/wp-json\/wp\/v2\/media\/1532"}],"wp:attachment":[{"href":"https:\/\/diariotextual.com\/inicio\/index.php\/wp-json\/wp\/v2\/media?parent=218479"}],"wp:term":[{"taxonomy":"category","embeddable":true,"href":"https:\/\/diariotextual.com\/inicio\/index.php\/wp-json\/wp\/v2\/categories?post=218479"},{"taxonomy":"post_tag","embeddable":true,"href":"https:\/\/diariotextual.com\/inicio\/index.php\/wp-json\/wp\/v2\/tags?post=218479"}],"curies":[{"name":"wp","href":"https:\/\/api.w.org\/{rel}","templated":true}]}}