{"id":218575,"date":"2023-03-12T05:21:02","date_gmt":"2023-03-12T08:21:02","guid":{"rendered":"https:\/\/diariotextual.com\/inicio\/?p=218575"},"modified":"2023-03-12T05:21:07","modified_gmt":"2023-03-12T08:21:07","slug":"maximo-hay-companeros-mas-interesados-en-ganarle-a-cristina-que-en-sacar-el-pais-adelante","status":"publish","type":"post","link":"https:\/\/diariotextual.com\/inicio\/index.php\/2023\/03\/12\/maximo-hay-companeros-mas-interesados-en-ganarle-a-cristina-que-en-sacar-el-pais-adelante\/","title":{"rendered":"M\u00e1ximo: \u201cHay compa\u00f1eros m\u00e1s interesados en ganarle a Cristina que en sacar el pa\u00eds adelante\u201d"},"content":{"rendered":"\n<p>El diputado nacional y presidente del Partido Justicialista (PJ) bonaerense,<strong>&nbsp;M\u00e1ximo Kirchner<\/strong>, advirti\u00f3 que \u201c<strong>hay compa\u00f1eros m\u00e1s interesados en ganarle\u201d a la vicepresidenta Cristina Kirchner que \u201cen sacar el pa\u00eds adelante\u201d<\/strong>, en un mensaje dirigido hacia el presidente Alberto Fern\u00e1ndez. <strong>\u201cHay que abandonar las aventuras personales\u201d, dijo.<\/strong><\/p>\n\n\n\n<p>\u201cTenemos un desaf\u00edo enorme por delante, compa\u00f1eros y compa\u00f1eras. Creo que podemos construir ese lugar que le permita a quien dise\u00f1\u00f3 la estrategia en el 2019 que vuelva a dise\u00f1arla. Parece mentira, muchas veces, que tras la persecuci\u00f3n del Partido Judicial, el hostigamiento medi\u00e1tico constante, haya&nbsp;<strong>compa\u00f1eros que est\u00e9n m\u00e1s interesados en ganarle a Cristina que en sacar el pa\u00eds adelante\u201d<\/strong>, sentenci\u00f3 M\u00e1ximo Kirchner.<\/p>\n\n\n\n<p>Al encabezar el plenario de la militancia kirchnerista en el partido bonaerense de Avellaneda, el diputado nacional us\u00f3 una indirecta para exigirle al \u00b4presidente que se baje de la pelea electoral. \u201cEsas son las diferencias claras que hay.&nbsp;<strong>Una compa\u00f1era (Cristina Kirchner) que en 2019 dise\u00f1\u00f3 la victoria del peronismo para que la gente vuelva a la Casa Rosada y algunos que todav\u00eda dudan de lo que tienen que hacer<\/strong>&nbsp;para ponerse realmente a disposici\u00f3n del conjunto y&nbsp;<strong>abandonar las aventuras personales\u201d, lanz\u00f3.<\/strong><\/p>\n\n\n\n<p>\u201cEs hora del pueblo, es hora de la gente.&nbsp;<strong>M\u00e1s que agradecidos deber\u00edan estar algunos con estar en lugar con los que cualquier argentino sue\u00f1a. M\u00e1s humildad compa\u00f1ero.<\/strong>&nbsp;A disposici\u00f3n de la gente para poder construir realmente una victoria en octubre. Pero no una victoria para administrar las miserias del Fondo Monetario Internacional. Una victoria para que los argentinos y argentinas realmente disfruten de su tierra, de sus riquezas, r\u00edos, mares y climas. Argentina para los argentinos\u201d, subray\u00f3.<\/p>\n\n\n\n<p>\u201cEs bastante mediocre como fuerza pol\u00edtica resignarnos a que el m\u00e1ximo valor o propuesta que tenemos es que no vuelva Mauricio Macri o cualquiera de sus copias. Necesitamos como fuerza pol\u00edtica representar los intereses de las grandes mayor\u00edas populares argentinas, como ha sido siempre nuestra historia\u201d, asever\u00f3 al cierre de la actividad que se convoc\u00f3 bajo la consigna \u201cLuche y Vuelve, Cristina 2023\u201d.<\/p>\n\n\n\n<p>\u201cNos debemos como espacio pol\u00edtico una discusi\u00f3n y un debate sobre cu\u00e1les compromisos pudimos asumir y cumplir y cu\u00e1les tenemos pendientes como fuerza pol\u00edtica con los argentinos que en 2019 concurrieron a las urnas para dar por terminado un corto proceso pero inmensamente da\u00f1inos para nuestro pa\u00eds\u201d, dijo. \u201cMuchos se valieron del triunfo de 2019 para acceder al poder y ahora se hacen los distra\u00eddos para hacer lo que tienen que hacer\u00bb\u201d retruc\u00f3 M\u00e1ximo Kirchner.<\/p>\n\n\n\n<p>Adem\u00e1s, el legislador volvi\u00f3 a lanzar cr\u00edticas para los dirigentes oficialistas. \u201cMuchas veces tengo bronca y siento que la desilusi\u00f3n me gana. Pero son estos lugares, con compa\u00f1eros que no me vienen a hablar mal del otro o la otra sino que vienen a decir lo que podemos hacer, los que llenan el alma contra los que buscan quebrarnos\u201d, dijo.<\/p>\n","protected":false},"excerpt":{"rendered":"<p>El diputado nacional y presidente del Partido Justicialista (PJ) bonaerense,&nbsp;M\u00e1ximo Kirchner, advirti\u00f3 que \u201chay compa\u00f1eros m\u00e1s interesados en ganarle\u201d a la vicepresidenta Cristina Kirchner que \u201cen sacar el pa\u00eds adelante\u201d,&hellip;<\/p>\n","protected":false},"author":3,"featured_media":218576,"comment_status":"closed","ping_status":"open","sticky":false,"template":"","format":"standard","meta":{"_acf_changed":false,"footnotes":""},"categories":[4,8],"tags":[],"class_list":["post-218575","post","type-post","status-publish","format-standard","has-post-thumbnail","hentry","category-destacadas","category-politica"],"acf":[],"yoast_head":"<!-- This site is optimized with the Yoast SEO plugin v27.5 - https:\/\/yoast.com\/product\/yoast-seo-wordpress\/ -->\n<title>M\u00e1ximo: \u201cHay compa\u00f1eros m\u00e1s interesados en ganarle a Cristina que en sacar el pa\u00eds adelante\u201d - Diario Textual<\/title>\n<meta name=\"robots\" content=\"index, follow, max-snippet:-1, max-image-preview:large, max-video-preview:-1\" \/>\n<link rel=\"canonical\" href=\"https:\/\/diariotextual.com\/inicio\/index.php\/2023\/03\/12\/maximo-hay-companeros-mas-interesados-en-ganarle-a-cristina-que-en-sacar-el-pais-adelante\/\" \/>\n<meta property=\"og:locale\" content=\"es_ES\" \/>\n<meta property=\"og:type\" content=\"article\" \/>\n<meta property=\"og:title\" content=\"M\u00e1ximo: \u201cHay compa\u00f1eros m\u00e1s interesados en ganarle a Cristina que en sacar el pa\u00eds adelante\u201d - Diario Textual\" \/>\n<meta property=\"og:description\" content=\"El diputado nacional y presidente del Partido Justicialista (PJ) bonaerense,&nbsp;M\u00e1ximo Kirchner, advirti\u00f3 que \u201chay compa\u00f1eros m\u00e1s interesados en ganarle\u201d a la vicepresidenta Cristina Kirchner que \u201cen sacar el pa\u00eds adelante\u201d,&hellip;\" \/>\n<meta property=\"og:url\" content=\"https:\/\/diariotextual.com\/inicio\/index.php\/2023\/03\/12\/maximo-hay-companeros-mas-interesados-en-ganarle-a-cristina-que-en-sacar-el-pais-adelante\/\" \/>\n<meta property=\"og:site_name\" content=\"Diario Textual\" \/>\n<meta property=\"article:publisher\" content=\"https:\/\/www.facebook.com\/eltextual\" \/>\n<meta property=\"article:published_time\" content=\"2023-03-12T08:21:02+00:00\" \/>\n<meta property=\"article:modified_time\" content=\"2023-03-12T08:21:07+00:00\" \/>\n<meta property=\"og:image\" content=\"https:\/\/diariotextual.com\/inicio\/wp-content\/uploads\/2023\/03\/kirchnermaximo2023-1.jpeg\" \/>\n\t<meta property=\"og:image:width\" content=\"1280\" \/>\n\t<meta property=\"og:image:height\" content=\"853\" \/>\n\t<meta property=\"og:image:type\" content=\"image\/jpeg\" \/>\n<meta name=\"author\" content=\"Diario1 Diario1\" \/>\n<meta name=\"twitter:card\" content=\"summary_large_image\" \/>\n<meta name=\"twitter:creator\" content=\"@eltextual\" \/>\n<meta name=\"twitter:site\" content=\"@eltextual\" \/>\n<meta name=\"twitter:label1\" content=\"Escrito por\" \/>\n\t<meta name=\"twitter:data1\" content=\"Diario1 Diario1\" \/>\n\t<meta name=\"twitter:label2\" content=\"Tiempo de lectura\" \/>\n\t<meta name=\"twitter:data2\" content=\"3 minutos\" \/>\n<script type=\"application\/ld+json\" class=\"yoast-schema-graph\">{\"@context\":\"https:\\\/\\\/schema.org\",\"@graph\":[{\"@type\":\"Article\",\"@id\":\"https:\\\/\\\/diariotextual.com\\\/inicio\\\/index.php\\\/2023\\\/03\\\/12\\\/maximo-hay-companeros-mas-interesados-en-ganarle-a-cristina-que-en-sacar-el-pais-adelante\\\/#article\",\"isPartOf\":{\"@id\":\"https:\\\/\\\/diariotextual.com\\\/inicio\\\/index.php\\\/2023\\\/03\\\/12\\\/maximo-hay-companeros-mas-interesados-en-ganarle-a-cristina-que-en-sacar-el-pais-adelante\\\/\"},\"author\":{\"name\":\"Diario1 Diario1\",\"@id\":\"https:\\\/\\\/diariotextual.com\\\/inicio\\\/#\\\/schema\\\/person\\\/418fc4093c33e86ed41562db3508f958\"},\"headline\":\"M\u00e1ximo: \u201cHay compa\u00f1eros m\u00e1s interesados en ganarle a Cristina que en sacar el pa\u00eds adelante\u201d\",\"datePublished\":\"2023-03-12T08:21:02+00:00\",\"dateModified\":\"2023-03-12T08:21:07+00:00\",\"mainEntityOfPage\":{\"@id\":\"https:\\\/\\\/diariotextual.com\\\/inicio\\\/index.php\\\/2023\\\/03\\\/12\\\/maximo-hay-companeros-mas-interesados-en-ganarle-a-cristina-que-en-sacar-el-pais-adelante\\\/\"},\"wordCount\":534,\"publisher\":{\"@id\":\"https:\\\/\\\/diariotextual.com\\\/inicio\\\/#organization\"},\"image\":{\"@id\":\"https:\\\/\\\/diariotextual.com\\\/inicio\\\/index.php\\\/2023\\\/03\\\/12\\\/maximo-hay-companeros-mas-interesados-en-ganarle-a-cristina-que-en-sacar-el-pais-adelante\\\/#primaryimage\"},\"thumbnailUrl\":\"https:\\\/\\\/diariotextual.com\\\/inicio\\\/wp-content\\\/uploads\\\/2023\\\/03\\\/kirchnermaximo2023-1.jpeg\",\"articleSection\":[\"A - DESTACADAS (mod 16)\",\"POLITICA\"],\"inLanguage\":\"es\"},{\"@type\":\"WebPage\",\"@id\":\"https:\\\/\\\/diariotextual.com\\\/inicio\\\/index.php\\\/2023\\\/03\\\/12\\\/maximo-hay-companeros-mas-interesados-en-ganarle-a-cristina-que-en-sacar-el-pais-adelante\\\/\",\"url\":\"https:\\\/\\\/diariotextual.com\\\/inicio\\\/index.php\\\/2023\\\/03\\\/12\\\/maximo-hay-companeros-mas-interesados-en-ganarle-a-cristina-que-en-sacar-el-pais-adelante\\\/\",\"name\":\"M\u00e1ximo: \u201cHay compa\u00f1eros m\u00e1s interesados en ganarle a Cristina que en sacar el pa\u00eds adelante\u201d - Diario Textual\",\"isPartOf\":{\"@id\":\"https:\\\/\\\/diariotextual.com\\\/inicio\\\/#website\"},\"primaryImageOfPage\":{\"@id\":\"https:\\\/\\\/diariotextual.com\\\/inicio\\\/index.php\\\/2023\\\/03\\\/12\\\/maximo-hay-companeros-mas-interesados-en-ganarle-a-cristina-que-en-sacar-el-pais-adelante\\\/#primaryimage\"},\"image\":{\"@id\":\"https:\\\/\\\/diariotextual.com\\\/inicio\\\/index.php\\\/2023\\\/03\\\/12\\\/maximo-hay-companeros-mas-interesados-en-ganarle-a-cristina-que-en-sacar-el-pais-adelante\\\/#primaryimage\"},\"thumbnailUrl\":\"https:\\\/\\\/diariotextual.com\\\/inicio\\\/wp-content\\\/uploads\\\/2023\\\/03\\\/kirchnermaximo2023-1.jpeg\",\"datePublished\":\"2023-03-12T08:21:02+00:00\",\"dateModified\":\"2023-03-12T08:21:07+00:00\",\"breadcrumb\":{\"@id\":\"https:\\\/\\\/diariotextual.com\\\/inicio\\\/index.php\\\/2023\\\/03\\\/12\\\/maximo-hay-companeros-mas-interesados-en-ganarle-a-cristina-que-en-sacar-el-pais-adelante\\\/#breadcrumb\"},\"inLanguage\":\"es\",\"potentialAction\":[{\"@type\":\"ReadAction\",\"target\":[\"https:\\\/\\\/diariotextual.com\\\/inicio\\\/index.php\\\/2023\\\/03\\\/12\\\/maximo-hay-companeros-mas-interesados-en-ganarle-a-cristina-que-en-sacar-el-pais-adelante\\\/\"]}]},{\"@type\":\"ImageObject\",\"inLanguage\":\"es\",\"@id\":\"https:\\\/\\\/diariotextual.com\\\/inicio\\\/index.php\\\/2023\\\/03\\\/12\\\/maximo-hay-companeros-mas-interesados-en-ganarle-a-cristina-que-en-sacar-el-pais-adelante\\\/#primaryimage\",\"url\":\"https:\\\/\\\/diariotextual.com\\\/inicio\\\/wp-content\\\/uploads\\\/2023\\\/03\\\/kirchnermaximo2023-1.jpeg\",\"contentUrl\":\"https:\\\/\\\/diariotextual.com\\\/inicio\\\/wp-content\\\/uploads\\\/2023\\\/03\\\/kirchnermaximo2023-1.jpeg\",\"width\":1280,\"height\":853},{\"@type\":\"BreadcrumbList\",\"@id\":\"https:\\\/\\\/diariotextual.com\\\/inicio\\\/index.php\\\/2023\\\/03\\\/12\\\/maximo-hay-companeros-mas-interesados-en-ganarle-a-cristina-que-en-sacar-el-pais-adelante\\\/#breadcrumb\",\"itemListElement\":[{\"@type\":\"ListItem\",\"position\":1,\"name\":\"Portada\",\"item\":\"https:\\\/\\\/diariotextual.com\\\/inicio\\\/\"},{\"@type\":\"ListItem\",\"position\":2,\"name\":\"M\u00e1ximo: \u201cHay compa\u00f1eros m\u00e1s interesados en ganarle a Cristina que en sacar el pa\u00eds adelante\u201d\"}]},{\"@type\":\"WebSite\",\"@id\":\"https:\\\/\\\/diariotextual.com\\\/inicio\\\/#website\",\"url\":\"https:\\\/\\\/diariotextual.com\\\/inicio\\\/\",\"name\":\"Diario Textual\",\"description\":\"\",\"publisher\":{\"@id\":\"https:\\\/\\\/diariotextual.com\\\/inicio\\\/#organization\"},\"potentialAction\":[{\"@type\":\"SearchAction\",\"target\":{\"@type\":\"EntryPoint\",\"urlTemplate\":\"https:\\\/\\\/diariotextual.com\\\/inicio\\\/?s={search_term_string}\"},\"query-input\":{\"@type\":\"PropertyValueSpecification\",\"valueRequired\":true,\"valueName\":\"search_term_string\"}}],\"inLanguage\":\"es\"},{\"@type\":\"Organization\",\"@id\":\"https:\\\/\\\/diariotextual.com\\\/inicio\\\/#organization\",\"name\":\"Diario Textual\",\"url\":\"https:\\\/\\\/diariotextual.com\\\/inicio\\\/\",\"logo\":{\"@type\":\"ImageObject\",\"inLanguage\":\"es\",\"@id\":\"https:\\\/\\\/diariotextual.com\\\/inicio\\\/#\\\/schema\\\/logo\\\/image\\\/\",\"url\":\"https:\\\/\\\/diariotextual.com\\\/inicio\\\/wp-content\\\/uploads\\\/2023\\\/05\\\/logotextual1.jpg\",\"contentUrl\":\"https:\\\/\\\/diariotextual.com\\\/inicio\\\/wp-content\\\/uploads\\\/2023\\\/05\\\/logotextual1.jpg\",\"width\":516,\"height\":76,\"caption\":\"Diario Textual\"},\"image\":{\"@id\":\"https:\\\/\\\/diariotextual.com\\\/inicio\\\/#\\\/schema\\\/logo\\\/image\\\/\"},\"sameAs\":[\"https:\\\/\\\/www.facebook.com\\\/eltextual\",\"https:\\\/\\\/x.com\\\/eltextual\",\"http:\\\/\\\/www.instagram.com\\\/eltextual\"]},{\"@type\":\"Person\",\"@id\":\"https:\\\/\\\/diariotextual.com\\\/inicio\\\/#\\\/schema\\\/person\\\/418fc4093c33e86ed41562db3508f958\",\"name\":\"Diario1 Diario1\",\"image\":{\"@type\":\"ImageObject\",\"inLanguage\":\"es\",\"@id\":\"https:\\\/\\\/secure.gravatar.com\\\/avatar\\\/9167d280179c85bc18be67aa7eda765854300033af4896dd779b608640f2ef7a?s=96&d=mm&r=g\",\"url\":\"https:\\\/\\\/secure.gravatar.com\\\/avatar\\\/9167d280179c85bc18be67aa7eda765854300033af4896dd779b608640f2ef7a?s=96&d=mm&r=g\",\"contentUrl\":\"https:\\\/\\\/secure.gravatar.com\\\/avatar\\\/9167d280179c85bc18be67aa7eda765854300033af4896dd779b608640f2ef7a?s=96&d=mm&r=g\",\"caption\":\"Diario1 Diario1\"},\"url\":\"https:\\\/\\\/diariotextual.com\\\/inicio\\\/index.php\\\/author\\\/diario1\\\/\"}]}<\/script>\n<!-- \/ Yoast SEO plugin. -->","yoast_head_json":{"title":"M\u00e1ximo: \u201cHay compa\u00f1eros m\u00e1s interesados en ganarle a Cristina que en sacar el pa\u00eds adelante\u201d - Diario Textual","robots":{"index":"index","follow":"follow","max-snippet":"max-snippet:-1","max-image-preview":"max-image-preview:large","max-video-preview":"max-video-preview:-1"},"canonical":"https:\/\/diariotextual.com\/inicio\/index.php\/2023\/03\/12\/maximo-hay-companeros-mas-interesados-en-ganarle-a-cristina-que-en-sacar-el-pais-adelante\/","og_locale":"es_ES","og_type":"article","og_title":"M\u00e1ximo: \u201cHay compa\u00f1eros m\u00e1s interesados en ganarle a Cristina que en sacar el pa\u00eds adelante\u201d - Diario Textual","og_description":"El diputado nacional y presidente del Partido Justicialista (PJ) bonaerense,&nbsp;M\u00e1ximo Kirchner, advirti\u00f3 que \u201chay compa\u00f1eros m\u00e1s interesados en ganarle\u201d a la vicepresidenta Cristina Kirchner que \u201cen sacar el pa\u00eds adelante\u201d,&hellip;","og_url":"https:\/\/diariotextual.com\/inicio\/index.php\/2023\/03\/12\/maximo-hay-companeros-mas-interesados-en-ganarle-a-cristina-que-en-sacar-el-pais-adelante\/","og_site_name":"Diario Textual","article_publisher":"https:\/\/www.facebook.com\/eltextual","article_published_time":"2023-03-12T08:21:02+00:00","article_modified_time":"2023-03-12T08:21:07+00:00","og_image":[{"width":1280,"height":853,"url":"https:\/\/diariotextual.com\/inicio\/wp-content\/uploads\/2023\/03\/kirchnermaximo2023-1.jpeg","type":"image\/jpeg"}],"author":"Diario1 Diario1","twitter_card":"summary_large_image","twitter_creator":"@eltextual","twitter_site":"@eltextual","twitter_misc":{"Escrito por":"Diario1 Diario1","Tiempo de lectura":"3 minutos"},"schema":{"@context":"https:\/\/schema.org","@graph":[{"@type":"Article","@id":"https:\/\/diariotextual.com\/inicio\/index.php\/2023\/03\/12\/maximo-hay-companeros-mas-interesados-en-ganarle-a-cristina-que-en-sacar-el-pais-adelante\/#article","isPartOf":{"@id":"https:\/\/diariotextual.com\/inicio\/index.php\/2023\/03\/12\/maximo-hay-companeros-mas-interesados-en-ganarle-a-cristina-que-en-sacar-el-pais-adelante\/"},"author":{"name":"Diario1 Diario1","@id":"https:\/\/diariotextual.com\/inicio\/#\/schema\/person\/418fc4093c33e86ed41562db3508f958"},"headline":"M\u00e1ximo: \u201cHay compa\u00f1eros m\u00e1s interesados en ganarle a Cristina que en sacar el pa\u00eds adelante\u201d","datePublished":"2023-03-12T08:21:02+00:00","dateModified":"2023-03-12T08:21:07+00:00","mainEntityOfPage":{"@id":"https:\/\/diariotextual.com\/inicio\/index.php\/2023\/03\/12\/maximo-hay-companeros-mas-interesados-en-ganarle-a-cristina-que-en-sacar-el-pais-adelante\/"},"wordCount":534,"publisher":{"@id":"https:\/\/diariotextual.com\/inicio\/#organization"},"image":{"@id":"https:\/\/diariotextual.com\/inicio\/index.php\/2023\/03\/12\/maximo-hay-companeros-mas-interesados-en-ganarle-a-cristina-que-en-sacar-el-pais-adelante\/#primaryimage"},"thumbnailUrl":"https:\/\/diariotextual.com\/inicio\/wp-content\/uploads\/2023\/03\/kirchnermaximo2023-1.jpeg","articleSection":["A - DESTACADAS (mod 16)","POLITICA"],"inLanguage":"es"},{"@type":"WebPage","@id":"https:\/\/diariotextual.com\/inicio\/index.php\/2023\/03\/12\/maximo-hay-companeros-mas-interesados-en-ganarle-a-cristina-que-en-sacar-el-pais-adelante\/","url":"https:\/\/diariotextual.com\/inicio\/index.php\/2023\/03\/12\/maximo-hay-companeros-mas-interesados-en-ganarle-a-cristina-que-en-sacar-el-pais-adelante\/","name":"M\u00e1ximo: \u201cHay compa\u00f1eros m\u00e1s interesados en ganarle a Cristina que en sacar el pa\u00eds adelante\u201d - Diario Textual","isPartOf":{"@id":"https:\/\/diariotextual.com\/inicio\/#website"},"primaryImageOfPage":{"@id":"https:\/\/diariotextual.com\/inicio\/index.php\/2023\/03\/12\/maximo-hay-companeros-mas-interesados-en-ganarle-a-cristina-que-en-sacar-el-pais-adelante\/#primaryimage"},"image":{"@id":"https:\/\/diariotextual.com\/inicio\/index.php\/2023\/03\/12\/maximo-hay-companeros-mas-interesados-en-ganarle-a-cristina-que-en-sacar-el-pais-adelante\/#primaryimage"},"thumbnailUrl":"https:\/\/diariotextual.com\/inicio\/wp-content\/uploads\/2023\/03\/kirchnermaximo2023-1.jpeg","datePublished":"2023-03-12T08:21:02+00:00","dateModified":"2023-03-12T08:21:07+00:00","breadcrumb":{"@id":"https:\/\/diariotextual.com\/inicio\/index.php\/2023\/03\/12\/maximo-hay-companeros-mas-interesados-en-ganarle-a-cristina-que-en-sacar-el-pais-adelante\/#breadcrumb"},"inLanguage":"es","potentialAction":[{"@type":"ReadAction","target":["https:\/\/diariotextual.com\/inicio\/index.php\/2023\/03\/12\/maximo-hay-companeros-mas-interesados-en-ganarle-a-cristina-que-en-sacar-el-pais-adelante\/"]}]},{"@type":"ImageObject","inLanguage":"es","@id":"https:\/\/diariotextual.com\/inicio\/index.php\/2023\/03\/12\/maximo-hay-companeros-mas-interesados-en-ganarle-a-cristina-que-en-sacar-el-pais-adelante\/#primaryimage","url":"https:\/\/diariotextual.com\/inicio\/wp-content\/uploads\/2023\/03\/kirchnermaximo2023-1.jpeg","contentUrl":"https:\/\/diariotextual.com\/inicio\/wp-content\/uploads\/2023\/03\/kirchnermaximo2023-1.jpeg","width":1280,"height":853},{"@type":"BreadcrumbList","@id":"https:\/\/diariotextual.com\/inicio\/index.php\/2023\/03\/12\/maximo-hay-companeros-mas-interesados-en-ganarle-a-cristina-que-en-sacar-el-pais-adelante\/#breadcrumb","itemListElement":[{"@type":"ListItem","position":1,"name":"Portada","item":"https:\/\/diariotextual.com\/inicio\/"},{"@type":"ListItem","position":2,"name":"M\u00e1ximo: \u201cHay compa\u00f1eros m\u00e1s interesados en ganarle a Cristina que en sacar el pa\u00eds adelante\u201d"}]},{"@type":"WebSite","@id":"https:\/\/diariotextual.com\/inicio\/#website","url":"https:\/\/diariotextual.com\/inicio\/","name":"Diario Textual","description":"","publisher":{"@id":"https:\/\/diariotextual.com\/inicio\/#organization"},"potentialAction":[{"@type":"SearchAction","target":{"@type":"EntryPoint","urlTemplate":"https:\/\/diariotextual.com\/inicio\/?s={search_term_string}"},"query-input":{"@type":"PropertyValueSpecification","valueRequired":true,"valueName":"search_term_string"}}],"inLanguage":"es"},{"@type":"Organization","@id":"https:\/\/diariotextual.com\/inicio\/#organization","name":"Diario Textual","url":"https:\/\/diariotextual.com\/inicio\/","logo":{"@type":"ImageObject","inLanguage":"es","@id":"https:\/\/diariotextual.com\/inicio\/#\/schema\/logo\/image\/","url":"https:\/\/diariotextual.com\/inicio\/wp-content\/uploads\/2023\/05\/logotextual1.jpg","contentUrl":"https:\/\/diariotextual.com\/inicio\/wp-content\/uploads\/2023\/05\/logotextual1.jpg","width":516,"height":76,"caption":"Diario Textual"},"image":{"@id":"https:\/\/diariotextual.com\/inicio\/#\/schema\/logo\/image\/"},"sameAs":["https:\/\/www.facebook.com\/eltextual","https:\/\/x.com\/eltextual","http:\/\/www.instagram.com\/eltextual"]},{"@type":"Person","@id":"https:\/\/diariotextual.com\/inicio\/#\/schema\/person\/418fc4093c33e86ed41562db3508f958","name":"Diario1 Diario1","image":{"@type":"ImageObject","inLanguage":"es","@id":"https:\/\/secure.gravatar.com\/avatar\/9167d280179c85bc18be67aa7eda765854300033af4896dd779b608640f2ef7a?s=96&d=mm&r=g","url":"https:\/\/secure.gravatar.com\/avatar\/9167d280179c85bc18be67aa7eda765854300033af4896dd779b608640f2ef7a?s=96&d=mm&r=g","contentUrl":"https:\/\/secure.gravatar.com\/avatar\/9167d280179c85bc18be67aa7eda765854300033af4896dd779b608640f2ef7a?s=96&d=mm&r=g","caption":"Diario1 Diario1"},"url":"https:\/\/diariotextual.com\/inicio\/index.php\/author\/diario1\/"}]}},"_links":{"self":[{"href":"https:\/\/diariotextual.com\/inicio\/index.php\/wp-json\/wp\/v2\/posts\/218575","targetHints":{"allow":["GET"]}}],"collection":[{"href":"https:\/\/diariotextual.com\/inicio\/index.php\/wp-json\/wp\/v2\/posts"}],"about":[{"href":"https:\/\/diariotextual.com\/inicio\/index.php\/wp-json\/wp\/v2\/types\/post"}],"author":[{"embeddable":true,"href":"https:\/\/diariotextual.com\/inicio\/index.php\/wp-json\/wp\/v2\/users\/3"}],"replies":[{"embeddable":true,"href":"https:\/\/diariotextual.com\/inicio\/index.php\/wp-json\/wp\/v2\/comments?post=218575"}],"version-history":[{"count":1,"href":"https:\/\/diariotextual.com\/inicio\/index.php\/wp-json\/wp\/v2\/posts\/218575\/revisions"}],"predecessor-version":[{"id":218577,"href":"https:\/\/diariotextual.com\/inicio\/index.php\/wp-json\/wp\/v2\/posts\/218575\/revisions\/218577"}],"wp:featuredmedia":[{"embeddable":true,"href":"https:\/\/diariotextual.com\/inicio\/index.php\/wp-json\/wp\/v2\/media\/218576"}],"wp:attachment":[{"href":"https:\/\/diariotextual.com\/inicio\/index.php\/wp-json\/wp\/v2\/media?parent=218575"}],"wp:term":[{"taxonomy":"category","embeddable":true,"href":"https:\/\/diariotextual.com\/inicio\/index.php\/wp-json\/wp\/v2\/categories?post=218575"},{"taxonomy":"post_tag","embeddable":true,"href":"https:\/\/diariotextual.com\/inicio\/index.php\/wp-json\/wp\/v2\/tags?post=218575"}],"curies":[{"name":"wp","href":"https:\/\/api.w.org\/{rel}","templated":true}]}}