{"id":218795,"date":"2023-03-13T16:19:39","date_gmt":"2023-03-13T19:19:39","guid":{"rendered":"https:\/\/diariotextual.com\/inicio\/?p=218795"},"modified":"2023-03-13T19:48:42","modified_gmt":"2023-03-13T22:48:42","slug":"kroneberger-propuso-el-precole-un-programa-de-ayuda-para-la-compra-de-utiles-escolares","status":"publish","type":"post","link":"https:\/\/diariotextual.com\/inicio\/index.php\/2023\/03\/13\/kroneberger-propuso-el-precole-un-programa-de-ayuda-para-la-compra-de-utiles-escolares\/","title":{"rendered":"Kroneberger propuso el PreCOLE, un programa de ayuda para la compra de \u00fatiles escolares"},"content":{"rendered":"\n<p>El senador nacional por La Pampa<strong> Daniel Kroneberger<\/strong> present\u00f3 en la c\u00e1mara alta un proyecto con el que propone la creaci\u00f3n de un programa de ayuda para la compra de \u00fatiles escolares, que titul\u00f3 PreCOLE. El objetivo, tal como coment\u00f3 el senador oriundo de Colonia Bar\u00f3n, &nbsp;es <strong>\u201catender la necesidad de las personas con menores recursos para acceder a los \u00fatiles escolares, guardapolvos y libros\u201d.<\/strong><\/p>\n\n\n\n<p>Respecto a la aplicaci\u00f3n, el senador propuso que sea para <strong>compras que se realicen hasta el 31 de marzo, y del 10 al 31 de julio a prestadores inscriptos.<\/strong><\/p>\n\n\n\n<p>Kroneberger propuso que las personas beneficiarias del Programa PreCOLE reciban un cup\u00f3n de cr\u00e9dito equivalente al 50% del monto total acreditado en concepto de compras escolares. El cup\u00f3n se podr\u00e1 usar para adquirir bienes de primera necesidad en supermercados adheridos. La idea apunta a que la fr\u00e1gil econom\u00eda dom\u00e9stica no se vea a\u00fan m\u00e1s desbalanceada en los meses de marzo o julio por la adquisici\u00f3n de \u00fatiles escolares.<\/p>\n\n\n\n<p>\u201cEl a\u00f1o pasado, con motivo de la modificaci\u00f3n de la Ley del Impuesto a las Ganancias, quienes alcanzan cierto poder adquisitivo pueden deducirse los \u00fatiles escolares del mentado impuesto. Sin embargo, quienes por sus sueldos no llegan al m\u00ednimo no imponible, es decir, tienen menos recursos, deben pagar, sin m\u00e1s tr\u00e1mite, el total de los \u00fatiles. Esta situaci\u00f3n deviene absolutamente desigual\u201d, dijo Kroneberger.<\/p>\n\n\n\n<p>En este sentido, el senador propuso como beneficiarios de su iniciativa \u201clas personas mayores de 18 a\u00f1os residentes en el pa\u00eds que tengan a su cargo ni\u00f1os, ni\u00f1as o adolescentes cursando sus estudios primarios o secundarios, tanto para la ense\u00f1anza p\u00fablica o semip\u00fablica\u201d. Adem\u00e1s, desde el equipo del senador Kroneberger se inform\u00f3 que <strong>los beneficiarios deber\u00e1n tener CUIT o CUIL y su identificaci\u00f3n se realizar\u00e1 mediante el aplicativo \u201cMi Argentina\u201d, implementado de una forma similar al Previaje.<\/strong><\/p>\n\n\n\n<p>En otro orden, en el proyecto que propuso el senador Kroneberger se destaca que \u201cel monto m\u00e1ximo de compra por ni\u00f1a, ni\u00f1o o adolescente ser\u00e1 determinado por la autoridad de aplicaci\u00f3n teniendo en cuenta los \u00edndices inflacionarios. De forma inicial, no podr\u00e1 ser inferior a los $20.000\u201d. Asimismo, se inform\u00f3 que, de aprobarse la iniciativa, quedar\u00e1n excluidas del programa las compras realizadas fuera del territorio nacional, las del servicio mayorista, aquellas que sean realizadas mediante prestadores que no se encuentren inscriptos en el programa y las personas solicitantes que posean haberes equivalentes o mayores a cinco Salarios M\u00ednimos, Vitales y M\u00f3viles.<\/p>\n\n\n\n<p>\u201cEl Indec inform\u00f3 que el \u00cdndice de Precios al Consumidor registr\u00f3 un alza mensual de 6,0% en enero de 2023, y una variaci\u00f3n interanual de 98,8%, la m\u00e1s alta en los \u00faltimos 31 a\u00f1os. En el rubro de la canasta escolar, las consultoras informan de un incremento del 107% promedio de diciembre a diciembre, con productos que registran un aumento del 200%. Todo ello, sin registrar los aumentos estacionales\u201d, destac\u00f3 Kroneberger al fundamentar su proyecto.<\/p>\n\n\n\n<p>\u201cEste Programa permite acceder, a quienes tienen menos recursos, a los elementos m\u00e1s b\u00e1sicos para llevar a cabo su educaci\u00f3n. De esta forma, implementado en dos partes, una a principio del a\u00f1o lectivo, y otra, luego de las vacaciones de invierno, los padres o tutores de ni\u00f1as, ni\u00f1os y adolescentes podr\u00e1n acceder a \u00fatiles escolares, libros espec\u00edficos y el guardapolvo escolar\u201d, finaliz\u00f3 Kroneberger.<\/p>\n","protected":false},"excerpt":{"rendered":"<p>El senador nacional por La Pampa Daniel Kroneberger present\u00f3 en la c\u00e1mara alta un proyecto con el que propone la creaci\u00f3n de un programa de ayuda para la compra de&hellip;<\/p>\n","protected":false},"author":4,"featured_media":78535,"comment_status":"closed","ping_status":"open","sticky":false,"template":"","format":"standard","meta":{"_acf_changed":false,"footnotes":""},"categories":[1,8],"tags":[],"class_list":["post-218795","post","type-post","status-publish","format-standard","has-post-thumbnail","hentry","category-es-noticia","category-politica"],"acf":[],"yoast_head":"<!-- This site is optimized with the Yoast SEO plugin v27.5 - https:\/\/yoast.com\/product\/yoast-seo-wordpress\/ -->\n<title>Kroneberger propuso el PreCOLE, un programa de ayuda para la compra de \u00fatiles escolares - Diario Textual<\/title>\n<meta name=\"robots\" content=\"index, follow, max-snippet:-1, max-image-preview:large, max-video-preview:-1\" \/>\n<link rel=\"canonical\" href=\"https:\/\/diariotextual.com\/inicio\/index.php\/2023\/03\/13\/kroneberger-propuso-el-precole-un-programa-de-ayuda-para-la-compra-de-utiles-escolares\/\" \/>\n<meta property=\"og:locale\" content=\"es_ES\" \/>\n<meta property=\"og:type\" content=\"article\" \/>\n<meta property=\"og:title\" content=\"Kroneberger propuso el PreCOLE, un programa de ayuda para la compra de \u00fatiles escolares - Diario Textual\" \/>\n<meta property=\"og:description\" content=\"El senador nacional por La Pampa Daniel Kroneberger present\u00f3 en la c\u00e1mara alta un proyecto con el que propone la creaci\u00f3n de un programa de ayuda para la compra de&hellip;\" \/>\n<meta property=\"og:url\" content=\"https:\/\/diariotextual.com\/inicio\/index.php\/2023\/03\/13\/kroneberger-propuso-el-precole-un-programa-de-ayuda-para-la-compra-de-utiles-escolares\/\" \/>\n<meta property=\"og:site_name\" content=\"Diario Textual\" \/>\n<meta property=\"article:publisher\" content=\"https:\/\/www.facebook.com\/eltextual\" \/>\n<meta property=\"article:published_time\" content=\"2023-03-13T19:19:39+00:00\" \/>\n<meta property=\"article:modified_time\" content=\"2023-03-13T22:48:42+00:00\" \/>\n<meta property=\"og:image\" content=\"https:\/\/diariotextual.com\/inicio\/wp-content\/uploads\/2020\/02\/utilesescolares.jpg\" \/>\n\t<meta property=\"og:image:width\" content=\"1004\" \/>\n\t<meta property=\"og:image:height\" content=\"669\" \/>\n\t<meta property=\"og:image:type\" content=\"image\/jpeg\" \/>\n<meta name=\"author\" content=\"diario2\" \/>\n<meta name=\"twitter:card\" content=\"summary_large_image\" \/>\n<meta name=\"twitter:creator\" content=\"@eltextual\" \/>\n<meta name=\"twitter:site\" content=\"@eltextual\" \/>\n<meta name=\"twitter:label1\" content=\"Escrito por\" \/>\n\t<meta name=\"twitter:data1\" content=\"diario2\" \/>\n\t<meta name=\"twitter:label2\" content=\"Tiempo de lectura\" \/>\n\t<meta name=\"twitter:data2\" content=\"3 minutos\" \/>\n<script type=\"application\/ld+json\" class=\"yoast-schema-graph\">{\"@context\":\"https:\\\/\\\/schema.org\",\"@graph\":[{\"@type\":\"Article\",\"@id\":\"https:\\\/\\\/diariotextual.com\\\/inicio\\\/index.php\\\/2023\\\/03\\\/13\\\/kroneberger-propuso-el-precole-un-programa-de-ayuda-para-la-compra-de-utiles-escolares\\\/#article\",\"isPartOf\":{\"@id\":\"https:\\\/\\\/diariotextual.com\\\/inicio\\\/index.php\\\/2023\\\/03\\\/13\\\/kroneberger-propuso-el-precole-un-programa-de-ayuda-para-la-compra-de-utiles-escolares\\\/\"},\"author\":{\"name\":\"diario2\",\"@id\":\"https:\\\/\\\/diariotextual.com\\\/inicio\\\/#\\\/schema\\\/person\\\/694f60677f23c4a530867a98f22b3768\"},\"headline\":\"Kroneberger propuso el PreCOLE, un programa de ayuda para la compra de \u00fatiles escolares\",\"datePublished\":\"2023-03-13T19:19:39+00:00\",\"dateModified\":\"2023-03-13T22:48:42+00:00\",\"mainEntityOfPage\":{\"@id\":\"https:\\\/\\\/diariotextual.com\\\/inicio\\\/index.php\\\/2023\\\/03\\\/13\\\/kroneberger-propuso-el-precole-un-programa-de-ayuda-para-la-compra-de-utiles-escolares\\\/\"},\"wordCount\":591,\"publisher\":{\"@id\":\"https:\\\/\\\/diariotextual.com\\\/inicio\\\/#organization\"},\"image\":{\"@id\":\"https:\\\/\\\/diariotextual.com\\\/inicio\\\/index.php\\\/2023\\\/03\\\/13\\\/kroneberger-propuso-el-precole-un-programa-de-ayuda-para-la-compra-de-utiles-escolares\\\/#primaryimage\"},\"thumbnailUrl\":\"https:\\\/\\\/diariotextual.com\\\/inicio\\\/wp-content\\\/uploads\\\/2020\\\/02\\\/utilesescolares.jpg\",\"articleSection\":[\"A - ES NOTICIA (van abajo)\",\"POLITICA\"],\"inLanguage\":\"es\"},{\"@type\":\"WebPage\",\"@id\":\"https:\\\/\\\/diariotextual.com\\\/inicio\\\/index.php\\\/2023\\\/03\\\/13\\\/kroneberger-propuso-el-precole-un-programa-de-ayuda-para-la-compra-de-utiles-escolares\\\/\",\"url\":\"https:\\\/\\\/diariotextual.com\\\/inicio\\\/index.php\\\/2023\\\/03\\\/13\\\/kroneberger-propuso-el-precole-un-programa-de-ayuda-para-la-compra-de-utiles-escolares\\\/\",\"name\":\"Kroneberger propuso el PreCOLE, un programa de ayuda para la compra de \u00fatiles escolares - Diario Textual\",\"isPartOf\":{\"@id\":\"https:\\\/\\\/diariotextual.com\\\/inicio\\\/#website\"},\"primaryImageOfPage\":{\"@id\":\"https:\\\/\\\/diariotextual.com\\\/inicio\\\/index.php\\\/2023\\\/03\\\/13\\\/kroneberger-propuso-el-precole-un-programa-de-ayuda-para-la-compra-de-utiles-escolares\\\/#primaryimage\"},\"image\":{\"@id\":\"https:\\\/\\\/diariotextual.com\\\/inicio\\\/index.php\\\/2023\\\/03\\\/13\\\/kroneberger-propuso-el-precole-un-programa-de-ayuda-para-la-compra-de-utiles-escolares\\\/#primaryimage\"},\"thumbnailUrl\":\"https:\\\/\\\/diariotextual.com\\\/inicio\\\/wp-content\\\/uploads\\\/2020\\\/02\\\/utilesescolares.jpg\",\"datePublished\":\"2023-03-13T19:19:39+00:00\",\"dateModified\":\"2023-03-13T22:48:42+00:00\",\"breadcrumb\":{\"@id\":\"https:\\\/\\\/diariotextual.com\\\/inicio\\\/index.php\\\/2023\\\/03\\\/13\\\/kroneberger-propuso-el-precole-un-programa-de-ayuda-para-la-compra-de-utiles-escolares\\\/#breadcrumb\"},\"inLanguage\":\"es\",\"potentialAction\":[{\"@type\":\"ReadAction\",\"target\":[\"https:\\\/\\\/diariotextual.com\\\/inicio\\\/index.php\\\/2023\\\/03\\\/13\\\/kroneberger-propuso-el-precole-un-programa-de-ayuda-para-la-compra-de-utiles-escolares\\\/\"]}]},{\"@type\":\"ImageObject\",\"inLanguage\":\"es\",\"@id\":\"https:\\\/\\\/diariotextual.com\\\/inicio\\\/index.php\\\/2023\\\/03\\\/13\\\/kroneberger-propuso-el-precole-un-programa-de-ayuda-para-la-compra-de-utiles-escolares\\\/#primaryimage\",\"url\":\"https:\\\/\\\/diariotextual.com\\\/inicio\\\/wp-content\\\/uploads\\\/2020\\\/02\\\/utilesescolares.jpg\",\"contentUrl\":\"https:\\\/\\\/diariotextual.com\\\/inicio\\\/wp-content\\\/uploads\\\/2020\\\/02\\\/utilesescolares.jpg\",\"width\":1004,\"height\":669},{\"@type\":\"BreadcrumbList\",\"@id\":\"https:\\\/\\\/diariotextual.com\\\/inicio\\\/index.php\\\/2023\\\/03\\\/13\\\/kroneberger-propuso-el-precole-un-programa-de-ayuda-para-la-compra-de-utiles-escolares\\\/#breadcrumb\",\"itemListElement\":[{\"@type\":\"ListItem\",\"position\":1,\"name\":\"Portada\",\"item\":\"https:\\\/\\\/diariotextual.com\\\/inicio\\\/\"},{\"@type\":\"ListItem\",\"position\":2,\"name\":\"Kroneberger propuso el PreCOLE, un programa de ayuda para la compra de \u00fatiles escolares\"}]},{\"@type\":\"WebSite\",\"@id\":\"https:\\\/\\\/diariotextual.com\\\/inicio\\\/#website\",\"url\":\"https:\\\/\\\/diariotextual.com\\\/inicio\\\/\",\"name\":\"Diario Textual\",\"description\":\"\",\"publisher\":{\"@id\":\"https:\\\/\\\/diariotextual.com\\\/inicio\\\/#organization\"},\"potentialAction\":[{\"@type\":\"SearchAction\",\"target\":{\"@type\":\"EntryPoint\",\"urlTemplate\":\"https:\\\/\\\/diariotextual.com\\\/inicio\\\/?s={search_term_string}\"},\"query-input\":{\"@type\":\"PropertyValueSpecification\",\"valueRequired\":true,\"valueName\":\"search_term_string\"}}],\"inLanguage\":\"es\"},{\"@type\":\"Organization\",\"@id\":\"https:\\\/\\\/diariotextual.com\\\/inicio\\\/#organization\",\"name\":\"Diario Textual\",\"url\":\"https:\\\/\\\/diariotextual.com\\\/inicio\\\/\",\"logo\":{\"@type\":\"ImageObject\",\"inLanguage\":\"es\",\"@id\":\"https:\\\/\\\/diariotextual.com\\\/inicio\\\/#\\\/schema\\\/logo\\\/image\\\/\",\"url\":\"https:\\\/\\\/diariotextual.com\\\/inicio\\\/wp-content\\\/uploads\\\/2023\\\/05\\\/logotextual1.jpg\",\"contentUrl\":\"https:\\\/\\\/diariotextual.com\\\/inicio\\\/wp-content\\\/uploads\\\/2023\\\/05\\\/logotextual1.jpg\",\"width\":516,\"height\":76,\"caption\":\"Diario Textual\"},\"image\":{\"@id\":\"https:\\\/\\\/diariotextual.com\\\/inicio\\\/#\\\/schema\\\/logo\\\/image\\\/\"},\"sameAs\":[\"https:\\\/\\\/www.facebook.com\\\/eltextual\",\"https:\\\/\\\/x.com\\\/eltextual\",\"http:\\\/\\\/www.instagram.com\\\/eltextual\"]},{\"@type\":\"Person\",\"@id\":\"https:\\\/\\\/diariotextual.com\\\/inicio\\\/#\\\/schema\\\/person\\\/694f60677f23c4a530867a98f22b3768\",\"name\":\"diario2\",\"image\":{\"@type\":\"ImageObject\",\"inLanguage\":\"es\",\"@id\":\"https:\\\/\\\/secure.gravatar.com\\\/avatar\\\/5a2567495ba16b852fcd8f1ed006a2e24fcace936018ed8237e95f488ad6e0a7?s=96&d=mm&r=g\",\"url\":\"https:\\\/\\\/secure.gravatar.com\\\/avatar\\\/5a2567495ba16b852fcd8f1ed006a2e24fcace936018ed8237e95f488ad6e0a7?s=96&d=mm&r=g\",\"contentUrl\":\"https:\\\/\\\/secure.gravatar.com\\\/avatar\\\/5a2567495ba16b852fcd8f1ed006a2e24fcace936018ed8237e95f488ad6e0a7?s=96&d=mm&r=g\",\"caption\":\"diario2\"},\"url\":\"https:\\\/\\\/diariotextual.com\\\/inicio\\\/index.php\\\/author\\\/diario2\\\/\"}]}<\/script>\n<!-- \/ Yoast SEO plugin. -->","yoast_head_json":{"title":"Kroneberger propuso el PreCOLE, un programa de ayuda para la compra de \u00fatiles escolares - Diario Textual","robots":{"index":"index","follow":"follow","max-snippet":"max-snippet:-1","max-image-preview":"max-image-preview:large","max-video-preview":"max-video-preview:-1"},"canonical":"https:\/\/diariotextual.com\/inicio\/index.php\/2023\/03\/13\/kroneberger-propuso-el-precole-un-programa-de-ayuda-para-la-compra-de-utiles-escolares\/","og_locale":"es_ES","og_type":"article","og_title":"Kroneberger propuso el PreCOLE, un programa de ayuda para la compra de \u00fatiles escolares - Diario Textual","og_description":"El senador nacional por La Pampa Daniel Kroneberger present\u00f3 en la c\u00e1mara alta un proyecto con el que propone la creaci\u00f3n de un programa de ayuda para la compra de&hellip;","og_url":"https:\/\/diariotextual.com\/inicio\/index.php\/2023\/03\/13\/kroneberger-propuso-el-precole-un-programa-de-ayuda-para-la-compra-de-utiles-escolares\/","og_site_name":"Diario Textual","article_publisher":"https:\/\/www.facebook.com\/eltextual","article_published_time":"2023-03-13T19:19:39+00:00","article_modified_time":"2023-03-13T22:48:42+00:00","og_image":[{"width":1004,"height":669,"url":"https:\/\/diariotextual.com\/inicio\/wp-content\/uploads\/2020\/02\/utilesescolares.jpg","type":"image\/jpeg"}],"author":"diario2","twitter_card":"summary_large_image","twitter_creator":"@eltextual","twitter_site":"@eltextual","twitter_misc":{"Escrito por":"diario2","Tiempo de lectura":"3 minutos"},"schema":{"@context":"https:\/\/schema.org","@graph":[{"@type":"Article","@id":"https:\/\/diariotextual.com\/inicio\/index.php\/2023\/03\/13\/kroneberger-propuso-el-precole-un-programa-de-ayuda-para-la-compra-de-utiles-escolares\/#article","isPartOf":{"@id":"https:\/\/diariotextual.com\/inicio\/index.php\/2023\/03\/13\/kroneberger-propuso-el-precole-un-programa-de-ayuda-para-la-compra-de-utiles-escolares\/"},"author":{"name":"diario2","@id":"https:\/\/diariotextual.com\/inicio\/#\/schema\/person\/694f60677f23c4a530867a98f22b3768"},"headline":"Kroneberger propuso el PreCOLE, un programa de ayuda para la compra de \u00fatiles escolares","datePublished":"2023-03-13T19:19:39+00:00","dateModified":"2023-03-13T22:48:42+00:00","mainEntityOfPage":{"@id":"https:\/\/diariotextual.com\/inicio\/index.php\/2023\/03\/13\/kroneberger-propuso-el-precole-un-programa-de-ayuda-para-la-compra-de-utiles-escolares\/"},"wordCount":591,"publisher":{"@id":"https:\/\/diariotextual.com\/inicio\/#organization"},"image":{"@id":"https:\/\/diariotextual.com\/inicio\/index.php\/2023\/03\/13\/kroneberger-propuso-el-precole-un-programa-de-ayuda-para-la-compra-de-utiles-escolares\/#primaryimage"},"thumbnailUrl":"https:\/\/diariotextual.com\/inicio\/wp-content\/uploads\/2020\/02\/utilesescolares.jpg","articleSection":["A - ES NOTICIA (van abajo)","POLITICA"],"inLanguage":"es"},{"@type":"WebPage","@id":"https:\/\/diariotextual.com\/inicio\/index.php\/2023\/03\/13\/kroneberger-propuso-el-precole-un-programa-de-ayuda-para-la-compra-de-utiles-escolares\/","url":"https:\/\/diariotextual.com\/inicio\/index.php\/2023\/03\/13\/kroneberger-propuso-el-precole-un-programa-de-ayuda-para-la-compra-de-utiles-escolares\/","name":"Kroneberger propuso el PreCOLE, un programa de ayuda para la compra de \u00fatiles escolares - Diario Textual","isPartOf":{"@id":"https:\/\/diariotextual.com\/inicio\/#website"},"primaryImageOfPage":{"@id":"https:\/\/diariotextual.com\/inicio\/index.php\/2023\/03\/13\/kroneberger-propuso-el-precole-un-programa-de-ayuda-para-la-compra-de-utiles-escolares\/#primaryimage"},"image":{"@id":"https:\/\/diariotextual.com\/inicio\/index.php\/2023\/03\/13\/kroneberger-propuso-el-precole-un-programa-de-ayuda-para-la-compra-de-utiles-escolares\/#primaryimage"},"thumbnailUrl":"https:\/\/diariotextual.com\/inicio\/wp-content\/uploads\/2020\/02\/utilesescolares.jpg","datePublished":"2023-03-13T19:19:39+00:00","dateModified":"2023-03-13T22:48:42+00:00","breadcrumb":{"@id":"https:\/\/diariotextual.com\/inicio\/index.php\/2023\/03\/13\/kroneberger-propuso-el-precole-un-programa-de-ayuda-para-la-compra-de-utiles-escolares\/#breadcrumb"},"inLanguage":"es","potentialAction":[{"@type":"ReadAction","target":["https:\/\/diariotextual.com\/inicio\/index.php\/2023\/03\/13\/kroneberger-propuso-el-precole-un-programa-de-ayuda-para-la-compra-de-utiles-escolares\/"]}]},{"@type":"ImageObject","inLanguage":"es","@id":"https:\/\/diariotextual.com\/inicio\/index.php\/2023\/03\/13\/kroneberger-propuso-el-precole-un-programa-de-ayuda-para-la-compra-de-utiles-escolares\/#primaryimage","url":"https:\/\/diariotextual.com\/inicio\/wp-content\/uploads\/2020\/02\/utilesescolares.jpg","contentUrl":"https:\/\/diariotextual.com\/inicio\/wp-content\/uploads\/2020\/02\/utilesescolares.jpg","width":1004,"height":669},{"@type":"BreadcrumbList","@id":"https:\/\/diariotextual.com\/inicio\/index.php\/2023\/03\/13\/kroneberger-propuso-el-precole-un-programa-de-ayuda-para-la-compra-de-utiles-escolares\/#breadcrumb","itemListElement":[{"@type":"ListItem","position":1,"name":"Portada","item":"https:\/\/diariotextual.com\/inicio\/"},{"@type":"ListItem","position":2,"name":"Kroneberger propuso el PreCOLE, un programa de ayuda para la compra de \u00fatiles escolares"}]},{"@type":"WebSite","@id":"https:\/\/diariotextual.com\/inicio\/#website","url":"https:\/\/diariotextual.com\/inicio\/","name":"Diario Textual","description":"","publisher":{"@id":"https:\/\/diariotextual.com\/inicio\/#organization"},"potentialAction":[{"@type":"SearchAction","target":{"@type":"EntryPoint","urlTemplate":"https:\/\/diariotextual.com\/inicio\/?s={search_term_string}"},"query-input":{"@type":"PropertyValueSpecification","valueRequired":true,"valueName":"search_term_string"}}],"inLanguage":"es"},{"@type":"Organization","@id":"https:\/\/diariotextual.com\/inicio\/#organization","name":"Diario Textual","url":"https:\/\/diariotextual.com\/inicio\/","logo":{"@type":"ImageObject","inLanguage":"es","@id":"https:\/\/diariotextual.com\/inicio\/#\/schema\/logo\/image\/","url":"https:\/\/diariotextual.com\/inicio\/wp-content\/uploads\/2023\/05\/logotextual1.jpg","contentUrl":"https:\/\/diariotextual.com\/inicio\/wp-content\/uploads\/2023\/05\/logotextual1.jpg","width":516,"height":76,"caption":"Diario Textual"},"image":{"@id":"https:\/\/diariotextual.com\/inicio\/#\/schema\/logo\/image\/"},"sameAs":["https:\/\/www.facebook.com\/eltextual","https:\/\/x.com\/eltextual","http:\/\/www.instagram.com\/eltextual"]},{"@type":"Person","@id":"https:\/\/diariotextual.com\/inicio\/#\/schema\/person\/694f60677f23c4a530867a98f22b3768","name":"diario2","image":{"@type":"ImageObject","inLanguage":"es","@id":"https:\/\/secure.gravatar.com\/avatar\/5a2567495ba16b852fcd8f1ed006a2e24fcace936018ed8237e95f488ad6e0a7?s=96&d=mm&r=g","url":"https:\/\/secure.gravatar.com\/avatar\/5a2567495ba16b852fcd8f1ed006a2e24fcace936018ed8237e95f488ad6e0a7?s=96&d=mm&r=g","contentUrl":"https:\/\/secure.gravatar.com\/avatar\/5a2567495ba16b852fcd8f1ed006a2e24fcace936018ed8237e95f488ad6e0a7?s=96&d=mm&r=g","caption":"diario2"},"url":"https:\/\/diariotextual.com\/inicio\/index.php\/author\/diario2\/"}]}},"_links":{"self":[{"href":"https:\/\/diariotextual.com\/inicio\/index.php\/wp-json\/wp\/v2\/posts\/218795","targetHints":{"allow":["GET"]}}],"collection":[{"href":"https:\/\/diariotextual.com\/inicio\/index.php\/wp-json\/wp\/v2\/posts"}],"about":[{"href":"https:\/\/diariotextual.com\/inicio\/index.php\/wp-json\/wp\/v2\/types\/post"}],"author":[{"embeddable":true,"href":"https:\/\/diariotextual.com\/inicio\/index.php\/wp-json\/wp\/v2\/users\/4"}],"replies":[{"embeddable":true,"href":"https:\/\/diariotextual.com\/inicio\/index.php\/wp-json\/wp\/v2\/comments?post=218795"}],"version-history":[{"count":2,"href":"https:\/\/diariotextual.com\/inicio\/index.php\/wp-json\/wp\/v2\/posts\/218795\/revisions"}],"predecessor-version":[{"id":218798,"href":"https:\/\/diariotextual.com\/inicio\/index.php\/wp-json\/wp\/v2\/posts\/218795\/revisions\/218798"}],"wp:featuredmedia":[{"embeddable":true,"href":"https:\/\/diariotextual.com\/inicio\/index.php\/wp-json\/wp\/v2\/media\/78535"}],"wp:attachment":[{"href":"https:\/\/diariotextual.com\/inicio\/index.php\/wp-json\/wp\/v2\/media?parent=218795"}],"wp:term":[{"taxonomy":"category","embeddable":true,"href":"https:\/\/diariotextual.com\/inicio\/index.php\/wp-json\/wp\/v2\/categories?post=218795"},{"taxonomy":"post_tag","embeddable":true,"href":"https:\/\/diariotextual.com\/inicio\/index.php\/wp-json\/wp\/v2\/tags?post=218795"}],"curies":[{"name":"wp","href":"https:\/\/api.w.org\/{rel}","templated":true}]}}