{"id":218885,"date":"2023-03-14T13:11:33","date_gmt":"2023-03-14T16:11:33","guid":{"rendered":"https:\/\/diariotextual.com\/inicio\/?p=218885"},"modified":"2023-03-14T13:11:36","modified_gmt":"2023-03-14T16:11:36","slug":"condenan-a-un-hombre-que-abuso-sexualmente-de-su-hija-2","status":"publish","type":"post","link":"https:\/\/diariotextual.com\/inicio\/index.php\/2023\/03\/14\/condenan-a-un-hombre-que-abuso-sexualmente-de-su-hija-2\/","title":{"rendered":"Condenan a un hombre que abus\u00f3 sexualmente de su hija"},"content":{"rendered":"\n<p>El juez de audiencia de juicio de General Pico, Marcelo Pagano, conden\u00f3 a <strong>un hombre de 45 a\u00f1os a la pena de nueve a\u00f1os de prisi\u00f3n por considerarlo autor material y penalmente responsable de los delitos de abuso sexual con acceso carnal agravado por la ascendencia -un hecho-, abuso sexual que configura un sometimiento sexual gravemente ultrajante por las circunstancias de realizaci\u00f3n agravado por la ascendencia -un hecho- y abuso sexual simple agravado por la ascendencia como delito continuado.<\/strong><\/p>\n\n\n\n<p>El juicio tuvo lugar los d\u00edas 2 y 3 de marzo del corriente a\u00f1o, con la actuaci\u00f3n unipersonal de Pagano, la intervenci\u00f3n de la fiscal Andreina Montes y el defensor oficial H\u00e9ctor Freigedo.<\/p>\n\n\n\n<p>Con las pruebas aportadas en el debate, el juez dio por probado que sin poder precisar fechas exactas pero en un lapso de tres a cuatro meses, cuando <strong>la v\u00edctima -actualmente de 23 a\u00f1os de edad- contaba con entre 12 y 14 a\u00f1os de edad, su padre abus\u00f3 sexualmente en forma reiterada y progresiva de ella mientras conviv\u00edan.<\/strong><\/p>\n\n\n\n<p>En los alegatos de clausura la fiscal mantuvo la acusaci\u00f3n y solicit\u00f3 que al acusado se le impusiera la pena de nueve a\u00f1os de prisi\u00f3n. Por su parte el defensor oficial solicit\u00f3 la absoluci\u00f3n de su defendido por no haber cometido los il\u00edcitos enrostrados.<\/p>\n\n\n\n<p>El magistrado cit\u00f3 en su fallo que \u201c \u2018\u2026es de fundamental importancia se\u00f1alar que conforme los est\u00e1ndares internacionales y nacionales la doble condici\u00f3n de mujer y ni\u00f1a debe ser objeto de valoraci\u00f3n no solo por las disposiciones de la Ley 26485 de Protecci\u00f3n integral para prevenir, sancionar y erradicar la violencia contra las mujeres, sino adem\u00e1s por la ley 26061 de protecci\u00f3n integral de los derechos de las ni\u00f1as, ni\u00f1os y adolescentes, para garantizar el ejercicio y disfrute pleno, efectivo y permanente de aquellos reconocidos en el ordenamiento jur\u00eddico nacional y en los tratados internacionales en los que la Naci\u00f3n sea parte\u2019\u201d y agreg\u00f3 que \u201cestas condiciones de vulnerabilidad, merecen una especial protecci\u00f3n por parte de los organismos estatales, por lo que debe ponerse de relieve que el presente hecho debe ser analizado con perspectiva de g\u00e9nero y observ\u00e1ndose el inter\u00e9s superior del ni\u00f1o, teniendo especial consideraci\u00f3n en las previsiones que han efectuado tanto la legislaci\u00f3n nacional como supra nacional al respecto\u2026\u201d<\/p>\n\n\n\n<p>Al momento de fijar el monto de la pena a imponer, el juez tuvo en cuenta como circunstancias atenuantes que el imputado se encuentra en per\u00edodo de rehabilitaci\u00f3n internado en una instituci\u00f3n donde est\u00e1 estudiando y llevando a cabo tareas de carpinter\u00eda, y como circunstancias agravantes consider\u00f3 la existencia de antecedentes condenatorios y la multiplicidad de hechos que damnifican a la v\u00edctima, \u201c lo que necesariamente implica un distanciamiento del m\u00ednimo previsto para el concurso de delitos enrostrados y comprobados. Por ello, m\u00e1s all\u00e1 de recordar que la judicatura se encuentra limitada por el pedido de pena del Ministerio P\u00fablico Fiscal, acceder\u00e9 a la condena requerida por la fiscal sustituta, es decir nueve a\u00f1os de prisi\u00f3n\u201d.<\/p>\n","protected":false},"excerpt":{"rendered":"<p>El juez de audiencia de juicio de General Pico, Marcelo Pagano, conden\u00f3 a un hombre de 45 a\u00f1os a la pena de nueve a\u00f1os de prisi\u00f3n por considerarlo autor material&hellip;<\/p>\n","protected":false},"author":4,"featured_media":17418,"comment_status":"closed","ping_status":"open","sticky":false,"template":"","format":"standard","meta":{"_acf_changed":false,"footnotes":""},"categories":[1,12],"tags":[],"class_list":["post-218885","post","type-post","status-publish","format-standard","has-post-thumbnail","hentry","category-es-noticia","category-sociedad"],"acf":[],"yoast_head":"<!-- This site is optimized with the Yoast SEO plugin v27.5 - https:\/\/yoast.com\/product\/yoast-seo-wordpress\/ -->\n<title>Condenan a un hombre que abus\u00f3 sexualmente de su hija - Diario Textual<\/title>\n<meta name=\"robots\" content=\"index, follow, max-snippet:-1, max-image-preview:large, max-video-preview:-1\" \/>\n<link rel=\"canonical\" href=\"https:\/\/diariotextual.com\/inicio\/index.php\/2023\/03\/14\/condenan-a-un-hombre-que-abuso-sexualmente-de-su-hija-2\/\" \/>\n<meta property=\"og:locale\" content=\"es_ES\" \/>\n<meta property=\"og:type\" content=\"article\" \/>\n<meta property=\"og:title\" content=\"Condenan a un hombre que abus\u00f3 sexualmente de su hija - Diario Textual\" \/>\n<meta property=\"og:description\" content=\"El juez de audiencia de juicio de General Pico, Marcelo Pagano, conden\u00f3 a un hombre de 45 a\u00f1os a la pena de nueve a\u00f1os de prisi\u00f3n por considerarlo autor material&hellip;\" \/>\n<meta property=\"og:url\" content=\"https:\/\/diariotextual.com\/inicio\/index.php\/2023\/03\/14\/condenan-a-un-hombre-que-abuso-sexualmente-de-su-hija-2\/\" \/>\n<meta property=\"og:site_name\" content=\"Diario Textual\" \/>\n<meta property=\"article:publisher\" content=\"https:\/\/www.facebook.com\/eltextual\" \/>\n<meta property=\"article:published_time\" content=\"2023-03-14T16:11:33+00:00\" \/>\n<meta property=\"article:modified_time\" content=\"2023-03-14T16:11:36+00:00\" \/>\n<meta property=\"og:image\" content=\"https:\/\/diariotextual.com\/inicio\/wp-content\/uploads\/2018\/08\/tribunalesdegeneralpicojusticia1.jpg\" \/>\n\t<meta property=\"og:image:width\" content=\"821\" \/>\n\t<meta property=\"og:image:height\" content=\"568\" \/>\n\t<meta property=\"og:image:type\" content=\"image\/jpeg\" \/>\n<meta name=\"author\" content=\"diario2\" \/>\n<meta name=\"twitter:card\" content=\"summary_large_image\" \/>\n<meta name=\"twitter:creator\" content=\"@eltextual\" \/>\n<meta name=\"twitter:site\" content=\"@eltextual\" \/>\n<meta name=\"twitter:label1\" content=\"Escrito por\" \/>\n\t<meta name=\"twitter:data1\" content=\"diario2\" \/>\n\t<meta name=\"twitter:label2\" content=\"Tiempo de lectura\" \/>\n\t<meta name=\"twitter:data2\" content=\"3 minutos\" \/>\n<script type=\"application\/ld+json\" class=\"yoast-schema-graph\">{\"@context\":\"https:\\\/\\\/schema.org\",\"@graph\":[{\"@type\":\"Article\",\"@id\":\"https:\\\/\\\/diariotextual.com\\\/inicio\\\/index.php\\\/2023\\\/03\\\/14\\\/condenan-a-un-hombre-que-abuso-sexualmente-de-su-hija-2\\\/#article\",\"isPartOf\":{\"@id\":\"https:\\\/\\\/diariotextual.com\\\/inicio\\\/index.php\\\/2023\\\/03\\\/14\\\/condenan-a-un-hombre-que-abuso-sexualmente-de-su-hija-2\\\/\"},\"author\":{\"name\":\"diario2\",\"@id\":\"https:\\\/\\\/diariotextual.com\\\/inicio\\\/#\\\/schema\\\/person\\\/694f60677f23c4a530867a98f22b3768\"},\"headline\":\"Condenan a un hombre que abus\u00f3 sexualmente de su hija\",\"datePublished\":\"2023-03-14T16:11:33+00:00\",\"dateModified\":\"2023-03-14T16:11:36+00:00\",\"mainEntityOfPage\":{\"@id\":\"https:\\\/\\\/diariotextual.com\\\/inicio\\\/index.php\\\/2023\\\/03\\\/14\\\/condenan-a-un-hombre-que-abuso-sexualmente-de-su-hija-2\\\/\"},\"wordCount\":539,\"publisher\":{\"@id\":\"https:\\\/\\\/diariotextual.com\\\/inicio\\\/#organization\"},\"image\":{\"@id\":\"https:\\\/\\\/diariotextual.com\\\/inicio\\\/index.php\\\/2023\\\/03\\\/14\\\/condenan-a-un-hombre-que-abuso-sexualmente-de-su-hija-2\\\/#primaryimage\"},\"thumbnailUrl\":\"https:\\\/\\\/diariotextual.com\\\/inicio\\\/wp-content\\\/uploads\\\/2018\\\/08\\\/tribunalesdegeneralpicojusticia1.jpg\",\"articleSection\":[\"A - ES NOTICIA (van abajo)\",\"SOCIEDAD\"],\"inLanguage\":\"es\"},{\"@type\":\"WebPage\",\"@id\":\"https:\\\/\\\/diariotextual.com\\\/inicio\\\/index.php\\\/2023\\\/03\\\/14\\\/condenan-a-un-hombre-que-abuso-sexualmente-de-su-hija-2\\\/\",\"url\":\"https:\\\/\\\/diariotextual.com\\\/inicio\\\/index.php\\\/2023\\\/03\\\/14\\\/condenan-a-un-hombre-que-abuso-sexualmente-de-su-hija-2\\\/\",\"name\":\"Condenan a un hombre que abus\u00f3 sexualmente de su hija - Diario Textual\",\"isPartOf\":{\"@id\":\"https:\\\/\\\/diariotextual.com\\\/inicio\\\/#website\"},\"primaryImageOfPage\":{\"@id\":\"https:\\\/\\\/diariotextual.com\\\/inicio\\\/index.php\\\/2023\\\/03\\\/14\\\/condenan-a-un-hombre-que-abuso-sexualmente-de-su-hija-2\\\/#primaryimage\"},\"image\":{\"@id\":\"https:\\\/\\\/diariotextual.com\\\/inicio\\\/index.php\\\/2023\\\/03\\\/14\\\/condenan-a-un-hombre-que-abuso-sexualmente-de-su-hija-2\\\/#primaryimage\"},\"thumbnailUrl\":\"https:\\\/\\\/diariotextual.com\\\/inicio\\\/wp-content\\\/uploads\\\/2018\\\/08\\\/tribunalesdegeneralpicojusticia1.jpg\",\"datePublished\":\"2023-03-14T16:11:33+00:00\",\"dateModified\":\"2023-03-14T16:11:36+00:00\",\"breadcrumb\":{\"@id\":\"https:\\\/\\\/diariotextual.com\\\/inicio\\\/index.php\\\/2023\\\/03\\\/14\\\/condenan-a-un-hombre-que-abuso-sexualmente-de-su-hija-2\\\/#breadcrumb\"},\"inLanguage\":\"es\",\"potentialAction\":[{\"@type\":\"ReadAction\",\"target\":[\"https:\\\/\\\/diariotextual.com\\\/inicio\\\/index.php\\\/2023\\\/03\\\/14\\\/condenan-a-un-hombre-que-abuso-sexualmente-de-su-hija-2\\\/\"]}]},{\"@type\":\"ImageObject\",\"inLanguage\":\"es\",\"@id\":\"https:\\\/\\\/diariotextual.com\\\/inicio\\\/index.php\\\/2023\\\/03\\\/14\\\/condenan-a-un-hombre-que-abuso-sexualmente-de-su-hija-2\\\/#primaryimage\",\"url\":\"https:\\\/\\\/diariotextual.com\\\/inicio\\\/wp-content\\\/uploads\\\/2018\\\/08\\\/tribunalesdegeneralpicojusticia1.jpg\",\"contentUrl\":\"https:\\\/\\\/diariotextual.com\\\/inicio\\\/wp-content\\\/uploads\\\/2018\\\/08\\\/tribunalesdegeneralpicojusticia1.jpg\",\"width\":821,\"height\":568},{\"@type\":\"BreadcrumbList\",\"@id\":\"https:\\\/\\\/diariotextual.com\\\/inicio\\\/index.php\\\/2023\\\/03\\\/14\\\/condenan-a-un-hombre-que-abuso-sexualmente-de-su-hija-2\\\/#breadcrumb\",\"itemListElement\":[{\"@type\":\"ListItem\",\"position\":1,\"name\":\"Portada\",\"item\":\"https:\\\/\\\/diariotextual.com\\\/inicio\\\/\"},{\"@type\":\"ListItem\",\"position\":2,\"name\":\"Condenan a un hombre que abus\u00f3 sexualmente de su hija\"}]},{\"@type\":\"WebSite\",\"@id\":\"https:\\\/\\\/diariotextual.com\\\/inicio\\\/#website\",\"url\":\"https:\\\/\\\/diariotextual.com\\\/inicio\\\/\",\"name\":\"Diario Textual\",\"description\":\"\",\"publisher\":{\"@id\":\"https:\\\/\\\/diariotextual.com\\\/inicio\\\/#organization\"},\"potentialAction\":[{\"@type\":\"SearchAction\",\"target\":{\"@type\":\"EntryPoint\",\"urlTemplate\":\"https:\\\/\\\/diariotextual.com\\\/inicio\\\/?s={search_term_string}\"},\"query-input\":{\"@type\":\"PropertyValueSpecification\",\"valueRequired\":true,\"valueName\":\"search_term_string\"}}],\"inLanguage\":\"es\"},{\"@type\":\"Organization\",\"@id\":\"https:\\\/\\\/diariotextual.com\\\/inicio\\\/#organization\",\"name\":\"Diario Textual\",\"url\":\"https:\\\/\\\/diariotextual.com\\\/inicio\\\/\",\"logo\":{\"@type\":\"ImageObject\",\"inLanguage\":\"es\",\"@id\":\"https:\\\/\\\/diariotextual.com\\\/inicio\\\/#\\\/schema\\\/logo\\\/image\\\/\",\"url\":\"https:\\\/\\\/diariotextual.com\\\/inicio\\\/wp-content\\\/uploads\\\/2023\\\/05\\\/logotextual1.jpg\",\"contentUrl\":\"https:\\\/\\\/diariotextual.com\\\/inicio\\\/wp-content\\\/uploads\\\/2023\\\/05\\\/logotextual1.jpg\",\"width\":516,\"height\":76,\"caption\":\"Diario Textual\"},\"image\":{\"@id\":\"https:\\\/\\\/diariotextual.com\\\/inicio\\\/#\\\/schema\\\/logo\\\/image\\\/\"},\"sameAs\":[\"https:\\\/\\\/www.facebook.com\\\/eltextual\",\"https:\\\/\\\/x.com\\\/eltextual\",\"http:\\\/\\\/www.instagram.com\\\/eltextual\"]},{\"@type\":\"Person\",\"@id\":\"https:\\\/\\\/diariotextual.com\\\/inicio\\\/#\\\/schema\\\/person\\\/694f60677f23c4a530867a98f22b3768\",\"name\":\"diario2\",\"image\":{\"@type\":\"ImageObject\",\"inLanguage\":\"es\",\"@id\":\"https:\\\/\\\/secure.gravatar.com\\\/avatar\\\/5a2567495ba16b852fcd8f1ed006a2e24fcace936018ed8237e95f488ad6e0a7?s=96&d=mm&r=g\",\"url\":\"https:\\\/\\\/secure.gravatar.com\\\/avatar\\\/5a2567495ba16b852fcd8f1ed006a2e24fcace936018ed8237e95f488ad6e0a7?s=96&d=mm&r=g\",\"contentUrl\":\"https:\\\/\\\/secure.gravatar.com\\\/avatar\\\/5a2567495ba16b852fcd8f1ed006a2e24fcace936018ed8237e95f488ad6e0a7?s=96&d=mm&r=g\",\"caption\":\"diario2\"},\"url\":\"https:\\\/\\\/diariotextual.com\\\/inicio\\\/index.php\\\/author\\\/diario2\\\/\"}]}<\/script>\n<!-- \/ Yoast SEO plugin. -->","yoast_head_json":{"title":"Condenan a un hombre que abus\u00f3 sexualmente de su hija - Diario Textual","robots":{"index":"index","follow":"follow","max-snippet":"max-snippet:-1","max-image-preview":"max-image-preview:large","max-video-preview":"max-video-preview:-1"},"canonical":"https:\/\/diariotextual.com\/inicio\/index.php\/2023\/03\/14\/condenan-a-un-hombre-que-abuso-sexualmente-de-su-hija-2\/","og_locale":"es_ES","og_type":"article","og_title":"Condenan a un hombre que abus\u00f3 sexualmente de su hija - Diario Textual","og_description":"El juez de audiencia de juicio de General Pico, Marcelo Pagano, conden\u00f3 a un hombre de 45 a\u00f1os a la pena de nueve a\u00f1os de prisi\u00f3n por considerarlo autor material&hellip;","og_url":"https:\/\/diariotextual.com\/inicio\/index.php\/2023\/03\/14\/condenan-a-un-hombre-que-abuso-sexualmente-de-su-hija-2\/","og_site_name":"Diario Textual","article_publisher":"https:\/\/www.facebook.com\/eltextual","article_published_time":"2023-03-14T16:11:33+00:00","article_modified_time":"2023-03-14T16:11:36+00:00","og_image":[{"width":821,"height":568,"url":"https:\/\/diariotextual.com\/inicio\/wp-content\/uploads\/2018\/08\/tribunalesdegeneralpicojusticia1.jpg","type":"image\/jpeg"}],"author":"diario2","twitter_card":"summary_large_image","twitter_creator":"@eltextual","twitter_site":"@eltextual","twitter_misc":{"Escrito por":"diario2","Tiempo de lectura":"3 minutos"},"schema":{"@context":"https:\/\/schema.org","@graph":[{"@type":"Article","@id":"https:\/\/diariotextual.com\/inicio\/index.php\/2023\/03\/14\/condenan-a-un-hombre-que-abuso-sexualmente-de-su-hija-2\/#article","isPartOf":{"@id":"https:\/\/diariotextual.com\/inicio\/index.php\/2023\/03\/14\/condenan-a-un-hombre-que-abuso-sexualmente-de-su-hija-2\/"},"author":{"name":"diario2","@id":"https:\/\/diariotextual.com\/inicio\/#\/schema\/person\/694f60677f23c4a530867a98f22b3768"},"headline":"Condenan a un hombre que abus\u00f3 sexualmente de su hija","datePublished":"2023-03-14T16:11:33+00:00","dateModified":"2023-03-14T16:11:36+00:00","mainEntityOfPage":{"@id":"https:\/\/diariotextual.com\/inicio\/index.php\/2023\/03\/14\/condenan-a-un-hombre-que-abuso-sexualmente-de-su-hija-2\/"},"wordCount":539,"publisher":{"@id":"https:\/\/diariotextual.com\/inicio\/#organization"},"image":{"@id":"https:\/\/diariotextual.com\/inicio\/index.php\/2023\/03\/14\/condenan-a-un-hombre-que-abuso-sexualmente-de-su-hija-2\/#primaryimage"},"thumbnailUrl":"https:\/\/diariotextual.com\/inicio\/wp-content\/uploads\/2018\/08\/tribunalesdegeneralpicojusticia1.jpg","articleSection":["A - ES NOTICIA (van abajo)","SOCIEDAD"],"inLanguage":"es"},{"@type":"WebPage","@id":"https:\/\/diariotextual.com\/inicio\/index.php\/2023\/03\/14\/condenan-a-un-hombre-que-abuso-sexualmente-de-su-hija-2\/","url":"https:\/\/diariotextual.com\/inicio\/index.php\/2023\/03\/14\/condenan-a-un-hombre-que-abuso-sexualmente-de-su-hija-2\/","name":"Condenan a un hombre que abus\u00f3 sexualmente de su hija - Diario Textual","isPartOf":{"@id":"https:\/\/diariotextual.com\/inicio\/#website"},"primaryImageOfPage":{"@id":"https:\/\/diariotextual.com\/inicio\/index.php\/2023\/03\/14\/condenan-a-un-hombre-que-abuso-sexualmente-de-su-hija-2\/#primaryimage"},"image":{"@id":"https:\/\/diariotextual.com\/inicio\/index.php\/2023\/03\/14\/condenan-a-un-hombre-que-abuso-sexualmente-de-su-hija-2\/#primaryimage"},"thumbnailUrl":"https:\/\/diariotextual.com\/inicio\/wp-content\/uploads\/2018\/08\/tribunalesdegeneralpicojusticia1.jpg","datePublished":"2023-03-14T16:11:33+00:00","dateModified":"2023-03-14T16:11:36+00:00","breadcrumb":{"@id":"https:\/\/diariotextual.com\/inicio\/index.php\/2023\/03\/14\/condenan-a-un-hombre-que-abuso-sexualmente-de-su-hija-2\/#breadcrumb"},"inLanguage":"es","potentialAction":[{"@type":"ReadAction","target":["https:\/\/diariotextual.com\/inicio\/index.php\/2023\/03\/14\/condenan-a-un-hombre-que-abuso-sexualmente-de-su-hija-2\/"]}]},{"@type":"ImageObject","inLanguage":"es","@id":"https:\/\/diariotextual.com\/inicio\/index.php\/2023\/03\/14\/condenan-a-un-hombre-que-abuso-sexualmente-de-su-hija-2\/#primaryimage","url":"https:\/\/diariotextual.com\/inicio\/wp-content\/uploads\/2018\/08\/tribunalesdegeneralpicojusticia1.jpg","contentUrl":"https:\/\/diariotextual.com\/inicio\/wp-content\/uploads\/2018\/08\/tribunalesdegeneralpicojusticia1.jpg","width":821,"height":568},{"@type":"BreadcrumbList","@id":"https:\/\/diariotextual.com\/inicio\/index.php\/2023\/03\/14\/condenan-a-un-hombre-que-abuso-sexualmente-de-su-hija-2\/#breadcrumb","itemListElement":[{"@type":"ListItem","position":1,"name":"Portada","item":"https:\/\/diariotextual.com\/inicio\/"},{"@type":"ListItem","position":2,"name":"Condenan a un hombre que abus\u00f3 sexualmente de su hija"}]},{"@type":"WebSite","@id":"https:\/\/diariotextual.com\/inicio\/#website","url":"https:\/\/diariotextual.com\/inicio\/","name":"Diario Textual","description":"","publisher":{"@id":"https:\/\/diariotextual.com\/inicio\/#organization"},"potentialAction":[{"@type":"SearchAction","target":{"@type":"EntryPoint","urlTemplate":"https:\/\/diariotextual.com\/inicio\/?s={search_term_string}"},"query-input":{"@type":"PropertyValueSpecification","valueRequired":true,"valueName":"search_term_string"}}],"inLanguage":"es"},{"@type":"Organization","@id":"https:\/\/diariotextual.com\/inicio\/#organization","name":"Diario Textual","url":"https:\/\/diariotextual.com\/inicio\/","logo":{"@type":"ImageObject","inLanguage":"es","@id":"https:\/\/diariotextual.com\/inicio\/#\/schema\/logo\/image\/","url":"https:\/\/diariotextual.com\/inicio\/wp-content\/uploads\/2023\/05\/logotextual1.jpg","contentUrl":"https:\/\/diariotextual.com\/inicio\/wp-content\/uploads\/2023\/05\/logotextual1.jpg","width":516,"height":76,"caption":"Diario Textual"},"image":{"@id":"https:\/\/diariotextual.com\/inicio\/#\/schema\/logo\/image\/"},"sameAs":["https:\/\/www.facebook.com\/eltextual","https:\/\/x.com\/eltextual","http:\/\/www.instagram.com\/eltextual"]},{"@type":"Person","@id":"https:\/\/diariotextual.com\/inicio\/#\/schema\/person\/694f60677f23c4a530867a98f22b3768","name":"diario2","image":{"@type":"ImageObject","inLanguage":"es","@id":"https:\/\/secure.gravatar.com\/avatar\/5a2567495ba16b852fcd8f1ed006a2e24fcace936018ed8237e95f488ad6e0a7?s=96&d=mm&r=g","url":"https:\/\/secure.gravatar.com\/avatar\/5a2567495ba16b852fcd8f1ed006a2e24fcace936018ed8237e95f488ad6e0a7?s=96&d=mm&r=g","contentUrl":"https:\/\/secure.gravatar.com\/avatar\/5a2567495ba16b852fcd8f1ed006a2e24fcace936018ed8237e95f488ad6e0a7?s=96&d=mm&r=g","caption":"diario2"},"url":"https:\/\/diariotextual.com\/inicio\/index.php\/author\/diario2\/"}]}},"_links":{"self":[{"href":"https:\/\/diariotextual.com\/inicio\/index.php\/wp-json\/wp\/v2\/posts\/218885","targetHints":{"allow":["GET"]}}],"collection":[{"href":"https:\/\/diariotextual.com\/inicio\/index.php\/wp-json\/wp\/v2\/posts"}],"about":[{"href":"https:\/\/diariotextual.com\/inicio\/index.php\/wp-json\/wp\/v2\/types\/post"}],"author":[{"embeddable":true,"href":"https:\/\/diariotextual.com\/inicio\/index.php\/wp-json\/wp\/v2\/users\/4"}],"replies":[{"embeddable":true,"href":"https:\/\/diariotextual.com\/inicio\/index.php\/wp-json\/wp\/v2\/comments?post=218885"}],"version-history":[{"count":1,"href":"https:\/\/diariotextual.com\/inicio\/index.php\/wp-json\/wp\/v2\/posts\/218885\/revisions"}],"predecessor-version":[{"id":218886,"href":"https:\/\/diariotextual.com\/inicio\/index.php\/wp-json\/wp\/v2\/posts\/218885\/revisions\/218886"}],"wp:featuredmedia":[{"embeddable":true,"href":"https:\/\/diariotextual.com\/inicio\/index.php\/wp-json\/wp\/v2\/media\/17418"}],"wp:attachment":[{"href":"https:\/\/diariotextual.com\/inicio\/index.php\/wp-json\/wp\/v2\/media?parent=218885"}],"wp:term":[{"taxonomy":"category","embeddable":true,"href":"https:\/\/diariotextual.com\/inicio\/index.php\/wp-json\/wp\/v2\/categories?post=218885"},{"taxonomy":"post_tag","embeddable":true,"href":"https:\/\/diariotextual.com\/inicio\/index.php\/wp-json\/wp\/v2\/tags?post=218885"}],"curies":[{"name":"wp","href":"https:\/\/api.w.org\/{rel}","templated":true}]}}