{"id":219089,"date":"2023-03-15T22:08:13","date_gmt":"2023-03-16T01:08:13","guid":{"rendered":"https:\/\/diariotextual.com\/inicio\/?p=219089"},"modified":"2023-03-15T22:08:16","modified_gmt":"2023-03-16T01:08:16","slug":"se-realizara-en-general-pico-el-2-weekend-de-enfermedad-cardiovascular-en-la-mujer","status":"publish","type":"post","link":"https:\/\/diariotextual.com\/inicio\/index.php\/2023\/03\/15\/se-realizara-en-general-pico-el-2-weekend-de-enfermedad-cardiovascular-en-la-mujer\/","title":{"rendered":"Se realizar\u00e1 en General Pico el 2\u00b0 Weekend de Enfermedad Cardiovascular en la Mujer"},"content":{"rendered":"\n<p>La m\u00e9dica cardi\u00f3loga <strong>Lorena Brocal<\/strong> anunci\u00f3 el <strong>2\u00b0 Weekend de Enfermedad Cardiovascular en la Mujer, que se realizar\u00e1 los d\u00edas 17 y 18 de marzo en General Pico.<\/strong><\/p>\n\n\n\n<p>\u201cEl objetivo de esta jornada es poder traer la capacitaci\u00f3n, con los mejores disertantes y cardi\u00f3logos del pa\u00eds, para que todo el equipo m\u00e9dico y la comunidad pampeana puedan acceder a la informaci\u00f3n actualizada, espec\u00edfica del g\u00e9nero. La capacitaci\u00f3n tambi\u00e9n se realizar\u00e1 para el personal de enfermer\u00eda, los cuales son un pilar fundamental en la atenci\u00f3n\u201d, explic\u00f3.<\/p>\n\n\n\n<p>La profesional habl\u00f3 sobre el desarrollo de la jornada y agradeci\u00f3 por el apoyo brindado. \u201cTodo esto no podr\u00eda realizarse sin el trabajo conjunto del subsector privado y el Gobierno provincial. Hubo un gran apoyo por parte del Ministerio de Salud de la provincia, laboratorios, las cl\u00ednicas locales, el municipio, muchos entes que apostaron a esto en procura del bienestar de la salud de las mujeres\u201d, sostuvo.<\/p>\n\n\n\n<p>Brocal mencion\u00f3 que <strong>\u201chabr\u00e1 entre 15 y 17 disertantes a lo largo de la jornada.<\/strong> Es dif\u00edcil abarcar todos los temas en una jornada pero trataremos de desarrollar el temario con la mayor amplitud; sobre actividad f\u00edsica, hipertensi\u00f3n, diabetes, enfermedades ginecol\u00f3gicas, complicaciones de la embarazada y todo lo que tiene que ver, entre esas patolog\u00edas, con el riesgo cardiovascular en las mujeres y tambi\u00e9n se presentaran las primeras gu\u00edas que se hicieron desde la Sociedad Interamericana de Cardiolog\u00eda, que son espec\u00edficas sobre la enfermedad cardiovascular en la mujer. Los participantes tendr\u00e1n acceso a la gu\u00eda completa\u201d, ampli\u00f3.<\/p>\n\n\n\n<p>Adem\u00e1s, la profesional hizo referencia acerca de los riesgos que se dan en la mujer en el aspecto cardiol\u00f3gico. <strong>\u201cUna de cada tres mujeres muere por una cuesti\u00f3n cardiovascular\u201d<\/strong>, indic\u00f3.<\/p>\n\n\n\n<p>\u201cDurante muchos a\u00f1os -continu\u00f3- se pens\u00f3 que la enfermedad cardiovascular era pr\u00e1cticamente exclusivo del hombre, motivo por el cual el abordaje femenino qued\u00f3 un poco postergado. A medida que la cardiolog\u00eda empez\u00f3 a meterse m\u00e1s y m\u00e1s en este tema, fuimos descubriendo las causas que llevan a determinar que sea la primera causa de muerte en la mujer, y la est\u00e1bamos desconociendo\u201d.<\/p>\n\n\n\n<p>Y explic\u00f3: \u201ccomo <strong>la manifestaci\u00f3n cardiol\u00f3gica en una mujer es totalmente diferente a la de un hombre, muchas veces en las guardias se desestima lo cardiol\u00f3gico,<\/strong> creyendo que se trata de otra patolog\u00eda, m\u00e1s exclusiva de la mujer\u00bb<\/p>\n\n\n\n<p>Finalmente, la profesional remarc\u00f3 que \u201clo que se est\u00e1 buscando es <strong>concientizar a la poblaci\u00f3n<\/strong> de qu\u00e9 as\u00ed como se tienen que hacer el Papanicolau y mamograf\u00eda, cosa que la mayor\u00eda de las mujeres ya lo tiene incorporado en su rutina de control m\u00e9dico, de igual modo todos los a\u00f1os se hagan un chequeo, electrocardiograma y un control cardiol\u00f3gico, control de los factores de riesgo como diabetes, hipertensi\u00f3n y dem\u00e1s. Hay un alto porcentaje de mujeres que no conoce los n\u00fameros de su presi\u00f3n, el nivel de colesterol ni de glucemia, por eso es qu\u00e9 a trav\u00e9s de capacitaciones y concientizaci\u00f3n, podremos lograr reducir las tasas de morbimortalidad por enfermedad cardiovascular en la mujer\u201d, concluy\u00f3.<\/p>\n","protected":false},"excerpt":{"rendered":"<p>La m\u00e9dica cardi\u00f3loga Lorena Brocal anunci\u00f3 el 2\u00b0 Weekend de Enfermedad Cardiovascular en la Mujer, que se realizar\u00e1 los d\u00edas 17 y 18 de marzo en General Pico. \u201cEl objetivo&hellip;<\/p>\n","protected":false},"author":4,"featured_media":219091,"comment_status":"closed","ping_status":"open","sticky":false,"template":"","format":"standard","meta":{"_acf_changed":false,"footnotes":""},"categories":[1,12],"tags":[],"class_list":["post-219089","post","type-post","status-publish","format-standard","has-post-thumbnail","hentry","category-es-noticia","category-sociedad"],"acf":[],"yoast_head":"<!-- This site is optimized with the Yoast SEO plugin v27.5 - https:\/\/yoast.com\/product\/yoast-seo-wordpress\/ -->\n<title>Se realizar\u00e1 en General Pico el 2\u00b0 Weekend de Enfermedad Cardiovascular en la Mujer - Diario Textual<\/title>\n<meta name=\"robots\" content=\"index, follow, max-snippet:-1, max-image-preview:large, max-video-preview:-1\" \/>\n<link rel=\"canonical\" href=\"https:\/\/diariotextual.com\/inicio\/index.php\/2023\/03\/15\/se-realizara-en-general-pico-el-2-weekend-de-enfermedad-cardiovascular-en-la-mujer\/\" \/>\n<meta property=\"og:locale\" content=\"es_ES\" \/>\n<meta property=\"og:type\" content=\"article\" \/>\n<meta property=\"og:title\" content=\"Se realizar\u00e1 en General Pico el 2\u00b0 Weekend de Enfermedad Cardiovascular en la Mujer - Diario Textual\" \/>\n<meta property=\"og:description\" content=\"La m\u00e9dica cardi\u00f3loga Lorena Brocal anunci\u00f3 el 2\u00b0 Weekend de Enfermedad Cardiovascular en la Mujer, que se realizar\u00e1 los d\u00edas 17 y 18 de marzo en General Pico. \u201cEl objetivo&hellip;\" \/>\n<meta property=\"og:url\" content=\"https:\/\/diariotextual.com\/inicio\/index.php\/2023\/03\/15\/se-realizara-en-general-pico-el-2-weekend-de-enfermedad-cardiovascular-en-la-mujer\/\" \/>\n<meta property=\"og:site_name\" content=\"Diario Textual\" \/>\n<meta property=\"article:publisher\" content=\"https:\/\/www.facebook.com\/eltextual\" \/>\n<meta property=\"article:published_time\" content=\"2023-03-16T01:08:13+00:00\" \/>\n<meta property=\"article:modified_time\" content=\"2023-03-16T01:08:16+00:00\" \/>\n<meta property=\"og:image\" content=\"https:\/\/diariotextual.com\/inicio\/wp-content\/uploads\/2023\/03\/Corazon_mujer.jpg\" \/>\n\t<meta property=\"og:image:width\" content=\"450\" \/>\n\t<meta property=\"og:image:height\" content=\"300\" \/>\n\t<meta property=\"og:image:type\" content=\"image\/jpeg\" \/>\n<meta name=\"author\" content=\"diario2\" \/>\n<meta name=\"twitter:card\" content=\"summary_large_image\" \/>\n<meta name=\"twitter:creator\" content=\"@eltextual\" \/>\n<meta name=\"twitter:site\" content=\"@eltextual\" \/>\n<meta name=\"twitter:label1\" content=\"Escrito por\" \/>\n\t<meta name=\"twitter:data1\" content=\"diario2\" \/>\n\t<meta name=\"twitter:label2\" content=\"Tiempo de lectura\" \/>\n\t<meta name=\"twitter:data2\" content=\"3 minutos\" \/>\n<script type=\"application\/ld+json\" class=\"yoast-schema-graph\">{\"@context\":\"https:\\\/\\\/schema.org\",\"@graph\":[{\"@type\":\"Article\",\"@id\":\"https:\\\/\\\/diariotextual.com\\\/inicio\\\/index.php\\\/2023\\\/03\\\/15\\\/se-realizara-en-general-pico-el-2-weekend-de-enfermedad-cardiovascular-en-la-mujer\\\/#article\",\"isPartOf\":{\"@id\":\"https:\\\/\\\/diariotextual.com\\\/inicio\\\/index.php\\\/2023\\\/03\\\/15\\\/se-realizara-en-general-pico-el-2-weekend-de-enfermedad-cardiovascular-en-la-mujer\\\/\"},\"author\":{\"name\":\"diario2\",\"@id\":\"https:\\\/\\\/diariotextual.com\\\/inicio\\\/#\\\/schema\\\/person\\\/694f60677f23c4a530867a98f22b3768\"},\"headline\":\"Se realizar\u00e1 en General Pico el 2\u00b0 Weekend de Enfermedad Cardiovascular en la Mujer\",\"datePublished\":\"2023-03-16T01:08:13+00:00\",\"dateModified\":\"2023-03-16T01:08:16+00:00\",\"mainEntityOfPage\":{\"@id\":\"https:\\\/\\\/diariotextual.com\\\/inicio\\\/index.php\\\/2023\\\/03\\\/15\\\/se-realizara-en-general-pico-el-2-weekend-de-enfermedad-cardiovascular-en-la-mujer\\\/\"},\"wordCount\":556,\"publisher\":{\"@id\":\"https:\\\/\\\/diariotextual.com\\\/inicio\\\/#organization\"},\"image\":{\"@id\":\"https:\\\/\\\/diariotextual.com\\\/inicio\\\/index.php\\\/2023\\\/03\\\/15\\\/se-realizara-en-general-pico-el-2-weekend-de-enfermedad-cardiovascular-en-la-mujer\\\/#primaryimage\"},\"thumbnailUrl\":\"https:\\\/\\\/diariotextual.com\\\/inicio\\\/wp-content\\\/uploads\\\/2023\\\/03\\\/Corazon_mujer.jpg\",\"articleSection\":[\"A - ES NOTICIA (van abajo)\",\"SOCIEDAD\"],\"inLanguage\":\"es\"},{\"@type\":\"WebPage\",\"@id\":\"https:\\\/\\\/diariotextual.com\\\/inicio\\\/index.php\\\/2023\\\/03\\\/15\\\/se-realizara-en-general-pico-el-2-weekend-de-enfermedad-cardiovascular-en-la-mujer\\\/\",\"url\":\"https:\\\/\\\/diariotextual.com\\\/inicio\\\/index.php\\\/2023\\\/03\\\/15\\\/se-realizara-en-general-pico-el-2-weekend-de-enfermedad-cardiovascular-en-la-mujer\\\/\",\"name\":\"Se realizar\u00e1 en General Pico el 2\u00b0 Weekend de Enfermedad Cardiovascular en la Mujer - Diario Textual\",\"isPartOf\":{\"@id\":\"https:\\\/\\\/diariotextual.com\\\/inicio\\\/#website\"},\"primaryImageOfPage\":{\"@id\":\"https:\\\/\\\/diariotextual.com\\\/inicio\\\/index.php\\\/2023\\\/03\\\/15\\\/se-realizara-en-general-pico-el-2-weekend-de-enfermedad-cardiovascular-en-la-mujer\\\/#primaryimage\"},\"image\":{\"@id\":\"https:\\\/\\\/diariotextual.com\\\/inicio\\\/index.php\\\/2023\\\/03\\\/15\\\/se-realizara-en-general-pico-el-2-weekend-de-enfermedad-cardiovascular-en-la-mujer\\\/#primaryimage\"},\"thumbnailUrl\":\"https:\\\/\\\/diariotextual.com\\\/inicio\\\/wp-content\\\/uploads\\\/2023\\\/03\\\/Corazon_mujer.jpg\",\"datePublished\":\"2023-03-16T01:08:13+00:00\",\"dateModified\":\"2023-03-16T01:08:16+00:00\",\"breadcrumb\":{\"@id\":\"https:\\\/\\\/diariotextual.com\\\/inicio\\\/index.php\\\/2023\\\/03\\\/15\\\/se-realizara-en-general-pico-el-2-weekend-de-enfermedad-cardiovascular-en-la-mujer\\\/#breadcrumb\"},\"inLanguage\":\"es\",\"potentialAction\":[{\"@type\":\"ReadAction\",\"target\":[\"https:\\\/\\\/diariotextual.com\\\/inicio\\\/index.php\\\/2023\\\/03\\\/15\\\/se-realizara-en-general-pico-el-2-weekend-de-enfermedad-cardiovascular-en-la-mujer\\\/\"]}]},{\"@type\":\"ImageObject\",\"inLanguage\":\"es\",\"@id\":\"https:\\\/\\\/diariotextual.com\\\/inicio\\\/index.php\\\/2023\\\/03\\\/15\\\/se-realizara-en-general-pico-el-2-weekend-de-enfermedad-cardiovascular-en-la-mujer\\\/#primaryimage\",\"url\":\"https:\\\/\\\/diariotextual.com\\\/inicio\\\/wp-content\\\/uploads\\\/2023\\\/03\\\/Corazon_mujer.jpg\",\"contentUrl\":\"https:\\\/\\\/diariotextual.com\\\/inicio\\\/wp-content\\\/uploads\\\/2023\\\/03\\\/Corazon_mujer.jpg\",\"width\":450,\"height\":300,\"caption\":\"Female doctor with the stethoscope holding heart\"},{\"@type\":\"BreadcrumbList\",\"@id\":\"https:\\\/\\\/diariotextual.com\\\/inicio\\\/index.php\\\/2023\\\/03\\\/15\\\/se-realizara-en-general-pico-el-2-weekend-de-enfermedad-cardiovascular-en-la-mujer\\\/#breadcrumb\",\"itemListElement\":[{\"@type\":\"ListItem\",\"position\":1,\"name\":\"Portada\",\"item\":\"https:\\\/\\\/diariotextual.com\\\/inicio\\\/\"},{\"@type\":\"ListItem\",\"position\":2,\"name\":\"Se realizar\u00e1 en General Pico el 2\u00b0 Weekend de Enfermedad Cardiovascular en la Mujer\"}]},{\"@type\":\"WebSite\",\"@id\":\"https:\\\/\\\/diariotextual.com\\\/inicio\\\/#website\",\"url\":\"https:\\\/\\\/diariotextual.com\\\/inicio\\\/\",\"name\":\"Diario Textual\",\"description\":\"\",\"publisher\":{\"@id\":\"https:\\\/\\\/diariotextual.com\\\/inicio\\\/#organization\"},\"potentialAction\":[{\"@type\":\"SearchAction\",\"target\":{\"@type\":\"EntryPoint\",\"urlTemplate\":\"https:\\\/\\\/diariotextual.com\\\/inicio\\\/?s={search_term_string}\"},\"query-input\":{\"@type\":\"PropertyValueSpecification\",\"valueRequired\":true,\"valueName\":\"search_term_string\"}}],\"inLanguage\":\"es\"},{\"@type\":\"Organization\",\"@id\":\"https:\\\/\\\/diariotextual.com\\\/inicio\\\/#organization\",\"name\":\"Diario Textual\",\"url\":\"https:\\\/\\\/diariotextual.com\\\/inicio\\\/\",\"logo\":{\"@type\":\"ImageObject\",\"inLanguage\":\"es\",\"@id\":\"https:\\\/\\\/diariotextual.com\\\/inicio\\\/#\\\/schema\\\/logo\\\/image\\\/\",\"url\":\"https:\\\/\\\/diariotextual.com\\\/inicio\\\/wp-content\\\/uploads\\\/2023\\\/05\\\/logotextual1.jpg\",\"contentUrl\":\"https:\\\/\\\/diariotextual.com\\\/inicio\\\/wp-content\\\/uploads\\\/2023\\\/05\\\/logotextual1.jpg\",\"width\":516,\"height\":76,\"caption\":\"Diario Textual\"},\"image\":{\"@id\":\"https:\\\/\\\/diariotextual.com\\\/inicio\\\/#\\\/schema\\\/logo\\\/image\\\/\"},\"sameAs\":[\"https:\\\/\\\/www.facebook.com\\\/eltextual\",\"https:\\\/\\\/x.com\\\/eltextual\",\"http:\\\/\\\/www.instagram.com\\\/eltextual\"]},{\"@type\":\"Person\",\"@id\":\"https:\\\/\\\/diariotextual.com\\\/inicio\\\/#\\\/schema\\\/person\\\/694f60677f23c4a530867a98f22b3768\",\"name\":\"diario2\",\"image\":{\"@type\":\"ImageObject\",\"inLanguage\":\"es\",\"@id\":\"https:\\\/\\\/secure.gravatar.com\\\/avatar\\\/5a2567495ba16b852fcd8f1ed006a2e24fcace936018ed8237e95f488ad6e0a7?s=96&d=mm&r=g\",\"url\":\"https:\\\/\\\/secure.gravatar.com\\\/avatar\\\/5a2567495ba16b852fcd8f1ed006a2e24fcace936018ed8237e95f488ad6e0a7?s=96&d=mm&r=g\",\"contentUrl\":\"https:\\\/\\\/secure.gravatar.com\\\/avatar\\\/5a2567495ba16b852fcd8f1ed006a2e24fcace936018ed8237e95f488ad6e0a7?s=96&d=mm&r=g\",\"caption\":\"diario2\"},\"url\":\"https:\\\/\\\/diariotextual.com\\\/inicio\\\/index.php\\\/author\\\/diario2\\\/\"}]}<\/script>\n<!-- \/ Yoast SEO plugin. -->","yoast_head_json":{"title":"Se realizar\u00e1 en General Pico el 2\u00b0 Weekend de Enfermedad Cardiovascular en la Mujer - Diario Textual","robots":{"index":"index","follow":"follow","max-snippet":"max-snippet:-1","max-image-preview":"max-image-preview:large","max-video-preview":"max-video-preview:-1"},"canonical":"https:\/\/diariotextual.com\/inicio\/index.php\/2023\/03\/15\/se-realizara-en-general-pico-el-2-weekend-de-enfermedad-cardiovascular-en-la-mujer\/","og_locale":"es_ES","og_type":"article","og_title":"Se realizar\u00e1 en General Pico el 2\u00b0 Weekend de Enfermedad Cardiovascular en la Mujer - Diario Textual","og_description":"La m\u00e9dica cardi\u00f3loga Lorena Brocal anunci\u00f3 el 2\u00b0 Weekend de Enfermedad Cardiovascular en la Mujer, que se realizar\u00e1 los d\u00edas 17 y 18 de marzo en General Pico. \u201cEl objetivo&hellip;","og_url":"https:\/\/diariotextual.com\/inicio\/index.php\/2023\/03\/15\/se-realizara-en-general-pico-el-2-weekend-de-enfermedad-cardiovascular-en-la-mujer\/","og_site_name":"Diario Textual","article_publisher":"https:\/\/www.facebook.com\/eltextual","article_published_time":"2023-03-16T01:08:13+00:00","article_modified_time":"2023-03-16T01:08:16+00:00","og_image":[{"width":450,"height":300,"url":"https:\/\/diariotextual.com\/inicio\/wp-content\/uploads\/2023\/03\/Corazon_mujer.jpg","type":"image\/jpeg"}],"author":"diario2","twitter_card":"summary_large_image","twitter_creator":"@eltextual","twitter_site":"@eltextual","twitter_misc":{"Escrito por":"diario2","Tiempo de lectura":"3 minutos"},"schema":{"@context":"https:\/\/schema.org","@graph":[{"@type":"Article","@id":"https:\/\/diariotextual.com\/inicio\/index.php\/2023\/03\/15\/se-realizara-en-general-pico-el-2-weekend-de-enfermedad-cardiovascular-en-la-mujer\/#article","isPartOf":{"@id":"https:\/\/diariotextual.com\/inicio\/index.php\/2023\/03\/15\/se-realizara-en-general-pico-el-2-weekend-de-enfermedad-cardiovascular-en-la-mujer\/"},"author":{"name":"diario2","@id":"https:\/\/diariotextual.com\/inicio\/#\/schema\/person\/694f60677f23c4a530867a98f22b3768"},"headline":"Se realizar\u00e1 en General Pico el 2\u00b0 Weekend de Enfermedad Cardiovascular en la Mujer","datePublished":"2023-03-16T01:08:13+00:00","dateModified":"2023-03-16T01:08:16+00:00","mainEntityOfPage":{"@id":"https:\/\/diariotextual.com\/inicio\/index.php\/2023\/03\/15\/se-realizara-en-general-pico-el-2-weekend-de-enfermedad-cardiovascular-en-la-mujer\/"},"wordCount":556,"publisher":{"@id":"https:\/\/diariotextual.com\/inicio\/#organization"},"image":{"@id":"https:\/\/diariotextual.com\/inicio\/index.php\/2023\/03\/15\/se-realizara-en-general-pico-el-2-weekend-de-enfermedad-cardiovascular-en-la-mujer\/#primaryimage"},"thumbnailUrl":"https:\/\/diariotextual.com\/inicio\/wp-content\/uploads\/2023\/03\/Corazon_mujer.jpg","articleSection":["A - ES NOTICIA (van abajo)","SOCIEDAD"],"inLanguage":"es"},{"@type":"WebPage","@id":"https:\/\/diariotextual.com\/inicio\/index.php\/2023\/03\/15\/se-realizara-en-general-pico-el-2-weekend-de-enfermedad-cardiovascular-en-la-mujer\/","url":"https:\/\/diariotextual.com\/inicio\/index.php\/2023\/03\/15\/se-realizara-en-general-pico-el-2-weekend-de-enfermedad-cardiovascular-en-la-mujer\/","name":"Se realizar\u00e1 en General Pico el 2\u00b0 Weekend de Enfermedad Cardiovascular en la Mujer - Diario Textual","isPartOf":{"@id":"https:\/\/diariotextual.com\/inicio\/#website"},"primaryImageOfPage":{"@id":"https:\/\/diariotextual.com\/inicio\/index.php\/2023\/03\/15\/se-realizara-en-general-pico-el-2-weekend-de-enfermedad-cardiovascular-en-la-mujer\/#primaryimage"},"image":{"@id":"https:\/\/diariotextual.com\/inicio\/index.php\/2023\/03\/15\/se-realizara-en-general-pico-el-2-weekend-de-enfermedad-cardiovascular-en-la-mujer\/#primaryimage"},"thumbnailUrl":"https:\/\/diariotextual.com\/inicio\/wp-content\/uploads\/2023\/03\/Corazon_mujer.jpg","datePublished":"2023-03-16T01:08:13+00:00","dateModified":"2023-03-16T01:08:16+00:00","breadcrumb":{"@id":"https:\/\/diariotextual.com\/inicio\/index.php\/2023\/03\/15\/se-realizara-en-general-pico-el-2-weekend-de-enfermedad-cardiovascular-en-la-mujer\/#breadcrumb"},"inLanguage":"es","potentialAction":[{"@type":"ReadAction","target":["https:\/\/diariotextual.com\/inicio\/index.php\/2023\/03\/15\/se-realizara-en-general-pico-el-2-weekend-de-enfermedad-cardiovascular-en-la-mujer\/"]}]},{"@type":"ImageObject","inLanguage":"es","@id":"https:\/\/diariotextual.com\/inicio\/index.php\/2023\/03\/15\/se-realizara-en-general-pico-el-2-weekend-de-enfermedad-cardiovascular-en-la-mujer\/#primaryimage","url":"https:\/\/diariotextual.com\/inicio\/wp-content\/uploads\/2023\/03\/Corazon_mujer.jpg","contentUrl":"https:\/\/diariotextual.com\/inicio\/wp-content\/uploads\/2023\/03\/Corazon_mujer.jpg","width":450,"height":300,"caption":"Female doctor with the stethoscope holding heart"},{"@type":"BreadcrumbList","@id":"https:\/\/diariotextual.com\/inicio\/index.php\/2023\/03\/15\/se-realizara-en-general-pico-el-2-weekend-de-enfermedad-cardiovascular-en-la-mujer\/#breadcrumb","itemListElement":[{"@type":"ListItem","position":1,"name":"Portada","item":"https:\/\/diariotextual.com\/inicio\/"},{"@type":"ListItem","position":2,"name":"Se realizar\u00e1 en General Pico el 2\u00b0 Weekend de Enfermedad Cardiovascular en la Mujer"}]},{"@type":"WebSite","@id":"https:\/\/diariotextual.com\/inicio\/#website","url":"https:\/\/diariotextual.com\/inicio\/","name":"Diario Textual","description":"","publisher":{"@id":"https:\/\/diariotextual.com\/inicio\/#organization"},"potentialAction":[{"@type":"SearchAction","target":{"@type":"EntryPoint","urlTemplate":"https:\/\/diariotextual.com\/inicio\/?s={search_term_string}"},"query-input":{"@type":"PropertyValueSpecification","valueRequired":true,"valueName":"search_term_string"}}],"inLanguage":"es"},{"@type":"Organization","@id":"https:\/\/diariotextual.com\/inicio\/#organization","name":"Diario Textual","url":"https:\/\/diariotextual.com\/inicio\/","logo":{"@type":"ImageObject","inLanguage":"es","@id":"https:\/\/diariotextual.com\/inicio\/#\/schema\/logo\/image\/","url":"https:\/\/diariotextual.com\/inicio\/wp-content\/uploads\/2023\/05\/logotextual1.jpg","contentUrl":"https:\/\/diariotextual.com\/inicio\/wp-content\/uploads\/2023\/05\/logotextual1.jpg","width":516,"height":76,"caption":"Diario Textual"},"image":{"@id":"https:\/\/diariotextual.com\/inicio\/#\/schema\/logo\/image\/"},"sameAs":["https:\/\/www.facebook.com\/eltextual","https:\/\/x.com\/eltextual","http:\/\/www.instagram.com\/eltextual"]},{"@type":"Person","@id":"https:\/\/diariotextual.com\/inicio\/#\/schema\/person\/694f60677f23c4a530867a98f22b3768","name":"diario2","image":{"@type":"ImageObject","inLanguage":"es","@id":"https:\/\/secure.gravatar.com\/avatar\/5a2567495ba16b852fcd8f1ed006a2e24fcace936018ed8237e95f488ad6e0a7?s=96&d=mm&r=g","url":"https:\/\/secure.gravatar.com\/avatar\/5a2567495ba16b852fcd8f1ed006a2e24fcace936018ed8237e95f488ad6e0a7?s=96&d=mm&r=g","contentUrl":"https:\/\/secure.gravatar.com\/avatar\/5a2567495ba16b852fcd8f1ed006a2e24fcace936018ed8237e95f488ad6e0a7?s=96&d=mm&r=g","caption":"diario2"},"url":"https:\/\/diariotextual.com\/inicio\/index.php\/author\/diario2\/"}]}},"_links":{"self":[{"href":"https:\/\/diariotextual.com\/inicio\/index.php\/wp-json\/wp\/v2\/posts\/219089","targetHints":{"allow":["GET"]}}],"collection":[{"href":"https:\/\/diariotextual.com\/inicio\/index.php\/wp-json\/wp\/v2\/posts"}],"about":[{"href":"https:\/\/diariotextual.com\/inicio\/index.php\/wp-json\/wp\/v2\/types\/post"}],"author":[{"embeddable":true,"href":"https:\/\/diariotextual.com\/inicio\/index.php\/wp-json\/wp\/v2\/users\/4"}],"replies":[{"embeddable":true,"href":"https:\/\/diariotextual.com\/inicio\/index.php\/wp-json\/wp\/v2\/comments?post=219089"}],"version-history":[{"count":2,"href":"https:\/\/diariotextual.com\/inicio\/index.php\/wp-json\/wp\/v2\/posts\/219089\/revisions"}],"predecessor-version":[{"id":219092,"href":"https:\/\/diariotextual.com\/inicio\/index.php\/wp-json\/wp\/v2\/posts\/219089\/revisions\/219092"}],"wp:featuredmedia":[{"embeddable":true,"href":"https:\/\/diariotextual.com\/inicio\/index.php\/wp-json\/wp\/v2\/media\/219091"}],"wp:attachment":[{"href":"https:\/\/diariotextual.com\/inicio\/index.php\/wp-json\/wp\/v2\/media?parent=219089"}],"wp:term":[{"taxonomy":"category","embeddable":true,"href":"https:\/\/diariotextual.com\/inicio\/index.php\/wp-json\/wp\/v2\/categories?post=219089"},{"taxonomy":"post_tag","embeddable":true,"href":"https:\/\/diariotextual.com\/inicio\/index.php\/wp-json\/wp\/v2\/tags?post=219089"}],"curies":[{"name":"wp","href":"https:\/\/api.w.org\/{rel}","templated":true}]}}