{"id":219099,"date":"2023-03-16T06:07:37","date_gmt":"2023-03-16T09:07:37","guid":{"rendered":"https:\/\/diariotextual.com\/inicio\/?p=219099"},"modified":"2023-03-16T08:53:40","modified_gmt":"2023-03-16T11:53:40","slug":"salen-a-la-venta-las-entradas-para-ver-a-la-seleccion-en-el-monumental-desde-cuando-y-a-que-precios","status":"publish","type":"post","link":"https:\/\/diariotextual.com\/inicio\/index.php\/2023\/03\/16\/salen-a-la-venta-las-entradas-para-ver-a-la-seleccion-en-el-monumental-desde-cuando-y-a-que-precios\/","title":{"rendered":"Salen a la venta las entradas para ver a la Selecci\u00f3n en el Monumental"},"content":{"rendered":"\n<p>La Asociaci\u00f3n del F\u00fatbol Argentino (AFA) anunci\u00f3 que la venta de entradas para el encuentro entre la <strong>Selecci\u00f3n argentina y Panam\u00e1 <\/strong>comenzar\u00e1 este jueves y los valores de las Fiesta del Campe\u00f3n ser\u00e1n <strong>desde los 12 mil hasta los 49.000 pesos.<\/strong><\/p>\n\n\n\n<p>El primero de los dos partidos amistosos que afrontar\u00e1 la Selecci\u00f3n nacional para celebrar la obtenci\u00f3n de la <strong>Copa del Mundo en el Mundial de Qatar 2022 ser\u00e1 el 23 de marzo en el Monumental, mientras que cinco d\u00edas m\u00e1s tarde jugar\u00e1 ante Curazao en Santiago del Estero.<\/strong><\/p>\n\n\n\n<p>Las entradas para el partido de la \u00abScaloneta\u00bb <strong>se pondr\u00e1n a la venta este jueves 16 a las 14,<\/strong> seg\u00fan confirm\u00f3 la AFA y los precios ir\u00e1n desde los 12 mil hasta 49 mil pesos, aunque las entradas para los menores ser\u00e1n de 7.000.<\/p>\n\n\n\n<p>El equipo campe\u00f3n del mundo, con Lionel Messi como gran figura, volver\u00e1 al pa\u00eds para celebrar con los hinchas y los tickets se podr\u00e1n adquirir en el portal <strong>www.deportick.com.<\/strong><\/p>\n\n\n\n<p>Los precios para el evento son elevados: <strong>Popular, $12.000; menor a popular (hasta 10 a\u00f1os), $7.000; S\u00edvori y Centro Media, $24.000; San Mart\u00edn y Belgrano Alta, $24.000; San Mart\u00edn y Belgrano Baja, $48.000; San Mart\u00edn y Belgrano Media, $49.000.<\/strong><\/p>\n\n\n\n<p>Ante la demanda de entradas para el partido de la Selecci\u00f3n argentina en el estadio Monumental es muy alta, es probable que las entradas se agoten en cuesti\u00f3n de minutos, por ello, se recomienda estar atento a los canales de venta oficiales de la AFA.<\/p>\n\n\n\n<p>Conocer el proceso de compra antes de que las entradas est\u00e9n disponibles para la venta. Tener a mano todos los datos que se necesitan para la compra, como el n\u00famero de documento de identidad y la tarjeta de cr\u00e9dito.<\/p>\n\n\n\n<p>Por otra parte, las entradas para el partido entre Argentina y Curazao en Santiago del Estero, la AFA a\u00fan no dio informaci\u00f3n sobre la venta y se espera que la misma reci\u00e9n sea dada a conocer en los pr\u00f3ximos d\u00edas.<\/p>\n\n\n\n<p>Los siguientes son precios de las entradas para el encuentro entre Argentina y Panam\u00e1:<\/p>\n\n\n\n<p>-General: $12.000.<\/p>\n\n\n\n<p>-Menor a popular (hasta 10 a\u00f1os): $7.000.<\/p>\n\n\n\n<p>-S\u00edvori y Cent. Media: $24.000.<\/p>\n\n\n\n<p>-San Mart\u00edn y Belgrano Alta: $24.000.<\/p>\n\n\n\n<p>-San Mart\u00edn y Belgrano Baja: $48.000.<\/p>\n\n\n\n<p>-San Mart\u00edn y Belgrano Media: $49.000.<\/p>\n","protected":false},"excerpt":{"rendered":"<p>La Asociaci\u00f3n del F\u00fatbol Argentino (AFA) anunci\u00f3 que la venta de entradas para el encuentro entre la Selecci\u00f3n argentina y Panam\u00e1 comenzar\u00e1 este jueves y los valores de las Fiesta&hellip;<\/p>\n","protected":false},"author":4,"featured_media":210781,"comment_status":"closed","ping_status":"open","sticky":false,"template":"","format":"standard","meta":{"_acf_changed":false,"footnotes":""},"categories":[1,3],"tags":[],"class_list":["post-219099","post","type-post","status-publish","format-standard","has-post-thumbnail","hentry","category-es-noticia","category-deportes"],"acf":[],"yoast_head":"<!-- This site is optimized with the Yoast SEO plugin v27.5 - https:\/\/yoast.com\/product\/yoast-seo-wordpress\/ -->\n<title>Salen a la venta las entradas para ver a la Selecci\u00f3n en el Monumental - Diario Textual<\/title>\n<meta name=\"robots\" content=\"index, follow, max-snippet:-1, max-image-preview:large, max-video-preview:-1\" \/>\n<link rel=\"canonical\" href=\"https:\/\/diariotextual.com\/inicio\/index.php\/2023\/03\/16\/salen-a-la-venta-las-entradas-para-ver-a-la-seleccion-en-el-monumental-desde-cuando-y-a-que-precios\/\" \/>\n<meta property=\"og:locale\" content=\"es_ES\" \/>\n<meta property=\"og:type\" content=\"article\" \/>\n<meta property=\"og:title\" content=\"Salen a la venta las entradas para ver a la Selecci\u00f3n en el Monumental - Diario Textual\" \/>\n<meta property=\"og:description\" content=\"La Asociaci\u00f3n del F\u00fatbol Argentino (AFA) anunci\u00f3 que la venta de entradas para el encuentro entre la Selecci\u00f3n argentina y Panam\u00e1 comenzar\u00e1 este jueves y los valores de las Fiesta&hellip;\" \/>\n<meta property=\"og:url\" content=\"https:\/\/diariotextual.com\/inicio\/index.php\/2023\/03\/16\/salen-a-la-venta-las-entradas-para-ver-a-la-seleccion-en-el-monumental-desde-cuando-y-a-que-precios\/\" \/>\n<meta property=\"og:site_name\" content=\"Diario Textual\" \/>\n<meta property=\"article:publisher\" content=\"https:\/\/www.facebook.com\/eltextual\" \/>\n<meta property=\"article:published_time\" content=\"2023-03-16T09:07:37+00:00\" \/>\n<meta property=\"article:modified_time\" content=\"2023-03-16T11:53:40+00:00\" \/>\n<meta property=\"og:image\" content=\"https:\/\/diariotextual.com\/inicio\/wp-content\/uploads\/2022\/12\/seleccionargentinafinalmundialqatar2022-9000-scaled.jpeg\" \/>\n\t<meta property=\"og:image:width\" content=\"2560\" \/>\n\t<meta property=\"og:image:height\" content=\"1706\" \/>\n\t<meta property=\"og:image:type\" content=\"image\/jpeg\" \/>\n<meta name=\"author\" content=\"diario2\" \/>\n<meta name=\"twitter:card\" content=\"summary_large_image\" \/>\n<meta name=\"twitter:creator\" content=\"@eltextual\" \/>\n<meta name=\"twitter:site\" content=\"@eltextual\" \/>\n<meta name=\"twitter:label1\" content=\"Escrito por\" \/>\n\t<meta name=\"twitter:data1\" content=\"diario2\" \/>\n\t<meta name=\"twitter:label2\" content=\"Tiempo de lectura\" \/>\n\t<meta name=\"twitter:data2\" content=\"2 minutos\" \/>\n<script type=\"application\/ld+json\" class=\"yoast-schema-graph\">{\"@context\":\"https:\\\/\\\/schema.org\",\"@graph\":[{\"@type\":\"Article\",\"@id\":\"https:\\\/\\\/diariotextual.com\\\/inicio\\\/index.php\\\/2023\\\/03\\\/16\\\/salen-a-la-venta-las-entradas-para-ver-a-la-seleccion-en-el-monumental-desde-cuando-y-a-que-precios\\\/#article\",\"isPartOf\":{\"@id\":\"https:\\\/\\\/diariotextual.com\\\/inicio\\\/index.php\\\/2023\\\/03\\\/16\\\/salen-a-la-venta-las-entradas-para-ver-a-la-seleccion-en-el-monumental-desde-cuando-y-a-que-precios\\\/\"},\"author\":{\"name\":\"diario2\",\"@id\":\"https:\\\/\\\/diariotextual.com\\\/inicio\\\/#\\\/schema\\\/person\\\/694f60677f23c4a530867a98f22b3768\"},\"headline\":\"Salen a la venta las entradas para ver a la Selecci\u00f3n en el Monumental\",\"datePublished\":\"2023-03-16T09:07:37+00:00\",\"dateModified\":\"2023-03-16T11:53:40+00:00\",\"mainEntityOfPage\":{\"@id\":\"https:\\\/\\\/diariotextual.com\\\/inicio\\\/index.php\\\/2023\\\/03\\\/16\\\/salen-a-la-venta-las-entradas-para-ver-a-la-seleccion-en-el-monumental-desde-cuando-y-a-que-precios\\\/\"},\"wordCount\":401,\"publisher\":{\"@id\":\"https:\\\/\\\/diariotextual.com\\\/inicio\\\/#organization\"},\"image\":{\"@id\":\"https:\\\/\\\/diariotextual.com\\\/inicio\\\/index.php\\\/2023\\\/03\\\/16\\\/salen-a-la-venta-las-entradas-para-ver-a-la-seleccion-en-el-monumental-desde-cuando-y-a-que-precios\\\/#primaryimage\"},\"thumbnailUrl\":\"https:\\\/\\\/diariotextual.com\\\/inicio\\\/wp-content\\\/uploads\\\/2022\\\/12\\\/seleccionargentinafinalmundialqatar2022-9000-scaled.jpeg\",\"articleSection\":[\"A - ES NOTICIA (van abajo)\",\"DEPORTES\"],\"inLanguage\":\"es\"},{\"@type\":\"WebPage\",\"@id\":\"https:\\\/\\\/diariotextual.com\\\/inicio\\\/index.php\\\/2023\\\/03\\\/16\\\/salen-a-la-venta-las-entradas-para-ver-a-la-seleccion-en-el-monumental-desde-cuando-y-a-que-precios\\\/\",\"url\":\"https:\\\/\\\/diariotextual.com\\\/inicio\\\/index.php\\\/2023\\\/03\\\/16\\\/salen-a-la-venta-las-entradas-para-ver-a-la-seleccion-en-el-monumental-desde-cuando-y-a-que-precios\\\/\",\"name\":\"Salen a la venta las entradas para ver a la Selecci\u00f3n en el Monumental - Diario Textual\",\"isPartOf\":{\"@id\":\"https:\\\/\\\/diariotextual.com\\\/inicio\\\/#website\"},\"primaryImageOfPage\":{\"@id\":\"https:\\\/\\\/diariotextual.com\\\/inicio\\\/index.php\\\/2023\\\/03\\\/16\\\/salen-a-la-venta-las-entradas-para-ver-a-la-seleccion-en-el-monumental-desde-cuando-y-a-que-precios\\\/#primaryimage\"},\"image\":{\"@id\":\"https:\\\/\\\/diariotextual.com\\\/inicio\\\/index.php\\\/2023\\\/03\\\/16\\\/salen-a-la-venta-las-entradas-para-ver-a-la-seleccion-en-el-monumental-desde-cuando-y-a-que-precios\\\/#primaryimage\"},\"thumbnailUrl\":\"https:\\\/\\\/diariotextual.com\\\/inicio\\\/wp-content\\\/uploads\\\/2022\\\/12\\\/seleccionargentinafinalmundialqatar2022-9000-scaled.jpeg\",\"datePublished\":\"2023-03-16T09:07:37+00:00\",\"dateModified\":\"2023-03-16T11:53:40+00:00\",\"breadcrumb\":{\"@id\":\"https:\\\/\\\/diariotextual.com\\\/inicio\\\/index.php\\\/2023\\\/03\\\/16\\\/salen-a-la-venta-las-entradas-para-ver-a-la-seleccion-en-el-monumental-desde-cuando-y-a-que-precios\\\/#breadcrumb\"},\"inLanguage\":\"es\",\"potentialAction\":[{\"@type\":\"ReadAction\",\"target\":[\"https:\\\/\\\/diariotextual.com\\\/inicio\\\/index.php\\\/2023\\\/03\\\/16\\\/salen-a-la-venta-las-entradas-para-ver-a-la-seleccion-en-el-monumental-desde-cuando-y-a-que-precios\\\/\"]}]},{\"@type\":\"ImageObject\",\"inLanguage\":\"es\",\"@id\":\"https:\\\/\\\/diariotextual.com\\\/inicio\\\/index.php\\\/2023\\\/03\\\/16\\\/salen-a-la-venta-las-entradas-para-ver-a-la-seleccion-en-el-monumental-desde-cuando-y-a-que-precios\\\/#primaryimage\",\"url\":\"https:\\\/\\\/diariotextual.com\\\/inicio\\\/wp-content\\\/uploads\\\/2022\\\/12\\\/seleccionargentinafinalmundialqatar2022-9000-scaled.jpeg\",\"contentUrl\":\"https:\\\/\\\/diariotextual.com\\\/inicio\\\/wp-content\\\/uploads\\\/2022\\\/12\\\/seleccionargentinafinalmundialqatar2022-9000-scaled.jpeg\",\"width\":2560,\"height\":1706},{\"@type\":\"BreadcrumbList\",\"@id\":\"https:\\\/\\\/diariotextual.com\\\/inicio\\\/index.php\\\/2023\\\/03\\\/16\\\/salen-a-la-venta-las-entradas-para-ver-a-la-seleccion-en-el-monumental-desde-cuando-y-a-que-precios\\\/#breadcrumb\",\"itemListElement\":[{\"@type\":\"ListItem\",\"position\":1,\"name\":\"Portada\",\"item\":\"https:\\\/\\\/diariotextual.com\\\/inicio\\\/\"},{\"@type\":\"ListItem\",\"position\":2,\"name\":\"Salen a la venta las entradas para ver a la Selecci\u00f3n en el Monumental\"}]},{\"@type\":\"WebSite\",\"@id\":\"https:\\\/\\\/diariotextual.com\\\/inicio\\\/#website\",\"url\":\"https:\\\/\\\/diariotextual.com\\\/inicio\\\/\",\"name\":\"Diario Textual\",\"description\":\"\",\"publisher\":{\"@id\":\"https:\\\/\\\/diariotextual.com\\\/inicio\\\/#organization\"},\"potentialAction\":[{\"@type\":\"SearchAction\",\"target\":{\"@type\":\"EntryPoint\",\"urlTemplate\":\"https:\\\/\\\/diariotextual.com\\\/inicio\\\/?s={search_term_string}\"},\"query-input\":{\"@type\":\"PropertyValueSpecification\",\"valueRequired\":true,\"valueName\":\"search_term_string\"}}],\"inLanguage\":\"es\"},{\"@type\":\"Organization\",\"@id\":\"https:\\\/\\\/diariotextual.com\\\/inicio\\\/#organization\",\"name\":\"Diario Textual\",\"url\":\"https:\\\/\\\/diariotextual.com\\\/inicio\\\/\",\"logo\":{\"@type\":\"ImageObject\",\"inLanguage\":\"es\",\"@id\":\"https:\\\/\\\/diariotextual.com\\\/inicio\\\/#\\\/schema\\\/logo\\\/image\\\/\",\"url\":\"https:\\\/\\\/diariotextual.com\\\/inicio\\\/wp-content\\\/uploads\\\/2023\\\/05\\\/logotextual1.jpg\",\"contentUrl\":\"https:\\\/\\\/diariotextual.com\\\/inicio\\\/wp-content\\\/uploads\\\/2023\\\/05\\\/logotextual1.jpg\",\"width\":516,\"height\":76,\"caption\":\"Diario Textual\"},\"image\":{\"@id\":\"https:\\\/\\\/diariotextual.com\\\/inicio\\\/#\\\/schema\\\/logo\\\/image\\\/\"},\"sameAs\":[\"https:\\\/\\\/www.facebook.com\\\/eltextual\",\"https:\\\/\\\/x.com\\\/eltextual\",\"http:\\\/\\\/www.instagram.com\\\/eltextual\"]},{\"@type\":\"Person\",\"@id\":\"https:\\\/\\\/diariotextual.com\\\/inicio\\\/#\\\/schema\\\/person\\\/694f60677f23c4a530867a98f22b3768\",\"name\":\"diario2\",\"image\":{\"@type\":\"ImageObject\",\"inLanguage\":\"es\",\"@id\":\"https:\\\/\\\/secure.gravatar.com\\\/avatar\\\/5a2567495ba16b852fcd8f1ed006a2e24fcace936018ed8237e95f488ad6e0a7?s=96&d=mm&r=g\",\"url\":\"https:\\\/\\\/secure.gravatar.com\\\/avatar\\\/5a2567495ba16b852fcd8f1ed006a2e24fcace936018ed8237e95f488ad6e0a7?s=96&d=mm&r=g\",\"contentUrl\":\"https:\\\/\\\/secure.gravatar.com\\\/avatar\\\/5a2567495ba16b852fcd8f1ed006a2e24fcace936018ed8237e95f488ad6e0a7?s=96&d=mm&r=g\",\"caption\":\"diario2\"},\"url\":\"https:\\\/\\\/diariotextual.com\\\/inicio\\\/index.php\\\/author\\\/diario2\\\/\"}]}<\/script>\n<!-- \/ Yoast SEO plugin. -->","yoast_head_json":{"title":"Salen a la venta las entradas para ver a la Selecci\u00f3n en el Monumental - Diario Textual","robots":{"index":"index","follow":"follow","max-snippet":"max-snippet:-1","max-image-preview":"max-image-preview:large","max-video-preview":"max-video-preview:-1"},"canonical":"https:\/\/diariotextual.com\/inicio\/index.php\/2023\/03\/16\/salen-a-la-venta-las-entradas-para-ver-a-la-seleccion-en-el-monumental-desde-cuando-y-a-que-precios\/","og_locale":"es_ES","og_type":"article","og_title":"Salen a la venta las entradas para ver a la Selecci\u00f3n en el Monumental - Diario Textual","og_description":"La Asociaci\u00f3n del F\u00fatbol Argentino (AFA) anunci\u00f3 que la venta de entradas para el encuentro entre la Selecci\u00f3n argentina y Panam\u00e1 comenzar\u00e1 este jueves y los valores de las Fiesta&hellip;","og_url":"https:\/\/diariotextual.com\/inicio\/index.php\/2023\/03\/16\/salen-a-la-venta-las-entradas-para-ver-a-la-seleccion-en-el-monumental-desde-cuando-y-a-que-precios\/","og_site_name":"Diario Textual","article_publisher":"https:\/\/www.facebook.com\/eltextual","article_published_time":"2023-03-16T09:07:37+00:00","article_modified_time":"2023-03-16T11:53:40+00:00","og_image":[{"width":2560,"height":1706,"url":"https:\/\/diariotextual.com\/inicio\/wp-content\/uploads\/2022\/12\/seleccionargentinafinalmundialqatar2022-9000-scaled.jpeg","type":"image\/jpeg"}],"author":"diario2","twitter_card":"summary_large_image","twitter_creator":"@eltextual","twitter_site":"@eltextual","twitter_misc":{"Escrito por":"diario2","Tiempo de lectura":"2 minutos"},"schema":{"@context":"https:\/\/schema.org","@graph":[{"@type":"Article","@id":"https:\/\/diariotextual.com\/inicio\/index.php\/2023\/03\/16\/salen-a-la-venta-las-entradas-para-ver-a-la-seleccion-en-el-monumental-desde-cuando-y-a-que-precios\/#article","isPartOf":{"@id":"https:\/\/diariotextual.com\/inicio\/index.php\/2023\/03\/16\/salen-a-la-venta-las-entradas-para-ver-a-la-seleccion-en-el-monumental-desde-cuando-y-a-que-precios\/"},"author":{"name":"diario2","@id":"https:\/\/diariotextual.com\/inicio\/#\/schema\/person\/694f60677f23c4a530867a98f22b3768"},"headline":"Salen a la venta las entradas para ver a la Selecci\u00f3n en el Monumental","datePublished":"2023-03-16T09:07:37+00:00","dateModified":"2023-03-16T11:53:40+00:00","mainEntityOfPage":{"@id":"https:\/\/diariotextual.com\/inicio\/index.php\/2023\/03\/16\/salen-a-la-venta-las-entradas-para-ver-a-la-seleccion-en-el-monumental-desde-cuando-y-a-que-precios\/"},"wordCount":401,"publisher":{"@id":"https:\/\/diariotextual.com\/inicio\/#organization"},"image":{"@id":"https:\/\/diariotextual.com\/inicio\/index.php\/2023\/03\/16\/salen-a-la-venta-las-entradas-para-ver-a-la-seleccion-en-el-monumental-desde-cuando-y-a-que-precios\/#primaryimage"},"thumbnailUrl":"https:\/\/diariotextual.com\/inicio\/wp-content\/uploads\/2022\/12\/seleccionargentinafinalmundialqatar2022-9000-scaled.jpeg","articleSection":["A - ES NOTICIA (van abajo)","DEPORTES"],"inLanguage":"es"},{"@type":"WebPage","@id":"https:\/\/diariotextual.com\/inicio\/index.php\/2023\/03\/16\/salen-a-la-venta-las-entradas-para-ver-a-la-seleccion-en-el-monumental-desde-cuando-y-a-que-precios\/","url":"https:\/\/diariotextual.com\/inicio\/index.php\/2023\/03\/16\/salen-a-la-venta-las-entradas-para-ver-a-la-seleccion-en-el-monumental-desde-cuando-y-a-que-precios\/","name":"Salen a la venta las entradas para ver a la Selecci\u00f3n en el Monumental - Diario Textual","isPartOf":{"@id":"https:\/\/diariotextual.com\/inicio\/#website"},"primaryImageOfPage":{"@id":"https:\/\/diariotextual.com\/inicio\/index.php\/2023\/03\/16\/salen-a-la-venta-las-entradas-para-ver-a-la-seleccion-en-el-monumental-desde-cuando-y-a-que-precios\/#primaryimage"},"image":{"@id":"https:\/\/diariotextual.com\/inicio\/index.php\/2023\/03\/16\/salen-a-la-venta-las-entradas-para-ver-a-la-seleccion-en-el-monumental-desde-cuando-y-a-que-precios\/#primaryimage"},"thumbnailUrl":"https:\/\/diariotextual.com\/inicio\/wp-content\/uploads\/2022\/12\/seleccionargentinafinalmundialqatar2022-9000-scaled.jpeg","datePublished":"2023-03-16T09:07:37+00:00","dateModified":"2023-03-16T11:53:40+00:00","breadcrumb":{"@id":"https:\/\/diariotextual.com\/inicio\/index.php\/2023\/03\/16\/salen-a-la-venta-las-entradas-para-ver-a-la-seleccion-en-el-monumental-desde-cuando-y-a-que-precios\/#breadcrumb"},"inLanguage":"es","potentialAction":[{"@type":"ReadAction","target":["https:\/\/diariotextual.com\/inicio\/index.php\/2023\/03\/16\/salen-a-la-venta-las-entradas-para-ver-a-la-seleccion-en-el-monumental-desde-cuando-y-a-que-precios\/"]}]},{"@type":"ImageObject","inLanguage":"es","@id":"https:\/\/diariotextual.com\/inicio\/index.php\/2023\/03\/16\/salen-a-la-venta-las-entradas-para-ver-a-la-seleccion-en-el-monumental-desde-cuando-y-a-que-precios\/#primaryimage","url":"https:\/\/diariotextual.com\/inicio\/wp-content\/uploads\/2022\/12\/seleccionargentinafinalmundialqatar2022-9000-scaled.jpeg","contentUrl":"https:\/\/diariotextual.com\/inicio\/wp-content\/uploads\/2022\/12\/seleccionargentinafinalmundialqatar2022-9000-scaled.jpeg","width":2560,"height":1706},{"@type":"BreadcrumbList","@id":"https:\/\/diariotextual.com\/inicio\/index.php\/2023\/03\/16\/salen-a-la-venta-las-entradas-para-ver-a-la-seleccion-en-el-monumental-desde-cuando-y-a-que-precios\/#breadcrumb","itemListElement":[{"@type":"ListItem","position":1,"name":"Portada","item":"https:\/\/diariotextual.com\/inicio\/"},{"@type":"ListItem","position":2,"name":"Salen a la venta las entradas para ver a la Selecci\u00f3n en el Monumental"}]},{"@type":"WebSite","@id":"https:\/\/diariotextual.com\/inicio\/#website","url":"https:\/\/diariotextual.com\/inicio\/","name":"Diario Textual","description":"","publisher":{"@id":"https:\/\/diariotextual.com\/inicio\/#organization"},"potentialAction":[{"@type":"SearchAction","target":{"@type":"EntryPoint","urlTemplate":"https:\/\/diariotextual.com\/inicio\/?s={search_term_string}"},"query-input":{"@type":"PropertyValueSpecification","valueRequired":true,"valueName":"search_term_string"}}],"inLanguage":"es"},{"@type":"Organization","@id":"https:\/\/diariotextual.com\/inicio\/#organization","name":"Diario Textual","url":"https:\/\/diariotextual.com\/inicio\/","logo":{"@type":"ImageObject","inLanguage":"es","@id":"https:\/\/diariotextual.com\/inicio\/#\/schema\/logo\/image\/","url":"https:\/\/diariotextual.com\/inicio\/wp-content\/uploads\/2023\/05\/logotextual1.jpg","contentUrl":"https:\/\/diariotextual.com\/inicio\/wp-content\/uploads\/2023\/05\/logotextual1.jpg","width":516,"height":76,"caption":"Diario Textual"},"image":{"@id":"https:\/\/diariotextual.com\/inicio\/#\/schema\/logo\/image\/"},"sameAs":["https:\/\/www.facebook.com\/eltextual","https:\/\/x.com\/eltextual","http:\/\/www.instagram.com\/eltextual"]},{"@type":"Person","@id":"https:\/\/diariotextual.com\/inicio\/#\/schema\/person\/694f60677f23c4a530867a98f22b3768","name":"diario2","image":{"@type":"ImageObject","inLanguage":"es","@id":"https:\/\/secure.gravatar.com\/avatar\/5a2567495ba16b852fcd8f1ed006a2e24fcace936018ed8237e95f488ad6e0a7?s=96&d=mm&r=g","url":"https:\/\/secure.gravatar.com\/avatar\/5a2567495ba16b852fcd8f1ed006a2e24fcace936018ed8237e95f488ad6e0a7?s=96&d=mm&r=g","contentUrl":"https:\/\/secure.gravatar.com\/avatar\/5a2567495ba16b852fcd8f1ed006a2e24fcace936018ed8237e95f488ad6e0a7?s=96&d=mm&r=g","caption":"diario2"},"url":"https:\/\/diariotextual.com\/inicio\/index.php\/author\/diario2\/"}]}},"_links":{"self":[{"href":"https:\/\/diariotextual.com\/inicio\/index.php\/wp-json\/wp\/v2\/posts\/219099","targetHints":{"allow":["GET"]}}],"collection":[{"href":"https:\/\/diariotextual.com\/inicio\/index.php\/wp-json\/wp\/v2\/posts"}],"about":[{"href":"https:\/\/diariotextual.com\/inicio\/index.php\/wp-json\/wp\/v2\/types\/post"}],"author":[{"embeddable":true,"href":"https:\/\/diariotextual.com\/inicio\/index.php\/wp-json\/wp\/v2\/users\/4"}],"replies":[{"embeddable":true,"href":"https:\/\/diariotextual.com\/inicio\/index.php\/wp-json\/wp\/v2\/comments?post=219099"}],"version-history":[{"count":2,"href":"https:\/\/diariotextual.com\/inicio\/index.php\/wp-json\/wp\/v2\/posts\/219099\/revisions"}],"predecessor-version":[{"id":219124,"href":"https:\/\/diariotextual.com\/inicio\/index.php\/wp-json\/wp\/v2\/posts\/219099\/revisions\/219124"}],"wp:featuredmedia":[{"embeddable":true,"href":"https:\/\/diariotextual.com\/inicio\/index.php\/wp-json\/wp\/v2\/media\/210781"}],"wp:attachment":[{"href":"https:\/\/diariotextual.com\/inicio\/index.php\/wp-json\/wp\/v2\/media?parent=219099"}],"wp:term":[{"taxonomy":"category","embeddable":true,"href":"https:\/\/diariotextual.com\/inicio\/index.php\/wp-json\/wp\/v2\/categories?post=219099"},{"taxonomy":"post_tag","embeddable":true,"href":"https:\/\/diariotextual.com\/inicio\/index.php\/wp-json\/wp\/v2\/tags?post=219099"}],"curies":[{"name":"wp","href":"https:\/\/api.w.org\/{rel}","templated":true}]}}