{"id":219477,"date":"2023-03-20T12:56:11","date_gmt":"2023-03-20T15:56:11","guid":{"rendered":"https:\/\/diariotextual.com\/inicio\/?p=219477"},"modified":"2023-03-20T18:28:59","modified_gmt":"2023-03-20T21:28:59","slug":"denuncia-bullying-y-reclama-el-cambio-de-colegio-para-su-hija","status":"publish","type":"post","link":"https:\/\/diariotextual.com\/inicio\/index.php\/2023\/03\/20\/denuncia-bullying-y-reclama-el-cambio-de-colegio-para-su-hija\/","title":{"rendered":"Denuncia bullying y reclama el cambio de colegio para su hija"},"content":{"rendered":"\n<p>Sonia, madre de una estudiante de primer a\u00f1o de nivel secundario, denunci\u00f3 que<strong> su hija padece \u201cbullying y amenazas\u201d por lo que inici\u00f3 una campa\u00f1a para cambiarla de banco, primeramente, y ahora tambi\u00e9n de instituci\u00f3n<\/strong>. La v\u00edctima asiste al turno tarde del colegio Arturo Illia, de Santa Rosa.<\/p>\n\n\n\n<p>La progenitora record\u00f3 que el 23 de febrero present\u00f3 una nota ante el ministerio de Educaci\u00f3n redactando los motivos que la decidieron, aunque a\u00fan no obtuvo respuestas favorables. \u201cEn la nota expliqu\u00e9 por qu\u00e9 reclamo el cambio de banco, todo con el aval de estudios psicol\u00f3gicos que present\u00e9. Mi hija necesita contenci\u00f3n por \u2018antecedentes que tuvo\u2019 y me parec\u00eda mejor que siga cursando de ma\u00f1ana para que no tenga que soportar cambios tan bruscos\u201d, declar\u00f3 la mujer a Diario Textual.<\/p>\n\n\n\n<p>Pasaron los d\u00edas sin respuestas y la mujer impuls\u00f3 actas en la direcci\u00f3n de Secundaria, desde donde la enviaron a dialogar con autoridades del Illia. \u201cEn el colegio me respondieron que, si segu\u00eda con esta actitud, de intentar cambiar el banco, me iban a denunciar\u201d, declar\u00f3 la mujer, que dijo que se desempe\u00f1a en la Polic\u00eda.<\/p>\n\n\n\n<p>Mientras tanto, la v\u00edctima perdi\u00f3 los primeros ocho d\u00edas de clases del presente ciclo lectivo, por decisi\u00f3n familiar. Pero, como las respuestas no llegaron, debi\u00f3 concurrir la semana pasada al colegio. <strong>\u201cEl primer d\u00eda de clases sufri\u00f3 acoso: la trataron mal, le mancharon la ropa, por lo que hice una exposici\u00f3n\u201d<\/strong>, denunci\u00f3.<\/p>\n\n\n\n<p>\u201cPero en las \u00faltimas horas, incluso, <strong>recibi\u00f3 amenazas de chicas de otros a\u00f1os que le advirtieron sobre que la van a estar esperando para agredirla f\u00edsicamente\u201d<\/strong>. Ante esta nueva situaci\u00f3n anticip\u00f3 que este lunes acudir\u00e1 a Educaci\u00f3n para pedir el cambio de colegio. \u201cDe ninguna manera voy a permitir que lastimen a mi hija\u201d, concluy\u00f3.<\/p>\n","protected":false},"excerpt":{"rendered":"<p>Sonia, madre de una estudiante de primer a\u00f1o de nivel secundario, denunci\u00f3 que su hija padece \u201cbullying y amenazas\u201d por lo que inici\u00f3 una campa\u00f1a para cambiarla de banco, primeramente,&hellip;<\/p>\n","protected":false},"author":4,"featured_media":219479,"comment_status":"closed","ping_status":"open","sticky":false,"template":"","format":"standard","meta":{"_acf_changed":false,"footnotes":""},"categories":[1,12],"tags":[],"class_list":["post-219477","post","type-post","status-publish","format-standard","has-post-thumbnail","hentry","category-es-noticia","category-sociedad"],"acf":[],"yoast_head":"<!-- This site is optimized with the Yoast SEO plugin v27.5 - https:\/\/yoast.com\/product\/yoast-seo-wordpress\/ -->\n<title>Denuncia bullying y reclama el cambio de colegio para su hija - Diario Textual<\/title>\n<meta name=\"robots\" content=\"index, follow, max-snippet:-1, max-image-preview:large, max-video-preview:-1\" \/>\n<link rel=\"canonical\" href=\"https:\/\/diariotextual.com\/inicio\/index.php\/2023\/03\/20\/denuncia-bullying-y-reclama-el-cambio-de-colegio-para-su-hija\/\" \/>\n<meta property=\"og:locale\" content=\"es_ES\" \/>\n<meta property=\"og:type\" content=\"article\" \/>\n<meta property=\"og:title\" content=\"Denuncia bullying y reclama el cambio de colegio para su hija - Diario Textual\" \/>\n<meta property=\"og:description\" content=\"Sonia, madre de una estudiante de primer a\u00f1o de nivel secundario, denunci\u00f3 que su hija padece \u201cbullying y amenazas\u201d por lo que inici\u00f3 una campa\u00f1a para cambiarla de banco, primeramente,&hellip;\" \/>\n<meta property=\"og:url\" content=\"https:\/\/diariotextual.com\/inicio\/index.php\/2023\/03\/20\/denuncia-bullying-y-reclama-el-cambio-de-colegio-para-su-hija\/\" \/>\n<meta property=\"og:site_name\" content=\"Diario Textual\" \/>\n<meta property=\"article:publisher\" content=\"https:\/\/www.facebook.com\/eltextual\" \/>\n<meta property=\"article:published_time\" content=\"2023-03-20T15:56:11+00:00\" \/>\n<meta property=\"article:modified_time\" content=\"2023-03-20T21:28:59+00:00\" \/>\n<meta property=\"og:image\" content=\"https:\/\/diariotextual.com\/inicio\/wp-content\/uploads\/2023\/03\/bullyingcolegio3275.png\" \/>\n\t<meta property=\"og:image:width\" content=\"746\" \/>\n\t<meta property=\"og:image:height\" content=\"419\" \/>\n\t<meta property=\"og:image:type\" content=\"image\/png\" \/>\n<meta name=\"author\" content=\"diario2\" \/>\n<meta name=\"twitter:card\" content=\"summary_large_image\" \/>\n<meta name=\"twitter:creator\" content=\"@eltextual\" \/>\n<meta name=\"twitter:site\" content=\"@eltextual\" \/>\n<meta name=\"twitter:label1\" content=\"Escrito por\" \/>\n\t<meta name=\"twitter:data1\" content=\"diario2\" \/>\n\t<meta name=\"twitter:label2\" content=\"Tiempo de lectura\" \/>\n\t<meta name=\"twitter:data2\" content=\"2 minutos\" \/>\n<script type=\"application\/ld+json\" class=\"yoast-schema-graph\">{\"@context\":\"https:\\\/\\\/schema.org\",\"@graph\":[{\"@type\":\"Article\",\"@id\":\"https:\\\/\\\/diariotextual.com\\\/inicio\\\/index.php\\\/2023\\\/03\\\/20\\\/denuncia-bullying-y-reclama-el-cambio-de-colegio-para-su-hija\\\/#article\",\"isPartOf\":{\"@id\":\"https:\\\/\\\/diariotextual.com\\\/inicio\\\/index.php\\\/2023\\\/03\\\/20\\\/denuncia-bullying-y-reclama-el-cambio-de-colegio-para-su-hija\\\/\"},\"author\":{\"name\":\"diario2\",\"@id\":\"https:\\\/\\\/diariotextual.com\\\/inicio\\\/#\\\/schema\\\/person\\\/694f60677f23c4a530867a98f22b3768\"},\"headline\":\"Denuncia bullying y reclama el cambio de colegio para su hija\",\"datePublished\":\"2023-03-20T15:56:11+00:00\",\"dateModified\":\"2023-03-20T21:28:59+00:00\",\"mainEntityOfPage\":{\"@id\":\"https:\\\/\\\/diariotextual.com\\\/inicio\\\/index.php\\\/2023\\\/03\\\/20\\\/denuncia-bullying-y-reclama-el-cambio-de-colegio-para-su-hija\\\/\"},\"wordCount\":326,\"publisher\":{\"@id\":\"https:\\\/\\\/diariotextual.com\\\/inicio\\\/#organization\"},\"image\":{\"@id\":\"https:\\\/\\\/diariotextual.com\\\/inicio\\\/index.php\\\/2023\\\/03\\\/20\\\/denuncia-bullying-y-reclama-el-cambio-de-colegio-para-su-hija\\\/#primaryimage\"},\"thumbnailUrl\":\"https:\\\/\\\/diariotextual.com\\\/inicio\\\/wp-content\\\/uploads\\\/2023\\\/03\\\/bullyingcolegio3275.png\",\"articleSection\":[\"A - ES NOTICIA (van abajo)\",\"SOCIEDAD\"],\"inLanguage\":\"es\"},{\"@type\":\"WebPage\",\"@id\":\"https:\\\/\\\/diariotextual.com\\\/inicio\\\/index.php\\\/2023\\\/03\\\/20\\\/denuncia-bullying-y-reclama-el-cambio-de-colegio-para-su-hija\\\/\",\"url\":\"https:\\\/\\\/diariotextual.com\\\/inicio\\\/index.php\\\/2023\\\/03\\\/20\\\/denuncia-bullying-y-reclama-el-cambio-de-colegio-para-su-hija\\\/\",\"name\":\"Denuncia bullying y reclama el cambio de colegio para su hija - Diario Textual\",\"isPartOf\":{\"@id\":\"https:\\\/\\\/diariotextual.com\\\/inicio\\\/#website\"},\"primaryImageOfPage\":{\"@id\":\"https:\\\/\\\/diariotextual.com\\\/inicio\\\/index.php\\\/2023\\\/03\\\/20\\\/denuncia-bullying-y-reclama-el-cambio-de-colegio-para-su-hija\\\/#primaryimage\"},\"image\":{\"@id\":\"https:\\\/\\\/diariotextual.com\\\/inicio\\\/index.php\\\/2023\\\/03\\\/20\\\/denuncia-bullying-y-reclama-el-cambio-de-colegio-para-su-hija\\\/#primaryimage\"},\"thumbnailUrl\":\"https:\\\/\\\/diariotextual.com\\\/inicio\\\/wp-content\\\/uploads\\\/2023\\\/03\\\/bullyingcolegio3275.png\",\"datePublished\":\"2023-03-20T15:56:11+00:00\",\"dateModified\":\"2023-03-20T21:28:59+00:00\",\"breadcrumb\":{\"@id\":\"https:\\\/\\\/diariotextual.com\\\/inicio\\\/index.php\\\/2023\\\/03\\\/20\\\/denuncia-bullying-y-reclama-el-cambio-de-colegio-para-su-hija\\\/#breadcrumb\"},\"inLanguage\":\"es\",\"potentialAction\":[{\"@type\":\"ReadAction\",\"target\":[\"https:\\\/\\\/diariotextual.com\\\/inicio\\\/index.php\\\/2023\\\/03\\\/20\\\/denuncia-bullying-y-reclama-el-cambio-de-colegio-para-su-hija\\\/\"]}]},{\"@type\":\"ImageObject\",\"inLanguage\":\"es\",\"@id\":\"https:\\\/\\\/diariotextual.com\\\/inicio\\\/index.php\\\/2023\\\/03\\\/20\\\/denuncia-bullying-y-reclama-el-cambio-de-colegio-para-su-hija\\\/#primaryimage\",\"url\":\"https:\\\/\\\/diariotextual.com\\\/inicio\\\/wp-content\\\/uploads\\\/2023\\\/03\\\/bullyingcolegio3275.png\",\"contentUrl\":\"https:\\\/\\\/diariotextual.com\\\/inicio\\\/wp-content\\\/uploads\\\/2023\\\/03\\\/bullyingcolegio3275.png\",\"width\":746,\"height\":419},{\"@type\":\"BreadcrumbList\",\"@id\":\"https:\\\/\\\/diariotextual.com\\\/inicio\\\/index.php\\\/2023\\\/03\\\/20\\\/denuncia-bullying-y-reclama-el-cambio-de-colegio-para-su-hija\\\/#breadcrumb\",\"itemListElement\":[{\"@type\":\"ListItem\",\"position\":1,\"name\":\"Portada\",\"item\":\"https:\\\/\\\/diariotextual.com\\\/inicio\\\/\"},{\"@type\":\"ListItem\",\"position\":2,\"name\":\"Denuncia bullying y reclama el cambio de colegio para su hija\"}]},{\"@type\":\"WebSite\",\"@id\":\"https:\\\/\\\/diariotextual.com\\\/inicio\\\/#website\",\"url\":\"https:\\\/\\\/diariotextual.com\\\/inicio\\\/\",\"name\":\"Diario Textual\",\"description\":\"\",\"publisher\":{\"@id\":\"https:\\\/\\\/diariotextual.com\\\/inicio\\\/#organization\"},\"potentialAction\":[{\"@type\":\"SearchAction\",\"target\":{\"@type\":\"EntryPoint\",\"urlTemplate\":\"https:\\\/\\\/diariotextual.com\\\/inicio\\\/?s={search_term_string}\"},\"query-input\":{\"@type\":\"PropertyValueSpecification\",\"valueRequired\":true,\"valueName\":\"search_term_string\"}}],\"inLanguage\":\"es\"},{\"@type\":\"Organization\",\"@id\":\"https:\\\/\\\/diariotextual.com\\\/inicio\\\/#organization\",\"name\":\"Diario Textual\",\"url\":\"https:\\\/\\\/diariotextual.com\\\/inicio\\\/\",\"logo\":{\"@type\":\"ImageObject\",\"inLanguage\":\"es\",\"@id\":\"https:\\\/\\\/diariotextual.com\\\/inicio\\\/#\\\/schema\\\/logo\\\/image\\\/\",\"url\":\"https:\\\/\\\/diariotextual.com\\\/inicio\\\/wp-content\\\/uploads\\\/2023\\\/05\\\/logotextual1.jpg\",\"contentUrl\":\"https:\\\/\\\/diariotextual.com\\\/inicio\\\/wp-content\\\/uploads\\\/2023\\\/05\\\/logotextual1.jpg\",\"width\":516,\"height\":76,\"caption\":\"Diario Textual\"},\"image\":{\"@id\":\"https:\\\/\\\/diariotextual.com\\\/inicio\\\/#\\\/schema\\\/logo\\\/image\\\/\"},\"sameAs\":[\"https:\\\/\\\/www.facebook.com\\\/eltextual\",\"https:\\\/\\\/x.com\\\/eltextual\",\"http:\\\/\\\/www.instagram.com\\\/eltextual\"]},{\"@type\":\"Person\",\"@id\":\"https:\\\/\\\/diariotextual.com\\\/inicio\\\/#\\\/schema\\\/person\\\/694f60677f23c4a530867a98f22b3768\",\"name\":\"diario2\",\"image\":{\"@type\":\"ImageObject\",\"inLanguage\":\"es\",\"@id\":\"https:\\\/\\\/secure.gravatar.com\\\/avatar\\\/5a2567495ba16b852fcd8f1ed006a2e24fcace936018ed8237e95f488ad6e0a7?s=96&d=mm&r=g\",\"url\":\"https:\\\/\\\/secure.gravatar.com\\\/avatar\\\/5a2567495ba16b852fcd8f1ed006a2e24fcace936018ed8237e95f488ad6e0a7?s=96&d=mm&r=g\",\"contentUrl\":\"https:\\\/\\\/secure.gravatar.com\\\/avatar\\\/5a2567495ba16b852fcd8f1ed006a2e24fcace936018ed8237e95f488ad6e0a7?s=96&d=mm&r=g\",\"caption\":\"diario2\"},\"url\":\"https:\\\/\\\/diariotextual.com\\\/inicio\\\/index.php\\\/author\\\/diario2\\\/\"}]}<\/script>\n<!-- \/ Yoast SEO plugin. -->","yoast_head_json":{"title":"Denuncia bullying y reclama el cambio de colegio para su hija - Diario Textual","robots":{"index":"index","follow":"follow","max-snippet":"max-snippet:-1","max-image-preview":"max-image-preview:large","max-video-preview":"max-video-preview:-1"},"canonical":"https:\/\/diariotextual.com\/inicio\/index.php\/2023\/03\/20\/denuncia-bullying-y-reclama-el-cambio-de-colegio-para-su-hija\/","og_locale":"es_ES","og_type":"article","og_title":"Denuncia bullying y reclama el cambio de colegio para su hija - Diario Textual","og_description":"Sonia, madre de una estudiante de primer a\u00f1o de nivel secundario, denunci\u00f3 que su hija padece \u201cbullying y amenazas\u201d por lo que inici\u00f3 una campa\u00f1a para cambiarla de banco, primeramente,&hellip;","og_url":"https:\/\/diariotextual.com\/inicio\/index.php\/2023\/03\/20\/denuncia-bullying-y-reclama-el-cambio-de-colegio-para-su-hija\/","og_site_name":"Diario Textual","article_publisher":"https:\/\/www.facebook.com\/eltextual","article_published_time":"2023-03-20T15:56:11+00:00","article_modified_time":"2023-03-20T21:28:59+00:00","og_image":[{"width":746,"height":419,"url":"https:\/\/diariotextual.com\/inicio\/wp-content\/uploads\/2023\/03\/bullyingcolegio3275.png","type":"image\/png"}],"author":"diario2","twitter_card":"summary_large_image","twitter_creator":"@eltextual","twitter_site":"@eltextual","twitter_misc":{"Escrito por":"diario2","Tiempo de lectura":"2 minutos"},"schema":{"@context":"https:\/\/schema.org","@graph":[{"@type":"Article","@id":"https:\/\/diariotextual.com\/inicio\/index.php\/2023\/03\/20\/denuncia-bullying-y-reclama-el-cambio-de-colegio-para-su-hija\/#article","isPartOf":{"@id":"https:\/\/diariotextual.com\/inicio\/index.php\/2023\/03\/20\/denuncia-bullying-y-reclama-el-cambio-de-colegio-para-su-hija\/"},"author":{"name":"diario2","@id":"https:\/\/diariotextual.com\/inicio\/#\/schema\/person\/694f60677f23c4a530867a98f22b3768"},"headline":"Denuncia bullying y reclama el cambio de colegio para su hija","datePublished":"2023-03-20T15:56:11+00:00","dateModified":"2023-03-20T21:28:59+00:00","mainEntityOfPage":{"@id":"https:\/\/diariotextual.com\/inicio\/index.php\/2023\/03\/20\/denuncia-bullying-y-reclama-el-cambio-de-colegio-para-su-hija\/"},"wordCount":326,"publisher":{"@id":"https:\/\/diariotextual.com\/inicio\/#organization"},"image":{"@id":"https:\/\/diariotextual.com\/inicio\/index.php\/2023\/03\/20\/denuncia-bullying-y-reclama-el-cambio-de-colegio-para-su-hija\/#primaryimage"},"thumbnailUrl":"https:\/\/diariotextual.com\/inicio\/wp-content\/uploads\/2023\/03\/bullyingcolegio3275.png","articleSection":["A - ES NOTICIA (van abajo)","SOCIEDAD"],"inLanguage":"es"},{"@type":"WebPage","@id":"https:\/\/diariotextual.com\/inicio\/index.php\/2023\/03\/20\/denuncia-bullying-y-reclama-el-cambio-de-colegio-para-su-hija\/","url":"https:\/\/diariotextual.com\/inicio\/index.php\/2023\/03\/20\/denuncia-bullying-y-reclama-el-cambio-de-colegio-para-su-hija\/","name":"Denuncia bullying y reclama el cambio de colegio para su hija - Diario Textual","isPartOf":{"@id":"https:\/\/diariotextual.com\/inicio\/#website"},"primaryImageOfPage":{"@id":"https:\/\/diariotextual.com\/inicio\/index.php\/2023\/03\/20\/denuncia-bullying-y-reclama-el-cambio-de-colegio-para-su-hija\/#primaryimage"},"image":{"@id":"https:\/\/diariotextual.com\/inicio\/index.php\/2023\/03\/20\/denuncia-bullying-y-reclama-el-cambio-de-colegio-para-su-hija\/#primaryimage"},"thumbnailUrl":"https:\/\/diariotextual.com\/inicio\/wp-content\/uploads\/2023\/03\/bullyingcolegio3275.png","datePublished":"2023-03-20T15:56:11+00:00","dateModified":"2023-03-20T21:28:59+00:00","breadcrumb":{"@id":"https:\/\/diariotextual.com\/inicio\/index.php\/2023\/03\/20\/denuncia-bullying-y-reclama-el-cambio-de-colegio-para-su-hija\/#breadcrumb"},"inLanguage":"es","potentialAction":[{"@type":"ReadAction","target":["https:\/\/diariotextual.com\/inicio\/index.php\/2023\/03\/20\/denuncia-bullying-y-reclama-el-cambio-de-colegio-para-su-hija\/"]}]},{"@type":"ImageObject","inLanguage":"es","@id":"https:\/\/diariotextual.com\/inicio\/index.php\/2023\/03\/20\/denuncia-bullying-y-reclama-el-cambio-de-colegio-para-su-hija\/#primaryimage","url":"https:\/\/diariotextual.com\/inicio\/wp-content\/uploads\/2023\/03\/bullyingcolegio3275.png","contentUrl":"https:\/\/diariotextual.com\/inicio\/wp-content\/uploads\/2023\/03\/bullyingcolegio3275.png","width":746,"height":419},{"@type":"BreadcrumbList","@id":"https:\/\/diariotextual.com\/inicio\/index.php\/2023\/03\/20\/denuncia-bullying-y-reclama-el-cambio-de-colegio-para-su-hija\/#breadcrumb","itemListElement":[{"@type":"ListItem","position":1,"name":"Portada","item":"https:\/\/diariotextual.com\/inicio\/"},{"@type":"ListItem","position":2,"name":"Denuncia bullying y reclama el cambio de colegio para su hija"}]},{"@type":"WebSite","@id":"https:\/\/diariotextual.com\/inicio\/#website","url":"https:\/\/diariotextual.com\/inicio\/","name":"Diario Textual","description":"","publisher":{"@id":"https:\/\/diariotextual.com\/inicio\/#organization"},"potentialAction":[{"@type":"SearchAction","target":{"@type":"EntryPoint","urlTemplate":"https:\/\/diariotextual.com\/inicio\/?s={search_term_string}"},"query-input":{"@type":"PropertyValueSpecification","valueRequired":true,"valueName":"search_term_string"}}],"inLanguage":"es"},{"@type":"Organization","@id":"https:\/\/diariotextual.com\/inicio\/#organization","name":"Diario Textual","url":"https:\/\/diariotextual.com\/inicio\/","logo":{"@type":"ImageObject","inLanguage":"es","@id":"https:\/\/diariotextual.com\/inicio\/#\/schema\/logo\/image\/","url":"https:\/\/diariotextual.com\/inicio\/wp-content\/uploads\/2023\/05\/logotextual1.jpg","contentUrl":"https:\/\/diariotextual.com\/inicio\/wp-content\/uploads\/2023\/05\/logotextual1.jpg","width":516,"height":76,"caption":"Diario Textual"},"image":{"@id":"https:\/\/diariotextual.com\/inicio\/#\/schema\/logo\/image\/"},"sameAs":["https:\/\/www.facebook.com\/eltextual","https:\/\/x.com\/eltextual","http:\/\/www.instagram.com\/eltextual"]},{"@type":"Person","@id":"https:\/\/diariotextual.com\/inicio\/#\/schema\/person\/694f60677f23c4a530867a98f22b3768","name":"diario2","image":{"@type":"ImageObject","inLanguage":"es","@id":"https:\/\/secure.gravatar.com\/avatar\/5a2567495ba16b852fcd8f1ed006a2e24fcace936018ed8237e95f488ad6e0a7?s=96&d=mm&r=g","url":"https:\/\/secure.gravatar.com\/avatar\/5a2567495ba16b852fcd8f1ed006a2e24fcace936018ed8237e95f488ad6e0a7?s=96&d=mm&r=g","contentUrl":"https:\/\/secure.gravatar.com\/avatar\/5a2567495ba16b852fcd8f1ed006a2e24fcace936018ed8237e95f488ad6e0a7?s=96&d=mm&r=g","caption":"diario2"},"url":"https:\/\/diariotextual.com\/inicio\/index.php\/author\/diario2\/"}]}},"_links":{"self":[{"href":"https:\/\/diariotextual.com\/inicio\/index.php\/wp-json\/wp\/v2\/posts\/219477","targetHints":{"allow":["GET"]}}],"collection":[{"href":"https:\/\/diariotextual.com\/inicio\/index.php\/wp-json\/wp\/v2\/posts"}],"about":[{"href":"https:\/\/diariotextual.com\/inicio\/index.php\/wp-json\/wp\/v2\/types\/post"}],"author":[{"embeddable":true,"href":"https:\/\/diariotextual.com\/inicio\/index.php\/wp-json\/wp\/v2\/users\/4"}],"replies":[{"embeddable":true,"href":"https:\/\/diariotextual.com\/inicio\/index.php\/wp-json\/wp\/v2\/comments?post=219477"}],"version-history":[{"count":2,"href":"https:\/\/diariotextual.com\/inicio\/index.php\/wp-json\/wp\/v2\/posts\/219477\/revisions"}],"predecessor-version":[{"id":219480,"href":"https:\/\/diariotextual.com\/inicio\/index.php\/wp-json\/wp\/v2\/posts\/219477\/revisions\/219480"}],"wp:featuredmedia":[{"embeddable":true,"href":"https:\/\/diariotextual.com\/inicio\/index.php\/wp-json\/wp\/v2\/media\/219479"}],"wp:attachment":[{"href":"https:\/\/diariotextual.com\/inicio\/index.php\/wp-json\/wp\/v2\/media?parent=219477"}],"wp:term":[{"taxonomy":"category","embeddable":true,"href":"https:\/\/diariotextual.com\/inicio\/index.php\/wp-json\/wp\/v2\/categories?post=219477"},{"taxonomy":"post_tag","embeddable":true,"href":"https:\/\/diariotextual.com\/inicio\/index.php\/wp-json\/wp\/v2\/tags?post=219477"}],"curies":[{"name":"wp","href":"https:\/\/api.w.org\/{rel}","templated":true}]}}