{"id":219541,"date":"2023-03-21T07:02:29","date_gmt":"2023-03-21T10:02:29","guid":{"rendered":"https:\/\/diariotextual.com\/inicio\/?p=219541"},"modified":"2023-03-21T07:02:31","modified_gmt":"2023-03-21T10:02:31","slug":"messi-ceno-con-su-familia-en-una-parrilla-y-revoluciono-a-los-hinchas-en-palermo","status":"publish","type":"post","link":"https:\/\/diariotextual.com\/inicio\/index.php\/2023\/03\/21\/messi-ceno-con-su-familia-en-una-parrilla-y-revoluciono-a-los-hinchas-en-palermo\/","title":{"rendered":"Messi cen\u00f3 con su familia en una parrilla y revolucion\u00f3 a los hinchas en Palermo"},"content":{"rendered":"\n<p>El capit\u00e1n de la Selecci\u00f3n argentina,&nbsp;Lionel Messi, cen\u00f3 este lunes por la noche en un restaurante del barrio porte\u00f1o de Palermo con su familia y un grupo de hinchas se junt\u00f3 en la puerta del lugar para ovacionarlo.<\/p>\n\n\n\n<p>La presencia del rosarino en el pa\u00eds se da, a d\u00edas del partido amistoso entre la Albiceleste y Panam\u00e1, que se disputar\u00e1 en el Monumental.<\/p>\n\n\n\n<blockquote class=\"twitter-tweet\"><p lang=\"es\" dir=\"ltr\">Messi va a una parrilla de Palermo y se genera esta locura absoluta. Muchachos\u2026 ahora nos volvimos a ilusionar. H\u00e9roes de por vida. &#x1f1e6;&#x1f1f7;&#x1f3c6;<a href=\"https:\/\/t.co\/SQDp6hOenM\">pic.twitter.com\/SQDp6hOenM<\/a><\/p>&mdash; &#x1f1e6;&#x1f1f7; Manu Mart\u00edn (@Soymanumartin) <a href=\"https:\/\/twitter.com\/Soymanumartin\/status\/1638020815672188929?ref_src=twsrc%5Etfw\">March 21, 2023<\/a><\/blockquote> <script async src=\"https:\/\/platform.twitter.com\/widgets.js\" charset=\"utf-8\"><\/script>\n\n\n\n<p>Las redes sociales mostraron a trav\u00e9s de videos la multitud de fan\u00e1ticos que fueron a la puerta de la parrilla&nbsp;Don Julio&nbsp;para ovacionar al campe\u00f3n del mundo, en la esquina de Guatemala y Gurruchaga.<\/p>\n\n\n\n<p>Adem\u00e1s, lleg\u00f3 a verse im\u00e1genes que tom\u00f3 un hincha, mientras el futbolista de PSG arribaba al lugar. La noticia de que Messi estaba all\u00ed no tard\u00f3 en difundirse y&nbsp;la esquina comenz\u00f3 a llenarse.<\/p>\n\n\n\n<p>Messi lleg\u00f3 a la Argentina este lunes&nbsp;junto a otros compa\u00f1eros para afrontar el primer compromiso ante Panam\u00e1, que se jugar\u00e1 el jueves 23 a las 21. Luego, tendr\u00e1 un segundo partido, ante&nbsp;Curazao, para el martes 28, en el estadio Madre de Ciudades, en Santiago del Estero.<\/p>\n","protected":false},"excerpt":{"rendered":"<p>El capit\u00e1n de la Selecci\u00f3n argentina,&nbsp;Lionel Messi, cen\u00f3 este lunes por la noche en un restaurante del barrio porte\u00f1o de Palermo con su familia y un grupo de hinchas se&hellip;<\/p>\n","protected":false},"author":4,"featured_media":219542,"comment_status":"closed","ping_status":"open","sticky":false,"template":"","format":"standard","meta":{"_acf_changed":false,"footnotes":""},"categories":[1,3],"tags":[],"class_list":["post-219541","post","type-post","status-publish","format-standard","has-post-thumbnail","hentry","category-es-noticia","category-deportes"],"acf":[],"yoast_head":"<!-- This site is optimized with the Yoast SEO plugin v27.5 - https:\/\/yoast.com\/product\/yoast-seo-wordpress\/ -->\n<title>Messi cen\u00f3 con su familia en una parrilla y revolucion\u00f3 a los hinchas en Palermo - Diario Textual<\/title>\n<meta name=\"robots\" content=\"index, follow, max-snippet:-1, max-image-preview:large, max-video-preview:-1\" \/>\n<link rel=\"canonical\" href=\"https:\/\/diariotextual.com\/inicio\/index.php\/2023\/03\/21\/messi-ceno-con-su-familia-en-una-parrilla-y-revoluciono-a-los-hinchas-en-palermo\/\" \/>\n<meta property=\"og:locale\" content=\"es_ES\" \/>\n<meta property=\"og:type\" content=\"article\" \/>\n<meta property=\"og:title\" content=\"Messi cen\u00f3 con su familia en una parrilla y revolucion\u00f3 a los hinchas en Palermo - Diario Textual\" \/>\n<meta property=\"og:description\" content=\"El capit\u00e1n de la Selecci\u00f3n argentina,&nbsp;Lionel Messi, cen\u00f3 este lunes por la noche en un restaurante del barrio porte\u00f1o de Palermo con su familia y un grupo de hinchas se&hellip;\" \/>\n<meta property=\"og:url\" content=\"https:\/\/diariotextual.com\/inicio\/index.php\/2023\/03\/21\/messi-ceno-con-su-familia-en-una-parrilla-y-revoluciono-a-los-hinchas-en-palermo\/\" \/>\n<meta property=\"og:site_name\" content=\"Diario Textual\" \/>\n<meta property=\"article:publisher\" content=\"https:\/\/www.facebook.com\/eltextual\" \/>\n<meta property=\"article:published_time\" content=\"2023-03-21T10:02:29+00:00\" \/>\n<meta property=\"article:modified_time\" content=\"2023-03-21T10:02:31+00:00\" \/>\n<meta property=\"og:image\" content=\"https:\/\/diariotextual.com\/inicio\/wp-content\/uploads\/2023\/03\/messiparrillapalermo5.jpg\" \/>\n\t<meta property=\"og:image:width\" content=\"760\" \/>\n\t<meta property=\"og:image:height\" content=\"469\" \/>\n\t<meta property=\"og:image:type\" content=\"image\/jpeg\" \/>\n<meta name=\"author\" content=\"diario2\" \/>\n<meta name=\"twitter:card\" content=\"summary_large_image\" \/>\n<meta name=\"twitter:creator\" content=\"@eltextual\" \/>\n<meta name=\"twitter:site\" content=\"@eltextual\" \/>\n<meta name=\"twitter:label1\" content=\"Escrito por\" \/>\n\t<meta name=\"twitter:data1\" content=\"diario2\" \/>\n\t<meta name=\"twitter:label2\" content=\"Tiempo de lectura\" \/>\n\t<meta name=\"twitter:data2\" content=\"1 minuto\" \/>\n<script type=\"application\/ld+json\" class=\"yoast-schema-graph\">{\"@context\":\"https:\\\/\\\/schema.org\",\"@graph\":[{\"@type\":\"Article\",\"@id\":\"https:\\\/\\\/diariotextual.com\\\/inicio\\\/index.php\\\/2023\\\/03\\\/21\\\/messi-ceno-con-su-familia-en-una-parrilla-y-revoluciono-a-los-hinchas-en-palermo\\\/#article\",\"isPartOf\":{\"@id\":\"https:\\\/\\\/diariotextual.com\\\/inicio\\\/index.php\\\/2023\\\/03\\\/21\\\/messi-ceno-con-su-familia-en-una-parrilla-y-revoluciono-a-los-hinchas-en-palermo\\\/\"},\"author\":{\"name\":\"diario2\",\"@id\":\"https:\\\/\\\/diariotextual.com\\\/inicio\\\/#\\\/schema\\\/person\\\/694f60677f23c4a530867a98f22b3768\"},\"headline\":\"Messi cen\u00f3 con su familia en una parrilla y revolucion\u00f3 a los hinchas en Palermo\",\"datePublished\":\"2023-03-21T10:02:29+00:00\",\"dateModified\":\"2023-03-21T10:02:31+00:00\",\"mainEntityOfPage\":{\"@id\":\"https:\\\/\\\/diariotextual.com\\\/inicio\\\/index.php\\\/2023\\\/03\\\/21\\\/messi-ceno-con-su-familia-en-una-parrilla-y-revoluciono-a-los-hinchas-en-palermo\\\/\"},\"wordCount\":260,\"publisher\":{\"@id\":\"https:\\\/\\\/diariotextual.com\\\/inicio\\\/#organization\"},\"image\":{\"@id\":\"https:\\\/\\\/diariotextual.com\\\/inicio\\\/index.php\\\/2023\\\/03\\\/21\\\/messi-ceno-con-su-familia-en-una-parrilla-y-revoluciono-a-los-hinchas-en-palermo\\\/#primaryimage\"},\"thumbnailUrl\":\"https:\\\/\\\/diariotextual.com\\\/inicio\\\/wp-content\\\/uploads\\\/2023\\\/03\\\/messiparrillapalermo5.jpg\",\"articleSection\":[\"A - ES NOTICIA (van abajo)\",\"DEPORTES\"],\"inLanguage\":\"es\"},{\"@type\":\"WebPage\",\"@id\":\"https:\\\/\\\/diariotextual.com\\\/inicio\\\/index.php\\\/2023\\\/03\\\/21\\\/messi-ceno-con-su-familia-en-una-parrilla-y-revoluciono-a-los-hinchas-en-palermo\\\/\",\"url\":\"https:\\\/\\\/diariotextual.com\\\/inicio\\\/index.php\\\/2023\\\/03\\\/21\\\/messi-ceno-con-su-familia-en-una-parrilla-y-revoluciono-a-los-hinchas-en-palermo\\\/\",\"name\":\"Messi cen\u00f3 con su familia en una parrilla y revolucion\u00f3 a los hinchas en Palermo - Diario Textual\",\"isPartOf\":{\"@id\":\"https:\\\/\\\/diariotextual.com\\\/inicio\\\/#website\"},\"primaryImageOfPage\":{\"@id\":\"https:\\\/\\\/diariotextual.com\\\/inicio\\\/index.php\\\/2023\\\/03\\\/21\\\/messi-ceno-con-su-familia-en-una-parrilla-y-revoluciono-a-los-hinchas-en-palermo\\\/#primaryimage\"},\"image\":{\"@id\":\"https:\\\/\\\/diariotextual.com\\\/inicio\\\/index.php\\\/2023\\\/03\\\/21\\\/messi-ceno-con-su-familia-en-una-parrilla-y-revoluciono-a-los-hinchas-en-palermo\\\/#primaryimage\"},\"thumbnailUrl\":\"https:\\\/\\\/diariotextual.com\\\/inicio\\\/wp-content\\\/uploads\\\/2023\\\/03\\\/messiparrillapalermo5.jpg\",\"datePublished\":\"2023-03-21T10:02:29+00:00\",\"dateModified\":\"2023-03-21T10:02:31+00:00\",\"breadcrumb\":{\"@id\":\"https:\\\/\\\/diariotextual.com\\\/inicio\\\/index.php\\\/2023\\\/03\\\/21\\\/messi-ceno-con-su-familia-en-una-parrilla-y-revoluciono-a-los-hinchas-en-palermo\\\/#breadcrumb\"},\"inLanguage\":\"es\",\"potentialAction\":[{\"@type\":\"ReadAction\",\"target\":[\"https:\\\/\\\/diariotextual.com\\\/inicio\\\/index.php\\\/2023\\\/03\\\/21\\\/messi-ceno-con-su-familia-en-una-parrilla-y-revoluciono-a-los-hinchas-en-palermo\\\/\"]}]},{\"@type\":\"ImageObject\",\"inLanguage\":\"es\",\"@id\":\"https:\\\/\\\/diariotextual.com\\\/inicio\\\/index.php\\\/2023\\\/03\\\/21\\\/messi-ceno-con-su-familia-en-una-parrilla-y-revoluciono-a-los-hinchas-en-palermo\\\/#primaryimage\",\"url\":\"https:\\\/\\\/diariotextual.com\\\/inicio\\\/wp-content\\\/uploads\\\/2023\\\/03\\\/messiparrillapalermo5.jpg\",\"contentUrl\":\"https:\\\/\\\/diariotextual.com\\\/inicio\\\/wp-content\\\/uploads\\\/2023\\\/03\\\/messiparrillapalermo5.jpg\",\"width\":760,\"height\":469},{\"@type\":\"BreadcrumbList\",\"@id\":\"https:\\\/\\\/diariotextual.com\\\/inicio\\\/index.php\\\/2023\\\/03\\\/21\\\/messi-ceno-con-su-familia-en-una-parrilla-y-revoluciono-a-los-hinchas-en-palermo\\\/#breadcrumb\",\"itemListElement\":[{\"@type\":\"ListItem\",\"position\":1,\"name\":\"Portada\",\"item\":\"https:\\\/\\\/diariotextual.com\\\/inicio\\\/\"},{\"@type\":\"ListItem\",\"position\":2,\"name\":\"Messi cen\u00f3 con su familia en una parrilla y revolucion\u00f3 a los hinchas en Palermo\"}]},{\"@type\":\"WebSite\",\"@id\":\"https:\\\/\\\/diariotextual.com\\\/inicio\\\/#website\",\"url\":\"https:\\\/\\\/diariotextual.com\\\/inicio\\\/\",\"name\":\"Diario Textual\",\"description\":\"\",\"publisher\":{\"@id\":\"https:\\\/\\\/diariotextual.com\\\/inicio\\\/#organization\"},\"potentialAction\":[{\"@type\":\"SearchAction\",\"target\":{\"@type\":\"EntryPoint\",\"urlTemplate\":\"https:\\\/\\\/diariotextual.com\\\/inicio\\\/?s={search_term_string}\"},\"query-input\":{\"@type\":\"PropertyValueSpecification\",\"valueRequired\":true,\"valueName\":\"search_term_string\"}}],\"inLanguage\":\"es\"},{\"@type\":\"Organization\",\"@id\":\"https:\\\/\\\/diariotextual.com\\\/inicio\\\/#organization\",\"name\":\"Diario Textual\",\"url\":\"https:\\\/\\\/diariotextual.com\\\/inicio\\\/\",\"logo\":{\"@type\":\"ImageObject\",\"inLanguage\":\"es\",\"@id\":\"https:\\\/\\\/diariotextual.com\\\/inicio\\\/#\\\/schema\\\/logo\\\/image\\\/\",\"url\":\"https:\\\/\\\/diariotextual.com\\\/inicio\\\/wp-content\\\/uploads\\\/2023\\\/05\\\/logotextual1.jpg\",\"contentUrl\":\"https:\\\/\\\/diariotextual.com\\\/inicio\\\/wp-content\\\/uploads\\\/2023\\\/05\\\/logotextual1.jpg\",\"width\":516,\"height\":76,\"caption\":\"Diario Textual\"},\"image\":{\"@id\":\"https:\\\/\\\/diariotextual.com\\\/inicio\\\/#\\\/schema\\\/logo\\\/image\\\/\"},\"sameAs\":[\"https:\\\/\\\/www.facebook.com\\\/eltextual\",\"https:\\\/\\\/x.com\\\/eltextual\",\"http:\\\/\\\/www.instagram.com\\\/eltextual\"]},{\"@type\":\"Person\",\"@id\":\"https:\\\/\\\/diariotextual.com\\\/inicio\\\/#\\\/schema\\\/person\\\/694f60677f23c4a530867a98f22b3768\",\"name\":\"diario2\",\"image\":{\"@type\":\"ImageObject\",\"inLanguage\":\"es\",\"@id\":\"https:\\\/\\\/secure.gravatar.com\\\/avatar\\\/5a2567495ba16b852fcd8f1ed006a2e24fcace936018ed8237e95f488ad6e0a7?s=96&d=mm&r=g\",\"url\":\"https:\\\/\\\/secure.gravatar.com\\\/avatar\\\/5a2567495ba16b852fcd8f1ed006a2e24fcace936018ed8237e95f488ad6e0a7?s=96&d=mm&r=g\",\"contentUrl\":\"https:\\\/\\\/secure.gravatar.com\\\/avatar\\\/5a2567495ba16b852fcd8f1ed006a2e24fcace936018ed8237e95f488ad6e0a7?s=96&d=mm&r=g\",\"caption\":\"diario2\"},\"url\":\"https:\\\/\\\/diariotextual.com\\\/inicio\\\/index.php\\\/author\\\/diario2\\\/\"}]}<\/script>\n<!-- \/ Yoast SEO plugin. -->","yoast_head_json":{"title":"Messi cen\u00f3 con su familia en una parrilla y revolucion\u00f3 a los hinchas en Palermo - Diario Textual","robots":{"index":"index","follow":"follow","max-snippet":"max-snippet:-1","max-image-preview":"max-image-preview:large","max-video-preview":"max-video-preview:-1"},"canonical":"https:\/\/diariotextual.com\/inicio\/index.php\/2023\/03\/21\/messi-ceno-con-su-familia-en-una-parrilla-y-revoluciono-a-los-hinchas-en-palermo\/","og_locale":"es_ES","og_type":"article","og_title":"Messi cen\u00f3 con su familia en una parrilla y revolucion\u00f3 a los hinchas en Palermo - Diario Textual","og_description":"El capit\u00e1n de la Selecci\u00f3n argentina,&nbsp;Lionel Messi, cen\u00f3 este lunes por la noche en un restaurante del barrio porte\u00f1o de Palermo con su familia y un grupo de hinchas se&hellip;","og_url":"https:\/\/diariotextual.com\/inicio\/index.php\/2023\/03\/21\/messi-ceno-con-su-familia-en-una-parrilla-y-revoluciono-a-los-hinchas-en-palermo\/","og_site_name":"Diario Textual","article_publisher":"https:\/\/www.facebook.com\/eltextual","article_published_time":"2023-03-21T10:02:29+00:00","article_modified_time":"2023-03-21T10:02:31+00:00","og_image":[{"width":760,"height":469,"url":"https:\/\/diariotextual.com\/inicio\/wp-content\/uploads\/2023\/03\/messiparrillapalermo5.jpg","type":"image\/jpeg"}],"author":"diario2","twitter_card":"summary_large_image","twitter_creator":"@eltextual","twitter_site":"@eltextual","twitter_misc":{"Escrito por":"diario2","Tiempo de lectura":"1 minuto"},"schema":{"@context":"https:\/\/schema.org","@graph":[{"@type":"Article","@id":"https:\/\/diariotextual.com\/inicio\/index.php\/2023\/03\/21\/messi-ceno-con-su-familia-en-una-parrilla-y-revoluciono-a-los-hinchas-en-palermo\/#article","isPartOf":{"@id":"https:\/\/diariotextual.com\/inicio\/index.php\/2023\/03\/21\/messi-ceno-con-su-familia-en-una-parrilla-y-revoluciono-a-los-hinchas-en-palermo\/"},"author":{"name":"diario2","@id":"https:\/\/diariotextual.com\/inicio\/#\/schema\/person\/694f60677f23c4a530867a98f22b3768"},"headline":"Messi cen\u00f3 con su familia en una parrilla y revolucion\u00f3 a los hinchas en Palermo","datePublished":"2023-03-21T10:02:29+00:00","dateModified":"2023-03-21T10:02:31+00:00","mainEntityOfPage":{"@id":"https:\/\/diariotextual.com\/inicio\/index.php\/2023\/03\/21\/messi-ceno-con-su-familia-en-una-parrilla-y-revoluciono-a-los-hinchas-en-palermo\/"},"wordCount":260,"publisher":{"@id":"https:\/\/diariotextual.com\/inicio\/#organization"},"image":{"@id":"https:\/\/diariotextual.com\/inicio\/index.php\/2023\/03\/21\/messi-ceno-con-su-familia-en-una-parrilla-y-revoluciono-a-los-hinchas-en-palermo\/#primaryimage"},"thumbnailUrl":"https:\/\/diariotextual.com\/inicio\/wp-content\/uploads\/2023\/03\/messiparrillapalermo5.jpg","articleSection":["A - ES NOTICIA (van abajo)","DEPORTES"],"inLanguage":"es"},{"@type":"WebPage","@id":"https:\/\/diariotextual.com\/inicio\/index.php\/2023\/03\/21\/messi-ceno-con-su-familia-en-una-parrilla-y-revoluciono-a-los-hinchas-en-palermo\/","url":"https:\/\/diariotextual.com\/inicio\/index.php\/2023\/03\/21\/messi-ceno-con-su-familia-en-una-parrilla-y-revoluciono-a-los-hinchas-en-palermo\/","name":"Messi cen\u00f3 con su familia en una parrilla y revolucion\u00f3 a los hinchas en Palermo - Diario Textual","isPartOf":{"@id":"https:\/\/diariotextual.com\/inicio\/#website"},"primaryImageOfPage":{"@id":"https:\/\/diariotextual.com\/inicio\/index.php\/2023\/03\/21\/messi-ceno-con-su-familia-en-una-parrilla-y-revoluciono-a-los-hinchas-en-palermo\/#primaryimage"},"image":{"@id":"https:\/\/diariotextual.com\/inicio\/index.php\/2023\/03\/21\/messi-ceno-con-su-familia-en-una-parrilla-y-revoluciono-a-los-hinchas-en-palermo\/#primaryimage"},"thumbnailUrl":"https:\/\/diariotextual.com\/inicio\/wp-content\/uploads\/2023\/03\/messiparrillapalermo5.jpg","datePublished":"2023-03-21T10:02:29+00:00","dateModified":"2023-03-21T10:02:31+00:00","breadcrumb":{"@id":"https:\/\/diariotextual.com\/inicio\/index.php\/2023\/03\/21\/messi-ceno-con-su-familia-en-una-parrilla-y-revoluciono-a-los-hinchas-en-palermo\/#breadcrumb"},"inLanguage":"es","potentialAction":[{"@type":"ReadAction","target":["https:\/\/diariotextual.com\/inicio\/index.php\/2023\/03\/21\/messi-ceno-con-su-familia-en-una-parrilla-y-revoluciono-a-los-hinchas-en-palermo\/"]}]},{"@type":"ImageObject","inLanguage":"es","@id":"https:\/\/diariotextual.com\/inicio\/index.php\/2023\/03\/21\/messi-ceno-con-su-familia-en-una-parrilla-y-revoluciono-a-los-hinchas-en-palermo\/#primaryimage","url":"https:\/\/diariotextual.com\/inicio\/wp-content\/uploads\/2023\/03\/messiparrillapalermo5.jpg","contentUrl":"https:\/\/diariotextual.com\/inicio\/wp-content\/uploads\/2023\/03\/messiparrillapalermo5.jpg","width":760,"height":469},{"@type":"BreadcrumbList","@id":"https:\/\/diariotextual.com\/inicio\/index.php\/2023\/03\/21\/messi-ceno-con-su-familia-en-una-parrilla-y-revoluciono-a-los-hinchas-en-palermo\/#breadcrumb","itemListElement":[{"@type":"ListItem","position":1,"name":"Portada","item":"https:\/\/diariotextual.com\/inicio\/"},{"@type":"ListItem","position":2,"name":"Messi cen\u00f3 con su familia en una parrilla y revolucion\u00f3 a los hinchas en Palermo"}]},{"@type":"WebSite","@id":"https:\/\/diariotextual.com\/inicio\/#website","url":"https:\/\/diariotextual.com\/inicio\/","name":"Diario Textual","description":"","publisher":{"@id":"https:\/\/diariotextual.com\/inicio\/#organization"},"potentialAction":[{"@type":"SearchAction","target":{"@type":"EntryPoint","urlTemplate":"https:\/\/diariotextual.com\/inicio\/?s={search_term_string}"},"query-input":{"@type":"PropertyValueSpecification","valueRequired":true,"valueName":"search_term_string"}}],"inLanguage":"es"},{"@type":"Organization","@id":"https:\/\/diariotextual.com\/inicio\/#organization","name":"Diario Textual","url":"https:\/\/diariotextual.com\/inicio\/","logo":{"@type":"ImageObject","inLanguage":"es","@id":"https:\/\/diariotextual.com\/inicio\/#\/schema\/logo\/image\/","url":"https:\/\/diariotextual.com\/inicio\/wp-content\/uploads\/2023\/05\/logotextual1.jpg","contentUrl":"https:\/\/diariotextual.com\/inicio\/wp-content\/uploads\/2023\/05\/logotextual1.jpg","width":516,"height":76,"caption":"Diario Textual"},"image":{"@id":"https:\/\/diariotextual.com\/inicio\/#\/schema\/logo\/image\/"},"sameAs":["https:\/\/www.facebook.com\/eltextual","https:\/\/x.com\/eltextual","http:\/\/www.instagram.com\/eltextual"]},{"@type":"Person","@id":"https:\/\/diariotextual.com\/inicio\/#\/schema\/person\/694f60677f23c4a530867a98f22b3768","name":"diario2","image":{"@type":"ImageObject","inLanguage":"es","@id":"https:\/\/secure.gravatar.com\/avatar\/5a2567495ba16b852fcd8f1ed006a2e24fcace936018ed8237e95f488ad6e0a7?s=96&d=mm&r=g","url":"https:\/\/secure.gravatar.com\/avatar\/5a2567495ba16b852fcd8f1ed006a2e24fcace936018ed8237e95f488ad6e0a7?s=96&d=mm&r=g","contentUrl":"https:\/\/secure.gravatar.com\/avatar\/5a2567495ba16b852fcd8f1ed006a2e24fcace936018ed8237e95f488ad6e0a7?s=96&d=mm&r=g","caption":"diario2"},"url":"https:\/\/diariotextual.com\/inicio\/index.php\/author\/diario2\/"}]}},"_links":{"self":[{"href":"https:\/\/diariotextual.com\/inicio\/index.php\/wp-json\/wp\/v2\/posts\/219541","targetHints":{"allow":["GET"]}}],"collection":[{"href":"https:\/\/diariotextual.com\/inicio\/index.php\/wp-json\/wp\/v2\/posts"}],"about":[{"href":"https:\/\/diariotextual.com\/inicio\/index.php\/wp-json\/wp\/v2\/types\/post"}],"author":[{"embeddable":true,"href":"https:\/\/diariotextual.com\/inicio\/index.php\/wp-json\/wp\/v2\/users\/4"}],"replies":[{"embeddable":true,"href":"https:\/\/diariotextual.com\/inicio\/index.php\/wp-json\/wp\/v2\/comments?post=219541"}],"version-history":[{"count":1,"href":"https:\/\/diariotextual.com\/inicio\/index.php\/wp-json\/wp\/v2\/posts\/219541\/revisions"}],"predecessor-version":[{"id":219544,"href":"https:\/\/diariotextual.com\/inicio\/index.php\/wp-json\/wp\/v2\/posts\/219541\/revisions\/219544"}],"wp:featuredmedia":[{"embeddable":true,"href":"https:\/\/diariotextual.com\/inicio\/index.php\/wp-json\/wp\/v2\/media\/219542"}],"wp:attachment":[{"href":"https:\/\/diariotextual.com\/inicio\/index.php\/wp-json\/wp\/v2\/media?parent=219541"}],"wp:term":[{"taxonomy":"category","embeddable":true,"href":"https:\/\/diariotextual.com\/inicio\/index.php\/wp-json\/wp\/v2\/categories?post=219541"},{"taxonomy":"post_tag","embeddable":true,"href":"https:\/\/diariotextual.com\/inicio\/index.php\/wp-json\/wp\/v2\/tags?post=219541"}],"curies":[{"name":"wp","href":"https:\/\/api.w.org\/{rel}","templated":true}]}}