{"id":219622,"date":"2023-03-21T17:48:13","date_gmt":"2023-03-21T20:48:13","guid":{"rendered":"https:\/\/diariotextual.com\/inicio\/?p=219622"},"modified":"2023-03-21T17:48:14","modified_gmt":"2023-03-21T20:48:14","slug":"scaloni-nos-ven-como-heroes-y-eso-es-una-alegria-enorme","status":"publish","type":"post","link":"https:\/\/diariotextual.com\/inicio\/index.php\/2023\/03\/21\/scaloni-nos-ven-como-heroes-y-eso-es-una-alegria-enorme\/","title":{"rendered":"Scaloni: \u201cNos ven como h\u00e9roes y eso es una alegr\u00eda enorme\u201d"},"content":{"rendered":"\n<p>El entrenador de la Selecci\u00f3n argentina<strong>, Lionel Scaloni<\/strong>, palpit\u00f3 el recibimiento de los hinchas al plantel tras la consagraci\u00f3n mundialista y asegur\u00f3 que los <strong>\u201cven como h\u00e9roes y eso es una alegr\u00eda enorme\u201d<\/strong>, al mismo tiempo destac\u00f3 que sus dirigidos <strong>deben continuar \u201csiendo competitivos\u201d.<\/strong><\/p>\n\n\n\n<p>\u201cPara los que tuvimos la oportunidad de estar por las calles de Argentina la verdad que siento una alegr\u00eda enorme. <strong>La gente est\u00e1 contenta y nos ven, de alguna manera, como h\u00e9roes. Nos pone contento porque les dimos una alegr\u00eda y todav\u00eda dura. Me gustar\u00eda que los chicos de la Selecci\u00f3n tambi\u00e9n puedan salir y vivir el reconocimiento de la gente\u201d<\/strong>, coment\u00f3 Scaloni en conferencia de prense en el predio de AFA.<\/p>\n\n\n\n<p>En el mismo sentido, agreg\u00f3: \u201cMe gusta que se vea que la Selecci\u00f3n argentina es de todos, que vengan con esta alegr\u00eda con este entusiasmo, como si fuera la primera vez. Me gusta que los hinchas vean que los jugadores son unos m\u00e1s de ellos\u201d.<\/p>\n\n\n\n<p>Adem\u00e1s, revel\u00f3 que le dijo al plantel en el reencuentro: \u201cLes volv\u00ed a agradecer a ellos por haber conseguido el t\u00edtulo, ahora son d\u00edas de festejos, pero esto sigue. Ahora nos van a costar m\u00e1s que nunca porque nos van a querer ganar mucho m\u00e1s. Necesitamos una energ\u00eda de todos mucho mayor porque ser\u00e1 todo m\u00e1s dif\u00edcil\u201d.<\/p>\n\n\n\n<p>Por otra parte, <strong>Scaloni lament\u00f3 las bajas de Alejandro G\u00f3mez y Alejandro Garnacho, y fue tajante sobre la forma en la que van a encarar la doble fecha FIFA:<\/strong>\u201dSon una l\u00e1stima las dos ausencias. Sobretodo la de \u201cPapu\u201d (G\u00f3mez), que merec\u00eda estar. Es entendible que no lo dejen venir, pero haremos todo lo posible para que pueda estar un d\u00eda con nosotros o dos\u201d.<\/p>\n\n\n\n<p>\u201cConfiamos en que Garnacho pueda estar en la siguiente convocatoria, es un chico en el que tenemos puestas muchas esperanzas\u201d, remarc\u00f3 sobre el futbolista de Manchester United que fue buscado nuevamente por Espa\u00f1a y se neg\u00f3 ante la convocatoria de Argentina.<\/p>\n\n\n\n<p><strong>\u201cEl partido se encara de la misma manera que encaramos todos. La camiseta Argentina no permite que no des el m\u00e1ximo. El festejo y todo eso est\u00e1 bueno, pero nosotros en la cancha tenemos que hacer nuestro trabajo\u201d,<\/strong> a\u00f1adi\u00f3 sobre los partidos que la \u201cScaloneta\u201d deber\u00e1 afrontar ante Panam\u00e1 y Curazao.<\/p>\n\n\n\n<p>En cuanto a ausencias se refiere, la convocatoria de Mateo Retegui a la selecci\u00f3n de Italia gener\u00f3 debate, y Scaloni no anduvo con rodeos y dej\u00f3 en clara su postura ante la decisi\u00f3n del atacante de Tigre: \u201cYo soy partidario de no intentar convencer a nadie y, a lo mejor, arruinar algo si no estamos decididos a convocarlo\u201d.<\/p>\n\n\n\n<p>\u201cPas\u00f3 con Marcos Senesi, que le dijimos que quiz\u00e1s lo \u00edbamos a convocar. No tiene sentido cortar una trayectoria o cortarle una carrera. En ese puesto tenemos chicos que creemos que est\u00e1n bien. A futuro se ver\u00e1 si le pegu\u00e9 o no le pegu\u00e9\u201d, analiz\u00f3 el t\u00e9cnico de 44 a\u00f1os.<\/p>\n\n\n\n<p>Posteriormente, hizo hincapi\u00e9 en la <strong>continuidad de Lionel Messi en la Selecci\u00f3n nacional <\/strong>y las chances de que llegue al Mundial 2026 en Estados Unidos, M\u00e9xico y Canad\u00e1: \u201cLeo est\u00e1 bien, est\u00e1 para jugar, para seguir viniendo y hasta que \u00e9l no diga lo contrario seguiremos. Cu\u00e1ndo el cambie de postura yo intentar\u00e9 convencerlo\u201d.<\/p>\n\n\n\n<p>Ante la consulta sobre que Selecci\u00f3n es la mejor de la historia, Scaloni evit\u00f3 generar una nueva grieta entre los campeones del mundo en 1978, 1986 y 2022: \u201cLo de (Rodrigo) De Paul fue un simple comentario, creo que es una tonter\u00eda discutir cu\u00e1l es la mejor Selecci\u00f3n de la historia. Estamos acostumbrado a debatir cosas que no tienen sentido. Si me pregunt\u00e1s a m\u00ed, yo me quedo con las tres\u201d.<\/p>\n\n\n\n<p>Con respecto a la <strong>pr\u00f3xima edici\u00f3n de la Copa del Mundo<\/strong>, la cual tendr\u00e1 como principal novedad el cambio de formato ya que dejar\u00e1n de ser 32 pa\u00edses los clasificados para competir 48, el entrenador \u201cAlbiceleste\u201d expres\u00f3: \u201cEn principio para Sudam\u00e9rica son m\u00e1s plazas, ser\u00e1 un partido m\u00e1s. Pero aunque quiera modificarlo el f\u00fatbol es siempre el mismo. Nos tocar\u00e1 igual una Eliminatoria muy complicada pero estamos preparados para competir\u201d.<\/p>\n\n\n\n<p>Por \u00faltimo, Scaloni cerr\u00f3 la conferencia de prensa a pura risas, ya que defini\u00f3 lo que genera en la gente el termino \u201cScaloneta\u201d: \u201cEn su momento dije que no me gustaba mucho la idea. Hay gente que en la calle me llaman Scaloneta, en lugar de Lionel, al menos que recuerden el apellido de mi padre, Scaloni, ja\u201d. y agreg\u00f3: \u201cNo est\u00e1 bueno, pero si a la gente le gusta no puedo decir nada\u201d.<\/p>\n","protected":false},"excerpt":{"rendered":"<p>El entrenador de la Selecci\u00f3n argentina, Lionel Scaloni, palpit\u00f3 el recibimiento de los hinchas al plantel tras la consagraci\u00f3n mundialista y asegur\u00f3 que los \u201cven como h\u00e9roes y eso es&hellip;<\/p>\n","protected":false},"author":4,"featured_media":44888,"comment_status":"closed","ping_status":"open","sticky":false,"template":"","format":"standard","meta":{"_acf_changed":false,"footnotes":""},"categories":[1,3],"tags":[],"class_list":["post-219622","post","type-post","status-publish","format-standard","has-post-thumbnail","hentry","category-es-noticia","category-deportes"],"acf":[],"yoast_head":"<!-- This site is optimized with the Yoast SEO plugin v27.5 - https:\/\/yoast.com\/product\/yoast-seo-wordpress\/ -->\n<title>Scaloni: \u201cNos ven como h\u00e9roes y eso es una alegr\u00eda enorme\u201d - Diario Textual<\/title>\n<meta name=\"robots\" content=\"index, follow, max-snippet:-1, max-image-preview:large, max-video-preview:-1\" \/>\n<link rel=\"canonical\" href=\"https:\/\/diariotextual.com\/inicio\/index.php\/2023\/03\/21\/scaloni-nos-ven-como-heroes-y-eso-es-una-alegria-enorme\/\" \/>\n<meta property=\"og:locale\" content=\"es_ES\" \/>\n<meta property=\"og:type\" content=\"article\" \/>\n<meta property=\"og:title\" content=\"Scaloni: \u201cNos ven como h\u00e9roes y eso es una alegr\u00eda enorme\u201d - Diario Textual\" \/>\n<meta property=\"og:description\" content=\"El entrenador de la Selecci\u00f3n argentina, Lionel Scaloni, palpit\u00f3 el recibimiento de los hinchas al plantel tras la consagraci\u00f3n mundialista y asegur\u00f3 que los \u201cven como h\u00e9roes y eso es&hellip;\" \/>\n<meta property=\"og:url\" content=\"https:\/\/diariotextual.com\/inicio\/index.php\/2023\/03\/21\/scaloni-nos-ven-como-heroes-y-eso-es-una-alegria-enorme\/\" \/>\n<meta property=\"og:site_name\" content=\"Diario Textual\" \/>\n<meta property=\"article:publisher\" content=\"https:\/\/www.facebook.com\/eltextual\" \/>\n<meta property=\"article:published_time\" content=\"2023-03-21T20:48:13+00:00\" \/>\n<meta property=\"article:modified_time\" content=\"2023-03-21T20:48:14+00:00\" \/>\n<meta property=\"og:image\" content=\"https:\/\/diariotextual.com\/inicio\/wp-content\/uploads\/2019\/04\/scaloni.jpg\" \/>\n\t<meta property=\"og:image:width\" content=\"1004\" \/>\n\t<meta property=\"og:image:height\" content=\"564\" \/>\n\t<meta property=\"og:image:type\" content=\"image\/jpeg\" \/>\n<meta name=\"author\" content=\"diario2\" \/>\n<meta name=\"twitter:card\" content=\"summary_large_image\" \/>\n<meta name=\"twitter:creator\" content=\"@eltextual\" \/>\n<meta name=\"twitter:site\" content=\"@eltextual\" \/>\n<meta name=\"twitter:label1\" content=\"Escrito por\" \/>\n\t<meta name=\"twitter:data1\" content=\"diario2\" \/>\n\t<meta name=\"twitter:label2\" content=\"Tiempo de lectura\" \/>\n\t<meta name=\"twitter:data2\" content=\"4 minutos\" \/>\n<script type=\"application\/ld+json\" class=\"yoast-schema-graph\">{\"@context\":\"https:\\\/\\\/schema.org\",\"@graph\":[{\"@type\":\"Article\",\"@id\":\"https:\\\/\\\/diariotextual.com\\\/inicio\\\/index.php\\\/2023\\\/03\\\/21\\\/scaloni-nos-ven-como-heroes-y-eso-es-una-alegria-enorme\\\/#article\",\"isPartOf\":{\"@id\":\"https:\\\/\\\/diariotextual.com\\\/inicio\\\/index.php\\\/2023\\\/03\\\/21\\\/scaloni-nos-ven-como-heroes-y-eso-es-una-alegria-enorme\\\/\"},\"author\":{\"name\":\"diario2\",\"@id\":\"https:\\\/\\\/diariotextual.com\\\/inicio\\\/#\\\/schema\\\/person\\\/694f60677f23c4a530867a98f22b3768\"},\"headline\":\"Scaloni: \u201cNos ven como h\u00e9roes y eso es una alegr\u00eda enorme\u201d\",\"datePublished\":\"2023-03-21T20:48:13+00:00\",\"dateModified\":\"2023-03-21T20:48:14+00:00\",\"mainEntityOfPage\":{\"@id\":\"https:\\\/\\\/diariotextual.com\\\/inicio\\\/index.php\\\/2023\\\/03\\\/21\\\/scaloni-nos-ven-como-heroes-y-eso-es-una-alegria-enorme\\\/\"},\"wordCount\":810,\"publisher\":{\"@id\":\"https:\\\/\\\/diariotextual.com\\\/inicio\\\/#organization\"},\"image\":{\"@id\":\"https:\\\/\\\/diariotextual.com\\\/inicio\\\/index.php\\\/2023\\\/03\\\/21\\\/scaloni-nos-ven-como-heroes-y-eso-es-una-alegria-enorme\\\/#primaryimage\"},\"thumbnailUrl\":\"https:\\\/\\\/diariotextual.com\\\/inicio\\\/wp-content\\\/uploads\\\/2019\\\/04\\\/scaloni.jpg\",\"articleSection\":[\"A - ES NOTICIA (van abajo)\",\"DEPORTES\"],\"inLanguage\":\"es\"},{\"@type\":\"WebPage\",\"@id\":\"https:\\\/\\\/diariotextual.com\\\/inicio\\\/index.php\\\/2023\\\/03\\\/21\\\/scaloni-nos-ven-como-heroes-y-eso-es-una-alegria-enorme\\\/\",\"url\":\"https:\\\/\\\/diariotextual.com\\\/inicio\\\/index.php\\\/2023\\\/03\\\/21\\\/scaloni-nos-ven-como-heroes-y-eso-es-una-alegria-enorme\\\/\",\"name\":\"Scaloni: \u201cNos ven como h\u00e9roes y eso es una alegr\u00eda enorme\u201d - Diario Textual\",\"isPartOf\":{\"@id\":\"https:\\\/\\\/diariotextual.com\\\/inicio\\\/#website\"},\"primaryImageOfPage\":{\"@id\":\"https:\\\/\\\/diariotextual.com\\\/inicio\\\/index.php\\\/2023\\\/03\\\/21\\\/scaloni-nos-ven-como-heroes-y-eso-es-una-alegria-enorme\\\/#primaryimage\"},\"image\":{\"@id\":\"https:\\\/\\\/diariotextual.com\\\/inicio\\\/index.php\\\/2023\\\/03\\\/21\\\/scaloni-nos-ven-como-heroes-y-eso-es-una-alegria-enorme\\\/#primaryimage\"},\"thumbnailUrl\":\"https:\\\/\\\/diariotextual.com\\\/inicio\\\/wp-content\\\/uploads\\\/2019\\\/04\\\/scaloni.jpg\",\"datePublished\":\"2023-03-21T20:48:13+00:00\",\"dateModified\":\"2023-03-21T20:48:14+00:00\",\"breadcrumb\":{\"@id\":\"https:\\\/\\\/diariotextual.com\\\/inicio\\\/index.php\\\/2023\\\/03\\\/21\\\/scaloni-nos-ven-como-heroes-y-eso-es-una-alegria-enorme\\\/#breadcrumb\"},\"inLanguage\":\"es\",\"potentialAction\":[{\"@type\":\"ReadAction\",\"target\":[\"https:\\\/\\\/diariotextual.com\\\/inicio\\\/index.php\\\/2023\\\/03\\\/21\\\/scaloni-nos-ven-como-heroes-y-eso-es-una-alegria-enorme\\\/\"]}]},{\"@type\":\"ImageObject\",\"inLanguage\":\"es\",\"@id\":\"https:\\\/\\\/diariotextual.com\\\/inicio\\\/index.php\\\/2023\\\/03\\\/21\\\/scaloni-nos-ven-como-heroes-y-eso-es-una-alegria-enorme\\\/#primaryimage\",\"url\":\"https:\\\/\\\/diariotextual.com\\\/inicio\\\/wp-content\\\/uploads\\\/2019\\\/04\\\/scaloni.jpg\",\"contentUrl\":\"https:\\\/\\\/diariotextual.com\\\/inicio\\\/wp-content\\\/uploads\\\/2019\\\/04\\\/scaloni.jpg\",\"width\":1004,\"height\":564},{\"@type\":\"BreadcrumbList\",\"@id\":\"https:\\\/\\\/diariotextual.com\\\/inicio\\\/index.php\\\/2023\\\/03\\\/21\\\/scaloni-nos-ven-como-heroes-y-eso-es-una-alegria-enorme\\\/#breadcrumb\",\"itemListElement\":[{\"@type\":\"ListItem\",\"position\":1,\"name\":\"Portada\",\"item\":\"https:\\\/\\\/diariotextual.com\\\/inicio\\\/\"},{\"@type\":\"ListItem\",\"position\":2,\"name\":\"Scaloni: \u201cNos ven como h\u00e9roes y eso es una alegr\u00eda enorme\u201d\"}]},{\"@type\":\"WebSite\",\"@id\":\"https:\\\/\\\/diariotextual.com\\\/inicio\\\/#website\",\"url\":\"https:\\\/\\\/diariotextual.com\\\/inicio\\\/\",\"name\":\"Diario Textual\",\"description\":\"\",\"publisher\":{\"@id\":\"https:\\\/\\\/diariotextual.com\\\/inicio\\\/#organization\"},\"potentialAction\":[{\"@type\":\"SearchAction\",\"target\":{\"@type\":\"EntryPoint\",\"urlTemplate\":\"https:\\\/\\\/diariotextual.com\\\/inicio\\\/?s={search_term_string}\"},\"query-input\":{\"@type\":\"PropertyValueSpecification\",\"valueRequired\":true,\"valueName\":\"search_term_string\"}}],\"inLanguage\":\"es\"},{\"@type\":\"Organization\",\"@id\":\"https:\\\/\\\/diariotextual.com\\\/inicio\\\/#organization\",\"name\":\"Diario Textual\",\"url\":\"https:\\\/\\\/diariotextual.com\\\/inicio\\\/\",\"logo\":{\"@type\":\"ImageObject\",\"inLanguage\":\"es\",\"@id\":\"https:\\\/\\\/diariotextual.com\\\/inicio\\\/#\\\/schema\\\/logo\\\/image\\\/\",\"url\":\"https:\\\/\\\/diariotextual.com\\\/inicio\\\/wp-content\\\/uploads\\\/2023\\\/05\\\/logotextual1.jpg\",\"contentUrl\":\"https:\\\/\\\/diariotextual.com\\\/inicio\\\/wp-content\\\/uploads\\\/2023\\\/05\\\/logotextual1.jpg\",\"width\":516,\"height\":76,\"caption\":\"Diario Textual\"},\"image\":{\"@id\":\"https:\\\/\\\/diariotextual.com\\\/inicio\\\/#\\\/schema\\\/logo\\\/image\\\/\"},\"sameAs\":[\"https:\\\/\\\/www.facebook.com\\\/eltextual\",\"https:\\\/\\\/x.com\\\/eltextual\",\"http:\\\/\\\/www.instagram.com\\\/eltextual\"]},{\"@type\":\"Person\",\"@id\":\"https:\\\/\\\/diariotextual.com\\\/inicio\\\/#\\\/schema\\\/person\\\/694f60677f23c4a530867a98f22b3768\",\"name\":\"diario2\",\"image\":{\"@type\":\"ImageObject\",\"inLanguage\":\"es\",\"@id\":\"https:\\\/\\\/secure.gravatar.com\\\/avatar\\\/5a2567495ba16b852fcd8f1ed006a2e24fcace936018ed8237e95f488ad6e0a7?s=96&d=mm&r=g\",\"url\":\"https:\\\/\\\/secure.gravatar.com\\\/avatar\\\/5a2567495ba16b852fcd8f1ed006a2e24fcace936018ed8237e95f488ad6e0a7?s=96&d=mm&r=g\",\"contentUrl\":\"https:\\\/\\\/secure.gravatar.com\\\/avatar\\\/5a2567495ba16b852fcd8f1ed006a2e24fcace936018ed8237e95f488ad6e0a7?s=96&d=mm&r=g\",\"caption\":\"diario2\"},\"url\":\"https:\\\/\\\/diariotextual.com\\\/inicio\\\/index.php\\\/author\\\/diario2\\\/\"}]}<\/script>\n<!-- \/ Yoast SEO plugin. -->","yoast_head_json":{"title":"Scaloni: \u201cNos ven como h\u00e9roes y eso es una alegr\u00eda enorme\u201d - Diario Textual","robots":{"index":"index","follow":"follow","max-snippet":"max-snippet:-1","max-image-preview":"max-image-preview:large","max-video-preview":"max-video-preview:-1"},"canonical":"https:\/\/diariotextual.com\/inicio\/index.php\/2023\/03\/21\/scaloni-nos-ven-como-heroes-y-eso-es-una-alegria-enorme\/","og_locale":"es_ES","og_type":"article","og_title":"Scaloni: \u201cNos ven como h\u00e9roes y eso es una alegr\u00eda enorme\u201d - Diario Textual","og_description":"El entrenador de la Selecci\u00f3n argentina, Lionel Scaloni, palpit\u00f3 el recibimiento de los hinchas al plantel tras la consagraci\u00f3n mundialista y asegur\u00f3 que los \u201cven como h\u00e9roes y eso es&hellip;","og_url":"https:\/\/diariotextual.com\/inicio\/index.php\/2023\/03\/21\/scaloni-nos-ven-como-heroes-y-eso-es-una-alegria-enorme\/","og_site_name":"Diario Textual","article_publisher":"https:\/\/www.facebook.com\/eltextual","article_published_time":"2023-03-21T20:48:13+00:00","article_modified_time":"2023-03-21T20:48:14+00:00","og_image":[{"width":1004,"height":564,"url":"https:\/\/diariotextual.com\/inicio\/wp-content\/uploads\/2019\/04\/scaloni.jpg","type":"image\/jpeg"}],"author":"diario2","twitter_card":"summary_large_image","twitter_creator":"@eltextual","twitter_site":"@eltextual","twitter_misc":{"Escrito por":"diario2","Tiempo de lectura":"4 minutos"},"schema":{"@context":"https:\/\/schema.org","@graph":[{"@type":"Article","@id":"https:\/\/diariotextual.com\/inicio\/index.php\/2023\/03\/21\/scaloni-nos-ven-como-heroes-y-eso-es-una-alegria-enorme\/#article","isPartOf":{"@id":"https:\/\/diariotextual.com\/inicio\/index.php\/2023\/03\/21\/scaloni-nos-ven-como-heroes-y-eso-es-una-alegria-enorme\/"},"author":{"name":"diario2","@id":"https:\/\/diariotextual.com\/inicio\/#\/schema\/person\/694f60677f23c4a530867a98f22b3768"},"headline":"Scaloni: \u201cNos ven como h\u00e9roes y eso es una alegr\u00eda enorme\u201d","datePublished":"2023-03-21T20:48:13+00:00","dateModified":"2023-03-21T20:48:14+00:00","mainEntityOfPage":{"@id":"https:\/\/diariotextual.com\/inicio\/index.php\/2023\/03\/21\/scaloni-nos-ven-como-heroes-y-eso-es-una-alegria-enorme\/"},"wordCount":810,"publisher":{"@id":"https:\/\/diariotextual.com\/inicio\/#organization"},"image":{"@id":"https:\/\/diariotextual.com\/inicio\/index.php\/2023\/03\/21\/scaloni-nos-ven-como-heroes-y-eso-es-una-alegria-enorme\/#primaryimage"},"thumbnailUrl":"https:\/\/diariotextual.com\/inicio\/wp-content\/uploads\/2019\/04\/scaloni.jpg","articleSection":["A - ES NOTICIA (van abajo)","DEPORTES"],"inLanguage":"es"},{"@type":"WebPage","@id":"https:\/\/diariotextual.com\/inicio\/index.php\/2023\/03\/21\/scaloni-nos-ven-como-heroes-y-eso-es-una-alegria-enorme\/","url":"https:\/\/diariotextual.com\/inicio\/index.php\/2023\/03\/21\/scaloni-nos-ven-como-heroes-y-eso-es-una-alegria-enorme\/","name":"Scaloni: \u201cNos ven como h\u00e9roes y eso es una alegr\u00eda enorme\u201d - Diario Textual","isPartOf":{"@id":"https:\/\/diariotextual.com\/inicio\/#website"},"primaryImageOfPage":{"@id":"https:\/\/diariotextual.com\/inicio\/index.php\/2023\/03\/21\/scaloni-nos-ven-como-heroes-y-eso-es-una-alegria-enorme\/#primaryimage"},"image":{"@id":"https:\/\/diariotextual.com\/inicio\/index.php\/2023\/03\/21\/scaloni-nos-ven-como-heroes-y-eso-es-una-alegria-enorme\/#primaryimage"},"thumbnailUrl":"https:\/\/diariotextual.com\/inicio\/wp-content\/uploads\/2019\/04\/scaloni.jpg","datePublished":"2023-03-21T20:48:13+00:00","dateModified":"2023-03-21T20:48:14+00:00","breadcrumb":{"@id":"https:\/\/diariotextual.com\/inicio\/index.php\/2023\/03\/21\/scaloni-nos-ven-como-heroes-y-eso-es-una-alegria-enorme\/#breadcrumb"},"inLanguage":"es","potentialAction":[{"@type":"ReadAction","target":["https:\/\/diariotextual.com\/inicio\/index.php\/2023\/03\/21\/scaloni-nos-ven-como-heroes-y-eso-es-una-alegria-enorme\/"]}]},{"@type":"ImageObject","inLanguage":"es","@id":"https:\/\/diariotextual.com\/inicio\/index.php\/2023\/03\/21\/scaloni-nos-ven-como-heroes-y-eso-es-una-alegria-enorme\/#primaryimage","url":"https:\/\/diariotextual.com\/inicio\/wp-content\/uploads\/2019\/04\/scaloni.jpg","contentUrl":"https:\/\/diariotextual.com\/inicio\/wp-content\/uploads\/2019\/04\/scaloni.jpg","width":1004,"height":564},{"@type":"BreadcrumbList","@id":"https:\/\/diariotextual.com\/inicio\/index.php\/2023\/03\/21\/scaloni-nos-ven-como-heroes-y-eso-es-una-alegria-enorme\/#breadcrumb","itemListElement":[{"@type":"ListItem","position":1,"name":"Portada","item":"https:\/\/diariotextual.com\/inicio\/"},{"@type":"ListItem","position":2,"name":"Scaloni: \u201cNos ven como h\u00e9roes y eso es una alegr\u00eda enorme\u201d"}]},{"@type":"WebSite","@id":"https:\/\/diariotextual.com\/inicio\/#website","url":"https:\/\/diariotextual.com\/inicio\/","name":"Diario Textual","description":"","publisher":{"@id":"https:\/\/diariotextual.com\/inicio\/#organization"},"potentialAction":[{"@type":"SearchAction","target":{"@type":"EntryPoint","urlTemplate":"https:\/\/diariotextual.com\/inicio\/?s={search_term_string}"},"query-input":{"@type":"PropertyValueSpecification","valueRequired":true,"valueName":"search_term_string"}}],"inLanguage":"es"},{"@type":"Organization","@id":"https:\/\/diariotextual.com\/inicio\/#organization","name":"Diario Textual","url":"https:\/\/diariotextual.com\/inicio\/","logo":{"@type":"ImageObject","inLanguage":"es","@id":"https:\/\/diariotextual.com\/inicio\/#\/schema\/logo\/image\/","url":"https:\/\/diariotextual.com\/inicio\/wp-content\/uploads\/2023\/05\/logotextual1.jpg","contentUrl":"https:\/\/diariotextual.com\/inicio\/wp-content\/uploads\/2023\/05\/logotextual1.jpg","width":516,"height":76,"caption":"Diario Textual"},"image":{"@id":"https:\/\/diariotextual.com\/inicio\/#\/schema\/logo\/image\/"},"sameAs":["https:\/\/www.facebook.com\/eltextual","https:\/\/x.com\/eltextual","http:\/\/www.instagram.com\/eltextual"]},{"@type":"Person","@id":"https:\/\/diariotextual.com\/inicio\/#\/schema\/person\/694f60677f23c4a530867a98f22b3768","name":"diario2","image":{"@type":"ImageObject","inLanguage":"es","@id":"https:\/\/secure.gravatar.com\/avatar\/5a2567495ba16b852fcd8f1ed006a2e24fcace936018ed8237e95f488ad6e0a7?s=96&d=mm&r=g","url":"https:\/\/secure.gravatar.com\/avatar\/5a2567495ba16b852fcd8f1ed006a2e24fcace936018ed8237e95f488ad6e0a7?s=96&d=mm&r=g","contentUrl":"https:\/\/secure.gravatar.com\/avatar\/5a2567495ba16b852fcd8f1ed006a2e24fcace936018ed8237e95f488ad6e0a7?s=96&d=mm&r=g","caption":"diario2"},"url":"https:\/\/diariotextual.com\/inicio\/index.php\/author\/diario2\/"}]}},"_links":{"self":[{"href":"https:\/\/diariotextual.com\/inicio\/index.php\/wp-json\/wp\/v2\/posts\/219622","targetHints":{"allow":["GET"]}}],"collection":[{"href":"https:\/\/diariotextual.com\/inicio\/index.php\/wp-json\/wp\/v2\/posts"}],"about":[{"href":"https:\/\/diariotextual.com\/inicio\/index.php\/wp-json\/wp\/v2\/types\/post"}],"author":[{"embeddable":true,"href":"https:\/\/diariotextual.com\/inicio\/index.php\/wp-json\/wp\/v2\/users\/4"}],"replies":[{"embeddable":true,"href":"https:\/\/diariotextual.com\/inicio\/index.php\/wp-json\/wp\/v2\/comments?post=219622"}],"version-history":[{"count":1,"href":"https:\/\/diariotextual.com\/inicio\/index.php\/wp-json\/wp\/v2\/posts\/219622\/revisions"}],"predecessor-version":[{"id":219623,"href":"https:\/\/diariotextual.com\/inicio\/index.php\/wp-json\/wp\/v2\/posts\/219622\/revisions\/219623"}],"wp:featuredmedia":[{"embeddable":true,"href":"https:\/\/diariotextual.com\/inicio\/index.php\/wp-json\/wp\/v2\/media\/44888"}],"wp:attachment":[{"href":"https:\/\/diariotextual.com\/inicio\/index.php\/wp-json\/wp\/v2\/media?parent=219622"}],"wp:term":[{"taxonomy":"category","embeddable":true,"href":"https:\/\/diariotextual.com\/inicio\/index.php\/wp-json\/wp\/v2\/categories?post=219622"},{"taxonomy":"post_tag","embeddable":true,"href":"https:\/\/diariotextual.com\/inicio\/index.php\/wp-json\/wp\/v2\/tags?post=219622"}],"curies":[{"name":"wp","href":"https:\/\/api.w.org\/{rel}","templated":true}]}}