{"id":219649,"date":"2023-03-21T21:59:27","date_gmt":"2023-03-22T00:59:27","guid":{"rendered":"https:\/\/diariotextual.com\/inicio\/?p=219649"},"modified":"2023-03-22T08:49:29","modified_gmt":"2023-03-22T11:49:29","slug":"cristina-no-me-interesa-si-me-van-a-meter-presa-sino-reconstruir-un-estado-democratico","status":"publish","type":"post","link":"https:\/\/diariotextual.com\/inicio\/index.php\/2023\/03\/21\/cristina-no-me-interesa-si-me-van-a-meter-presa-sino-reconstruir-un-estado-democratico\/","title":{"rendered":"Cristina: \u201cNo me interesa si me van a meter presa, sino reconstruir un Estado democr\u00e1tico\u201d"},"content":{"rendered":"\n<p>La vicepresidenta <strong>Cristina Fern\u00e1ndez de Kirchner<\/strong> disert\u00f3 en el evento \u201cVoluntad popular y democracia\u201d, en el marco del III Foro Mundial de Derechos Humanos que se realiza en el CCK, en la Ciudad de Buenos Aires, desde este lunes.<\/p>\n\n\n\n<p>Asegur\u00f3 que es \u201cnecesario recuperar un sistema judicial\u201d para \u201cenfrentar los dramas de nuestro tiempo\u201d y \u201cvolver a construir un pa\u00eds que alguna vez tuvimos\u201d con un \u201cEstado democr\u00e1tico y constitucional\u201d.<\/p>\n\n\n\n<p><strong>\u201cNo me interesa si me van a condenar, inhabilitar o meter presa. Me importa que volvamos a construir un Estado democr\u00e1tico y constitucional en el cual las garant\u00edas no sean cart\u00f3n pintado. Me interesa volver a construir un pa\u00eds que alguna vez tuvimos, como lo hizo el peronismo el siglo pasado\u201d,<\/strong> marc\u00f3 Fern\u00e1ndez de Kirchner en el CCK.<\/p>\n\n\n\n<p>La expresidenta estuvo en el panel de debate junto a los tambi\u00e9n exmandatarios <strong>Evo Morales, Rafael Correa, Ernesto S\u00e1mper y Jos\u00e9 Luis Rodr\u00edguez Zapatero.<\/strong><\/p>\n\n\n\n<p>Advirti\u00f3 que <strong>el lawfare \u201cno se explica sin los medios de comunicaci\u00f3n\u201d <\/strong>porque, dijo, \u201clas sentencias se escriben en los medios\u201d y \u201cdespu\u00e9s un juez o fiscal suscriben\u201d.<\/p>\n\n\n\n<p>Al exponer, la exmandataria plante\u00f3 que la pr\u00e1ctica del lawfare ataca la \u201cpol\u00edtica que tiene que ver con la distribuci\u00f3n del ingreso y con la movilidad social ascendente\u201d.<\/p>\n\n\n\n<p>La vicepresidenta afirm\u00f3 que todo lo que se <strong>\u201csufre en la Argentina tiene que ver con lo que pasa en la econom\u00eda\u201d <\/strong>y plante\u00f3 que el Golpe de Estado de 24 de marzo de 1976 marc\u00f3 \u201ca fuego\u201d y destruy\u00f3 \u201cel patr\u00f3n de acumulaci\u00f3n\u201d que se hab\u00eda logrado hasta ese momento\u201d.<\/p>\n\n\n\n<p>\u201cEl golpe de &#8217;76 es el que marca a fuego y destruye ese patr\u00f3n de acumulaci\u00f3n, que no solamente era econ\u00f3mico sino cultural\u201d, dijo la vicepresidenta en el marco del encuentro organizado por el Grupo de Puebla en el III Foro Mundial de Derechos Humanos, y record\u00f3 que a partir de all\u00ed se reafirm\u00f3 \u201cla econom\u00eda bimonetaria en la Argentina\u201d.<\/p>\n\n\n\n<figure class=\"wp-block-image size-full\"><img fetchpriority=\"high\" decoding=\"async\" width=\"900\" height=\"534\" src=\"https:\/\/diariotextual.com\/inicio\/wp-content\/uploads\/2023\/03\/cristinagrupopuebla36455.jpg\" alt=\"\" class=\"wp-image-219659\" srcset=\"https:\/\/diariotextual.com\/inicio\/wp-content\/uploads\/2023\/03\/cristinagrupopuebla36455.jpg 900w, https:\/\/diariotextual.com\/inicio\/wp-content\/uploads\/2023\/03\/cristinagrupopuebla36455-300x178.jpg 300w, https:\/\/diariotextual.com\/inicio\/wp-content\/uploads\/2023\/03\/cristinagrupopuebla36455-768x456.jpg 768w, https:\/\/diariotextual.com\/inicio\/wp-content\/uploads\/2023\/03\/cristinagrupopuebla36455-585x347.jpg 585w\" sizes=\"(max-width: 900px) 100vw, 900px\" \/><\/figure>\n\n\n\n<p>En un tramo de su discurso <strong>cuestion\u00f3 al Gobierno de Mauricio Macri al advertir que \u201cel PBI se lo llevaron ellos con el FMI y todav\u00eda no sabemos ad\u00f3nde est\u00e1\u201d,<\/strong> al hacer referencia a uno de los esl\u00f3ganes habituales de la oposici\u00f3n contra las administraciones del kirchnerismo.<\/p>\n\n\n\n<p>Fern\u00e1ndez de Kirchner plante\u00f3 que desde el macrismo \u201cven\u00edan a convencer de que todo lo que se hab\u00eda logrado era producto de dirigentes que eran corruptos y hab\u00edan robado\u201d, y a\u00f1adi\u00f3 que el lawfare tiene como objetivo \u201cno s\u00f3lo volver a imponer un modelo econ\u00f3mico sino disciplinar a los dirigentes del campo nacional y popular\u201d.<\/p>\n","protected":false},"excerpt":{"rendered":"<p>La vicepresidenta Cristina Fern\u00e1ndez de Kirchner disert\u00f3 en el evento \u201cVoluntad popular y democracia\u201d, en el marco del III Foro Mundial de Derechos Humanos que se realiza en el CCK,&hellip;<\/p>\n","protected":false},"author":4,"featured_media":219660,"comment_status":"closed","ping_status":"open","sticky":false,"template":"","format":"standard","meta":{"_acf_changed":false,"footnotes":""},"categories":[1,8],"tags":[],"class_list":["post-219649","post","type-post","status-publish","format-standard","has-post-thumbnail","hentry","category-es-noticia","category-politica"],"acf":[],"yoast_head":"<!-- This site is optimized with the Yoast SEO plugin v27.5 - https:\/\/yoast.com\/product\/yoast-seo-wordpress\/ -->\n<title>Cristina: \u201cNo me interesa si me van a meter presa, sino reconstruir un Estado democr\u00e1tico\u201d - Diario Textual<\/title>\n<meta name=\"robots\" content=\"index, follow, max-snippet:-1, max-image-preview:large, max-video-preview:-1\" \/>\n<link rel=\"canonical\" href=\"https:\/\/diariotextual.com\/inicio\/index.php\/2023\/03\/21\/cristina-no-me-interesa-si-me-van-a-meter-presa-sino-reconstruir-un-estado-democratico\/\" \/>\n<meta property=\"og:locale\" content=\"es_ES\" \/>\n<meta property=\"og:type\" content=\"article\" \/>\n<meta property=\"og:title\" content=\"Cristina: \u201cNo me interesa si me van a meter presa, sino reconstruir un Estado democr\u00e1tico\u201d - Diario Textual\" \/>\n<meta property=\"og:description\" content=\"La vicepresidenta Cristina Fern\u00e1ndez de Kirchner disert\u00f3 en el evento \u201cVoluntad popular y democracia\u201d, en el marco del III Foro Mundial de Derechos Humanos que se realiza en el CCK,&hellip;\" \/>\n<meta property=\"og:url\" content=\"https:\/\/diariotextual.com\/inicio\/index.php\/2023\/03\/21\/cristina-no-me-interesa-si-me-van-a-meter-presa-sino-reconstruir-un-estado-democratico\/\" \/>\n<meta property=\"og:site_name\" content=\"Diario Textual\" \/>\n<meta property=\"article:publisher\" content=\"https:\/\/www.facebook.com\/eltextual\" \/>\n<meta property=\"article:published_time\" content=\"2023-03-22T00:59:27+00:00\" \/>\n<meta property=\"article:modified_time\" content=\"2023-03-22T11:49:29+00:00\" \/>\n<meta property=\"og:image\" content=\"https:\/\/diariotextual.com\/inicio\/wp-content\/uploads\/2023\/03\/cristinapresidentes4359043.jpg\" \/>\n\t<meta property=\"og:image:width\" content=\"900\" \/>\n\t<meta property=\"og:image:height\" content=\"600\" \/>\n\t<meta property=\"og:image:type\" content=\"image\/jpeg\" \/>\n<meta name=\"author\" content=\"diario2\" \/>\n<meta name=\"twitter:card\" content=\"summary_large_image\" \/>\n<meta name=\"twitter:creator\" content=\"@eltextual\" \/>\n<meta name=\"twitter:site\" content=\"@eltextual\" \/>\n<meta name=\"twitter:label1\" content=\"Escrito por\" \/>\n\t<meta name=\"twitter:data1\" content=\"diario2\" \/>\n\t<meta name=\"twitter:label2\" content=\"Tiempo de lectura\" \/>\n\t<meta name=\"twitter:data2\" content=\"3 minutos\" \/>\n<script type=\"application\/ld+json\" class=\"yoast-schema-graph\">{\"@context\":\"https:\\\/\\\/schema.org\",\"@graph\":[{\"@type\":\"Article\",\"@id\":\"https:\\\/\\\/diariotextual.com\\\/inicio\\\/index.php\\\/2023\\\/03\\\/21\\\/cristina-no-me-interesa-si-me-van-a-meter-presa-sino-reconstruir-un-estado-democratico\\\/#article\",\"isPartOf\":{\"@id\":\"https:\\\/\\\/diariotextual.com\\\/inicio\\\/index.php\\\/2023\\\/03\\\/21\\\/cristina-no-me-interesa-si-me-van-a-meter-presa-sino-reconstruir-un-estado-democratico\\\/\"},\"author\":{\"name\":\"diario2\",\"@id\":\"https:\\\/\\\/diariotextual.com\\\/inicio\\\/#\\\/schema\\\/person\\\/694f60677f23c4a530867a98f22b3768\"},\"headline\":\"Cristina: \u201cNo me interesa si me van a meter presa, sino reconstruir un Estado democr\u00e1tico\u201d\",\"datePublished\":\"2023-03-22T00:59:27+00:00\",\"dateModified\":\"2023-03-22T11:49:29+00:00\",\"mainEntityOfPage\":{\"@id\":\"https:\\\/\\\/diariotextual.com\\\/inicio\\\/index.php\\\/2023\\\/03\\\/21\\\/cristina-no-me-interesa-si-me-van-a-meter-presa-sino-reconstruir-un-estado-democratico\\\/\"},\"wordCount\":470,\"publisher\":{\"@id\":\"https:\\\/\\\/diariotextual.com\\\/inicio\\\/#organization\"},\"image\":{\"@id\":\"https:\\\/\\\/diariotextual.com\\\/inicio\\\/index.php\\\/2023\\\/03\\\/21\\\/cristina-no-me-interesa-si-me-van-a-meter-presa-sino-reconstruir-un-estado-democratico\\\/#primaryimage\"},\"thumbnailUrl\":\"https:\\\/\\\/diariotextual.com\\\/inicio\\\/wp-content\\\/uploads\\\/2023\\\/03\\\/cristinapresidentes4359043.jpg\",\"articleSection\":[\"A - ES NOTICIA (van abajo)\",\"POLITICA\"],\"inLanguage\":\"es\"},{\"@type\":\"WebPage\",\"@id\":\"https:\\\/\\\/diariotextual.com\\\/inicio\\\/index.php\\\/2023\\\/03\\\/21\\\/cristina-no-me-interesa-si-me-van-a-meter-presa-sino-reconstruir-un-estado-democratico\\\/\",\"url\":\"https:\\\/\\\/diariotextual.com\\\/inicio\\\/index.php\\\/2023\\\/03\\\/21\\\/cristina-no-me-interesa-si-me-van-a-meter-presa-sino-reconstruir-un-estado-democratico\\\/\",\"name\":\"Cristina: \u201cNo me interesa si me van a meter presa, sino reconstruir un Estado democr\u00e1tico\u201d - Diario Textual\",\"isPartOf\":{\"@id\":\"https:\\\/\\\/diariotextual.com\\\/inicio\\\/#website\"},\"primaryImageOfPage\":{\"@id\":\"https:\\\/\\\/diariotextual.com\\\/inicio\\\/index.php\\\/2023\\\/03\\\/21\\\/cristina-no-me-interesa-si-me-van-a-meter-presa-sino-reconstruir-un-estado-democratico\\\/#primaryimage\"},\"image\":{\"@id\":\"https:\\\/\\\/diariotextual.com\\\/inicio\\\/index.php\\\/2023\\\/03\\\/21\\\/cristina-no-me-interesa-si-me-van-a-meter-presa-sino-reconstruir-un-estado-democratico\\\/#primaryimage\"},\"thumbnailUrl\":\"https:\\\/\\\/diariotextual.com\\\/inicio\\\/wp-content\\\/uploads\\\/2023\\\/03\\\/cristinapresidentes4359043.jpg\",\"datePublished\":\"2023-03-22T00:59:27+00:00\",\"dateModified\":\"2023-03-22T11:49:29+00:00\",\"breadcrumb\":{\"@id\":\"https:\\\/\\\/diariotextual.com\\\/inicio\\\/index.php\\\/2023\\\/03\\\/21\\\/cristina-no-me-interesa-si-me-van-a-meter-presa-sino-reconstruir-un-estado-democratico\\\/#breadcrumb\"},\"inLanguage\":\"es\",\"potentialAction\":[{\"@type\":\"ReadAction\",\"target\":[\"https:\\\/\\\/diariotextual.com\\\/inicio\\\/index.php\\\/2023\\\/03\\\/21\\\/cristina-no-me-interesa-si-me-van-a-meter-presa-sino-reconstruir-un-estado-democratico\\\/\"]}]},{\"@type\":\"ImageObject\",\"inLanguage\":\"es\",\"@id\":\"https:\\\/\\\/diariotextual.com\\\/inicio\\\/index.php\\\/2023\\\/03\\\/21\\\/cristina-no-me-interesa-si-me-van-a-meter-presa-sino-reconstruir-un-estado-democratico\\\/#primaryimage\",\"url\":\"https:\\\/\\\/diariotextual.com\\\/inicio\\\/wp-content\\\/uploads\\\/2023\\\/03\\\/cristinapresidentes4359043.jpg\",\"contentUrl\":\"https:\\\/\\\/diariotextual.com\\\/inicio\\\/wp-content\\\/uploads\\\/2023\\\/03\\\/cristinapresidentes4359043.jpg\",\"width\":900,\"height\":600},{\"@type\":\"BreadcrumbList\",\"@id\":\"https:\\\/\\\/diariotextual.com\\\/inicio\\\/index.php\\\/2023\\\/03\\\/21\\\/cristina-no-me-interesa-si-me-van-a-meter-presa-sino-reconstruir-un-estado-democratico\\\/#breadcrumb\",\"itemListElement\":[{\"@type\":\"ListItem\",\"position\":1,\"name\":\"Portada\",\"item\":\"https:\\\/\\\/diariotextual.com\\\/inicio\\\/\"},{\"@type\":\"ListItem\",\"position\":2,\"name\":\"Cristina: \u201cNo me interesa si me van a meter presa, sino reconstruir un Estado democr\u00e1tico\u201d\"}]},{\"@type\":\"WebSite\",\"@id\":\"https:\\\/\\\/diariotextual.com\\\/inicio\\\/#website\",\"url\":\"https:\\\/\\\/diariotextual.com\\\/inicio\\\/\",\"name\":\"Diario Textual\",\"description\":\"\",\"publisher\":{\"@id\":\"https:\\\/\\\/diariotextual.com\\\/inicio\\\/#organization\"},\"potentialAction\":[{\"@type\":\"SearchAction\",\"target\":{\"@type\":\"EntryPoint\",\"urlTemplate\":\"https:\\\/\\\/diariotextual.com\\\/inicio\\\/?s={search_term_string}\"},\"query-input\":{\"@type\":\"PropertyValueSpecification\",\"valueRequired\":true,\"valueName\":\"search_term_string\"}}],\"inLanguage\":\"es\"},{\"@type\":\"Organization\",\"@id\":\"https:\\\/\\\/diariotextual.com\\\/inicio\\\/#organization\",\"name\":\"Diario Textual\",\"url\":\"https:\\\/\\\/diariotextual.com\\\/inicio\\\/\",\"logo\":{\"@type\":\"ImageObject\",\"inLanguage\":\"es\",\"@id\":\"https:\\\/\\\/diariotextual.com\\\/inicio\\\/#\\\/schema\\\/logo\\\/image\\\/\",\"url\":\"https:\\\/\\\/diariotextual.com\\\/inicio\\\/wp-content\\\/uploads\\\/2023\\\/05\\\/logotextual1.jpg\",\"contentUrl\":\"https:\\\/\\\/diariotextual.com\\\/inicio\\\/wp-content\\\/uploads\\\/2023\\\/05\\\/logotextual1.jpg\",\"width\":516,\"height\":76,\"caption\":\"Diario Textual\"},\"image\":{\"@id\":\"https:\\\/\\\/diariotextual.com\\\/inicio\\\/#\\\/schema\\\/logo\\\/image\\\/\"},\"sameAs\":[\"https:\\\/\\\/www.facebook.com\\\/eltextual\",\"https:\\\/\\\/x.com\\\/eltextual\",\"http:\\\/\\\/www.instagram.com\\\/eltextual\"]},{\"@type\":\"Person\",\"@id\":\"https:\\\/\\\/diariotextual.com\\\/inicio\\\/#\\\/schema\\\/person\\\/694f60677f23c4a530867a98f22b3768\",\"name\":\"diario2\",\"image\":{\"@type\":\"ImageObject\",\"inLanguage\":\"es\",\"@id\":\"https:\\\/\\\/secure.gravatar.com\\\/avatar\\\/5a2567495ba16b852fcd8f1ed006a2e24fcace936018ed8237e95f488ad6e0a7?s=96&d=mm&r=g\",\"url\":\"https:\\\/\\\/secure.gravatar.com\\\/avatar\\\/5a2567495ba16b852fcd8f1ed006a2e24fcace936018ed8237e95f488ad6e0a7?s=96&d=mm&r=g\",\"contentUrl\":\"https:\\\/\\\/secure.gravatar.com\\\/avatar\\\/5a2567495ba16b852fcd8f1ed006a2e24fcace936018ed8237e95f488ad6e0a7?s=96&d=mm&r=g\",\"caption\":\"diario2\"},\"url\":\"https:\\\/\\\/diariotextual.com\\\/inicio\\\/index.php\\\/author\\\/diario2\\\/\"}]}<\/script>\n<!-- \/ Yoast SEO plugin. -->","yoast_head_json":{"title":"Cristina: \u201cNo me interesa si me van a meter presa, sino reconstruir un Estado democr\u00e1tico\u201d - Diario Textual","robots":{"index":"index","follow":"follow","max-snippet":"max-snippet:-1","max-image-preview":"max-image-preview:large","max-video-preview":"max-video-preview:-1"},"canonical":"https:\/\/diariotextual.com\/inicio\/index.php\/2023\/03\/21\/cristina-no-me-interesa-si-me-van-a-meter-presa-sino-reconstruir-un-estado-democratico\/","og_locale":"es_ES","og_type":"article","og_title":"Cristina: \u201cNo me interesa si me van a meter presa, sino reconstruir un Estado democr\u00e1tico\u201d - Diario Textual","og_description":"La vicepresidenta Cristina Fern\u00e1ndez de Kirchner disert\u00f3 en el evento \u201cVoluntad popular y democracia\u201d, en el marco del III Foro Mundial de Derechos Humanos que se realiza en el CCK,&hellip;","og_url":"https:\/\/diariotextual.com\/inicio\/index.php\/2023\/03\/21\/cristina-no-me-interesa-si-me-van-a-meter-presa-sino-reconstruir-un-estado-democratico\/","og_site_name":"Diario Textual","article_publisher":"https:\/\/www.facebook.com\/eltextual","article_published_time":"2023-03-22T00:59:27+00:00","article_modified_time":"2023-03-22T11:49:29+00:00","og_image":[{"width":900,"height":600,"url":"https:\/\/diariotextual.com\/inicio\/wp-content\/uploads\/2023\/03\/cristinapresidentes4359043.jpg","type":"image\/jpeg"}],"author":"diario2","twitter_card":"summary_large_image","twitter_creator":"@eltextual","twitter_site":"@eltextual","twitter_misc":{"Escrito por":"diario2","Tiempo de lectura":"3 minutos"},"schema":{"@context":"https:\/\/schema.org","@graph":[{"@type":"Article","@id":"https:\/\/diariotextual.com\/inicio\/index.php\/2023\/03\/21\/cristina-no-me-interesa-si-me-van-a-meter-presa-sino-reconstruir-un-estado-democratico\/#article","isPartOf":{"@id":"https:\/\/diariotextual.com\/inicio\/index.php\/2023\/03\/21\/cristina-no-me-interesa-si-me-van-a-meter-presa-sino-reconstruir-un-estado-democratico\/"},"author":{"name":"diario2","@id":"https:\/\/diariotextual.com\/inicio\/#\/schema\/person\/694f60677f23c4a530867a98f22b3768"},"headline":"Cristina: \u201cNo me interesa si me van a meter presa, sino reconstruir un Estado democr\u00e1tico\u201d","datePublished":"2023-03-22T00:59:27+00:00","dateModified":"2023-03-22T11:49:29+00:00","mainEntityOfPage":{"@id":"https:\/\/diariotextual.com\/inicio\/index.php\/2023\/03\/21\/cristina-no-me-interesa-si-me-van-a-meter-presa-sino-reconstruir-un-estado-democratico\/"},"wordCount":470,"publisher":{"@id":"https:\/\/diariotextual.com\/inicio\/#organization"},"image":{"@id":"https:\/\/diariotextual.com\/inicio\/index.php\/2023\/03\/21\/cristina-no-me-interesa-si-me-van-a-meter-presa-sino-reconstruir-un-estado-democratico\/#primaryimage"},"thumbnailUrl":"https:\/\/diariotextual.com\/inicio\/wp-content\/uploads\/2023\/03\/cristinapresidentes4359043.jpg","articleSection":["A - ES NOTICIA (van abajo)","POLITICA"],"inLanguage":"es"},{"@type":"WebPage","@id":"https:\/\/diariotextual.com\/inicio\/index.php\/2023\/03\/21\/cristina-no-me-interesa-si-me-van-a-meter-presa-sino-reconstruir-un-estado-democratico\/","url":"https:\/\/diariotextual.com\/inicio\/index.php\/2023\/03\/21\/cristina-no-me-interesa-si-me-van-a-meter-presa-sino-reconstruir-un-estado-democratico\/","name":"Cristina: \u201cNo me interesa si me van a meter presa, sino reconstruir un Estado democr\u00e1tico\u201d - Diario Textual","isPartOf":{"@id":"https:\/\/diariotextual.com\/inicio\/#website"},"primaryImageOfPage":{"@id":"https:\/\/diariotextual.com\/inicio\/index.php\/2023\/03\/21\/cristina-no-me-interesa-si-me-van-a-meter-presa-sino-reconstruir-un-estado-democratico\/#primaryimage"},"image":{"@id":"https:\/\/diariotextual.com\/inicio\/index.php\/2023\/03\/21\/cristina-no-me-interesa-si-me-van-a-meter-presa-sino-reconstruir-un-estado-democratico\/#primaryimage"},"thumbnailUrl":"https:\/\/diariotextual.com\/inicio\/wp-content\/uploads\/2023\/03\/cristinapresidentes4359043.jpg","datePublished":"2023-03-22T00:59:27+00:00","dateModified":"2023-03-22T11:49:29+00:00","breadcrumb":{"@id":"https:\/\/diariotextual.com\/inicio\/index.php\/2023\/03\/21\/cristina-no-me-interesa-si-me-van-a-meter-presa-sino-reconstruir-un-estado-democratico\/#breadcrumb"},"inLanguage":"es","potentialAction":[{"@type":"ReadAction","target":["https:\/\/diariotextual.com\/inicio\/index.php\/2023\/03\/21\/cristina-no-me-interesa-si-me-van-a-meter-presa-sino-reconstruir-un-estado-democratico\/"]}]},{"@type":"ImageObject","inLanguage":"es","@id":"https:\/\/diariotextual.com\/inicio\/index.php\/2023\/03\/21\/cristina-no-me-interesa-si-me-van-a-meter-presa-sino-reconstruir-un-estado-democratico\/#primaryimage","url":"https:\/\/diariotextual.com\/inicio\/wp-content\/uploads\/2023\/03\/cristinapresidentes4359043.jpg","contentUrl":"https:\/\/diariotextual.com\/inicio\/wp-content\/uploads\/2023\/03\/cristinapresidentes4359043.jpg","width":900,"height":600},{"@type":"BreadcrumbList","@id":"https:\/\/diariotextual.com\/inicio\/index.php\/2023\/03\/21\/cristina-no-me-interesa-si-me-van-a-meter-presa-sino-reconstruir-un-estado-democratico\/#breadcrumb","itemListElement":[{"@type":"ListItem","position":1,"name":"Portada","item":"https:\/\/diariotextual.com\/inicio\/"},{"@type":"ListItem","position":2,"name":"Cristina: \u201cNo me interesa si me van a meter presa, sino reconstruir un Estado democr\u00e1tico\u201d"}]},{"@type":"WebSite","@id":"https:\/\/diariotextual.com\/inicio\/#website","url":"https:\/\/diariotextual.com\/inicio\/","name":"Diario Textual","description":"","publisher":{"@id":"https:\/\/diariotextual.com\/inicio\/#organization"},"potentialAction":[{"@type":"SearchAction","target":{"@type":"EntryPoint","urlTemplate":"https:\/\/diariotextual.com\/inicio\/?s={search_term_string}"},"query-input":{"@type":"PropertyValueSpecification","valueRequired":true,"valueName":"search_term_string"}}],"inLanguage":"es"},{"@type":"Organization","@id":"https:\/\/diariotextual.com\/inicio\/#organization","name":"Diario Textual","url":"https:\/\/diariotextual.com\/inicio\/","logo":{"@type":"ImageObject","inLanguage":"es","@id":"https:\/\/diariotextual.com\/inicio\/#\/schema\/logo\/image\/","url":"https:\/\/diariotextual.com\/inicio\/wp-content\/uploads\/2023\/05\/logotextual1.jpg","contentUrl":"https:\/\/diariotextual.com\/inicio\/wp-content\/uploads\/2023\/05\/logotextual1.jpg","width":516,"height":76,"caption":"Diario Textual"},"image":{"@id":"https:\/\/diariotextual.com\/inicio\/#\/schema\/logo\/image\/"},"sameAs":["https:\/\/www.facebook.com\/eltextual","https:\/\/x.com\/eltextual","http:\/\/www.instagram.com\/eltextual"]},{"@type":"Person","@id":"https:\/\/diariotextual.com\/inicio\/#\/schema\/person\/694f60677f23c4a530867a98f22b3768","name":"diario2","image":{"@type":"ImageObject","inLanguage":"es","@id":"https:\/\/secure.gravatar.com\/avatar\/5a2567495ba16b852fcd8f1ed006a2e24fcace936018ed8237e95f488ad6e0a7?s=96&d=mm&r=g","url":"https:\/\/secure.gravatar.com\/avatar\/5a2567495ba16b852fcd8f1ed006a2e24fcace936018ed8237e95f488ad6e0a7?s=96&d=mm&r=g","contentUrl":"https:\/\/secure.gravatar.com\/avatar\/5a2567495ba16b852fcd8f1ed006a2e24fcace936018ed8237e95f488ad6e0a7?s=96&d=mm&r=g","caption":"diario2"},"url":"https:\/\/diariotextual.com\/inicio\/index.php\/author\/diario2\/"}]}},"_links":{"self":[{"href":"https:\/\/diariotextual.com\/inicio\/index.php\/wp-json\/wp\/v2\/posts\/219649","targetHints":{"allow":["GET"]}}],"collection":[{"href":"https:\/\/diariotextual.com\/inicio\/index.php\/wp-json\/wp\/v2\/posts"}],"about":[{"href":"https:\/\/diariotextual.com\/inicio\/index.php\/wp-json\/wp\/v2\/types\/post"}],"author":[{"embeddable":true,"href":"https:\/\/diariotextual.com\/inicio\/index.php\/wp-json\/wp\/v2\/users\/4"}],"replies":[{"embeddable":true,"href":"https:\/\/diariotextual.com\/inicio\/index.php\/wp-json\/wp\/v2\/comments?post=219649"}],"version-history":[{"count":7,"href":"https:\/\/diariotextual.com\/inicio\/index.php\/wp-json\/wp\/v2\/posts\/219649\/revisions"}],"predecessor-version":[{"id":219662,"href":"https:\/\/diariotextual.com\/inicio\/index.php\/wp-json\/wp\/v2\/posts\/219649\/revisions\/219662"}],"wp:featuredmedia":[{"embeddable":true,"href":"https:\/\/diariotextual.com\/inicio\/index.php\/wp-json\/wp\/v2\/media\/219660"}],"wp:attachment":[{"href":"https:\/\/diariotextual.com\/inicio\/index.php\/wp-json\/wp\/v2\/media?parent=219649"}],"wp:term":[{"taxonomy":"category","embeddable":true,"href":"https:\/\/diariotextual.com\/inicio\/index.php\/wp-json\/wp\/v2\/categories?post=219649"},{"taxonomy":"post_tag","embeddable":true,"href":"https:\/\/diariotextual.com\/inicio\/index.php\/wp-json\/wp\/v2\/tags?post=219649"}],"curies":[{"name":"wp","href":"https:\/\/api.w.org\/{rel}","templated":true}]}}