{"id":219727,"date":"2023-03-22T15:57:08","date_gmt":"2023-03-22T18:57:08","guid":{"rendered":"https:\/\/diariotextual.com\/inicio\/?p=219727"},"modified":"2023-03-22T17:45:53","modified_gmt":"2023-03-22T20:45:53","slug":"aniversario-de-colonia-baron-ziliotto-inauguro-obras-y-anuncio-asfalto-iluminacion-y-viviendas","status":"publish","type":"post","link":"https:\/\/diariotextual.com\/inicio\/index.php\/2023\/03\/22\/aniversario-de-colonia-baron-ziliotto-inauguro-obras-y-anuncio-asfalto-iluminacion-y-viviendas\/","title":{"rendered":"Aniversario de Colonia Bar\u00f3n: Ziliotto inaugur\u00f3 obras y anunci\u00f3 asfalto, iluminaci\u00f3n y viviendas"},"content":{"rendered":"\n<p>El gobernador<strong> Sergio Ziliotto <\/strong>estuvo en los festejos por el <strong>108\u00ba aniversario de la localidad de Colonia Bar\u00f3n<\/strong> donde inaugur\u00f3 la remodelaci\u00f3n de la Plaza San Mart\u00edn y entreg\u00f3 las llaves de\u00a0 una vivienda de servicio. Adem\u00e1s, particip\u00f3 de la puesta en funcionamiento de la nueva iluminaci\u00f3n del Estadio \u201cOscar Avelino Dolce\u201d, del club Cultura Integral Colonia Bar\u00f3n.\u00a0<\/p>\n\n\n\n<p>\u201cNos toca seguir cumpliendo con la palabra empe\u00f1ada. Cumplir con la pol\u00edtica, porque m\u00e1s all\u00e1 del partido pol\u00edtico al que representemos, la hemos tomado como una herramienta transformadora de la vida en sociedad\u201d, dijo.<\/p>\n\n\n\n<p>El mandatario particip\u00f3 de la celebraci\u00f3n junto a la <strong>intendenta municipal, Sonia Luego<\/strong>; la vicepresidenta primera de la C\u00e1mara de Diputados, Alicia Mayoral; el diputado nacional Hern\u00e1n P\u00e9rez Araujo y el senador nacional, Daniel Kroneberger, entre otras autoridades.<\/p>\n\n\n\n<p><strong>\u201cSiempre es un gusto venir -dijo-, y en el cumplea\u00f1os de Bar\u00f3n el gusto es mayor. Podemos ver c\u00f3mo crece la localidad, su pujanza. Cada vez que venimos vemos algo nuevo que se ha hecho\u201d,<\/strong> expres\u00f3 el gobernador.<\/p>\n\n\n\n<p>Sostuvo que \u201cla plaza es la&nbsp; imagen de la localidad, por eso es importante invertir en embellecerla y rejuvenecerla. Su fuente, que replica la forma del escudo de la localidad,&nbsp; es una forma de revalorizar la historia y de reconocer a quienes hicieron este pueblo\u201d.<\/p>\n\n\n\n<p>La refacci\u00f3n de la plaza implic\u00f3 el recambio de 2.800 metros cuadrados de losetas, se acondicionaron los 21 bancos originales, se colocaron 68 luminarias led y se hizo una fuente alrededor del monumento al Gral. San Mart\u00edn, de 34 metros cuadrados. La fuente contiene 31 boquillas de luces sumergibles en su interior.<\/p>\n\n\n\n<p><strong>Descentralizaci\u00f3n<\/strong><\/p>\n\n\n\n<p>\u201cCuando uno analiza lo que hemos hecho, lo que estamos haciendo y lo que proyectamos, detecta un eje transversal, que es esa enorme herramienta de gesti\u00f3n que es la descentralizaci\u00f3n\u201d, dijo Ziliotto.<\/p>\n\n\n\n<p>Record\u00f3 que \u201cen 2007, con Carlos Verna gobernador, me toc\u00f3 ser el ministro coordinador de esa Ley. Porque hab\u00edamos puesto en marcha pol\u00edticas de Estado que hab\u00edan sido asumidas por cada una y cada uno de los intendentes y presidentes de las comisiones de fomento\u201d.<\/p>\n\n\n\n<p>\u201cSe trataba de articular, descentralizar, delegar en los responsables de la administraci\u00f3n de cada localidad que hab\u00edan surgido del voto popular. De esta forma hicimos m\u00e1s eficiente el gasto. Colonia Bar\u00f3n es una prueba tangible de ello\u201d asegur\u00f3.<\/p>\n\n\n\n<p><strong>Obras y anuncios<\/strong><\/p>\n\n\n\n<p>\u201cHicimos pavimento, entregamos viviendas, compramos terrenos para que esas 20 viviendas primero y las pr\u00f3ximas 14 sean una realidad. Planificamos una obra de fibra \u00f3ptica en conjunto con el municipio a trav\u00e9s de nuestra empresa provincial EMPATEL y ampliaremos la red de agua potable con una obra financiada por el gobierno Nacional que supera los 400 millones de pesos\u201d, confirm\u00f3 Ziliotto.<\/p>\n\n\n\n<p>\u201cPero, como siempre lo digo, con lo que hemos hecho no alcanza. La sociedad demanda siempre, y est\u00e1 bien que demande. Para eso nos dio la responsabilidad de administrar\u201d.<\/p>\n\n\n\n<p>Subray\u00f3 que \u201cla gente no tira el voto\u201d el d\u00eda de la elecci\u00f3n. \u201cPiensa, compara y otorga responsabilidades. A nosotros nos toca seguir cumpliendo con la palabra empe\u00f1ada. Cumplir con la pol\u00edtica, porque m\u00e1s all\u00e1 del partido pol\u00edtico al que representemos, la hemos tomado como una herramienta transformadora de la vida en sociedad\u201d, sostuvo.<\/p>\n\n\n\n<p>Ziliotto confirm\u00f3 que \u201ca trav\u00e9s de la descentralizaci\u00f3n, haremos asfalto e iluminaremos completamente el Acceso Norte, dos pedidos que nos hizo la intendenta y que en virtud de la capacidad de trabajo, de gesti\u00f3n y de log\u00edstica que tiene el municipio de Colonia Bar\u00f3n los conseguiremos\u201d.<\/p>\n\n\n\n<p><strong>Luengo<\/strong><\/p>\n\n\n\n<p>La intendenta, por su parte, se mostr\u00f3 muy agradecida por los logros de Colonia Bar\u00f3n y destac\u00f3 la seguridad para las y los m\u00e1s de 3.000 habitantes de su localidad.<\/p>\n\n\n\n<p>Detall\u00f3 que la vivienda de servicios al personal de seguridad \u201cviene a solucionar un problema que ten\u00edamos por la falta de viviendas para alquilar. A ello se suman: una camioneta Nissan 0 Km que nos entreg\u00f3 el mes pasado el Ministerio de Seguridad\u201d, que se suma a los m\u00f3viles que estaban operativos en la lo localidad.<\/p>\n\n\n\n<p>Tambi\u00e9n destac\u00f3 \u201cla gran utilidad de las c\u00e1maras de videovigilancia. Son 38 en total. 27 de las cuales fueron adquiridas en los \u00faltimos tiempos por el municipio y est\u00e1n instaladas en distintos edificios y espacios p\u00fablicos. Contribuye a este accionar la iluminaci\u00f3n led impulsada por el Gobierno Provincial\u201d, indic\u00f3.<\/p>\n\n\n\n<p>\u201cNos encontramos en esta Plaza cuya remodelaci\u00f3n termin\u00f3 d\u00edas pasados -dijo Luengo- adquirimos los materiales en comercios locales y tambi\u00e9n es local la mano de obra. Trabajaron alba\u00f1iles, electricistas, restauradores y obreros baronenses\u201d.<\/p>\n\n\n\n<p>\u201cEsta plaza -enfatiz\u00f3- es el principal punto de encuentro de los j\u00f3venes y esperamos que ahora sea un lugar de visita para las familias de nuestro pueblo. Es nuestra obligaci\u00f3n mejorar y embellecer los espacios p\u00fablicos\u201d concluy\u00f3.<\/p>\n\n\n\n<p><strong>Una fiesta del deporte baronense\u00a0<\/strong><\/p>\n\n\n\n<figure class=\"wp-block-image size-full\"><img fetchpriority=\"high\" decoding=\"async\" width=\"900\" height=\"552\" src=\"https:\/\/diariotextual.com\/inicio\/wp-content\/uploads\/2023\/03\/ziliottobaronclubdeportivo54.jpeg\" alt=\"\" class=\"wp-image-219731\" srcset=\"https:\/\/diariotextual.com\/inicio\/wp-content\/uploads\/2023\/03\/ziliottobaronclubdeportivo54.jpeg 900w, https:\/\/diariotextual.com\/inicio\/wp-content\/uploads\/2023\/03\/ziliottobaronclubdeportivo54-300x184.jpeg 300w, https:\/\/diariotextual.com\/inicio\/wp-content\/uploads\/2023\/03\/ziliottobaronclubdeportivo54-768x471.jpeg 768w, https:\/\/diariotextual.com\/inicio\/wp-content\/uploads\/2023\/03\/ziliottobaronclubdeportivo54-585x359.jpeg 585w\" sizes=\"(max-width: 900px) 100vw, 900px\" \/><\/figure>\n\n\n\n<p>En el Club Cultura Integral, instituci\u00f3n pionera de Colonia Bar\u00f3n, se vivi\u00f3 una verdadera fiesta con motivo de la inauguraci\u00f3n de la nueva iluminaci\u00f3n led del Estadio \u201cOscar Avelino Dolce\u201d.<\/p>\n\n\n\n<p>El gobernador enfatiz\u00f3 que \u201cno es casualidad que el Club sea la entidad m\u00e1s antigua. Es alrededor del Club donde se forma la sociedad; no s\u00f3lo por el deporte y la recreaci\u00f3n, tambi\u00e9n se fortalecen los lazos sociales de la comunidad\u201d.<\/p>\n","protected":false},"excerpt":{"rendered":"<p>El gobernador Sergio Ziliotto estuvo en los festejos por el 108\u00ba aniversario de la localidad de Colonia Bar\u00f3n donde inaugur\u00f3 la remodelaci\u00f3n de la Plaza San Mart\u00edn y entreg\u00f3 las&hellip;<\/p>\n","protected":false},"author":4,"featured_media":219729,"comment_status":"closed","ping_status":"open","sticky":false,"template":"","format":"standard","meta":{"_acf_changed":false,"footnotes":""},"categories":[1,8],"tags":[],"class_list":["post-219727","post","type-post","status-publish","format-standard","has-post-thumbnail","hentry","category-es-noticia","category-politica"],"acf":[],"yoast_head":"<!-- This site is optimized with the Yoast SEO plugin v27.5 - https:\/\/yoast.com\/product\/yoast-seo-wordpress\/ -->\n<title>Aniversario de Colonia Bar\u00f3n: Ziliotto inaugur\u00f3 obras y anunci\u00f3 asfalto, iluminaci\u00f3n y viviendas - Diario Textual<\/title>\n<meta name=\"robots\" content=\"index, follow, max-snippet:-1, max-image-preview:large, max-video-preview:-1\" \/>\n<link rel=\"canonical\" href=\"https:\/\/diariotextual.com\/inicio\/index.php\/2023\/03\/22\/aniversario-de-colonia-baron-ziliotto-inauguro-obras-y-anuncio-asfalto-iluminacion-y-viviendas\/\" \/>\n<meta property=\"og:locale\" content=\"es_ES\" \/>\n<meta property=\"og:type\" content=\"article\" \/>\n<meta property=\"og:title\" content=\"Aniversario de Colonia Bar\u00f3n: Ziliotto inaugur\u00f3 obras y anunci\u00f3 asfalto, iluminaci\u00f3n y viviendas - Diario Textual\" \/>\n<meta property=\"og:description\" content=\"El gobernador Sergio Ziliotto estuvo en los festejos por el 108\u00ba aniversario de la localidad de Colonia Bar\u00f3n donde inaugur\u00f3 la remodelaci\u00f3n de la Plaza San Mart\u00edn y entreg\u00f3 las&hellip;\" \/>\n<meta property=\"og:url\" content=\"https:\/\/diariotextual.com\/inicio\/index.php\/2023\/03\/22\/aniversario-de-colonia-baron-ziliotto-inauguro-obras-y-anuncio-asfalto-iluminacion-y-viviendas\/\" \/>\n<meta property=\"og:site_name\" content=\"Diario Textual\" \/>\n<meta property=\"article:publisher\" content=\"https:\/\/www.facebook.com\/eltextual\" \/>\n<meta property=\"article:published_time\" content=\"2023-03-22T18:57:08+00:00\" \/>\n<meta property=\"article:modified_time\" content=\"2023-03-22T20:45:53+00:00\" \/>\n<meta property=\"og:image\" content=\"https:\/\/diariotextual.com\/inicio\/wp-content\/uploads\/2023\/03\/ziliottobaronaniversario75y423.jpeg\" \/>\n\t<meta property=\"og:image:width\" content=\"834\" \/>\n\t<meta property=\"og:image:height\" content=\"535\" \/>\n\t<meta property=\"og:image:type\" content=\"image\/jpeg\" \/>\n<meta name=\"author\" content=\"diario2\" \/>\n<meta name=\"twitter:card\" content=\"summary_large_image\" \/>\n<meta name=\"twitter:creator\" content=\"@eltextual\" \/>\n<meta name=\"twitter:site\" content=\"@eltextual\" \/>\n<meta name=\"twitter:label1\" content=\"Escrito por\" \/>\n\t<meta name=\"twitter:data1\" content=\"diario2\" \/>\n\t<meta name=\"twitter:label2\" content=\"Tiempo de lectura\" \/>\n\t<meta name=\"twitter:data2\" content=\"5 minutos\" \/>\n<script type=\"application\/ld+json\" class=\"yoast-schema-graph\">{\"@context\":\"https:\\\/\\\/schema.org\",\"@graph\":[{\"@type\":\"Article\",\"@id\":\"https:\\\/\\\/diariotextual.com\\\/inicio\\\/index.php\\\/2023\\\/03\\\/22\\\/aniversario-de-colonia-baron-ziliotto-inauguro-obras-y-anuncio-asfalto-iluminacion-y-viviendas\\\/#article\",\"isPartOf\":{\"@id\":\"https:\\\/\\\/diariotextual.com\\\/inicio\\\/index.php\\\/2023\\\/03\\\/22\\\/aniversario-de-colonia-baron-ziliotto-inauguro-obras-y-anuncio-asfalto-iluminacion-y-viviendas\\\/\"},\"author\":{\"name\":\"diario2\",\"@id\":\"https:\\\/\\\/diariotextual.com\\\/inicio\\\/#\\\/schema\\\/person\\\/694f60677f23c4a530867a98f22b3768\"},\"headline\":\"Aniversario de Colonia Bar\u00f3n: Ziliotto inaugur\u00f3 obras y anunci\u00f3 asfalto, iluminaci\u00f3n y viviendas\",\"datePublished\":\"2023-03-22T18:57:08+00:00\",\"dateModified\":\"2023-03-22T20:45:53+00:00\",\"mainEntityOfPage\":{\"@id\":\"https:\\\/\\\/diariotextual.com\\\/inicio\\\/index.php\\\/2023\\\/03\\\/22\\\/aniversario-de-colonia-baron-ziliotto-inauguro-obras-y-anuncio-asfalto-iluminacion-y-viviendas\\\/\"},\"wordCount\":926,\"publisher\":{\"@id\":\"https:\\\/\\\/diariotextual.com\\\/inicio\\\/#organization\"},\"image\":{\"@id\":\"https:\\\/\\\/diariotextual.com\\\/inicio\\\/index.php\\\/2023\\\/03\\\/22\\\/aniversario-de-colonia-baron-ziliotto-inauguro-obras-y-anuncio-asfalto-iluminacion-y-viviendas\\\/#primaryimage\"},\"thumbnailUrl\":\"https:\\\/\\\/diariotextual.com\\\/inicio\\\/wp-content\\\/uploads\\\/2023\\\/03\\\/ziliottobaronaniversario75y423.jpeg\",\"articleSection\":[\"A - ES NOTICIA (van abajo)\",\"POLITICA\"],\"inLanguage\":\"es\"},{\"@type\":\"WebPage\",\"@id\":\"https:\\\/\\\/diariotextual.com\\\/inicio\\\/index.php\\\/2023\\\/03\\\/22\\\/aniversario-de-colonia-baron-ziliotto-inauguro-obras-y-anuncio-asfalto-iluminacion-y-viviendas\\\/\",\"url\":\"https:\\\/\\\/diariotextual.com\\\/inicio\\\/index.php\\\/2023\\\/03\\\/22\\\/aniversario-de-colonia-baron-ziliotto-inauguro-obras-y-anuncio-asfalto-iluminacion-y-viviendas\\\/\",\"name\":\"Aniversario de Colonia Bar\u00f3n: Ziliotto inaugur\u00f3 obras y anunci\u00f3 asfalto, iluminaci\u00f3n y viviendas - Diario Textual\",\"isPartOf\":{\"@id\":\"https:\\\/\\\/diariotextual.com\\\/inicio\\\/#website\"},\"primaryImageOfPage\":{\"@id\":\"https:\\\/\\\/diariotextual.com\\\/inicio\\\/index.php\\\/2023\\\/03\\\/22\\\/aniversario-de-colonia-baron-ziliotto-inauguro-obras-y-anuncio-asfalto-iluminacion-y-viviendas\\\/#primaryimage\"},\"image\":{\"@id\":\"https:\\\/\\\/diariotextual.com\\\/inicio\\\/index.php\\\/2023\\\/03\\\/22\\\/aniversario-de-colonia-baron-ziliotto-inauguro-obras-y-anuncio-asfalto-iluminacion-y-viviendas\\\/#primaryimage\"},\"thumbnailUrl\":\"https:\\\/\\\/diariotextual.com\\\/inicio\\\/wp-content\\\/uploads\\\/2023\\\/03\\\/ziliottobaronaniversario75y423.jpeg\",\"datePublished\":\"2023-03-22T18:57:08+00:00\",\"dateModified\":\"2023-03-22T20:45:53+00:00\",\"breadcrumb\":{\"@id\":\"https:\\\/\\\/diariotextual.com\\\/inicio\\\/index.php\\\/2023\\\/03\\\/22\\\/aniversario-de-colonia-baron-ziliotto-inauguro-obras-y-anuncio-asfalto-iluminacion-y-viviendas\\\/#breadcrumb\"},\"inLanguage\":\"es\",\"potentialAction\":[{\"@type\":\"ReadAction\",\"target\":[\"https:\\\/\\\/diariotextual.com\\\/inicio\\\/index.php\\\/2023\\\/03\\\/22\\\/aniversario-de-colonia-baron-ziliotto-inauguro-obras-y-anuncio-asfalto-iluminacion-y-viviendas\\\/\"]}]},{\"@type\":\"ImageObject\",\"inLanguage\":\"es\",\"@id\":\"https:\\\/\\\/diariotextual.com\\\/inicio\\\/index.php\\\/2023\\\/03\\\/22\\\/aniversario-de-colonia-baron-ziliotto-inauguro-obras-y-anuncio-asfalto-iluminacion-y-viviendas\\\/#primaryimage\",\"url\":\"https:\\\/\\\/diariotextual.com\\\/inicio\\\/wp-content\\\/uploads\\\/2023\\\/03\\\/ziliottobaronaniversario75y423.jpeg\",\"contentUrl\":\"https:\\\/\\\/diariotextual.com\\\/inicio\\\/wp-content\\\/uploads\\\/2023\\\/03\\\/ziliottobaronaniversario75y423.jpeg\",\"width\":834,\"height\":535},{\"@type\":\"BreadcrumbList\",\"@id\":\"https:\\\/\\\/diariotextual.com\\\/inicio\\\/index.php\\\/2023\\\/03\\\/22\\\/aniversario-de-colonia-baron-ziliotto-inauguro-obras-y-anuncio-asfalto-iluminacion-y-viviendas\\\/#breadcrumb\",\"itemListElement\":[{\"@type\":\"ListItem\",\"position\":1,\"name\":\"Portada\",\"item\":\"https:\\\/\\\/diariotextual.com\\\/inicio\\\/\"},{\"@type\":\"ListItem\",\"position\":2,\"name\":\"Aniversario de Colonia Bar\u00f3n: Ziliotto inaugur\u00f3 obras y anunci\u00f3 asfalto, iluminaci\u00f3n y viviendas\"}]},{\"@type\":\"WebSite\",\"@id\":\"https:\\\/\\\/diariotextual.com\\\/inicio\\\/#website\",\"url\":\"https:\\\/\\\/diariotextual.com\\\/inicio\\\/\",\"name\":\"Diario Textual\",\"description\":\"\",\"publisher\":{\"@id\":\"https:\\\/\\\/diariotextual.com\\\/inicio\\\/#organization\"},\"potentialAction\":[{\"@type\":\"SearchAction\",\"target\":{\"@type\":\"EntryPoint\",\"urlTemplate\":\"https:\\\/\\\/diariotextual.com\\\/inicio\\\/?s={search_term_string}\"},\"query-input\":{\"@type\":\"PropertyValueSpecification\",\"valueRequired\":true,\"valueName\":\"search_term_string\"}}],\"inLanguage\":\"es\"},{\"@type\":\"Organization\",\"@id\":\"https:\\\/\\\/diariotextual.com\\\/inicio\\\/#organization\",\"name\":\"Diario Textual\",\"url\":\"https:\\\/\\\/diariotextual.com\\\/inicio\\\/\",\"logo\":{\"@type\":\"ImageObject\",\"inLanguage\":\"es\",\"@id\":\"https:\\\/\\\/diariotextual.com\\\/inicio\\\/#\\\/schema\\\/logo\\\/image\\\/\",\"url\":\"https:\\\/\\\/diariotextual.com\\\/inicio\\\/wp-content\\\/uploads\\\/2023\\\/05\\\/logotextual1.jpg\",\"contentUrl\":\"https:\\\/\\\/diariotextual.com\\\/inicio\\\/wp-content\\\/uploads\\\/2023\\\/05\\\/logotextual1.jpg\",\"width\":516,\"height\":76,\"caption\":\"Diario Textual\"},\"image\":{\"@id\":\"https:\\\/\\\/diariotextual.com\\\/inicio\\\/#\\\/schema\\\/logo\\\/image\\\/\"},\"sameAs\":[\"https:\\\/\\\/www.facebook.com\\\/eltextual\",\"https:\\\/\\\/x.com\\\/eltextual\",\"http:\\\/\\\/www.instagram.com\\\/eltextual\"]},{\"@type\":\"Person\",\"@id\":\"https:\\\/\\\/diariotextual.com\\\/inicio\\\/#\\\/schema\\\/person\\\/694f60677f23c4a530867a98f22b3768\",\"name\":\"diario2\",\"image\":{\"@type\":\"ImageObject\",\"inLanguage\":\"es\",\"@id\":\"https:\\\/\\\/secure.gravatar.com\\\/avatar\\\/5a2567495ba16b852fcd8f1ed006a2e24fcace936018ed8237e95f488ad6e0a7?s=96&d=mm&r=g\",\"url\":\"https:\\\/\\\/secure.gravatar.com\\\/avatar\\\/5a2567495ba16b852fcd8f1ed006a2e24fcace936018ed8237e95f488ad6e0a7?s=96&d=mm&r=g\",\"contentUrl\":\"https:\\\/\\\/secure.gravatar.com\\\/avatar\\\/5a2567495ba16b852fcd8f1ed006a2e24fcace936018ed8237e95f488ad6e0a7?s=96&d=mm&r=g\",\"caption\":\"diario2\"},\"url\":\"https:\\\/\\\/diariotextual.com\\\/inicio\\\/index.php\\\/author\\\/diario2\\\/\"}]}<\/script>\n<!-- \/ Yoast SEO plugin. -->","yoast_head_json":{"title":"Aniversario de Colonia Bar\u00f3n: Ziliotto inaugur\u00f3 obras y anunci\u00f3 asfalto, iluminaci\u00f3n y viviendas - Diario Textual","robots":{"index":"index","follow":"follow","max-snippet":"max-snippet:-1","max-image-preview":"max-image-preview:large","max-video-preview":"max-video-preview:-1"},"canonical":"https:\/\/diariotextual.com\/inicio\/index.php\/2023\/03\/22\/aniversario-de-colonia-baron-ziliotto-inauguro-obras-y-anuncio-asfalto-iluminacion-y-viviendas\/","og_locale":"es_ES","og_type":"article","og_title":"Aniversario de Colonia Bar\u00f3n: Ziliotto inaugur\u00f3 obras y anunci\u00f3 asfalto, iluminaci\u00f3n y viviendas - Diario Textual","og_description":"El gobernador Sergio Ziliotto estuvo en los festejos por el 108\u00ba aniversario de la localidad de Colonia Bar\u00f3n donde inaugur\u00f3 la remodelaci\u00f3n de la Plaza San Mart\u00edn y entreg\u00f3 las&hellip;","og_url":"https:\/\/diariotextual.com\/inicio\/index.php\/2023\/03\/22\/aniversario-de-colonia-baron-ziliotto-inauguro-obras-y-anuncio-asfalto-iluminacion-y-viviendas\/","og_site_name":"Diario Textual","article_publisher":"https:\/\/www.facebook.com\/eltextual","article_published_time":"2023-03-22T18:57:08+00:00","article_modified_time":"2023-03-22T20:45:53+00:00","og_image":[{"width":834,"height":535,"url":"https:\/\/diariotextual.com\/inicio\/wp-content\/uploads\/2023\/03\/ziliottobaronaniversario75y423.jpeg","type":"image\/jpeg"}],"author":"diario2","twitter_card":"summary_large_image","twitter_creator":"@eltextual","twitter_site":"@eltextual","twitter_misc":{"Escrito por":"diario2","Tiempo de lectura":"5 minutos"},"schema":{"@context":"https:\/\/schema.org","@graph":[{"@type":"Article","@id":"https:\/\/diariotextual.com\/inicio\/index.php\/2023\/03\/22\/aniversario-de-colonia-baron-ziliotto-inauguro-obras-y-anuncio-asfalto-iluminacion-y-viviendas\/#article","isPartOf":{"@id":"https:\/\/diariotextual.com\/inicio\/index.php\/2023\/03\/22\/aniversario-de-colonia-baron-ziliotto-inauguro-obras-y-anuncio-asfalto-iluminacion-y-viviendas\/"},"author":{"name":"diario2","@id":"https:\/\/diariotextual.com\/inicio\/#\/schema\/person\/694f60677f23c4a530867a98f22b3768"},"headline":"Aniversario de Colonia Bar\u00f3n: Ziliotto inaugur\u00f3 obras y anunci\u00f3 asfalto, iluminaci\u00f3n y viviendas","datePublished":"2023-03-22T18:57:08+00:00","dateModified":"2023-03-22T20:45:53+00:00","mainEntityOfPage":{"@id":"https:\/\/diariotextual.com\/inicio\/index.php\/2023\/03\/22\/aniversario-de-colonia-baron-ziliotto-inauguro-obras-y-anuncio-asfalto-iluminacion-y-viviendas\/"},"wordCount":926,"publisher":{"@id":"https:\/\/diariotextual.com\/inicio\/#organization"},"image":{"@id":"https:\/\/diariotextual.com\/inicio\/index.php\/2023\/03\/22\/aniversario-de-colonia-baron-ziliotto-inauguro-obras-y-anuncio-asfalto-iluminacion-y-viviendas\/#primaryimage"},"thumbnailUrl":"https:\/\/diariotextual.com\/inicio\/wp-content\/uploads\/2023\/03\/ziliottobaronaniversario75y423.jpeg","articleSection":["A - ES NOTICIA (van abajo)","POLITICA"],"inLanguage":"es"},{"@type":"WebPage","@id":"https:\/\/diariotextual.com\/inicio\/index.php\/2023\/03\/22\/aniversario-de-colonia-baron-ziliotto-inauguro-obras-y-anuncio-asfalto-iluminacion-y-viviendas\/","url":"https:\/\/diariotextual.com\/inicio\/index.php\/2023\/03\/22\/aniversario-de-colonia-baron-ziliotto-inauguro-obras-y-anuncio-asfalto-iluminacion-y-viviendas\/","name":"Aniversario de Colonia Bar\u00f3n: Ziliotto inaugur\u00f3 obras y anunci\u00f3 asfalto, iluminaci\u00f3n y viviendas - Diario Textual","isPartOf":{"@id":"https:\/\/diariotextual.com\/inicio\/#website"},"primaryImageOfPage":{"@id":"https:\/\/diariotextual.com\/inicio\/index.php\/2023\/03\/22\/aniversario-de-colonia-baron-ziliotto-inauguro-obras-y-anuncio-asfalto-iluminacion-y-viviendas\/#primaryimage"},"image":{"@id":"https:\/\/diariotextual.com\/inicio\/index.php\/2023\/03\/22\/aniversario-de-colonia-baron-ziliotto-inauguro-obras-y-anuncio-asfalto-iluminacion-y-viviendas\/#primaryimage"},"thumbnailUrl":"https:\/\/diariotextual.com\/inicio\/wp-content\/uploads\/2023\/03\/ziliottobaronaniversario75y423.jpeg","datePublished":"2023-03-22T18:57:08+00:00","dateModified":"2023-03-22T20:45:53+00:00","breadcrumb":{"@id":"https:\/\/diariotextual.com\/inicio\/index.php\/2023\/03\/22\/aniversario-de-colonia-baron-ziliotto-inauguro-obras-y-anuncio-asfalto-iluminacion-y-viviendas\/#breadcrumb"},"inLanguage":"es","potentialAction":[{"@type":"ReadAction","target":["https:\/\/diariotextual.com\/inicio\/index.php\/2023\/03\/22\/aniversario-de-colonia-baron-ziliotto-inauguro-obras-y-anuncio-asfalto-iluminacion-y-viviendas\/"]}]},{"@type":"ImageObject","inLanguage":"es","@id":"https:\/\/diariotextual.com\/inicio\/index.php\/2023\/03\/22\/aniversario-de-colonia-baron-ziliotto-inauguro-obras-y-anuncio-asfalto-iluminacion-y-viviendas\/#primaryimage","url":"https:\/\/diariotextual.com\/inicio\/wp-content\/uploads\/2023\/03\/ziliottobaronaniversario75y423.jpeg","contentUrl":"https:\/\/diariotextual.com\/inicio\/wp-content\/uploads\/2023\/03\/ziliottobaronaniversario75y423.jpeg","width":834,"height":535},{"@type":"BreadcrumbList","@id":"https:\/\/diariotextual.com\/inicio\/index.php\/2023\/03\/22\/aniversario-de-colonia-baron-ziliotto-inauguro-obras-y-anuncio-asfalto-iluminacion-y-viviendas\/#breadcrumb","itemListElement":[{"@type":"ListItem","position":1,"name":"Portada","item":"https:\/\/diariotextual.com\/inicio\/"},{"@type":"ListItem","position":2,"name":"Aniversario de Colonia Bar\u00f3n: Ziliotto inaugur\u00f3 obras y anunci\u00f3 asfalto, iluminaci\u00f3n y viviendas"}]},{"@type":"WebSite","@id":"https:\/\/diariotextual.com\/inicio\/#website","url":"https:\/\/diariotextual.com\/inicio\/","name":"Diario Textual","description":"","publisher":{"@id":"https:\/\/diariotextual.com\/inicio\/#organization"},"potentialAction":[{"@type":"SearchAction","target":{"@type":"EntryPoint","urlTemplate":"https:\/\/diariotextual.com\/inicio\/?s={search_term_string}"},"query-input":{"@type":"PropertyValueSpecification","valueRequired":true,"valueName":"search_term_string"}}],"inLanguage":"es"},{"@type":"Organization","@id":"https:\/\/diariotextual.com\/inicio\/#organization","name":"Diario Textual","url":"https:\/\/diariotextual.com\/inicio\/","logo":{"@type":"ImageObject","inLanguage":"es","@id":"https:\/\/diariotextual.com\/inicio\/#\/schema\/logo\/image\/","url":"https:\/\/diariotextual.com\/inicio\/wp-content\/uploads\/2023\/05\/logotextual1.jpg","contentUrl":"https:\/\/diariotextual.com\/inicio\/wp-content\/uploads\/2023\/05\/logotextual1.jpg","width":516,"height":76,"caption":"Diario Textual"},"image":{"@id":"https:\/\/diariotextual.com\/inicio\/#\/schema\/logo\/image\/"},"sameAs":["https:\/\/www.facebook.com\/eltextual","https:\/\/x.com\/eltextual","http:\/\/www.instagram.com\/eltextual"]},{"@type":"Person","@id":"https:\/\/diariotextual.com\/inicio\/#\/schema\/person\/694f60677f23c4a530867a98f22b3768","name":"diario2","image":{"@type":"ImageObject","inLanguage":"es","@id":"https:\/\/secure.gravatar.com\/avatar\/5a2567495ba16b852fcd8f1ed006a2e24fcace936018ed8237e95f488ad6e0a7?s=96&d=mm&r=g","url":"https:\/\/secure.gravatar.com\/avatar\/5a2567495ba16b852fcd8f1ed006a2e24fcace936018ed8237e95f488ad6e0a7?s=96&d=mm&r=g","contentUrl":"https:\/\/secure.gravatar.com\/avatar\/5a2567495ba16b852fcd8f1ed006a2e24fcace936018ed8237e95f488ad6e0a7?s=96&d=mm&r=g","caption":"diario2"},"url":"https:\/\/diariotextual.com\/inicio\/index.php\/author\/diario2\/"}]}},"_links":{"self":[{"href":"https:\/\/diariotextual.com\/inicio\/index.php\/wp-json\/wp\/v2\/posts\/219727","targetHints":{"allow":["GET"]}}],"collection":[{"href":"https:\/\/diariotextual.com\/inicio\/index.php\/wp-json\/wp\/v2\/posts"}],"about":[{"href":"https:\/\/diariotextual.com\/inicio\/index.php\/wp-json\/wp\/v2\/types\/post"}],"author":[{"embeddable":true,"href":"https:\/\/diariotextual.com\/inicio\/index.php\/wp-json\/wp\/v2\/users\/4"}],"replies":[{"embeddable":true,"href":"https:\/\/diariotextual.com\/inicio\/index.php\/wp-json\/wp\/v2\/comments?post=219727"}],"version-history":[{"count":3,"href":"https:\/\/diariotextual.com\/inicio\/index.php\/wp-json\/wp\/v2\/posts\/219727\/revisions"}],"predecessor-version":[{"id":219733,"href":"https:\/\/diariotextual.com\/inicio\/index.php\/wp-json\/wp\/v2\/posts\/219727\/revisions\/219733"}],"wp:featuredmedia":[{"embeddable":true,"href":"https:\/\/diariotextual.com\/inicio\/index.php\/wp-json\/wp\/v2\/media\/219729"}],"wp:attachment":[{"href":"https:\/\/diariotextual.com\/inicio\/index.php\/wp-json\/wp\/v2\/media?parent=219727"}],"wp:term":[{"taxonomy":"category","embeddable":true,"href":"https:\/\/diariotextual.com\/inicio\/index.php\/wp-json\/wp\/v2\/categories?post=219727"},{"taxonomy":"post_tag","embeddable":true,"href":"https:\/\/diariotextual.com\/inicio\/index.php\/wp-json\/wp\/v2\/tags?post=219727"}],"curies":[{"name":"wp","href":"https:\/\/api.w.org\/{rel}","templated":true}]}}