{"id":219989,"date":"2023-03-25T16:34:37","date_gmt":"2023-03-25T19:34:37","guid":{"rendered":"https:\/\/diariotextual.com\/inicio\/?p=219989"},"modified":"2023-03-25T16:34:39","modified_gmt":"2023-03-25T19:34:39","slug":"tristan-historico-actor-y-humorista-argentino-fallecio-a-los-85-anos","status":"publish","type":"post","link":"https:\/\/diariotextual.com\/inicio\/index.php\/2023\/03\/25\/tristan-historico-actor-y-humorista-argentino-fallecio-a-los-85-anos\/","title":{"rendered":"Trist\u00e1n, hist\u00f3rico actor y humorista argentino, falleci\u00f3 a los 85 a\u00f1os"},"content":{"rendered":"\n<p>El actor y humorista Trist\u00e1n falleci\u00f3 este mediod\u00eda, a los 85 a\u00f1os, a causa de un grave cuadro de neumon\u00eda bilateral por el que se encontraba internado desde principios de marzo en la sala de terapia intensiva del Hospital Tr\u00e1nsito C\u00e1ceres Allende de la ciudad de C\u00f3rdoba.<\/p>\n\n\n\n<p>La noticia fue confirmada al sitio Teleshow por su hijo, Mariano, quien al momento del ingreso de su padre al mencionado sanatorio hab\u00eda explicado a los medios que \u00abten\u00eda dificultad para respirar\u00bb, por lo que los m\u00e9dicos que lo atendieron debieron recurrir a un respirador artificial y a la colocaci\u00f3n de una sonda para alimentarlo.<\/p>\n\n\n\n<p>Los problemas de salud de Trist\u00e1n Antonio D\u00edaz Ocampo -tal su nombre de nacimiento-, oriundo de la localidad bonaerense de Pergamino, comenzaron en diciembre de 2019, cuando sufri\u00f3 una fractura de cadera por la que tuvo que ser intervenido quir\u00fargicamente y, desde entonces, nunca m\u00e1s pudo volver a caminar.<\/p>\n\n\n\n<p>Por ese motivo, el humorista se hab\u00eda radicado hac\u00eda tiempo en C\u00f3rdoba, donde fue alojado en un centro de rehabilitaci\u00f3n y recib\u00eda las visitas tanto de Mariano como del resto de sus hijos, Federico, Victoria y Hern\u00e1n Rado; aunque su estado se volvi\u00f3 a debilitar luego de contagiarse de coronavirus.<\/p>\n\n\n\n<p>Si bien en los \u00faltimos a\u00f1os se dedic\u00f3 al teatro y a la televisi\u00f3n, Trist\u00e1n fue due\u00f1o de una amplia carrera en cine, industria en la que trabaj\u00f3 junto a figuras como Alberto Olmedo, Jorge Porcel, Susana Gim\u00e9nez, Juan Carlos Altavista y Juan Carlos Calabr\u00f3, entre otros.<\/p>\n\n\n\n<p>Algunos de sus filmes m\u00e1s recordados son \u201cCamarero nocturno en Mar del Plata\u201d,\u201d Las minas de Salom\u00f3n Rey\u201d y \u201cMingo y An\u00edbal en la mansi\u00f3n embrujada\u201d, todas de 1986.<\/p>\n","protected":false},"excerpt":{"rendered":"<p>El actor y humorista Trist\u00e1n falleci\u00f3 este mediod\u00eda, a los 85 a\u00f1os, a causa de un grave cuadro de neumon\u00eda bilateral por el que se encontraba internado desde principios de&hellip;<\/p>\n","protected":false},"author":4,"featured_media":219990,"comment_status":"closed","ping_status":"open","sticky":false,"template":"","format":"standard","meta":{"_acf_changed":false,"footnotes":""},"categories":[1,12],"tags":[],"class_list":["post-219989","post","type-post","status-publish","format-standard","has-post-thumbnail","hentry","category-es-noticia","category-sociedad"],"acf":[],"yoast_head":"<!-- This site is optimized with the Yoast SEO plugin v27.5 - https:\/\/yoast.com\/product\/yoast-seo-wordpress\/ -->\n<title>Trist\u00e1n, hist\u00f3rico actor y humorista argentino, falleci\u00f3 a los 85 a\u00f1os - Diario Textual<\/title>\n<meta name=\"robots\" content=\"index, follow, max-snippet:-1, max-image-preview:large, max-video-preview:-1\" \/>\n<link rel=\"canonical\" href=\"https:\/\/diariotextual.com\/inicio\/index.php\/2023\/03\/25\/tristan-historico-actor-y-humorista-argentino-fallecio-a-los-85-anos\/\" \/>\n<meta property=\"og:locale\" content=\"es_ES\" \/>\n<meta property=\"og:type\" content=\"article\" \/>\n<meta property=\"og:title\" content=\"Trist\u00e1n, hist\u00f3rico actor y humorista argentino, falleci\u00f3 a los 85 a\u00f1os - Diario Textual\" \/>\n<meta property=\"og:description\" content=\"El actor y humorista Trist\u00e1n falleci\u00f3 este mediod\u00eda, a los 85 a\u00f1os, a causa de un grave cuadro de neumon\u00eda bilateral por el que se encontraba internado desde principios de&hellip;\" \/>\n<meta property=\"og:url\" content=\"https:\/\/diariotextual.com\/inicio\/index.php\/2023\/03\/25\/tristan-historico-actor-y-humorista-argentino-fallecio-a-los-85-anos\/\" \/>\n<meta property=\"og:site_name\" content=\"Diario Textual\" \/>\n<meta property=\"article:publisher\" content=\"https:\/\/www.facebook.com\/eltextual\" \/>\n<meta property=\"article:published_time\" content=\"2023-03-25T19:34:37+00:00\" \/>\n<meta property=\"article:modified_time\" content=\"2023-03-25T19:34:39+00:00\" \/>\n<meta property=\"og:image\" content=\"https:\/\/diariotextual.com\/inicio\/wp-content\/uploads\/2023\/03\/tristan643545.jpg\" \/>\n\t<meta property=\"og:image:width\" content=\"470\" \/>\n\t<meta property=\"og:image:height\" content=\"313\" \/>\n\t<meta property=\"og:image:type\" content=\"image\/jpeg\" \/>\n<meta name=\"author\" content=\"diario2\" \/>\n<meta name=\"twitter:card\" content=\"summary_large_image\" \/>\n<meta name=\"twitter:creator\" content=\"@eltextual\" \/>\n<meta name=\"twitter:site\" content=\"@eltextual\" \/>\n<meta name=\"twitter:label1\" content=\"Escrito por\" \/>\n\t<meta name=\"twitter:data1\" content=\"diario2\" \/>\n\t<meta name=\"twitter:label2\" content=\"Tiempo de lectura\" \/>\n\t<meta name=\"twitter:data2\" content=\"2 minutos\" \/>\n<script type=\"application\/ld+json\" class=\"yoast-schema-graph\">{\"@context\":\"https:\\\/\\\/schema.org\",\"@graph\":[{\"@type\":\"Article\",\"@id\":\"https:\\\/\\\/diariotextual.com\\\/inicio\\\/index.php\\\/2023\\\/03\\\/25\\\/tristan-historico-actor-y-humorista-argentino-fallecio-a-los-85-anos\\\/#article\",\"isPartOf\":{\"@id\":\"https:\\\/\\\/diariotextual.com\\\/inicio\\\/index.php\\\/2023\\\/03\\\/25\\\/tristan-historico-actor-y-humorista-argentino-fallecio-a-los-85-anos\\\/\"},\"author\":{\"name\":\"diario2\",\"@id\":\"https:\\\/\\\/diariotextual.com\\\/inicio\\\/#\\\/schema\\\/person\\\/694f60677f23c4a530867a98f22b3768\"},\"headline\":\"Trist\u00e1n, hist\u00f3rico actor y humorista argentino, falleci\u00f3 a los 85 a\u00f1os\",\"datePublished\":\"2023-03-25T19:34:37+00:00\",\"dateModified\":\"2023-03-25T19:34:39+00:00\",\"mainEntityOfPage\":{\"@id\":\"https:\\\/\\\/diariotextual.com\\\/inicio\\\/index.php\\\/2023\\\/03\\\/25\\\/tristan-historico-actor-y-humorista-argentino-fallecio-a-los-85-anos\\\/\"},\"wordCount\":317,\"publisher\":{\"@id\":\"https:\\\/\\\/diariotextual.com\\\/inicio\\\/#organization\"},\"image\":{\"@id\":\"https:\\\/\\\/diariotextual.com\\\/inicio\\\/index.php\\\/2023\\\/03\\\/25\\\/tristan-historico-actor-y-humorista-argentino-fallecio-a-los-85-anos\\\/#primaryimage\"},\"thumbnailUrl\":\"https:\\\/\\\/diariotextual.com\\\/inicio\\\/wp-content\\\/uploads\\\/2023\\\/03\\\/tristan643545.jpg\",\"articleSection\":[\"A - ES NOTICIA (van abajo)\",\"SOCIEDAD\"],\"inLanguage\":\"es\"},{\"@type\":\"WebPage\",\"@id\":\"https:\\\/\\\/diariotextual.com\\\/inicio\\\/index.php\\\/2023\\\/03\\\/25\\\/tristan-historico-actor-y-humorista-argentino-fallecio-a-los-85-anos\\\/\",\"url\":\"https:\\\/\\\/diariotextual.com\\\/inicio\\\/index.php\\\/2023\\\/03\\\/25\\\/tristan-historico-actor-y-humorista-argentino-fallecio-a-los-85-anos\\\/\",\"name\":\"Trist\u00e1n, hist\u00f3rico actor y humorista argentino, falleci\u00f3 a los 85 a\u00f1os - Diario Textual\",\"isPartOf\":{\"@id\":\"https:\\\/\\\/diariotextual.com\\\/inicio\\\/#website\"},\"primaryImageOfPage\":{\"@id\":\"https:\\\/\\\/diariotextual.com\\\/inicio\\\/index.php\\\/2023\\\/03\\\/25\\\/tristan-historico-actor-y-humorista-argentino-fallecio-a-los-85-anos\\\/#primaryimage\"},\"image\":{\"@id\":\"https:\\\/\\\/diariotextual.com\\\/inicio\\\/index.php\\\/2023\\\/03\\\/25\\\/tristan-historico-actor-y-humorista-argentino-fallecio-a-los-85-anos\\\/#primaryimage\"},\"thumbnailUrl\":\"https:\\\/\\\/diariotextual.com\\\/inicio\\\/wp-content\\\/uploads\\\/2023\\\/03\\\/tristan643545.jpg\",\"datePublished\":\"2023-03-25T19:34:37+00:00\",\"dateModified\":\"2023-03-25T19:34:39+00:00\",\"breadcrumb\":{\"@id\":\"https:\\\/\\\/diariotextual.com\\\/inicio\\\/index.php\\\/2023\\\/03\\\/25\\\/tristan-historico-actor-y-humorista-argentino-fallecio-a-los-85-anos\\\/#breadcrumb\"},\"inLanguage\":\"es\",\"potentialAction\":[{\"@type\":\"ReadAction\",\"target\":[\"https:\\\/\\\/diariotextual.com\\\/inicio\\\/index.php\\\/2023\\\/03\\\/25\\\/tristan-historico-actor-y-humorista-argentino-fallecio-a-los-85-anos\\\/\"]}]},{\"@type\":\"ImageObject\",\"inLanguage\":\"es\",\"@id\":\"https:\\\/\\\/diariotextual.com\\\/inicio\\\/index.php\\\/2023\\\/03\\\/25\\\/tristan-historico-actor-y-humorista-argentino-fallecio-a-los-85-anos\\\/#primaryimage\",\"url\":\"https:\\\/\\\/diariotextual.com\\\/inicio\\\/wp-content\\\/uploads\\\/2023\\\/03\\\/tristan643545.jpg\",\"contentUrl\":\"https:\\\/\\\/diariotextual.com\\\/inicio\\\/wp-content\\\/uploads\\\/2023\\\/03\\\/tristan643545.jpg\",\"width\":470,\"height\":313},{\"@type\":\"BreadcrumbList\",\"@id\":\"https:\\\/\\\/diariotextual.com\\\/inicio\\\/index.php\\\/2023\\\/03\\\/25\\\/tristan-historico-actor-y-humorista-argentino-fallecio-a-los-85-anos\\\/#breadcrumb\",\"itemListElement\":[{\"@type\":\"ListItem\",\"position\":1,\"name\":\"Portada\",\"item\":\"https:\\\/\\\/diariotextual.com\\\/inicio\\\/\"},{\"@type\":\"ListItem\",\"position\":2,\"name\":\"Trist\u00e1n, hist\u00f3rico actor y humorista argentino, falleci\u00f3 a los 85 a\u00f1os\"}]},{\"@type\":\"WebSite\",\"@id\":\"https:\\\/\\\/diariotextual.com\\\/inicio\\\/#website\",\"url\":\"https:\\\/\\\/diariotextual.com\\\/inicio\\\/\",\"name\":\"Diario Textual\",\"description\":\"\",\"publisher\":{\"@id\":\"https:\\\/\\\/diariotextual.com\\\/inicio\\\/#organization\"},\"potentialAction\":[{\"@type\":\"SearchAction\",\"target\":{\"@type\":\"EntryPoint\",\"urlTemplate\":\"https:\\\/\\\/diariotextual.com\\\/inicio\\\/?s={search_term_string}\"},\"query-input\":{\"@type\":\"PropertyValueSpecification\",\"valueRequired\":true,\"valueName\":\"search_term_string\"}}],\"inLanguage\":\"es\"},{\"@type\":\"Organization\",\"@id\":\"https:\\\/\\\/diariotextual.com\\\/inicio\\\/#organization\",\"name\":\"Diario Textual\",\"url\":\"https:\\\/\\\/diariotextual.com\\\/inicio\\\/\",\"logo\":{\"@type\":\"ImageObject\",\"inLanguage\":\"es\",\"@id\":\"https:\\\/\\\/diariotextual.com\\\/inicio\\\/#\\\/schema\\\/logo\\\/image\\\/\",\"url\":\"https:\\\/\\\/diariotextual.com\\\/inicio\\\/wp-content\\\/uploads\\\/2023\\\/05\\\/logotextual1.jpg\",\"contentUrl\":\"https:\\\/\\\/diariotextual.com\\\/inicio\\\/wp-content\\\/uploads\\\/2023\\\/05\\\/logotextual1.jpg\",\"width\":516,\"height\":76,\"caption\":\"Diario Textual\"},\"image\":{\"@id\":\"https:\\\/\\\/diariotextual.com\\\/inicio\\\/#\\\/schema\\\/logo\\\/image\\\/\"},\"sameAs\":[\"https:\\\/\\\/www.facebook.com\\\/eltextual\",\"https:\\\/\\\/x.com\\\/eltextual\",\"http:\\\/\\\/www.instagram.com\\\/eltextual\"]},{\"@type\":\"Person\",\"@id\":\"https:\\\/\\\/diariotextual.com\\\/inicio\\\/#\\\/schema\\\/person\\\/694f60677f23c4a530867a98f22b3768\",\"name\":\"diario2\",\"image\":{\"@type\":\"ImageObject\",\"inLanguage\":\"es\",\"@id\":\"https:\\\/\\\/secure.gravatar.com\\\/avatar\\\/5a2567495ba16b852fcd8f1ed006a2e24fcace936018ed8237e95f488ad6e0a7?s=96&d=mm&r=g\",\"url\":\"https:\\\/\\\/secure.gravatar.com\\\/avatar\\\/5a2567495ba16b852fcd8f1ed006a2e24fcace936018ed8237e95f488ad6e0a7?s=96&d=mm&r=g\",\"contentUrl\":\"https:\\\/\\\/secure.gravatar.com\\\/avatar\\\/5a2567495ba16b852fcd8f1ed006a2e24fcace936018ed8237e95f488ad6e0a7?s=96&d=mm&r=g\",\"caption\":\"diario2\"},\"url\":\"https:\\\/\\\/diariotextual.com\\\/inicio\\\/index.php\\\/author\\\/diario2\\\/\"}]}<\/script>\n<!-- \/ Yoast SEO plugin. -->","yoast_head_json":{"title":"Trist\u00e1n, hist\u00f3rico actor y humorista argentino, falleci\u00f3 a los 85 a\u00f1os - Diario Textual","robots":{"index":"index","follow":"follow","max-snippet":"max-snippet:-1","max-image-preview":"max-image-preview:large","max-video-preview":"max-video-preview:-1"},"canonical":"https:\/\/diariotextual.com\/inicio\/index.php\/2023\/03\/25\/tristan-historico-actor-y-humorista-argentino-fallecio-a-los-85-anos\/","og_locale":"es_ES","og_type":"article","og_title":"Trist\u00e1n, hist\u00f3rico actor y humorista argentino, falleci\u00f3 a los 85 a\u00f1os - Diario Textual","og_description":"El actor y humorista Trist\u00e1n falleci\u00f3 este mediod\u00eda, a los 85 a\u00f1os, a causa de un grave cuadro de neumon\u00eda bilateral por el que se encontraba internado desde principios de&hellip;","og_url":"https:\/\/diariotextual.com\/inicio\/index.php\/2023\/03\/25\/tristan-historico-actor-y-humorista-argentino-fallecio-a-los-85-anos\/","og_site_name":"Diario Textual","article_publisher":"https:\/\/www.facebook.com\/eltextual","article_published_time":"2023-03-25T19:34:37+00:00","article_modified_time":"2023-03-25T19:34:39+00:00","og_image":[{"width":470,"height":313,"url":"https:\/\/diariotextual.com\/inicio\/wp-content\/uploads\/2023\/03\/tristan643545.jpg","type":"image\/jpeg"}],"author":"diario2","twitter_card":"summary_large_image","twitter_creator":"@eltextual","twitter_site":"@eltextual","twitter_misc":{"Escrito por":"diario2","Tiempo de lectura":"2 minutos"},"schema":{"@context":"https:\/\/schema.org","@graph":[{"@type":"Article","@id":"https:\/\/diariotextual.com\/inicio\/index.php\/2023\/03\/25\/tristan-historico-actor-y-humorista-argentino-fallecio-a-los-85-anos\/#article","isPartOf":{"@id":"https:\/\/diariotextual.com\/inicio\/index.php\/2023\/03\/25\/tristan-historico-actor-y-humorista-argentino-fallecio-a-los-85-anos\/"},"author":{"name":"diario2","@id":"https:\/\/diariotextual.com\/inicio\/#\/schema\/person\/694f60677f23c4a530867a98f22b3768"},"headline":"Trist\u00e1n, hist\u00f3rico actor y humorista argentino, falleci\u00f3 a los 85 a\u00f1os","datePublished":"2023-03-25T19:34:37+00:00","dateModified":"2023-03-25T19:34:39+00:00","mainEntityOfPage":{"@id":"https:\/\/diariotextual.com\/inicio\/index.php\/2023\/03\/25\/tristan-historico-actor-y-humorista-argentino-fallecio-a-los-85-anos\/"},"wordCount":317,"publisher":{"@id":"https:\/\/diariotextual.com\/inicio\/#organization"},"image":{"@id":"https:\/\/diariotextual.com\/inicio\/index.php\/2023\/03\/25\/tristan-historico-actor-y-humorista-argentino-fallecio-a-los-85-anos\/#primaryimage"},"thumbnailUrl":"https:\/\/diariotextual.com\/inicio\/wp-content\/uploads\/2023\/03\/tristan643545.jpg","articleSection":["A - ES NOTICIA (van abajo)","SOCIEDAD"],"inLanguage":"es"},{"@type":"WebPage","@id":"https:\/\/diariotextual.com\/inicio\/index.php\/2023\/03\/25\/tristan-historico-actor-y-humorista-argentino-fallecio-a-los-85-anos\/","url":"https:\/\/diariotextual.com\/inicio\/index.php\/2023\/03\/25\/tristan-historico-actor-y-humorista-argentino-fallecio-a-los-85-anos\/","name":"Trist\u00e1n, hist\u00f3rico actor y humorista argentino, falleci\u00f3 a los 85 a\u00f1os - Diario Textual","isPartOf":{"@id":"https:\/\/diariotextual.com\/inicio\/#website"},"primaryImageOfPage":{"@id":"https:\/\/diariotextual.com\/inicio\/index.php\/2023\/03\/25\/tristan-historico-actor-y-humorista-argentino-fallecio-a-los-85-anos\/#primaryimage"},"image":{"@id":"https:\/\/diariotextual.com\/inicio\/index.php\/2023\/03\/25\/tristan-historico-actor-y-humorista-argentino-fallecio-a-los-85-anos\/#primaryimage"},"thumbnailUrl":"https:\/\/diariotextual.com\/inicio\/wp-content\/uploads\/2023\/03\/tristan643545.jpg","datePublished":"2023-03-25T19:34:37+00:00","dateModified":"2023-03-25T19:34:39+00:00","breadcrumb":{"@id":"https:\/\/diariotextual.com\/inicio\/index.php\/2023\/03\/25\/tristan-historico-actor-y-humorista-argentino-fallecio-a-los-85-anos\/#breadcrumb"},"inLanguage":"es","potentialAction":[{"@type":"ReadAction","target":["https:\/\/diariotextual.com\/inicio\/index.php\/2023\/03\/25\/tristan-historico-actor-y-humorista-argentino-fallecio-a-los-85-anos\/"]}]},{"@type":"ImageObject","inLanguage":"es","@id":"https:\/\/diariotextual.com\/inicio\/index.php\/2023\/03\/25\/tristan-historico-actor-y-humorista-argentino-fallecio-a-los-85-anos\/#primaryimage","url":"https:\/\/diariotextual.com\/inicio\/wp-content\/uploads\/2023\/03\/tristan643545.jpg","contentUrl":"https:\/\/diariotextual.com\/inicio\/wp-content\/uploads\/2023\/03\/tristan643545.jpg","width":470,"height":313},{"@type":"BreadcrumbList","@id":"https:\/\/diariotextual.com\/inicio\/index.php\/2023\/03\/25\/tristan-historico-actor-y-humorista-argentino-fallecio-a-los-85-anos\/#breadcrumb","itemListElement":[{"@type":"ListItem","position":1,"name":"Portada","item":"https:\/\/diariotextual.com\/inicio\/"},{"@type":"ListItem","position":2,"name":"Trist\u00e1n, hist\u00f3rico actor y humorista argentino, falleci\u00f3 a los 85 a\u00f1os"}]},{"@type":"WebSite","@id":"https:\/\/diariotextual.com\/inicio\/#website","url":"https:\/\/diariotextual.com\/inicio\/","name":"Diario Textual","description":"","publisher":{"@id":"https:\/\/diariotextual.com\/inicio\/#organization"},"potentialAction":[{"@type":"SearchAction","target":{"@type":"EntryPoint","urlTemplate":"https:\/\/diariotextual.com\/inicio\/?s={search_term_string}"},"query-input":{"@type":"PropertyValueSpecification","valueRequired":true,"valueName":"search_term_string"}}],"inLanguage":"es"},{"@type":"Organization","@id":"https:\/\/diariotextual.com\/inicio\/#organization","name":"Diario Textual","url":"https:\/\/diariotextual.com\/inicio\/","logo":{"@type":"ImageObject","inLanguage":"es","@id":"https:\/\/diariotextual.com\/inicio\/#\/schema\/logo\/image\/","url":"https:\/\/diariotextual.com\/inicio\/wp-content\/uploads\/2023\/05\/logotextual1.jpg","contentUrl":"https:\/\/diariotextual.com\/inicio\/wp-content\/uploads\/2023\/05\/logotextual1.jpg","width":516,"height":76,"caption":"Diario Textual"},"image":{"@id":"https:\/\/diariotextual.com\/inicio\/#\/schema\/logo\/image\/"},"sameAs":["https:\/\/www.facebook.com\/eltextual","https:\/\/x.com\/eltextual","http:\/\/www.instagram.com\/eltextual"]},{"@type":"Person","@id":"https:\/\/diariotextual.com\/inicio\/#\/schema\/person\/694f60677f23c4a530867a98f22b3768","name":"diario2","image":{"@type":"ImageObject","inLanguage":"es","@id":"https:\/\/secure.gravatar.com\/avatar\/5a2567495ba16b852fcd8f1ed006a2e24fcace936018ed8237e95f488ad6e0a7?s=96&d=mm&r=g","url":"https:\/\/secure.gravatar.com\/avatar\/5a2567495ba16b852fcd8f1ed006a2e24fcace936018ed8237e95f488ad6e0a7?s=96&d=mm&r=g","contentUrl":"https:\/\/secure.gravatar.com\/avatar\/5a2567495ba16b852fcd8f1ed006a2e24fcace936018ed8237e95f488ad6e0a7?s=96&d=mm&r=g","caption":"diario2"},"url":"https:\/\/diariotextual.com\/inicio\/index.php\/author\/diario2\/"}]}},"_links":{"self":[{"href":"https:\/\/diariotextual.com\/inicio\/index.php\/wp-json\/wp\/v2\/posts\/219989","targetHints":{"allow":["GET"]}}],"collection":[{"href":"https:\/\/diariotextual.com\/inicio\/index.php\/wp-json\/wp\/v2\/posts"}],"about":[{"href":"https:\/\/diariotextual.com\/inicio\/index.php\/wp-json\/wp\/v2\/types\/post"}],"author":[{"embeddable":true,"href":"https:\/\/diariotextual.com\/inicio\/index.php\/wp-json\/wp\/v2\/users\/4"}],"replies":[{"embeddable":true,"href":"https:\/\/diariotextual.com\/inicio\/index.php\/wp-json\/wp\/v2\/comments?post=219989"}],"version-history":[{"count":1,"href":"https:\/\/diariotextual.com\/inicio\/index.php\/wp-json\/wp\/v2\/posts\/219989\/revisions"}],"predecessor-version":[{"id":219991,"href":"https:\/\/diariotextual.com\/inicio\/index.php\/wp-json\/wp\/v2\/posts\/219989\/revisions\/219991"}],"wp:featuredmedia":[{"embeddable":true,"href":"https:\/\/diariotextual.com\/inicio\/index.php\/wp-json\/wp\/v2\/media\/219990"}],"wp:attachment":[{"href":"https:\/\/diariotextual.com\/inicio\/index.php\/wp-json\/wp\/v2\/media?parent=219989"}],"wp:term":[{"taxonomy":"category","embeddable":true,"href":"https:\/\/diariotextual.com\/inicio\/index.php\/wp-json\/wp\/v2\/categories?post=219989"},{"taxonomy":"post_tag","embeddable":true,"href":"https:\/\/diariotextual.com\/inicio\/index.php\/wp-json\/wp\/v2\/tags?post=219989"}],"curies":[{"name":"wp","href":"https:\/\/api.w.org\/{rel}","templated":true}]}}