{"id":220024,"date":"2023-03-26T11:48:18","date_gmt":"2023-03-26T14:48:18","guid":{"rendered":"https:\/\/diariotextual.com\/inicio\/?p=220024"},"modified":"2023-03-27T15:41:18","modified_gmt":"2023-03-27T18:41:18","slug":"macri-anuncio-que-no-sera-candidato-en-las-proximas-elecciones","status":"publish","type":"post","link":"https:\/\/diariotextual.com\/inicio\/index.php\/2023\/03\/26\/macri-anuncio-que-no-sera-candidato-en-las-proximas-elecciones\/","title":{"rendered":"Macri anunci\u00f3 que no ser\u00e1 candidato en las pr\u00f3ximas elecciones"},"content":{"rendered":"\n<p>El expresidente&nbsp;<strong>Mauricio Macri<\/strong>&nbsp;afirm\u00f3 que no ser\u00e1 candidato en las pr\u00f3ximas elecciones nacionales. \u201cLo hago convencido de que&nbsp;<strong>hay que agrandar el espacio pol\u00edtico<\/strong>&nbsp;que iniciamos\u201d, afirm\u00f3 en un video publicado esta ma\u00f1ana en las redes sociales.<\/p>\n\n\n\n<p><strong>\u201cConf\u00edo en que van a elegir al que mejor nos represente\u201d,&nbsp;<\/strong>dijo. \u201cNunca m\u00e1s vamos a tener una marioneta que nos represente\u201d.<\/p>\n\n\n\n<p>Macri&nbsp;<strong>adelant\u00f3&nbsp;<\/strong>su anuncio en la fiesta de casamiento de&nbsp;<strong>Mar\u00eda Eugenia Vidal,<\/strong>&nbsp;que se hizo anoche en San Antonio de Areco.<\/p>\n\n\n\n<p>Su decisi\u00f3n&nbsp;<strong>permitir\u00e1 ordenar la interna del PRO,<\/strong>&nbsp;trabada por la sensaci\u00f3n de que pod\u00eda postularse y competir en las PASO con Horacio Rodr\u00edguez Larreta y Patricia Bullrich. Vidal ya hab\u00eda anticipado que iba a desistir de su candidatura si el exmandatario se lanzaba para volver a la Casa Rosada.<\/p>\n\n\n\n<p>\u201cS\u00e9 que millones de personas tienen el deseo de que volvamos a trabajar juntos en la direcci\u00f3n que comenzamos all\u00e1 por 2015, una direcci\u00f3n que tristemente se interrumpi\u00f3 en 2019, pero&nbsp;<strong>\u00bfc\u00f3mo llegamos a estar as\u00ed?&nbsp;<\/strong>-se pregunt\u00f3 Macri-. Son muchas las razones, pero quiero plantear una que venimos repitiendo hace d\u00e9cadas.&nbsp;<strong>Hace casi 80 a\u00f1os una parte importante de la sociedad argentina elegi\u00f3 creer en l\u00edderes messi\u00e1nicos,&nbsp;<\/strong>personajes que supuestamente nos salvar\u00edan y nos llevar\u00edan a una vida mejor. Muchos argentinos de una fe depositaron sus esperanzas en ellos y les dieron la responsabilidad de producir los cambios que se necesitaban. Pero este tipo de liderazgo termin\u00f3 siendo&nbsp;<strong>muy danino<\/strong>&nbsp;para el pa\u00eds. Les dio un<strong>&nbsp;poder desproporcionado<\/strong>&nbsp;a personas tan falibles como cualquiera\u201d.<\/p>\n\n\n\n<p><\/p>\n\n\n\n<p><\/p>\n","protected":false},"excerpt":{"rendered":"<p>El expresidente&nbsp;Mauricio Macri&nbsp;afirm\u00f3 que no ser\u00e1 candidato en las pr\u00f3ximas elecciones nacionales. \u201cLo hago convencido de que&nbsp;hay que agrandar el espacio pol\u00edtico&nbsp;que iniciamos\u201d, afirm\u00f3 en un video publicado esta ma\u00f1ana&hellip;<\/p>\n","protected":false},"author":3,"featured_media":104057,"comment_status":"closed","ping_status":"open","sticky":false,"template":"","format":"standard","meta":{"_acf_changed":false,"footnotes":""},"categories":[11,8],"tags":[],"class_list":["post-220024","post","type-post","status-publish","format-standard","has-post-thumbnail","hentry","category-que-pasa","category-politica"],"acf":[],"yoast_head":"<!-- This site is optimized with the Yoast SEO plugin v27.5 - https:\/\/yoast.com\/product\/yoast-seo-wordpress\/ -->\n<title>Macri anunci\u00f3 que no ser\u00e1 candidato en las pr\u00f3ximas elecciones - Diario Textual<\/title>\n<meta name=\"robots\" content=\"index, follow, max-snippet:-1, max-image-preview:large, max-video-preview:-1\" \/>\n<link rel=\"canonical\" href=\"https:\/\/diariotextual.com\/inicio\/index.php\/2023\/03\/26\/macri-anuncio-que-no-sera-candidato-en-las-proximas-elecciones\/\" \/>\n<meta property=\"og:locale\" content=\"es_ES\" \/>\n<meta property=\"og:type\" content=\"article\" \/>\n<meta property=\"og:title\" content=\"Macri anunci\u00f3 que no ser\u00e1 candidato en las pr\u00f3ximas elecciones - Diario Textual\" \/>\n<meta property=\"og:description\" content=\"El expresidente&nbsp;Mauricio Macri&nbsp;afirm\u00f3 que no ser\u00e1 candidato en las pr\u00f3ximas elecciones nacionales. \u201cLo hago convencido de que&nbsp;hay que agrandar el espacio pol\u00edtico&nbsp;que iniciamos\u201d, afirm\u00f3 en un video publicado esta ma\u00f1ana&hellip;\" \/>\n<meta property=\"og:url\" content=\"https:\/\/diariotextual.com\/inicio\/index.php\/2023\/03\/26\/macri-anuncio-que-no-sera-candidato-en-las-proximas-elecciones\/\" \/>\n<meta property=\"og:site_name\" content=\"Diario Textual\" \/>\n<meta property=\"article:publisher\" content=\"https:\/\/www.facebook.com\/eltextual\" \/>\n<meta property=\"article:published_time\" content=\"2023-03-26T14:48:18+00:00\" \/>\n<meta property=\"article:modified_time\" content=\"2023-03-27T18:41:18+00:00\" \/>\n<meta property=\"og:image\" content=\"https:\/\/diariotextual.com\/inicio\/wp-content\/uploads\/2020\/07\/macrimauricio000099.jpg\" \/>\n\t<meta property=\"og:image:width\" content=\"1000\" \/>\n\t<meta property=\"og:image:height\" content=\"600\" \/>\n\t<meta property=\"og:image:type\" content=\"image\/jpeg\" \/>\n<meta name=\"author\" content=\"Diario1 Diario1\" \/>\n<meta name=\"twitter:card\" content=\"summary_large_image\" \/>\n<meta name=\"twitter:creator\" content=\"@eltextual\" \/>\n<meta name=\"twitter:site\" content=\"@eltextual\" \/>\n<meta name=\"twitter:label1\" content=\"Escrito por\" \/>\n\t<meta name=\"twitter:data1\" content=\"Diario1 Diario1\" \/>\n\t<meta name=\"twitter:label2\" content=\"Tiempo de lectura\" \/>\n\t<meta name=\"twitter:data2\" content=\"2 minutos\" \/>\n<script type=\"application\/ld+json\" class=\"yoast-schema-graph\">{\"@context\":\"https:\\\/\\\/schema.org\",\"@graph\":[{\"@type\":\"Article\",\"@id\":\"https:\\\/\\\/diariotextual.com\\\/inicio\\\/index.php\\\/2023\\\/03\\\/26\\\/macri-anuncio-que-no-sera-candidato-en-las-proximas-elecciones\\\/#article\",\"isPartOf\":{\"@id\":\"https:\\\/\\\/diariotextual.com\\\/inicio\\\/index.php\\\/2023\\\/03\\\/26\\\/macri-anuncio-que-no-sera-candidato-en-las-proximas-elecciones\\\/\"},\"author\":{\"name\":\"Diario1 Diario1\",\"@id\":\"https:\\\/\\\/diariotextual.com\\\/inicio\\\/#\\\/schema\\\/person\\\/418fc4093c33e86ed41562db3508f958\"},\"headline\":\"Macri anunci\u00f3 que no ser\u00e1 candidato en las pr\u00f3ximas elecciones\",\"datePublished\":\"2023-03-26T14:48:18+00:00\",\"dateModified\":\"2023-03-27T18:41:18+00:00\",\"mainEntityOfPage\":{\"@id\":\"https:\\\/\\\/diariotextual.com\\\/inicio\\\/index.php\\\/2023\\\/03\\\/26\\\/macri-anuncio-que-no-sera-candidato-en-las-proximas-elecciones\\\/\"},\"wordCount\":305,\"publisher\":{\"@id\":\"https:\\\/\\\/diariotextual.com\\\/inicio\\\/#organization\"},\"image\":{\"@id\":\"https:\\\/\\\/diariotextual.com\\\/inicio\\\/index.php\\\/2023\\\/03\\\/26\\\/macri-anuncio-que-no-sera-candidato-en-las-proximas-elecciones\\\/#primaryimage\"},\"thumbnailUrl\":\"https:\\\/\\\/diariotextual.com\\\/inicio\\\/wp-content\\\/uploads\\\/2020\\\/07\\\/macrimauricio000099.jpg\",\"articleSection\":[\"A - QUE PASA (al costado)\",\"POLITICA\"],\"inLanguage\":\"es\"},{\"@type\":\"WebPage\",\"@id\":\"https:\\\/\\\/diariotextual.com\\\/inicio\\\/index.php\\\/2023\\\/03\\\/26\\\/macri-anuncio-que-no-sera-candidato-en-las-proximas-elecciones\\\/\",\"url\":\"https:\\\/\\\/diariotextual.com\\\/inicio\\\/index.php\\\/2023\\\/03\\\/26\\\/macri-anuncio-que-no-sera-candidato-en-las-proximas-elecciones\\\/\",\"name\":\"Macri anunci\u00f3 que no ser\u00e1 candidato en las pr\u00f3ximas elecciones - Diario Textual\",\"isPartOf\":{\"@id\":\"https:\\\/\\\/diariotextual.com\\\/inicio\\\/#website\"},\"primaryImageOfPage\":{\"@id\":\"https:\\\/\\\/diariotextual.com\\\/inicio\\\/index.php\\\/2023\\\/03\\\/26\\\/macri-anuncio-que-no-sera-candidato-en-las-proximas-elecciones\\\/#primaryimage\"},\"image\":{\"@id\":\"https:\\\/\\\/diariotextual.com\\\/inicio\\\/index.php\\\/2023\\\/03\\\/26\\\/macri-anuncio-que-no-sera-candidato-en-las-proximas-elecciones\\\/#primaryimage\"},\"thumbnailUrl\":\"https:\\\/\\\/diariotextual.com\\\/inicio\\\/wp-content\\\/uploads\\\/2020\\\/07\\\/macrimauricio000099.jpg\",\"datePublished\":\"2023-03-26T14:48:18+00:00\",\"dateModified\":\"2023-03-27T18:41:18+00:00\",\"breadcrumb\":{\"@id\":\"https:\\\/\\\/diariotextual.com\\\/inicio\\\/index.php\\\/2023\\\/03\\\/26\\\/macri-anuncio-que-no-sera-candidato-en-las-proximas-elecciones\\\/#breadcrumb\"},\"inLanguage\":\"es\",\"potentialAction\":[{\"@type\":\"ReadAction\",\"target\":[\"https:\\\/\\\/diariotextual.com\\\/inicio\\\/index.php\\\/2023\\\/03\\\/26\\\/macri-anuncio-que-no-sera-candidato-en-las-proximas-elecciones\\\/\"]}]},{\"@type\":\"ImageObject\",\"inLanguage\":\"es\",\"@id\":\"https:\\\/\\\/diariotextual.com\\\/inicio\\\/index.php\\\/2023\\\/03\\\/26\\\/macri-anuncio-que-no-sera-candidato-en-las-proximas-elecciones\\\/#primaryimage\",\"url\":\"https:\\\/\\\/diariotextual.com\\\/inicio\\\/wp-content\\\/uploads\\\/2020\\\/07\\\/macrimauricio000099.jpg\",\"contentUrl\":\"https:\\\/\\\/diariotextual.com\\\/inicio\\\/wp-content\\\/uploads\\\/2020\\\/07\\\/macrimauricio000099.jpg\",\"width\":1000,\"height\":600},{\"@type\":\"BreadcrumbList\",\"@id\":\"https:\\\/\\\/diariotextual.com\\\/inicio\\\/index.php\\\/2023\\\/03\\\/26\\\/macri-anuncio-que-no-sera-candidato-en-las-proximas-elecciones\\\/#breadcrumb\",\"itemListElement\":[{\"@type\":\"ListItem\",\"position\":1,\"name\":\"Portada\",\"item\":\"https:\\\/\\\/diariotextual.com\\\/inicio\\\/\"},{\"@type\":\"ListItem\",\"position\":2,\"name\":\"Macri anunci\u00f3 que no ser\u00e1 candidato en las pr\u00f3ximas elecciones\"}]},{\"@type\":\"WebSite\",\"@id\":\"https:\\\/\\\/diariotextual.com\\\/inicio\\\/#website\",\"url\":\"https:\\\/\\\/diariotextual.com\\\/inicio\\\/\",\"name\":\"Diario Textual\",\"description\":\"\",\"publisher\":{\"@id\":\"https:\\\/\\\/diariotextual.com\\\/inicio\\\/#organization\"},\"potentialAction\":[{\"@type\":\"SearchAction\",\"target\":{\"@type\":\"EntryPoint\",\"urlTemplate\":\"https:\\\/\\\/diariotextual.com\\\/inicio\\\/?s={search_term_string}\"},\"query-input\":{\"@type\":\"PropertyValueSpecification\",\"valueRequired\":true,\"valueName\":\"search_term_string\"}}],\"inLanguage\":\"es\"},{\"@type\":\"Organization\",\"@id\":\"https:\\\/\\\/diariotextual.com\\\/inicio\\\/#organization\",\"name\":\"Diario Textual\",\"url\":\"https:\\\/\\\/diariotextual.com\\\/inicio\\\/\",\"logo\":{\"@type\":\"ImageObject\",\"inLanguage\":\"es\",\"@id\":\"https:\\\/\\\/diariotextual.com\\\/inicio\\\/#\\\/schema\\\/logo\\\/image\\\/\",\"url\":\"https:\\\/\\\/diariotextual.com\\\/inicio\\\/wp-content\\\/uploads\\\/2023\\\/05\\\/logotextual1.jpg\",\"contentUrl\":\"https:\\\/\\\/diariotextual.com\\\/inicio\\\/wp-content\\\/uploads\\\/2023\\\/05\\\/logotextual1.jpg\",\"width\":516,\"height\":76,\"caption\":\"Diario Textual\"},\"image\":{\"@id\":\"https:\\\/\\\/diariotextual.com\\\/inicio\\\/#\\\/schema\\\/logo\\\/image\\\/\"},\"sameAs\":[\"https:\\\/\\\/www.facebook.com\\\/eltextual\",\"https:\\\/\\\/x.com\\\/eltextual\",\"http:\\\/\\\/www.instagram.com\\\/eltextual\"]},{\"@type\":\"Person\",\"@id\":\"https:\\\/\\\/diariotextual.com\\\/inicio\\\/#\\\/schema\\\/person\\\/418fc4093c33e86ed41562db3508f958\",\"name\":\"Diario1 Diario1\",\"image\":{\"@type\":\"ImageObject\",\"inLanguage\":\"es\",\"@id\":\"https:\\\/\\\/secure.gravatar.com\\\/avatar\\\/9167d280179c85bc18be67aa7eda765854300033af4896dd779b608640f2ef7a?s=96&d=mm&r=g\",\"url\":\"https:\\\/\\\/secure.gravatar.com\\\/avatar\\\/9167d280179c85bc18be67aa7eda765854300033af4896dd779b608640f2ef7a?s=96&d=mm&r=g\",\"contentUrl\":\"https:\\\/\\\/secure.gravatar.com\\\/avatar\\\/9167d280179c85bc18be67aa7eda765854300033af4896dd779b608640f2ef7a?s=96&d=mm&r=g\",\"caption\":\"Diario1 Diario1\"},\"url\":\"https:\\\/\\\/diariotextual.com\\\/inicio\\\/index.php\\\/author\\\/diario1\\\/\"}]}<\/script>\n<!-- \/ Yoast SEO plugin. -->","yoast_head_json":{"title":"Macri anunci\u00f3 que no ser\u00e1 candidato en las pr\u00f3ximas elecciones - Diario Textual","robots":{"index":"index","follow":"follow","max-snippet":"max-snippet:-1","max-image-preview":"max-image-preview:large","max-video-preview":"max-video-preview:-1"},"canonical":"https:\/\/diariotextual.com\/inicio\/index.php\/2023\/03\/26\/macri-anuncio-que-no-sera-candidato-en-las-proximas-elecciones\/","og_locale":"es_ES","og_type":"article","og_title":"Macri anunci\u00f3 que no ser\u00e1 candidato en las pr\u00f3ximas elecciones - Diario Textual","og_description":"El expresidente&nbsp;Mauricio Macri&nbsp;afirm\u00f3 que no ser\u00e1 candidato en las pr\u00f3ximas elecciones nacionales. \u201cLo hago convencido de que&nbsp;hay que agrandar el espacio pol\u00edtico&nbsp;que iniciamos\u201d, afirm\u00f3 en un video publicado esta ma\u00f1ana&hellip;","og_url":"https:\/\/diariotextual.com\/inicio\/index.php\/2023\/03\/26\/macri-anuncio-que-no-sera-candidato-en-las-proximas-elecciones\/","og_site_name":"Diario Textual","article_publisher":"https:\/\/www.facebook.com\/eltextual","article_published_time":"2023-03-26T14:48:18+00:00","article_modified_time":"2023-03-27T18:41:18+00:00","og_image":[{"width":1000,"height":600,"url":"https:\/\/diariotextual.com\/inicio\/wp-content\/uploads\/2020\/07\/macrimauricio000099.jpg","type":"image\/jpeg"}],"author":"Diario1 Diario1","twitter_card":"summary_large_image","twitter_creator":"@eltextual","twitter_site":"@eltextual","twitter_misc":{"Escrito por":"Diario1 Diario1","Tiempo de lectura":"2 minutos"},"schema":{"@context":"https:\/\/schema.org","@graph":[{"@type":"Article","@id":"https:\/\/diariotextual.com\/inicio\/index.php\/2023\/03\/26\/macri-anuncio-que-no-sera-candidato-en-las-proximas-elecciones\/#article","isPartOf":{"@id":"https:\/\/diariotextual.com\/inicio\/index.php\/2023\/03\/26\/macri-anuncio-que-no-sera-candidato-en-las-proximas-elecciones\/"},"author":{"name":"Diario1 Diario1","@id":"https:\/\/diariotextual.com\/inicio\/#\/schema\/person\/418fc4093c33e86ed41562db3508f958"},"headline":"Macri anunci\u00f3 que no ser\u00e1 candidato en las pr\u00f3ximas elecciones","datePublished":"2023-03-26T14:48:18+00:00","dateModified":"2023-03-27T18:41:18+00:00","mainEntityOfPage":{"@id":"https:\/\/diariotextual.com\/inicio\/index.php\/2023\/03\/26\/macri-anuncio-que-no-sera-candidato-en-las-proximas-elecciones\/"},"wordCount":305,"publisher":{"@id":"https:\/\/diariotextual.com\/inicio\/#organization"},"image":{"@id":"https:\/\/diariotextual.com\/inicio\/index.php\/2023\/03\/26\/macri-anuncio-que-no-sera-candidato-en-las-proximas-elecciones\/#primaryimage"},"thumbnailUrl":"https:\/\/diariotextual.com\/inicio\/wp-content\/uploads\/2020\/07\/macrimauricio000099.jpg","articleSection":["A - QUE PASA (al costado)","POLITICA"],"inLanguage":"es"},{"@type":"WebPage","@id":"https:\/\/diariotextual.com\/inicio\/index.php\/2023\/03\/26\/macri-anuncio-que-no-sera-candidato-en-las-proximas-elecciones\/","url":"https:\/\/diariotextual.com\/inicio\/index.php\/2023\/03\/26\/macri-anuncio-que-no-sera-candidato-en-las-proximas-elecciones\/","name":"Macri anunci\u00f3 que no ser\u00e1 candidato en las pr\u00f3ximas elecciones - Diario Textual","isPartOf":{"@id":"https:\/\/diariotextual.com\/inicio\/#website"},"primaryImageOfPage":{"@id":"https:\/\/diariotextual.com\/inicio\/index.php\/2023\/03\/26\/macri-anuncio-que-no-sera-candidato-en-las-proximas-elecciones\/#primaryimage"},"image":{"@id":"https:\/\/diariotextual.com\/inicio\/index.php\/2023\/03\/26\/macri-anuncio-que-no-sera-candidato-en-las-proximas-elecciones\/#primaryimage"},"thumbnailUrl":"https:\/\/diariotextual.com\/inicio\/wp-content\/uploads\/2020\/07\/macrimauricio000099.jpg","datePublished":"2023-03-26T14:48:18+00:00","dateModified":"2023-03-27T18:41:18+00:00","breadcrumb":{"@id":"https:\/\/diariotextual.com\/inicio\/index.php\/2023\/03\/26\/macri-anuncio-que-no-sera-candidato-en-las-proximas-elecciones\/#breadcrumb"},"inLanguage":"es","potentialAction":[{"@type":"ReadAction","target":["https:\/\/diariotextual.com\/inicio\/index.php\/2023\/03\/26\/macri-anuncio-que-no-sera-candidato-en-las-proximas-elecciones\/"]}]},{"@type":"ImageObject","inLanguage":"es","@id":"https:\/\/diariotextual.com\/inicio\/index.php\/2023\/03\/26\/macri-anuncio-que-no-sera-candidato-en-las-proximas-elecciones\/#primaryimage","url":"https:\/\/diariotextual.com\/inicio\/wp-content\/uploads\/2020\/07\/macrimauricio000099.jpg","contentUrl":"https:\/\/diariotextual.com\/inicio\/wp-content\/uploads\/2020\/07\/macrimauricio000099.jpg","width":1000,"height":600},{"@type":"BreadcrumbList","@id":"https:\/\/diariotextual.com\/inicio\/index.php\/2023\/03\/26\/macri-anuncio-que-no-sera-candidato-en-las-proximas-elecciones\/#breadcrumb","itemListElement":[{"@type":"ListItem","position":1,"name":"Portada","item":"https:\/\/diariotextual.com\/inicio\/"},{"@type":"ListItem","position":2,"name":"Macri anunci\u00f3 que no ser\u00e1 candidato en las pr\u00f3ximas elecciones"}]},{"@type":"WebSite","@id":"https:\/\/diariotextual.com\/inicio\/#website","url":"https:\/\/diariotextual.com\/inicio\/","name":"Diario Textual","description":"","publisher":{"@id":"https:\/\/diariotextual.com\/inicio\/#organization"},"potentialAction":[{"@type":"SearchAction","target":{"@type":"EntryPoint","urlTemplate":"https:\/\/diariotextual.com\/inicio\/?s={search_term_string}"},"query-input":{"@type":"PropertyValueSpecification","valueRequired":true,"valueName":"search_term_string"}}],"inLanguage":"es"},{"@type":"Organization","@id":"https:\/\/diariotextual.com\/inicio\/#organization","name":"Diario Textual","url":"https:\/\/diariotextual.com\/inicio\/","logo":{"@type":"ImageObject","inLanguage":"es","@id":"https:\/\/diariotextual.com\/inicio\/#\/schema\/logo\/image\/","url":"https:\/\/diariotextual.com\/inicio\/wp-content\/uploads\/2023\/05\/logotextual1.jpg","contentUrl":"https:\/\/diariotextual.com\/inicio\/wp-content\/uploads\/2023\/05\/logotextual1.jpg","width":516,"height":76,"caption":"Diario Textual"},"image":{"@id":"https:\/\/diariotextual.com\/inicio\/#\/schema\/logo\/image\/"},"sameAs":["https:\/\/www.facebook.com\/eltextual","https:\/\/x.com\/eltextual","http:\/\/www.instagram.com\/eltextual"]},{"@type":"Person","@id":"https:\/\/diariotextual.com\/inicio\/#\/schema\/person\/418fc4093c33e86ed41562db3508f958","name":"Diario1 Diario1","image":{"@type":"ImageObject","inLanguage":"es","@id":"https:\/\/secure.gravatar.com\/avatar\/9167d280179c85bc18be67aa7eda765854300033af4896dd779b608640f2ef7a?s=96&d=mm&r=g","url":"https:\/\/secure.gravatar.com\/avatar\/9167d280179c85bc18be67aa7eda765854300033af4896dd779b608640f2ef7a?s=96&d=mm&r=g","contentUrl":"https:\/\/secure.gravatar.com\/avatar\/9167d280179c85bc18be67aa7eda765854300033af4896dd779b608640f2ef7a?s=96&d=mm&r=g","caption":"Diario1 Diario1"},"url":"https:\/\/diariotextual.com\/inicio\/index.php\/author\/diario1\/"}]}},"_links":{"self":[{"href":"https:\/\/diariotextual.com\/inicio\/index.php\/wp-json\/wp\/v2\/posts\/220024","targetHints":{"allow":["GET"]}}],"collection":[{"href":"https:\/\/diariotextual.com\/inicio\/index.php\/wp-json\/wp\/v2\/posts"}],"about":[{"href":"https:\/\/diariotextual.com\/inicio\/index.php\/wp-json\/wp\/v2\/types\/post"}],"author":[{"embeddable":true,"href":"https:\/\/diariotextual.com\/inicio\/index.php\/wp-json\/wp\/v2\/users\/3"}],"replies":[{"embeddable":true,"href":"https:\/\/diariotextual.com\/inicio\/index.php\/wp-json\/wp\/v2\/comments?post=220024"}],"version-history":[{"count":4,"href":"https:\/\/diariotextual.com\/inicio\/index.php\/wp-json\/wp\/v2\/posts\/220024\/revisions"}],"predecessor-version":[{"id":220049,"href":"https:\/\/diariotextual.com\/inicio\/index.php\/wp-json\/wp\/v2\/posts\/220024\/revisions\/220049"}],"wp:featuredmedia":[{"embeddable":true,"href":"https:\/\/diariotextual.com\/inicio\/index.php\/wp-json\/wp\/v2\/media\/104057"}],"wp:attachment":[{"href":"https:\/\/diariotextual.com\/inicio\/index.php\/wp-json\/wp\/v2\/media?parent=220024"}],"wp:term":[{"taxonomy":"category","embeddable":true,"href":"https:\/\/diariotextual.com\/inicio\/index.php\/wp-json\/wp\/v2\/categories?post=220024"},{"taxonomy":"post_tag","embeddable":true,"href":"https:\/\/diariotextual.com\/inicio\/index.php\/wp-json\/wp\/v2\/tags?post=220024"}],"curies":[{"name":"wp","href":"https:\/\/api.w.org\/{rel}","templated":true}]}}