{"id":220242,"date":"2023-03-28T17:56:57","date_gmt":"2023-03-28T20:56:57","guid":{"rendered":"https:\/\/diariotextual.com\/inicio\/?p=220242"},"modified":"2023-03-28T17:56:59","modified_gmt":"2023-03-28T20:56:59","slug":"santa-rosa-comienzan-las-clases-de-la-escuela-integral-de-tambores-2","status":"publish","type":"post","link":"https:\/\/diariotextual.com\/inicio\/index.php\/2023\/03\/28\/santa-rosa-comienzan-las-clases-de-la-escuela-integral-de-tambores-2\/","title":{"rendered":"Santa Rosa: comienzan las clases de la Escuela Integral de Tambores"},"content":{"rendered":"\n<p>La <strong>Escuela Integral de Tambores<\/strong> comenzar\u00e1 sus actividades el lunes 3 de abril a las 21hs en el Complejo Cultural El Molino, hist\u00f3rico edificio de Santa Rosa ubicado en calle Maip\u00fa, entre 1\u00b0 de Mayo y Alsina.<\/p>\n\n\n\n<p>All\u00ed la Escuela <strong>abrir\u00e1 sus clases a personas mayores de 18 a\u00f1os los lunes, mi\u00e9rcoles y viernes desde las 21hs. <\/strong>Los dos primeros meses ser\u00e1n de abordaje de los principios b\u00e1sicos de la percusi\u00f3n, una etapa para la que no se necesitan conocimientos previos en el tema, sino simplemente ganas de mover el cuerpo y aprender.<\/p>\n\n\n\n<p>Luego de esa etapa inicial, los lunes se dedicar\u00e1n al candombe, los mi\u00e9rcoles al folklore latinoamericano y los viernes a la direcci\u00f3n con se\u00f1as. No es indispensable contar con instrumento porque la Escuela tiene una amplia variedad de tambores, pero quien tenga puede acercar el suyo.<\/p>\n\n\n\n<p>Para conocer m\u00e1s detalles, se recomienda comunicarse por Instagram @escueladetambores o al Facebook h<a href=\"\/\/www.facebook.com\/escueladetambores .\" target=\"_blank\" rel=\"noreferrer noopener\">ttps:\/\/www.facebook.com\/escueladetambores .<\/a><\/p>\n\n\n\n<p>La Escuela viene de participar del Atuel Rock que se realiz\u00f3 el 25 de marzo en General Pico y de festejar sus ocho a\u00f1os en 2022. En a\u00f1os anteriores ha organizado capacitaciones abiertas con el grupo Hiperkin\u00e9ticos; Eugenio Loza y Diego Iglesias (El Choque Urbano); Juampi Francisconi (La Bomba de Tiempo); y Nico Arroyo (Duratierra).<\/p>\n\n\n\n<p>De esta manera <strong>la Escuela Integral de Tambores contin\u00faa la caminata iniciada en 2014 por Pablo Ardovino<\/strong> junto a un grupo de entusiastas en los terrenos del ferrocarril, y que persisti\u00f3 estos nueve a\u00f1os con una visi\u00f3n latinoamericana, de g\u00e9nero y con perspectiva de derechos humanos.<\/p>\n","protected":false},"excerpt":{"rendered":"<p>La Escuela Integral de Tambores comenzar\u00e1 sus actividades el lunes 3 de abril a las 21hs en el Complejo Cultural El Molino, hist\u00f3rico edificio de Santa Rosa ubicado en calle&hellip;<\/p>\n","protected":false},"author":4,"featured_media":204793,"comment_status":"closed","ping_status":"open","sticky":false,"template":"","format":"standard","meta":{"_acf_changed":false,"footnotes":""},"categories":[1,2],"tags":[],"class_list":["post-220242","post","type-post","status-publish","format-standard","has-post-thumbnail","hentry","category-es-noticia","category-cultura"],"acf":[],"yoast_head":"<!-- This site is optimized with the Yoast SEO plugin v27.5 - https:\/\/yoast.com\/product\/yoast-seo-wordpress\/ -->\n<title>Santa Rosa: comienzan las clases de la Escuela Integral de Tambores - Diario Textual<\/title>\n<meta name=\"robots\" content=\"index, follow, max-snippet:-1, max-image-preview:large, max-video-preview:-1\" \/>\n<link rel=\"canonical\" href=\"https:\/\/diariotextual.com\/inicio\/index.php\/2023\/03\/28\/santa-rosa-comienzan-las-clases-de-la-escuela-integral-de-tambores-2\/\" \/>\n<meta property=\"og:locale\" content=\"es_ES\" \/>\n<meta property=\"og:type\" content=\"article\" \/>\n<meta property=\"og:title\" content=\"Santa Rosa: comienzan las clases de la Escuela Integral de Tambores - Diario Textual\" \/>\n<meta property=\"og:description\" content=\"La Escuela Integral de Tambores comenzar\u00e1 sus actividades el lunes 3 de abril a las 21hs en el Complejo Cultural El Molino, hist\u00f3rico edificio de Santa Rosa ubicado en calle&hellip;\" \/>\n<meta property=\"og:url\" content=\"https:\/\/diariotextual.com\/inicio\/index.php\/2023\/03\/28\/santa-rosa-comienzan-las-clases-de-la-escuela-integral-de-tambores-2\/\" \/>\n<meta property=\"og:site_name\" content=\"Diario Textual\" \/>\n<meta property=\"article:publisher\" content=\"https:\/\/www.facebook.com\/eltextual\" \/>\n<meta property=\"article:published_time\" content=\"2023-03-28T20:56:57+00:00\" \/>\n<meta property=\"article:modified_time\" content=\"2023-03-28T20:56:59+00:00\" \/>\n<meta property=\"og:image\" content=\"https:\/\/diariotextual.com\/inicio\/wp-content\/uploads\/2022\/10\/escuelatambores544869.jpg\" \/>\n\t<meta property=\"og:image:width\" content=\"995\" \/>\n\t<meta property=\"og:image:height\" content=\"631\" \/>\n\t<meta property=\"og:image:type\" content=\"image\/jpeg\" \/>\n<meta name=\"author\" content=\"diario2\" \/>\n<meta name=\"twitter:card\" content=\"summary_large_image\" \/>\n<meta name=\"twitter:creator\" content=\"@eltextual\" \/>\n<meta name=\"twitter:site\" content=\"@eltextual\" \/>\n<meta name=\"twitter:label1\" content=\"Escrito por\" \/>\n\t<meta name=\"twitter:data1\" content=\"diario2\" \/>\n\t<meta name=\"twitter:label2\" content=\"Tiempo de lectura\" \/>\n\t<meta name=\"twitter:data2\" content=\"2 minutos\" \/>\n<script type=\"application\/ld+json\" class=\"yoast-schema-graph\">{\"@context\":\"https:\\\/\\\/schema.org\",\"@graph\":[{\"@type\":\"Article\",\"@id\":\"https:\\\/\\\/diariotextual.com\\\/inicio\\\/index.php\\\/2023\\\/03\\\/28\\\/santa-rosa-comienzan-las-clases-de-la-escuela-integral-de-tambores-2\\\/#article\",\"isPartOf\":{\"@id\":\"https:\\\/\\\/diariotextual.com\\\/inicio\\\/index.php\\\/2023\\\/03\\\/28\\\/santa-rosa-comienzan-las-clases-de-la-escuela-integral-de-tambores-2\\\/\"},\"author\":{\"name\":\"diario2\",\"@id\":\"https:\\\/\\\/diariotextual.com\\\/inicio\\\/#\\\/schema\\\/person\\\/694f60677f23c4a530867a98f22b3768\"},\"headline\":\"Santa Rosa: comienzan las clases de la Escuela Integral de Tambores\",\"datePublished\":\"2023-03-28T20:56:57+00:00\",\"dateModified\":\"2023-03-28T20:56:59+00:00\",\"mainEntityOfPage\":{\"@id\":\"https:\\\/\\\/diariotextual.com\\\/inicio\\\/index.php\\\/2023\\\/03\\\/28\\\/santa-rosa-comienzan-las-clases-de-la-escuela-integral-de-tambores-2\\\/\"},\"wordCount\":281,\"publisher\":{\"@id\":\"https:\\\/\\\/diariotextual.com\\\/inicio\\\/#organization\"},\"image\":{\"@id\":\"https:\\\/\\\/diariotextual.com\\\/inicio\\\/index.php\\\/2023\\\/03\\\/28\\\/santa-rosa-comienzan-las-clases-de-la-escuela-integral-de-tambores-2\\\/#primaryimage\"},\"thumbnailUrl\":\"https:\\\/\\\/diariotextual.com\\\/inicio\\\/wp-content\\\/uploads\\\/2022\\\/10\\\/escuelatambores544869.jpg\",\"articleSection\":[\"A - ES NOTICIA (van abajo)\",\"CULTURA\"],\"inLanguage\":\"es\"},{\"@type\":\"WebPage\",\"@id\":\"https:\\\/\\\/diariotextual.com\\\/inicio\\\/index.php\\\/2023\\\/03\\\/28\\\/santa-rosa-comienzan-las-clases-de-la-escuela-integral-de-tambores-2\\\/\",\"url\":\"https:\\\/\\\/diariotextual.com\\\/inicio\\\/index.php\\\/2023\\\/03\\\/28\\\/santa-rosa-comienzan-las-clases-de-la-escuela-integral-de-tambores-2\\\/\",\"name\":\"Santa Rosa: comienzan las clases de la Escuela Integral de Tambores - Diario Textual\",\"isPartOf\":{\"@id\":\"https:\\\/\\\/diariotextual.com\\\/inicio\\\/#website\"},\"primaryImageOfPage\":{\"@id\":\"https:\\\/\\\/diariotextual.com\\\/inicio\\\/index.php\\\/2023\\\/03\\\/28\\\/santa-rosa-comienzan-las-clases-de-la-escuela-integral-de-tambores-2\\\/#primaryimage\"},\"image\":{\"@id\":\"https:\\\/\\\/diariotextual.com\\\/inicio\\\/index.php\\\/2023\\\/03\\\/28\\\/santa-rosa-comienzan-las-clases-de-la-escuela-integral-de-tambores-2\\\/#primaryimage\"},\"thumbnailUrl\":\"https:\\\/\\\/diariotextual.com\\\/inicio\\\/wp-content\\\/uploads\\\/2022\\\/10\\\/escuelatambores544869.jpg\",\"datePublished\":\"2023-03-28T20:56:57+00:00\",\"dateModified\":\"2023-03-28T20:56:59+00:00\",\"breadcrumb\":{\"@id\":\"https:\\\/\\\/diariotextual.com\\\/inicio\\\/index.php\\\/2023\\\/03\\\/28\\\/santa-rosa-comienzan-las-clases-de-la-escuela-integral-de-tambores-2\\\/#breadcrumb\"},\"inLanguage\":\"es\",\"potentialAction\":[{\"@type\":\"ReadAction\",\"target\":[\"https:\\\/\\\/diariotextual.com\\\/inicio\\\/index.php\\\/2023\\\/03\\\/28\\\/santa-rosa-comienzan-las-clases-de-la-escuela-integral-de-tambores-2\\\/\"]}]},{\"@type\":\"ImageObject\",\"inLanguage\":\"es\",\"@id\":\"https:\\\/\\\/diariotextual.com\\\/inicio\\\/index.php\\\/2023\\\/03\\\/28\\\/santa-rosa-comienzan-las-clases-de-la-escuela-integral-de-tambores-2\\\/#primaryimage\",\"url\":\"https:\\\/\\\/diariotextual.com\\\/inicio\\\/wp-content\\\/uploads\\\/2022\\\/10\\\/escuelatambores544869.jpg\",\"contentUrl\":\"https:\\\/\\\/diariotextual.com\\\/inicio\\\/wp-content\\\/uploads\\\/2022\\\/10\\\/escuelatambores544869.jpg\",\"width\":995,\"height\":631},{\"@type\":\"BreadcrumbList\",\"@id\":\"https:\\\/\\\/diariotextual.com\\\/inicio\\\/index.php\\\/2023\\\/03\\\/28\\\/santa-rosa-comienzan-las-clases-de-la-escuela-integral-de-tambores-2\\\/#breadcrumb\",\"itemListElement\":[{\"@type\":\"ListItem\",\"position\":1,\"name\":\"Portada\",\"item\":\"https:\\\/\\\/diariotextual.com\\\/inicio\\\/\"},{\"@type\":\"ListItem\",\"position\":2,\"name\":\"Santa Rosa: comienzan las clases de la Escuela Integral de Tambores\"}]},{\"@type\":\"WebSite\",\"@id\":\"https:\\\/\\\/diariotextual.com\\\/inicio\\\/#website\",\"url\":\"https:\\\/\\\/diariotextual.com\\\/inicio\\\/\",\"name\":\"Diario Textual\",\"description\":\"\",\"publisher\":{\"@id\":\"https:\\\/\\\/diariotextual.com\\\/inicio\\\/#organization\"},\"potentialAction\":[{\"@type\":\"SearchAction\",\"target\":{\"@type\":\"EntryPoint\",\"urlTemplate\":\"https:\\\/\\\/diariotextual.com\\\/inicio\\\/?s={search_term_string}\"},\"query-input\":{\"@type\":\"PropertyValueSpecification\",\"valueRequired\":true,\"valueName\":\"search_term_string\"}}],\"inLanguage\":\"es\"},{\"@type\":\"Organization\",\"@id\":\"https:\\\/\\\/diariotextual.com\\\/inicio\\\/#organization\",\"name\":\"Diario Textual\",\"url\":\"https:\\\/\\\/diariotextual.com\\\/inicio\\\/\",\"logo\":{\"@type\":\"ImageObject\",\"inLanguage\":\"es\",\"@id\":\"https:\\\/\\\/diariotextual.com\\\/inicio\\\/#\\\/schema\\\/logo\\\/image\\\/\",\"url\":\"https:\\\/\\\/diariotextual.com\\\/inicio\\\/wp-content\\\/uploads\\\/2023\\\/05\\\/logotextual1.jpg\",\"contentUrl\":\"https:\\\/\\\/diariotextual.com\\\/inicio\\\/wp-content\\\/uploads\\\/2023\\\/05\\\/logotextual1.jpg\",\"width\":516,\"height\":76,\"caption\":\"Diario Textual\"},\"image\":{\"@id\":\"https:\\\/\\\/diariotextual.com\\\/inicio\\\/#\\\/schema\\\/logo\\\/image\\\/\"},\"sameAs\":[\"https:\\\/\\\/www.facebook.com\\\/eltextual\",\"https:\\\/\\\/x.com\\\/eltextual\",\"http:\\\/\\\/www.instagram.com\\\/eltextual\"]},{\"@type\":\"Person\",\"@id\":\"https:\\\/\\\/diariotextual.com\\\/inicio\\\/#\\\/schema\\\/person\\\/694f60677f23c4a530867a98f22b3768\",\"name\":\"diario2\",\"image\":{\"@type\":\"ImageObject\",\"inLanguage\":\"es\",\"@id\":\"https:\\\/\\\/secure.gravatar.com\\\/avatar\\\/5a2567495ba16b852fcd8f1ed006a2e24fcace936018ed8237e95f488ad6e0a7?s=96&d=mm&r=g\",\"url\":\"https:\\\/\\\/secure.gravatar.com\\\/avatar\\\/5a2567495ba16b852fcd8f1ed006a2e24fcace936018ed8237e95f488ad6e0a7?s=96&d=mm&r=g\",\"contentUrl\":\"https:\\\/\\\/secure.gravatar.com\\\/avatar\\\/5a2567495ba16b852fcd8f1ed006a2e24fcace936018ed8237e95f488ad6e0a7?s=96&d=mm&r=g\",\"caption\":\"diario2\"},\"url\":\"https:\\\/\\\/diariotextual.com\\\/inicio\\\/index.php\\\/author\\\/diario2\\\/\"}]}<\/script>\n<!-- \/ Yoast SEO plugin. -->","yoast_head_json":{"title":"Santa Rosa: comienzan las clases de la Escuela Integral de Tambores - Diario Textual","robots":{"index":"index","follow":"follow","max-snippet":"max-snippet:-1","max-image-preview":"max-image-preview:large","max-video-preview":"max-video-preview:-1"},"canonical":"https:\/\/diariotextual.com\/inicio\/index.php\/2023\/03\/28\/santa-rosa-comienzan-las-clases-de-la-escuela-integral-de-tambores-2\/","og_locale":"es_ES","og_type":"article","og_title":"Santa Rosa: comienzan las clases de la Escuela Integral de Tambores - Diario Textual","og_description":"La Escuela Integral de Tambores comenzar\u00e1 sus actividades el lunes 3 de abril a las 21hs en el Complejo Cultural El Molino, hist\u00f3rico edificio de Santa Rosa ubicado en calle&hellip;","og_url":"https:\/\/diariotextual.com\/inicio\/index.php\/2023\/03\/28\/santa-rosa-comienzan-las-clases-de-la-escuela-integral-de-tambores-2\/","og_site_name":"Diario Textual","article_publisher":"https:\/\/www.facebook.com\/eltextual","article_published_time":"2023-03-28T20:56:57+00:00","article_modified_time":"2023-03-28T20:56:59+00:00","og_image":[{"width":995,"height":631,"url":"https:\/\/diariotextual.com\/inicio\/wp-content\/uploads\/2022\/10\/escuelatambores544869.jpg","type":"image\/jpeg"}],"author":"diario2","twitter_card":"summary_large_image","twitter_creator":"@eltextual","twitter_site":"@eltextual","twitter_misc":{"Escrito por":"diario2","Tiempo de lectura":"2 minutos"},"schema":{"@context":"https:\/\/schema.org","@graph":[{"@type":"Article","@id":"https:\/\/diariotextual.com\/inicio\/index.php\/2023\/03\/28\/santa-rosa-comienzan-las-clases-de-la-escuela-integral-de-tambores-2\/#article","isPartOf":{"@id":"https:\/\/diariotextual.com\/inicio\/index.php\/2023\/03\/28\/santa-rosa-comienzan-las-clases-de-la-escuela-integral-de-tambores-2\/"},"author":{"name":"diario2","@id":"https:\/\/diariotextual.com\/inicio\/#\/schema\/person\/694f60677f23c4a530867a98f22b3768"},"headline":"Santa Rosa: comienzan las clases de la Escuela Integral de Tambores","datePublished":"2023-03-28T20:56:57+00:00","dateModified":"2023-03-28T20:56:59+00:00","mainEntityOfPage":{"@id":"https:\/\/diariotextual.com\/inicio\/index.php\/2023\/03\/28\/santa-rosa-comienzan-las-clases-de-la-escuela-integral-de-tambores-2\/"},"wordCount":281,"publisher":{"@id":"https:\/\/diariotextual.com\/inicio\/#organization"},"image":{"@id":"https:\/\/diariotextual.com\/inicio\/index.php\/2023\/03\/28\/santa-rosa-comienzan-las-clases-de-la-escuela-integral-de-tambores-2\/#primaryimage"},"thumbnailUrl":"https:\/\/diariotextual.com\/inicio\/wp-content\/uploads\/2022\/10\/escuelatambores544869.jpg","articleSection":["A - ES NOTICIA (van abajo)","CULTURA"],"inLanguage":"es"},{"@type":"WebPage","@id":"https:\/\/diariotextual.com\/inicio\/index.php\/2023\/03\/28\/santa-rosa-comienzan-las-clases-de-la-escuela-integral-de-tambores-2\/","url":"https:\/\/diariotextual.com\/inicio\/index.php\/2023\/03\/28\/santa-rosa-comienzan-las-clases-de-la-escuela-integral-de-tambores-2\/","name":"Santa Rosa: comienzan las clases de la Escuela Integral de Tambores - Diario Textual","isPartOf":{"@id":"https:\/\/diariotextual.com\/inicio\/#website"},"primaryImageOfPage":{"@id":"https:\/\/diariotextual.com\/inicio\/index.php\/2023\/03\/28\/santa-rosa-comienzan-las-clases-de-la-escuela-integral-de-tambores-2\/#primaryimage"},"image":{"@id":"https:\/\/diariotextual.com\/inicio\/index.php\/2023\/03\/28\/santa-rosa-comienzan-las-clases-de-la-escuela-integral-de-tambores-2\/#primaryimage"},"thumbnailUrl":"https:\/\/diariotextual.com\/inicio\/wp-content\/uploads\/2022\/10\/escuelatambores544869.jpg","datePublished":"2023-03-28T20:56:57+00:00","dateModified":"2023-03-28T20:56:59+00:00","breadcrumb":{"@id":"https:\/\/diariotextual.com\/inicio\/index.php\/2023\/03\/28\/santa-rosa-comienzan-las-clases-de-la-escuela-integral-de-tambores-2\/#breadcrumb"},"inLanguage":"es","potentialAction":[{"@type":"ReadAction","target":["https:\/\/diariotextual.com\/inicio\/index.php\/2023\/03\/28\/santa-rosa-comienzan-las-clases-de-la-escuela-integral-de-tambores-2\/"]}]},{"@type":"ImageObject","inLanguage":"es","@id":"https:\/\/diariotextual.com\/inicio\/index.php\/2023\/03\/28\/santa-rosa-comienzan-las-clases-de-la-escuela-integral-de-tambores-2\/#primaryimage","url":"https:\/\/diariotextual.com\/inicio\/wp-content\/uploads\/2022\/10\/escuelatambores544869.jpg","contentUrl":"https:\/\/diariotextual.com\/inicio\/wp-content\/uploads\/2022\/10\/escuelatambores544869.jpg","width":995,"height":631},{"@type":"BreadcrumbList","@id":"https:\/\/diariotextual.com\/inicio\/index.php\/2023\/03\/28\/santa-rosa-comienzan-las-clases-de-la-escuela-integral-de-tambores-2\/#breadcrumb","itemListElement":[{"@type":"ListItem","position":1,"name":"Portada","item":"https:\/\/diariotextual.com\/inicio\/"},{"@type":"ListItem","position":2,"name":"Santa Rosa: comienzan las clases de la Escuela Integral de Tambores"}]},{"@type":"WebSite","@id":"https:\/\/diariotextual.com\/inicio\/#website","url":"https:\/\/diariotextual.com\/inicio\/","name":"Diario Textual","description":"","publisher":{"@id":"https:\/\/diariotextual.com\/inicio\/#organization"},"potentialAction":[{"@type":"SearchAction","target":{"@type":"EntryPoint","urlTemplate":"https:\/\/diariotextual.com\/inicio\/?s={search_term_string}"},"query-input":{"@type":"PropertyValueSpecification","valueRequired":true,"valueName":"search_term_string"}}],"inLanguage":"es"},{"@type":"Organization","@id":"https:\/\/diariotextual.com\/inicio\/#organization","name":"Diario Textual","url":"https:\/\/diariotextual.com\/inicio\/","logo":{"@type":"ImageObject","inLanguage":"es","@id":"https:\/\/diariotextual.com\/inicio\/#\/schema\/logo\/image\/","url":"https:\/\/diariotextual.com\/inicio\/wp-content\/uploads\/2023\/05\/logotextual1.jpg","contentUrl":"https:\/\/diariotextual.com\/inicio\/wp-content\/uploads\/2023\/05\/logotextual1.jpg","width":516,"height":76,"caption":"Diario Textual"},"image":{"@id":"https:\/\/diariotextual.com\/inicio\/#\/schema\/logo\/image\/"},"sameAs":["https:\/\/www.facebook.com\/eltextual","https:\/\/x.com\/eltextual","http:\/\/www.instagram.com\/eltextual"]},{"@type":"Person","@id":"https:\/\/diariotextual.com\/inicio\/#\/schema\/person\/694f60677f23c4a530867a98f22b3768","name":"diario2","image":{"@type":"ImageObject","inLanguage":"es","@id":"https:\/\/secure.gravatar.com\/avatar\/5a2567495ba16b852fcd8f1ed006a2e24fcace936018ed8237e95f488ad6e0a7?s=96&d=mm&r=g","url":"https:\/\/secure.gravatar.com\/avatar\/5a2567495ba16b852fcd8f1ed006a2e24fcace936018ed8237e95f488ad6e0a7?s=96&d=mm&r=g","contentUrl":"https:\/\/secure.gravatar.com\/avatar\/5a2567495ba16b852fcd8f1ed006a2e24fcace936018ed8237e95f488ad6e0a7?s=96&d=mm&r=g","caption":"diario2"},"url":"https:\/\/diariotextual.com\/inicio\/index.php\/author\/diario2\/"}]}},"_links":{"self":[{"href":"https:\/\/diariotextual.com\/inicio\/index.php\/wp-json\/wp\/v2\/posts\/220242","targetHints":{"allow":["GET"]}}],"collection":[{"href":"https:\/\/diariotextual.com\/inicio\/index.php\/wp-json\/wp\/v2\/posts"}],"about":[{"href":"https:\/\/diariotextual.com\/inicio\/index.php\/wp-json\/wp\/v2\/types\/post"}],"author":[{"embeddable":true,"href":"https:\/\/diariotextual.com\/inicio\/index.php\/wp-json\/wp\/v2\/users\/4"}],"replies":[{"embeddable":true,"href":"https:\/\/diariotextual.com\/inicio\/index.php\/wp-json\/wp\/v2\/comments?post=220242"}],"version-history":[{"count":1,"href":"https:\/\/diariotextual.com\/inicio\/index.php\/wp-json\/wp\/v2\/posts\/220242\/revisions"}],"predecessor-version":[{"id":220245,"href":"https:\/\/diariotextual.com\/inicio\/index.php\/wp-json\/wp\/v2\/posts\/220242\/revisions\/220245"}],"wp:featuredmedia":[{"embeddable":true,"href":"https:\/\/diariotextual.com\/inicio\/index.php\/wp-json\/wp\/v2\/media\/204793"}],"wp:attachment":[{"href":"https:\/\/diariotextual.com\/inicio\/index.php\/wp-json\/wp\/v2\/media?parent=220242"}],"wp:term":[{"taxonomy":"category","embeddable":true,"href":"https:\/\/diariotextual.com\/inicio\/index.php\/wp-json\/wp\/v2\/categories?post=220242"},{"taxonomy":"post_tag","embeddable":true,"href":"https:\/\/diariotextual.com\/inicio\/index.php\/wp-json\/wp\/v2\/tags?post=220242"}],"curies":[{"name":"wp","href":"https:\/\/api.w.org\/{rel}","templated":true}]}}