{"id":220349,"date":"2023-03-29T12:38:42","date_gmt":"2023-03-29T15:38:42","guid":{"rendered":"https:\/\/diariotextual.com\/inicio\/?p=220349"},"modified":"2023-03-29T12:38:44","modified_gmt":"2023-03-29T15:38:44","slug":"el-acto-central-por-malvinas-sera-en-jacinto-arauz","status":"publish","type":"post","link":"https:\/\/diariotextual.com\/inicio\/index.php\/2023\/03\/29\/el-acto-central-por-malvinas-sera-en-jacinto-arauz\/","title":{"rendered":"El acto central por Malvinas ser\u00e1 en Jacinto Arauz"},"content":{"rendered":"\n<p>El vicegobernador de La Pampa, Mariano Fern\u00e1ndez, encabezar\u00e1 el pr\u00f3ximo domingo 2 de abril el acto central por el <strong>41 aniversario de la Gesta de Malvinas <\/strong>en la localidad de Jacinto Arauz, cuna de uno de los h\u00e9roes de Malvinas: <strong>Jorge Delfino Pardou.<\/strong><\/p>\n\n\n\n<p>El funcionario provincial encabezar\u00e1 la delegaci\u00f3n por el D\u00eda del Veterano y de los Ca\u00eddos en la Guerra de las Malvinas en La Pampa acompa\u00f1ado de integrantes de la cartera de Gobierno, junto a autoridades de la localidad de Jacinto Arauz, entre ellas la intendenta Gabriela Iris Labourie.<\/p>\n\n\n\n<p>El acto comenzar\u00e1 a las 11, frente al monumento\u00a0levantado en memoria de los ca\u00eddos en el Hundimiento del Crucero General Belgrano -entre ellos el soldado araucense Jorge Delfino Pardou-, con el saludo a las tropas. Continuar\u00e1 con la entonaci\u00f3n del Himno Nacional Argentino, invocaci\u00f3n religiosa, palabras de un Veterano de Guerra, de una autoridad municipal, de una autoridad provincial, toque de silencio, ofrendas florales y cierre con la Marcha de Malvinas.<\/p>\n","protected":false},"excerpt":{"rendered":"<p>El vicegobernador de La Pampa, Mariano Fern\u00e1ndez, encabezar\u00e1 el pr\u00f3ximo domingo 2 de abril el acto central por el 41 aniversario de la Gesta de Malvinas en la localidad de&hellip;<\/p>\n","protected":false},"author":4,"featured_media":191177,"comment_status":"closed","ping_status":"open","sticky":false,"template":"","format":"standard","meta":{"_acf_changed":false,"footnotes":""},"categories":[1,12],"tags":[],"class_list":["post-220349","post","type-post","status-publish","format-standard","has-post-thumbnail","hentry","category-es-noticia","category-sociedad"],"acf":[],"yoast_head":"<!-- This site is optimized with the Yoast SEO plugin v27.5 - https:\/\/yoast.com\/product\/yoast-seo-wordpress\/ -->\n<title>El acto central por Malvinas ser\u00e1 en Jacinto Arauz - Diario Textual<\/title>\n<meta name=\"robots\" content=\"index, follow, max-snippet:-1, max-image-preview:large, max-video-preview:-1\" \/>\n<link rel=\"canonical\" href=\"https:\/\/diariotextual.com\/inicio\/index.php\/2023\/03\/29\/el-acto-central-por-malvinas-sera-en-jacinto-arauz\/\" \/>\n<meta property=\"og:locale\" content=\"es_ES\" \/>\n<meta property=\"og:type\" content=\"article\" \/>\n<meta property=\"og:title\" content=\"El acto central por Malvinas ser\u00e1 en Jacinto Arauz - Diario Textual\" \/>\n<meta property=\"og:description\" content=\"El vicegobernador de La Pampa, Mariano Fern\u00e1ndez, encabezar\u00e1 el pr\u00f3ximo domingo 2 de abril el acto central por el 41 aniversario de la Gesta de Malvinas en la localidad de&hellip;\" \/>\n<meta property=\"og:url\" content=\"https:\/\/diariotextual.com\/inicio\/index.php\/2023\/03\/29\/el-acto-central-por-malvinas-sera-en-jacinto-arauz\/\" \/>\n<meta property=\"og:site_name\" content=\"Diario Textual\" \/>\n<meta property=\"article:publisher\" content=\"https:\/\/www.facebook.com\/eltextual\" \/>\n<meta property=\"article:published_time\" content=\"2023-03-29T15:38:42+00:00\" \/>\n<meta property=\"article:modified_time\" content=\"2023-03-29T15:38:44+00:00\" \/>\n<meta property=\"og:image\" content=\"https:\/\/diariotextual.com\/inicio\/wp-content\/uploads\/2022\/06\/malvinasacto57483.jpg\" \/>\n\t<meta property=\"og:image:width\" content=\"900\" \/>\n\t<meta property=\"og:image:height\" content=\"598\" \/>\n\t<meta property=\"og:image:type\" content=\"image\/jpeg\" \/>\n<meta name=\"author\" content=\"diario2\" \/>\n<meta name=\"twitter:card\" content=\"summary_large_image\" \/>\n<meta name=\"twitter:creator\" content=\"@eltextual\" \/>\n<meta name=\"twitter:site\" content=\"@eltextual\" \/>\n<meta name=\"twitter:label1\" content=\"Escrito por\" \/>\n\t<meta name=\"twitter:data1\" content=\"diario2\" \/>\n\t<meta name=\"twitter:label2\" content=\"Tiempo de lectura\" \/>\n\t<meta name=\"twitter:data2\" content=\"1 minuto\" \/>\n<script type=\"application\/ld+json\" class=\"yoast-schema-graph\">{\"@context\":\"https:\\\/\\\/schema.org\",\"@graph\":[{\"@type\":\"Article\",\"@id\":\"https:\\\/\\\/diariotextual.com\\\/inicio\\\/index.php\\\/2023\\\/03\\\/29\\\/el-acto-central-por-malvinas-sera-en-jacinto-arauz\\\/#article\",\"isPartOf\":{\"@id\":\"https:\\\/\\\/diariotextual.com\\\/inicio\\\/index.php\\\/2023\\\/03\\\/29\\\/el-acto-central-por-malvinas-sera-en-jacinto-arauz\\\/\"},\"author\":{\"name\":\"diario2\",\"@id\":\"https:\\\/\\\/diariotextual.com\\\/inicio\\\/#\\\/schema\\\/person\\\/694f60677f23c4a530867a98f22b3768\"},\"headline\":\"El acto central por Malvinas ser\u00e1 en Jacinto Arauz\",\"datePublished\":\"2023-03-29T15:38:42+00:00\",\"dateModified\":\"2023-03-29T15:38:44+00:00\",\"mainEntityOfPage\":{\"@id\":\"https:\\\/\\\/diariotextual.com\\\/inicio\\\/index.php\\\/2023\\\/03\\\/29\\\/el-acto-central-por-malvinas-sera-en-jacinto-arauz\\\/\"},\"wordCount\":179,\"publisher\":{\"@id\":\"https:\\\/\\\/diariotextual.com\\\/inicio\\\/#organization\"},\"image\":{\"@id\":\"https:\\\/\\\/diariotextual.com\\\/inicio\\\/index.php\\\/2023\\\/03\\\/29\\\/el-acto-central-por-malvinas-sera-en-jacinto-arauz\\\/#primaryimage\"},\"thumbnailUrl\":\"https:\\\/\\\/diariotextual.com\\\/inicio\\\/wp-content\\\/uploads\\\/2022\\\/06\\\/malvinasacto57483.jpg\",\"articleSection\":[\"A - ES NOTICIA (van abajo)\",\"SOCIEDAD\"],\"inLanguage\":\"es\"},{\"@type\":\"WebPage\",\"@id\":\"https:\\\/\\\/diariotextual.com\\\/inicio\\\/index.php\\\/2023\\\/03\\\/29\\\/el-acto-central-por-malvinas-sera-en-jacinto-arauz\\\/\",\"url\":\"https:\\\/\\\/diariotextual.com\\\/inicio\\\/index.php\\\/2023\\\/03\\\/29\\\/el-acto-central-por-malvinas-sera-en-jacinto-arauz\\\/\",\"name\":\"El acto central por Malvinas ser\u00e1 en Jacinto Arauz - Diario Textual\",\"isPartOf\":{\"@id\":\"https:\\\/\\\/diariotextual.com\\\/inicio\\\/#website\"},\"primaryImageOfPage\":{\"@id\":\"https:\\\/\\\/diariotextual.com\\\/inicio\\\/index.php\\\/2023\\\/03\\\/29\\\/el-acto-central-por-malvinas-sera-en-jacinto-arauz\\\/#primaryimage\"},\"image\":{\"@id\":\"https:\\\/\\\/diariotextual.com\\\/inicio\\\/index.php\\\/2023\\\/03\\\/29\\\/el-acto-central-por-malvinas-sera-en-jacinto-arauz\\\/#primaryimage\"},\"thumbnailUrl\":\"https:\\\/\\\/diariotextual.com\\\/inicio\\\/wp-content\\\/uploads\\\/2022\\\/06\\\/malvinasacto57483.jpg\",\"datePublished\":\"2023-03-29T15:38:42+00:00\",\"dateModified\":\"2023-03-29T15:38:44+00:00\",\"breadcrumb\":{\"@id\":\"https:\\\/\\\/diariotextual.com\\\/inicio\\\/index.php\\\/2023\\\/03\\\/29\\\/el-acto-central-por-malvinas-sera-en-jacinto-arauz\\\/#breadcrumb\"},\"inLanguage\":\"es\",\"potentialAction\":[{\"@type\":\"ReadAction\",\"target\":[\"https:\\\/\\\/diariotextual.com\\\/inicio\\\/index.php\\\/2023\\\/03\\\/29\\\/el-acto-central-por-malvinas-sera-en-jacinto-arauz\\\/\"]}]},{\"@type\":\"ImageObject\",\"inLanguage\":\"es\",\"@id\":\"https:\\\/\\\/diariotextual.com\\\/inicio\\\/index.php\\\/2023\\\/03\\\/29\\\/el-acto-central-por-malvinas-sera-en-jacinto-arauz\\\/#primaryimage\",\"url\":\"https:\\\/\\\/diariotextual.com\\\/inicio\\\/wp-content\\\/uploads\\\/2022\\\/06\\\/malvinasacto57483.jpg\",\"contentUrl\":\"https:\\\/\\\/diariotextual.com\\\/inicio\\\/wp-content\\\/uploads\\\/2022\\\/06\\\/malvinasacto57483.jpg\",\"width\":900,\"height\":598},{\"@type\":\"BreadcrumbList\",\"@id\":\"https:\\\/\\\/diariotextual.com\\\/inicio\\\/index.php\\\/2023\\\/03\\\/29\\\/el-acto-central-por-malvinas-sera-en-jacinto-arauz\\\/#breadcrumb\",\"itemListElement\":[{\"@type\":\"ListItem\",\"position\":1,\"name\":\"Portada\",\"item\":\"https:\\\/\\\/diariotextual.com\\\/inicio\\\/\"},{\"@type\":\"ListItem\",\"position\":2,\"name\":\"El acto central por Malvinas ser\u00e1 en Jacinto Arauz\"}]},{\"@type\":\"WebSite\",\"@id\":\"https:\\\/\\\/diariotextual.com\\\/inicio\\\/#website\",\"url\":\"https:\\\/\\\/diariotextual.com\\\/inicio\\\/\",\"name\":\"Diario Textual\",\"description\":\"\",\"publisher\":{\"@id\":\"https:\\\/\\\/diariotextual.com\\\/inicio\\\/#organization\"},\"potentialAction\":[{\"@type\":\"SearchAction\",\"target\":{\"@type\":\"EntryPoint\",\"urlTemplate\":\"https:\\\/\\\/diariotextual.com\\\/inicio\\\/?s={search_term_string}\"},\"query-input\":{\"@type\":\"PropertyValueSpecification\",\"valueRequired\":true,\"valueName\":\"search_term_string\"}}],\"inLanguage\":\"es\"},{\"@type\":\"Organization\",\"@id\":\"https:\\\/\\\/diariotextual.com\\\/inicio\\\/#organization\",\"name\":\"Diario Textual\",\"url\":\"https:\\\/\\\/diariotextual.com\\\/inicio\\\/\",\"logo\":{\"@type\":\"ImageObject\",\"inLanguage\":\"es\",\"@id\":\"https:\\\/\\\/diariotextual.com\\\/inicio\\\/#\\\/schema\\\/logo\\\/image\\\/\",\"url\":\"https:\\\/\\\/diariotextual.com\\\/inicio\\\/wp-content\\\/uploads\\\/2023\\\/05\\\/logotextual1.jpg\",\"contentUrl\":\"https:\\\/\\\/diariotextual.com\\\/inicio\\\/wp-content\\\/uploads\\\/2023\\\/05\\\/logotextual1.jpg\",\"width\":516,\"height\":76,\"caption\":\"Diario Textual\"},\"image\":{\"@id\":\"https:\\\/\\\/diariotextual.com\\\/inicio\\\/#\\\/schema\\\/logo\\\/image\\\/\"},\"sameAs\":[\"https:\\\/\\\/www.facebook.com\\\/eltextual\",\"https:\\\/\\\/x.com\\\/eltextual\",\"http:\\\/\\\/www.instagram.com\\\/eltextual\"]},{\"@type\":\"Person\",\"@id\":\"https:\\\/\\\/diariotextual.com\\\/inicio\\\/#\\\/schema\\\/person\\\/694f60677f23c4a530867a98f22b3768\",\"name\":\"diario2\",\"image\":{\"@type\":\"ImageObject\",\"inLanguage\":\"es\",\"@id\":\"https:\\\/\\\/secure.gravatar.com\\\/avatar\\\/5a2567495ba16b852fcd8f1ed006a2e24fcace936018ed8237e95f488ad6e0a7?s=96&d=mm&r=g\",\"url\":\"https:\\\/\\\/secure.gravatar.com\\\/avatar\\\/5a2567495ba16b852fcd8f1ed006a2e24fcace936018ed8237e95f488ad6e0a7?s=96&d=mm&r=g\",\"contentUrl\":\"https:\\\/\\\/secure.gravatar.com\\\/avatar\\\/5a2567495ba16b852fcd8f1ed006a2e24fcace936018ed8237e95f488ad6e0a7?s=96&d=mm&r=g\",\"caption\":\"diario2\"},\"url\":\"https:\\\/\\\/diariotextual.com\\\/inicio\\\/index.php\\\/author\\\/diario2\\\/\"}]}<\/script>\n<!-- \/ Yoast SEO plugin. -->","yoast_head_json":{"title":"El acto central por Malvinas ser\u00e1 en Jacinto Arauz - Diario Textual","robots":{"index":"index","follow":"follow","max-snippet":"max-snippet:-1","max-image-preview":"max-image-preview:large","max-video-preview":"max-video-preview:-1"},"canonical":"https:\/\/diariotextual.com\/inicio\/index.php\/2023\/03\/29\/el-acto-central-por-malvinas-sera-en-jacinto-arauz\/","og_locale":"es_ES","og_type":"article","og_title":"El acto central por Malvinas ser\u00e1 en Jacinto Arauz - Diario Textual","og_description":"El vicegobernador de La Pampa, Mariano Fern\u00e1ndez, encabezar\u00e1 el pr\u00f3ximo domingo 2 de abril el acto central por el 41 aniversario de la Gesta de Malvinas en la localidad de&hellip;","og_url":"https:\/\/diariotextual.com\/inicio\/index.php\/2023\/03\/29\/el-acto-central-por-malvinas-sera-en-jacinto-arauz\/","og_site_name":"Diario Textual","article_publisher":"https:\/\/www.facebook.com\/eltextual","article_published_time":"2023-03-29T15:38:42+00:00","article_modified_time":"2023-03-29T15:38:44+00:00","og_image":[{"width":900,"height":598,"url":"https:\/\/diariotextual.com\/inicio\/wp-content\/uploads\/2022\/06\/malvinasacto57483.jpg","type":"image\/jpeg"}],"author":"diario2","twitter_card":"summary_large_image","twitter_creator":"@eltextual","twitter_site":"@eltextual","twitter_misc":{"Escrito por":"diario2","Tiempo de lectura":"1 minuto"},"schema":{"@context":"https:\/\/schema.org","@graph":[{"@type":"Article","@id":"https:\/\/diariotextual.com\/inicio\/index.php\/2023\/03\/29\/el-acto-central-por-malvinas-sera-en-jacinto-arauz\/#article","isPartOf":{"@id":"https:\/\/diariotextual.com\/inicio\/index.php\/2023\/03\/29\/el-acto-central-por-malvinas-sera-en-jacinto-arauz\/"},"author":{"name":"diario2","@id":"https:\/\/diariotextual.com\/inicio\/#\/schema\/person\/694f60677f23c4a530867a98f22b3768"},"headline":"El acto central por Malvinas ser\u00e1 en Jacinto Arauz","datePublished":"2023-03-29T15:38:42+00:00","dateModified":"2023-03-29T15:38:44+00:00","mainEntityOfPage":{"@id":"https:\/\/diariotextual.com\/inicio\/index.php\/2023\/03\/29\/el-acto-central-por-malvinas-sera-en-jacinto-arauz\/"},"wordCount":179,"publisher":{"@id":"https:\/\/diariotextual.com\/inicio\/#organization"},"image":{"@id":"https:\/\/diariotextual.com\/inicio\/index.php\/2023\/03\/29\/el-acto-central-por-malvinas-sera-en-jacinto-arauz\/#primaryimage"},"thumbnailUrl":"https:\/\/diariotextual.com\/inicio\/wp-content\/uploads\/2022\/06\/malvinasacto57483.jpg","articleSection":["A - ES NOTICIA (van abajo)","SOCIEDAD"],"inLanguage":"es"},{"@type":"WebPage","@id":"https:\/\/diariotextual.com\/inicio\/index.php\/2023\/03\/29\/el-acto-central-por-malvinas-sera-en-jacinto-arauz\/","url":"https:\/\/diariotextual.com\/inicio\/index.php\/2023\/03\/29\/el-acto-central-por-malvinas-sera-en-jacinto-arauz\/","name":"El acto central por Malvinas ser\u00e1 en Jacinto Arauz - Diario Textual","isPartOf":{"@id":"https:\/\/diariotextual.com\/inicio\/#website"},"primaryImageOfPage":{"@id":"https:\/\/diariotextual.com\/inicio\/index.php\/2023\/03\/29\/el-acto-central-por-malvinas-sera-en-jacinto-arauz\/#primaryimage"},"image":{"@id":"https:\/\/diariotextual.com\/inicio\/index.php\/2023\/03\/29\/el-acto-central-por-malvinas-sera-en-jacinto-arauz\/#primaryimage"},"thumbnailUrl":"https:\/\/diariotextual.com\/inicio\/wp-content\/uploads\/2022\/06\/malvinasacto57483.jpg","datePublished":"2023-03-29T15:38:42+00:00","dateModified":"2023-03-29T15:38:44+00:00","breadcrumb":{"@id":"https:\/\/diariotextual.com\/inicio\/index.php\/2023\/03\/29\/el-acto-central-por-malvinas-sera-en-jacinto-arauz\/#breadcrumb"},"inLanguage":"es","potentialAction":[{"@type":"ReadAction","target":["https:\/\/diariotextual.com\/inicio\/index.php\/2023\/03\/29\/el-acto-central-por-malvinas-sera-en-jacinto-arauz\/"]}]},{"@type":"ImageObject","inLanguage":"es","@id":"https:\/\/diariotextual.com\/inicio\/index.php\/2023\/03\/29\/el-acto-central-por-malvinas-sera-en-jacinto-arauz\/#primaryimage","url":"https:\/\/diariotextual.com\/inicio\/wp-content\/uploads\/2022\/06\/malvinasacto57483.jpg","contentUrl":"https:\/\/diariotextual.com\/inicio\/wp-content\/uploads\/2022\/06\/malvinasacto57483.jpg","width":900,"height":598},{"@type":"BreadcrumbList","@id":"https:\/\/diariotextual.com\/inicio\/index.php\/2023\/03\/29\/el-acto-central-por-malvinas-sera-en-jacinto-arauz\/#breadcrumb","itemListElement":[{"@type":"ListItem","position":1,"name":"Portada","item":"https:\/\/diariotextual.com\/inicio\/"},{"@type":"ListItem","position":2,"name":"El acto central por Malvinas ser\u00e1 en Jacinto Arauz"}]},{"@type":"WebSite","@id":"https:\/\/diariotextual.com\/inicio\/#website","url":"https:\/\/diariotextual.com\/inicio\/","name":"Diario Textual","description":"","publisher":{"@id":"https:\/\/diariotextual.com\/inicio\/#organization"},"potentialAction":[{"@type":"SearchAction","target":{"@type":"EntryPoint","urlTemplate":"https:\/\/diariotextual.com\/inicio\/?s={search_term_string}"},"query-input":{"@type":"PropertyValueSpecification","valueRequired":true,"valueName":"search_term_string"}}],"inLanguage":"es"},{"@type":"Organization","@id":"https:\/\/diariotextual.com\/inicio\/#organization","name":"Diario Textual","url":"https:\/\/diariotextual.com\/inicio\/","logo":{"@type":"ImageObject","inLanguage":"es","@id":"https:\/\/diariotextual.com\/inicio\/#\/schema\/logo\/image\/","url":"https:\/\/diariotextual.com\/inicio\/wp-content\/uploads\/2023\/05\/logotextual1.jpg","contentUrl":"https:\/\/diariotextual.com\/inicio\/wp-content\/uploads\/2023\/05\/logotextual1.jpg","width":516,"height":76,"caption":"Diario Textual"},"image":{"@id":"https:\/\/diariotextual.com\/inicio\/#\/schema\/logo\/image\/"},"sameAs":["https:\/\/www.facebook.com\/eltextual","https:\/\/x.com\/eltextual","http:\/\/www.instagram.com\/eltextual"]},{"@type":"Person","@id":"https:\/\/diariotextual.com\/inicio\/#\/schema\/person\/694f60677f23c4a530867a98f22b3768","name":"diario2","image":{"@type":"ImageObject","inLanguage":"es","@id":"https:\/\/secure.gravatar.com\/avatar\/5a2567495ba16b852fcd8f1ed006a2e24fcace936018ed8237e95f488ad6e0a7?s=96&d=mm&r=g","url":"https:\/\/secure.gravatar.com\/avatar\/5a2567495ba16b852fcd8f1ed006a2e24fcace936018ed8237e95f488ad6e0a7?s=96&d=mm&r=g","contentUrl":"https:\/\/secure.gravatar.com\/avatar\/5a2567495ba16b852fcd8f1ed006a2e24fcace936018ed8237e95f488ad6e0a7?s=96&d=mm&r=g","caption":"diario2"},"url":"https:\/\/diariotextual.com\/inicio\/index.php\/author\/diario2\/"}]}},"_links":{"self":[{"href":"https:\/\/diariotextual.com\/inicio\/index.php\/wp-json\/wp\/v2\/posts\/220349","targetHints":{"allow":["GET"]}}],"collection":[{"href":"https:\/\/diariotextual.com\/inicio\/index.php\/wp-json\/wp\/v2\/posts"}],"about":[{"href":"https:\/\/diariotextual.com\/inicio\/index.php\/wp-json\/wp\/v2\/types\/post"}],"author":[{"embeddable":true,"href":"https:\/\/diariotextual.com\/inicio\/index.php\/wp-json\/wp\/v2\/users\/4"}],"replies":[{"embeddable":true,"href":"https:\/\/diariotextual.com\/inicio\/index.php\/wp-json\/wp\/v2\/comments?post=220349"}],"version-history":[{"count":2,"href":"https:\/\/diariotextual.com\/inicio\/index.php\/wp-json\/wp\/v2\/posts\/220349\/revisions"}],"predecessor-version":[{"id":220352,"href":"https:\/\/diariotextual.com\/inicio\/index.php\/wp-json\/wp\/v2\/posts\/220349\/revisions\/220352"}],"wp:featuredmedia":[{"embeddable":true,"href":"https:\/\/diariotextual.com\/inicio\/index.php\/wp-json\/wp\/v2\/media\/191177"}],"wp:attachment":[{"href":"https:\/\/diariotextual.com\/inicio\/index.php\/wp-json\/wp\/v2\/media?parent=220349"}],"wp:term":[{"taxonomy":"category","embeddable":true,"href":"https:\/\/diariotextual.com\/inicio\/index.php\/wp-json\/wp\/v2\/categories?post=220349"},{"taxonomy":"post_tag","embeddable":true,"href":"https:\/\/diariotextual.com\/inicio\/index.php\/wp-json\/wp\/v2\/tags?post=220349"}],"curies":[{"name":"wp","href":"https:\/\/api.w.org\/{rel}","templated":true}]}}