{"id":220360,"date":"2023-03-29T13:15:16","date_gmt":"2023-03-29T16:15:16","guid":{"rendered":"https:\/\/diariotextual.com\/inicio\/?p=220360"},"modified":"2023-03-29T13:15:17","modified_gmt":"2023-03-29T16:15:17","slug":"implementan-aulas-virtuales-para-jovenes-y-adultos-que-finalizan-la-secundaria-a-distancia","status":"publish","type":"post","link":"https:\/\/diariotextual.com\/inicio\/index.php\/2023\/03\/29\/implementan-aulas-virtuales-para-jovenes-y-adultos-que-finalizan-la-secundaria-a-distancia\/","title":{"rendered":"Implementan aulas virtuales para j\u00f3venes y adultos que finalizan la secundaria a distancia"},"content":{"rendered":"\n<p>El Ministerio de Educaci\u00f3n provincial anunci\u00f3 la implementaci\u00f3n de un desarrollo inform\u00e1tico provincial enmarcado en el sistema \u201cVoz por Vos\u201d para j\u00f3venes y adultos que finalizan la secundaria a distancia.<\/p>\n\n\n\n<p>La implementaci\u00f3n progresiva comenz\u00f3 en 2022 y actualmente se encuentran presentes en todas las instituciones de la modalidad con aquella oferta.<\/p>\n\n\n\n<p>Esta iniciativa es el resultado de un trabajo en conjunto entre las Direcciones de Educaci\u00f3n Permanente de J\u00f3venes y Adultos y Tecnolog\u00edas para la Gesti\u00f3n Educativa y posibilita el ingreso de las y los estudiantes en cualquier momento y lugar, brindando una herramienta m\u00e1s para favorecer la terminalidad del Nivel Secundario.&nbsp;<br><br>Desde la cartera educativa pampeana difundieron que este a\u00f1o se llevan adelante diferentes l\u00edneas de acci\u00f3n para fortalecer y garantizar esta iniciativa, entre ellas acompa\u00f1amiento territorial a las instituciones involucradas, propuestas formativas destinadas a docentes, mejoramiento de la infraestructura de red, servicio de internet y mantenimiento de netbooks, entre otras.<br><br>Adem\u00e1s, anunciaron el dictado de un trayecto formativo destinado a referentes tecnol\u00f3gicos, docentes correctores y facilitadores que tomar\u00e1 en cuenta los fundamentos de la Educaci\u00f3n a Distancia, la inclusi\u00f3n de recursos digitales en la formaci\u00f3n secundaria, propuestas de ense\u00f1anza mediadas por TIC, selecci\u00f3n y adaptaci\u00f3n de materiales para la ense\u00f1anza en entornos virtuales y evaluaci\u00f3n.&nbsp;<\/p>\n","protected":false},"excerpt":{"rendered":"<p>El Ministerio de Educaci\u00f3n provincial anunci\u00f3 la implementaci\u00f3n de un desarrollo inform\u00e1tico provincial enmarcado en el sistema \u201cVoz por Vos\u201d para j\u00f3venes y adultos que finalizan la secundaria a distancia.&hellip;<\/p>\n","protected":false},"author":4,"featured_media":143568,"comment_status":"closed","ping_status":"open","sticky":false,"template":"","format":"standard","meta":{"_acf_changed":false,"footnotes":""},"categories":[1,12],"tags":[],"class_list":["post-220360","post","type-post","status-publish","format-standard","has-post-thumbnail","hentry","category-es-noticia","category-sociedad"],"acf":[],"yoast_head":"<!-- This site is optimized with the Yoast SEO plugin v27.5 - https:\/\/yoast.com\/product\/yoast-seo-wordpress\/ -->\n<title>Implementan aulas virtuales para j\u00f3venes y adultos que finalizan la secundaria a distancia - Diario Textual<\/title>\n<meta name=\"robots\" content=\"index, follow, max-snippet:-1, max-image-preview:large, max-video-preview:-1\" \/>\n<link rel=\"canonical\" href=\"https:\/\/diariotextual.com\/inicio\/index.php\/2023\/03\/29\/implementan-aulas-virtuales-para-jovenes-y-adultos-que-finalizan-la-secundaria-a-distancia\/\" \/>\n<meta property=\"og:locale\" content=\"es_ES\" \/>\n<meta property=\"og:type\" content=\"article\" \/>\n<meta property=\"og:title\" content=\"Implementan aulas virtuales para j\u00f3venes y adultos que finalizan la secundaria a distancia - Diario Textual\" \/>\n<meta property=\"og:description\" content=\"El Ministerio de Educaci\u00f3n provincial anunci\u00f3 la implementaci\u00f3n de un desarrollo inform\u00e1tico provincial enmarcado en el sistema \u201cVoz por Vos\u201d para j\u00f3venes y adultos que finalizan la secundaria a distancia.&hellip;\" \/>\n<meta property=\"og:url\" content=\"https:\/\/diariotextual.com\/inicio\/index.php\/2023\/03\/29\/implementan-aulas-virtuales-para-jovenes-y-adultos-que-finalizan-la-secundaria-a-distancia\/\" \/>\n<meta property=\"og:site_name\" content=\"Diario Textual\" \/>\n<meta property=\"article:publisher\" content=\"https:\/\/www.facebook.com\/eltextual\" \/>\n<meta property=\"article:published_time\" content=\"2023-03-29T16:15:16+00:00\" \/>\n<meta property=\"article:modified_time\" content=\"2023-03-29T16:15:17+00:00\" \/>\n<meta property=\"og:image\" content=\"https:\/\/diariotextual.com\/inicio\/wp-content\/uploads\/2021\/04\/alumnoclasevirtual3421.jpg\" \/>\n\t<meta property=\"og:image:width\" content=\"900\" \/>\n\t<meta property=\"og:image:height\" content=\"507\" \/>\n\t<meta property=\"og:image:type\" content=\"image\/jpeg\" \/>\n<meta name=\"author\" content=\"diario2\" \/>\n<meta name=\"twitter:card\" content=\"summary_large_image\" \/>\n<meta name=\"twitter:creator\" content=\"@eltextual\" \/>\n<meta name=\"twitter:site\" content=\"@eltextual\" \/>\n<meta name=\"twitter:label1\" content=\"Escrito por\" \/>\n\t<meta name=\"twitter:data1\" content=\"diario2\" \/>\n\t<meta name=\"twitter:label2\" content=\"Tiempo de lectura\" \/>\n\t<meta name=\"twitter:data2\" content=\"1 minuto\" \/>\n<script type=\"application\/ld+json\" class=\"yoast-schema-graph\">{\"@context\":\"https:\\\/\\\/schema.org\",\"@graph\":[{\"@type\":\"Article\",\"@id\":\"https:\\\/\\\/diariotextual.com\\\/inicio\\\/index.php\\\/2023\\\/03\\\/29\\\/implementan-aulas-virtuales-para-jovenes-y-adultos-que-finalizan-la-secundaria-a-distancia\\\/#article\",\"isPartOf\":{\"@id\":\"https:\\\/\\\/diariotextual.com\\\/inicio\\\/index.php\\\/2023\\\/03\\\/29\\\/implementan-aulas-virtuales-para-jovenes-y-adultos-que-finalizan-la-secundaria-a-distancia\\\/\"},\"author\":{\"name\":\"diario2\",\"@id\":\"https:\\\/\\\/diariotextual.com\\\/inicio\\\/#\\\/schema\\\/person\\\/694f60677f23c4a530867a98f22b3768\"},\"headline\":\"Implementan aulas virtuales para j\u00f3venes y adultos que finalizan la secundaria a distancia\",\"datePublished\":\"2023-03-29T16:15:16+00:00\",\"dateModified\":\"2023-03-29T16:15:17+00:00\",\"mainEntityOfPage\":{\"@id\":\"https:\\\/\\\/diariotextual.com\\\/inicio\\\/index.php\\\/2023\\\/03\\\/29\\\/implementan-aulas-virtuales-para-jovenes-y-adultos-que-finalizan-la-secundaria-a-distancia\\\/\"},\"wordCount\":246,\"publisher\":{\"@id\":\"https:\\\/\\\/diariotextual.com\\\/inicio\\\/#organization\"},\"image\":{\"@id\":\"https:\\\/\\\/diariotextual.com\\\/inicio\\\/index.php\\\/2023\\\/03\\\/29\\\/implementan-aulas-virtuales-para-jovenes-y-adultos-que-finalizan-la-secundaria-a-distancia\\\/#primaryimage\"},\"thumbnailUrl\":\"https:\\\/\\\/diariotextual.com\\\/inicio\\\/wp-content\\\/uploads\\\/2021\\\/04\\\/alumnoclasevirtual3421.jpg\",\"articleSection\":[\"A - ES NOTICIA (van abajo)\",\"SOCIEDAD\"],\"inLanguage\":\"es\"},{\"@type\":\"WebPage\",\"@id\":\"https:\\\/\\\/diariotextual.com\\\/inicio\\\/index.php\\\/2023\\\/03\\\/29\\\/implementan-aulas-virtuales-para-jovenes-y-adultos-que-finalizan-la-secundaria-a-distancia\\\/\",\"url\":\"https:\\\/\\\/diariotextual.com\\\/inicio\\\/index.php\\\/2023\\\/03\\\/29\\\/implementan-aulas-virtuales-para-jovenes-y-adultos-que-finalizan-la-secundaria-a-distancia\\\/\",\"name\":\"Implementan aulas virtuales para j\u00f3venes y adultos que finalizan la secundaria a distancia - Diario Textual\",\"isPartOf\":{\"@id\":\"https:\\\/\\\/diariotextual.com\\\/inicio\\\/#website\"},\"primaryImageOfPage\":{\"@id\":\"https:\\\/\\\/diariotextual.com\\\/inicio\\\/index.php\\\/2023\\\/03\\\/29\\\/implementan-aulas-virtuales-para-jovenes-y-adultos-que-finalizan-la-secundaria-a-distancia\\\/#primaryimage\"},\"image\":{\"@id\":\"https:\\\/\\\/diariotextual.com\\\/inicio\\\/index.php\\\/2023\\\/03\\\/29\\\/implementan-aulas-virtuales-para-jovenes-y-adultos-que-finalizan-la-secundaria-a-distancia\\\/#primaryimage\"},\"thumbnailUrl\":\"https:\\\/\\\/diariotextual.com\\\/inicio\\\/wp-content\\\/uploads\\\/2021\\\/04\\\/alumnoclasevirtual3421.jpg\",\"datePublished\":\"2023-03-29T16:15:16+00:00\",\"dateModified\":\"2023-03-29T16:15:17+00:00\",\"breadcrumb\":{\"@id\":\"https:\\\/\\\/diariotextual.com\\\/inicio\\\/index.php\\\/2023\\\/03\\\/29\\\/implementan-aulas-virtuales-para-jovenes-y-adultos-que-finalizan-la-secundaria-a-distancia\\\/#breadcrumb\"},\"inLanguage\":\"es\",\"potentialAction\":[{\"@type\":\"ReadAction\",\"target\":[\"https:\\\/\\\/diariotextual.com\\\/inicio\\\/index.php\\\/2023\\\/03\\\/29\\\/implementan-aulas-virtuales-para-jovenes-y-adultos-que-finalizan-la-secundaria-a-distancia\\\/\"]}]},{\"@type\":\"ImageObject\",\"inLanguage\":\"es\",\"@id\":\"https:\\\/\\\/diariotextual.com\\\/inicio\\\/index.php\\\/2023\\\/03\\\/29\\\/implementan-aulas-virtuales-para-jovenes-y-adultos-que-finalizan-la-secundaria-a-distancia\\\/#primaryimage\",\"url\":\"https:\\\/\\\/diariotextual.com\\\/inicio\\\/wp-content\\\/uploads\\\/2021\\\/04\\\/alumnoclasevirtual3421.jpg\",\"contentUrl\":\"https:\\\/\\\/diariotextual.com\\\/inicio\\\/wp-content\\\/uploads\\\/2021\\\/04\\\/alumnoclasevirtual3421.jpg\",\"width\":900,\"height\":507},{\"@type\":\"BreadcrumbList\",\"@id\":\"https:\\\/\\\/diariotextual.com\\\/inicio\\\/index.php\\\/2023\\\/03\\\/29\\\/implementan-aulas-virtuales-para-jovenes-y-adultos-que-finalizan-la-secundaria-a-distancia\\\/#breadcrumb\",\"itemListElement\":[{\"@type\":\"ListItem\",\"position\":1,\"name\":\"Portada\",\"item\":\"https:\\\/\\\/diariotextual.com\\\/inicio\\\/\"},{\"@type\":\"ListItem\",\"position\":2,\"name\":\"Implementan aulas virtuales para j\u00f3venes y adultos que finalizan la secundaria a distancia\"}]},{\"@type\":\"WebSite\",\"@id\":\"https:\\\/\\\/diariotextual.com\\\/inicio\\\/#website\",\"url\":\"https:\\\/\\\/diariotextual.com\\\/inicio\\\/\",\"name\":\"Diario Textual\",\"description\":\"\",\"publisher\":{\"@id\":\"https:\\\/\\\/diariotextual.com\\\/inicio\\\/#organization\"},\"potentialAction\":[{\"@type\":\"SearchAction\",\"target\":{\"@type\":\"EntryPoint\",\"urlTemplate\":\"https:\\\/\\\/diariotextual.com\\\/inicio\\\/?s={search_term_string}\"},\"query-input\":{\"@type\":\"PropertyValueSpecification\",\"valueRequired\":true,\"valueName\":\"search_term_string\"}}],\"inLanguage\":\"es\"},{\"@type\":\"Organization\",\"@id\":\"https:\\\/\\\/diariotextual.com\\\/inicio\\\/#organization\",\"name\":\"Diario Textual\",\"url\":\"https:\\\/\\\/diariotextual.com\\\/inicio\\\/\",\"logo\":{\"@type\":\"ImageObject\",\"inLanguage\":\"es\",\"@id\":\"https:\\\/\\\/diariotextual.com\\\/inicio\\\/#\\\/schema\\\/logo\\\/image\\\/\",\"url\":\"https:\\\/\\\/diariotextual.com\\\/inicio\\\/wp-content\\\/uploads\\\/2023\\\/05\\\/logotextual1.jpg\",\"contentUrl\":\"https:\\\/\\\/diariotextual.com\\\/inicio\\\/wp-content\\\/uploads\\\/2023\\\/05\\\/logotextual1.jpg\",\"width\":516,\"height\":76,\"caption\":\"Diario Textual\"},\"image\":{\"@id\":\"https:\\\/\\\/diariotextual.com\\\/inicio\\\/#\\\/schema\\\/logo\\\/image\\\/\"},\"sameAs\":[\"https:\\\/\\\/www.facebook.com\\\/eltextual\",\"https:\\\/\\\/x.com\\\/eltextual\",\"http:\\\/\\\/www.instagram.com\\\/eltextual\"]},{\"@type\":\"Person\",\"@id\":\"https:\\\/\\\/diariotextual.com\\\/inicio\\\/#\\\/schema\\\/person\\\/694f60677f23c4a530867a98f22b3768\",\"name\":\"diario2\",\"image\":{\"@type\":\"ImageObject\",\"inLanguage\":\"es\",\"@id\":\"https:\\\/\\\/secure.gravatar.com\\\/avatar\\\/5a2567495ba16b852fcd8f1ed006a2e24fcace936018ed8237e95f488ad6e0a7?s=96&d=mm&r=g\",\"url\":\"https:\\\/\\\/secure.gravatar.com\\\/avatar\\\/5a2567495ba16b852fcd8f1ed006a2e24fcace936018ed8237e95f488ad6e0a7?s=96&d=mm&r=g\",\"contentUrl\":\"https:\\\/\\\/secure.gravatar.com\\\/avatar\\\/5a2567495ba16b852fcd8f1ed006a2e24fcace936018ed8237e95f488ad6e0a7?s=96&d=mm&r=g\",\"caption\":\"diario2\"},\"url\":\"https:\\\/\\\/diariotextual.com\\\/inicio\\\/index.php\\\/author\\\/diario2\\\/\"}]}<\/script>\n<!-- \/ Yoast SEO plugin. -->","yoast_head_json":{"title":"Implementan aulas virtuales para j\u00f3venes y adultos que finalizan la secundaria a distancia - Diario Textual","robots":{"index":"index","follow":"follow","max-snippet":"max-snippet:-1","max-image-preview":"max-image-preview:large","max-video-preview":"max-video-preview:-1"},"canonical":"https:\/\/diariotextual.com\/inicio\/index.php\/2023\/03\/29\/implementan-aulas-virtuales-para-jovenes-y-adultos-que-finalizan-la-secundaria-a-distancia\/","og_locale":"es_ES","og_type":"article","og_title":"Implementan aulas virtuales para j\u00f3venes y adultos que finalizan la secundaria a distancia - Diario Textual","og_description":"El Ministerio de Educaci\u00f3n provincial anunci\u00f3 la implementaci\u00f3n de un desarrollo inform\u00e1tico provincial enmarcado en el sistema \u201cVoz por Vos\u201d para j\u00f3venes y adultos que finalizan la secundaria a distancia.&hellip;","og_url":"https:\/\/diariotextual.com\/inicio\/index.php\/2023\/03\/29\/implementan-aulas-virtuales-para-jovenes-y-adultos-que-finalizan-la-secundaria-a-distancia\/","og_site_name":"Diario Textual","article_publisher":"https:\/\/www.facebook.com\/eltextual","article_published_time":"2023-03-29T16:15:16+00:00","article_modified_time":"2023-03-29T16:15:17+00:00","og_image":[{"width":900,"height":507,"url":"https:\/\/diariotextual.com\/inicio\/wp-content\/uploads\/2021\/04\/alumnoclasevirtual3421.jpg","type":"image\/jpeg"}],"author":"diario2","twitter_card":"summary_large_image","twitter_creator":"@eltextual","twitter_site":"@eltextual","twitter_misc":{"Escrito por":"diario2","Tiempo de lectura":"1 minuto"},"schema":{"@context":"https:\/\/schema.org","@graph":[{"@type":"Article","@id":"https:\/\/diariotextual.com\/inicio\/index.php\/2023\/03\/29\/implementan-aulas-virtuales-para-jovenes-y-adultos-que-finalizan-la-secundaria-a-distancia\/#article","isPartOf":{"@id":"https:\/\/diariotextual.com\/inicio\/index.php\/2023\/03\/29\/implementan-aulas-virtuales-para-jovenes-y-adultos-que-finalizan-la-secundaria-a-distancia\/"},"author":{"name":"diario2","@id":"https:\/\/diariotextual.com\/inicio\/#\/schema\/person\/694f60677f23c4a530867a98f22b3768"},"headline":"Implementan aulas virtuales para j\u00f3venes y adultos que finalizan la secundaria a distancia","datePublished":"2023-03-29T16:15:16+00:00","dateModified":"2023-03-29T16:15:17+00:00","mainEntityOfPage":{"@id":"https:\/\/diariotextual.com\/inicio\/index.php\/2023\/03\/29\/implementan-aulas-virtuales-para-jovenes-y-adultos-que-finalizan-la-secundaria-a-distancia\/"},"wordCount":246,"publisher":{"@id":"https:\/\/diariotextual.com\/inicio\/#organization"},"image":{"@id":"https:\/\/diariotextual.com\/inicio\/index.php\/2023\/03\/29\/implementan-aulas-virtuales-para-jovenes-y-adultos-que-finalizan-la-secundaria-a-distancia\/#primaryimage"},"thumbnailUrl":"https:\/\/diariotextual.com\/inicio\/wp-content\/uploads\/2021\/04\/alumnoclasevirtual3421.jpg","articleSection":["A - ES NOTICIA (van abajo)","SOCIEDAD"],"inLanguage":"es"},{"@type":"WebPage","@id":"https:\/\/diariotextual.com\/inicio\/index.php\/2023\/03\/29\/implementan-aulas-virtuales-para-jovenes-y-adultos-que-finalizan-la-secundaria-a-distancia\/","url":"https:\/\/diariotextual.com\/inicio\/index.php\/2023\/03\/29\/implementan-aulas-virtuales-para-jovenes-y-adultos-que-finalizan-la-secundaria-a-distancia\/","name":"Implementan aulas virtuales para j\u00f3venes y adultos que finalizan la secundaria a distancia - Diario Textual","isPartOf":{"@id":"https:\/\/diariotextual.com\/inicio\/#website"},"primaryImageOfPage":{"@id":"https:\/\/diariotextual.com\/inicio\/index.php\/2023\/03\/29\/implementan-aulas-virtuales-para-jovenes-y-adultos-que-finalizan-la-secundaria-a-distancia\/#primaryimage"},"image":{"@id":"https:\/\/diariotextual.com\/inicio\/index.php\/2023\/03\/29\/implementan-aulas-virtuales-para-jovenes-y-adultos-que-finalizan-la-secundaria-a-distancia\/#primaryimage"},"thumbnailUrl":"https:\/\/diariotextual.com\/inicio\/wp-content\/uploads\/2021\/04\/alumnoclasevirtual3421.jpg","datePublished":"2023-03-29T16:15:16+00:00","dateModified":"2023-03-29T16:15:17+00:00","breadcrumb":{"@id":"https:\/\/diariotextual.com\/inicio\/index.php\/2023\/03\/29\/implementan-aulas-virtuales-para-jovenes-y-adultos-que-finalizan-la-secundaria-a-distancia\/#breadcrumb"},"inLanguage":"es","potentialAction":[{"@type":"ReadAction","target":["https:\/\/diariotextual.com\/inicio\/index.php\/2023\/03\/29\/implementan-aulas-virtuales-para-jovenes-y-adultos-que-finalizan-la-secundaria-a-distancia\/"]}]},{"@type":"ImageObject","inLanguage":"es","@id":"https:\/\/diariotextual.com\/inicio\/index.php\/2023\/03\/29\/implementan-aulas-virtuales-para-jovenes-y-adultos-que-finalizan-la-secundaria-a-distancia\/#primaryimage","url":"https:\/\/diariotextual.com\/inicio\/wp-content\/uploads\/2021\/04\/alumnoclasevirtual3421.jpg","contentUrl":"https:\/\/diariotextual.com\/inicio\/wp-content\/uploads\/2021\/04\/alumnoclasevirtual3421.jpg","width":900,"height":507},{"@type":"BreadcrumbList","@id":"https:\/\/diariotextual.com\/inicio\/index.php\/2023\/03\/29\/implementan-aulas-virtuales-para-jovenes-y-adultos-que-finalizan-la-secundaria-a-distancia\/#breadcrumb","itemListElement":[{"@type":"ListItem","position":1,"name":"Portada","item":"https:\/\/diariotextual.com\/inicio\/"},{"@type":"ListItem","position":2,"name":"Implementan aulas virtuales para j\u00f3venes y adultos que finalizan la secundaria a distancia"}]},{"@type":"WebSite","@id":"https:\/\/diariotextual.com\/inicio\/#website","url":"https:\/\/diariotextual.com\/inicio\/","name":"Diario Textual","description":"","publisher":{"@id":"https:\/\/diariotextual.com\/inicio\/#organization"},"potentialAction":[{"@type":"SearchAction","target":{"@type":"EntryPoint","urlTemplate":"https:\/\/diariotextual.com\/inicio\/?s={search_term_string}"},"query-input":{"@type":"PropertyValueSpecification","valueRequired":true,"valueName":"search_term_string"}}],"inLanguage":"es"},{"@type":"Organization","@id":"https:\/\/diariotextual.com\/inicio\/#organization","name":"Diario Textual","url":"https:\/\/diariotextual.com\/inicio\/","logo":{"@type":"ImageObject","inLanguage":"es","@id":"https:\/\/diariotextual.com\/inicio\/#\/schema\/logo\/image\/","url":"https:\/\/diariotextual.com\/inicio\/wp-content\/uploads\/2023\/05\/logotextual1.jpg","contentUrl":"https:\/\/diariotextual.com\/inicio\/wp-content\/uploads\/2023\/05\/logotextual1.jpg","width":516,"height":76,"caption":"Diario Textual"},"image":{"@id":"https:\/\/diariotextual.com\/inicio\/#\/schema\/logo\/image\/"},"sameAs":["https:\/\/www.facebook.com\/eltextual","https:\/\/x.com\/eltextual","http:\/\/www.instagram.com\/eltextual"]},{"@type":"Person","@id":"https:\/\/diariotextual.com\/inicio\/#\/schema\/person\/694f60677f23c4a530867a98f22b3768","name":"diario2","image":{"@type":"ImageObject","inLanguage":"es","@id":"https:\/\/secure.gravatar.com\/avatar\/5a2567495ba16b852fcd8f1ed006a2e24fcace936018ed8237e95f488ad6e0a7?s=96&d=mm&r=g","url":"https:\/\/secure.gravatar.com\/avatar\/5a2567495ba16b852fcd8f1ed006a2e24fcace936018ed8237e95f488ad6e0a7?s=96&d=mm&r=g","contentUrl":"https:\/\/secure.gravatar.com\/avatar\/5a2567495ba16b852fcd8f1ed006a2e24fcace936018ed8237e95f488ad6e0a7?s=96&d=mm&r=g","caption":"diario2"},"url":"https:\/\/diariotextual.com\/inicio\/index.php\/author\/diario2\/"}]}},"_links":{"self":[{"href":"https:\/\/diariotextual.com\/inicio\/index.php\/wp-json\/wp\/v2\/posts\/220360","targetHints":{"allow":["GET"]}}],"collection":[{"href":"https:\/\/diariotextual.com\/inicio\/index.php\/wp-json\/wp\/v2\/posts"}],"about":[{"href":"https:\/\/diariotextual.com\/inicio\/index.php\/wp-json\/wp\/v2\/types\/post"}],"author":[{"embeddable":true,"href":"https:\/\/diariotextual.com\/inicio\/index.php\/wp-json\/wp\/v2\/users\/4"}],"replies":[{"embeddable":true,"href":"https:\/\/diariotextual.com\/inicio\/index.php\/wp-json\/wp\/v2\/comments?post=220360"}],"version-history":[{"count":1,"href":"https:\/\/diariotextual.com\/inicio\/index.php\/wp-json\/wp\/v2\/posts\/220360\/revisions"}],"predecessor-version":[{"id":220361,"href":"https:\/\/diariotextual.com\/inicio\/index.php\/wp-json\/wp\/v2\/posts\/220360\/revisions\/220361"}],"wp:featuredmedia":[{"embeddable":true,"href":"https:\/\/diariotextual.com\/inicio\/index.php\/wp-json\/wp\/v2\/media\/143568"}],"wp:attachment":[{"href":"https:\/\/diariotextual.com\/inicio\/index.php\/wp-json\/wp\/v2\/media?parent=220360"}],"wp:term":[{"taxonomy":"category","embeddable":true,"href":"https:\/\/diariotextual.com\/inicio\/index.php\/wp-json\/wp\/v2\/categories?post=220360"},{"taxonomy":"post_tag","embeddable":true,"href":"https:\/\/diariotextual.com\/inicio\/index.php\/wp-json\/wp\/v2\/tags?post=220360"}],"curies":[{"name":"wp","href":"https:\/\/api.w.org\/{rel}","templated":true}]}}