{"id":220372,"date":"2023-03-29T16:39:55","date_gmt":"2023-03-29T19:39:55","guid":{"rendered":"https:\/\/diariotextual.com\/inicio\/?p=220372"},"modified":"2023-03-29T16:40:47","modified_gmt":"2023-03-29T19:40:47","slug":"editorial-voces-presento-genocidio-y-dictadura-caso-la-pampa-1974-2021","status":"publish","type":"post","link":"https:\/\/diariotextual.com\/inicio\/index.php\/2023\/03\/29\/editorial-voces-presento-genocidio-y-dictadura-caso-la-pampa-1974-2021\/","title":{"rendered":"Editorial Voces present\u00f3 \u201cGenocidio y dictadura: caso La Pampa (1974-2021)\u201d"},"content":{"rendered":"\n<p>El Centro Municipal de Cultura de Santa Rosa result\u00f3 el espacio apropiado para la presentaci\u00f3n del libro <strong>\u201cGenocidio y dictadura: caso La Pampa (1974-2021)\u201d, obra que sintetiza a\u00f1os de investigaci\u00f3n de Nilda \u201cPatty\u201d Redondo, <\/strong>y que fuera publicado por Editorial Voces de la CPE. El libro llegar\u00e1 a manos de las y los asociados a la editorial cooperativa en los pr\u00f3ximos d\u00edas.<\/p>\n\n\n\n<p>Nilda Redondo estudi\u00f3 Letras en la UNLPam y en octubre de 1976 fue prescindida de su trabajo como docente del nivel secundario. Profesora universitaria, escritora e investigadora, subray\u00f3 algunos objetivos que se plante\u00f3 para este libro, agradeci\u00f3 la predisposici\u00f3n de sus entrevistados y de la CPE para la edici\u00f3n. Tambi\u00e9n destac\u00f3 el aporte de Alejandra Ciriza, doctora en Filosof\u00eda e investigadora principal del CONICET, quien redact\u00f3 el pr\u00f3logo.<\/p>\n\n\n\n<p>La obra combina una serie de elementos que permiten un <strong>nuevo acercamiento al impacto que tuvo, particularmente en nuestra provincia, la dictadura c\u00edvico-militar que asol\u00f3 al pa\u00eds entre 1976 y 1983<\/strong>, aunque abarca los dos a\u00f1os previos al golpe de Estado del 24 de marzo y sus proyecciones hasta 2021. Esos elementos incluyen la b\u00fasqueda y selecci\u00f3n de informaci\u00f3n period\u00edstica registrada en el diario La Arena, antes y durante la dictadura (registros que van desde 1975 a 1978), los testimonios de un grupo de militantes pampeanos de aquellos a\u00f1os que sufrieron en carne propia las consecuencias y reflexiona sobre el concepto de genocidio.<\/p>\n\n\n\n<p>Sergio Baudino, exrector de la UNLPam, a trav\u00e9s de un video grabado, se refiri\u00f3 a su militancia pol\u00edtica juvenil y las vivencias personales que sumaron lamentablemente un extenso periodo detenido, entre febrero del 77 y octubre del 79; Alicia Vidondo y Am\u00e9rico Taborda comentaron aspectos personales y familiares que debieron atravesar, as\u00ed como la destrucci\u00f3n de la Sistema Integrado de Salud estatal donde cumpl\u00edan funciones y la p\u00e9rdida de sus puestos laborales; Susana Berdasco docente tambi\u00e9n expulsada del trabajo en el nivel medio y en la Universidad, reflexion\u00f3 sobre los alcances de aquel contexto represivo y su v\u00ednculo directo con el concepto de genocidio. Mar\u00eda Teresa Pousiff, docente y escritora, integr\u00f3 el grupo de entrevistadas para este obra.<\/p>\n\n\n\n<p>Junto a Nilda Redondo, participaron de la mesa de presentaci\u00f3n, el presidente de la CPE, Alfredo Carrascal, y el director de Voces, Alberto Acosta. El m\u00fasico Camilo Camiletti ejecut\u00f3 su obra \u201cTinto y milonga\u201d y el cierre musical qued\u00f3 a cargo de Alberto Gatica con su obra \u201cD\u00edas de noviembre\u201d. En el hall se exhibieron obras pict\u00f3ricas de Jimena Cabello: \u201cEscena costumbrista\u201d, \u201cEl otro recorte\u201d y \u201cAmor de pueblos\u201d, y Alejandro Urioste se encarg\u00f3 del video que dio apertura al acto.<\/p>\n","protected":false},"excerpt":{"rendered":"<p>El Centro Municipal de Cultura de Santa Rosa result\u00f3 el espacio apropiado para la presentaci\u00f3n del libro \u201cGenocidio y dictadura: caso La Pampa (1974-2021)\u201d, obra que sintetiza a\u00f1os de investigaci\u00f3n&hellip;<\/p>\n","protected":false},"author":4,"featured_media":220373,"comment_status":"closed","ping_status":"open","sticky":false,"template":"","format":"standard","meta":{"_acf_changed":false,"footnotes":""},"categories":[1,2],"tags":[],"class_list":["post-220372","post","type-post","status-publish","format-standard","has-post-thumbnail","hentry","category-es-noticia","category-cultura"],"acf":[],"yoast_head":"<!-- This site is optimized with the Yoast SEO plugin v27.5 - https:\/\/yoast.com\/product\/yoast-seo-wordpress\/ -->\n<title>Editorial Voces present\u00f3 \u201cGenocidio y dictadura: caso La Pampa (1974-2021)\u201d - Diario Textual<\/title>\n<meta name=\"robots\" content=\"index, follow, max-snippet:-1, max-image-preview:large, max-video-preview:-1\" \/>\n<link rel=\"canonical\" href=\"https:\/\/diariotextual.com\/inicio\/index.php\/2023\/03\/29\/editorial-voces-presento-genocidio-y-dictadura-caso-la-pampa-1974-2021\/\" \/>\n<meta property=\"og:locale\" content=\"es_ES\" \/>\n<meta property=\"og:type\" content=\"article\" \/>\n<meta property=\"og:title\" content=\"Editorial Voces present\u00f3 \u201cGenocidio y dictadura: caso La Pampa (1974-2021)\u201d - Diario Textual\" \/>\n<meta property=\"og:description\" content=\"El Centro Municipal de Cultura de Santa Rosa result\u00f3 el espacio apropiado para la presentaci\u00f3n del libro \u201cGenocidio y dictadura: caso La Pampa (1974-2021)\u201d, obra que sintetiza a\u00f1os de investigaci\u00f3n&hellip;\" \/>\n<meta property=\"og:url\" content=\"https:\/\/diariotextual.com\/inicio\/index.php\/2023\/03\/29\/editorial-voces-presento-genocidio-y-dictadura-caso-la-pampa-1974-2021\/\" \/>\n<meta property=\"og:site_name\" content=\"Diario Textual\" \/>\n<meta property=\"article:publisher\" content=\"https:\/\/www.facebook.com\/eltextual\" \/>\n<meta property=\"article:published_time\" content=\"2023-03-29T19:39:55+00:00\" \/>\n<meta property=\"article:modified_time\" content=\"2023-03-29T19:40:47+00:00\" \/>\n<meta property=\"og:image\" content=\"https:\/\/diariotextual.com\/inicio\/wp-content\/uploads\/2023\/03\/nildaredondolibro46327.jpg\" \/>\n\t<meta property=\"og:image:width\" content=\"899\" \/>\n\t<meta property=\"og:image:height\" content=\"550\" \/>\n\t<meta property=\"og:image:type\" content=\"image\/jpeg\" \/>\n<meta name=\"author\" content=\"diario2\" \/>\n<meta name=\"twitter:card\" content=\"summary_large_image\" \/>\n<meta name=\"twitter:creator\" content=\"@eltextual\" \/>\n<meta name=\"twitter:site\" content=\"@eltextual\" \/>\n<meta name=\"twitter:label1\" content=\"Escrito por\" \/>\n\t<meta name=\"twitter:data1\" content=\"diario2\" \/>\n\t<meta name=\"twitter:label2\" content=\"Tiempo de lectura\" \/>\n\t<meta name=\"twitter:data2\" content=\"2 minutos\" \/>\n<script type=\"application\/ld+json\" class=\"yoast-schema-graph\">{\"@context\":\"https:\\\/\\\/schema.org\",\"@graph\":[{\"@type\":\"Article\",\"@id\":\"https:\\\/\\\/diariotextual.com\\\/inicio\\\/index.php\\\/2023\\\/03\\\/29\\\/editorial-voces-presento-genocidio-y-dictadura-caso-la-pampa-1974-2021\\\/#article\",\"isPartOf\":{\"@id\":\"https:\\\/\\\/diariotextual.com\\\/inicio\\\/index.php\\\/2023\\\/03\\\/29\\\/editorial-voces-presento-genocidio-y-dictadura-caso-la-pampa-1974-2021\\\/\"},\"author\":{\"name\":\"diario2\",\"@id\":\"https:\\\/\\\/diariotextual.com\\\/inicio\\\/#\\\/schema\\\/person\\\/694f60677f23c4a530867a98f22b3768\"},\"headline\":\"Editorial Voces present\u00f3 \u201cGenocidio y dictadura: caso La Pampa (1974-2021)\u201d\",\"datePublished\":\"2023-03-29T19:39:55+00:00\",\"dateModified\":\"2023-03-29T19:40:47+00:00\",\"mainEntityOfPage\":{\"@id\":\"https:\\\/\\\/diariotextual.com\\\/inicio\\\/index.php\\\/2023\\\/03\\\/29\\\/editorial-voces-presento-genocidio-y-dictadura-caso-la-pampa-1974-2021\\\/\"},\"wordCount\":464,\"publisher\":{\"@id\":\"https:\\\/\\\/diariotextual.com\\\/inicio\\\/#organization\"},\"image\":{\"@id\":\"https:\\\/\\\/diariotextual.com\\\/inicio\\\/index.php\\\/2023\\\/03\\\/29\\\/editorial-voces-presento-genocidio-y-dictadura-caso-la-pampa-1974-2021\\\/#primaryimage\"},\"thumbnailUrl\":\"https:\\\/\\\/diariotextual.com\\\/inicio\\\/wp-content\\\/uploads\\\/2023\\\/03\\\/nildaredondolibro46327.jpg\",\"articleSection\":[\"A - ES NOTICIA (van abajo)\",\"CULTURA\"],\"inLanguage\":\"es\"},{\"@type\":\"WebPage\",\"@id\":\"https:\\\/\\\/diariotextual.com\\\/inicio\\\/index.php\\\/2023\\\/03\\\/29\\\/editorial-voces-presento-genocidio-y-dictadura-caso-la-pampa-1974-2021\\\/\",\"url\":\"https:\\\/\\\/diariotextual.com\\\/inicio\\\/index.php\\\/2023\\\/03\\\/29\\\/editorial-voces-presento-genocidio-y-dictadura-caso-la-pampa-1974-2021\\\/\",\"name\":\"Editorial Voces present\u00f3 \u201cGenocidio y dictadura: caso La Pampa (1974-2021)\u201d - Diario Textual\",\"isPartOf\":{\"@id\":\"https:\\\/\\\/diariotextual.com\\\/inicio\\\/#website\"},\"primaryImageOfPage\":{\"@id\":\"https:\\\/\\\/diariotextual.com\\\/inicio\\\/index.php\\\/2023\\\/03\\\/29\\\/editorial-voces-presento-genocidio-y-dictadura-caso-la-pampa-1974-2021\\\/#primaryimage\"},\"image\":{\"@id\":\"https:\\\/\\\/diariotextual.com\\\/inicio\\\/index.php\\\/2023\\\/03\\\/29\\\/editorial-voces-presento-genocidio-y-dictadura-caso-la-pampa-1974-2021\\\/#primaryimage\"},\"thumbnailUrl\":\"https:\\\/\\\/diariotextual.com\\\/inicio\\\/wp-content\\\/uploads\\\/2023\\\/03\\\/nildaredondolibro46327.jpg\",\"datePublished\":\"2023-03-29T19:39:55+00:00\",\"dateModified\":\"2023-03-29T19:40:47+00:00\",\"breadcrumb\":{\"@id\":\"https:\\\/\\\/diariotextual.com\\\/inicio\\\/index.php\\\/2023\\\/03\\\/29\\\/editorial-voces-presento-genocidio-y-dictadura-caso-la-pampa-1974-2021\\\/#breadcrumb\"},\"inLanguage\":\"es\",\"potentialAction\":[{\"@type\":\"ReadAction\",\"target\":[\"https:\\\/\\\/diariotextual.com\\\/inicio\\\/index.php\\\/2023\\\/03\\\/29\\\/editorial-voces-presento-genocidio-y-dictadura-caso-la-pampa-1974-2021\\\/\"]}]},{\"@type\":\"ImageObject\",\"inLanguage\":\"es\",\"@id\":\"https:\\\/\\\/diariotextual.com\\\/inicio\\\/index.php\\\/2023\\\/03\\\/29\\\/editorial-voces-presento-genocidio-y-dictadura-caso-la-pampa-1974-2021\\\/#primaryimage\",\"url\":\"https:\\\/\\\/diariotextual.com\\\/inicio\\\/wp-content\\\/uploads\\\/2023\\\/03\\\/nildaredondolibro46327.jpg\",\"contentUrl\":\"https:\\\/\\\/diariotextual.com\\\/inicio\\\/wp-content\\\/uploads\\\/2023\\\/03\\\/nildaredondolibro46327.jpg\",\"width\":899,\"height\":550},{\"@type\":\"BreadcrumbList\",\"@id\":\"https:\\\/\\\/diariotextual.com\\\/inicio\\\/index.php\\\/2023\\\/03\\\/29\\\/editorial-voces-presento-genocidio-y-dictadura-caso-la-pampa-1974-2021\\\/#breadcrumb\",\"itemListElement\":[{\"@type\":\"ListItem\",\"position\":1,\"name\":\"Portada\",\"item\":\"https:\\\/\\\/diariotextual.com\\\/inicio\\\/\"},{\"@type\":\"ListItem\",\"position\":2,\"name\":\"Editorial Voces present\u00f3 \u201cGenocidio y dictadura: caso La Pampa (1974-2021)\u201d\"}]},{\"@type\":\"WebSite\",\"@id\":\"https:\\\/\\\/diariotextual.com\\\/inicio\\\/#website\",\"url\":\"https:\\\/\\\/diariotextual.com\\\/inicio\\\/\",\"name\":\"Diario Textual\",\"description\":\"\",\"publisher\":{\"@id\":\"https:\\\/\\\/diariotextual.com\\\/inicio\\\/#organization\"},\"potentialAction\":[{\"@type\":\"SearchAction\",\"target\":{\"@type\":\"EntryPoint\",\"urlTemplate\":\"https:\\\/\\\/diariotextual.com\\\/inicio\\\/?s={search_term_string}\"},\"query-input\":{\"@type\":\"PropertyValueSpecification\",\"valueRequired\":true,\"valueName\":\"search_term_string\"}}],\"inLanguage\":\"es\"},{\"@type\":\"Organization\",\"@id\":\"https:\\\/\\\/diariotextual.com\\\/inicio\\\/#organization\",\"name\":\"Diario Textual\",\"url\":\"https:\\\/\\\/diariotextual.com\\\/inicio\\\/\",\"logo\":{\"@type\":\"ImageObject\",\"inLanguage\":\"es\",\"@id\":\"https:\\\/\\\/diariotextual.com\\\/inicio\\\/#\\\/schema\\\/logo\\\/image\\\/\",\"url\":\"https:\\\/\\\/diariotextual.com\\\/inicio\\\/wp-content\\\/uploads\\\/2023\\\/05\\\/logotextual1.jpg\",\"contentUrl\":\"https:\\\/\\\/diariotextual.com\\\/inicio\\\/wp-content\\\/uploads\\\/2023\\\/05\\\/logotextual1.jpg\",\"width\":516,\"height\":76,\"caption\":\"Diario Textual\"},\"image\":{\"@id\":\"https:\\\/\\\/diariotextual.com\\\/inicio\\\/#\\\/schema\\\/logo\\\/image\\\/\"},\"sameAs\":[\"https:\\\/\\\/www.facebook.com\\\/eltextual\",\"https:\\\/\\\/x.com\\\/eltextual\",\"http:\\\/\\\/www.instagram.com\\\/eltextual\"]},{\"@type\":\"Person\",\"@id\":\"https:\\\/\\\/diariotextual.com\\\/inicio\\\/#\\\/schema\\\/person\\\/694f60677f23c4a530867a98f22b3768\",\"name\":\"diario2\",\"image\":{\"@type\":\"ImageObject\",\"inLanguage\":\"es\",\"@id\":\"https:\\\/\\\/secure.gravatar.com\\\/avatar\\\/5a2567495ba16b852fcd8f1ed006a2e24fcace936018ed8237e95f488ad6e0a7?s=96&d=mm&r=g\",\"url\":\"https:\\\/\\\/secure.gravatar.com\\\/avatar\\\/5a2567495ba16b852fcd8f1ed006a2e24fcace936018ed8237e95f488ad6e0a7?s=96&d=mm&r=g\",\"contentUrl\":\"https:\\\/\\\/secure.gravatar.com\\\/avatar\\\/5a2567495ba16b852fcd8f1ed006a2e24fcace936018ed8237e95f488ad6e0a7?s=96&d=mm&r=g\",\"caption\":\"diario2\"},\"url\":\"https:\\\/\\\/diariotextual.com\\\/inicio\\\/index.php\\\/author\\\/diario2\\\/\"}]}<\/script>\n<!-- \/ Yoast SEO plugin. -->","yoast_head_json":{"title":"Editorial Voces present\u00f3 \u201cGenocidio y dictadura: caso La Pampa (1974-2021)\u201d - Diario Textual","robots":{"index":"index","follow":"follow","max-snippet":"max-snippet:-1","max-image-preview":"max-image-preview:large","max-video-preview":"max-video-preview:-1"},"canonical":"https:\/\/diariotextual.com\/inicio\/index.php\/2023\/03\/29\/editorial-voces-presento-genocidio-y-dictadura-caso-la-pampa-1974-2021\/","og_locale":"es_ES","og_type":"article","og_title":"Editorial Voces present\u00f3 \u201cGenocidio y dictadura: caso La Pampa (1974-2021)\u201d - Diario Textual","og_description":"El Centro Municipal de Cultura de Santa Rosa result\u00f3 el espacio apropiado para la presentaci\u00f3n del libro \u201cGenocidio y dictadura: caso La Pampa (1974-2021)\u201d, obra que sintetiza a\u00f1os de investigaci\u00f3n&hellip;","og_url":"https:\/\/diariotextual.com\/inicio\/index.php\/2023\/03\/29\/editorial-voces-presento-genocidio-y-dictadura-caso-la-pampa-1974-2021\/","og_site_name":"Diario Textual","article_publisher":"https:\/\/www.facebook.com\/eltextual","article_published_time":"2023-03-29T19:39:55+00:00","article_modified_time":"2023-03-29T19:40:47+00:00","og_image":[{"width":899,"height":550,"url":"https:\/\/diariotextual.com\/inicio\/wp-content\/uploads\/2023\/03\/nildaredondolibro46327.jpg","type":"image\/jpeg"}],"author":"diario2","twitter_card":"summary_large_image","twitter_creator":"@eltextual","twitter_site":"@eltextual","twitter_misc":{"Escrito por":"diario2","Tiempo de lectura":"2 minutos"},"schema":{"@context":"https:\/\/schema.org","@graph":[{"@type":"Article","@id":"https:\/\/diariotextual.com\/inicio\/index.php\/2023\/03\/29\/editorial-voces-presento-genocidio-y-dictadura-caso-la-pampa-1974-2021\/#article","isPartOf":{"@id":"https:\/\/diariotextual.com\/inicio\/index.php\/2023\/03\/29\/editorial-voces-presento-genocidio-y-dictadura-caso-la-pampa-1974-2021\/"},"author":{"name":"diario2","@id":"https:\/\/diariotextual.com\/inicio\/#\/schema\/person\/694f60677f23c4a530867a98f22b3768"},"headline":"Editorial Voces present\u00f3 \u201cGenocidio y dictadura: caso La Pampa (1974-2021)\u201d","datePublished":"2023-03-29T19:39:55+00:00","dateModified":"2023-03-29T19:40:47+00:00","mainEntityOfPage":{"@id":"https:\/\/diariotextual.com\/inicio\/index.php\/2023\/03\/29\/editorial-voces-presento-genocidio-y-dictadura-caso-la-pampa-1974-2021\/"},"wordCount":464,"publisher":{"@id":"https:\/\/diariotextual.com\/inicio\/#organization"},"image":{"@id":"https:\/\/diariotextual.com\/inicio\/index.php\/2023\/03\/29\/editorial-voces-presento-genocidio-y-dictadura-caso-la-pampa-1974-2021\/#primaryimage"},"thumbnailUrl":"https:\/\/diariotextual.com\/inicio\/wp-content\/uploads\/2023\/03\/nildaredondolibro46327.jpg","articleSection":["A - ES NOTICIA (van abajo)","CULTURA"],"inLanguage":"es"},{"@type":"WebPage","@id":"https:\/\/diariotextual.com\/inicio\/index.php\/2023\/03\/29\/editorial-voces-presento-genocidio-y-dictadura-caso-la-pampa-1974-2021\/","url":"https:\/\/diariotextual.com\/inicio\/index.php\/2023\/03\/29\/editorial-voces-presento-genocidio-y-dictadura-caso-la-pampa-1974-2021\/","name":"Editorial Voces present\u00f3 \u201cGenocidio y dictadura: caso La Pampa (1974-2021)\u201d - Diario Textual","isPartOf":{"@id":"https:\/\/diariotextual.com\/inicio\/#website"},"primaryImageOfPage":{"@id":"https:\/\/diariotextual.com\/inicio\/index.php\/2023\/03\/29\/editorial-voces-presento-genocidio-y-dictadura-caso-la-pampa-1974-2021\/#primaryimage"},"image":{"@id":"https:\/\/diariotextual.com\/inicio\/index.php\/2023\/03\/29\/editorial-voces-presento-genocidio-y-dictadura-caso-la-pampa-1974-2021\/#primaryimage"},"thumbnailUrl":"https:\/\/diariotextual.com\/inicio\/wp-content\/uploads\/2023\/03\/nildaredondolibro46327.jpg","datePublished":"2023-03-29T19:39:55+00:00","dateModified":"2023-03-29T19:40:47+00:00","breadcrumb":{"@id":"https:\/\/diariotextual.com\/inicio\/index.php\/2023\/03\/29\/editorial-voces-presento-genocidio-y-dictadura-caso-la-pampa-1974-2021\/#breadcrumb"},"inLanguage":"es","potentialAction":[{"@type":"ReadAction","target":["https:\/\/diariotextual.com\/inicio\/index.php\/2023\/03\/29\/editorial-voces-presento-genocidio-y-dictadura-caso-la-pampa-1974-2021\/"]}]},{"@type":"ImageObject","inLanguage":"es","@id":"https:\/\/diariotextual.com\/inicio\/index.php\/2023\/03\/29\/editorial-voces-presento-genocidio-y-dictadura-caso-la-pampa-1974-2021\/#primaryimage","url":"https:\/\/diariotextual.com\/inicio\/wp-content\/uploads\/2023\/03\/nildaredondolibro46327.jpg","contentUrl":"https:\/\/diariotextual.com\/inicio\/wp-content\/uploads\/2023\/03\/nildaredondolibro46327.jpg","width":899,"height":550},{"@type":"BreadcrumbList","@id":"https:\/\/diariotextual.com\/inicio\/index.php\/2023\/03\/29\/editorial-voces-presento-genocidio-y-dictadura-caso-la-pampa-1974-2021\/#breadcrumb","itemListElement":[{"@type":"ListItem","position":1,"name":"Portada","item":"https:\/\/diariotextual.com\/inicio\/"},{"@type":"ListItem","position":2,"name":"Editorial Voces present\u00f3 \u201cGenocidio y dictadura: caso La Pampa (1974-2021)\u201d"}]},{"@type":"WebSite","@id":"https:\/\/diariotextual.com\/inicio\/#website","url":"https:\/\/diariotextual.com\/inicio\/","name":"Diario Textual","description":"","publisher":{"@id":"https:\/\/diariotextual.com\/inicio\/#organization"},"potentialAction":[{"@type":"SearchAction","target":{"@type":"EntryPoint","urlTemplate":"https:\/\/diariotextual.com\/inicio\/?s={search_term_string}"},"query-input":{"@type":"PropertyValueSpecification","valueRequired":true,"valueName":"search_term_string"}}],"inLanguage":"es"},{"@type":"Organization","@id":"https:\/\/diariotextual.com\/inicio\/#organization","name":"Diario Textual","url":"https:\/\/diariotextual.com\/inicio\/","logo":{"@type":"ImageObject","inLanguage":"es","@id":"https:\/\/diariotextual.com\/inicio\/#\/schema\/logo\/image\/","url":"https:\/\/diariotextual.com\/inicio\/wp-content\/uploads\/2023\/05\/logotextual1.jpg","contentUrl":"https:\/\/diariotextual.com\/inicio\/wp-content\/uploads\/2023\/05\/logotextual1.jpg","width":516,"height":76,"caption":"Diario Textual"},"image":{"@id":"https:\/\/diariotextual.com\/inicio\/#\/schema\/logo\/image\/"},"sameAs":["https:\/\/www.facebook.com\/eltextual","https:\/\/x.com\/eltextual","http:\/\/www.instagram.com\/eltextual"]},{"@type":"Person","@id":"https:\/\/diariotextual.com\/inicio\/#\/schema\/person\/694f60677f23c4a530867a98f22b3768","name":"diario2","image":{"@type":"ImageObject","inLanguage":"es","@id":"https:\/\/secure.gravatar.com\/avatar\/5a2567495ba16b852fcd8f1ed006a2e24fcace936018ed8237e95f488ad6e0a7?s=96&d=mm&r=g","url":"https:\/\/secure.gravatar.com\/avatar\/5a2567495ba16b852fcd8f1ed006a2e24fcace936018ed8237e95f488ad6e0a7?s=96&d=mm&r=g","contentUrl":"https:\/\/secure.gravatar.com\/avatar\/5a2567495ba16b852fcd8f1ed006a2e24fcace936018ed8237e95f488ad6e0a7?s=96&d=mm&r=g","caption":"diario2"},"url":"https:\/\/diariotextual.com\/inicio\/index.php\/author\/diario2\/"}]}},"_links":{"self":[{"href":"https:\/\/diariotextual.com\/inicio\/index.php\/wp-json\/wp\/v2\/posts\/220372","targetHints":{"allow":["GET"]}}],"collection":[{"href":"https:\/\/diariotextual.com\/inicio\/index.php\/wp-json\/wp\/v2\/posts"}],"about":[{"href":"https:\/\/diariotextual.com\/inicio\/index.php\/wp-json\/wp\/v2\/types\/post"}],"author":[{"embeddable":true,"href":"https:\/\/diariotextual.com\/inicio\/index.php\/wp-json\/wp\/v2\/users\/4"}],"replies":[{"embeddable":true,"href":"https:\/\/diariotextual.com\/inicio\/index.php\/wp-json\/wp\/v2\/comments?post=220372"}],"version-history":[{"count":2,"href":"https:\/\/diariotextual.com\/inicio\/index.php\/wp-json\/wp\/v2\/posts\/220372\/revisions"}],"predecessor-version":[{"id":220376,"href":"https:\/\/diariotextual.com\/inicio\/index.php\/wp-json\/wp\/v2\/posts\/220372\/revisions\/220376"}],"wp:featuredmedia":[{"embeddable":true,"href":"https:\/\/diariotextual.com\/inicio\/index.php\/wp-json\/wp\/v2\/media\/220373"}],"wp:attachment":[{"href":"https:\/\/diariotextual.com\/inicio\/index.php\/wp-json\/wp\/v2\/media?parent=220372"}],"wp:term":[{"taxonomy":"category","embeddable":true,"href":"https:\/\/diariotextual.com\/inicio\/index.php\/wp-json\/wp\/v2\/categories?post=220372"},{"taxonomy":"post_tag","embeddable":true,"href":"https:\/\/diariotextual.com\/inicio\/index.php\/wp-json\/wp\/v2\/tags?post=220372"}],"curies":[{"name":"wp","href":"https:\/\/api.w.org\/{rel}","templated":true}]}}