{"id":220377,"date":"2023-03-29T16:48:35","date_gmt":"2023-03-29T19:48:35","guid":{"rendered":"https:\/\/diariotextual.com\/inicio\/?p=220377"},"modified":"2023-03-29T16:48:37","modified_gmt":"2023-03-29T19:48:37","slug":"el-archivo-historico-de-la-provincia-celebro-sus-50-anos","status":"publish","type":"post","link":"https:\/\/diariotextual.com\/inicio\/index.php\/2023\/03\/29\/el-archivo-historico-de-la-provincia-celebro-sus-50-anos\/","title":{"rendered":"El Archivo Hist\u00f3rico de la Provincia celebr\u00f3 sus 50 a\u00f1os"},"content":{"rendered":"\n<p>El pasado martes 28 de marzo el <strong>Archivo Hist\u00f3rico Provincial \u201cFernando Ar\u00e1oz\u201d arrib\u00f3 a sus 50 a\u00f1os<\/strong> y la Secretar\u00eda de Cultura a trav\u00e9s de la Direcci\u00f3n de Patrimonio Cultural lo celebr\u00f3 con un peque\u00f1o acto de reconocimiento y brindis junto a antiguos y actuales trabajadores que intervinieron y formaron parte de su desarrollo y crecimiento.<\/p>\n\n\n\n<p>Fue un momento especial de encuentros, recuerdos y reflexi\u00f3n en el que participaron en representaci\u00f3n de la Secretar\u00eda de Cultura, la subsecretaria de Coordinaci\u00f3n Cultural, <strong>Dini Calder\u00f3n;<\/strong> la directora de Patrimonio Cultural, <strong>Elina S\u00e1ez<\/strong>, el actual equipo y pasantes de la Universidad de La Pampa quienes recibieron a los invitados especiales a este reconocimiento.<\/p>\n\n\n\n<p>Entre ellos se encontraban <strong>Stella Maris Prado, Silvia Crochetti, Valeria Bedis, Ivana Carluccio;<\/strong> algunas de ellas han trabajado desde sus inicios y han tenido su desempe\u00f1o en el \u00e1mbito de la archiv\u00edstica.<\/p>\n\n\n\n<p>Representando a la Asociaci\u00f3n de Colectividades se acercaron <strong>Mar\u00eda del Carmen Ares (italianos ) y Marcela Morkin <\/strong>(israel\u00edes), quienes integran adem\u00e1s la Comisi\u00f3n Provincial de Patrimonio Cultural.<\/p>\n\n\n\n<p><strong>Silvia Fern\u00e1ndez<\/strong> particip\u00f3 en representaci\u00f3n del Museo Hist\u00f3rico Legislativo de la C\u00e1mara de Diputados.<\/p>\n\n\n\n<p>Actualmente el Archivo funciona en el \u00e1mbito de la Direcci\u00f3n de Patrimonio Cultural junto con el Departamento de Investigaciones Culturales, todos bajo el paraguas de la Secretar\u00eda de Cultura del Gobierno de La Pampa.<\/p>\n\n\n\n<p>Elina S\u00e1ez, actual directora de la direcci\u00f3n de Patrimonio Cultural, expres\u00f3: \u201ceste a\u00f1o para el Archivo, era un fecha importante ya que arribaba a los 50 a\u00f1os y en ese sentido, quisimos ponerlo de relieve y reconocer a quienes tanto han trabajado en su construcci\u00f3n y desarrollo. Visibilizar la importancia institucional que tiene, el deseo de cuidarlo y apoyarlo, y tambi\u00e9n la necesidad de ampliarlo\u00bb.<\/p>\n\n\n\n<p>Dijo que el Archivo est\u00e1 abierto para consultas a todo tipo de p\u00fablico. \u201cEn \u00e9poca de pandemia tuvimos la necesidad de ordenarnos para no concentrar demasiadas personas, lo que nos sirvi\u00f3 para que quede establecido el pedido de turnos para realizar consultas. Ello le permite a nuestro personal juntar con anterioridad el material y as\u00ed optimizar el tiempo y aprovechar mejor el espacio destinado\u201d, complet\u00f3.<\/p>\n","protected":false},"excerpt":{"rendered":"<p>El pasado martes 28 de marzo el Archivo Hist\u00f3rico Provincial \u201cFernando Ar\u00e1oz\u201d arrib\u00f3 a sus 50 a\u00f1os y la Secretar\u00eda de Cultura a trav\u00e9s de la Direcci\u00f3n de Patrimonio Cultural&hellip;<\/p>\n","protected":false},"author":4,"featured_media":220379,"comment_status":"closed","ping_status":"open","sticky":false,"template":"","format":"standard","meta":{"_acf_changed":false,"footnotes":""},"categories":[1,2],"tags":[],"class_list":["post-220377","post","type-post","status-publish","format-standard","has-post-thumbnail","hentry","category-es-noticia","category-cultura"],"acf":[],"yoast_head":"<!-- This site is optimized with the Yoast SEO plugin v27.5 - https:\/\/yoast.com\/product\/yoast-seo-wordpress\/ -->\n<title>El Archivo Hist\u00f3rico de la Provincia celebr\u00f3 sus 50 a\u00f1os - Diario Textual<\/title>\n<meta name=\"robots\" content=\"index, follow, max-snippet:-1, max-image-preview:large, max-video-preview:-1\" \/>\n<link rel=\"canonical\" href=\"https:\/\/diariotextual.com\/inicio\/index.php\/2023\/03\/29\/el-archivo-historico-de-la-provincia-celebro-sus-50-anos\/\" \/>\n<meta property=\"og:locale\" content=\"es_ES\" \/>\n<meta property=\"og:type\" content=\"article\" \/>\n<meta property=\"og:title\" content=\"El Archivo Hist\u00f3rico de la Provincia celebr\u00f3 sus 50 a\u00f1os - Diario Textual\" \/>\n<meta property=\"og:description\" content=\"El pasado martes 28 de marzo el Archivo Hist\u00f3rico Provincial \u201cFernando Ar\u00e1oz\u201d arrib\u00f3 a sus 50 a\u00f1os y la Secretar\u00eda de Cultura a trav\u00e9s de la Direcci\u00f3n de Patrimonio Cultural&hellip;\" \/>\n<meta property=\"og:url\" content=\"https:\/\/diariotextual.com\/inicio\/index.php\/2023\/03\/29\/el-archivo-historico-de-la-provincia-celebro-sus-50-anos\/\" \/>\n<meta property=\"og:site_name\" content=\"Diario Textual\" \/>\n<meta property=\"article:publisher\" content=\"https:\/\/www.facebook.com\/eltextual\" \/>\n<meta property=\"article:published_time\" content=\"2023-03-29T19:48:35+00:00\" \/>\n<meta property=\"article:modified_time\" content=\"2023-03-29T19:48:37+00:00\" \/>\n<meta property=\"og:image\" content=\"https:\/\/diariotextual.com\/inicio\/wp-content\/uploads\/2023\/03\/archivohistorico50anos6-2.jpg\" \/>\n\t<meta property=\"og:image:width\" content=\"900\" \/>\n\t<meta property=\"og:image:height\" content=\"552\" \/>\n\t<meta property=\"og:image:type\" content=\"image\/jpeg\" \/>\n<meta name=\"author\" content=\"diario2\" \/>\n<meta name=\"twitter:card\" content=\"summary_large_image\" \/>\n<meta name=\"twitter:creator\" content=\"@eltextual\" \/>\n<meta name=\"twitter:site\" content=\"@eltextual\" \/>\n<meta name=\"twitter:label1\" content=\"Escrito por\" \/>\n\t<meta name=\"twitter:data1\" content=\"diario2\" \/>\n\t<meta name=\"twitter:label2\" content=\"Tiempo de lectura\" \/>\n\t<meta name=\"twitter:data2\" content=\"2 minutos\" \/>\n<script type=\"application\/ld+json\" class=\"yoast-schema-graph\">{\"@context\":\"https:\\\/\\\/schema.org\",\"@graph\":[{\"@type\":\"Article\",\"@id\":\"https:\\\/\\\/diariotextual.com\\\/inicio\\\/index.php\\\/2023\\\/03\\\/29\\\/el-archivo-historico-de-la-provincia-celebro-sus-50-anos\\\/#article\",\"isPartOf\":{\"@id\":\"https:\\\/\\\/diariotextual.com\\\/inicio\\\/index.php\\\/2023\\\/03\\\/29\\\/el-archivo-historico-de-la-provincia-celebro-sus-50-anos\\\/\"},\"author\":{\"name\":\"diario2\",\"@id\":\"https:\\\/\\\/diariotextual.com\\\/inicio\\\/#\\\/schema\\\/person\\\/694f60677f23c4a530867a98f22b3768\"},\"headline\":\"El Archivo Hist\u00f3rico de la Provincia celebr\u00f3 sus 50 a\u00f1os\",\"datePublished\":\"2023-03-29T19:48:35+00:00\",\"dateModified\":\"2023-03-29T19:48:37+00:00\",\"mainEntityOfPage\":{\"@id\":\"https:\\\/\\\/diariotextual.com\\\/inicio\\\/index.php\\\/2023\\\/03\\\/29\\\/el-archivo-historico-de-la-provincia-celebro-sus-50-anos\\\/\"},\"wordCount\":387,\"publisher\":{\"@id\":\"https:\\\/\\\/diariotextual.com\\\/inicio\\\/#organization\"},\"image\":{\"@id\":\"https:\\\/\\\/diariotextual.com\\\/inicio\\\/index.php\\\/2023\\\/03\\\/29\\\/el-archivo-historico-de-la-provincia-celebro-sus-50-anos\\\/#primaryimage\"},\"thumbnailUrl\":\"https:\\\/\\\/diariotextual.com\\\/inicio\\\/wp-content\\\/uploads\\\/2023\\\/03\\\/archivohistorico50anos6-2.jpg\",\"articleSection\":[\"A - ES NOTICIA (van abajo)\",\"CULTURA\"],\"inLanguage\":\"es\"},{\"@type\":\"WebPage\",\"@id\":\"https:\\\/\\\/diariotextual.com\\\/inicio\\\/index.php\\\/2023\\\/03\\\/29\\\/el-archivo-historico-de-la-provincia-celebro-sus-50-anos\\\/\",\"url\":\"https:\\\/\\\/diariotextual.com\\\/inicio\\\/index.php\\\/2023\\\/03\\\/29\\\/el-archivo-historico-de-la-provincia-celebro-sus-50-anos\\\/\",\"name\":\"El Archivo Hist\u00f3rico de la Provincia celebr\u00f3 sus 50 a\u00f1os - Diario Textual\",\"isPartOf\":{\"@id\":\"https:\\\/\\\/diariotextual.com\\\/inicio\\\/#website\"},\"primaryImageOfPage\":{\"@id\":\"https:\\\/\\\/diariotextual.com\\\/inicio\\\/index.php\\\/2023\\\/03\\\/29\\\/el-archivo-historico-de-la-provincia-celebro-sus-50-anos\\\/#primaryimage\"},\"image\":{\"@id\":\"https:\\\/\\\/diariotextual.com\\\/inicio\\\/index.php\\\/2023\\\/03\\\/29\\\/el-archivo-historico-de-la-provincia-celebro-sus-50-anos\\\/#primaryimage\"},\"thumbnailUrl\":\"https:\\\/\\\/diariotextual.com\\\/inicio\\\/wp-content\\\/uploads\\\/2023\\\/03\\\/archivohistorico50anos6-2.jpg\",\"datePublished\":\"2023-03-29T19:48:35+00:00\",\"dateModified\":\"2023-03-29T19:48:37+00:00\",\"breadcrumb\":{\"@id\":\"https:\\\/\\\/diariotextual.com\\\/inicio\\\/index.php\\\/2023\\\/03\\\/29\\\/el-archivo-historico-de-la-provincia-celebro-sus-50-anos\\\/#breadcrumb\"},\"inLanguage\":\"es\",\"potentialAction\":[{\"@type\":\"ReadAction\",\"target\":[\"https:\\\/\\\/diariotextual.com\\\/inicio\\\/index.php\\\/2023\\\/03\\\/29\\\/el-archivo-historico-de-la-provincia-celebro-sus-50-anos\\\/\"]}]},{\"@type\":\"ImageObject\",\"inLanguage\":\"es\",\"@id\":\"https:\\\/\\\/diariotextual.com\\\/inicio\\\/index.php\\\/2023\\\/03\\\/29\\\/el-archivo-historico-de-la-provincia-celebro-sus-50-anos\\\/#primaryimage\",\"url\":\"https:\\\/\\\/diariotextual.com\\\/inicio\\\/wp-content\\\/uploads\\\/2023\\\/03\\\/archivohistorico50anos6-2.jpg\",\"contentUrl\":\"https:\\\/\\\/diariotextual.com\\\/inicio\\\/wp-content\\\/uploads\\\/2023\\\/03\\\/archivohistorico50anos6-2.jpg\",\"width\":900,\"height\":552},{\"@type\":\"BreadcrumbList\",\"@id\":\"https:\\\/\\\/diariotextual.com\\\/inicio\\\/index.php\\\/2023\\\/03\\\/29\\\/el-archivo-historico-de-la-provincia-celebro-sus-50-anos\\\/#breadcrumb\",\"itemListElement\":[{\"@type\":\"ListItem\",\"position\":1,\"name\":\"Portada\",\"item\":\"https:\\\/\\\/diariotextual.com\\\/inicio\\\/\"},{\"@type\":\"ListItem\",\"position\":2,\"name\":\"El Archivo Hist\u00f3rico de la Provincia celebr\u00f3 sus 50 a\u00f1os\"}]},{\"@type\":\"WebSite\",\"@id\":\"https:\\\/\\\/diariotextual.com\\\/inicio\\\/#website\",\"url\":\"https:\\\/\\\/diariotextual.com\\\/inicio\\\/\",\"name\":\"Diario Textual\",\"description\":\"\",\"publisher\":{\"@id\":\"https:\\\/\\\/diariotextual.com\\\/inicio\\\/#organization\"},\"potentialAction\":[{\"@type\":\"SearchAction\",\"target\":{\"@type\":\"EntryPoint\",\"urlTemplate\":\"https:\\\/\\\/diariotextual.com\\\/inicio\\\/?s={search_term_string}\"},\"query-input\":{\"@type\":\"PropertyValueSpecification\",\"valueRequired\":true,\"valueName\":\"search_term_string\"}}],\"inLanguage\":\"es\"},{\"@type\":\"Organization\",\"@id\":\"https:\\\/\\\/diariotextual.com\\\/inicio\\\/#organization\",\"name\":\"Diario Textual\",\"url\":\"https:\\\/\\\/diariotextual.com\\\/inicio\\\/\",\"logo\":{\"@type\":\"ImageObject\",\"inLanguage\":\"es\",\"@id\":\"https:\\\/\\\/diariotextual.com\\\/inicio\\\/#\\\/schema\\\/logo\\\/image\\\/\",\"url\":\"https:\\\/\\\/diariotextual.com\\\/inicio\\\/wp-content\\\/uploads\\\/2023\\\/05\\\/logotextual1.jpg\",\"contentUrl\":\"https:\\\/\\\/diariotextual.com\\\/inicio\\\/wp-content\\\/uploads\\\/2023\\\/05\\\/logotextual1.jpg\",\"width\":516,\"height\":76,\"caption\":\"Diario Textual\"},\"image\":{\"@id\":\"https:\\\/\\\/diariotextual.com\\\/inicio\\\/#\\\/schema\\\/logo\\\/image\\\/\"},\"sameAs\":[\"https:\\\/\\\/www.facebook.com\\\/eltextual\",\"https:\\\/\\\/x.com\\\/eltextual\",\"http:\\\/\\\/www.instagram.com\\\/eltextual\"]},{\"@type\":\"Person\",\"@id\":\"https:\\\/\\\/diariotextual.com\\\/inicio\\\/#\\\/schema\\\/person\\\/694f60677f23c4a530867a98f22b3768\",\"name\":\"diario2\",\"image\":{\"@type\":\"ImageObject\",\"inLanguage\":\"es\",\"@id\":\"https:\\\/\\\/secure.gravatar.com\\\/avatar\\\/5a2567495ba16b852fcd8f1ed006a2e24fcace936018ed8237e95f488ad6e0a7?s=96&d=mm&r=g\",\"url\":\"https:\\\/\\\/secure.gravatar.com\\\/avatar\\\/5a2567495ba16b852fcd8f1ed006a2e24fcace936018ed8237e95f488ad6e0a7?s=96&d=mm&r=g\",\"contentUrl\":\"https:\\\/\\\/secure.gravatar.com\\\/avatar\\\/5a2567495ba16b852fcd8f1ed006a2e24fcace936018ed8237e95f488ad6e0a7?s=96&d=mm&r=g\",\"caption\":\"diario2\"},\"url\":\"https:\\\/\\\/diariotextual.com\\\/inicio\\\/index.php\\\/author\\\/diario2\\\/\"}]}<\/script>\n<!-- \/ Yoast SEO plugin. -->","yoast_head_json":{"title":"El Archivo Hist\u00f3rico de la Provincia celebr\u00f3 sus 50 a\u00f1os - Diario Textual","robots":{"index":"index","follow":"follow","max-snippet":"max-snippet:-1","max-image-preview":"max-image-preview:large","max-video-preview":"max-video-preview:-1"},"canonical":"https:\/\/diariotextual.com\/inicio\/index.php\/2023\/03\/29\/el-archivo-historico-de-la-provincia-celebro-sus-50-anos\/","og_locale":"es_ES","og_type":"article","og_title":"El Archivo Hist\u00f3rico de la Provincia celebr\u00f3 sus 50 a\u00f1os - Diario Textual","og_description":"El pasado martes 28 de marzo el Archivo Hist\u00f3rico Provincial \u201cFernando Ar\u00e1oz\u201d arrib\u00f3 a sus 50 a\u00f1os y la Secretar\u00eda de Cultura a trav\u00e9s de la Direcci\u00f3n de Patrimonio Cultural&hellip;","og_url":"https:\/\/diariotextual.com\/inicio\/index.php\/2023\/03\/29\/el-archivo-historico-de-la-provincia-celebro-sus-50-anos\/","og_site_name":"Diario Textual","article_publisher":"https:\/\/www.facebook.com\/eltextual","article_published_time":"2023-03-29T19:48:35+00:00","article_modified_time":"2023-03-29T19:48:37+00:00","og_image":[{"width":900,"height":552,"url":"https:\/\/diariotextual.com\/inicio\/wp-content\/uploads\/2023\/03\/archivohistorico50anos6-2.jpg","type":"image\/jpeg"}],"author":"diario2","twitter_card":"summary_large_image","twitter_creator":"@eltextual","twitter_site":"@eltextual","twitter_misc":{"Escrito por":"diario2","Tiempo de lectura":"2 minutos"},"schema":{"@context":"https:\/\/schema.org","@graph":[{"@type":"Article","@id":"https:\/\/diariotextual.com\/inicio\/index.php\/2023\/03\/29\/el-archivo-historico-de-la-provincia-celebro-sus-50-anos\/#article","isPartOf":{"@id":"https:\/\/diariotextual.com\/inicio\/index.php\/2023\/03\/29\/el-archivo-historico-de-la-provincia-celebro-sus-50-anos\/"},"author":{"name":"diario2","@id":"https:\/\/diariotextual.com\/inicio\/#\/schema\/person\/694f60677f23c4a530867a98f22b3768"},"headline":"El Archivo Hist\u00f3rico de la Provincia celebr\u00f3 sus 50 a\u00f1os","datePublished":"2023-03-29T19:48:35+00:00","dateModified":"2023-03-29T19:48:37+00:00","mainEntityOfPage":{"@id":"https:\/\/diariotextual.com\/inicio\/index.php\/2023\/03\/29\/el-archivo-historico-de-la-provincia-celebro-sus-50-anos\/"},"wordCount":387,"publisher":{"@id":"https:\/\/diariotextual.com\/inicio\/#organization"},"image":{"@id":"https:\/\/diariotextual.com\/inicio\/index.php\/2023\/03\/29\/el-archivo-historico-de-la-provincia-celebro-sus-50-anos\/#primaryimage"},"thumbnailUrl":"https:\/\/diariotextual.com\/inicio\/wp-content\/uploads\/2023\/03\/archivohistorico50anos6-2.jpg","articleSection":["A - ES NOTICIA (van abajo)","CULTURA"],"inLanguage":"es"},{"@type":"WebPage","@id":"https:\/\/diariotextual.com\/inicio\/index.php\/2023\/03\/29\/el-archivo-historico-de-la-provincia-celebro-sus-50-anos\/","url":"https:\/\/diariotextual.com\/inicio\/index.php\/2023\/03\/29\/el-archivo-historico-de-la-provincia-celebro-sus-50-anos\/","name":"El Archivo Hist\u00f3rico de la Provincia celebr\u00f3 sus 50 a\u00f1os - Diario Textual","isPartOf":{"@id":"https:\/\/diariotextual.com\/inicio\/#website"},"primaryImageOfPage":{"@id":"https:\/\/diariotextual.com\/inicio\/index.php\/2023\/03\/29\/el-archivo-historico-de-la-provincia-celebro-sus-50-anos\/#primaryimage"},"image":{"@id":"https:\/\/diariotextual.com\/inicio\/index.php\/2023\/03\/29\/el-archivo-historico-de-la-provincia-celebro-sus-50-anos\/#primaryimage"},"thumbnailUrl":"https:\/\/diariotextual.com\/inicio\/wp-content\/uploads\/2023\/03\/archivohistorico50anos6-2.jpg","datePublished":"2023-03-29T19:48:35+00:00","dateModified":"2023-03-29T19:48:37+00:00","breadcrumb":{"@id":"https:\/\/diariotextual.com\/inicio\/index.php\/2023\/03\/29\/el-archivo-historico-de-la-provincia-celebro-sus-50-anos\/#breadcrumb"},"inLanguage":"es","potentialAction":[{"@type":"ReadAction","target":["https:\/\/diariotextual.com\/inicio\/index.php\/2023\/03\/29\/el-archivo-historico-de-la-provincia-celebro-sus-50-anos\/"]}]},{"@type":"ImageObject","inLanguage":"es","@id":"https:\/\/diariotextual.com\/inicio\/index.php\/2023\/03\/29\/el-archivo-historico-de-la-provincia-celebro-sus-50-anos\/#primaryimage","url":"https:\/\/diariotextual.com\/inicio\/wp-content\/uploads\/2023\/03\/archivohistorico50anos6-2.jpg","contentUrl":"https:\/\/diariotextual.com\/inicio\/wp-content\/uploads\/2023\/03\/archivohistorico50anos6-2.jpg","width":900,"height":552},{"@type":"BreadcrumbList","@id":"https:\/\/diariotextual.com\/inicio\/index.php\/2023\/03\/29\/el-archivo-historico-de-la-provincia-celebro-sus-50-anos\/#breadcrumb","itemListElement":[{"@type":"ListItem","position":1,"name":"Portada","item":"https:\/\/diariotextual.com\/inicio\/"},{"@type":"ListItem","position":2,"name":"El Archivo Hist\u00f3rico de la Provincia celebr\u00f3 sus 50 a\u00f1os"}]},{"@type":"WebSite","@id":"https:\/\/diariotextual.com\/inicio\/#website","url":"https:\/\/diariotextual.com\/inicio\/","name":"Diario Textual","description":"","publisher":{"@id":"https:\/\/diariotextual.com\/inicio\/#organization"},"potentialAction":[{"@type":"SearchAction","target":{"@type":"EntryPoint","urlTemplate":"https:\/\/diariotextual.com\/inicio\/?s={search_term_string}"},"query-input":{"@type":"PropertyValueSpecification","valueRequired":true,"valueName":"search_term_string"}}],"inLanguage":"es"},{"@type":"Organization","@id":"https:\/\/diariotextual.com\/inicio\/#organization","name":"Diario Textual","url":"https:\/\/diariotextual.com\/inicio\/","logo":{"@type":"ImageObject","inLanguage":"es","@id":"https:\/\/diariotextual.com\/inicio\/#\/schema\/logo\/image\/","url":"https:\/\/diariotextual.com\/inicio\/wp-content\/uploads\/2023\/05\/logotextual1.jpg","contentUrl":"https:\/\/diariotextual.com\/inicio\/wp-content\/uploads\/2023\/05\/logotextual1.jpg","width":516,"height":76,"caption":"Diario Textual"},"image":{"@id":"https:\/\/diariotextual.com\/inicio\/#\/schema\/logo\/image\/"},"sameAs":["https:\/\/www.facebook.com\/eltextual","https:\/\/x.com\/eltextual","http:\/\/www.instagram.com\/eltextual"]},{"@type":"Person","@id":"https:\/\/diariotextual.com\/inicio\/#\/schema\/person\/694f60677f23c4a530867a98f22b3768","name":"diario2","image":{"@type":"ImageObject","inLanguage":"es","@id":"https:\/\/secure.gravatar.com\/avatar\/5a2567495ba16b852fcd8f1ed006a2e24fcace936018ed8237e95f488ad6e0a7?s=96&d=mm&r=g","url":"https:\/\/secure.gravatar.com\/avatar\/5a2567495ba16b852fcd8f1ed006a2e24fcace936018ed8237e95f488ad6e0a7?s=96&d=mm&r=g","contentUrl":"https:\/\/secure.gravatar.com\/avatar\/5a2567495ba16b852fcd8f1ed006a2e24fcace936018ed8237e95f488ad6e0a7?s=96&d=mm&r=g","caption":"diario2"},"url":"https:\/\/diariotextual.com\/inicio\/index.php\/author\/diario2\/"}]}},"_links":{"self":[{"href":"https:\/\/diariotextual.com\/inicio\/index.php\/wp-json\/wp\/v2\/posts\/220377","targetHints":{"allow":["GET"]}}],"collection":[{"href":"https:\/\/diariotextual.com\/inicio\/index.php\/wp-json\/wp\/v2\/posts"}],"about":[{"href":"https:\/\/diariotextual.com\/inicio\/index.php\/wp-json\/wp\/v2\/types\/post"}],"author":[{"embeddable":true,"href":"https:\/\/diariotextual.com\/inicio\/index.php\/wp-json\/wp\/v2\/users\/4"}],"replies":[{"embeddable":true,"href":"https:\/\/diariotextual.com\/inicio\/index.php\/wp-json\/wp\/v2\/comments?post=220377"}],"version-history":[{"count":2,"href":"https:\/\/diariotextual.com\/inicio\/index.php\/wp-json\/wp\/v2\/posts\/220377\/revisions"}],"predecessor-version":[{"id":220380,"href":"https:\/\/diariotextual.com\/inicio\/index.php\/wp-json\/wp\/v2\/posts\/220377\/revisions\/220380"}],"wp:featuredmedia":[{"embeddable":true,"href":"https:\/\/diariotextual.com\/inicio\/index.php\/wp-json\/wp\/v2\/media\/220379"}],"wp:attachment":[{"href":"https:\/\/diariotextual.com\/inicio\/index.php\/wp-json\/wp\/v2\/media?parent=220377"}],"wp:term":[{"taxonomy":"category","embeddable":true,"href":"https:\/\/diariotextual.com\/inicio\/index.php\/wp-json\/wp\/v2\/categories?post=220377"},{"taxonomy":"post_tag","embeddable":true,"href":"https:\/\/diariotextual.com\/inicio\/index.php\/wp-json\/wp\/v2\/tags?post=220377"}],"curies":[{"name":"wp","href":"https:\/\/api.w.org\/{rel}","templated":true}]}}