{"id":220533,"date":"2023-03-30T13:04:51","date_gmt":"2023-03-30T16:04:51","guid":{"rendered":"https:\/\/diariotextual.com\/inicio\/?p=220533"},"modified":"2023-03-30T13:04:52","modified_gmt":"2023-03-30T16:04:52","slug":"santa-rosa-anunciaron-la-expo-danza-2023-con-mas-de-300-artistas-en-el-escenario","status":"publish","type":"post","link":"https:\/\/diariotextual.com\/inicio\/index.php\/2023\/03\/30\/santa-rosa-anunciaron-la-expo-danza-2023-con-mas-de-300-artistas-en-el-escenario\/","title":{"rendered":"Santa Rosa: anunciaron la Expo Danza 2023 con m\u00e1s de 300 artistas en el escenario"},"content":{"rendered":"\n<p>La<strong> Asociaci\u00f3n Pampeana de Danz<\/strong>a junto con la Secretar\u00eda de Cultura y Educaci\u00f3n de la Municipalidad de Santa Rosa anunciaron la realizaci\u00f3n de la <strong>segunda edici\u00f3n de Expo Danza.<\/strong> Este evento \u00fanico en la provincia de La Pampa, <strong>se desarrollar\u00e1 el s\u00e1bado 1 de abril<\/strong> en las instalaciones del Centro Municipal de Cultura en calle Quintana 172 a partir de las 16 horas.<\/p>\n\n\n\n<p>La Expo Danza tiene como objetivo ampliar la red de industrias culturales, visibilizar a los y las trabajadoras de la Cultura y potenciar espec\u00edficamente el sector de la Danza de Santa Rosa.<\/p>\n\n\n\n<p>En la primera edici\u00f3n realizada el 1 de octubre de 2022 se cont\u00f3 con la participaci\u00f3n de m\u00e1s de 30 emprendimientos, alrededor de 100 artistas y 15 producciones en escenario abierto, cerca de 1000 personas se acercaron a recorrer la feria y disfrutar de las producciones esc\u00e9nicas a lo largo de las 8 horas que dur\u00f3 la jornada.<\/p>\n\n\n\n<p>Para este s\u00e1bado hay 25 negocios del rubro Danza y m\u00e1s de 300 personas que estudian danza que actuar\u00e1n en el Escenario abierto.<\/p>\n\n\n\n<p>A su vez, los organizadores anunciaron las pr\u00f3ximas ediciones en distintas localidades de la provincia durante 2023.<\/p>\n\n\n\n<p><strong>Actividades<\/strong><\/p>\n\n\n\n<p>La Expo danza contar\u00e1 con una \u201cFeria de la Danza\u201d, donde se emplazar\u00e1n stands en los que puedan ofrecerse los distintos servicios que cada grupo, academia, escuela realiza a la comunidad. A trav\u00e9s de folletos, im\u00e1genes, trayectoria, videos, vestuarios, cada stand podr\u00e1 mostrar cu\u00e1les son sus activos culturales.<\/p>\n\n\n\n<p>Adem\u00e1s, habr\u00e1 un \u201cPaseo de Compras\u201d que estar\u00e1 compuesto por diferentes actividades comerciales conexas con la danza, tales como la venta de indumentaria, confecci\u00f3n de vestuario, maquillaje, fotograf\u00eda, servicio de sonido e iluminaci\u00f3n, etc.<\/p>\n\n\n\n<p>En esta ocasi\u00f3n, tambi\u00e9n, se incluye dentro de las actividades \u201cUna Tandita\u201d en el hall del CMC. Se trata de un espacio de \u201cMilonga Depasada\u201d donde se realizar\u00e1 una breve introducci\u00f3n a la pr\u00e1ctica de tango habilitando, all\u00ed mismo, el espacio para milonguear. Ser\u00e1 a partir de las 19 horas.<\/p>\n\n\n\n<p>Por \u00faltimo, la Expo Danza contar\u00e1 con un \u00abEscenario Abierto\u00bb donde mostrar brevemente las producciones de las y los hacedores de la danza de la ciudad, conformando al mismo tiempo un colorido espect\u00e1culo al aire libre para el disfrute de toda la familia.<\/p>\n\n\n\n<p>En esta segunda edici\u00f3n est\u00e1 prevista la participaci\u00f3n de cerca de 30 emprendimientos, alrededor de 300 artistas y 20 producciones en escenario abierto. Invitamos a recorrer la feria y disfrutar de las producciones esc\u00e9nicas a partir de las 16 horas.<\/p>\n\n\n\n<p><strong>Cronograma <\/strong><\/p>\n\n\n\n<p>Apertura: 16 hs<\/p>\n\n\n\n<p>Feria y paseo: 16 a 20 hs<\/p>\n\n\n\n<p>Una Tandita \u2013 Milonga Depasada: 19 a 20 hs<\/p>\n\n\n\n<p>Escenario Abierto: 20 a 22 hs<\/p>\n\n\n\n<p>Cierre: 22 hs<\/p>\n","protected":false},"excerpt":{"rendered":"<p>La Asociaci\u00f3n Pampeana de Danza junto con la Secretar\u00eda de Cultura y Educaci\u00f3n de la Municipalidad de Santa Rosa anunciaron la realizaci\u00f3n de la segunda edici\u00f3n de Expo Danza. Este&hellip;<\/p>\n","protected":false},"author":4,"featured_media":63749,"comment_status":"closed","ping_status":"open","sticky":false,"template":"","format":"standard","meta":{"_acf_changed":false,"footnotes":""},"categories":[1,2],"tags":[],"class_list":["post-220533","post","type-post","status-publish","format-standard","has-post-thumbnail","hentry","category-es-noticia","category-cultura"],"acf":[],"yoast_head":"<!-- This site is optimized with the Yoast SEO plugin v27.5 - https:\/\/yoast.com\/product\/yoast-seo-wordpress\/ -->\n<title>Santa Rosa: anunciaron la Expo Danza 2023 con m\u00e1s de 300 artistas en el escenario - Diario Textual<\/title>\n<meta name=\"robots\" content=\"index, follow, max-snippet:-1, max-image-preview:large, max-video-preview:-1\" \/>\n<link rel=\"canonical\" href=\"https:\/\/diariotextual.com\/inicio\/index.php\/2023\/03\/30\/santa-rosa-anunciaron-la-expo-danza-2023-con-mas-de-300-artistas-en-el-escenario\/\" \/>\n<meta property=\"og:locale\" content=\"es_ES\" \/>\n<meta property=\"og:type\" content=\"article\" \/>\n<meta property=\"og:title\" content=\"Santa Rosa: anunciaron la Expo Danza 2023 con m\u00e1s de 300 artistas en el escenario - Diario Textual\" \/>\n<meta property=\"og:description\" content=\"La Asociaci\u00f3n Pampeana de Danza junto con la Secretar\u00eda de Cultura y Educaci\u00f3n de la Municipalidad de Santa Rosa anunciaron la realizaci\u00f3n de la segunda edici\u00f3n de Expo Danza. Este&hellip;\" \/>\n<meta property=\"og:url\" content=\"https:\/\/diariotextual.com\/inicio\/index.php\/2023\/03\/30\/santa-rosa-anunciaron-la-expo-danza-2023-con-mas-de-300-artistas-en-el-escenario\/\" \/>\n<meta property=\"og:site_name\" content=\"Diario Textual\" \/>\n<meta property=\"article:publisher\" content=\"https:\/\/www.facebook.com\/eltextual\" \/>\n<meta property=\"article:published_time\" content=\"2023-03-30T16:04:51+00:00\" \/>\n<meta property=\"article:modified_time\" content=\"2023-03-30T16:04:52+00:00\" \/>\n<meta property=\"og:image\" content=\"https:\/\/diariotextual.com\/inicio\/wp-content\/uploads\/2019\/09\/danzautipicaneuque45261.jpg\" \/>\n\t<meta property=\"og:image:width\" content=\"834\" \/>\n\t<meta property=\"og:image:height\" content=\"466\" \/>\n\t<meta property=\"og:image:type\" content=\"image\/jpeg\" \/>\n<meta name=\"author\" content=\"diario2\" \/>\n<meta name=\"twitter:card\" content=\"summary_large_image\" \/>\n<meta name=\"twitter:creator\" content=\"@eltextual\" \/>\n<meta name=\"twitter:site\" content=\"@eltextual\" \/>\n<meta name=\"twitter:label1\" content=\"Escrito por\" \/>\n\t<meta name=\"twitter:data1\" content=\"diario2\" \/>\n\t<meta name=\"twitter:label2\" content=\"Tiempo de lectura\" \/>\n\t<meta name=\"twitter:data2\" content=\"3 minutos\" \/>\n<script type=\"application\/ld+json\" class=\"yoast-schema-graph\">{\"@context\":\"https:\\\/\\\/schema.org\",\"@graph\":[{\"@type\":\"Article\",\"@id\":\"https:\\\/\\\/diariotextual.com\\\/inicio\\\/index.php\\\/2023\\\/03\\\/30\\\/santa-rosa-anunciaron-la-expo-danza-2023-con-mas-de-300-artistas-en-el-escenario\\\/#article\",\"isPartOf\":{\"@id\":\"https:\\\/\\\/diariotextual.com\\\/inicio\\\/index.php\\\/2023\\\/03\\\/30\\\/santa-rosa-anunciaron-la-expo-danza-2023-con-mas-de-300-artistas-en-el-escenario\\\/\"},\"author\":{\"name\":\"diario2\",\"@id\":\"https:\\\/\\\/diariotextual.com\\\/inicio\\\/#\\\/schema\\\/person\\\/694f60677f23c4a530867a98f22b3768\"},\"headline\":\"Santa Rosa: anunciaron la Expo Danza 2023 con m\u00e1s de 300 artistas en el escenario\",\"datePublished\":\"2023-03-30T16:04:51+00:00\",\"dateModified\":\"2023-03-30T16:04:52+00:00\",\"mainEntityOfPage\":{\"@id\":\"https:\\\/\\\/diariotextual.com\\\/inicio\\\/index.php\\\/2023\\\/03\\\/30\\\/santa-rosa-anunciaron-la-expo-danza-2023-con-mas-de-300-artistas-en-el-escenario\\\/\"},\"wordCount\":456,\"publisher\":{\"@id\":\"https:\\\/\\\/diariotextual.com\\\/inicio\\\/#organization\"},\"image\":{\"@id\":\"https:\\\/\\\/diariotextual.com\\\/inicio\\\/index.php\\\/2023\\\/03\\\/30\\\/santa-rosa-anunciaron-la-expo-danza-2023-con-mas-de-300-artistas-en-el-escenario\\\/#primaryimage\"},\"thumbnailUrl\":\"https:\\\/\\\/diariotextual.com\\\/inicio\\\/wp-content\\\/uploads\\\/2019\\\/09\\\/danzautipicaneuque45261.jpg\",\"articleSection\":[\"A - ES NOTICIA (van abajo)\",\"CULTURA\"],\"inLanguage\":\"es\"},{\"@type\":\"WebPage\",\"@id\":\"https:\\\/\\\/diariotextual.com\\\/inicio\\\/index.php\\\/2023\\\/03\\\/30\\\/santa-rosa-anunciaron-la-expo-danza-2023-con-mas-de-300-artistas-en-el-escenario\\\/\",\"url\":\"https:\\\/\\\/diariotextual.com\\\/inicio\\\/index.php\\\/2023\\\/03\\\/30\\\/santa-rosa-anunciaron-la-expo-danza-2023-con-mas-de-300-artistas-en-el-escenario\\\/\",\"name\":\"Santa Rosa: anunciaron la Expo Danza 2023 con m\u00e1s de 300 artistas en el escenario - Diario Textual\",\"isPartOf\":{\"@id\":\"https:\\\/\\\/diariotextual.com\\\/inicio\\\/#website\"},\"primaryImageOfPage\":{\"@id\":\"https:\\\/\\\/diariotextual.com\\\/inicio\\\/index.php\\\/2023\\\/03\\\/30\\\/santa-rosa-anunciaron-la-expo-danza-2023-con-mas-de-300-artistas-en-el-escenario\\\/#primaryimage\"},\"image\":{\"@id\":\"https:\\\/\\\/diariotextual.com\\\/inicio\\\/index.php\\\/2023\\\/03\\\/30\\\/santa-rosa-anunciaron-la-expo-danza-2023-con-mas-de-300-artistas-en-el-escenario\\\/#primaryimage\"},\"thumbnailUrl\":\"https:\\\/\\\/diariotextual.com\\\/inicio\\\/wp-content\\\/uploads\\\/2019\\\/09\\\/danzautipicaneuque45261.jpg\",\"datePublished\":\"2023-03-30T16:04:51+00:00\",\"dateModified\":\"2023-03-30T16:04:52+00:00\",\"breadcrumb\":{\"@id\":\"https:\\\/\\\/diariotextual.com\\\/inicio\\\/index.php\\\/2023\\\/03\\\/30\\\/santa-rosa-anunciaron-la-expo-danza-2023-con-mas-de-300-artistas-en-el-escenario\\\/#breadcrumb\"},\"inLanguage\":\"es\",\"potentialAction\":[{\"@type\":\"ReadAction\",\"target\":[\"https:\\\/\\\/diariotextual.com\\\/inicio\\\/index.php\\\/2023\\\/03\\\/30\\\/santa-rosa-anunciaron-la-expo-danza-2023-con-mas-de-300-artistas-en-el-escenario\\\/\"]}]},{\"@type\":\"ImageObject\",\"inLanguage\":\"es\",\"@id\":\"https:\\\/\\\/diariotextual.com\\\/inicio\\\/index.php\\\/2023\\\/03\\\/30\\\/santa-rosa-anunciaron-la-expo-danza-2023-con-mas-de-300-artistas-en-el-escenario\\\/#primaryimage\",\"url\":\"https:\\\/\\\/diariotextual.com\\\/inicio\\\/wp-content\\\/uploads\\\/2019\\\/09\\\/danzautipicaneuque45261.jpg\",\"contentUrl\":\"https:\\\/\\\/diariotextual.com\\\/inicio\\\/wp-content\\\/uploads\\\/2019\\\/09\\\/danzautipicaneuque45261.jpg\",\"width\":834,\"height\":466},{\"@type\":\"BreadcrumbList\",\"@id\":\"https:\\\/\\\/diariotextual.com\\\/inicio\\\/index.php\\\/2023\\\/03\\\/30\\\/santa-rosa-anunciaron-la-expo-danza-2023-con-mas-de-300-artistas-en-el-escenario\\\/#breadcrumb\",\"itemListElement\":[{\"@type\":\"ListItem\",\"position\":1,\"name\":\"Portada\",\"item\":\"https:\\\/\\\/diariotextual.com\\\/inicio\\\/\"},{\"@type\":\"ListItem\",\"position\":2,\"name\":\"Santa Rosa: anunciaron la Expo Danza 2023 con m\u00e1s de 300 artistas en el escenario\"}]},{\"@type\":\"WebSite\",\"@id\":\"https:\\\/\\\/diariotextual.com\\\/inicio\\\/#website\",\"url\":\"https:\\\/\\\/diariotextual.com\\\/inicio\\\/\",\"name\":\"Diario Textual\",\"description\":\"\",\"publisher\":{\"@id\":\"https:\\\/\\\/diariotextual.com\\\/inicio\\\/#organization\"},\"potentialAction\":[{\"@type\":\"SearchAction\",\"target\":{\"@type\":\"EntryPoint\",\"urlTemplate\":\"https:\\\/\\\/diariotextual.com\\\/inicio\\\/?s={search_term_string}\"},\"query-input\":{\"@type\":\"PropertyValueSpecification\",\"valueRequired\":true,\"valueName\":\"search_term_string\"}}],\"inLanguage\":\"es\"},{\"@type\":\"Organization\",\"@id\":\"https:\\\/\\\/diariotextual.com\\\/inicio\\\/#organization\",\"name\":\"Diario Textual\",\"url\":\"https:\\\/\\\/diariotextual.com\\\/inicio\\\/\",\"logo\":{\"@type\":\"ImageObject\",\"inLanguage\":\"es\",\"@id\":\"https:\\\/\\\/diariotextual.com\\\/inicio\\\/#\\\/schema\\\/logo\\\/image\\\/\",\"url\":\"https:\\\/\\\/diariotextual.com\\\/inicio\\\/wp-content\\\/uploads\\\/2023\\\/05\\\/logotextual1.jpg\",\"contentUrl\":\"https:\\\/\\\/diariotextual.com\\\/inicio\\\/wp-content\\\/uploads\\\/2023\\\/05\\\/logotextual1.jpg\",\"width\":516,\"height\":76,\"caption\":\"Diario Textual\"},\"image\":{\"@id\":\"https:\\\/\\\/diariotextual.com\\\/inicio\\\/#\\\/schema\\\/logo\\\/image\\\/\"},\"sameAs\":[\"https:\\\/\\\/www.facebook.com\\\/eltextual\",\"https:\\\/\\\/x.com\\\/eltextual\",\"http:\\\/\\\/www.instagram.com\\\/eltextual\"]},{\"@type\":\"Person\",\"@id\":\"https:\\\/\\\/diariotextual.com\\\/inicio\\\/#\\\/schema\\\/person\\\/694f60677f23c4a530867a98f22b3768\",\"name\":\"diario2\",\"image\":{\"@type\":\"ImageObject\",\"inLanguage\":\"es\",\"@id\":\"https:\\\/\\\/secure.gravatar.com\\\/avatar\\\/5a2567495ba16b852fcd8f1ed006a2e24fcace936018ed8237e95f488ad6e0a7?s=96&d=mm&r=g\",\"url\":\"https:\\\/\\\/secure.gravatar.com\\\/avatar\\\/5a2567495ba16b852fcd8f1ed006a2e24fcace936018ed8237e95f488ad6e0a7?s=96&d=mm&r=g\",\"contentUrl\":\"https:\\\/\\\/secure.gravatar.com\\\/avatar\\\/5a2567495ba16b852fcd8f1ed006a2e24fcace936018ed8237e95f488ad6e0a7?s=96&d=mm&r=g\",\"caption\":\"diario2\"},\"url\":\"https:\\\/\\\/diariotextual.com\\\/inicio\\\/index.php\\\/author\\\/diario2\\\/\"}]}<\/script>\n<!-- \/ Yoast SEO plugin. -->","yoast_head_json":{"title":"Santa Rosa: anunciaron la Expo Danza 2023 con m\u00e1s de 300 artistas en el escenario - Diario Textual","robots":{"index":"index","follow":"follow","max-snippet":"max-snippet:-1","max-image-preview":"max-image-preview:large","max-video-preview":"max-video-preview:-1"},"canonical":"https:\/\/diariotextual.com\/inicio\/index.php\/2023\/03\/30\/santa-rosa-anunciaron-la-expo-danza-2023-con-mas-de-300-artistas-en-el-escenario\/","og_locale":"es_ES","og_type":"article","og_title":"Santa Rosa: anunciaron la Expo Danza 2023 con m\u00e1s de 300 artistas en el escenario - Diario Textual","og_description":"La Asociaci\u00f3n Pampeana de Danza junto con la Secretar\u00eda de Cultura y Educaci\u00f3n de la Municipalidad de Santa Rosa anunciaron la realizaci\u00f3n de la segunda edici\u00f3n de Expo Danza. Este&hellip;","og_url":"https:\/\/diariotextual.com\/inicio\/index.php\/2023\/03\/30\/santa-rosa-anunciaron-la-expo-danza-2023-con-mas-de-300-artistas-en-el-escenario\/","og_site_name":"Diario Textual","article_publisher":"https:\/\/www.facebook.com\/eltextual","article_published_time":"2023-03-30T16:04:51+00:00","article_modified_time":"2023-03-30T16:04:52+00:00","og_image":[{"width":834,"height":466,"url":"https:\/\/diariotextual.com\/inicio\/wp-content\/uploads\/2019\/09\/danzautipicaneuque45261.jpg","type":"image\/jpeg"}],"author":"diario2","twitter_card":"summary_large_image","twitter_creator":"@eltextual","twitter_site":"@eltextual","twitter_misc":{"Escrito por":"diario2","Tiempo de lectura":"3 minutos"},"schema":{"@context":"https:\/\/schema.org","@graph":[{"@type":"Article","@id":"https:\/\/diariotextual.com\/inicio\/index.php\/2023\/03\/30\/santa-rosa-anunciaron-la-expo-danza-2023-con-mas-de-300-artistas-en-el-escenario\/#article","isPartOf":{"@id":"https:\/\/diariotextual.com\/inicio\/index.php\/2023\/03\/30\/santa-rosa-anunciaron-la-expo-danza-2023-con-mas-de-300-artistas-en-el-escenario\/"},"author":{"name":"diario2","@id":"https:\/\/diariotextual.com\/inicio\/#\/schema\/person\/694f60677f23c4a530867a98f22b3768"},"headline":"Santa Rosa: anunciaron la Expo Danza 2023 con m\u00e1s de 300 artistas en el escenario","datePublished":"2023-03-30T16:04:51+00:00","dateModified":"2023-03-30T16:04:52+00:00","mainEntityOfPage":{"@id":"https:\/\/diariotextual.com\/inicio\/index.php\/2023\/03\/30\/santa-rosa-anunciaron-la-expo-danza-2023-con-mas-de-300-artistas-en-el-escenario\/"},"wordCount":456,"publisher":{"@id":"https:\/\/diariotextual.com\/inicio\/#organization"},"image":{"@id":"https:\/\/diariotextual.com\/inicio\/index.php\/2023\/03\/30\/santa-rosa-anunciaron-la-expo-danza-2023-con-mas-de-300-artistas-en-el-escenario\/#primaryimage"},"thumbnailUrl":"https:\/\/diariotextual.com\/inicio\/wp-content\/uploads\/2019\/09\/danzautipicaneuque45261.jpg","articleSection":["A - ES NOTICIA (van abajo)","CULTURA"],"inLanguage":"es"},{"@type":"WebPage","@id":"https:\/\/diariotextual.com\/inicio\/index.php\/2023\/03\/30\/santa-rosa-anunciaron-la-expo-danza-2023-con-mas-de-300-artistas-en-el-escenario\/","url":"https:\/\/diariotextual.com\/inicio\/index.php\/2023\/03\/30\/santa-rosa-anunciaron-la-expo-danza-2023-con-mas-de-300-artistas-en-el-escenario\/","name":"Santa Rosa: anunciaron la Expo Danza 2023 con m\u00e1s de 300 artistas en el escenario - Diario Textual","isPartOf":{"@id":"https:\/\/diariotextual.com\/inicio\/#website"},"primaryImageOfPage":{"@id":"https:\/\/diariotextual.com\/inicio\/index.php\/2023\/03\/30\/santa-rosa-anunciaron-la-expo-danza-2023-con-mas-de-300-artistas-en-el-escenario\/#primaryimage"},"image":{"@id":"https:\/\/diariotextual.com\/inicio\/index.php\/2023\/03\/30\/santa-rosa-anunciaron-la-expo-danza-2023-con-mas-de-300-artistas-en-el-escenario\/#primaryimage"},"thumbnailUrl":"https:\/\/diariotextual.com\/inicio\/wp-content\/uploads\/2019\/09\/danzautipicaneuque45261.jpg","datePublished":"2023-03-30T16:04:51+00:00","dateModified":"2023-03-30T16:04:52+00:00","breadcrumb":{"@id":"https:\/\/diariotextual.com\/inicio\/index.php\/2023\/03\/30\/santa-rosa-anunciaron-la-expo-danza-2023-con-mas-de-300-artistas-en-el-escenario\/#breadcrumb"},"inLanguage":"es","potentialAction":[{"@type":"ReadAction","target":["https:\/\/diariotextual.com\/inicio\/index.php\/2023\/03\/30\/santa-rosa-anunciaron-la-expo-danza-2023-con-mas-de-300-artistas-en-el-escenario\/"]}]},{"@type":"ImageObject","inLanguage":"es","@id":"https:\/\/diariotextual.com\/inicio\/index.php\/2023\/03\/30\/santa-rosa-anunciaron-la-expo-danza-2023-con-mas-de-300-artistas-en-el-escenario\/#primaryimage","url":"https:\/\/diariotextual.com\/inicio\/wp-content\/uploads\/2019\/09\/danzautipicaneuque45261.jpg","contentUrl":"https:\/\/diariotextual.com\/inicio\/wp-content\/uploads\/2019\/09\/danzautipicaneuque45261.jpg","width":834,"height":466},{"@type":"BreadcrumbList","@id":"https:\/\/diariotextual.com\/inicio\/index.php\/2023\/03\/30\/santa-rosa-anunciaron-la-expo-danza-2023-con-mas-de-300-artistas-en-el-escenario\/#breadcrumb","itemListElement":[{"@type":"ListItem","position":1,"name":"Portada","item":"https:\/\/diariotextual.com\/inicio\/"},{"@type":"ListItem","position":2,"name":"Santa Rosa: anunciaron la Expo Danza 2023 con m\u00e1s de 300 artistas en el escenario"}]},{"@type":"WebSite","@id":"https:\/\/diariotextual.com\/inicio\/#website","url":"https:\/\/diariotextual.com\/inicio\/","name":"Diario Textual","description":"","publisher":{"@id":"https:\/\/diariotextual.com\/inicio\/#organization"},"potentialAction":[{"@type":"SearchAction","target":{"@type":"EntryPoint","urlTemplate":"https:\/\/diariotextual.com\/inicio\/?s={search_term_string}"},"query-input":{"@type":"PropertyValueSpecification","valueRequired":true,"valueName":"search_term_string"}}],"inLanguage":"es"},{"@type":"Organization","@id":"https:\/\/diariotextual.com\/inicio\/#organization","name":"Diario Textual","url":"https:\/\/diariotextual.com\/inicio\/","logo":{"@type":"ImageObject","inLanguage":"es","@id":"https:\/\/diariotextual.com\/inicio\/#\/schema\/logo\/image\/","url":"https:\/\/diariotextual.com\/inicio\/wp-content\/uploads\/2023\/05\/logotextual1.jpg","contentUrl":"https:\/\/diariotextual.com\/inicio\/wp-content\/uploads\/2023\/05\/logotextual1.jpg","width":516,"height":76,"caption":"Diario Textual"},"image":{"@id":"https:\/\/diariotextual.com\/inicio\/#\/schema\/logo\/image\/"},"sameAs":["https:\/\/www.facebook.com\/eltextual","https:\/\/x.com\/eltextual","http:\/\/www.instagram.com\/eltextual"]},{"@type":"Person","@id":"https:\/\/diariotextual.com\/inicio\/#\/schema\/person\/694f60677f23c4a530867a98f22b3768","name":"diario2","image":{"@type":"ImageObject","inLanguage":"es","@id":"https:\/\/secure.gravatar.com\/avatar\/5a2567495ba16b852fcd8f1ed006a2e24fcace936018ed8237e95f488ad6e0a7?s=96&d=mm&r=g","url":"https:\/\/secure.gravatar.com\/avatar\/5a2567495ba16b852fcd8f1ed006a2e24fcace936018ed8237e95f488ad6e0a7?s=96&d=mm&r=g","contentUrl":"https:\/\/secure.gravatar.com\/avatar\/5a2567495ba16b852fcd8f1ed006a2e24fcace936018ed8237e95f488ad6e0a7?s=96&d=mm&r=g","caption":"diario2"},"url":"https:\/\/diariotextual.com\/inicio\/index.php\/author\/diario2\/"}]}},"_links":{"self":[{"href":"https:\/\/diariotextual.com\/inicio\/index.php\/wp-json\/wp\/v2\/posts\/220533","targetHints":{"allow":["GET"]}}],"collection":[{"href":"https:\/\/diariotextual.com\/inicio\/index.php\/wp-json\/wp\/v2\/posts"}],"about":[{"href":"https:\/\/diariotextual.com\/inicio\/index.php\/wp-json\/wp\/v2\/types\/post"}],"author":[{"embeddable":true,"href":"https:\/\/diariotextual.com\/inicio\/index.php\/wp-json\/wp\/v2\/users\/4"}],"replies":[{"embeddable":true,"href":"https:\/\/diariotextual.com\/inicio\/index.php\/wp-json\/wp\/v2\/comments?post=220533"}],"version-history":[{"count":1,"href":"https:\/\/diariotextual.com\/inicio\/index.php\/wp-json\/wp\/v2\/posts\/220533\/revisions"}],"predecessor-version":[{"id":220534,"href":"https:\/\/diariotextual.com\/inicio\/index.php\/wp-json\/wp\/v2\/posts\/220533\/revisions\/220534"}],"wp:featuredmedia":[{"embeddable":true,"href":"https:\/\/diariotextual.com\/inicio\/index.php\/wp-json\/wp\/v2\/media\/63749"}],"wp:attachment":[{"href":"https:\/\/diariotextual.com\/inicio\/index.php\/wp-json\/wp\/v2\/media?parent=220533"}],"wp:term":[{"taxonomy":"category","embeddable":true,"href":"https:\/\/diariotextual.com\/inicio\/index.php\/wp-json\/wp\/v2\/categories?post=220533"},{"taxonomy":"post_tag","embeddable":true,"href":"https:\/\/diariotextual.com\/inicio\/index.php\/wp-json\/wp\/v2\/tags?post=220533"}],"curies":[{"name":"wp","href":"https:\/\/api.w.org\/{rel}","templated":true}]}}