{"id":220650,"date":"2023-03-31T06:27:29","date_gmt":"2023-03-31T09:27:29","guid":{"rendered":"https:\/\/diariotextual.com\/inicio\/?p=220650"},"modified":"2023-03-31T06:27:31","modified_gmt":"2023-03-31T09:27:31","slug":"dafas-anuncio-11-concurso-de-fotografia-gente-de-mi-lugar","status":"publish","type":"post","link":"https:\/\/diariotextual.com\/inicio\/index.php\/2023\/03\/31\/dafas-anuncio-11-concurso-de-fotografia-gente-de-mi-lugar\/","title":{"rendered":"Dafas anunci\u00f3 11\u00b0 concurso de fotograf\u00eda \u201cGente de mi lugar\u201d"},"content":{"rendered":"\n<p>La Direcci\u00f3n de Ayuda Financiera para la Acci\u00f3n Social (Dafas) invit\u00f3 a participar durante todo el mes de abril del 2023 del 11\u00b0 Concurso de fotograf\u00eda digital \u201cGente de mi lugar\u201d, que es parte de un amplio programa de actividades por el 38\u00b0 aniversario de la instituci\u00f3n. &nbsp;<\/p>\n\n\n\n<p>La convocatoria est\u00e1 destinada a fot\u00f3grafos aficionados de la Provincia que podr\u00e1n presentar fotograf\u00edas en las que aparezca al menos una persona que d\u00e9 cuenta del espacio geogr\u00e1fico (barrio, localidad, ciudad) de La Pampa donde fue realizada la toma, como una forma de capturar la belleza de lo cotidiano y la diversidad de las comunidades reconociendo el entorno, entendiendo la din\u00e1mica social y cultural a fin de fortalecer los v\u00ednculos con el patrimonio provincial.<\/p>\n\n\n\n<p>Las fotos deber\u00e1n enviarse al email concursosdafas@gmail.com, adjuntando la informaci\u00f3n personal y de contacto solicitada en las bases antes del 30\/04\/2023. Los trabajos premiados y seleccionados ser\u00e1n dados a conocer el 14 de mayo de 2023, en el programa del Telebingo Pampeano que se transmite por la Televisi\u00f3n P\u00fablica Pampeana.<\/p>\n\n\n\n<p>El objetivo es promover en las y los participantes el inter\u00e9s por explorar el retrato ambientado, para lograr fotograf\u00edas que muestren las diversidades que vuelven \u00fanicas a cada una de las comunidades, su gente, sus oficios, su cultura y sus lugares.<\/p>\n\n\n\n<p>Se podr\u00e1 participar de acuerdo a la edad en dos categor\u00edas: adolescentes de 12 a 18 a\u00f1os y fot\u00f3grafos\/as aficionados\/as mayores de edad, en ambos casos con residencia en la provincia de La Pampa. Se distribuir\u00e1n m\u00e1s de 200.000 pesos en premios, entre ambas categor\u00edas.<\/p>\n\n\n\n<p>Por consultas, las y los interesados podr\u00e1n comunicarse al email concursosdafas@gmail.com. Adem\u00e1s las bases y condiciones est\u00e1n publicadas en el link\u00a0<a href=\"https:\/\/www.isslapampa.gov.ar\/dafas_concurso-de-fotografia\/\" target=\"_blank\" rel=\"noreferrer noopener\">https:\/\/www.isslapampa.gov.ar\/dafas_concurso-de-fotografia\/<\/a><\/p>\n","protected":false},"excerpt":{"rendered":"<p>La Direcci\u00f3n de Ayuda Financiera para la Acci\u00f3n Social (Dafas) invit\u00f3 a participar durante todo el mes de abril del 2023 del 11\u00b0 Concurso de fotograf\u00eda digital \u201cGente de mi&hellip;<\/p>\n","protected":false},"author":4,"featured_media":4548,"comment_status":"closed","ping_status":"open","sticky":false,"template":"","format":"standard","meta":{"_acf_changed":false,"footnotes":""},"categories":[1,12],"tags":[],"class_list":["post-220650","post","type-post","status-publish","format-standard","has-post-thumbnail","hentry","category-es-noticia","category-sociedad"],"acf":[],"yoast_head":"<!-- This site is optimized with the Yoast SEO plugin v27.5 - https:\/\/yoast.com\/product\/yoast-seo-wordpress\/ -->\n<title>Dafas anunci\u00f3 11\u00b0 concurso de fotograf\u00eda \u201cGente de mi lugar\u201d - Diario Textual<\/title>\n<meta name=\"robots\" content=\"index, follow, max-snippet:-1, max-image-preview:large, max-video-preview:-1\" \/>\n<link rel=\"canonical\" href=\"https:\/\/diariotextual.com\/inicio\/index.php\/2023\/03\/31\/dafas-anuncio-11-concurso-de-fotografia-gente-de-mi-lugar\/\" \/>\n<meta property=\"og:locale\" content=\"es_ES\" \/>\n<meta property=\"og:type\" content=\"article\" \/>\n<meta property=\"og:title\" content=\"Dafas anunci\u00f3 11\u00b0 concurso de fotograf\u00eda \u201cGente de mi lugar\u201d - Diario Textual\" \/>\n<meta property=\"og:description\" content=\"La Direcci\u00f3n de Ayuda Financiera para la Acci\u00f3n Social (Dafas) invit\u00f3 a participar durante todo el mes de abril del 2023 del 11\u00b0 Concurso de fotograf\u00eda digital \u201cGente de mi&hellip;\" \/>\n<meta property=\"og:url\" content=\"https:\/\/diariotextual.com\/inicio\/index.php\/2023\/03\/31\/dafas-anuncio-11-concurso-de-fotografia-gente-de-mi-lugar\/\" \/>\n<meta property=\"og:site_name\" content=\"Diario Textual\" \/>\n<meta property=\"article:publisher\" content=\"https:\/\/www.facebook.com\/eltextual\" \/>\n<meta property=\"article:published_time\" content=\"2023-03-31T09:27:29+00:00\" \/>\n<meta property=\"article:modified_time\" content=\"2023-03-31T09:27:31+00:00\" \/>\n<meta property=\"og:image\" content=\"https:\/\/diariotextual.com\/inicio\/wp-content\/uploads\/2018\/04\/fotografia355.jpg\" \/>\n\t<meta property=\"og:image:width\" content=\"663\" \/>\n\t<meta property=\"og:image:height\" content=\"398\" \/>\n\t<meta property=\"og:image:type\" content=\"image\/jpeg\" \/>\n<meta name=\"author\" content=\"diario2\" \/>\n<meta name=\"twitter:card\" content=\"summary_large_image\" \/>\n<meta name=\"twitter:creator\" content=\"@eltextual\" \/>\n<meta name=\"twitter:site\" content=\"@eltextual\" \/>\n<meta name=\"twitter:label1\" content=\"Escrito por\" \/>\n\t<meta name=\"twitter:data1\" content=\"diario2\" \/>\n\t<meta name=\"twitter:label2\" content=\"Tiempo de lectura\" \/>\n\t<meta name=\"twitter:data2\" content=\"2 minutos\" \/>\n<script type=\"application\/ld+json\" class=\"yoast-schema-graph\">{\"@context\":\"https:\\\/\\\/schema.org\",\"@graph\":[{\"@type\":\"Article\",\"@id\":\"https:\\\/\\\/diariotextual.com\\\/inicio\\\/index.php\\\/2023\\\/03\\\/31\\\/dafas-anuncio-11-concurso-de-fotografia-gente-de-mi-lugar\\\/#article\",\"isPartOf\":{\"@id\":\"https:\\\/\\\/diariotextual.com\\\/inicio\\\/index.php\\\/2023\\\/03\\\/31\\\/dafas-anuncio-11-concurso-de-fotografia-gente-de-mi-lugar\\\/\"},\"author\":{\"name\":\"diario2\",\"@id\":\"https:\\\/\\\/diariotextual.com\\\/inicio\\\/#\\\/schema\\\/person\\\/694f60677f23c4a530867a98f22b3768\"},\"headline\":\"Dafas anunci\u00f3 11\u00b0 concurso de fotograf\u00eda \u201cGente de mi lugar\u201d\",\"datePublished\":\"2023-03-31T09:27:29+00:00\",\"dateModified\":\"2023-03-31T09:27:31+00:00\",\"mainEntityOfPage\":{\"@id\":\"https:\\\/\\\/diariotextual.com\\\/inicio\\\/index.php\\\/2023\\\/03\\\/31\\\/dafas-anuncio-11-concurso-de-fotografia-gente-de-mi-lugar\\\/\"},\"wordCount\":319,\"publisher\":{\"@id\":\"https:\\\/\\\/diariotextual.com\\\/inicio\\\/#organization\"},\"image\":{\"@id\":\"https:\\\/\\\/diariotextual.com\\\/inicio\\\/index.php\\\/2023\\\/03\\\/31\\\/dafas-anuncio-11-concurso-de-fotografia-gente-de-mi-lugar\\\/#primaryimage\"},\"thumbnailUrl\":\"https:\\\/\\\/diariotextual.com\\\/inicio\\\/wp-content\\\/uploads\\\/2018\\\/04\\\/fotografia355.jpg\",\"articleSection\":[\"A - ES NOTICIA (van abajo)\",\"SOCIEDAD\"],\"inLanguage\":\"es\"},{\"@type\":\"WebPage\",\"@id\":\"https:\\\/\\\/diariotextual.com\\\/inicio\\\/index.php\\\/2023\\\/03\\\/31\\\/dafas-anuncio-11-concurso-de-fotografia-gente-de-mi-lugar\\\/\",\"url\":\"https:\\\/\\\/diariotextual.com\\\/inicio\\\/index.php\\\/2023\\\/03\\\/31\\\/dafas-anuncio-11-concurso-de-fotografia-gente-de-mi-lugar\\\/\",\"name\":\"Dafas anunci\u00f3 11\u00b0 concurso de fotograf\u00eda \u201cGente de mi lugar\u201d - Diario Textual\",\"isPartOf\":{\"@id\":\"https:\\\/\\\/diariotextual.com\\\/inicio\\\/#website\"},\"primaryImageOfPage\":{\"@id\":\"https:\\\/\\\/diariotextual.com\\\/inicio\\\/index.php\\\/2023\\\/03\\\/31\\\/dafas-anuncio-11-concurso-de-fotografia-gente-de-mi-lugar\\\/#primaryimage\"},\"image\":{\"@id\":\"https:\\\/\\\/diariotextual.com\\\/inicio\\\/index.php\\\/2023\\\/03\\\/31\\\/dafas-anuncio-11-concurso-de-fotografia-gente-de-mi-lugar\\\/#primaryimage\"},\"thumbnailUrl\":\"https:\\\/\\\/diariotextual.com\\\/inicio\\\/wp-content\\\/uploads\\\/2018\\\/04\\\/fotografia355.jpg\",\"datePublished\":\"2023-03-31T09:27:29+00:00\",\"dateModified\":\"2023-03-31T09:27:31+00:00\",\"breadcrumb\":{\"@id\":\"https:\\\/\\\/diariotextual.com\\\/inicio\\\/index.php\\\/2023\\\/03\\\/31\\\/dafas-anuncio-11-concurso-de-fotografia-gente-de-mi-lugar\\\/#breadcrumb\"},\"inLanguage\":\"es\",\"potentialAction\":[{\"@type\":\"ReadAction\",\"target\":[\"https:\\\/\\\/diariotextual.com\\\/inicio\\\/index.php\\\/2023\\\/03\\\/31\\\/dafas-anuncio-11-concurso-de-fotografia-gente-de-mi-lugar\\\/\"]}]},{\"@type\":\"ImageObject\",\"inLanguage\":\"es\",\"@id\":\"https:\\\/\\\/diariotextual.com\\\/inicio\\\/index.php\\\/2023\\\/03\\\/31\\\/dafas-anuncio-11-concurso-de-fotografia-gente-de-mi-lugar\\\/#primaryimage\",\"url\":\"https:\\\/\\\/diariotextual.com\\\/inicio\\\/wp-content\\\/uploads\\\/2018\\\/04\\\/fotografia355.jpg\",\"contentUrl\":\"https:\\\/\\\/diariotextual.com\\\/inicio\\\/wp-content\\\/uploads\\\/2018\\\/04\\\/fotografia355.jpg\",\"width\":663,\"height\":398},{\"@type\":\"BreadcrumbList\",\"@id\":\"https:\\\/\\\/diariotextual.com\\\/inicio\\\/index.php\\\/2023\\\/03\\\/31\\\/dafas-anuncio-11-concurso-de-fotografia-gente-de-mi-lugar\\\/#breadcrumb\",\"itemListElement\":[{\"@type\":\"ListItem\",\"position\":1,\"name\":\"Portada\",\"item\":\"https:\\\/\\\/diariotextual.com\\\/inicio\\\/\"},{\"@type\":\"ListItem\",\"position\":2,\"name\":\"Dafas anunci\u00f3 11\u00b0 concurso de fotograf\u00eda \u201cGente de mi lugar\u201d\"}]},{\"@type\":\"WebSite\",\"@id\":\"https:\\\/\\\/diariotextual.com\\\/inicio\\\/#website\",\"url\":\"https:\\\/\\\/diariotextual.com\\\/inicio\\\/\",\"name\":\"Diario Textual\",\"description\":\"\",\"publisher\":{\"@id\":\"https:\\\/\\\/diariotextual.com\\\/inicio\\\/#organization\"},\"potentialAction\":[{\"@type\":\"SearchAction\",\"target\":{\"@type\":\"EntryPoint\",\"urlTemplate\":\"https:\\\/\\\/diariotextual.com\\\/inicio\\\/?s={search_term_string}\"},\"query-input\":{\"@type\":\"PropertyValueSpecification\",\"valueRequired\":true,\"valueName\":\"search_term_string\"}}],\"inLanguage\":\"es\"},{\"@type\":\"Organization\",\"@id\":\"https:\\\/\\\/diariotextual.com\\\/inicio\\\/#organization\",\"name\":\"Diario Textual\",\"url\":\"https:\\\/\\\/diariotextual.com\\\/inicio\\\/\",\"logo\":{\"@type\":\"ImageObject\",\"inLanguage\":\"es\",\"@id\":\"https:\\\/\\\/diariotextual.com\\\/inicio\\\/#\\\/schema\\\/logo\\\/image\\\/\",\"url\":\"https:\\\/\\\/diariotextual.com\\\/inicio\\\/wp-content\\\/uploads\\\/2023\\\/05\\\/logotextual1.jpg\",\"contentUrl\":\"https:\\\/\\\/diariotextual.com\\\/inicio\\\/wp-content\\\/uploads\\\/2023\\\/05\\\/logotextual1.jpg\",\"width\":516,\"height\":76,\"caption\":\"Diario Textual\"},\"image\":{\"@id\":\"https:\\\/\\\/diariotextual.com\\\/inicio\\\/#\\\/schema\\\/logo\\\/image\\\/\"},\"sameAs\":[\"https:\\\/\\\/www.facebook.com\\\/eltextual\",\"https:\\\/\\\/x.com\\\/eltextual\",\"http:\\\/\\\/www.instagram.com\\\/eltextual\"]},{\"@type\":\"Person\",\"@id\":\"https:\\\/\\\/diariotextual.com\\\/inicio\\\/#\\\/schema\\\/person\\\/694f60677f23c4a530867a98f22b3768\",\"name\":\"diario2\",\"image\":{\"@type\":\"ImageObject\",\"inLanguage\":\"es\",\"@id\":\"https:\\\/\\\/secure.gravatar.com\\\/avatar\\\/5a2567495ba16b852fcd8f1ed006a2e24fcace936018ed8237e95f488ad6e0a7?s=96&d=mm&r=g\",\"url\":\"https:\\\/\\\/secure.gravatar.com\\\/avatar\\\/5a2567495ba16b852fcd8f1ed006a2e24fcace936018ed8237e95f488ad6e0a7?s=96&d=mm&r=g\",\"contentUrl\":\"https:\\\/\\\/secure.gravatar.com\\\/avatar\\\/5a2567495ba16b852fcd8f1ed006a2e24fcace936018ed8237e95f488ad6e0a7?s=96&d=mm&r=g\",\"caption\":\"diario2\"},\"url\":\"https:\\\/\\\/diariotextual.com\\\/inicio\\\/index.php\\\/author\\\/diario2\\\/\"}]}<\/script>\n<!-- \/ Yoast SEO plugin. -->","yoast_head_json":{"title":"Dafas anunci\u00f3 11\u00b0 concurso de fotograf\u00eda \u201cGente de mi lugar\u201d - Diario Textual","robots":{"index":"index","follow":"follow","max-snippet":"max-snippet:-1","max-image-preview":"max-image-preview:large","max-video-preview":"max-video-preview:-1"},"canonical":"https:\/\/diariotextual.com\/inicio\/index.php\/2023\/03\/31\/dafas-anuncio-11-concurso-de-fotografia-gente-de-mi-lugar\/","og_locale":"es_ES","og_type":"article","og_title":"Dafas anunci\u00f3 11\u00b0 concurso de fotograf\u00eda \u201cGente de mi lugar\u201d - Diario Textual","og_description":"La Direcci\u00f3n de Ayuda Financiera para la Acci\u00f3n Social (Dafas) invit\u00f3 a participar durante todo el mes de abril del 2023 del 11\u00b0 Concurso de fotograf\u00eda digital \u201cGente de mi&hellip;","og_url":"https:\/\/diariotextual.com\/inicio\/index.php\/2023\/03\/31\/dafas-anuncio-11-concurso-de-fotografia-gente-de-mi-lugar\/","og_site_name":"Diario Textual","article_publisher":"https:\/\/www.facebook.com\/eltextual","article_published_time":"2023-03-31T09:27:29+00:00","article_modified_time":"2023-03-31T09:27:31+00:00","og_image":[{"width":663,"height":398,"url":"https:\/\/diariotextual.com\/inicio\/wp-content\/uploads\/2018\/04\/fotografia355.jpg","type":"image\/jpeg"}],"author":"diario2","twitter_card":"summary_large_image","twitter_creator":"@eltextual","twitter_site":"@eltextual","twitter_misc":{"Escrito por":"diario2","Tiempo de lectura":"2 minutos"},"schema":{"@context":"https:\/\/schema.org","@graph":[{"@type":"Article","@id":"https:\/\/diariotextual.com\/inicio\/index.php\/2023\/03\/31\/dafas-anuncio-11-concurso-de-fotografia-gente-de-mi-lugar\/#article","isPartOf":{"@id":"https:\/\/diariotextual.com\/inicio\/index.php\/2023\/03\/31\/dafas-anuncio-11-concurso-de-fotografia-gente-de-mi-lugar\/"},"author":{"name":"diario2","@id":"https:\/\/diariotextual.com\/inicio\/#\/schema\/person\/694f60677f23c4a530867a98f22b3768"},"headline":"Dafas anunci\u00f3 11\u00b0 concurso de fotograf\u00eda \u201cGente de mi lugar\u201d","datePublished":"2023-03-31T09:27:29+00:00","dateModified":"2023-03-31T09:27:31+00:00","mainEntityOfPage":{"@id":"https:\/\/diariotextual.com\/inicio\/index.php\/2023\/03\/31\/dafas-anuncio-11-concurso-de-fotografia-gente-de-mi-lugar\/"},"wordCount":319,"publisher":{"@id":"https:\/\/diariotextual.com\/inicio\/#organization"},"image":{"@id":"https:\/\/diariotextual.com\/inicio\/index.php\/2023\/03\/31\/dafas-anuncio-11-concurso-de-fotografia-gente-de-mi-lugar\/#primaryimage"},"thumbnailUrl":"https:\/\/diariotextual.com\/inicio\/wp-content\/uploads\/2018\/04\/fotografia355.jpg","articleSection":["A - ES NOTICIA (van abajo)","SOCIEDAD"],"inLanguage":"es"},{"@type":"WebPage","@id":"https:\/\/diariotextual.com\/inicio\/index.php\/2023\/03\/31\/dafas-anuncio-11-concurso-de-fotografia-gente-de-mi-lugar\/","url":"https:\/\/diariotextual.com\/inicio\/index.php\/2023\/03\/31\/dafas-anuncio-11-concurso-de-fotografia-gente-de-mi-lugar\/","name":"Dafas anunci\u00f3 11\u00b0 concurso de fotograf\u00eda \u201cGente de mi lugar\u201d - Diario Textual","isPartOf":{"@id":"https:\/\/diariotextual.com\/inicio\/#website"},"primaryImageOfPage":{"@id":"https:\/\/diariotextual.com\/inicio\/index.php\/2023\/03\/31\/dafas-anuncio-11-concurso-de-fotografia-gente-de-mi-lugar\/#primaryimage"},"image":{"@id":"https:\/\/diariotextual.com\/inicio\/index.php\/2023\/03\/31\/dafas-anuncio-11-concurso-de-fotografia-gente-de-mi-lugar\/#primaryimage"},"thumbnailUrl":"https:\/\/diariotextual.com\/inicio\/wp-content\/uploads\/2018\/04\/fotografia355.jpg","datePublished":"2023-03-31T09:27:29+00:00","dateModified":"2023-03-31T09:27:31+00:00","breadcrumb":{"@id":"https:\/\/diariotextual.com\/inicio\/index.php\/2023\/03\/31\/dafas-anuncio-11-concurso-de-fotografia-gente-de-mi-lugar\/#breadcrumb"},"inLanguage":"es","potentialAction":[{"@type":"ReadAction","target":["https:\/\/diariotextual.com\/inicio\/index.php\/2023\/03\/31\/dafas-anuncio-11-concurso-de-fotografia-gente-de-mi-lugar\/"]}]},{"@type":"ImageObject","inLanguage":"es","@id":"https:\/\/diariotextual.com\/inicio\/index.php\/2023\/03\/31\/dafas-anuncio-11-concurso-de-fotografia-gente-de-mi-lugar\/#primaryimage","url":"https:\/\/diariotextual.com\/inicio\/wp-content\/uploads\/2018\/04\/fotografia355.jpg","contentUrl":"https:\/\/diariotextual.com\/inicio\/wp-content\/uploads\/2018\/04\/fotografia355.jpg","width":663,"height":398},{"@type":"BreadcrumbList","@id":"https:\/\/diariotextual.com\/inicio\/index.php\/2023\/03\/31\/dafas-anuncio-11-concurso-de-fotografia-gente-de-mi-lugar\/#breadcrumb","itemListElement":[{"@type":"ListItem","position":1,"name":"Portada","item":"https:\/\/diariotextual.com\/inicio\/"},{"@type":"ListItem","position":2,"name":"Dafas anunci\u00f3 11\u00b0 concurso de fotograf\u00eda \u201cGente de mi lugar\u201d"}]},{"@type":"WebSite","@id":"https:\/\/diariotextual.com\/inicio\/#website","url":"https:\/\/diariotextual.com\/inicio\/","name":"Diario Textual","description":"","publisher":{"@id":"https:\/\/diariotextual.com\/inicio\/#organization"},"potentialAction":[{"@type":"SearchAction","target":{"@type":"EntryPoint","urlTemplate":"https:\/\/diariotextual.com\/inicio\/?s={search_term_string}"},"query-input":{"@type":"PropertyValueSpecification","valueRequired":true,"valueName":"search_term_string"}}],"inLanguage":"es"},{"@type":"Organization","@id":"https:\/\/diariotextual.com\/inicio\/#organization","name":"Diario Textual","url":"https:\/\/diariotextual.com\/inicio\/","logo":{"@type":"ImageObject","inLanguage":"es","@id":"https:\/\/diariotextual.com\/inicio\/#\/schema\/logo\/image\/","url":"https:\/\/diariotextual.com\/inicio\/wp-content\/uploads\/2023\/05\/logotextual1.jpg","contentUrl":"https:\/\/diariotextual.com\/inicio\/wp-content\/uploads\/2023\/05\/logotextual1.jpg","width":516,"height":76,"caption":"Diario Textual"},"image":{"@id":"https:\/\/diariotextual.com\/inicio\/#\/schema\/logo\/image\/"},"sameAs":["https:\/\/www.facebook.com\/eltextual","https:\/\/x.com\/eltextual","http:\/\/www.instagram.com\/eltextual"]},{"@type":"Person","@id":"https:\/\/diariotextual.com\/inicio\/#\/schema\/person\/694f60677f23c4a530867a98f22b3768","name":"diario2","image":{"@type":"ImageObject","inLanguage":"es","@id":"https:\/\/secure.gravatar.com\/avatar\/5a2567495ba16b852fcd8f1ed006a2e24fcace936018ed8237e95f488ad6e0a7?s=96&d=mm&r=g","url":"https:\/\/secure.gravatar.com\/avatar\/5a2567495ba16b852fcd8f1ed006a2e24fcace936018ed8237e95f488ad6e0a7?s=96&d=mm&r=g","contentUrl":"https:\/\/secure.gravatar.com\/avatar\/5a2567495ba16b852fcd8f1ed006a2e24fcace936018ed8237e95f488ad6e0a7?s=96&d=mm&r=g","caption":"diario2"},"url":"https:\/\/diariotextual.com\/inicio\/index.php\/author\/diario2\/"}]}},"_links":{"self":[{"href":"https:\/\/diariotextual.com\/inicio\/index.php\/wp-json\/wp\/v2\/posts\/220650","targetHints":{"allow":["GET"]}}],"collection":[{"href":"https:\/\/diariotextual.com\/inicio\/index.php\/wp-json\/wp\/v2\/posts"}],"about":[{"href":"https:\/\/diariotextual.com\/inicio\/index.php\/wp-json\/wp\/v2\/types\/post"}],"author":[{"embeddable":true,"href":"https:\/\/diariotextual.com\/inicio\/index.php\/wp-json\/wp\/v2\/users\/4"}],"replies":[{"embeddable":true,"href":"https:\/\/diariotextual.com\/inicio\/index.php\/wp-json\/wp\/v2\/comments?post=220650"}],"version-history":[{"count":1,"href":"https:\/\/diariotextual.com\/inicio\/index.php\/wp-json\/wp\/v2\/posts\/220650\/revisions"}],"predecessor-version":[{"id":220651,"href":"https:\/\/diariotextual.com\/inicio\/index.php\/wp-json\/wp\/v2\/posts\/220650\/revisions\/220651"}],"wp:featuredmedia":[{"embeddable":true,"href":"https:\/\/diariotextual.com\/inicio\/index.php\/wp-json\/wp\/v2\/media\/4548"}],"wp:attachment":[{"href":"https:\/\/diariotextual.com\/inicio\/index.php\/wp-json\/wp\/v2\/media?parent=220650"}],"wp:term":[{"taxonomy":"category","embeddable":true,"href":"https:\/\/diariotextual.com\/inicio\/index.php\/wp-json\/wp\/v2\/categories?post=220650"},{"taxonomy":"post_tag","embeddable":true,"href":"https:\/\/diariotextual.com\/inicio\/index.php\/wp-json\/wp\/v2\/tags?post=220650"}],"curies":[{"name":"wp","href":"https:\/\/api.w.org\/{rel}","templated":true}]}}