{"id":220652,"date":"2023-03-31T06:39:26","date_gmt":"2023-03-31T09:39:26","guid":{"rendered":"https:\/\/diariotextual.com\/inicio\/?p=220652"},"modified":"2023-03-31T06:41:59","modified_gmt":"2023-03-31T09:41:59","slug":"anses-cuando-cobro-calendario-de-pagos-del-viernes-31-de-marzo-de-2023","status":"publish","type":"post","link":"https:\/\/diariotextual.com\/inicio\/index.php\/2023\/03\/31\/anses-cuando-cobro-calendario-de-pagos-del-viernes-31-de-marzo-de-2023\/","title":{"rendered":"Anses, cu\u00e1ndo cobro: calendario de pagos del viernes 31 de marzo de 2023"},"content":{"rendered":"\n<p>La Administraci\u00f3n Nacional de la Seguridad Social (Anses) difundi\u00f3 el calendario de pagos de marzo de 2023. Los beneficiarios de los planes sociales del organismo previsional que conduce Fernanda Raverta ya tienen a disposici\u00f3n las fechas en las que van a cobrar sus haberes mensuales.<\/p>\n\n\n\n<p>Varios de los beneficios que entrega la agencia ser\u00e1n abonados a trav\u00e9s de un cronograma en base a la finalizaci\u00f3n del DNI de los titulares de las prestaciones y asignaciones.<\/p>\n\n\n\n<p>Esos son los ejemplos de la Asignaci\u00f3n Universal por Hijo (AUH), Asignaci\u00f3n Universal por Embarazo (AUE), Tarjeta Alimentar, jubilaciones y pensiones, entre otros.<\/p>\n\n\n\n<p>A su vez, otros beneficios ser\u00e1n pagados en un plazo determinado, sin importar qu\u00e9 n\u00famero tengan.<\/p>\n\n\n\n<p><strong>ANSES: calendario de pagos del 31 de marzo de 2023<\/strong><\/p>\n\n\n\n<p>-Asignaciones Familiares de Pensiones No Contributivas: todos los DNI hasta el 11 de abril.<\/p>\n\n\n\n<p>-Asignaciones de Pago \u00danico: todos los DNI hasta el 10 de abril.<\/p>\n\n\n\n<p><\/p>\n\n\n\n<p><strong>El calendario de pagos de la ANSES para marzo de 2023<\/strong><\/p>\n\n\n\n<p><strong>Pensiones no Contributivas (PNC)<\/strong><\/p>\n\n\n\n<p>-DNI terminados en 0 y 1: mi\u00e9rcoles 1\u00b0 de marzo<\/p>\n\n\n\n<p>-DNI terminados en 2 y 3: jueves 2 de marzo<\/p>\n\n\n\n<p>-DNI terminados en 4 y 5: viernes 3 de marzo<\/p>\n\n\n\n<p>-DNI terminados en 6 y 7: lunes 6 de marzo<\/p>\n\n\n\n<p>-DNI terminados en 8 y 9: martes 7 de marzo<\/p>\n\n\n\n<p><\/p>\n\n\n\n<p><strong>Jubilados que no superen la m\u00ednima<\/strong><\/p>\n\n\n\n<p>-Documentos terminados en 0: mi\u00e9rcoles 8 de marzo<\/p>\n\n\n\n<p>-Documentos terminados en 1: jueves 9 de marzo<\/p>\n\n\n\n<p>-Documentos terminados en 2: viernes 10 de marzo<\/p>\n\n\n\n<p>-Documentos terminados en 3: lunes 13 de marzo<\/p>\n\n\n\n<p>-Documentos terminados en 4: martes 14 de marzo<\/p>\n\n\n\n<p>-Documentos terminados en 5: mi\u00e9rcoles 15 de marzo<\/p>\n\n\n\n<p>-Documentos terminados en 6: jueves 16 de marzo<\/p>\n\n\n\n<p>-Documentos terminados en 7: viernes 17 de marzo<\/p>\n\n\n\n<p>-Documentos terminados en 8: lunes 20 de marzo<\/p>\n\n\n\n<p>-Documentos terminados en 9: martes 21 de marzo<\/p>\n\n\n\n<p><\/p>\n\n\n\n<p><strong>Jubilados que superen la m\u00ednima<\/strong><\/p>\n\n\n\n<p>-Documentos terminados en 0 y 1: mi\u00e9rcoles 22 de marzo<\/p>\n\n\n\n<p>-Documentos terminados en 2 y 3: jueves 23 de marzo<\/p>\n\n\n\n<p>-Documentos terminados en 4 y 5: lunes 27 de marzo<\/p>\n\n\n\n<p>-Documentos terminados en 6 y 7: martes 28 de marzo<\/p>\n\n\n\n<p>-Documentos terminados en 8 y 9: mi\u00e9rcoles 29 de marzo<\/p>\n\n\n\n<p><\/p>\n\n\n\n<p><strong>Asignaci\u00f3n Universal por Hijo (AUH) y Tarjeta Alimentar<\/strong><\/p>\n\n\n\n<p>-Documentos terminados en 0: mi\u00e9rcoles 8 de marzo<\/p>\n\n\n\n<p>-Documentos terminados en 1: jueves 9 de marzo<\/p>\n\n\n\n<p>-Documentos terminados en 2: viernes 10 de marzo<\/p>\n\n\n\n<p>-Documentos terminados en 3: lunes 13 de marzo<\/p>\n\n\n\n<p>-Documentos terminados en 4: martes 14 de marzo<\/p>\n\n\n\n<p>-Documentos terminados en 5: mi\u00e9rcoles 15 de marzo<\/p>\n\n\n\n<p>-Documentos terminados en 6: jueves 16 de marzo<\/p>\n\n\n\n<p>-Documentos terminados en 7: viernes 17 de marzo<\/p>\n\n\n\n<p>-Documentos terminados en 8: lunes 20 de marzo<\/p>\n\n\n\n<p>-Documentos terminados en 9: martes 21 de marzo<\/p>\n\n\n\n<p><\/p>\n\n\n\n<p><strong>Asignaci\u00f3n Universal por Embarazo (AUE)<\/strong><\/p>\n\n\n\n<p>-Documentos terminados en 0: viernes 10 de marzo<\/p>\n\n\n\n<p>-Documentos terminados en 1: lunes 13 de marzo<\/p>\n\n\n\n<p>-Documentos terminados en 2: lunes 14 de marzo<\/p>\n\n\n\n<p>-Documentos terminados en 3: martes 15 de marzo<\/p>\n\n\n\n<p>-Documentos terminados en 4: mi\u00e9rcoles 16 de marzo<\/p>\n\n\n\n<p>-Documentos terminados en 5: jueves 17 de marzo<\/p>\n\n\n\n<p>-Documentos terminados en 6: lunes 20 de marzo<\/p>\n\n\n\n<p>-Documentos terminados en 7: martes 21 de marzo<\/p>\n\n\n\n<p>-Documentos terminados en 8: mi\u00e9rcoles 22 de marzo<\/p>\n\n\n\n<p>-Documentos terminados en 9: jueves 23 de marzo<\/p>\n\n\n\n<p><\/p>\n\n\n\n<p><strong>Asignaci\u00f3n por Prenatal y Maternidad<\/strong><\/p>\n\n\n\n<p>-DNI terminados en 0 y 1: lunes 13 de marzo<\/p>\n\n\n\n<p>-DNI terminados en 2 y 3: martes 14 de marzo<\/p>\n\n\n\n<p>-DNI terminados en 4 y 5: mi\u00e9rcoles 15 de marzo<\/p>\n\n\n\n<p>-DNI terminados en 6 y 7: jueves 16 de marzo<\/p>\n\n\n\n<p>-DNI terminados en 8 y 9: viernes 17 de marzo<\/p>\n\n\n\n<p><\/p>\n\n\n\n<p><strong>Asignaciones Familiares de Pensiones No Contributivas<\/strong><\/p>\n\n\n\n<p>Se abonar\u00e1n entre el 8 de marzo y el 11 de abril, sin importar en qu\u00e9 n\u00famero termine el DNI del beneficiario.<\/p>\n\n\n\n<p>Asignaciones de Pago \u00danico (APU)<\/p>\n\n\n\n<p>Se pagar\u00e1 entre el 10 de marzo y el 10 de abril. La entrega ser\u00e1 para todos sus beneficiarios, siempre y cuando cumplan con ese plazo.<\/p>\n\n\n\n<p>Prestaci\u00f3n por Desempleo<\/p>\n\n\n\n<p>DNI terminados en 0 y 1: mi\u00e9rcoles 22 de marzo<\/p>\n\n\n\n<p>DNI terminados en 2 y 3: jueves 23 de marzo<\/p>\n\n\n\n<p>DNI terminados en 4 y 5: lunes 27 de marzo<\/p>\n\n\n\n<p>DNI terminados en 6 y 7: martes 28 de marzo<\/p>\n\n\n\n<p>DNI terminados en 8 y 9: mi\u00e9rcoles 29 de marzo<\/p>\n","protected":false},"excerpt":{"rendered":"<p>La Administraci\u00f3n Nacional de la Seguridad Social (Anses) difundi\u00f3 el calendario de pagos de marzo de 2023. Los beneficiarios de los planes sociales del organismo previsional que conduce Fernanda Raverta&hellip;<\/p>\n","protected":false},"author":4,"featured_media":16945,"comment_status":"closed","ping_status":"open","sticky":false,"template":"","format":"standard","meta":{"_acf_changed":false,"footnotes":""},"categories":[1,12],"tags":[],"class_list":["post-220652","post","type-post","status-publish","format-standard","has-post-thumbnail","hentry","category-es-noticia","category-sociedad"],"acf":[],"yoast_head":"<!-- This site is optimized with the Yoast SEO plugin v27.5 - https:\/\/yoast.com\/product\/yoast-seo-wordpress\/ -->\n<title>Anses, cu\u00e1ndo cobro: calendario de pagos del viernes 31 de marzo de 2023 - Diario Textual<\/title>\n<meta name=\"robots\" content=\"index, follow, max-snippet:-1, max-image-preview:large, max-video-preview:-1\" \/>\n<link rel=\"canonical\" href=\"https:\/\/diariotextual.com\/inicio\/index.php\/2023\/03\/31\/anses-cuando-cobro-calendario-de-pagos-del-viernes-31-de-marzo-de-2023\/\" \/>\n<meta property=\"og:locale\" content=\"es_ES\" \/>\n<meta property=\"og:type\" content=\"article\" \/>\n<meta property=\"og:title\" content=\"Anses, cu\u00e1ndo cobro: calendario de pagos del viernes 31 de marzo de 2023 - Diario Textual\" \/>\n<meta property=\"og:description\" content=\"La Administraci\u00f3n Nacional de la Seguridad Social (Anses) difundi\u00f3 el calendario de pagos de marzo de 2023. Los beneficiarios de los planes sociales del organismo previsional que conduce Fernanda Raverta&hellip;\" \/>\n<meta property=\"og:url\" content=\"https:\/\/diariotextual.com\/inicio\/index.php\/2023\/03\/31\/anses-cuando-cobro-calendario-de-pagos-del-viernes-31-de-marzo-de-2023\/\" \/>\n<meta property=\"og:site_name\" content=\"Diario Textual\" \/>\n<meta property=\"article:publisher\" content=\"https:\/\/www.facebook.com\/eltextual\" \/>\n<meta property=\"article:published_time\" content=\"2023-03-31T09:39:26+00:00\" \/>\n<meta property=\"article:modified_time\" content=\"2023-03-31T09:41:59+00:00\" \/>\n<meta property=\"og:image\" content=\"https:\/\/diariotextual.com\/inicio\/wp-content\/uploads\/2018\/08\/anseslogo.jpg\" \/>\n\t<meta property=\"og:image:width\" content=\"700\" \/>\n\t<meta property=\"og:image:height\" content=\"397\" \/>\n\t<meta property=\"og:image:type\" content=\"image\/jpeg\" \/>\n<meta name=\"author\" content=\"diario2\" \/>\n<meta name=\"twitter:card\" content=\"summary_large_image\" \/>\n<meta name=\"twitter:creator\" content=\"@eltextual\" \/>\n<meta name=\"twitter:site\" content=\"@eltextual\" \/>\n<meta name=\"twitter:label1\" content=\"Escrito por\" \/>\n\t<meta name=\"twitter:data1\" content=\"diario2\" \/>\n\t<meta name=\"twitter:label2\" content=\"Tiempo de lectura\" \/>\n\t<meta name=\"twitter:data2\" content=\"4 minutos\" \/>\n<script type=\"application\/ld+json\" class=\"yoast-schema-graph\">{\"@context\":\"https:\\\/\\\/schema.org\",\"@graph\":[{\"@type\":\"Article\",\"@id\":\"https:\\\/\\\/diariotextual.com\\\/inicio\\\/index.php\\\/2023\\\/03\\\/31\\\/anses-cuando-cobro-calendario-de-pagos-del-viernes-31-de-marzo-de-2023\\\/#article\",\"isPartOf\":{\"@id\":\"https:\\\/\\\/diariotextual.com\\\/inicio\\\/index.php\\\/2023\\\/03\\\/31\\\/anses-cuando-cobro-calendario-de-pagos-del-viernes-31-de-marzo-de-2023\\\/\"},\"author\":{\"name\":\"diario2\",\"@id\":\"https:\\\/\\\/diariotextual.com\\\/inicio\\\/#\\\/schema\\\/person\\\/694f60677f23c4a530867a98f22b3768\"},\"headline\":\"Anses, cu\u00e1ndo cobro: calendario de pagos del viernes 31 de marzo de 2023\",\"datePublished\":\"2023-03-31T09:39:26+00:00\",\"dateModified\":\"2023-03-31T09:41:59+00:00\",\"mainEntityOfPage\":{\"@id\":\"https:\\\/\\\/diariotextual.com\\\/inicio\\\/index.php\\\/2023\\\/03\\\/31\\\/anses-cuando-cobro-calendario-de-pagos-del-viernes-31-de-marzo-de-2023\\\/\"},\"wordCount\":607,\"publisher\":{\"@id\":\"https:\\\/\\\/diariotextual.com\\\/inicio\\\/#organization\"},\"image\":{\"@id\":\"https:\\\/\\\/diariotextual.com\\\/inicio\\\/index.php\\\/2023\\\/03\\\/31\\\/anses-cuando-cobro-calendario-de-pagos-del-viernes-31-de-marzo-de-2023\\\/#primaryimage\"},\"thumbnailUrl\":\"https:\\\/\\\/diariotextual.com\\\/inicio\\\/wp-content\\\/uploads\\\/2018\\\/08\\\/anseslogo.jpg\",\"articleSection\":[\"A - ES NOTICIA (van abajo)\",\"SOCIEDAD\"],\"inLanguage\":\"es\"},{\"@type\":\"WebPage\",\"@id\":\"https:\\\/\\\/diariotextual.com\\\/inicio\\\/index.php\\\/2023\\\/03\\\/31\\\/anses-cuando-cobro-calendario-de-pagos-del-viernes-31-de-marzo-de-2023\\\/\",\"url\":\"https:\\\/\\\/diariotextual.com\\\/inicio\\\/index.php\\\/2023\\\/03\\\/31\\\/anses-cuando-cobro-calendario-de-pagos-del-viernes-31-de-marzo-de-2023\\\/\",\"name\":\"Anses, cu\u00e1ndo cobro: calendario de pagos del viernes 31 de marzo de 2023 - Diario Textual\",\"isPartOf\":{\"@id\":\"https:\\\/\\\/diariotextual.com\\\/inicio\\\/#website\"},\"primaryImageOfPage\":{\"@id\":\"https:\\\/\\\/diariotextual.com\\\/inicio\\\/index.php\\\/2023\\\/03\\\/31\\\/anses-cuando-cobro-calendario-de-pagos-del-viernes-31-de-marzo-de-2023\\\/#primaryimage\"},\"image\":{\"@id\":\"https:\\\/\\\/diariotextual.com\\\/inicio\\\/index.php\\\/2023\\\/03\\\/31\\\/anses-cuando-cobro-calendario-de-pagos-del-viernes-31-de-marzo-de-2023\\\/#primaryimage\"},\"thumbnailUrl\":\"https:\\\/\\\/diariotextual.com\\\/inicio\\\/wp-content\\\/uploads\\\/2018\\\/08\\\/anseslogo.jpg\",\"datePublished\":\"2023-03-31T09:39:26+00:00\",\"dateModified\":\"2023-03-31T09:41:59+00:00\",\"breadcrumb\":{\"@id\":\"https:\\\/\\\/diariotextual.com\\\/inicio\\\/index.php\\\/2023\\\/03\\\/31\\\/anses-cuando-cobro-calendario-de-pagos-del-viernes-31-de-marzo-de-2023\\\/#breadcrumb\"},\"inLanguage\":\"es\",\"potentialAction\":[{\"@type\":\"ReadAction\",\"target\":[\"https:\\\/\\\/diariotextual.com\\\/inicio\\\/index.php\\\/2023\\\/03\\\/31\\\/anses-cuando-cobro-calendario-de-pagos-del-viernes-31-de-marzo-de-2023\\\/\"]}]},{\"@type\":\"ImageObject\",\"inLanguage\":\"es\",\"@id\":\"https:\\\/\\\/diariotextual.com\\\/inicio\\\/index.php\\\/2023\\\/03\\\/31\\\/anses-cuando-cobro-calendario-de-pagos-del-viernes-31-de-marzo-de-2023\\\/#primaryimage\",\"url\":\"https:\\\/\\\/diariotextual.com\\\/inicio\\\/wp-content\\\/uploads\\\/2018\\\/08\\\/anseslogo.jpg\",\"contentUrl\":\"https:\\\/\\\/diariotextual.com\\\/inicio\\\/wp-content\\\/uploads\\\/2018\\\/08\\\/anseslogo.jpg\",\"width\":700,\"height\":397},{\"@type\":\"BreadcrumbList\",\"@id\":\"https:\\\/\\\/diariotextual.com\\\/inicio\\\/index.php\\\/2023\\\/03\\\/31\\\/anses-cuando-cobro-calendario-de-pagos-del-viernes-31-de-marzo-de-2023\\\/#breadcrumb\",\"itemListElement\":[{\"@type\":\"ListItem\",\"position\":1,\"name\":\"Portada\",\"item\":\"https:\\\/\\\/diariotextual.com\\\/inicio\\\/\"},{\"@type\":\"ListItem\",\"position\":2,\"name\":\"Anses, cu\u00e1ndo cobro: calendario de pagos del viernes 31 de marzo de 2023\"}]},{\"@type\":\"WebSite\",\"@id\":\"https:\\\/\\\/diariotextual.com\\\/inicio\\\/#website\",\"url\":\"https:\\\/\\\/diariotextual.com\\\/inicio\\\/\",\"name\":\"Diario Textual\",\"description\":\"\",\"publisher\":{\"@id\":\"https:\\\/\\\/diariotextual.com\\\/inicio\\\/#organization\"},\"potentialAction\":[{\"@type\":\"SearchAction\",\"target\":{\"@type\":\"EntryPoint\",\"urlTemplate\":\"https:\\\/\\\/diariotextual.com\\\/inicio\\\/?s={search_term_string}\"},\"query-input\":{\"@type\":\"PropertyValueSpecification\",\"valueRequired\":true,\"valueName\":\"search_term_string\"}}],\"inLanguage\":\"es\"},{\"@type\":\"Organization\",\"@id\":\"https:\\\/\\\/diariotextual.com\\\/inicio\\\/#organization\",\"name\":\"Diario Textual\",\"url\":\"https:\\\/\\\/diariotextual.com\\\/inicio\\\/\",\"logo\":{\"@type\":\"ImageObject\",\"inLanguage\":\"es\",\"@id\":\"https:\\\/\\\/diariotextual.com\\\/inicio\\\/#\\\/schema\\\/logo\\\/image\\\/\",\"url\":\"https:\\\/\\\/diariotextual.com\\\/inicio\\\/wp-content\\\/uploads\\\/2023\\\/05\\\/logotextual1.jpg\",\"contentUrl\":\"https:\\\/\\\/diariotextual.com\\\/inicio\\\/wp-content\\\/uploads\\\/2023\\\/05\\\/logotextual1.jpg\",\"width\":516,\"height\":76,\"caption\":\"Diario Textual\"},\"image\":{\"@id\":\"https:\\\/\\\/diariotextual.com\\\/inicio\\\/#\\\/schema\\\/logo\\\/image\\\/\"},\"sameAs\":[\"https:\\\/\\\/www.facebook.com\\\/eltextual\",\"https:\\\/\\\/x.com\\\/eltextual\",\"http:\\\/\\\/www.instagram.com\\\/eltextual\"]},{\"@type\":\"Person\",\"@id\":\"https:\\\/\\\/diariotextual.com\\\/inicio\\\/#\\\/schema\\\/person\\\/694f60677f23c4a530867a98f22b3768\",\"name\":\"diario2\",\"image\":{\"@type\":\"ImageObject\",\"inLanguage\":\"es\",\"@id\":\"https:\\\/\\\/secure.gravatar.com\\\/avatar\\\/5a2567495ba16b852fcd8f1ed006a2e24fcace936018ed8237e95f488ad6e0a7?s=96&d=mm&r=g\",\"url\":\"https:\\\/\\\/secure.gravatar.com\\\/avatar\\\/5a2567495ba16b852fcd8f1ed006a2e24fcace936018ed8237e95f488ad6e0a7?s=96&d=mm&r=g\",\"contentUrl\":\"https:\\\/\\\/secure.gravatar.com\\\/avatar\\\/5a2567495ba16b852fcd8f1ed006a2e24fcace936018ed8237e95f488ad6e0a7?s=96&d=mm&r=g\",\"caption\":\"diario2\"},\"url\":\"https:\\\/\\\/diariotextual.com\\\/inicio\\\/index.php\\\/author\\\/diario2\\\/\"}]}<\/script>\n<!-- \/ Yoast SEO plugin. -->","yoast_head_json":{"title":"Anses, cu\u00e1ndo cobro: calendario de pagos del viernes 31 de marzo de 2023 - Diario Textual","robots":{"index":"index","follow":"follow","max-snippet":"max-snippet:-1","max-image-preview":"max-image-preview:large","max-video-preview":"max-video-preview:-1"},"canonical":"https:\/\/diariotextual.com\/inicio\/index.php\/2023\/03\/31\/anses-cuando-cobro-calendario-de-pagos-del-viernes-31-de-marzo-de-2023\/","og_locale":"es_ES","og_type":"article","og_title":"Anses, cu\u00e1ndo cobro: calendario de pagos del viernes 31 de marzo de 2023 - Diario Textual","og_description":"La Administraci\u00f3n Nacional de la Seguridad Social (Anses) difundi\u00f3 el calendario de pagos de marzo de 2023. Los beneficiarios de los planes sociales del organismo previsional que conduce Fernanda Raverta&hellip;","og_url":"https:\/\/diariotextual.com\/inicio\/index.php\/2023\/03\/31\/anses-cuando-cobro-calendario-de-pagos-del-viernes-31-de-marzo-de-2023\/","og_site_name":"Diario Textual","article_publisher":"https:\/\/www.facebook.com\/eltextual","article_published_time":"2023-03-31T09:39:26+00:00","article_modified_time":"2023-03-31T09:41:59+00:00","og_image":[{"width":700,"height":397,"url":"https:\/\/diariotextual.com\/inicio\/wp-content\/uploads\/2018\/08\/anseslogo.jpg","type":"image\/jpeg"}],"author":"diario2","twitter_card":"summary_large_image","twitter_creator":"@eltextual","twitter_site":"@eltextual","twitter_misc":{"Escrito por":"diario2","Tiempo de lectura":"4 minutos"},"schema":{"@context":"https:\/\/schema.org","@graph":[{"@type":"Article","@id":"https:\/\/diariotextual.com\/inicio\/index.php\/2023\/03\/31\/anses-cuando-cobro-calendario-de-pagos-del-viernes-31-de-marzo-de-2023\/#article","isPartOf":{"@id":"https:\/\/diariotextual.com\/inicio\/index.php\/2023\/03\/31\/anses-cuando-cobro-calendario-de-pagos-del-viernes-31-de-marzo-de-2023\/"},"author":{"name":"diario2","@id":"https:\/\/diariotextual.com\/inicio\/#\/schema\/person\/694f60677f23c4a530867a98f22b3768"},"headline":"Anses, cu\u00e1ndo cobro: calendario de pagos del viernes 31 de marzo de 2023","datePublished":"2023-03-31T09:39:26+00:00","dateModified":"2023-03-31T09:41:59+00:00","mainEntityOfPage":{"@id":"https:\/\/diariotextual.com\/inicio\/index.php\/2023\/03\/31\/anses-cuando-cobro-calendario-de-pagos-del-viernes-31-de-marzo-de-2023\/"},"wordCount":607,"publisher":{"@id":"https:\/\/diariotextual.com\/inicio\/#organization"},"image":{"@id":"https:\/\/diariotextual.com\/inicio\/index.php\/2023\/03\/31\/anses-cuando-cobro-calendario-de-pagos-del-viernes-31-de-marzo-de-2023\/#primaryimage"},"thumbnailUrl":"https:\/\/diariotextual.com\/inicio\/wp-content\/uploads\/2018\/08\/anseslogo.jpg","articleSection":["A - ES NOTICIA (van abajo)","SOCIEDAD"],"inLanguage":"es"},{"@type":"WebPage","@id":"https:\/\/diariotextual.com\/inicio\/index.php\/2023\/03\/31\/anses-cuando-cobro-calendario-de-pagos-del-viernes-31-de-marzo-de-2023\/","url":"https:\/\/diariotextual.com\/inicio\/index.php\/2023\/03\/31\/anses-cuando-cobro-calendario-de-pagos-del-viernes-31-de-marzo-de-2023\/","name":"Anses, cu\u00e1ndo cobro: calendario de pagos del viernes 31 de marzo de 2023 - Diario Textual","isPartOf":{"@id":"https:\/\/diariotextual.com\/inicio\/#website"},"primaryImageOfPage":{"@id":"https:\/\/diariotextual.com\/inicio\/index.php\/2023\/03\/31\/anses-cuando-cobro-calendario-de-pagos-del-viernes-31-de-marzo-de-2023\/#primaryimage"},"image":{"@id":"https:\/\/diariotextual.com\/inicio\/index.php\/2023\/03\/31\/anses-cuando-cobro-calendario-de-pagos-del-viernes-31-de-marzo-de-2023\/#primaryimage"},"thumbnailUrl":"https:\/\/diariotextual.com\/inicio\/wp-content\/uploads\/2018\/08\/anseslogo.jpg","datePublished":"2023-03-31T09:39:26+00:00","dateModified":"2023-03-31T09:41:59+00:00","breadcrumb":{"@id":"https:\/\/diariotextual.com\/inicio\/index.php\/2023\/03\/31\/anses-cuando-cobro-calendario-de-pagos-del-viernes-31-de-marzo-de-2023\/#breadcrumb"},"inLanguage":"es","potentialAction":[{"@type":"ReadAction","target":["https:\/\/diariotextual.com\/inicio\/index.php\/2023\/03\/31\/anses-cuando-cobro-calendario-de-pagos-del-viernes-31-de-marzo-de-2023\/"]}]},{"@type":"ImageObject","inLanguage":"es","@id":"https:\/\/diariotextual.com\/inicio\/index.php\/2023\/03\/31\/anses-cuando-cobro-calendario-de-pagos-del-viernes-31-de-marzo-de-2023\/#primaryimage","url":"https:\/\/diariotextual.com\/inicio\/wp-content\/uploads\/2018\/08\/anseslogo.jpg","contentUrl":"https:\/\/diariotextual.com\/inicio\/wp-content\/uploads\/2018\/08\/anseslogo.jpg","width":700,"height":397},{"@type":"BreadcrumbList","@id":"https:\/\/diariotextual.com\/inicio\/index.php\/2023\/03\/31\/anses-cuando-cobro-calendario-de-pagos-del-viernes-31-de-marzo-de-2023\/#breadcrumb","itemListElement":[{"@type":"ListItem","position":1,"name":"Portada","item":"https:\/\/diariotextual.com\/inicio\/"},{"@type":"ListItem","position":2,"name":"Anses, cu\u00e1ndo cobro: calendario de pagos del viernes 31 de marzo de 2023"}]},{"@type":"WebSite","@id":"https:\/\/diariotextual.com\/inicio\/#website","url":"https:\/\/diariotextual.com\/inicio\/","name":"Diario Textual","description":"","publisher":{"@id":"https:\/\/diariotextual.com\/inicio\/#organization"},"potentialAction":[{"@type":"SearchAction","target":{"@type":"EntryPoint","urlTemplate":"https:\/\/diariotextual.com\/inicio\/?s={search_term_string}"},"query-input":{"@type":"PropertyValueSpecification","valueRequired":true,"valueName":"search_term_string"}}],"inLanguage":"es"},{"@type":"Organization","@id":"https:\/\/diariotextual.com\/inicio\/#organization","name":"Diario Textual","url":"https:\/\/diariotextual.com\/inicio\/","logo":{"@type":"ImageObject","inLanguage":"es","@id":"https:\/\/diariotextual.com\/inicio\/#\/schema\/logo\/image\/","url":"https:\/\/diariotextual.com\/inicio\/wp-content\/uploads\/2023\/05\/logotextual1.jpg","contentUrl":"https:\/\/diariotextual.com\/inicio\/wp-content\/uploads\/2023\/05\/logotextual1.jpg","width":516,"height":76,"caption":"Diario Textual"},"image":{"@id":"https:\/\/diariotextual.com\/inicio\/#\/schema\/logo\/image\/"},"sameAs":["https:\/\/www.facebook.com\/eltextual","https:\/\/x.com\/eltextual","http:\/\/www.instagram.com\/eltextual"]},{"@type":"Person","@id":"https:\/\/diariotextual.com\/inicio\/#\/schema\/person\/694f60677f23c4a530867a98f22b3768","name":"diario2","image":{"@type":"ImageObject","inLanguage":"es","@id":"https:\/\/secure.gravatar.com\/avatar\/5a2567495ba16b852fcd8f1ed006a2e24fcace936018ed8237e95f488ad6e0a7?s=96&d=mm&r=g","url":"https:\/\/secure.gravatar.com\/avatar\/5a2567495ba16b852fcd8f1ed006a2e24fcace936018ed8237e95f488ad6e0a7?s=96&d=mm&r=g","contentUrl":"https:\/\/secure.gravatar.com\/avatar\/5a2567495ba16b852fcd8f1ed006a2e24fcace936018ed8237e95f488ad6e0a7?s=96&d=mm&r=g","caption":"diario2"},"url":"https:\/\/diariotextual.com\/inicio\/index.php\/author\/diario2\/"}]}},"_links":{"self":[{"href":"https:\/\/diariotextual.com\/inicio\/index.php\/wp-json\/wp\/v2\/posts\/220652","targetHints":{"allow":["GET"]}}],"collection":[{"href":"https:\/\/diariotextual.com\/inicio\/index.php\/wp-json\/wp\/v2\/posts"}],"about":[{"href":"https:\/\/diariotextual.com\/inicio\/index.php\/wp-json\/wp\/v2\/types\/post"}],"author":[{"embeddable":true,"href":"https:\/\/diariotextual.com\/inicio\/index.php\/wp-json\/wp\/v2\/users\/4"}],"replies":[{"embeddable":true,"href":"https:\/\/diariotextual.com\/inicio\/index.php\/wp-json\/wp\/v2\/comments?post=220652"}],"version-history":[{"count":3,"href":"https:\/\/diariotextual.com\/inicio\/index.php\/wp-json\/wp\/v2\/posts\/220652\/revisions"}],"predecessor-version":[{"id":220655,"href":"https:\/\/diariotextual.com\/inicio\/index.php\/wp-json\/wp\/v2\/posts\/220652\/revisions\/220655"}],"wp:featuredmedia":[{"embeddable":true,"href":"https:\/\/diariotextual.com\/inicio\/index.php\/wp-json\/wp\/v2\/media\/16945"}],"wp:attachment":[{"href":"https:\/\/diariotextual.com\/inicio\/index.php\/wp-json\/wp\/v2\/media?parent=220652"}],"wp:term":[{"taxonomy":"category","embeddable":true,"href":"https:\/\/diariotextual.com\/inicio\/index.php\/wp-json\/wp\/v2\/categories?post=220652"},{"taxonomy":"post_tag","embeddable":true,"href":"https:\/\/diariotextual.com\/inicio\/index.php\/wp-json\/wp\/v2\/tags?post=220652"}],"curies":[{"name":"wp","href":"https:\/\/api.w.org\/{rel}","templated":true}]}}