{"id":220656,"date":"2023-03-31T06:52:57","date_gmt":"2023-03-31T09:52:57","guid":{"rendered":"https:\/\/diariotextual.com\/inicio\/?p=220656"},"modified":"2023-03-31T06:52:58","modified_gmt":"2023-03-31T09:52:58","slug":"ponchos-artesanales-pampeanos-en-la-pasarela-del-argentina-fashion-week","status":"publish","type":"post","link":"https:\/\/diariotextual.com\/inicio\/index.php\/2023\/03\/31\/ponchos-artesanales-pampeanos-en-la-pasarela-del-argentina-fashion-week\/","title":{"rendered":"Ponchos artesanales pampeanos, en la pasarela del Argentina Fashion Week"},"content":{"rendered":"\n<p>Los <strong>ponchos artesanales pampeanos <\/strong>desfilaron en la pasarela del <strong>Argentina Fashion Week<\/strong> (AFW), el encuentro de la moda m\u00e1s importante del pa\u00eds, que tuvo lugar el mi\u00e9rcoles 29 de marzo en el Palacio Paz del barrio de Retiro, en la ciudad de Buenos Aires.<\/p>\n\n\n\n<p>Los tejidos pampeanos participaron del desfile de la Asociaci\u00f3n Moda Sostenible Argentina (Amsoar), organizaci\u00f3n que promueve el trabajo de dise\u00f1adores y productores comprometidos con la sostenibilidad de la industria textil.&nbsp;<\/p>\n\n\n\n<p>Las prendas exhibidas en el Palacio fueron confeccionadas por las <strong>tejedoras Liliana Cabral, Lis Carripilon, Guillermina Cabral, N\u00e9lida Peraca, Elvira Toledano y Ana Canhu\u00e9<\/strong>, acompa\u00f1adas con <strong>zapatos de Josefina Basso y accesorios de Tamara Anaya, Natalia Berges, Laura Garc\u00eda y Daniel V\u00e1zquez.<\/strong><\/p>\n\n\n\n<p>La propuesta pampeana estuvo encabezada por la <strong>directora de Producciones Artesanales, Andrea Pombar<\/strong>, quien destac\u00f3 la importancia de difundir el trabajo de las tejedoras del oeste provincial en vidrieras nacionales como el fashion week.<\/p>\n\n\n\n<p>La Secretar\u00eda de Turismo de La Pampa asigna especial relevancia a su Mercado Artesanal y a la gesti\u00f3n de la promoci\u00f3n de las producciones artesanales representativas de las culturas abor\u00edgenes y criollas, tanto para el consumo interno como para el atractivo que configuran dentro de la oferta tur\u00edstica pampeana, tanto los tejidos como la cer\u00e1mica, la plater\u00eda, la madera tallada, el cuero tranzado y la cuchiller\u00eda.<\/p>\n\n\n\n<p>\u201cEs un orgullo poder presentar en Buenos Aires ponchos y accesorios de origen pampeano. En esta pasarela lucen de manera extraordinaria y sabemos que realmente tiene un gran sentido de promoci\u00f3n de una parte importante de nuestra cultura, de nuestro saber hacer, del trabajo de nuestras artesanas pampeanas\u201d, explic\u00f3 Pombar.<\/p>\n\n\n\n<p>\u201cEl poncho, con todo el significado cultural que tiene, realmente puede ser una prenda para utilizar en la actualidad, de forma urbana, de media tarde, de noche. Es un gran complemento en invierno como abrigo, como dise\u00f1o \u00fanico, como prenda sustentable. Eso representa para nosotros el poncho de La Pampa y queremos mostrar que no es solamente algo que puede ser utilizado en la vestimenta del gaucho sino que el hombre o la mujer moderna pueden incorporarlo con cualquier atuendo y va a lucir espl\u00e9ndido\u201d, se\u00f1al\u00f3 la responsable del Mercado Artesanal de La Pampa.<\/p>\n\n\n\n<p>La Casa de La Pampa estuvo presente a trav\u00e9s del \u00e1rea de administraci\u00f3n, encabezada por Ver\u00f3nica Ramos.<\/p>\n\n\n\n<p>Adem\u00e1s del Mercado Artesanal de La Pampa participaron de la pasarela de Amsoar <strong>las firmas Laura Cuistidiano, Meche Pereyra, Calandrelli, Cali Textil, AdnJewerly, Cosecha Vitange, y Mar\u00eda Lana y Graciela Misasi.<\/strong><\/p>\n","protected":false},"excerpt":{"rendered":"<p>Los ponchos artesanales pampeanos desfilaron en la pasarela del Argentina Fashion Week (AFW), el encuentro de la moda m\u00e1s importante del pa\u00eds, que tuvo lugar el mi\u00e9rcoles 29 de marzo&hellip;<\/p>\n","protected":false},"author":4,"featured_media":220658,"comment_status":"closed","ping_status":"open","sticky":false,"template":"","format":"standard","meta":{"_acf_changed":false,"footnotes":""},"categories":[1,2],"tags":[],"class_list":["post-220656","post","type-post","status-publish","format-standard","has-post-thumbnail","hentry","category-es-noticia","category-cultura"],"acf":[],"yoast_head":"<!-- This site is optimized with the Yoast SEO plugin v27.5 - https:\/\/yoast.com\/product\/yoast-seo-wordpress\/ -->\n<title>Ponchos artesanales pampeanos, en la pasarela del Argentina Fashion Week - Diario Textual<\/title>\n<meta name=\"robots\" content=\"index, follow, max-snippet:-1, max-image-preview:large, max-video-preview:-1\" \/>\n<link rel=\"canonical\" href=\"https:\/\/diariotextual.com\/inicio\/index.php\/2023\/03\/31\/ponchos-artesanales-pampeanos-en-la-pasarela-del-argentina-fashion-week\/\" \/>\n<meta property=\"og:locale\" content=\"es_ES\" \/>\n<meta property=\"og:type\" content=\"article\" \/>\n<meta property=\"og:title\" content=\"Ponchos artesanales pampeanos, en la pasarela del Argentina Fashion Week - Diario Textual\" \/>\n<meta property=\"og:description\" content=\"Los ponchos artesanales pampeanos desfilaron en la pasarela del Argentina Fashion Week (AFW), el encuentro de la moda m\u00e1s importante del pa\u00eds, que tuvo lugar el mi\u00e9rcoles 29 de marzo&hellip;\" \/>\n<meta property=\"og:url\" content=\"https:\/\/diariotextual.com\/inicio\/index.php\/2023\/03\/31\/ponchos-artesanales-pampeanos-en-la-pasarela-del-argentina-fashion-week\/\" \/>\n<meta property=\"og:site_name\" content=\"Diario Textual\" \/>\n<meta property=\"article:publisher\" content=\"https:\/\/www.facebook.com\/eltextual\" \/>\n<meta property=\"article:published_time\" content=\"2023-03-31T09:52:57+00:00\" \/>\n<meta property=\"article:modified_time\" content=\"2023-03-31T09:52:58+00:00\" \/>\n<meta property=\"og:image\" content=\"https:\/\/diariotextual.com\/inicio\/wp-content\/uploads\/2023\/03\/ponchospampeano642.jpg\" \/>\n\t<meta property=\"og:image:width\" content=\"900\" \/>\n\t<meta property=\"og:image:height\" content=\"507\" \/>\n\t<meta property=\"og:image:type\" content=\"image\/jpeg\" \/>\n<meta name=\"author\" content=\"diario2\" \/>\n<meta name=\"twitter:card\" content=\"summary_large_image\" \/>\n<meta name=\"twitter:creator\" content=\"@eltextual\" \/>\n<meta name=\"twitter:site\" content=\"@eltextual\" \/>\n<meta name=\"twitter:label1\" content=\"Escrito por\" \/>\n\t<meta name=\"twitter:data1\" content=\"diario2\" \/>\n\t<meta name=\"twitter:label2\" content=\"Tiempo de lectura\" \/>\n\t<meta name=\"twitter:data2\" content=\"2 minutos\" \/>\n<script type=\"application\/ld+json\" class=\"yoast-schema-graph\">{\"@context\":\"https:\\\/\\\/schema.org\",\"@graph\":[{\"@type\":\"Article\",\"@id\":\"https:\\\/\\\/diariotextual.com\\\/inicio\\\/index.php\\\/2023\\\/03\\\/31\\\/ponchos-artesanales-pampeanos-en-la-pasarela-del-argentina-fashion-week\\\/#article\",\"isPartOf\":{\"@id\":\"https:\\\/\\\/diariotextual.com\\\/inicio\\\/index.php\\\/2023\\\/03\\\/31\\\/ponchos-artesanales-pampeanos-en-la-pasarela-del-argentina-fashion-week\\\/\"},\"author\":{\"name\":\"diario2\",\"@id\":\"https:\\\/\\\/diariotextual.com\\\/inicio\\\/#\\\/schema\\\/person\\\/694f60677f23c4a530867a98f22b3768\"},\"headline\":\"Ponchos artesanales pampeanos, en la pasarela del Argentina Fashion Week\",\"datePublished\":\"2023-03-31T09:52:57+00:00\",\"dateModified\":\"2023-03-31T09:52:58+00:00\",\"mainEntityOfPage\":{\"@id\":\"https:\\\/\\\/diariotextual.com\\\/inicio\\\/index.php\\\/2023\\\/03\\\/31\\\/ponchos-artesanales-pampeanos-en-la-pasarela-del-argentina-fashion-week\\\/\"},\"wordCount\":445,\"publisher\":{\"@id\":\"https:\\\/\\\/diariotextual.com\\\/inicio\\\/#organization\"},\"image\":{\"@id\":\"https:\\\/\\\/diariotextual.com\\\/inicio\\\/index.php\\\/2023\\\/03\\\/31\\\/ponchos-artesanales-pampeanos-en-la-pasarela-del-argentina-fashion-week\\\/#primaryimage\"},\"thumbnailUrl\":\"https:\\\/\\\/diariotextual.com\\\/inicio\\\/wp-content\\\/uploads\\\/2023\\\/03\\\/ponchospampeano642.jpg\",\"articleSection\":[\"A - ES NOTICIA (van abajo)\",\"CULTURA\"],\"inLanguage\":\"es\"},{\"@type\":\"WebPage\",\"@id\":\"https:\\\/\\\/diariotextual.com\\\/inicio\\\/index.php\\\/2023\\\/03\\\/31\\\/ponchos-artesanales-pampeanos-en-la-pasarela-del-argentina-fashion-week\\\/\",\"url\":\"https:\\\/\\\/diariotextual.com\\\/inicio\\\/index.php\\\/2023\\\/03\\\/31\\\/ponchos-artesanales-pampeanos-en-la-pasarela-del-argentina-fashion-week\\\/\",\"name\":\"Ponchos artesanales pampeanos, en la pasarela del Argentina Fashion Week - Diario Textual\",\"isPartOf\":{\"@id\":\"https:\\\/\\\/diariotextual.com\\\/inicio\\\/#website\"},\"primaryImageOfPage\":{\"@id\":\"https:\\\/\\\/diariotextual.com\\\/inicio\\\/index.php\\\/2023\\\/03\\\/31\\\/ponchos-artesanales-pampeanos-en-la-pasarela-del-argentina-fashion-week\\\/#primaryimage\"},\"image\":{\"@id\":\"https:\\\/\\\/diariotextual.com\\\/inicio\\\/index.php\\\/2023\\\/03\\\/31\\\/ponchos-artesanales-pampeanos-en-la-pasarela-del-argentina-fashion-week\\\/#primaryimage\"},\"thumbnailUrl\":\"https:\\\/\\\/diariotextual.com\\\/inicio\\\/wp-content\\\/uploads\\\/2023\\\/03\\\/ponchospampeano642.jpg\",\"datePublished\":\"2023-03-31T09:52:57+00:00\",\"dateModified\":\"2023-03-31T09:52:58+00:00\",\"breadcrumb\":{\"@id\":\"https:\\\/\\\/diariotextual.com\\\/inicio\\\/index.php\\\/2023\\\/03\\\/31\\\/ponchos-artesanales-pampeanos-en-la-pasarela-del-argentina-fashion-week\\\/#breadcrumb\"},\"inLanguage\":\"es\",\"potentialAction\":[{\"@type\":\"ReadAction\",\"target\":[\"https:\\\/\\\/diariotextual.com\\\/inicio\\\/index.php\\\/2023\\\/03\\\/31\\\/ponchos-artesanales-pampeanos-en-la-pasarela-del-argentina-fashion-week\\\/\"]}]},{\"@type\":\"ImageObject\",\"inLanguage\":\"es\",\"@id\":\"https:\\\/\\\/diariotextual.com\\\/inicio\\\/index.php\\\/2023\\\/03\\\/31\\\/ponchos-artesanales-pampeanos-en-la-pasarela-del-argentina-fashion-week\\\/#primaryimage\",\"url\":\"https:\\\/\\\/diariotextual.com\\\/inicio\\\/wp-content\\\/uploads\\\/2023\\\/03\\\/ponchospampeano642.jpg\",\"contentUrl\":\"https:\\\/\\\/diariotextual.com\\\/inicio\\\/wp-content\\\/uploads\\\/2023\\\/03\\\/ponchospampeano642.jpg\",\"width\":900,\"height\":507},{\"@type\":\"BreadcrumbList\",\"@id\":\"https:\\\/\\\/diariotextual.com\\\/inicio\\\/index.php\\\/2023\\\/03\\\/31\\\/ponchos-artesanales-pampeanos-en-la-pasarela-del-argentina-fashion-week\\\/#breadcrumb\",\"itemListElement\":[{\"@type\":\"ListItem\",\"position\":1,\"name\":\"Portada\",\"item\":\"https:\\\/\\\/diariotextual.com\\\/inicio\\\/\"},{\"@type\":\"ListItem\",\"position\":2,\"name\":\"Ponchos artesanales pampeanos, en la pasarela del Argentina Fashion Week\"}]},{\"@type\":\"WebSite\",\"@id\":\"https:\\\/\\\/diariotextual.com\\\/inicio\\\/#website\",\"url\":\"https:\\\/\\\/diariotextual.com\\\/inicio\\\/\",\"name\":\"Diario Textual\",\"description\":\"\",\"publisher\":{\"@id\":\"https:\\\/\\\/diariotextual.com\\\/inicio\\\/#organization\"},\"potentialAction\":[{\"@type\":\"SearchAction\",\"target\":{\"@type\":\"EntryPoint\",\"urlTemplate\":\"https:\\\/\\\/diariotextual.com\\\/inicio\\\/?s={search_term_string}\"},\"query-input\":{\"@type\":\"PropertyValueSpecification\",\"valueRequired\":true,\"valueName\":\"search_term_string\"}}],\"inLanguage\":\"es\"},{\"@type\":\"Organization\",\"@id\":\"https:\\\/\\\/diariotextual.com\\\/inicio\\\/#organization\",\"name\":\"Diario Textual\",\"url\":\"https:\\\/\\\/diariotextual.com\\\/inicio\\\/\",\"logo\":{\"@type\":\"ImageObject\",\"inLanguage\":\"es\",\"@id\":\"https:\\\/\\\/diariotextual.com\\\/inicio\\\/#\\\/schema\\\/logo\\\/image\\\/\",\"url\":\"https:\\\/\\\/diariotextual.com\\\/inicio\\\/wp-content\\\/uploads\\\/2023\\\/05\\\/logotextual1.jpg\",\"contentUrl\":\"https:\\\/\\\/diariotextual.com\\\/inicio\\\/wp-content\\\/uploads\\\/2023\\\/05\\\/logotextual1.jpg\",\"width\":516,\"height\":76,\"caption\":\"Diario Textual\"},\"image\":{\"@id\":\"https:\\\/\\\/diariotextual.com\\\/inicio\\\/#\\\/schema\\\/logo\\\/image\\\/\"},\"sameAs\":[\"https:\\\/\\\/www.facebook.com\\\/eltextual\",\"https:\\\/\\\/x.com\\\/eltextual\",\"http:\\\/\\\/www.instagram.com\\\/eltextual\"]},{\"@type\":\"Person\",\"@id\":\"https:\\\/\\\/diariotextual.com\\\/inicio\\\/#\\\/schema\\\/person\\\/694f60677f23c4a530867a98f22b3768\",\"name\":\"diario2\",\"image\":{\"@type\":\"ImageObject\",\"inLanguage\":\"es\",\"@id\":\"https:\\\/\\\/secure.gravatar.com\\\/avatar\\\/5a2567495ba16b852fcd8f1ed006a2e24fcace936018ed8237e95f488ad6e0a7?s=96&d=mm&r=g\",\"url\":\"https:\\\/\\\/secure.gravatar.com\\\/avatar\\\/5a2567495ba16b852fcd8f1ed006a2e24fcace936018ed8237e95f488ad6e0a7?s=96&d=mm&r=g\",\"contentUrl\":\"https:\\\/\\\/secure.gravatar.com\\\/avatar\\\/5a2567495ba16b852fcd8f1ed006a2e24fcace936018ed8237e95f488ad6e0a7?s=96&d=mm&r=g\",\"caption\":\"diario2\"},\"url\":\"https:\\\/\\\/diariotextual.com\\\/inicio\\\/index.php\\\/author\\\/diario2\\\/\"}]}<\/script>\n<!-- \/ Yoast SEO plugin. -->","yoast_head_json":{"title":"Ponchos artesanales pampeanos, en la pasarela del Argentina Fashion Week - Diario Textual","robots":{"index":"index","follow":"follow","max-snippet":"max-snippet:-1","max-image-preview":"max-image-preview:large","max-video-preview":"max-video-preview:-1"},"canonical":"https:\/\/diariotextual.com\/inicio\/index.php\/2023\/03\/31\/ponchos-artesanales-pampeanos-en-la-pasarela-del-argentina-fashion-week\/","og_locale":"es_ES","og_type":"article","og_title":"Ponchos artesanales pampeanos, en la pasarela del Argentina Fashion Week - Diario Textual","og_description":"Los ponchos artesanales pampeanos desfilaron en la pasarela del Argentina Fashion Week (AFW), el encuentro de la moda m\u00e1s importante del pa\u00eds, que tuvo lugar el mi\u00e9rcoles 29 de marzo&hellip;","og_url":"https:\/\/diariotextual.com\/inicio\/index.php\/2023\/03\/31\/ponchos-artesanales-pampeanos-en-la-pasarela-del-argentina-fashion-week\/","og_site_name":"Diario Textual","article_publisher":"https:\/\/www.facebook.com\/eltextual","article_published_time":"2023-03-31T09:52:57+00:00","article_modified_time":"2023-03-31T09:52:58+00:00","og_image":[{"width":900,"height":507,"url":"https:\/\/diariotextual.com\/inicio\/wp-content\/uploads\/2023\/03\/ponchospampeano642.jpg","type":"image\/jpeg"}],"author":"diario2","twitter_card":"summary_large_image","twitter_creator":"@eltextual","twitter_site":"@eltextual","twitter_misc":{"Escrito por":"diario2","Tiempo de lectura":"2 minutos"},"schema":{"@context":"https:\/\/schema.org","@graph":[{"@type":"Article","@id":"https:\/\/diariotextual.com\/inicio\/index.php\/2023\/03\/31\/ponchos-artesanales-pampeanos-en-la-pasarela-del-argentina-fashion-week\/#article","isPartOf":{"@id":"https:\/\/diariotextual.com\/inicio\/index.php\/2023\/03\/31\/ponchos-artesanales-pampeanos-en-la-pasarela-del-argentina-fashion-week\/"},"author":{"name":"diario2","@id":"https:\/\/diariotextual.com\/inicio\/#\/schema\/person\/694f60677f23c4a530867a98f22b3768"},"headline":"Ponchos artesanales pampeanos, en la pasarela del Argentina Fashion Week","datePublished":"2023-03-31T09:52:57+00:00","dateModified":"2023-03-31T09:52:58+00:00","mainEntityOfPage":{"@id":"https:\/\/diariotextual.com\/inicio\/index.php\/2023\/03\/31\/ponchos-artesanales-pampeanos-en-la-pasarela-del-argentina-fashion-week\/"},"wordCount":445,"publisher":{"@id":"https:\/\/diariotextual.com\/inicio\/#organization"},"image":{"@id":"https:\/\/diariotextual.com\/inicio\/index.php\/2023\/03\/31\/ponchos-artesanales-pampeanos-en-la-pasarela-del-argentina-fashion-week\/#primaryimage"},"thumbnailUrl":"https:\/\/diariotextual.com\/inicio\/wp-content\/uploads\/2023\/03\/ponchospampeano642.jpg","articleSection":["A - ES NOTICIA (van abajo)","CULTURA"],"inLanguage":"es"},{"@type":"WebPage","@id":"https:\/\/diariotextual.com\/inicio\/index.php\/2023\/03\/31\/ponchos-artesanales-pampeanos-en-la-pasarela-del-argentina-fashion-week\/","url":"https:\/\/diariotextual.com\/inicio\/index.php\/2023\/03\/31\/ponchos-artesanales-pampeanos-en-la-pasarela-del-argentina-fashion-week\/","name":"Ponchos artesanales pampeanos, en la pasarela del Argentina Fashion Week - Diario Textual","isPartOf":{"@id":"https:\/\/diariotextual.com\/inicio\/#website"},"primaryImageOfPage":{"@id":"https:\/\/diariotextual.com\/inicio\/index.php\/2023\/03\/31\/ponchos-artesanales-pampeanos-en-la-pasarela-del-argentina-fashion-week\/#primaryimage"},"image":{"@id":"https:\/\/diariotextual.com\/inicio\/index.php\/2023\/03\/31\/ponchos-artesanales-pampeanos-en-la-pasarela-del-argentina-fashion-week\/#primaryimage"},"thumbnailUrl":"https:\/\/diariotextual.com\/inicio\/wp-content\/uploads\/2023\/03\/ponchospampeano642.jpg","datePublished":"2023-03-31T09:52:57+00:00","dateModified":"2023-03-31T09:52:58+00:00","breadcrumb":{"@id":"https:\/\/diariotextual.com\/inicio\/index.php\/2023\/03\/31\/ponchos-artesanales-pampeanos-en-la-pasarela-del-argentina-fashion-week\/#breadcrumb"},"inLanguage":"es","potentialAction":[{"@type":"ReadAction","target":["https:\/\/diariotextual.com\/inicio\/index.php\/2023\/03\/31\/ponchos-artesanales-pampeanos-en-la-pasarela-del-argentina-fashion-week\/"]}]},{"@type":"ImageObject","inLanguage":"es","@id":"https:\/\/diariotextual.com\/inicio\/index.php\/2023\/03\/31\/ponchos-artesanales-pampeanos-en-la-pasarela-del-argentina-fashion-week\/#primaryimage","url":"https:\/\/diariotextual.com\/inicio\/wp-content\/uploads\/2023\/03\/ponchospampeano642.jpg","contentUrl":"https:\/\/diariotextual.com\/inicio\/wp-content\/uploads\/2023\/03\/ponchospampeano642.jpg","width":900,"height":507},{"@type":"BreadcrumbList","@id":"https:\/\/diariotextual.com\/inicio\/index.php\/2023\/03\/31\/ponchos-artesanales-pampeanos-en-la-pasarela-del-argentina-fashion-week\/#breadcrumb","itemListElement":[{"@type":"ListItem","position":1,"name":"Portada","item":"https:\/\/diariotextual.com\/inicio\/"},{"@type":"ListItem","position":2,"name":"Ponchos artesanales pampeanos, en la pasarela del Argentina Fashion Week"}]},{"@type":"WebSite","@id":"https:\/\/diariotextual.com\/inicio\/#website","url":"https:\/\/diariotextual.com\/inicio\/","name":"Diario Textual","description":"","publisher":{"@id":"https:\/\/diariotextual.com\/inicio\/#organization"},"potentialAction":[{"@type":"SearchAction","target":{"@type":"EntryPoint","urlTemplate":"https:\/\/diariotextual.com\/inicio\/?s={search_term_string}"},"query-input":{"@type":"PropertyValueSpecification","valueRequired":true,"valueName":"search_term_string"}}],"inLanguage":"es"},{"@type":"Organization","@id":"https:\/\/diariotextual.com\/inicio\/#organization","name":"Diario Textual","url":"https:\/\/diariotextual.com\/inicio\/","logo":{"@type":"ImageObject","inLanguage":"es","@id":"https:\/\/diariotextual.com\/inicio\/#\/schema\/logo\/image\/","url":"https:\/\/diariotextual.com\/inicio\/wp-content\/uploads\/2023\/05\/logotextual1.jpg","contentUrl":"https:\/\/diariotextual.com\/inicio\/wp-content\/uploads\/2023\/05\/logotextual1.jpg","width":516,"height":76,"caption":"Diario Textual"},"image":{"@id":"https:\/\/diariotextual.com\/inicio\/#\/schema\/logo\/image\/"},"sameAs":["https:\/\/www.facebook.com\/eltextual","https:\/\/x.com\/eltextual","http:\/\/www.instagram.com\/eltextual"]},{"@type":"Person","@id":"https:\/\/diariotextual.com\/inicio\/#\/schema\/person\/694f60677f23c4a530867a98f22b3768","name":"diario2","image":{"@type":"ImageObject","inLanguage":"es","@id":"https:\/\/secure.gravatar.com\/avatar\/5a2567495ba16b852fcd8f1ed006a2e24fcace936018ed8237e95f488ad6e0a7?s=96&d=mm&r=g","url":"https:\/\/secure.gravatar.com\/avatar\/5a2567495ba16b852fcd8f1ed006a2e24fcace936018ed8237e95f488ad6e0a7?s=96&d=mm&r=g","contentUrl":"https:\/\/secure.gravatar.com\/avatar\/5a2567495ba16b852fcd8f1ed006a2e24fcace936018ed8237e95f488ad6e0a7?s=96&d=mm&r=g","caption":"diario2"},"url":"https:\/\/diariotextual.com\/inicio\/index.php\/author\/diario2\/"}]}},"_links":{"self":[{"href":"https:\/\/diariotextual.com\/inicio\/index.php\/wp-json\/wp\/v2\/posts\/220656","targetHints":{"allow":["GET"]}}],"collection":[{"href":"https:\/\/diariotextual.com\/inicio\/index.php\/wp-json\/wp\/v2\/posts"}],"about":[{"href":"https:\/\/diariotextual.com\/inicio\/index.php\/wp-json\/wp\/v2\/types\/post"}],"author":[{"embeddable":true,"href":"https:\/\/diariotextual.com\/inicio\/index.php\/wp-json\/wp\/v2\/users\/4"}],"replies":[{"embeddable":true,"href":"https:\/\/diariotextual.com\/inicio\/index.php\/wp-json\/wp\/v2\/comments?post=220656"}],"version-history":[{"count":2,"href":"https:\/\/diariotextual.com\/inicio\/index.php\/wp-json\/wp\/v2\/posts\/220656\/revisions"}],"predecessor-version":[{"id":220660,"href":"https:\/\/diariotextual.com\/inicio\/index.php\/wp-json\/wp\/v2\/posts\/220656\/revisions\/220660"}],"wp:featuredmedia":[{"embeddable":true,"href":"https:\/\/diariotextual.com\/inicio\/index.php\/wp-json\/wp\/v2\/media\/220658"}],"wp:attachment":[{"href":"https:\/\/diariotextual.com\/inicio\/index.php\/wp-json\/wp\/v2\/media?parent=220656"}],"wp:term":[{"taxonomy":"category","embeddable":true,"href":"https:\/\/diariotextual.com\/inicio\/index.php\/wp-json\/wp\/v2\/categories?post=220656"},{"taxonomy":"post_tag","embeddable":true,"href":"https:\/\/diariotextual.com\/inicio\/index.php\/wp-json\/wp\/v2\/tags?post=220656"}],"curies":[{"name":"wp","href":"https:\/\/api.w.org\/{rel}","templated":true}]}}