{"id":220716,"date":"2023-03-31T13:29:11","date_gmt":"2023-03-31T16:29:11","guid":{"rendered":"https:\/\/diariotextual.com\/inicio\/?p=220716"},"modified":"2023-03-31T17:35:18","modified_gmt":"2023-03-31T20:35:18","slug":"decimos-nunca-mas-pero-siempre-hay-que-estar-atentos-dijo-mariano-fernandez","status":"publish","type":"post","link":"https:\/\/diariotextual.com\/inicio\/index.php\/2023\/03\/31\/decimos-nunca-mas-pero-siempre-hay-que-estar-atentos-dijo-mariano-fernandez\/","title":{"rendered":"\u201cDecimos nunca m\u00e1s, pero siempre hay que estar atentos\u201d, dijo Mariano Fern\u00e1ndez"},"content":{"rendered":"\n<p>En el marco del mes en el que se recuerda el 24 de marzo de 1976, D\u00eda Nacional por la Memoria, Verdad y Justicia, el vicegobernador <strong>Mariano Fern\u00e1ndez recibi\u00f3 a delegaciones escolares que visitaron la Legislatura para participar de las charlas y las exposiciones fotogr\u00e1ficas<\/strong> vinculadas a esta fecha.<\/p>\n\n\n\n<p>&nbsp;\u201cEst\u00e1n ac\u00e1 porque vivimos en una democracia que nos permite hablar de todos los temas. Lo que nos pas\u00f3 cuando sufrimos la dictadura militar, todos y todas tienen que conocerlo, y est\u00e1 muy bien que nos lo cuenten desde chicos para que nunca m\u00e1s vuelva a ocurrir\u201d, expres\u00f3 Fern\u00e1ndez en la Sala de Comisiones ante alumnos de diferentes colegios.<\/p>\n\n\n\n<p>Adem\u00e1s manifest\u00f3 que, desde el inicio de su gesti\u00f3n, la C\u00e1mara siempre estuvo abierta a este tipo de actividades que sirven para mantener viva la memoria por la verdad y la justicia. \u201cDecimos Nunca M\u00e1s, pero siempre hay que estar atentos\u201d, remarc\u00f3.<\/p>\n\n\n\n<p>El departamento de Extensi\u00f3n Parlamentaria dej\u00f3 preparadas dos exposiciones fotogr\u00e1ficas, que pertenecen a la Secretar\u00eda de Derechos Humanos, destinadas a los colegios y al p\u00fablico en general y estar\u00e1n disponibles hasta el mi\u00e9rcoles de la semana pr\u00f3xima. Una es \u201cRostros de la Memoria\u201d, en la que se exhiben las im\u00e1genes de la lista completa de los desaparecidos que tuvo La Pampa. La otra, que se mont\u00f3 recientemente en el entrepiso de la instituci\u00f3n, tiene que ver con una serie de banners sobre los Juicios de la Subzona 14.<\/p>\n\n\n\n<figure class=\"wp-block-image size-full\"><img fetchpriority=\"high\" decoding=\"async\" width=\"900\" height=\"596\" src=\"https:\/\/diariotextual.com\/inicio\/wp-content\/uploads\/2023\/03\/fernandezercolicharla6748325.jpg\" alt=\"\" class=\"wp-image-220719\" srcset=\"https:\/\/diariotextual.com\/inicio\/wp-content\/uploads\/2023\/03\/fernandezercolicharla6748325.jpg 900w, https:\/\/diariotextual.com\/inicio\/wp-content\/uploads\/2023\/03\/fernandezercolicharla6748325-300x199.jpg 300w, https:\/\/diariotextual.com\/inicio\/wp-content\/uploads\/2023\/03\/fernandezercolicharla6748325-768x509.jpg 768w, https:\/\/diariotextual.com\/inicio\/wp-content\/uploads\/2023\/03\/fernandezercolicharla6748325-780x516.jpg 780w, https:\/\/diariotextual.com\/inicio\/wp-content\/uploads\/2023\/03\/fernandezercolicharla6748325-585x387.jpg 585w, https:\/\/diariotextual.com\/inicio\/wp-content\/uploads\/2023\/03\/fernandezercolicharla6748325-263x175.jpg 263w\" sizes=\"(max-width: 900px) 100vw, 900px\" \/><\/figure>\n\n\n\n<p>Tambi\u00e9n se organiz\u00f3 una serie de charlas a cargo de Franco Catalani, delegado nacional de Derechos Humanos y querellante en el juicio Subzona 14; Alejandro Osio, director de Promoci\u00f3n de Derechos Humanos; V\u00edctor Giavedoni, referente del Movimiento Popular Pampeano por los Derechos Humanos; y las v\u00edctimas Cristina \u00c9rcoli, Mariana Juncos y Mabel Ochoa.<\/p>\n\n\n\n<p>Fern\u00e1ndez pidi\u00f3 que escuchen con atenci\u00f3n a Catalani y a Cristina \u00c9rcoli. \u201cEs una compa\u00f1era de militancia que les har\u00e1 saber lo mal que la pas\u00f3 cuando dieron ese golpe de Estado atroz\u201d, duijo el vicegobernador.<\/p>\n\n\n\n<p>A su vez, record\u00f3 que \u201cno s\u00f3lo fue aquella dictadura del 76, que ya con sus atrocidades hab\u00eda comenzado en el 75, la que padecimos los argentinos, sino que tambi\u00e9n en el 55 hubo otro golpe de Estado donde en su primer intento bombardearon la Plaza de Mayo en Buenos Aires y mataron a mucha gente, entre otros, a ni\u00f1os y ni\u00f1as de la edad de ustedes que estaban visitando el lugar\u201d.<\/p>\n\n\n\n<p>Por \u00faltimo, el presidente de la Legislatura agradeci\u00f3 a los docentes que acompa\u00f1aron a los ni\u00f1os y ni\u00f1as por \u201csu compromiso al ense\u00f1arles esa parte de nuestra historia\u201d, pero tambi\u00e9n por ense\u00f1arles de otro atropello a los DD HH como es \u201cel despojo de nuestros r\u00edos\u201d.<\/p>\n","protected":false},"excerpt":{"rendered":"<p>En el marco del mes en el que se recuerda el 24 de marzo de 1976, D\u00eda Nacional por la Memoria, Verdad y Justicia, el vicegobernador Mariano Fern\u00e1ndez recibi\u00f3 a&hellip;<\/p>\n","protected":false},"author":4,"featured_media":220718,"comment_status":"closed","ping_status":"open","sticky":false,"template":"","format":"standard","meta":{"_acf_changed":false,"footnotes":""},"categories":[1,8],"tags":[],"class_list":["post-220716","post","type-post","status-publish","format-standard","has-post-thumbnail","hentry","category-es-noticia","category-politica"],"acf":[],"yoast_head":"<!-- This site is optimized with the Yoast SEO plugin v27.5 - https:\/\/yoast.com\/product\/yoast-seo-wordpress\/ -->\n<title>\u201cDecimos nunca m\u00e1s, pero siempre hay que estar atentos\u201d, dijo Mariano Fern\u00e1ndez - Diario Textual<\/title>\n<meta name=\"robots\" content=\"index, follow, max-snippet:-1, max-image-preview:large, max-video-preview:-1\" \/>\n<link rel=\"canonical\" href=\"https:\/\/diariotextual.com\/inicio\/index.php\/2023\/03\/31\/decimos-nunca-mas-pero-siempre-hay-que-estar-atentos-dijo-mariano-fernandez\/\" \/>\n<meta property=\"og:locale\" content=\"es_ES\" \/>\n<meta property=\"og:type\" content=\"article\" \/>\n<meta property=\"og:title\" content=\"\u201cDecimos nunca m\u00e1s, pero siempre hay que estar atentos\u201d, dijo Mariano Fern\u00e1ndez - Diario Textual\" \/>\n<meta property=\"og:description\" content=\"En el marco del mes en el que se recuerda el 24 de marzo de 1976, D\u00eda Nacional por la Memoria, Verdad y Justicia, el vicegobernador Mariano Fern\u00e1ndez recibi\u00f3 a&hellip;\" \/>\n<meta property=\"og:url\" content=\"https:\/\/diariotextual.com\/inicio\/index.php\/2023\/03\/31\/decimos-nunca-mas-pero-siempre-hay-que-estar-atentos-dijo-mariano-fernandez\/\" \/>\n<meta property=\"og:site_name\" content=\"Diario Textual\" \/>\n<meta property=\"article:publisher\" content=\"https:\/\/www.facebook.com\/eltextual\" \/>\n<meta property=\"article:published_time\" content=\"2023-03-31T16:29:11+00:00\" \/>\n<meta property=\"article:modified_time\" content=\"2023-03-31T20:35:18+00:00\" \/>\n<meta property=\"og:image\" content=\"https:\/\/diariotextual.com\/inicio\/wp-content\/uploads\/2023\/03\/fernandezmarianocharlamemoria4.jpg\" \/>\n\t<meta property=\"og:image:width\" content=\"900\" \/>\n\t<meta property=\"og:image:height\" content=\"528\" \/>\n\t<meta property=\"og:image:type\" content=\"image\/jpeg\" \/>\n<meta name=\"author\" content=\"diario2\" \/>\n<meta name=\"twitter:card\" content=\"summary_large_image\" \/>\n<meta name=\"twitter:creator\" content=\"@eltextual\" \/>\n<meta name=\"twitter:site\" content=\"@eltextual\" \/>\n<meta name=\"twitter:label1\" content=\"Escrito por\" \/>\n\t<meta name=\"twitter:data1\" content=\"diario2\" \/>\n\t<meta name=\"twitter:label2\" content=\"Tiempo de lectura\" \/>\n\t<meta name=\"twitter:data2\" content=\"3 minutos\" \/>\n<script type=\"application\/ld+json\" class=\"yoast-schema-graph\">{\"@context\":\"https:\\\/\\\/schema.org\",\"@graph\":[{\"@type\":\"Article\",\"@id\":\"https:\\\/\\\/diariotextual.com\\\/inicio\\\/index.php\\\/2023\\\/03\\\/31\\\/decimos-nunca-mas-pero-siempre-hay-que-estar-atentos-dijo-mariano-fernandez\\\/#article\",\"isPartOf\":{\"@id\":\"https:\\\/\\\/diariotextual.com\\\/inicio\\\/index.php\\\/2023\\\/03\\\/31\\\/decimos-nunca-mas-pero-siempre-hay-que-estar-atentos-dijo-mariano-fernandez\\\/\"},\"author\":{\"name\":\"diario2\",\"@id\":\"https:\\\/\\\/diariotextual.com\\\/inicio\\\/#\\\/schema\\\/person\\\/694f60677f23c4a530867a98f22b3768\"},\"headline\":\"\u201cDecimos nunca m\u00e1s, pero siempre hay que estar atentos\u201d, dijo Mariano Fern\u00e1ndez\",\"datePublished\":\"2023-03-31T16:29:11+00:00\",\"dateModified\":\"2023-03-31T20:35:18+00:00\",\"mainEntityOfPage\":{\"@id\":\"https:\\\/\\\/diariotextual.com\\\/inicio\\\/index.php\\\/2023\\\/03\\\/31\\\/decimos-nunca-mas-pero-siempre-hay-que-estar-atentos-dijo-mariano-fernandez\\\/\"},\"wordCount\":491,\"publisher\":{\"@id\":\"https:\\\/\\\/diariotextual.com\\\/inicio\\\/#organization\"},\"image\":{\"@id\":\"https:\\\/\\\/diariotextual.com\\\/inicio\\\/index.php\\\/2023\\\/03\\\/31\\\/decimos-nunca-mas-pero-siempre-hay-que-estar-atentos-dijo-mariano-fernandez\\\/#primaryimage\"},\"thumbnailUrl\":\"https:\\\/\\\/diariotextual.com\\\/inicio\\\/wp-content\\\/uploads\\\/2023\\\/03\\\/fernandezmarianocharlamemoria4.jpg\",\"articleSection\":[\"A - ES NOTICIA (van abajo)\",\"POLITICA\"],\"inLanguage\":\"es\"},{\"@type\":\"WebPage\",\"@id\":\"https:\\\/\\\/diariotextual.com\\\/inicio\\\/index.php\\\/2023\\\/03\\\/31\\\/decimos-nunca-mas-pero-siempre-hay-que-estar-atentos-dijo-mariano-fernandez\\\/\",\"url\":\"https:\\\/\\\/diariotextual.com\\\/inicio\\\/index.php\\\/2023\\\/03\\\/31\\\/decimos-nunca-mas-pero-siempre-hay-que-estar-atentos-dijo-mariano-fernandez\\\/\",\"name\":\"\u201cDecimos nunca m\u00e1s, pero siempre hay que estar atentos\u201d, dijo Mariano Fern\u00e1ndez - Diario Textual\",\"isPartOf\":{\"@id\":\"https:\\\/\\\/diariotextual.com\\\/inicio\\\/#website\"},\"primaryImageOfPage\":{\"@id\":\"https:\\\/\\\/diariotextual.com\\\/inicio\\\/index.php\\\/2023\\\/03\\\/31\\\/decimos-nunca-mas-pero-siempre-hay-que-estar-atentos-dijo-mariano-fernandez\\\/#primaryimage\"},\"image\":{\"@id\":\"https:\\\/\\\/diariotextual.com\\\/inicio\\\/index.php\\\/2023\\\/03\\\/31\\\/decimos-nunca-mas-pero-siempre-hay-que-estar-atentos-dijo-mariano-fernandez\\\/#primaryimage\"},\"thumbnailUrl\":\"https:\\\/\\\/diariotextual.com\\\/inicio\\\/wp-content\\\/uploads\\\/2023\\\/03\\\/fernandezmarianocharlamemoria4.jpg\",\"datePublished\":\"2023-03-31T16:29:11+00:00\",\"dateModified\":\"2023-03-31T20:35:18+00:00\",\"breadcrumb\":{\"@id\":\"https:\\\/\\\/diariotextual.com\\\/inicio\\\/index.php\\\/2023\\\/03\\\/31\\\/decimos-nunca-mas-pero-siempre-hay-que-estar-atentos-dijo-mariano-fernandez\\\/#breadcrumb\"},\"inLanguage\":\"es\",\"potentialAction\":[{\"@type\":\"ReadAction\",\"target\":[\"https:\\\/\\\/diariotextual.com\\\/inicio\\\/index.php\\\/2023\\\/03\\\/31\\\/decimos-nunca-mas-pero-siempre-hay-que-estar-atentos-dijo-mariano-fernandez\\\/\"]}]},{\"@type\":\"ImageObject\",\"inLanguage\":\"es\",\"@id\":\"https:\\\/\\\/diariotextual.com\\\/inicio\\\/index.php\\\/2023\\\/03\\\/31\\\/decimos-nunca-mas-pero-siempre-hay-que-estar-atentos-dijo-mariano-fernandez\\\/#primaryimage\",\"url\":\"https:\\\/\\\/diariotextual.com\\\/inicio\\\/wp-content\\\/uploads\\\/2023\\\/03\\\/fernandezmarianocharlamemoria4.jpg\",\"contentUrl\":\"https:\\\/\\\/diariotextual.com\\\/inicio\\\/wp-content\\\/uploads\\\/2023\\\/03\\\/fernandezmarianocharlamemoria4.jpg\",\"width\":900,\"height\":528},{\"@type\":\"BreadcrumbList\",\"@id\":\"https:\\\/\\\/diariotextual.com\\\/inicio\\\/index.php\\\/2023\\\/03\\\/31\\\/decimos-nunca-mas-pero-siempre-hay-que-estar-atentos-dijo-mariano-fernandez\\\/#breadcrumb\",\"itemListElement\":[{\"@type\":\"ListItem\",\"position\":1,\"name\":\"Portada\",\"item\":\"https:\\\/\\\/diariotextual.com\\\/inicio\\\/\"},{\"@type\":\"ListItem\",\"position\":2,\"name\":\"\u201cDecimos nunca m\u00e1s, pero siempre hay que estar atentos\u201d, dijo Mariano Fern\u00e1ndez\"}]},{\"@type\":\"WebSite\",\"@id\":\"https:\\\/\\\/diariotextual.com\\\/inicio\\\/#website\",\"url\":\"https:\\\/\\\/diariotextual.com\\\/inicio\\\/\",\"name\":\"Diario Textual\",\"description\":\"\",\"publisher\":{\"@id\":\"https:\\\/\\\/diariotextual.com\\\/inicio\\\/#organization\"},\"potentialAction\":[{\"@type\":\"SearchAction\",\"target\":{\"@type\":\"EntryPoint\",\"urlTemplate\":\"https:\\\/\\\/diariotextual.com\\\/inicio\\\/?s={search_term_string}\"},\"query-input\":{\"@type\":\"PropertyValueSpecification\",\"valueRequired\":true,\"valueName\":\"search_term_string\"}}],\"inLanguage\":\"es\"},{\"@type\":\"Organization\",\"@id\":\"https:\\\/\\\/diariotextual.com\\\/inicio\\\/#organization\",\"name\":\"Diario Textual\",\"url\":\"https:\\\/\\\/diariotextual.com\\\/inicio\\\/\",\"logo\":{\"@type\":\"ImageObject\",\"inLanguage\":\"es\",\"@id\":\"https:\\\/\\\/diariotextual.com\\\/inicio\\\/#\\\/schema\\\/logo\\\/image\\\/\",\"url\":\"https:\\\/\\\/diariotextual.com\\\/inicio\\\/wp-content\\\/uploads\\\/2023\\\/05\\\/logotextual1.jpg\",\"contentUrl\":\"https:\\\/\\\/diariotextual.com\\\/inicio\\\/wp-content\\\/uploads\\\/2023\\\/05\\\/logotextual1.jpg\",\"width\":516,\"height\":76,\"caption\":\"Diario Textual\"},\"image\":{\"@id\":\"https:\\\/\\\/diariotextual.com\\\/inicio\\\/#\\\/schema\\\/logo\\\/image\\\/\"},\"sameAs\":[\"https:\\\/\\\/www.facebook.com\\\/eltextual\",\"https:\\\/\\\/x.com\\\/eltextual\",\"http:\\\/\\\/www.instagram.com\\\/eltextual\"]},{\"@type\":\"Person\",\"@id\":\"https:\\\/\\\/diariotextual.com\\\/inicio\\\/#\\\/schema\\\/person\\\/694f60677f23c4a530867a98f22b3768\",\"name\":\"diario2\",\"image\":{\"@type\":\"ImageObject\",\"inLanguage\":\"es\",\"@id\":\"https:\\\/\\\/secure.gravatar.com\\\/avatar\\\/5a2567495ba16b852fcd8f1ed006a2e24fcace936018ed8237e95f488ad6e0a7?s=96&d=mm&r=g\",\"url\":\"https:\\\/\\\/secure.gravatar.com\\\/avatar\\\/5a2567495ba16b852fcd8f1ed006a2e24fcace936018ed8237e95f488ad6e0a7?s=96&d=mm&r=g\",\"contentUrl\":\"https:\\\/\\\/secure.gravatar.com\\\/avatar\\\/5a2567495ba16b852fcd8f1ed006a2e24fcace936018ed8237e95f488ad6e0a7?s=96&d=mm&r=g\",\"caption\":\"diario2\"},\"url\":\"https:\\\/\\\/diariotextual.com\\\/inicio\\\/index.php\\\/author\\\/diario2\\\/\"}]}<\/script>\n<!-- \/ Yoast SEO plugin. -->","yoast_head_json":{"title":"\u201cDecimos nunca m\u00e1s, pero siempre hay que estar atentos\u201d, dijo Mariano Fern\u00e1ndez - Diario Textual","robots":{"index":"index","follow":"follow","max-snippet":"max-snippet:-1","max-image-preview":"max-image-preview:large","max-video-preview":"max-video-preview:-1"},"canonical":"https:\/\/diariotextual.com\/inicio\/index.php\/2023\/03\/31\/decimos-nunca-mas-pero-siempre-hay-que-estar-atentos-dijo-mariano-fernandez\/","og_locale":"es_ES","og_type":"article","og_title":"\u201cDecimos nunca m\u00e1s, pero siempre hay que estar atentos\u201d, dijo Mariano Fern\u00e1ndez - Diario Textual","og_description":"En el marco del mes en el que se recuerda el 24 de marzo de 1976, D\u00eda Nacional por la Memoria, Verdad y Justicia, el vicegobernador Mariano Fern\u00e1ndez recibi\u00f3 a&hellip;","og_url":"https:\/\/diariotextual.com\/inicio\/index.php\/2023\/03\/31\/decimos-nunca-mas-pero-siempre-hay-que-estar-atentos-dijo-mariano-fernandez\/","og_site_name":"Diario Textual","article_publisher":"https:\/\/www.facebook.com\/eltextual","article_published_time":"2023-03-31T16:29:11+00:00","article_modified_time":"2023-03-31T20:35:18+00:00","og_image":[{"width":900,"height":528,"url":"https:\/\/diariotextual.com\/inicio\/wp-content\/uploads\/2023\/03\/fernandezmarianocharlamemoria4.jpg","type":"image\/jpeg"}],"author":"diario2","twitter_card":"summary_large_image","twitter_creator":"@eltextual","twitter_site":"@eltextual","twitter_misc":{"Escrito por":"diario2","Tiempo de lectura":"3 minutos"},"schema":{"@context":"https:\/\/schema.org","@graph":[{"@type":"Article","@id":"https:\/\/diariotextual.com\/inicio\/index.php\/2023\/03\/31\/decimos-nunca-mas-pero-siempre-hay-que-estar-atentos-dijo-mariano-fernandez\/#article","isPartOf":{"@id":"https:\/\/diariotextual.com\/inicio\/index.php\/2023\/03\/31\/decimos-nunca-mas-pero-siempre-hay-que-estar-atentos-dijo-mariano-fernandez\/"},"author":{"name":"diario2","@id":"https:\/\/diariotextual.com\/inicio\/#\/schema\/person\/694f60677f23c4a530867a98f22b3768"},"headline":"\u201cDecimos nunca m\u00e1s, pero siempre hay que estar atentos\u201d, dijo Mariano Fern\u00e1ndez","datePublished":"2023-03-31T16:29:11+00:00","dateModified":"2023-03-31T20:35:18+00:00","mainEntityOfPage":{"@id":"https:\/\/diariotextual.com\/inicio\/index.php\/2023\/03\/31\/decimos-nunca-mas-pero-siempre-hay-que-estar-atentos-dijo-mariano-fernandez\/"},"wordCount":491,"publisher":{"@id":"https:\/\/diariotextual.com\/inicio\/#organization"},"image":{"@id":"https:\/\/diariotextual.com\/inicio\/index.php\/2023\/03\/31\/decimos-nunca-mas-pero-siempre-hay-que-estar-atentos-dijo-mariano-fernandez\/#primaryimage"},"thumbnailUrl":"https:\/\/diariotextual.com\/inicio\/wp-content\/uploads\/2023\/03\/fernandezmarianocharlamemoria4.jpg","articleSection":["A - ES NOTICIA (van abajo)","POLITICA"],"inLanguage":"es"},{"@type":"WebPage","@id":"https:\/\/diariotextual.com\/inicio\/index.php\/2023\/03\/31\/decimos-nunca-mas-pero-siempre-hay-que-estar-atentos-dijo-mariano-fernandez\/","url":"https:\/\/diariotextual.com\/inicio\/index.php\/2023\/03\/31\/decimos-nunca-mas-pero-siempre-hay-que-estar-atentos-dijo-mariano-fernandez\/","name":"\u201cDecimos nunca m\u00e1s, pero siempre hay que estar atentos\u201d, dijo Mariano Fern\u00e1ndez - Diario Textual","isPartOf":{"@id":"https:\/\/diariotextual.com\/inicio\/#website"},"primaryImageOfPage":{"@id":"https:\/\/diariotextual.com\/inicio\/index.php\/2023\/03\/31\/decimos-nunca-mas-pero-siempre-hay-que-estar-atentos-dijo-mariano-fernandez\/#primaryimage"},"image":{"@id":"https:\/\/diariotextual.com\/inicio\/index.php\/2023\/03\/31\/decimos-nunca-mas-pero-siempre-hay-que-estar-atentos-dijo-mariano-fernandez\/#primaryimage"},"thumbnailUrl":"https:\/\/diariotextual.com\/inicio\/wp-content\/uploads\/2023\/03\/fernandezmarianocharlamemoria4.jpg","datePublished":"2023-03-31T16:29:11+00:00","dateModified":"2023-03-31T20:35:18+00:00","breadcrumb":{"@id":"https:\/\/diariotextual.com\/inicio\/index.php\/2023\/03\/31\/decimos-nunca-mas-pero-siempre-hay-que-estar-atentos-dijo-mariano-fernandez\/#breadcrumb"},"inLanguage":"es","potentialAction":[{"@type":"ReadAction","target":["https:\/\/diariotextual.com\/inicio\/index.php\/2023\/03\/31\/decimos-nunca-mas-pero-siempre-hay-que-estar-atentos-dijo-mariano-fernandez\/"]}]},{"@type":"ImageObject","inLanguage":"es","@id":"https:\/\/diariotextual.com\/inicio\/index.php\/2023\/03\/31\/decimos-nunca-mas-pero-siempre-hay-que-estar-atentos-dijo-mariano-fernandez\/#primaryimage","url":"https:\/\/diariotextual.com\/inicio\/wp-content\/uploads\/2023\/03\/fernandezmarianocharlamemoria4.jpg","contentUrl":"https:\/\/diariotextual.com\/inicio\/wp-content\/uploads\/2023\/03\/fernandezmarianocharlamemoria4.jpg","width":900,"height":528},{"@type":"BreadcrumbList","@id":"https:\/\/diariotextual.com\/inicio\/index.php\/2023\/03\/31\/decimos-nunca-mas-pero-siempre-hay-que-estar-atentos-dijo-mariano-fernandez\/#breadcrumb","itemListElement":[{"@type":"ListItem","position":1,"name":"Portada","item":"https:\/\/diariotextual.com\/inicio\/"},{"@type":"ListItem","position":2,"name":"\u201cDecimos nunca m\u00e1s, pero siempre hay que estar atentos\u201d, dijo Mariano Fern\u00e1ndez"}]},{"@type":"WebSite","@id":"https:\/\/diariotextual.com\/inicio\/#website","url":"https:\/\/diariotextual.com\/inicio\/","name":"Diario Textual","description":"","publisher":{"@id":"https:\/\/diariotextual.com\/inicio\/#organization"},"potentialAction":[{"@type":"SearchAction","target":{"@type":"EntryPoint","urlTemplate":"https:\/\/diariotextual.com\/inicio\/?s={search_term_string}"},"query-input":{"@type":"PropertyValueSpecification","valueRequired":true,"valueName":"search_term_string"}}],"inLanguage":"es"},{"@type":"Organization","@id":"https:\/\/diariotextual.com\/inicio\/#organization","name":"Diario Textual","url":"https:\/\/diariotextual.com\/inicio\/","logo":{"@type":"ImageObject","inLanguage":"es","@id":"https:\/\/diariotextual.com\/inicio\/#\/schema\/logo\/image\/","url":"https:\/\/diariotextual.com\/inicio\/wp-content\/uploads\/2023\/05\/logotextual1.jpg","contentUrl":"https:\/\/diariotextual.com\/inicio\/wp-content\/uploads\/2023\/05\/logotextual1.jpg","width":516,"height":76,"caption":"Diario Textual"},"image":{"@id":"https:\/\/diariotextual.com\/inicio\/#\/schema\/logo\/image\/"},"sameAs":["https:\/\/www.facebook.com\/eltextual","https:\/\/x.com\/eltextual","http:\/\/www.instagram.com\/eltextual"]},{"@type":"Person","@id":"https:\/\/diariotextual.com\/inicio\/#\/schema\/person\/694f60677f23c4a530867a98f22b3768","name":"diario2","image":{"@type":"ImageObject","inLanguage":"es","@id":"https:\/\/secure.gravatar.com\/avatar\/5a2567495ba16b852fcd8f1ed006a2e24fcace936018ed8237e95f488ad6e0a7?s=96&d=mm&r=g","url":"https:\/\/secure.gravatar.com\/avatar\/5a2567495ba16b852fcd8f1ed006a2e24fcace936018ed8237e95f488ad6e0a7?s=96&d=mm&r=g","contentUrl":"https:\/\/secure.gravatar.com\/avatar\/5a2567495ba16b852fcd8f1ed006a2e24fcace936018ed8237e95f488ad6e0a7?s=96&d=mm&r=g","caption":"diario2"},"url":"https:\/\/diariotextual.com\/inicio\/index.php\/author\/diario2\/"}]}},"_links":{"self":[{"href":"https:\/\/diariotextual.com\/inicio\/index.php\/wp-json\/wp\/v2\/posts\/220716","targetHints":{"allow":["GET"]}}],"collection":[{"href":"https:\/\/diariotextual.com\/inicio\/index.php\/wp-json\/wp\/v2\/posts"}],"about":[{"href":"https:\/\/diariotextual.com\/inicio\/index.php\/wp-json\/wp\/v2\/types\/post"}],"author":[{"embeddable":true,"href":"https:\/\/diariotextual.com\/inicio\/index.php\/wp-json\/wp\/v2\/users\/4"}],"replies":[{"embeddable":true,"href":"https:\/\/diariotextual.com\/inicio\/index.php\/wp-json\/wp\/v2\/comments?post=220716"}],"version-history":[{"count":1,"href":"https:\/\/diariotextual.com\/inicio\/index.php\/wp-json\/wp\/v2\/posts\/220716\/revisions"}],"predecessor-version":[{"id":220720,"href":"https:\/\/diariotextual.com\/inicio\/index.php\/wp-json\/wp\/v2\/posts\/220716\/revisions\/220720"}],"wp:featuredmedia":[{"embeddable":true,"href":"https:\/\/diariotextual.com\/inicio\/index.php\/wp-json\/wp\/v2\/media\/220718"}],"wp:attachment":[{"href":"https:\/\/diariotextual.com\/inicio\/index.php\/wp-json\/wp\/v2\/media?parent=220716"}],"wp:term":[{"taxonomy":"category","embeddable":true,"href":"https:\/\/diariotextual.com\/inicio\/index.php\/wp-json\/wp\/v2\/categories?post=220716"},{"taxonomy":"post_tag","embeddable":true,"href":"https:\/\/diariotextual.com\/inicio\/index.php\/wp-json\/wp\/v2\/tags?post=220716"}],"curies":[{"name":"wp","href":"https:\/\/api.w.org\/{rel}","templated":true}]}}