{"id":220925,"date":"2023-04-03T13:45:44","date_gmt":"2023-04-03T16:45:44","guid":{"rendered":"https:\/\/diariotextual.com\/inicio\/?p=220925"},"modified":"2023-04-03T13:45:46","modified_gmt":"2023-04-03T16:45:46","slug":"liberaron-a-marcelo-corazza-acusado-por-corrupcion-de-menores-fue-procesado-sin-preventiva","status":"publish","type":"post","link":"https:\/\/diariotextual.com\/inicio\/index.php\/2023\/04\/03\/liberaron-a-marcelo-corazza-acusado-por-corrupcion-de-menores-fue-procesado-sin-preventiva\/","title":{"rendered":"Liberaron a Marcelo Corazza, acusado por corrupci\u00f3n de menores: fue procesado sin preventiva"},"content":{"rendered":"\n<p>El ganador de Gran Hermano 2001, <strong>Marcelo Corazza<\/strong>, fue liberado luego de que el juez de instrucci\u00f3n Havier S\u00e1nchez Sarmiento lo procesara sin prisi\u00f3n preventiva. Hab\u00eda sido detenido por abuso y corrupci\u00f3n de menores.<\/p>\n\n\n\n<p><strong>Corazza fue procesado por corrupci\u00f3n de menores y exhibiciones obscenas, y embargado en 2 millones de pesos. <\/strong>Estaba detenido hace varios d\u00edas en el penal de Ezeiza luego de la denuncia que hicieron dos j\u00f3venes en octubre del a\u00f1o pasado.<\/p>\n\n\n\n<p>En cambio, el juez s\u00ed proces\u00f3 y por delitos m\u00e1s graves a Francisco Angelotti, Andr\u00e9s Charpenet y Ra\u00fal Ignacio Mermet. El primero de ellos fue quien le present\u00f3 a Corazza al menor que dio inicio a la causa en octubre del a\u00f1o pasado.<\/p>\n\n\n\n<p>Angelotti, Charpenet y Mermet fueron procesados con prisi\u00f3n preventiva por los delitos de asociaci\u00f3n il\u00edcita, trata de personas agravada por la cantidad de v\u00edctimas y que son menores de 18 a\u00f1os as\u00ed como la situaci\u00f3n de vulnerabilidad que atravesaban; abuso sexual con acceso carnal y promoci\u00f3n de la pornograf\u00eda.<\/p>\n\n\n\n<p>Seg\u00fan la denuncia original de dos j\u00f3venes, los hechos de abuso comenzaron en 1999 y a lo largo de los meses fueron 11 las v\u00edctimas identificadas por el juzgado. Algunas de ellas prestaron declaraci\u00f3n testimonial y otras no.<\/p>\n\n\n\n<p>Adem\u00e1s, el juez S\u00e1nchez Sarmiento orden\u00f3 allanamientos y detenciones luego de escuchas telef\u00f3nicas que dieran cuenta que los delitos se segu\u00edan sucediendo, por eso la vigencia de la investigaci\u00f3n a pesar del largo paso del tiempo desde los primeros hechos.<\/p>\n\n\n\n<p>Respecto a Corazza, la denuncia de un menor entonces de 14 a\u00f1os es que Angelotti le present\u00f3 a Corazza, y \u00e9ste en su veh\u00edculo se desnud\u00f3 frente a aquel y se masturb\u00f3. Por eso, el delito de exhibiciones obscenas por la cual lo proces\u00f3 el juzgado.<\/p>\n","protected":false},"excerpt":{"rendered":"<p>El ganador de Gran Hermano 2001, Marcelo Corazza, fue liberado luego de que el juez de instrucci\u00f3n Havier S\u00e1nchez Sarmiento lo procesara sin prisi\u00f3n preventiva. Hab\u00eda sido detenido por abuso&hellip;<\/p>\n","protected":false},"author":4,"featured_media":219717,"comment_status":"closed","ping_status":"open","sticky":false,"template":"","format":"standard","meta":{"_acf_changed":false,"footnotes":""},"categories":[1,12],"tags":[],"class_list":["post-220925","post","type-post","status-publish","format-standard","has-post-thumbnail","hentry","category-es-noticia","category-sociedad"],"acf":[],"yoast_head":"<!-- This site is optimized with the Yoast SEO plugin v27.5 - https:\/\/yoast.com\/product\/yoast-seo-wordpress\/ -->\n<title>Liberaron a Marcelo Corazza, acusado por corrupci\u00f3n de menores: fue procesado sin preventiva - Diario Textual<\/title>\n<meta name=\"robots\" content=\"index, follow, max-snippet:-1, max-image-preview:large, max-video-preview:-1\" \/>\n<link rel=\"canonical\" href=\"https:\/\/diariotextual.com\/inicio\/index.php\/2023\/04\/03\/liberaron-a-marcelo-corazza-acusado-por-corrupcion-de-menores-fue-procesado-sin-preventiva\/\" \/>\n<meta property=\"og:locale\" content=\"es_ES\" \/>\n<meta property=\"og:type\" content=\"article\" \/>\n<meta property=\"og:title\" content=\"Liberaron a Marcelo Corazza, acusado por corrupci\u00f3n de menores: fue procesado sin preventiva - Diario Textual\" \/>\n<meta property=\"og:description\" content=\"El ganador de Gran Hermano 2001, Marcelo Corazza, fue liberado luego de que el juez de instrucci\u00f3n Havier S\u00e1nchez Sarmiento lo procesara sin prisi\u00f3n preventiva. Hab\u00eda sido detenido por abuso&hellip;\" \/>\n<meta property=\"og:url\" content=\"https:\/\/diariotextual.com\/inicio\/index.php\/2023\/04\/03\/liberaron-a-marcelo-corazza-acusado-por-corrupcion-de-menores-fue-procesado-sin-preventiva\/\" \/>\n<meta property=\"og:site_name\" content=\"Diario Textual\" \/>\n<meta property=\"article:publisher\" content=\"https:\/\/www.facebook.com\/eltextual\" \/>\n<meta property=\"article:published_time\" content=\"2023-04-03T16:45:44+00:00\" \/>\n<meta property=\"article:modified_time\" content=\"2023-04-03T16:45:46+00:00\" \/>\n<meta property=\"og:image\" content=\"https:\/\/diariotextual.com\/inicio\/wp-content\/uploads\/2023\/03\/angelottifranciscocasocorazzatelam2023-1.png\" \/>\n\t<meta property=\"og:image:width\" content=\"865\" \/>\n\t<meta property=\"og:image:height\" content=\"483\" \/>\n\t<meta property=\"og:image:type\" content=\"image\/png\" \/>\n<meta name=\"author\" content=\"diario2\" \/>\n<meta name=\"twitter:card\" content=\"summary_large_image\" \/>\n<meta name=\"twitter:creator\" content=\"@eltextual\" \/>\n<meta name=\"twitter:site\" content=\"@eltextual\" \/>\n<meta name=\"twitter:label1\" content=\"Escrito por\" \/>\n\t<meta name=\"twitter:data1\" content=\"diario2\" \/>\n\t<meta name=\"twitter:label2\" content=\"Tiempo de lectura\" \/>\n\t<meta name=\"twitter:data2\" content=\"2 minutos\" \/>\n<script type=\"application\/ld+json\" class=\"yoast-schema-graph\">{\"@context\":\"https:\\\/\\\/schema.org\",\"@graph\":[{\"@type\":\"Article\",\"@id\":\"https:\\\/\\\/diariotextual.com\\\/inicio\\\/index.php\\\/2023\\\/04\\\/03\\\/liberaron-a-marcelo-corazza-acusado-por-corrupcion-de-menores-fue-procesado-sin-preventiva\\\/#article\",\"isPartOf\":{\"@id\":\"https:\\\/\\\/diariotextual.com\\\/inicio\\\/index.php\\\/2023\\\/04\\\/03\\\/liberaron-a-marcelo-corazza-acusado-por-corrupcion-de-menores-fue-procesado-sin-preventiva\\\/\"},\"author\":{\"name\":\"diario2\",\"@id\":\"https:\\\/\\\/diariotextual.com\\\/inicio\\\/#\\\/schema\\\/person\\\/694f60677f23c4a530867a98f22b3768\"},\"headline\":\"Liberaron a Marcelo Corazza, acusado por corrupci\u00f3n de menores: fue procesado sin preventiva\",\"datePublished\":\"2023-04-03T16:45:44+00:00\",\"dateModified\":\"2023-04-03T16:45:46+00:00\",\"mainEntityOfPage\":{\"@id\":\"https:\\\/\\\/diariotextual.com\\\/inicio\\\/index.php\\\/2023\\\/04\\\/03\\\/liberaron-a-marcelo-corazza-acusado-por-corrupcion-de-menores-fue-procesado-sin-preventiva\\\/\"},\"wordCount\":330,\"publisher\":{\"@id\":\"https:\\\/\\\/diariotextual.com\\\/inicio\\\/#organization\"},\"image\":{\"@id\":\"https:\\\/\\\/diariotextual.com\\\/inicio\\\/index.php\\\/2023\\\/04\\\/03\\\/liberaron-a-marcelo-corazza-acusado-por-corrupcion-de-menores-fue-procesado-sin-preventiva\\\/#primaryimage\"},\"thumbnailUrl\":\"https:\\\/\\\/diariotextual.com\\\/inicio\\\/wp-content\\\/uploads\\\/2023\\\/03\\\/angelottifranciscocasocorazzatelam2023-1.png\",\"articleSection\":[\"A - ES NOTICIA (van abajo)\",\"SOCIEDAD\"],\"inLanguage\":\"es\"},{\"@type\":\"WebPage\",\"@id\":\"https:\\\/\\\/diariotextual.com\\\/inicio\\\/index.php\\\/2023\\\/04\\\/03\\\/liberaron-a-marcelo-corazza-acusado-por-corrupcion-de-menores-fue-procesado-sin-preventiva\\\/\",\"url\":\"https:\\\/\\\/diariotextual.com\\\/inicio\\\/index.php\\\/2023\\\/04\\\/03\\\/liberaron-a-marcelo-corazza-acusado-por-corrupcion-de-menores-fue-procesado-sin-preventiva\\\/\",\"name\":\"Liberaron a Marcelo Corazza, acusado por corrupci\u00f3n de menores: fue procesado sin preventiva - Diario Textual\",\"isPartOf\":{\"@id\":\"https:\\\/\\\/diariotextual.com\\\/inicio\\\/#website\"},\"primaryImageOfPage\":{\"@id\":\"https:\\\/\\\/diariotextual.com\\\/inicio\\\/index.php\\\/2023\\\/04\\\/03\\\/liberaron-a-marcelo-corazza-acusado-por-corrupcion-de-menores-fue-procesado-sin-preventiva\\\/#primaryimage\"},\"image\":{\"@id\":\"https:\\\/\\\/diariotextual.com\\\/inicio\\\/index.php\\\/2023\\\/04\\\/03\\\/liberaron-a-marcelo-corazza-acusado-por-corrupcion-de-menores-fue-procesado-sin-preventiva\\\/#primaryimage\"},\"thumbnailUrl\":\"https:\\\/\\\/diariotextual.com\\\/inicio\\\/wp-content\\\/uploads\\\/2023\\\/03\\\/angelottifranciscocasocorazzatelam2023-1.png\",\"datePublished\":\"2023-04-03T16:45:44+00:00\",\"dateModified\":\"2023-04-03T16:45:46+00:00\",\"breadcrumb\":{\"@id\":\"https:\\\/\\\/diariotextual.com\\\/inicio\\\/index.php\\\/2023\\\/04\\\/03\\\/liberaron-a-marcelo-corazza-acusado-por-corrupcion-de-menores-fue-procesado-sin-preventiva\\\/#breadcrumb\"},\"inLanguage\":\"es\",\"potentialAction\":[{\"@type\":\"ReadAction\",\"target\":[\"https:\\\/\\\/diariotextual.com\\\/inicio\\\/index.php\\\/2023\\\/04\\\/03\\\/liberaron-a-marcelo-corazza-acusado-por-corrupcion-de-menores-fue-procesado-sin-preventiva\\\/\"]}]},{\"@type\":\"ImageObject\",\"inLanguage\":\"es\",\"@id\":\"https:\\\/\\\/diariotextual.com\\\/inicio\\\/index.php\\\/2023\\\/04\\\/03\\\/liberaron-a-marcelo-corazza-acusado-por-corrupcion-de-menores-fue-procesado-sin-preventiva\\\/#primaryimage\",\"url\":\"https:\\\/\\\/diariotextual.com\\\/inicio\\\/wp-content\\\/uploads\\\/2023\\\/03\\\/angelottifranciscocasocorazzatelam2023-1.png\",\"contentUrl\":\"https:\\\/\\\/diariotextual.com\\\/inicio\\\/wp-content\\\/uploads\\\/2023\\\/03\\\/angelottifranciscocasocorazzatelam2023-1.png\",\"width\":865,\"height\":483},{\"@type\":\"BreadcrumbList\",\"@id\":\"https:\\\/\\\/diariotextual.com\\\/inicio\\\/index.php\\\/2023\\\/04\\\/03\\\/liberaron-a-marcelo-corazza-acusado-por-corrupcion-de-menores-fue-procesado-sin-preventiva\\\/#breadcrumb\",\"itemListElement\":[{\"@type\":\"ListItem\",\"position\":1,\"name\":\"Portada\",\"item\":\"https:\\\/\\\/diariotextual.com\\\/inicio\\\/\"},{\"@type\":\"ListItem\",\"position\":2,\"name\":\"Liberaron a Marcelo Corazza, acusado por corrupci\u00f3n de menores: fue procesado sin preventiva\"}]},{\"@type\":\"WebSite\",\"@id\":\"https:\\\/\\\/diariotextual.com\\\/inicio\\\/#website\",\"url\":\"https:\\\/\\\/diariotextual.com\\\/inicio\\\/\",\"name\":\"Diario Textual\",\"description\":\"\",\"publisher\":{\"@id\":\"https:\\\/\\\/diariotextual.com\\\/inicio\\\/#organization\"},\"potentialAction\":[{\"@type\":\"SearchAction\",\"target\":{\"@type\":\"EntryPoint\",\"urlTemplate\":\"https:\\\/\\\/diariotextual.com\\\/inicio\\\/?s={search_term_string}\"},\"query-input\":{\"@type\":\"PropertyValueSpecification\",\"valueRequired\":true,\"valueName\":\"search_term_string\"}}],\"inLanguage\":\"es\"},{\"@type\":\"Organization\",\"@id\":\"https:\\\/\\\/diariotextual.com\\\/inicio\\\/#organization\",\"name\":\"Diario Textual\",\"url\":\"https:\\\/\\\/diariotextual.com\\\/inicio\\\/\",\"logo\":{\"@type\":\"ImageObject\",\"inLanguage\":\"es\",\"@id\":\"https:\\\/\\\/diariotextual.com\\\/inicio\\\/#\\\/schema\\\/logo\\\/image\\\/\",\"url\":\"https:\\\/\\\/diariotextual.com\\\/inicio\\\/wp-content\\\/uploads\\\/2023\\\/05\\\/logotextual1.jpg\",\"contentUrl\":\"https:\\\/\\\/diariotextual.com\\\/inicio\\\/wp-content\\\/uploads\\\/2023\\\/05\\\/logotextual1.jpg\",\"width\":516,\"height\":76,\"caption\":\"Diario Textual\"},\"image\":{\"@id\":\"https:\\\/\\\/diariotextual.com\\\/inicio\\\/#\\\/schema\\\/logo\\\/image\\\/\"},\"sameAs\":[\"https:\\\/\\\/www.facebook.com\\\/eltextual\",\"https:\\\/\\\/x.com\\\/eltextual\",\"http:\\\/\\\/www.instagram.com\\\/eltextual\"]},{\"@type\":\"Person\",\"@id\":\"https:\\\/\\\/diariotextual.com\\\/inicio\\\/#\\\/schema\\\/person\\\/694f60677f23c4a530867a98f22b3768\",\"name\":\"diario2\",\"image\":{\"@type\":\"ImageObject\",\"inLanguage\":\"es\",\"@id\":\"https:\\\/\\\/secure.gravatar.com\\\/avatar\\\/5a2567495ba16b852fcd8f1ed006a2e24fcace936018ed8237e95f488ad6e0a7?s=96&d=mm&r=g\",\"url\":\"https:\\\/\\\/secure.gravatar.com\\\/avatar\\\/5a2567495ba16b852fcd8f1ed006a2e24fcace936018ed8237e95f488ad6e0a7?s=96&d=mm&r=g\",\"contentUrl\":\"https:\\\/\\\/secure.gravatar.com\\\/avatar\\\/5a2567495ba16b852fcd8f1ed006a2e24fcace936018ed8237e95f488ad6e0a7?s=96&d=mm&r=g\",\"caption\":\"diario2\"},\"url\":\"https:\\\/\\\/diariotextual.com\\\/inicio\\\/index.php\\\/author\\\/diario2\\\/\"}]}<\/script>\n<!-- \/ Yoast SEO plugin. -->","yoast_head_json":{"title":"Liberaron a Marcelo Corazza, acusado por corrupci\u00f3n de menores: fue procesado sin preventiva - Diario Textual","robots":{"index":"index","follow":"follow","max-snippet":"max-snippet:-1","max-image-preview":"max-image-preview:large","max-video-preview":"max-video-preview:-1"},"canonical":"https:\/\/diariotextual.com\/inicio\/index.php\/2023\/04\/03\/liberaron-a-marcelo-corazza-acusado-por-corrupcion-de-menores-fue-procesado-sin-preventiva\/","og_locale":"es_ES","og_type":"article","og_title":"Liberaron a Marcelo Corazza, acusado por corrupci\u00f3n de menores: fue procesado sin preventiva - Diario Textual","og_description":"El ganador de Gran Hermano 2001, Marcelo Corazza, fue liberado luego de que el juez de instrucci\u00f3n Havier S\u00e1nchez Sarmiento lo procesara sin prisi\u00f3n preventiva. Hab\u00eda sido detenido por abuso&hellip;","og_url":"https:\/\/diariotextual.com\/inicio\/index.php\/2023\/04\/03\/liberaron-a-marcelo-corazza-acusado-por-corrupcion-de-menores-fue-procesado-sin-preventiva\/","og_site_name":"Diario Textual","article_publisher":"https:\/\/www.facebook.com\/eltextual","article_published_time":"2023-04-03T16:45:44+00:00","article_modified_time":"2023-04-03T16:45:46+00:00","og_image":[{"width":865,"height":483,"url":"https:\/\/diariotextual.com\/inicio\/wp-content\/uploads\/2023\/03\/angelottifranciscocasocorazzatelam2023-1.png","type":"image\/png"}],"author":"diario2","twitter_card":"summary_large_image","twitter_creator":"@eltextual","twitter_site":"@eltextual","twitter_misc":{"Escrito por":"diario2","Tiempo de lectura":"2 minutos"},"schema":{"@context":"https:\/\/schema.org","@graph":[{"@type":"Article","@id":"https:\/\/diariotextual.com\/inicio\/index.php\/2023\/04\/03\/liberaron-a-marcelo-corazza-acusado-por-corrupcion-de-menores-fue-procesado-sin-preventiva\/#article","isPartOf":{"@id":"https:\/\/diariotextual.com\/inicio\/index.php\/2023\/04\/03\/liberaron-a-marcelo-corazza-acusado-por-corrupcion-de-menores-fue-procesado-sin-preventiva\/"},"author":{"name":"diario2","@id":"https:\/\/diariotextual.com\/inicio\/#\/schema\/person\/694f60677f23c4a530867a98f22b3768"},"headline":"Liberaron a Marcelo Corazza, acusado por corrupci\u00f3n de menores: fue procesado sin preventiva","datePublished":"2023-04-03T16:45:44+00:00","dateModified":"2023-04-03T16:45:46+00:00","mainEntityOfPage":{"@id":"https:\/\/diariotextual.com\/inicio\/index.php\/2023\/04\/03\/liberaron-a-marcelo-corazza-acusado-por-corrupcion-de-menores-fue-procesado-sin-preventiva\/"},"wordCount":330,"publisher":{"@id":"https:\/\/diariotextual.com\/inicio\/#organization"},"image":{"@id":"https:\/\/diariotextual.com\/inicio\/index.php\/2023\/04\/03\/liberaron-a-marcelo-corazza-acusado-por-corrupcion-de-menores-fue-procesado-sin-preventiva\/#primaryimage"},"thumbnailUrl":"https:\/\/diariotextual.com\/inicio\/wp-content\/uploads\/2023\/03\/angelottifranciscocasocorazzatelam2023-1.png","articleSection":["A - ES NOTICIA (van abajo)","SOCIEDAD"],"inLanguage":"es"},{"@type":"WebPage","@id":"https:\/\/diariotextual.com\/inicio\/index.php\/2023\/04\/03\/liberaron-a-marcelo-corazza-acusado-por-corrupcion-de-menores-fue-procesado-sin-preventiva\/","url":"https:\/\/diariotextual.com\/inicio\/index.php\/2023\/04\/03\/liberaron-a-marcelo-corazza-acusado-por-corrupcion-de-menores-fue-procesado-sin-preventiva\/","name":"Liberaron a Marcelo Corazza, acusado por corrupci\u00f3n de menores: fue procesado sin preventiva - Diario Textual","isPartOf":{"@id":"https:\/\/diariotextual.com\/inicio\/#website"},"primaryImageOfPage":{"@id":"https:\/\/diariotextual.com\/inicio\/index.php\/2023\/04\/03\/liberaron-a-marcelo-corazza-acusado-por-corrupcion-de-menores-fue-procesado-sin-preventiva\/#primaryimage"},"image":{"@id":"https:\/\/diariotextual.com\/inicio\/index.php\/2023\/04\/03\/liberaron-a-marcelo-corazza-acusado-por-corrupcion-de-menores-fue-procesado-sin-preventiva\/#primaryimage"},"thumbnailUrl":"https:\/\/diariotextual.com\/inicio\/wp-content\/uploads\/2023\/03\/angelottifranciscocasocorazzatelam2023-1.png","datePublished":"2023-04-03T16:45:44+00:00","dateModified":"2023-04-03T16:45:46+00:00","breadcrumb":{"@id":"https:\/\/diariotextual.com\/inicio\/index.php\/2023\/04\/03\/liberaron-a-marcelo-corazza-acusado-por-corrupcion-de-menores-fue-procesado-sin-preventiva\/#breadcrumb"},"inLanguage":"es","potentialAction":[{"@type":"ReadAction","target":["https:\/\/diariotextual.com\/inicio\/index.php\/2023\/04\/03\/liberaron-a-marcelo-corazza-acusado-por-corrupcion-de-menores-fue-procesado-sin-preventiva\/"]}]},{"@type":"ImageObject","inLanguage":"es","@id":"https:\/\/diariotextual.com\/inicio\/index.php\/2023\/04\/03\/liberaron-a-marcelo-corazza-acusado-por-corrupcion-de-menores-fue-procesado-sin-preventiva\/#primaryimage","url":"https:\/\/diariotextual.com\/inicio\/wp-content\/uploads\/2023\/03\/angelottifranciscocasocorazzatelam2023-1.png","contentUrl":"https:\/\/diariotextual.com\/inicio\/wp-content\/uploads\/2023\/03\/angelottifranciscocasocorazzatelam2023-1.png","width":865,"height":483},{"@type":"BreadcrumbList","@id":"https:\/\/diariotextual.com\/inicio\/index.php\/2023\/04\/03\/liberaron-a-marcelo-corazza-acusado-por-corrupcion-de-menores-fue-procesado-sin-preventiva\/#breadcrumb","itemListElement":[{"@type":"ListItem","position":1,"name":"Portada","item":"https:\/\/diariotextual.com\/inicio\/"},{"@type":"ListItem","position":2,"name":"Liberaron a Marcelo Corazza, acusado por corrupci\u00f3n de menores: fue procesado sin preventiva"}]},{"@type":"WebSite","@id":"https:\/\/diariotextual.com\/inicio\/#website","url":"https:\/\/diariotextual.com\/inicio\/","name":"Diario Textual","description":"","publisher":{"@id":"https:\/\/diariotextual.com\/inicio\/#organization"},"potentialAction":[{"@type":"SearchAction","target":{"@type":"EntryPoint","urlTemplate":"https:\/\/diariotextual.com\/inicio\/?s={search_term_string}"},"query-input":{"@type":"PropertyValueSpecification","valueRequired":true,"valueName":"search_term_string"}}],"inLanguage":"es"},{"@type":"Organization","@id":"https:\/\/diariotextual.com\/inicio\/#organization","name":"Diario Textual","url":"https:\/\/diariotextual.com\/inicio\/","logo":{"@type":"ImageObject","inLanguage":"es","@id":"https:\/\/diariotextual.com\/inicio\/#\/schema\/logo\/image\/","url":"https:\/\/diariotextual.com\/inicio\/wp-content\/uploads\/2023\/05\/logotextual1.jpg","contentUrl":"https:\/\/diariotextual.com\/inicio\/wp-content\/uploads\/2023\/05\/logotextual1.jpg","width":516,"height":76,"caption":"Diario Textual"},"image":{"@id":"https:\/\/diariotextual.com\/inicio\/#\/schema\/logo\/image\/"},"sameAs":["https:\/\/www.facebook.com\/eltextual","https:\/\/x.com\/eltextual","http:\/\/www.instagram.com\/eltextual"]},{"@type":"Person","@id":"https:\/\/diariotextual.com\/inicio\/#\/schema\/person\/694f60677f23c4a530867a98f22b3768","name":"diario2","image":{"@type":"ImageObject","inLanguage":"es","@id":"https:\/\/secure.gravatar.com\/avatar\/5a2567495ba16b852fcd8f1ed006a2e24fcace936018ed8237e95f488ad6e0a7?s=96&d=mm&r=g","url":"https:\/\/secure.gravatar.com\/avatar\/5a2567495ba16b852fcd8f1ed006a2e24fcace936018ed8237e95f488ad6e0a7?s=96&d=mm&r=g","contentUrl":"https:\/\/secure.gravatar.com\/avatar\/5a2567495ba16b852fcd8f1ed006a2e24fcace936018ed8237e95f488ad6e0a7?s=96&d=mm&r=g","caption":"diario2"},"url":"https:\/\/diariotextual.com\/inicio\/index.php\/author\/diario2\/"}]}},"_links":{"self":[{"href":"https:\/\/diariotextual.com\/inicio\/index.php\/wp-json\/wp\/v2\/posts\/220925","targetHints":{"allow":["GET"]}}],"collection":[{"href":"https:\/\/diariotextual.com\/inicio\/index.php\/wp-json\/wp\/v2\/posts"}],"about":[{"href":"https:\/\/diariotextual.com\/inicio\/index.php\/wp-json\/wp\/v2\/types\/post"}],"author":[{"embeddable":true,"href":"https:\/\/diariotextual.com\/inicio\/index.php\/wp-json\/wp\/v2\/users\/4"}],"replies":[{"embeddable":true,"href":"https:\/\/diariotextual.com\/inicio\/index.php\/wp-json\/wp\/v2\/comments?post=220925"}],"version-history":[{"count":1,"href":"https:\/\/diariotextual.com\/inicio\/index.php\/wp-json\/wp\/v2\/posts\/220925\/revisions"}],"predecessor-version":[{"id":220926,"href":"https:\/\/diariotextual.com\/inicio\/index.php\/wp-json\/wp\/v2\/posts\/220925\/revisions\/220926"}],"wp:featuredmedia":[{"embeddable":true,"href":"https:\/\/diariotextual.com\/inicio\/index.php\/wp-json\/wp\/v2\/media\/219717"}],"wp:attachment":[{"href":"https:\/\/diariotextual.com\/inicio\/index.php\/wp-json\/wp\/v2\/media?parent=220925"}],"wp:term":[{"taxonomy":"category","embeddable":true,"href":"https:\/\/diariotextual.com\/inicio\/index.php\/wp-json\/wp\/v2\/categories?post=220925"},{"taxonomy":"post_tag","embeddable":true,"href":"https:\/\/diariotextual.com\/inicio\/index.php\/wp-json\/wp\/v2\/tags?post=220925"}],"curies":[{"name":"wp","href":"https:\/\/api.w.org\/{rel}","templated":true}]}}