{"id":221171,"date":"2023-04-05T13:46:06","date_gmt":"2023-04-05T16:46:06","guid":{"rendered":"https:\/\/diariotextual.com\/inicio\/?p=221171"},"modified":"2023-04-05T19:15:44","modified_gmt":"2023-04-05T22:15:44","slug":"acha-reclaman-controles-y-seguimiento-de-las-viviendas-sociales","status":"publish","type":"post","link":"https:\/\/diariotextual.com\/inicio\/index.php\/2023\/04\/05\/acha-reclaman-controles-y-seguimiento-de-las-viviendas-sociales\/","title":{"rendered":"Acha: reclaman controles y seguimiento de las viviendas sociales"},"content":{"rendered":"\n<p>Si bien en los \u00faltimos tiempos se transparentaron definitivamente los sorteos, incluso ahora se realizan mediante la Loter\u00eda de San Luis con transmisi\u00f3n en directo de la TVPP, algunos aspectos de las adjudicaciones de viviendas sociales siguen promoviendo ciertas quejas. <strong>Reclaman controles y que las unidades habitacionales est\u00e9n ocupadas por sus beneficiarios.<\/strong><\/p>\n\n\n\n<p><strong>Nilda Lucero<\/strong>, una vecina de General Acha, plante\u00f3 p\u00fablicamente que <strong>en su localidad \u201cno se controla\u201d a quienes les entregan una casa y tampoco \u201chacen un seguimiento\u201d d<\/strong>e las personas que las habitan, en un mensaje dirigido al Instituto Aut\u00e1rquico de la Vivienda (IPAV).<\/p>\n\n\n\n<p>En un escrito enviado a Diario Textual, la mujer revel\u00f3 que hace un tiempo denunci\u00f3 la situaci\u00f3n ante las autoridades del IPAV, inclusive mostr\u00f3 cartas ingresadas al organismo provincial manifestando algunas situaciones. <strong>\u201cLes toca una casa y no la habita el titular. Hay casos en los que se quedan los hijos mayores, que pueden trabajar y pagar un alquiler, o alguien cercano a ellos para que se las cuide, porque est\u00e1n en falta\u201d,<\/strong> asever\u00f3. \u201cOtros, en cambio, est\u00e1n lejos de Acha desde hace a\u00f1os y me pregunto el domicilio d\u00f3nde les figura\u201d, acot\u00f3, sobre otro presunto caso irregular.<\/p>\n\n\n\n<p>Lament\u00f3 que se \u201cvayan entregando viviendas\u201d y que posteriormente no se instrumente un \u201cseguimiento de control\u201d con profesionales aptos. \u201cSi me preguntan si hay denuncia, por supuesto, mi hija y nuera las han presentado. Se tiene que terminar ese manoseo\u201d, indic\u00f3.<\/p>\n\n\n\n<p>Las supuestas irregularidades, siempre de acuerdo a Lucero, se centrar\u00edan en viviendas del Plan Federal, entregado hace unos 15 a\u00f1os, en otro complejo m\u00e1s antiguo, en este caso perteneciente al Plan 3.000, que no \u201chan sido totalmente abonadas\u201d. <strong>\u201cHay una vivienda puntual entregada a una mujer que nunca la habit\u00f3\u201d, denunci\u00f3 y a\u00f1adi\u00f3: \u201cLa adjudicataria vive en Macach\u00edn, donde trabaja junto a su marido\u201d.<\/strong><\/p>\n\n\n\n<p>Plante\u00f3 que quien solicit\u00f3 una soluci\u00f3n habitacional deber\u00eda habitarla, por lo menos hasta que est\u00e9 totalmente cancelada y escriturada. \u201cSabemos que hay muchas madres deseando con el alma su nuevo hogar para poder criar a sus hijos con bienestar, como lo es el sue\u00f1o de mi hija, mi nuera u otros\u201d, puntualiz\u00f3. \u201cFalta contundencia en el accionar y el control desde la Provincia para gestionar el sue\u00f1o de la casa propia\u201d, finaliz\u00f3.<\/p>\n","protected":false},"excerpt":{"rendered":"<p>Si bien en los \u00faltimos tiempos se transparentaron definitivamente los sorteos, incluso ahora se realizan mediante la Loter\u00eda de San Luis con transmisi\u00f3n en directo de la TVPP, algunos aspectos&hellip;<\/p>\n","protected":false},"author":4,"featured_media":221174,"comment_status":"closed","ping_status":"open","sticky":false,"template":"","format":"standard","meta":{"_acf_changed":false,"footnotes":""},"categories":[1,12],"tags":[],"class_list":["post-221171","post","type-post","status-publish","format-standard","has-post-thumbnail","hentry","category-es-noticia","category-sociedad"],"acf":[],"yoast_head":"<!-- This site is optimized with the Yoast SEO plugin v27.5 - https:\/\/yoast.com\/product\/yoast-seo-wordpress\/ -->\n<title>Acha: reclaman controles y seguimiento de las viviendas sociales - Diario Textual<\/title>\n<meta name=\"robots\" content=\"index, follow, max-snippet:-1, max-image-preview:large, max-video-preview:-1\" \/>\n<link rel=\"canonical\" href=\"https:\/\/diariotextual.com\/inicio\/index.php\/2023\/04\/05\/acha-reclaman-controles-y-seguimiento-de-las-viviendas-sociales\/\" \/>\n<meta property=\"og:locale\" content=\"es_ES\" \/>\n<meta property=\"og:type\" content=\"article\" \/>\n<meta property=\"og:title\" content=\"Acha: reclaman controles y seguimiento de las viviendas sociales - Diario Textual\" \/>\n<meta property=\"og:description\" content=\"Si bien en los \u00faltimos tiempos se transparentaron definitivamente los sorteos, incluso ahora se realizan mediante la Loter\u00eda de San Luis con transmisi\u00f3n en directo de la TVPP, algunos aspectos&hellip;\" \/>\n<meta property=\"og:url\" content=\"https:\/\/diariotextual.com\/inicio\/index.php\/2023\/04\/05\/acha-reclaman-controles-y-seguimiento-de-las-viviendas-sociales\/\" \/>\n<meta property=\"og:site_name\" content=\"Diario Textual\" \/>\n<meta property=\"article:publisher\" content=\"https:\/\/www.facebook.com\/eltextual\" \/>\n<meta property=\"article:published_time\" content=\"2023-04-05T16:46:06+00:00\" \/>\n<meta property=\"article:modified_time\" content=\"2023-04-05T22:15:44+00:00\" \/>\n<meta property=\"og:image\" content=\"https:\/\/diariotextual.com\/inicio\/wp-content\/uploads\/2023\/04\/achacasasviviendasipav2023.jpg\" \/>\n\t<meta property=\"og:image:width\" content=\"1000\" \/>\n\t<meta property=\"og:image:height\" content=\"610\" \/>\n\t<meta property=\"og:image:type\" content=\"image\/jpeg\" \/>\n<meta name=\"author\" content=\"diario2\" \/>\n<meta name=\"twitter:card\" content=\"summary_large_image\" \/>\n<meta name=\"twitter:creator\" content=\"@eltextual\" \/>\n<meta name=\"twitter:site\" content=\"@eltextual\" \/>\n<meta name=\"twitter:label1\" content=\"Escrito por\" \/>\n\t<meta name=\"twitter:data1\" content=\"diario2\" \/>\n\t<meta name=\"twitter:label2\" content=\"Tiempo de lectura\" \/>\n\t<meta name=\"twitter:data2\" content=\"2 minutos\" \/>\n<script type=\"application\/ld+json\" class=\"yoast-schema-graph\">{\"@context\":\"https:\\\/\\\/schema.org\",\"@graph\":[{\"@type\":\"Article\",\"@id\":\"https:\\\/\\\/diariotextual.com\\\/inicio\\\/index.php\\\/2023\\\/04\\\/05\\\/acha-reclaman-controles-y-seguimiento-de-las-viviendas-sociales\\\/#article\",\"isPartOf\":{\"@id\":\"https:\\\/\\\/diariotextual.com\\\/inicio\\\/index.php\\\/2023\\\/04\\\/05\\\/acha-reclaman-controles-y-seguimiento-de-las-viviendas-sociales\\\/\"},\"author\":{\"name\":\"diario2\",\"@id\":\"https:\\\/\\\/diariotextual.com\\\/inicio\\\/#\\\/schema\\\/person\\\/694f60677f23c4a530867a98f22b3768\"},\"headline\":\"Acha: reclaman controles y seguimiento de las viviendas sociales\",\"datePublished\":\"2023-04-05T16:46:06+00:00\",\"dateModified\":\"2023-04-05T22:15:44+00:00\",\"mainEntityOfPage\":{\"@id\":\"https:\\\/\\\/diariotextual.com\\\/inicio\\\/index.php\\\/2023\\\/04\\\/05\\\/acha-reclaman-controles-y-seguimiento-de-las-viviendas-sociales\\\/\"},\"wordCount\":397,\"publisher\":{\"@id\":\"https:\\\/\\\/diariotextual.com\\\/inicio\\\/#organization\"},\"image\":{\"@id\":\"https:\\\/\\\/diariotextual.com\\\/inicio\\\/index.php\\\/2023\\\/04\\\/05\\\/acha-reclaman-controles-y-seguimiento-de-las-viviendas-sociales\\\/#primaryimage\"},\"thumbnailUrl\":\"https:\\\/\\\/diariotextual.com\\\/inicio\\\/wp-content\\\/uploads\\\/2023\\\/04\\\/achacasasviviendasipav2023.jpg\",\"articleSection\":[\"A - ES NOTICIA (van abajo)\",\"SOCIEDAD\"],\"inLanguage\":\"es\"},{\"@type\":\"WebPage\",\"@id\":\"https:\\\/\\\/diariotextual.com\\\/inicio\\\/index.php\\\/2023\\\/04\\\/05\\\/acha-reclaman-controles-y-seguimiento-de-las-viviendas-sociales\\\/\",\"url\":\"https:\\\/\\\/diariotextual.com\\\/inicio\\\/index.php\\\/2023\\\/04\\\/05\\\/acha-reclaman-controles-y-seguimiento-de-las-viviendas-sociales\\\/\",\"name\":\"Acha: reclaman controles y seguimiento de las viviendas sociales - Diario Textual\",\"isPartOf\":{\"@id\":\"https:\\\/\\\/diariotextual.com\\\/inicio\\\/#website\"},\"primaryImageOfPage\":{\"@id\":\"https:\\\/\\\/diariotextual.com\\\/inicio\\\/index.php\\\/2023\\\/04\\\/05\\\/acha-reclaman-controles-y-seguimiento-de-las-viviendas-sociales\\\/#primaryimage\"},\"image\":{\"@id\":\"https:\\\/\\\/diariotextual.com\\\/inicio\\\/index.php\\\/2023\\\/04\\\/05\\\/acha-reclaman-controles-y-seguimiento-de-las-viviendas-sociales\\\/#primaryimage\"},\"thumbnailUrl\":\"https:\\\/\\\/diariotextual.com\\\/inicio\\\/wp-content\\\/uploads\\\/2023\\\/04\\\/achacasasviviendasipav2023.jpg\",\"datePublished\":\"2023-04-05T16:46:06+00:00\",\"dateModified\":\"2023-04-05T22:15:44+00:00\",\"breadcrumb\":{\"@id\":\"https:\\\/\\\/diariotextual.com\\\/inicio\\\/index.php\\\/2023\\\/04\\\/05\\\/acha-reclaman-controles-y-seguimiento-de-las-viviendas-sociales\\\/#breadcrumb\"},\"inLanguage\":\"es\",\"potentialAction\":[{\"@type\":\"ReadAction\",\"target\":[\"https:\\\/\\\/diariotextual.com\\\/inicio\\\/index.php\\\/2023\\\/04\\\/05\\\/acha-reclaman-controles-y-seguimiento-de-las-viviendas-sociales\\\/\"]}]},{\"@type\":\"ImageObject\",\"inLanguage\":\"es\",\"@id\":\"https:\\\/\\\/diariotextual.com\\\/inicio\\\/index.php\\\/2023\\\/04\\\/05\\\/acha-reclaman-controles-y-seguimiento-de-las-viviendas-sociales\\\/#primaryimage\",\"url\":\"https:\\\/\\\/diariotextual.com\\\/inicio\\\/wp-content\\\/uploads\\\/2023\\\/04\\\/achacasasviviendasipav2023.jpg\",\"contentUrl\":\"https:\\\/\\\/diariotextual.com\\\/inicio\\\/wp-content\\\/uploads\\\/2023\\\/04\\\/achacasasviviendasipav2023.jpg\",\"width\":1000,\"height\":610},{\"@type\":\"BreadcrumbList\",\"@id\":\"https:\\\/\\\/diariotextual.com\\\/inicio\\\/index.php\\\/2023\\\/04\\\/05\\\/acha-reclaman-controles-y-seguimiento-de-las-viviendas-sociales\\\/#breadcrumb\",\"itemListElement\":[{\"@type\":\"ListItem\",\"position\":1,\"name\":\"Portada\",\"item\":\"https:\\\/\\\/diariotextual.com\\\/inicio\\\/\"},{\"@type\":\"ListItem\",\"position\":2,\"name\":\"Acha: reclaman controles y seguimiento de las viviendas sociales\"}]},{\"@type\":\"WebSite\",\"@id\":\"https:\\\/\\\/diariotextual.com\\\/inicio\\\/#website\",\"url\":\"https:\\\/\\\/diariotextual.com\\\/inicio\\\/\",\"name\":\"Diario Textual\",\"description\":\"\",\"publisher\":{\"@id\":\"https:\\\/\\\/diariotextual.com\\\/inicio\\\/#organization\"},\"potentialAction\":[{\"@type\":\"SearchAction\",\"target\":{\"@type\":\"EntryPoint\",\"urlTemplate\":\"https:\\\/\\\/diariotextual.com\\\/inicio\\\/?s={search_term_string}\"},\"query-input\":{\"@type\":\"PropertyValueSpecification\",\"valueRequired\":true,\"valueName\":\"search_term_string\"}}],\"inLanguage\":\"es\"},{\"@type\":\"Organization\",\"@id\":\"https:\\\/\\\/diariotextual.com\\\/inicio\\\/#organization\",\"name\":\"Diario Textual\",\"url\":\"https:\\\/\\\/diariotextual.com\\\/inicio\\\/\",\"logo\":{\"@type\":\"ImageObject\",\"inLanguage\":\"es\",\"@id\":\"https:\\\/\\\/diariotextual.com\\\/inicio\\\/#\\\/schema\\\/logo\\\/image\\\/\",\"url\":\"https:\\\/\\\/diariotextual.com\\\/inicio\\\/wp-content\\\/uploads\\\/2023\\\/05\\\/logotextual1.jpg\",\"contentUrl\":\"https:\\\/\\\/diariotextual.com\\\/inicio\\\/wp-content\\\/uploads\\\/2023\\\/05\\\/logotextual1.jpg\",\"width\":516,\"height\":76,\"caption\":\"Diario Textual\"},\"image\":{\"@id\":\"https:\\\/\\\/diariotextual.com\\\/inicio\\\/#\\\/schema\\\/logo\\\/image\\\/\"},\"sameAs\":[\"https:\\\/\\\/www.facebook.com\\\/eltextual\",\"https:\\\/\\\/x.com\\\/eltextual\",\"http:\\\/\\\/www.instagram.com\\\/eltextual\"]},{\"@type\":\"Person\",\"@id\":\"https:\\\/\\\/diariotextual.com\\\/inicio\\\/#\\\/schema\\\/person\\\/694f60677f23c4a530867a98f22b3768\",\"name\":\"diario2\",\"image\":{\"@type\":\"ImageObject\",\"inLanguage\":\"es\",\"@id\":\"https:\\\/\\\/secure.gravatar.com\\\/avatar\\\/5a2567495ba16b852fcd8f1ed006a2e24fcace936018ed8237e95f488ad6e0a7?s=96&d=mm&r=g\",\"url\":\"https:\\\/\\\/secure.gravatar.com\\\/avatar\\\/5a2567495ba16b852fcd8f1ed006a2e24fcace936018ed8237e95f488ad6e0a7?s=96&d=mm&r=g\",\"contentUrl\":\"https:\\\/\\\/secure.gravatar.com\\\/avatar\\\/5a2567495ba16b852fcd8f1ed006a2e24fcace936018ed8237e95f488ad6e0a7?s=96&d=mm&r=g\",\"caption\":\"diario2\"},\"url\":\"https:\\\/\\\/diariotextual.com\\\/inicio\\\/index.php\\\/author\\\/diario2\\\/\"}]}<\/script>\n<!-- \/ Yoast SEO plugin. -->","yoast_head_json":{"title":"Acha: reclaman controles y seguimiento de las viviendas sociales - Diario Textual","robots":{"index":"index","follow":"follow","max-snippet":"max-snippet:-1","max-image-preview":"max-image-preview:large","max-video-preview":"max-video-preview:-1"},"canonical":"https:\/\/diariotextual.com\/inicio\/index.php\/2023\/04\/05\/acha-reclaman-controles-y-seguimiento-de-las-viviendas-sociales\/","og_locale":"es_ES","og_type":"article","og_title":"Acha: reclaman controles y seguimiento de las viviendas sociales - Diario Textual","og_description":"Si bien en los \u00faltimos tiempos se transparentaron definitivamente los sorteos, incluso ahora se realizan mediante la Loter\u00eda de San Luis con transmisi\u00f3n en directo de la TVPP, algunos aspectos&hellip;","og_url":"https:\/\/diariotextual.com\/inicio\/index.php\/2023\/04\/05\/acha-reclaman-controles-y-seguimiento-de-las-viviendas-sociales\/","og_site_name":"Diario Textual","article_publisher":"https:\/\/www.facebook.com\/eltextual","article_published_time":"2023-04-05T16:46:06+00:00","article_modified_time":"2023-04-05T22:15:44+00:00","og_image":[{"width":1000,"height":610,"url":"https:\/\/diariotextual.com\/inicio\/wp-content\/uploads\/2023\/04\/achacasasviviendasipav2023.jpg","type":"image\/jpeg"}],"author":"diario2","twitter_card":"summary_large_image","twitter_creator":"@eltextual","twitter_site":"@eltextual","twitter_misc":{"Escrito por":"diario2","Tiempo de lectura":"2 minutos"},"schema":{"@context":"https:\/\/schema.org","@graph":[{"@type":"Article","@id":"https:\/\/diariotextual.com\/inicio\/index.php\/2023\/04\/05\/acha-reclaman-controles-y-seguimiento-de-las-viviendas-sociales\/#article","isPartOf":{"@id":"https:\/\/diariotextual.com\/inicio\/index.php\/2023\/04\/05\/acha-reclaman-controles-y-seguimiento-de-las-viviendas-sociales\/"},"author":{"name":"diario2","@id":"https:\/\/diariotextual.com\/inicio\/#\/schema\/person\/694f60677f23c4a530867a98f22b3768"},"headline":"Acha: reclaman controles y seguimiento de las viviendas sociales","datePublished":"2023-04-05T16:46:06+00:00","dateModified":"2023-04-05T22:15:44+00:00","mainEntityOfPage":{"@id":"https:\/\/diariotextual.com\/inicio\/index.php\/2023\/04\/05\/acha-reclaman-controles-y-seguimiento-de-las-viviendas-sociales\/"},"wordCount":397,"publisher":{"@id":"https:\/\/diariotextual.com\/inicio\/#organization"},"image":{"@id":"https:\/\/diariotextual.com\/inicio\/index.php\/2023\/04\/05\/acha-reclaman-controles-y-seguimiento-de-las-viviendas-sociales\/#primaryimage"},"thumbnailUrl":"https:\/\/diariotextual.com\/inicio\/wp-content\/uploads\/2023\/04\/achacasasviviendasipav2023.jpg","articleSection":["A - ES NOTICIA (van abajo)","SOCIEDAD"],"inLanguage":"es"},{"@type":"WebPage","@id":"https:\/\/diariotextual.com\/inicio\/index.php\/2023\/04\/05\/acha-reclaman-controles-y-seguimiento-de-las-viviendas-sociales\/","url":"https:\/\/diariotextual.com\/inicio\/index.php\/2023\/04\/05\/acha-reclaman-controles-y-seguimiento-de-las-viviendas-sociales\/","name":"Acha: reclaman controles y seguimiento de las viviendas sociales - Diario Textual","isPartOf":{"@id":"https:\/\/diariotextual.com\/inicio\/#website"},"primaryImageOfPage":{"@id":"https:\/\/diariotextual.com\/inicio\/index.php\/2023\/04\/05\/acha-reclaman-controles-y-seguimiento-de-las-viviendas-sociales\/#primaryimage"},"image":{"@id":"https:\/\/diariotextual.com\/inicio\/index.php\/2023\/04\/05\/acha-reclaman-controles-y-seguimiento-de-las-viviendas-sociales\/#primaryimage"},"thumbnailUrl":"https:\/\/diariotextual.com\/inicio\/wp-content\/uploads\/2023\/04\/achacasasviviendasipav2023.jpg","datePublished":"2023-04-05T16:46:06+00:00","dateModified":"2023-04-05T22:15:44+00:00","breadcrumb":{"@id":"https:\/\/diariotextual.com\/inicio\/index.php\/2023\/04\/05\/acha-reclaman-controles-y-seguimiento-de-las-viviendas-sociales\/#breadcrumb"},"inLanguage":"es","potentialAction":[{"@type":"ReadAction","target":["https:\/\/diariotextual.com\/inicio\/index.php\/2023\/04\/05\/acha-reclaman-controles-y-seguimiento-de-las-viviendas-sociales\/"]}]},{"@type":"ImageObject","inLanguage":"es","@id":"https:\/\/diariotextual.com\/inicio\/index.php\/2023\/04\/05\/acha-reclaman-controles-y-seguimiento-de-las-viviendas-sociales\/#primaryimage","url":"https:\/\/diariotextual.com\/inicio\/wp-content\/uploads\/2023\/04\/achacasasviviendasipav2023.jpg","contentUrl":"https:\/\/diariotextual.com\/inicio\/wp-content\/uploads\/2023\/04\/achacasasviviendasipav2023.jpg","width":1000,"height":610},{"@type":"BreadcrumbList","@id":"https:\/\/diariotextual.com\/inicio\/index.php\/2023\/04\/05\/acha-reclaman-controles-y-seguimiento-de-las-viviendas-sociales\/#breadcrumb","itemListElement":[{"@type":"ListItem","position":1,"name":"Portada","item":"https:\/\/diariotextual.com\/inicio\/"},{"@type":"ListItem","position":2,"name":"Acha: reclaman controles y seguimiento de las viviendas sociales"}]},{"@type":"WebSite","@id":"https:\/\/diariotextual.com\/inicio\/#website","url":"https:\/\/diariotextual.com\/inicio\/","name":"Diario Textual","description":"","publisher":{"@id":"https:\/\/diariotextual.com\/inicio\/#organization"},"potentialAction":[{"@type":"SearchAction","target":{"@type":"EntryPoint","urlTemplate":"https:\/\/diariotextual.com\/inicio\/?s={search_term_string}"},"query-input":{"@type":"PropertyValueSpecification","valueRequired":true,"valueName":"search_term_string"}}],"inLanguage":"es"},{"@type":"Organization","@id":"https:\/\/diariotextual.com\/inicio\/#organization","name":"Diario Textual","url":"https:\/\/diariotextual.com\/inicio\/","logo":{"@type":"ImageObject","inLanguage":"es","@id":"https:\/\/diariotextual.com\/inicio\/#\/schema\/logo\/image\/","url":"https:\/\/diariotextual.com\/inicio\/wp-content\/uploads\/2023\/05\/logotextual1.jpg","contentUrl":"https:\/\/diariotextual.com\/inicio\/wp-content\/uploads\/2023\/05\/logotextual1.jpg","width":516,"height":76,"caption":"Diario Textual"},"image":{"@id":"https:\/\/diariotextual.com\/inicio\/#\/schema\/logo\/image\/"},"sameAs":["https:\/\/www.facebook.com\/eltextual","https:\/\/x.com\/eltextual","http:\/\/www.instagram.com\/eltextual"]},{"@type":"Person","@id":"https:\/\/diariotextual.com\/inicio\/#\/schema\/person\/694f60677f23c4a530867a98f22b3768","name":"diario2","image":{"@type":"ImageObject","inLanguage":"es","@id":"https:\/\/secure.gravatar.com\/avatar\/5a2567495ba16b852fcd8f1ed006a2e24fcace936018ed8237e95f488ad6e0a7?s=96&d=mm&r=g","url":"https:\/\/secure.gravatar.com\/avatar\/5a2567495ba16b852fcd8f1ed006a2e24fcace936018ed8237e95f488ad6e0a7?s=96&d=mm&r=g","contentUrl":"https:\/\/secure.gravatar.com\/avatar\/5a2567495ba16b852fcd8f1ed006a2e24fcace936018ed8237e95f488ad6e0a7?s=96&d=mm&r=g","caption":"diario2"},"url":"https:\/\/diariotextual.com\/inicio\/index.php\/author\/diario2\/"}]}},"_links":{"self":[{"href":"https:\/\/diariotextual.com\/inicio\/index.php\/wp-json\/wp\/v2\/posts\/221171","targetHints":{"allow":["GET"]}}],"collection":[{"href":"https:\/\/diariotextual.com\/inicio\/index.php\/wp-json\/wp\/v2\/posts"}],"about":[{"href":"https:\/\/diariotextual.com\/inicio\/index.php\/wp-json\/wp\/v2\/types\/post"}],"author":[{"embeddable":true,"href":"https:\/\/diariotextual.com\/inicio\/index.php\/wp-json\/wp\/v2\/users\/4"}],"replies":[{"embeddable":true,"href":"https:\/\/diariotextual.com\/inicio\/index.php\/wp-json\/wp\/v2\/comments?post=221171"}],"version-history":[{"count":2,"href":"https:\/\/diariotextual.com\/inicio\/index.php\/wp-json\/wp\/v2\/posts\/221171\/revisions"}],"predecessor-version":[{"id":221175,"href":"https:\/\/diariotextual.com\/inicio\/index.php\/wp-json\/wp\/v2\/posts\/221171\/revisions\/221175"}],"wp:featuredmedia":[{"embeddable":true,"href":"https:\/\/diariotextual.com\/inicio\/index.php\/wp-json\/wp\/v2\/media\/221174"}],"wp:attachment":[{"href":"https:\/\/diariotextual.com\/inicio\/index.php\/wp-json\/wp\/v2\/media?parent=221171"}],"wp:term":[{"taxonomy":"category","embeddable":true,"href":"https:\/\/diariotextual.com\/inicio\/index.php\/wp-json\/wp\/v2\/categories?post=221171"},{"taxonomy":"post_tag","embeddable":true,"href":"https:\/\/diariotextual.com\/inicio\/index.php\/wp-json\/wp\/v2\/tags?post=221171"}],"curies":[{"name":"wp","href":"https:\/\/api.w.org\/{rel}","templated":true}]}}