{"id":221177,"date":"2023-04-05T14:10:51","date_gmt":"2023-04-05T17:10:51","guid":{"rendered":"https:\/\/diariotextual.com\/inicio\/?p=221177"},"modified":"2023-04-05T14:10:53","modified_gmt":"2023-04-05T17:10:53","slug":"invitan-a-concurso-para-escultura-sobre-la-mujer-trabajadora-pampeana","status":"publish","type":"post","link":"https:\/\/diariotextual.com\/inicio\/index.php\/2023\/04\/05\/invitan-a-concurso-para-escultura-sobre-la-mujer-trabajadora-pampeana\/","title":{"rendered":"\u200bInvitan a concurso para escultura sobre la \u201cMujer Trabajadora Pampeana\u201d"},"content":{"rendered":"\n<p>La Secretar\u00eda de Cultura del Gobierno de La Pampa invit\u00f3 a creadoras y artistas visuales de la Provincia a participar del <strong>concurso para escultura \u201cMujer Trabajadora Pampeana\u201d<\/strong>, organizado por las Mujeres Sindicalistas de la CGT Regional Centro Sur. La convocatoria tendr\u00e1 como fecha de cierre el martes 25 de abril.<\/p>\n\n\n\n<p>La propuesta surgi\u00f3 luego del \u00faltimo D\u00eda Internacional de la Mujer, en el que las Mujeres Sindicalistas de la CGT Regional Centro Sur, consideraron el prop\u00f3sito de homenajear a todas las mujeres trabajadoras de nuestra provincia.<\/p>\n\n\n\n<p>\u201cPara ello dialogamos, investigamos y decidimos que la presente propuesta tiene como antecedente el largo camino de reivindicaci\u00f3n de la mujer que atraviesa todas las \u00e1reas de la vida como resultado de incansables luchas que han y hemos dado y conquistado, pero reconociendo que a\u00fan faltan muchas m\u00e1s. Recorriendo la historia, partiendo de Eva Per\u00f3n como pionera en la lucha por la reivindicaci\u00f3n de los derechos de las mujeres, sumando a grandes figuras como Alfonsina Storni, Elvira Rawson, Julieta Lanteri y Alicia Moreau de Justo, entre otras tantas que hacen de sustento para que este proyecto logre consumarse\u201d, argumentaron las Mujeres Sindicalistas.<\/p>\n\n\n\n<p>Y agregaron: \u201cConsideramos que es tiempo de reconocer a la mujer trabajadora de La Pampa, del mismo modo que se reconoce al hombre trabajador. Por tal motivo el proyecto tiene como finalidad realizar un monumento convocando a las, les y los artistas de la provincia a participar de un concurso que seleccione una obra que ser\u00e1 emplazada en sitio a determinar\u201d.<\/p>\n\n\n\n<p>Las <strong>bases y condiciones<\/strong> son las siguientes:<\/p>\n\n\n\n<p>1.Leer atentamente bases y condiciones.<\/p>\n\n\n\n<p><strong>2. Podr\u00e1n participar creadoras\/es y artistas visuales de toda la provincia mayores de 18 a\u00f1os y que acrediten un m\u00ednimo de residencia de 2 a\u00f1os.<\/strong><\/p>\n\n\n\n<p>2.1 La o les ganadores recibir\u00e1n como Premio la suma de $500.000.<\/p>\n\n\n\n<p><strong>3. Caracter\u00edsticas de los trabajos<\/strong><\/p>\n\n\n\n<p>3.1. Les postulantes deber\u00e1n presentar un proyecto escult\u00f3rico que represente de modo figurativo a la \u201cMujer Trabajadora Pampeana\u201d. La tem\u00e1tica del concurso es espec\u00edfica y excluyente, por lo que no se aceptar\u00e1n trabajos que no cumplan con este requerimiento.<\/p>\n\n\n\n<p>3.2. Les autores podr\u00e1n concursar con esculturas cuyo material y t\u00e9cnica resistan el paso del tiempo e inclemencias clim\u00e1ticas ya que ser\u00e1 emplazada al aire libre. Las medidas m\u00e1ximas ser\u00e1n de 1,50 de altura y una base de 75 x 50 cm.<\/p>\n\n\n\n<p>3.3. Los organizadores se comprometen a cubrir un costo de realizaci\u00f3n de la escultura de hasta $500.000.<\/p>\n\n\n\n<p><strong>4. Presentaci\u00f3n<\/strong><\/p>\n\n\n\n<p>4.1. La postulaci\u00f3n se har\u00e1 exclusivamente mediante un formulario electr\u00f3nico online.<\/p>\n\n\n\n<p>El material excluyente solicitado ser\u00e1:<\/p>\n\n\n\n<p>\u2022 Un escrito de un m\u00e1ximo de CINCO (5) p\u00e1ginas que contenga DESCRIPCI\u00d3N DEL<\/p>\n\n\n\n<p>PROYECTO, PRESUPUESTO y PLAZOS de realizaci\u00f3n.<\/p>\n\n\n\n<p>\u2022 Un conjunto de hasta CINCO (5) im\u00e1genes que presenten el aspecto visual del proyecto.<\/p>\n\n\n\n<p>\u2022 Tres (3) obras adicionales como antecedentes que servir\u00e1n de herramienta para que el jurado pueda evaluar la producci\u00f3n del artista. Estos trabajos pueden tener cualquier antig\u00fcedad de ejecuci\u00f3n.<\/p>\n\n\n\n<p>\u2022 Curriculum Vitae de un m\u00e1ximo de UNA (1) p\u00e1gina<\/p>\n\n\n\n<p>4.2. No se aceptar\u00e1n postulaciones que no cumplan con estos requisitos.<\/p>\n\n\n\n<p>4.3 El plazo de presentaci\u00f3n cerrar\u00e1 el 25 de abril de 2023.<\/p>\n\n\n\n<p><strong>5. Jurados<\/strong><\/p>\n\n\n\n<p>5.1. El Jurado de selecci\u00f3n y premiaci\u00f3n estar\u00e1 integrado por CINCO (5) miembros, todos representantes destacados del \u00e1mbito cultural y de las instituciones convocantes. Su composici\u00f3n se anunciar\u00e1 oportunamente por los medios y redes. Su decisi\u00f3n ser\u00e1 inapelable.<\/p>\n\n\n\n<p><strong>6. Evaluaci\u00f3n de los trabajos<\/strong><\/p>\n\n\n\n<p>6.1. Luego de la verificaci\u00f3n inicial del cumplimiento de los requisitos m\u00ednimos de \u00edndole general que configuran los criterios de admisi\u00f3n, las postulaciones que sean presentadas en este concurso ingresar\u00e1n a un sistema de evaluaci\u00f3n el cual determinar\u00e1 la pertinencia de las propuestas.<\/p>\n\n\n\n<p>6.2. El Jurado de selecci\u00f3n elegir\u00e1 tres proyectos.<\/p>\n\n\n\n<p>6.3. La o las personas cuyo proyecto resulte ganador en primer lugar deber\u00e1n ceder todos los derechos de reproducci\u00f3n de la obra a los organizadores a los fines de difusi\u00f3n cultural en cualquier formato.<\/p>\n\n\n\n<p>6.4. La simple inscripci\u00f3n al presente CONCURSO equivale a una declaraci\u00f3n jurada de la o las participantes afirm\u00e1ndose como autoras leg\u00edtimas de la obra.<\/p>\n\n\n\n<p>7. Criterios de evaluaci\u00f3n:<\/p>\n\n\n\n<p>7.1. Ser\u00e1n considerados los siguientes criterios para la evaluaci\u00f3n de las obras presentadas:<\/p>\n\n\n\n<p>\u2022 Originalidad de la propuesta visual\/est\u00e9tica.<\/p>\n\n\n\n<p>\u2022 Pertinencia del trabajo en relaci\u00f3n al marco tem\u00e1tico del concurso.<\/p>\n\n\n\n<p>\u2022 Condiciones materiales de realizaci\u00f3n, conservaci\u00f3n y perdurabilidad de la obra.<\/p>\n\n\n\n<p><strong>8. Resultados:<\/strong><\/p>\n\n\n\n<p>8.1. La selecci\u00f3n se har\u00e1 de acuerdo a las pautas indicadas.<\/p>\n\n\n\n<p>8.2. Las decisiones del Jurado ser\u00e1n inapelables.<\/p>\n\n\n\n<p>8.3. La adjudicaci\u00f3n del premio ser\u00e1 notificada a la direcci\u00f3n de correo electr\u00f3nico que haya sido indicada por les postulantes en la presentaci\u00f3n de sus propuestas.<\/p>\n\n\n\n<p>9. Realizaci\u00f3n de la obra:<\/p>\n\n\n\n<p>9.1. Tras la notificaci\u00f3n de la adjudicaci\u00f3n del premio les ganadores del concurso<\/p>\n\n\n\n<p>deber\u00e1n realizar la obra proyectada de acuerdo al presupuesto y los plazos expresados en su postulaci\u00f3n. Si les ganadores se vieran impedides de cualquier forma para cumplir con dicho punto, deber\u00e1n informarlo inmediatamente. En ese caso, el premio se adjudicar\u00e1 a la segunda o tercera propuesta seleccionada, dependiendo de la posibilidad de concretar la obra.<\/p>\n\n\n\n<p>Cualquier situaci\u00f3n extraordinaria no contemplada en las bases ser\u00e1 resuelta por los organizadores.<\/p>\n\n\n\n<p>Para consultas o solicitud del formulario online, escribir al correo: direcciondeartistica@gmail.com<\/p>\n","protected":false},"excerpt":{"rendered":"<p>La Secretar\u00eda de Cultura del Gobierno de La Pampa invit\u00f3 a creadoras y artistas visuales de la Provincia a participar del concurso para escultura \u201cMujer Trabajadora Pampeana\u201d, organizado por las&hellip;<\/p>\n","protected":false},"author":4,"featured_media":221178,"comment_status":"closed","ping_status":"open","sticky":false,"template":"","format":"standard","meta":{"_acf_changed":false,"footnotes":""},"categories":[1,2],"tags":[],"class_list":["post-221177","post","type-post","status-publish","format-standard","has-post-thumbnail","hentry","category-es-noticia","category-cultura"],"acf":[],"yoast_head":"<!-- This site is optimized with the Yoast SEO plugin v27.5 - https:\/\/yoast.com\/product\/yoast-seo-wordpress\/ -->\n<title>\u200bInvitan a concurso para escultura sobre la \u201cMujer Trabajadora Pampeana\u201d - Diario Textual<\/title>\n<meta name=\"robots\" content=\"index, follow, max-snippet:-1, max-image-preview:large, max-video-preview:-1\" \/>\n<link rel=\"canonical\" href=\"https:\/\/diariotextual.com\/inicio\/index.php\/2023\/04\/05\/invitan-a-concurso-para-escultura-sobre-la-mujer-trabajadora-pampeana\/\" \/>\n<meta property=\"og:locale\" content=\"es_ES\" \/>\n<meta property=\"og:type\" content=\"article\" \/>\n<meta property=\"og:title\" content=\"\u200bInvitan a concurso para escultura sobre la \u201cMujer Trabajadora Pampeana\u201d - Diario Textual\" \/>\n<meta property=\"og:description\" content=\"La Secretar\u00eda de Cultura del Gobierno de La Pampa invit\u00f3 a creadoras y artistas visuales de la Provincia a participar del concurso para escultura \u201cMujer Trabajadora Pampeana\u201d, organizado por las&hellip;\" \/>\n<meta property=\"og:url\" content=\"https:\/\/diariotextual.com\/inicio\/index.php\/2023\/04\/05\/invitan-a-concurso-para-escultura-sobre-la-mujer-trabajadora-pampeana\/\" \/>\n<meta property=\"og:site_name\" content=\"Diario Textual\" \/>\n<meta property=\"article:publisher\" content=\"https:\/\/www.facebook.com\/eltextual\" \/>\n<meta property=\"article:published_time\" content=\"2023-04-05T17:10:51+00:00\" \/>\n<meta property=\"article:modified_time\" content=\"2023-04-05T17:10:53+00:00\" \/>\n<meta property=\"og:image\" content=\"https:\/\/diariotextual.com\/inicio\/wp-content\/uploads\/2023\/04\/mujeressindicalistasziliotto5.jpg\" \/>\n\t<meta property=\"og:image:width\" content=\"900\" \/>\n\t<meta property=\"og:image:height\" content=\"599\" \/>\n\t<meta property=\"og:image:type\" content=\"image\/jpeg\" \/>\n<meta name=\"author\" content=\"diario2\" \/>\n<meta name=\"twitter:card\" content=\"summary_large_image\" \/>\n<meta name=\"twitter:creator\" content=\"@eltextual\" \/>\n<meta name=\"twitter:site\" content=\"@eltextual\" \/>\n<meta name=\"twitter:label1\" content=\"Escrito por\" \/>\n\t<meta name=\"twitter:data1\" content=\"diario2\" \/>\n\t<meta name=\"twitter:label2\" content=\"Tiempo de lectura\" \/>\n\t<meta name=\"twitter:data2\" content=\"4 minutos\" \/>\n<script type=\"application\/ld+json\" class=\"yoast-schema-graph\">{\"@context\":\"https:\\\/\\\/schema.org\",\"@graph\":[{\"@type\":\"Article\",\"@id\":\"https:\\\/\\\/diariotextual.com\\\/inicio\\\/index.php\\\/2023\\\/04\\\/05\\\/invitan-a-concurso-para-escultura-sobre-la-mujer-trabajadora-pampeana\\\/#article\",\"isPartOf\":{\"@id\":\"https:\\\/\\\/diariotextual.com\\\/inicio\\\/index.php\\\/2023\\\/04\\\/05\\\/invitan-a-concurso-para-escultura-sobre-la-mujer-trabajadora-pampeana\\\/\"},\"author\":{\"name\":\"diario2\",\"@id\":\"https:\\\/\\\/diariotextual.com\\\/inicio\\\/#\\\/schema\\\/person\\\/694f60677f23c4a530867a98f22b3768\"},\"headline\":\"\u200bInvitan a concurso para escultura sobre la \u201cMujer Trabajadora Pampeana\u201d\",\"datePublished\":\"2023-04-05T17:10:51+00:00\",\"dateModified\":\"2023-04-05T17:10:53+00:00\",\"mainEntityOfPage\":{\"@id\":\"https:\\\/\\\/diariotextual.com\\\/inicio\\\/index.php\\\/2023\\\/04\\\/05\\\/invitan-a-concurso-para-escultura-sobre-la-mujer-trabajadora-pampeana\\\/\"},\"wordCount\":905,\"publisher\":{\"@id\":\"https:\\\/\\\/diariotextual.com\\\/inicio\\\/#organization\"},\"image\":{\"@id\":\"https:\\\/\\\/diariotextual.com\\\/inicio\\\/index.php\\\/2023\\\/04\\\/05\\\/invitan-a-concurso-para-escultura-sobre-la-mujer-trabajadora-pampeana\\\/#primaryimage\"},\"thumbnailUrl\":\"https:\\\/\\\/diariotextual.com\\\/inicio\\\/wp-content\\\/uploads\\\/2023\\\/04\\\/mujeressindicalistasziliotto5.jpg\",\"articleSection\":[\"A - ES NOTICIA (van abajo)\",\"CULTURA\"],\"inLanguage\":\"es\"},{\"@type\":\"WebPage\",\"@id\":\"https:\\\/\\\/diariotextual.com\\\/inicio\\\/index.php\\\/2023\\\/04\\\/05\\\/invitan-a-concurso-para-escultura-sobre-la-mujer-trabajadora-pampeana\\\/\",\"url\":\"https:\\\/\\\/diariotextual.com\\\/inicio\\\/index.php\\\/2023\\\/04\\\/05\\\/invitan-a-concurso-para-escultura-sobre-la-mujer-trabajadora-pampeana\\\/\",\"name\":\"\u200bInvitan a concurso para escultura sobre la \u201cMujer Trabajadora Pampeana\u201d - Diario Textual\",\"isPartOf\":{\"@id\":\"https:\\\/\\\/diariotextual.com\\\/inicio\\\/#website\"},\"primaryImageOfPage\":{\"@id\":\"https:\\\/\\\/diariotextual.com\\\/inicio\\\/index.php\\\/2023\\\/04\\\/05\\\/invitan-a-concurso-para-escultura-sobre-la-mujer-trabajadora-pampeana\\\/#primaryimage\"},\"image\":{\"@id\":\"https:\\\/\\\/diariotextual.com\\\/inicio\\\/index.php\\\/2023\\\/04\\\/05\\\/invitan-a-concurso-para-escultura-sobre-la-mujer-trabajadora-pampeana\\\/#primaryimage\"},\"thumbnailUrl\":\"https:\\\/\\\/diariotextual.com\\\/inicio\\\/wp-content\\\/uploads\\\/2023\\\/04\\\/mujeressindicalistasziliotto5.jpg\",\"datePublished\":\"2023-04-05T17:10:51+00:00\",\"dateModified\":\"2023-04-05T17:10:53+00:00\",\"breadcrumb\":{\"@id\":\"https:\\\/\\\/diariotextual.com\\\/inicio\\\/index.php\\\/2023\\\/04\\\/05\\\/invitan-a-concurso-para-escultura-sobre-la-mujer-trabajadora-pampeana\\\/#breadcrumb\"},\"inLanguage\":\"es\",\"potentialAction\":[{\"@type\":\"ReadAction\",\"target\":[\"https:\\\/\\\/diariotextual.com\\\/inicio\\\/index.php\\\/2023\\\/04\\\/05\\\/invitan-a-concurso-para-escultura-sobre-la-mujer-trabajadora-pampeana\\\/\"]}]},{\"@type\":\"ImageObject\",\"inLanguage\":\"es\",\"@id\":\"https:\\\/\\\/diariotextual.com\\\/inicio\\\/index.php\\\/2023\\\/04\\\/05\\\/invitan-a-concurso-para-escultura-sobre-la-mujer-trabajadora-pampeana\\\/#primaryimage\",\"url\":\"https:\\\/\\\/diariotextual.com\\\/inicio\\\/wp-content\\\/uploads\\\/2023\\\/04\\\/mujeressindicalistasziliotto5.jpg\",\"contentUrl\":\"https:\\\/\\\/diariotextual.com\\\/inicio\\\/wp-content\\\/uploads\\\/2023\\\/04\\\/mujeressindicalistasziliotto5.jpg\",\"width\":900,\"height\":599},{\"@type\":\"BreadcrumbList\",\"@id\":\"https:\\\/\\\/diariotextual.com\\\/inicio\\\/index.php\\\/2023\\\/04\\\/05\\\/invitan-a-concurso-para-escultura-sobre-la-mujer-trabajadora-pampeana\\\/#breadcrumb\",\"itemListElement\":[{\"@type\":\"ListItem\",\"position\":1,\"name\":\"Portada\",\"item\":\"https:\\\/\\\/diariotextual.com\\\/inicio\\\/\"},{\"@type\":\"ListItem\",\"position\":2,\"name\":\"\u200bInvitan a concurso para escultura sobre la \u201cMujer Trabajadora Pampeana\u201d\"}]},{\"@type\":\"WebSite\",\"@id\":\"https:\\\/\\\/diariotextual.com\\\/inicio\\\/#website\",\"url\":\"https:\\\/\\\/diariotextual.com\\\/inicio\\\/\",\"name\":\"Diario Textual\",\"description\":\"\",\"publisher\":{\"@id\":\"https:\\\/\\\/diariotextual.com\\\/inicio\\\/#organization\"},\"potentialAction\":[{\"@type\":\"SearchAction\",\"target\":{\"@type\":\"EntryPoint\",\"urlTemplate\":\"https:\\\/\\\/diariotextual.com\\\/inicio\\\/?s={search_term_string}\"},\"query-input\":{\"@type\":\"PropertyValueSpecification\",\"valueRequired\":true,\"valueName\":\"search_term_string\"}}],\"inLanguage\":\"es\"},{\"@type\":\"Organization\",\"@id\":\"https:\\\/\\\/diariotextual.com\\\/inicio\\\/#organization\",\"name\":\"Diario Textual\",\"url\":\"https:\\\/\\\/diariotextual.com\\\/inicio\\\/\",\"logo\":{\"@type\":\"ImageObject\",\"inLanguage\":\"es\",\"@id\":\"https:\\\/\\\/diariotextual.com\\\/inicio\\\/#\\\/schema\\\/logo\\\/image\\\/\",\"url\":\"https:\\\/\\\/diariotextual.com\\\/inicio\\\/wp-content\\\/uploads\\\/2023\\\/05\\\/logotextual1.jpg\",\"contentUrl\":\"https:\\\/\\\/diariotextual.com\\\/inicio\\\/wp-content\\\/uploads\\\/2023\\\/05\\\/logotextual1.jpg\",\"width\":516,\"height\":76,\"caption\":\"Diario Textual\"},\"image\":{\"@id\":\"https:\\\/\\\/diariotextual.com\\\/inicio\\\/#\\\/schema\\\/logo\\\/image\\\/\"},\"sameAs\":[\"https:\\\/\\\/www.facebook.com\\\/eltextual\",\"https:\\\/\\\/x.com\\\/eltextual\",\"http:\\\/\\\/www.instagram.com\\\/eltextual\"]},{\"@type\":\"Person\",\"@id\":\"https:\\\/\\\/diariotextual.com\\\/inicio\\\/#\\\/schema\\\/person\\\/694f60677f23c4a530867a98f22b3768\",\"name\":\"diario2\",\"image\":{\"@type\":\"ImageObject\",\"inLanguage\":\"es\",\"@id\":\"https:\\\/\\\/secure.gravatar.com\\\/avatar\\\/5a2567495ba16b852fcd8f1ed006a2e24fcace936018ed8237e95f488ad6e0a7?s=96&d=mm&r=g\",\"url\":\"https:\\\/\\\/secure.gravatar.com\\\/avatar\\\/5a2567495ba16b852fcd8f1ed006a2e24fcace936018ed8237e95f488ad6e0a7?s=96&d=mm&r=g\",\"contentUrl\":\"https:\\\/\\\/secure.gravatar.com\\\/avatar\\\/5a2567495ba16b852fcd8f1ed006a2e24fcace936018ed8237e95f488ad6e0a7?s=96&d=mm&r=g\",\"caption\":\"diario2\"},\"url\":\"https:\\\/\\\/diariotextual.com\\\/inicio\\\/index.php\\\/author\\\/diario2\\\/\"}]}<\/script>\n<!-- \/ Yoast SEO plugin. -->","yoast_head_json":{"title":"\u200bInvitan a concurso para escultura sobre la \u201cMujer Trabajadora Pampeana\u201d - Diario Textual","robots":{"index":"index","follow":"follow","max-snippet":"max-snippet:-1","max-image-preview":"max-image-preview:large","max-video-preview":"max-video-preview:-1"},"canonical":"https:\/\/diariotextual.com\/inicio\/index.php\/2023\/04\/05\/invitan-a-concurso-para-escultura-sobre-la-mujer-trabajadora-pampeana\/","og_locale":"es_ES","og_type":"article","og_title":"\u200bInvitan a concurso para escultura sobre la \u201cMujer Trabajadora Pampeana\u201d - Diario Textual","og_description":"La Secretar\u00eda de Cultura del Gobierno de La Pampa invit\u00f3 a creadoras y artistas visuales de la Provincia a participar del concurso para escultura \u201cMujer Trabajadora Pampeana\u201d, organizado por las&hellip;","og_url":"https:\/\/diariotextual.com\/inicio\/index.php\/2023\/04\/05\/invitan-a-concurso-para-escultura-sobre-la-mujer-trabajadora-pampeana\/","og_site_name":"Diario Textual","article_publisher":"https:\/\/www.facebook.com\/eltextual","article_published_time":"2023-04-05T17:10:51+00:00","article_modified_time":"2023-04-05T17:10:53+00:00","og_image":[{"width":900,"height":599,"url":"https:\/\/diariotextual.com\/inicio\/wp-content\/uploads\/2023\/04\/mujeressindicalistasziliotto5.jpg","type":"image\/jpeg"}],"author":"diario2","twitter_card":"summary_large_image","twitter_creator":"@eltextual","twitter_site":"@eltextual","twitter_misc":{"Escrito por":"diario2","Tiempo de lectura":"4 minutos"},"schema":{"@context":"https:\/\/schema.org","@graph":[{"@type":"Article","@id":"https:\/\/diariotextual.com\/inicio\/index.php\/2023\/04\/05\/invitan-a-concurso-para-escultura-sobre-la-mujer-trabajadora-pampeana\/#article","isPartOf":{"@id":"https:\/\/diariotextual.com\/inicio\/index.php\/2023\/04\/05\/invitan-a-concurso-para-escultura-sobre-la-mujer-trabajadora-pampeana\/"},"author":{"name":"diario2","@id":"https:\/\/diariotextual.com\/inicio\/#\/schema\/person\/694f60677f23c4a530867a98f22b3768"},"headline":"\u200bInvitan a concurso para escultura sobre la \u201cMujer Trabajadora Pampeana\u201d","datePublished":"2023-04-05T17:10:51+00:00","dateModified":"2023-04-05T17:10:53+00:00","mainEntityOfPage":{"@id":"https:\/\/diariotextual.com\/inicio\/index.php\/2023\/04\/05\/invitan-a-concurso-para-escultura-sobre-la-mujer-trabajadora-pampeana\/"},"wordCount":905,"publisher":{"@id":"https:\/\/diariotextual.com\/inicio\/#organization"},"image":{"@id":"https:\/\/diariotextual.com\/inicio\/index.php\/2023\/04\/05\/invitan-a-concurso-para-escultura-sobre-la-mujer-trabajadora-pampeana\/#primaryimage"},"thumbnailUrl":"https:\/\/diariotextual.com\/inicio\/wp-content\/uploads\/2023\/04\/mujeressindicalistasziliotto5.jpg","articleSection":["A - ES NOTICIA (van abajo)","CULTURA"],"inLanguage":"es"},{"@type":"WebPage","@id":"https:\/\/diariotextual.com\/inicio\/index.php\/2023\/04\/05\/invitan-a-concurso-para-escultura-sobre-la-mujer-trabajadora-pampeana\/","url":"https:\/\/diariotextual.com\/inicio\/index.php\/2023\/04\/05\/invitan-a-concurso-para-escultura-sobre-la-mujer-trabajadora-pampeana\/","name":"\u200bInvitan a concurso para escultura sobre la \u201cMujer Trabajadora Pampeana\u201d - Diario Textual","isPartOf":{"@id":"https:\/\/diariotextual.com\/inicio\/#website"},"primaryImageOfPage":{"@id":"https:\/\/diariotextual.com\/inicio\/index.php\/2023\/04\/05\/invitan-a-concurso-para-escultura-sobre-la-mujer-trabajadora-pampeana\/#primaryimage"},"image":{"@id":"https:\/\/diariotextual.com\/inicio\/index.php\/2023\/04\/05\/invitan-a-concurso-para-escultura-sobre-la-mujer-trabajadora-pampeana\/#primaryimage"},"thumbnailUrl":"https:\/\/diariotextual.com\/inicio\/wp-content\/uploads\/2023\/04\/mujeressindicalistasziliotto5.jpg","datePublished":"2023-04-05T17:10:51+00:00","dateModified":"2023-04-05T17:10:53+00:00","breadcrumb":{"@id":"https:\/\/diariotextual.com\/inicio\/index.php\/2023\/04\/05\/invitan-a-concurso-para-escultura-sobre-la-mujer-trabajadora-pampeana\/#breadcrumb"},"inLanguage":"es","potentialAction":[{"@type":"ReadAction","target":["https:\/\/diariotextual.com\/inicio\/index.php\/2023\/04\/05\/invitan-a-concurso-para-escultura-sobre-la-mujer-trabajadora-pampeana\/"]}]},{"@type":"ImageObject","inLanguage":"es","@id":"https:\/\/diariotextual.com\/inicio\/index.php\/2023\/04\/05\/invitan-a-concurso-para-escultura-sobre-la-mujer-trabajadora-pampeana\/#primaryimage","url":"https:\/\/diariotextual.com\/inicio\/wp-content\/uploads\/2023\/04\/mujeressindicalistasziliotto5.jpg","contentUrl":"https:\/\/diariotextual.com\/inicio\/wp-content\/uploads\/2023\/04\/mujeressindicalistasziliotto5.jpg","width":900,"height":599},{"@type":"BreadcrumbList","@id":"https:\/\/diariotextual.com\/inicio\/index.php\/2023\/04\/05\/invitan-a-concurso-para-escultura-sobre-la-mujer-trabajadora-pampeana\/#breadcrumb","itemListElement":[{"@type":"ListItem","position":1,"name":"Portada","item":"https:\/\/diariotextual.com\/inicio\/"},{"@type":"ListItem","position":2,"name":"\u200bInvitan a concurso para escultura sobre la \u201cMujer Trabajadora Pampeana\u201d"}]},{"@type":"WebSite","@id":"https:\/\/diariotextual.com\/inicio\/#website","url":"https:\/\/diariotextual.com\/inicio\/","name":"Diario Textual","description":"","publisher":{"@id":"https:\/\/diariotextual.com\/inicio\/#organization"},"potentialAction":[{"@type":"SearchAction","target":{"@type":"EntryPoint","urlTemplate":"https:\/\/diariotextual.com\/inicio\/?s={search_term_string}"},"query-input":{"@type":"PropertyValueSpecification","valueRequired":true,"valueName":"search_term_string"}}],"inLanguage":"es"},{"@type":"Organization","@id":"https:\/\/diariotextual.com\/inicio\/#organization","name":"Diario Textual","url":"https:\/\/diariotextual.com\/inicio\/","logo":{"@type":"ImageObject","inLanguage":"es","@id":"https:\/\/diariotextual.com\/inicio\/#\/schema\/logo\/image\/","url":"https:\/\/diariotextual.com\/inicio\/wp-content\/uploads\/2023\/05\/logotextual1.jpg","contentUrl":"https:\/\/diariotextual.com\/inicio\/wp-content\/uploads\/2023\/05\/logotextual1.jpg","width":516,"height":76,"caption":"Diario Textual"},"image":{"@id":"https:\/\/diariotextual.com\/inicio\/#\/schema\/logo\/image\/"},"sameAs":["https:\/\/www.facebook.com\/eltextual","https:\/\/x.com\/eltextual","http:\/\/www.instagram.com\/eltextual"]},{"@type":"Person","@id":"https:\/\/diariotextual.com\/inicio\/#\/schema\/person\/694f60677f23c4a530867a98f22b3768","name":"diario2","image":{"@type":"ImageObject","inLanguage":"es","@id":"https:\/\/secure.gravatar.com\/avatar\/5a2567495ba16b852fcd8f1ed006a2e24fcace936018ed8237e95f488ad6e0a7?s=96&d=mm&r=g","url":"https:\/\/secure.gravatar.com\/avatar\/5a2567495ba16b852fcd8f1ed006a2e24fcace936018ed8237e95f488ad6e0a7?s=96&d=mm&r=g","contentUrl":"https:\/\/secure.gravatar.com\/avatar\/5a2567495ba16b852fcd8f1ed006a2e24fcace936018ed8237e95f488ad6e0a7?s=96&d=mm&r=g","caption":"diario2"},"url":"https:\/\/diariotextual.com\/inicio\/index.php\/author\/diario2\/"}]}},"_links":{"self":[{"href":"https:\/\/diariotextual.com\/inicio\/index.php\/wp-json\/wp\/v2\/posts\/221177","targetHints":{"allow":["GET"]}}],"collection":[{"href":"https:\/\/diariotextual.com\/inicio\/index.php\/wp-json\/wp\/v2\/posts"}],"about":[{"href":"https:\/\/diariotextual.com\/inicio\/index.php\/wp-json\/wp\/v2\/types\/post"}],"author":[{"embeddable":true,"href":"https:\/\/diariotextual.com\/inicio\/index.php\/wp-json\/wp\/v2\/users\/4"}],"replies":[{"embeddable":true,"href":"https:\/\/diariotextual.com\/inicio\/index.php\/wp-json\/wp\/v2\/comments?post=221177"}],"version-history":[{"count":1,"href":"https:\/\/diariotextual.com\/inicio\/index.php\/wp-json\/wp\/v2\/posts\/221177\/revisions"}],"predecessor-version":[{"id":221179,"href":"https:\/\/diariotextual.com\/inicio\/index.php\/wp-json\/wp\/v2\/posts\/221177\/revisions\/221179"}],"wp:featuredmedia":[{"embeddable":true,"href":"https:\/\/diariotextual.com\/inicio\/index.php\/wp-json\/wp\/v2\/media\/221178"}],"wp:attachment":[{"href":"https:\/\/diariotextual.com\/inicio\/index.php\/wp-json\/wp\/v2\/media?parent=221177"}],"wp:term":[{"taxonomy":"category","embeddable":true,"href":"https:\/\/diariotextual.com\/inicio\/index.php\/wp-json\/wp\/v2\/categories?post=221177"},{"taxonomy":"post_tag","embeddable":true,"href":"https:\/\/diariotextual.com\/inicio\/index.php\/wp-json\/wp\/v2\/tags?post=221177"}],"curies":[{"name":"wp","href":"https:\/\/api.w.org\/{rel}","templated":true}]}}