{"id":221397,"date":"2023-04-08T09:15:58","date_gmt":"2023-04-08T12:15:58","guid":{"rendered":"https:\/\/diariotextual.com\/inicio\/?p=221397"},"modified":"2023-04-08T09:16:02","modified_gmt":"2023-04-08T12:16:02","slug":"diputados-retoma-este-martes-sus-audiencias-por-juicio-a-la-corte","status":"publish","type":"post","link":"https:\/\/diariotextual.com\/inicio\/index.php\/2023\/04\/08\/diputados-retoma-este-martes-sus-audiencias-por-juicio-a-la-corte\/","title":{"rendered":"Diputados retoma este martes sus audiencias por juicio a la Corte"},"content":{"rendered":"\n<p>El exministro de Justicia del Gobierno de Mauricio Macri, Germ\u00e1n Garavano, concurrir\u00eda el martes pr\u00f3ximo a la Comisi\u00f3n de Juicio Pol\u00edtico de la C\u00e1mara de Diputados para exponer sobre el accionar de la Corte Suprema durante su gesti\u00f3n, en el marco del proceso de juicio pol\u00edtico a los cuatro integrantes del m\u00e1ximo tribunal que se inici\u00f3 en febrero pasado en la C\u00e1mara baja.<br><br>Fuentes parlamentarias revelaron a T\u00e9lam que Garavano -que se hab\u00eda ausentado en una anterior convocatoria- confirm\u00f3 su presencia a las autoridades de la comisi\u00f3n y asistir\u00eda a exponer ante los diputados el martes a partir de las 13 ante la comisi\u00f3n que preside Carolina Gaillard (Frente de Todos, FdT-Entre R\u00edos).<br><br>Tambi\u00e9n, confirm\u00f3 su presencia la titular de Abuelas de Plaza de Mayo, Estela Carlotto y la Comisi\u00f3n cit\u00f3 adem\u00e1s para este martes a los periodistas Irina Hauser, Luciana Bertoia, Mart\u00edn Granovsky, Silvana Boschi e Ignacio Miri.<\/p>\n\n\n\n<p>Desde que se inici\u00f3 el a\u00f1o parlamentario, la Comisi\u00f3n de Juicio Pol\u00edtico fue una de las m\u00e1s activas de la c\u00e1mara baja con la apertura del proceso contra los jueces de la Corte Suprema (Horacio Rosatti, Carlos Rosenkrantz, Juan Carlos Maqueda y Ricardo Lorenzetti) y recibi\u00f3 varios testigos, en el marco del proceso de remoci\u00f3n iniciado a principios de febrero.<br><br>En una nueva convocatoria, la comisi\u00f3n cit\u00f3 a varios periodistas, a propuesta del FdT para que ratifiquen lo expresado en art\u00edculos period\u00edsticos sobre la secuencia que precedi\u00f3 al \u201cfallo Mui\u00f1a\u201d (2&#215;1) de la Corte, con el aval de tres de los cinco magistrados que en ese momento integraban el m\u00e1ximo tribunal.<br><br>Se trata de la quinta reuni\u00f3n testimonial de la Comisi\u00f3n de Juicio Pol\u00edtico que analiza la conducta de los magistrados del m\u00e1ximo tribunal, y Garavano hab\u00eda sido citado a declarar como testigo en la \u00faltima reuni\u00f3n del cuerpo, pero envi\u00f3 una nota en la cual anunci\u00f3 la \u00abimposibilidad de concurrir\u00bb y pidi\u00f3 reprogramar la audiencia.<\/p>\n\n\n\n<p>Tampoco asisti\u00f3 en esa oportunidad el senador del PRO, Jos\u00e9 Torello, exjefe de asesores de Presidencia, que elev\u00f3 un escrito a la comisi\u00f3n en la que dijo que \u201cla C\u00e1mara de Diputados carece de competencia para citarme a ser interrogado en raz\u00f3n de mi condici\u00f3n de Senador de la Naci\u00f3n, por lo que hago saber a la se\u00f1ora presidente (Carolina Gaillard) que no avalo ni admito interrogatorio alguno que menoscaben la inmunidad que protegen la funci\u00f3n que ejerzo por mandato popular\u201d.<\/p>\n","protected":false},"excerpt":{"rendered":"<p>El exministro de Justicia del Gobierno de Mauricio Macri, Germ\u00e1n Garavano, concurrir\u00eda el martes pr\u00f3ximo a la Comisi\u00f3n de Juicio Pol\u00edtico de la C\u00e1mara de Diputados para exponer sobre el&hellip;<\/p>\n","protected":false},"author":3,"featured_media":215523,"comment_status":"closed","ping_status":"open","sticky":false,"template":"","format":"standard","meta":{"_acf_changed":false,"footnotes":""},"categories":[4,12],"tags":[],"class_list":["post-221397","post","type-post","status-publish","format-standard","has-post-thumbnail","hentry","category-destacadas","category-sociedad"],"acf":[],"yoast_head":"<!-- This site is optimized with the Yoast SEO plugin v27.5 - https:\/\/yoast.com\/product\/yoast-seo-wordpress\/ -->\n<title>Diputados retoma este martes sus audiencias por juicio a la Corte - Diario Textual<\/title>\n<meta name=\"robots\" content=\"index, follow, max-snippet:-1, max-image-preview:large, max-video-preview:-1\" \/>\n<link rel=\"canonical\" href=\"https:\/\/diariotextual.com\/inicio\/index.php\/2023\/04\/08\/diputados-retoma-este-martes-sus-audiencias-por-juicio-a-la-corte\/\" \/>\n<meta property=\"og:locale\" content=\"es_ES\" \/>\n<meta property=\"og:type\" content=\"article\" \/>\n<meta property=\"og:title\" content=\"Diputados retoma este martes sus audiencias por juicio a la Corte - Diario Textual\" \/>\n<meta property=\"og:description\" content=\"El exministro de Justicia del Gobierno de Mauricio Macri, Germ\u00e1n Garavano, concurrir\u00eda el martes pr\u00f3ximo a la Comisi\u00f3n de Juicio Pol\u00edtico de la C\u00e1mara de Diputados para exponer sobre el&hellip;\" \/>\n<meta property=\"og:url\" content=\"https:\/\/diariotextual.com\/inicio\/index.php\/2023\/04\/08\/diputados-retoma-este-martes-sus-audiencias-por-juicio-a-la-corte\/\" \/>\n<meta property=\"og:site_name\" content=\"Diario Textual\" \/>\n<meta property=\"article:publisher\" content=\"https:\/\/www.facebook.com\/eltextual\" \/>\n<meta property=\"article:published_time\" content=\"2023-04-08T12:15:58+00:00\" \/>\n<meta property=\"article:modified_time\" content=\"2023-04-08T12:16:02+00:00\" \/>\n<meta property=\"og:image\" content=\"https:\/\/diariotextual.com\/inicio\/wp-content\/uploads\/2023\/02\/diputadoscomisionjuiciopoliticocorte2023-1.jpeg\" \/>\n\t<meta property=\"og:image:width\" content=\"1280\" \/>\n\t<meta property=\"og:image:height\" content=\"854\" \/>\n\t<meta property=\"og:image:type\" content=\"image\/jpeg\" \/>\n<meta name=\"author\" content=\"Diario1 Diario1\" \/>\n<meta name=\"twitter:card\" content=\"summary_large_image\" \/>\n<meta name=\"twitter:creator\" content=\"@eltextual\" \/>\n<meta name=\"twitter:site\" content=\"@eltextual\" \/>\n<meta name=\"twitter:label1\" content=\"Escrito por\" \/>\n\t<meta name=\"twitter:data1\" content=\"Diario1 Diario1\" \/>\n\t<meta name=\"twitter:label2\" content=\"Tiempo de lectura\" \/>\n\t<meta name=\"twitter:data2\" content=\"2 minutos\" \/>\n<script type=\"application\/ld+json\" class=\"yoast-schema-graph\">{\"@context\":\"https:\\\/\\\/schema.org\",\"@graph\":[{\"@type\":\"Article\",\"@id\":\"https:\\\/\\\/diariotextual.com\\\/inicio\\\/index.php\\\/2023\\\/04\\\/08\\\/diputados-retoma-este-martes-sus-audiencias-por-juicio-a-la-corte\\\/#article\",\"isPartOf\":{\"@id\":\"https:\\\/\\\/diariotextual.com\\\/inicio\\\/index.php\\\/2023\\\/04\\\/08\\\/diputados-retoma-este-martes-sus-audiencias-por-juicio-a-la-corte\\\/\"},\"author\":{\"name\":\"Diario1 Diario1\",\"@id\":\"https:\\\/\\\/diariotextual.com\\\/inicio\\\/#\\\/schema\\\/person\\\/418fc4093c33e86ed41562db3508f958\"},\"headline\":\"Diputados retoma este martes sus audiencias por juicio a la Corte\",\"datePublished\":\"2023-04-08T12:15:58+00:00\",\"dateModified\":\"2023-04-08T12:16:02+00:00\",\"mainEntityOfPage\":{\"@id\":\"https:\\\/\\\/diariotextual.com\\\/inicio\\\/index.php\\\/2023\\\/04\\\/08\\\/diputados-retoma-este-martes-sus-audiencias-por-juicio-a-la-corte\\\/\"},\"wordCount\":450,\"publisher\":{\"@id\":\"https:\\\/\\\/diariotextual.com\\\/inicio\\\/#organization\"},\"image\":{\"@id\":\"https:\\\/\\\/diariotextual.com\\\/inicio\\\/index.php\\\/2023\\\/04\\\/08\\\/diputados-retoma-este-martes-sus-audiencias-por-juicio-a-la-corte\\\/#primaryimage\"},\"thumbnailUrl\":\"https:\\\/\\\/diariotextual.com\\\/inicio\\\/wp-content\\\/uploads\\\/2023\\\/02\\\/diputadoscomisionjuiciopoliticocorte2023-1.jpeg\",\"articleSection\":[\"A - DESTACADAS (mod 16)\",\"SOCIEDAD\"],\"inLanguage\":\"es\"},{\"@type\":\"WebPage\",\"@id\":\"https:\\\/\\\/diariotextual.com\\\/inicio\\\/index.php\\\/2023\\\/04\\\/08\\\/diputados-retoma-este-martes-sus-audiencias-por-juicio-a-la-corte\\\/\",\"url\":\"https:\\\/\\\/diariotextual.com\\\/inicio\\\/index.php\\\/2023\\\/04\\\/08\\\/diputados-retoma-este-martes-sus-audiencias-por-juicio-a-la-corte\\\/\",\"name\":\"Diputados retoma este martes sus audiencias por juicio a la Corte - Diario Textual\",\"isPartOf\":{\"@id\":\"https:\\\/\\\/diariotextual.com\\\/inicio\\\/#website\"},\"primaryImageOfPage\":{\"@id\":\"https:\\\/\\\/diariotextual.com\\\/inicio\\\/index.php\\\/2023\\\/04\\\/08\\\/diputados-retoma-este-martes-sus-audiencias-por-juicio-a-la-corte\\\/#primaryimage\"},\"image\":{\"@id\":\"https:\\\/\\\/diariotextual.com\\\/inicio\\\/index.php\\\/2023\\\/04\\\/08\\\/diputados-retoma-este-martes-sus-audiencias-por-juicio-a-la-corte\\\/#primaryimage\"},\"thumbnailUrl\":\"https:\\\/\\\/diariotextual.com\\\/inicio\\\/wp-content\\\/uploads\\\/2023\\\/02\\\/diputadoscomisionjuiciopoliticocorte2023-1.jpeg\",\"datePublished\":\"2023-04-08T12:15:58+00:00\",\"dateModified\":\"2023-04-08T12:16:02+00:00\",\"breadcrumb\":{\"@id\":\"https:\\\/\\\/diariotextual.com\\\/inicio\\\/index.php\\\/2023\\\/04\\\/08\\\/diputados-retoma-este-martes-sus-audiencias-por-juicio-a-la-corte\\\/#breadcrumb\"},\"inLanguage\":\"es\",\"potentialAction\":[{\"@type\":\"ReadAction\",\"target\":[\"https:\\\/\\\/diariotextual.com\\\/inicio\\\/index.php\\\/2023\\\/04\\\/08\\\/diputados-retoma-este-martes-sus-audiencias-por-juicio-a-la-corte\\\/\"]}]},{\"@type\":\"ImageObject\",\"inLanguage\":\"es\",\"@id\":\"https:\\\/\\\/diariotextual.com\\\/inicio\\\/index.php\\\/2023\\\/04\\\/08\\\/diputados-retoma-este-martes-sus-audiencias-por-juicio-a-la-corte\\\/#primaryimage\",\"url\":\"https:\\\/\\\/diariotextual.com\\\/inicio\\\/wp-content\\\/uploads\\\/2023\\\/02\\\/diputadoscomisionjuiciopoliticocorte2023-1.jpeg\",\"contentUrl\":\"https:\\\/\\\/diariotextual.com\\\/inicio\\\/wp-content\\\/uploads\\\/2023\\\/02\\\/diputadoscomisionjuiciopoliticocorte2023-1.jpeg\",\"width\":1280,\"height\":854},{\"@type\":\"BreadcrumbList\",\"@id\":\"https:\\\/\\\/diariotextual.com\\\/inicio\\\/index.php\\\/2023\\\/04\\\/08\\\/diputados-retoma-este-martes-sus-audiencias-por-juicio-a-la-corte\\\/#breadcrumb\",\"itemListElement\":[{\"@type\":\"ListItem\",\"position\":1,\"name\":\"Portada\",\"item\":\"https:\\\/\\\/diariotextual.com\\\/inicio\\\/\"},{\"@type\":\"ListItem\",\"position\":2,\"name\":\"Diputados retoma este martes sus audiencias por juicio a la Corte\"}]},{\"@type\":\"WebSite\",\"@id\":\"https:\\\/\\\/diariotextual.com\\\/inicio\\\/#website\",\"url\":\"https:\\\/\\\/diariotextual.com\\\/inicio\\\/\",\"name\":\"Diario Textual\",\"description\":\"\",\"publisher\":{\"@id\":\"https:\\\/\\\/diariotextual.com\\\/inicio\\\/#organization\"},\"potentialAction\":[{\"@type\":\"SearchAction\",\"target\":{\"@type\":\"EntryPoint\",\"urlTemplate\":\"https:\\\/\\\/diariotextual.com\\\/inicio\\\/?s={search_term_string}\"},\"query-input\":{\"@type\":\"PropertyValueSpecification\",\"valueRequired\":true,\"valueName\":\"search_term_string\"}}],\"inLanguage\":\"es\"},{\"@type\":\"Organization\",\"@id\":\"https:\\\/\\\/diariotextual.com\\\/inicio\\\/#organization\",\"name\":\"Diario Textual\",\"url\":\"https:\\\/\\\/diariotextual.com\\\/inicio\\\/\",\"logo\":{\"@type\":\"ImageObject\",\"inLanguage\":\"es\",\"@id\":\"https:\\\/\\\/diariotextual.com\\\/inicio\\\/#\\\/schema\\\/logo\\\/image\\\/\",\"url\":\"https:\\\/\\\/diariotextual.com\\\/inicio\\\/wp-content\\\/uploads\\\/2023\\\/05\\\/logotextual1.jpg\",\"contentUrl\":\"https:\\\/\\\/diariotextual.com\\\/inicio\\\/wp-content\\\/uploads\\\/2023\\\/05\\\/logotextual1.jpg\",\"width\":516,\"height\":76,\"caption\":\"Diario Textual\"},\"image\":{\"@id\":\"https:\\\/\\\/diariotextual.com\\\/inicio\\\/#\\\/schema\\\/logo\\\/image\\\/\"},\"sameAs\":[\"https:\\\/\\\/www.facebook.com\\\/eltextual\",\"https:\\\/\\\/x.com\\\/eltextual\",\"http:\\\/\\\/www.instagram.com\\\/eltextual\"]},{\"@type\":\"Person\",\"@id\":\"https:\\\/\\\/diariotextual.com\\\/inicio\\\/#\\\/schema\\\/person\\\/418fc4093c33e86ed41562db3508f958\",\"name\":\"Diario1 Diario1\",\"image\":{\"@type\":\"ImageObject\",\"inLanguage\":\"es\",\"@id\":\"https:\\\/\\\/secure.gravatar.com\\\/avatar\\\/9167d280179c85bc18be67aa7eda765854300033af4896dd779b608640f2ef7a?s=96&d=mm&r=g\",\"url\":\"https:\\\/\\\/secure.gravatar.com\\\/avatar\\\/9167d280179c85bc18be67aa7eda765854300033af4896dd779b608640f2ef7a?s=96&d=mm&r=g\",\"contentUrl\":\"https:\\\/\\\/secure.gravatar.com\\\/avatar\\\/9167d280179c85bc18be67aa7eda765854300033af4896dd779b608640f2ef7a?s=96&d=mm&r=g\",\"caption\":\"Diario1 Diario1\"},\"url\":\"https:\\\/\\\/diariotextual.com\\\/inicio\\\/index.php\\\/author\\\/diario1\\\/\"}]}<\/script>\n<!-- \/ Yoast SEO plugin. -->","yoast_head_json":{"title":"Diputados retoma este martes sus audiencias por juicio a la Corte - Diario Textual","robots":{"index":"index","follow":"follow","max-snippet":"max-snippet:-1","max-image-preview":"max-image-preview:large","max-video-preview":"max-video-preview:-1"},"canonical":"https:\/\/diariotextual.com\/inicio\/index.php\/2023\/04\/08\/diputados-retoma-este-martes-sus-audiencias-por-juicio-a-la-corte\/","og_locale":"es_ES","og_type":"article","og_title":"Diputados retoma este martes sus audiencias por juicio a la Corte - Diario Textual","og_description":"El exministro de Justicia del Gobierno de Mauricio Macri, Germ\u00e1n Garavano, concurrir\u00eda el martes pr\u00f3ximo a la Comisi\u00f3n de Juicio Pol\u00edtico de la C\u00e1mara de Diputados para exponer sobre el&hellip;","og_url":"https:\/\/diariotextual.com\/inicio\/index.php\/2023\/04\/08\/diputados-retoma-este-martes-sus-audiencias-por-juicio-a-la-corte\/","og_site_name":"Diario Textual","article_publisher":"https:\/\/www.facebook.com\/eltextual","article_published_time":"2023-04-08T12:15:58+00:00","article_modified_time":"2023-04-08T12:16:02+00:00","og_image":[{"width":1280,"height":854,"url":"https:\/\/diariotextual.com\/inicio\/wp-content\/uploads\/2023\/02\/diputadoscomisionjuiciopoliticocorte2023-1.jpeg","type":"image\/jpeg"}],"author":"Diario1 Diario1","twitter_card":"summary_large_image","twitter_creator":"@eltextual","twitter_site":"@eltextual","twitter_misc":{"Escrito por":"Diario1 Diario1","Tiempo de lectura":"2 minutos"},"schema":{"@context":"https:\/\/schema.org","@graph":[{"@type":"Article","@id":"https:\/\/diariotextual.com\/inicio\/index.php\/2023\/04\/08\/diputados-retoma-este-martes-sus-audiencias-por-juicio-a-la-corte\/#article","isPartOf":{"@id":"https:\/\/diariotextual.com\/inicio\/index.php\/2023\/04\/08\/diputados-retoma-este-martes-sus-audiencias-por-juicio-a-la-corte\/"},"author":{"name":"Diario1 Diario1","@id":"https:\/\/diariotextual.com\/inicio\/#\/schema\/person\/418fc4093c33e86ed41562db3508f958"},"headline":"Diputados retoma este martes sus audiencias por juicio a la Corte","datePublished":"2023-04-08T12:15:58+00:00","dateModified":"2023-04-08T12:16:02+00:00","mainEntityOfPage":{"@id":"https:\/\/diariotextual.com\/inicio\/index.php\/2023\/04\/08\/diputados-retoma-este-martes-sus-audiencias-por-juicio-a-la-corte\/"},"wordCount":450,"publisher":{"@id":"https:\/\/diariotextual.com\/inicio\/#organization"},"image":{"@id":"https:\/\/diariotextual.com\/inicio\/index.php\/2023\/04\/08\/diputados-retoma-este-martes-sus-audiencias-por-juicio-a-la-corte\/#primaryimage"},"thumbnailUrl":"https:\/\/diariotextual.com\/inicio\/wp-content\/uploads\/2023\/02\/diputadoscomisionjuiciopoliticocorte2023-1.jpeg","articleSection":["A - DESTACADAS (mod 16)","SOCIEDAD"],"inLanguage":"es"},{"@type":"WebPage","@id":"https:\/\/diariotextual.com\/inicio\/index.php\/2023\/04\/08\/diputados-retoma-este-martes-sus-audiencias-por-juicio-a-la-corte\/","url":"https:\/\/diariotextual.com\/inicio\/index.php\/2023\/04\/08\/diputados-retoma-este-martes-sus-audiencias-por-juicio-a-la-corte\/","name":"Diputados retoma este martes sus audiencias por juicio a la Corte - Diario Textual","isPartOf":{"@id":"https:\/\/diariotextual.com\/inicio\/#website"},"primaryImageOfPage":{"@id":"https:\/\/diariotextual.com\/inicio\/index.php\/2023\/04\/08\/diputados-retoma-este-martes-sus-audiencias-por-juicio-a-la-corte\/#primaryimage"},"image":{"@id":"https:\/\/diariotextual.com\/inicio\/index.php\/2023\/04\/08\/diputados-retoma-este-martes-sus-audiencias-por-juicio-a-la-corte\/#primaryimage"},"thumbnailUrl":"https:\/\/diariotextual.com\/inicio\/wp-content\/uploads\/2023\/02\/diputadoscomisionjuiciopoliticocorte2023-1.jpeg","datePublished":"2023-04-08T12:15:58+00:00","dateModified":"2023-04-08T12:16:02+00:00","breadcrumb":{"@id":"https:\/\/diariotextual.com\/inicio\/index.php\/2023\/04\/08\/diputados-retoma-este-martes-sus-audiencias-por-juicio-a-la-corte\/#breadcrumb"},"inLanguage":"es","potentialAction":[{"@type":"ReadAction","target":["https:\/\/diariotextual.com\/inicio\/index.php\/2023\/04\/08\/diputados-retoma-este-martes-sus-audiencias-por-juicio-a-la-corte\/"]}]},{"@type":"ImageObject","inLanguage":"es","@id":"https:\/\/diariotextual.com\/inicio\/index.php\/2023\/04\/08\/diputados-retoma-este-martes-sus-audiencias-por-juicio-a-la-corte\/#primaryimage","url":"https:\/\/diariotextual.com\/inicio\/wp-content\/uploads\/2023\/02\/diputadoscomisionjuiciopoliticocorte2023-1.jpeg","contentUrl":"https:\/\/diariotextual.com\/inicio\/wp-content\/uploads\/2023\/02\/diputadoscomisionjuiciopoliticocorte2023-1.jpeg","width":1280,"height":854},{"@type":"BreadcrumbList","@id":"https:\/\/diariotextual.com\/inicio\/index.php\/2023\/04\/08\/diputados-retoma-este-martes-sus-audiencias-por-juicio-a-la-corte\/#breadcrumb","itemListElement":[{"@type":"ListItem","position":1,"name":"Portada","item":"https:\/\/diariotextual.com\/inicio\/"},{"@type":"ListItem","position":2,"name":"Diputados retoma este martes sus audiencias por juicio a la Corte"}]},{"@type":"WebSite","@id":"https:\/\/diariotextual.com\/inicio\/#website","url":"https:\/\/diariotextual.com\/inicio\/","name":"Diario Textual","description":"","publisher":{"@id":"https:\/\/diariotextual.com\/inicio\/#organization"},"potentialAction":[{"@type":"SearchAction","target":{"@type":"EntryPoint","urlTemplate":"https:\/\/diariotextual.com\/inicio\/?s={search_term_string}"},"query-input":{"@type":"PropertyValueSpecification","valueRequired":true,"valueName":"search_term_string"}}],"inLanguage":"es"},{"@type":"Organization","@id":"https:\/\/diariotextual.com\/inicio\/#organization","name":"Diario Textual","url":"https:\/\/diariotextual.com\/inicio\/","logo":{"@type":"ImageObject","inLanguage":"es","@id":"https:\/\/diariotextual.com\/inicio\/#\/schema\/logo\/image\/","url":"https:\/\/diariotextual.com\/inicio\/wp-content\/uploads\/2023\/05\/logotextual1.jpg","contentUrl":"https:\/\/diariotextual.com\/inicio\/wp-content\/uploads\/2023\/05\/logotextual1.jpg","width":516,"height":76,"caption":"Diario Textual"},"image":{"@id":"https:\/\/diariotextual.com\/inicio\/#\/schema\/logo\/image\/"},"sameAs":["https:\/\/www.facebook.com\/eltextual","https:\/\/x.com\/eltextual","http:\/\/www.instagram.com\/eltextual"]},{"@type":"Person","@id":"https:\/\/diariotextual.com\/inicio\/#\/schema\/person\/418fc4093c33e86ed41562db3508f958","name":"Diario1 Diario1","image":{"@type":"ImageObject","inLanguage":"es","@id":"https:\/\/secure.gravatar.com\/avatar\/9167d280179c85bc18be67aa7eda765854300033af4896dd779b608640f2ef7a?s=96&d=mm&r=g","url":"https:\/\/secure.gravatar.com\/avatar\/9167d280179c85bc18be67aa7eda765854300033af4896dd779b608640f2ef7a?s=96&d=mm&r=g","contentUrl":"https:\/\/secure.gravatar.com\/avatar\/9167d280179c85bc18be67aa7eda765854300033af4896dd779b608640f2ef7a?s=96&d=mm&r=g","caption":"Diario1 Diario1"},"url":"https:\/\/diariotextual.com\/inicio\/index.php\/author\/diario1\/"}]}},"_links":{"self":[{"href":"https:\/\/diariotextual.com\/inicio\/index.php\/wp-json\/wp\/v2\/posts\/221397","targetHints":{"allow":["GET"]}}],"collection":[{"href":"https:\/\/diariotextual.com\/inicio\/index.php\/wp-json\/wp\/v2\/posts"}],"about":[{"href":"https:\/\/diariotextual.com\/inicio\/index.php\/wp-json\/wp\/v2\/types\/post"}],"author":[{"embeddable":true,"href":"https:\/\/diariotextual.com\/inicio\/index.php\/wp-json\/wp\/v2\/users\/3"}],"replies":[{"embeddable":true,"href":"https:\/\/diariotextual.com\/inicio\/index.php\/wp-json\/wp\/v2\/comments?post=221397"}],"version-history":[{"count":2,"href":"https:\/\/diariotextual.com\/inicio\/index.php\/wp-json\/wp\/v2\/posts\/221397\/revisions"}],"predecessor-version":[{"id":221399,"href":"https:\/\/diariotextual.com\/inicio\/index.php\/wp-json\/wp\/v2\/posts\/221397\/revisions\/221399"}],"wp:featuredmedia":[{"embeddable":true,"href":"https:\/\/diariotextual.com\/inicio\/index.php\/wp-json\/wp\/v2\/media\/215523"}],"wp:attachment":[{"href":"https:\/\/diariotextual.com\/inicio\/index.php\/wp-json\/wp\/v2\/media?parent=221397"}],"wp:term":[{"taxonomy":"category","embeddable":true,"href":"https:\/\/diariotextual.com\/inicio\/index.php\/wp-json\/wp\/v2\/categories?post=221397"},{"taxonomy":"post_tag","embeddable":true,"href":"https:\/\/diariotextual.com\/inicio\/index.php\/wp-json\/wp\/v2\/tags?post=221397"}],"curies":[{"name":"wp","href":"https:\/\/api.w.org\/{rel}","templated":true}]}}