{"id":221641,"date":"2023-04-10T17:29:47","date_gmt":"2023-04-10T20:29:47","guid":{"rendered":"https:\/\/diariotextual.com\/inicio\/?p=221641"},"modified":"2023-04-10T17:29:48","modified_gmt":"2023-04-10T20:29:48","slug":"abren-convocatoria-del-fondo-de-fomento-para-proyectos-artistico-culturales","status":"publish","type":"post","link":"https:\/\/diariotextual.com\/inicio\/index.php\/2023\/04\/10\/abren-convocatoria-del-fondo-de-fomento-para-proyectos-artistico-culturales\/","title":{"rendered":"Abren convocatoria del Fondo de Fomento para Proyectos Art\u00edstico Culturales"},"content":{"rendered":"\n<p>La Secretar\u00eda de Cultura del Gobierno de La Pampa invit\u00f3 a artistas, gestoras y productoras pampeanas residentes en La Pampa a presentarse a la convocatoria 2023.<\/p>\n\n\n\n<p>El Fondo de Fomento para Proyectos Art\u00edstico Culturales tiene como objetivo valorar y acompa\u00f1ar m\u00faltiples proyectos art\u00edsticos que se desarrollan en todo el territorio provincial.<\/p>\n\n\n\n<p>La postulaci\u00f3n queda abierta hasta el 31 de octubre de este a\u00f1o.<\/p>\n\n\n\n<p>El fomento tiene car\u00e1cter de est\u00edmulo, ayuda o colaboraci\u00f3n a propuestas que procuren un desarrollo en el campo de las industrias culturales y est\u00e1 destinado al conjunto de sectores encargados de la creaci\u00f3n, producci\u00f3n, exhibici\u00f3n, distribuci\u00f3n y\/o difusi\u00f3n de servicios y bienes art\u00edstico- culturales.<\/p>\n\n\n\n<p>Los postulantes deber\u00e1n ser pampeanos y\/o residentes en la Provincia durante al menos dos a\u00f1os y en caso de que su proyecto sea seleccionado y se le otorgue una ayuda monetaria, deber\u00e1n contar con facturaci\u00f3n propia para poder acreditar el cobro, siempre acorde al servicio a realizar.<\/p>\n\n\n\n<p>La financiaci\u00f3n se asigna de acuerdo a la evaluaci\u00f3n de cada propuesta, su relevancia y alcance, su originalidad, la cantidad de personas que involucra, la eventual incidencia en la comunidad, su potencial inserci\u00f3n en el mercado de industrias culturales, su aporte a la cultura.<\/p>\n\n\n\n<p>El fomento no supone la cobertura del total de los gastos que implique el proyecto, sino que se trata de una ayuda o est\u00edmulo para garantizar la realizaci\u00f3n de alguna etapa del proceso creativo y\/o acceder a recursos humanos, t\u00e9cnicos o materiales.<\/p>\n\n\n\n<p>Tipo de proyectos que pueden presentarse<\/p>\n\n\n\n<p>&#8211; Producci\u00f3n de eventos, shows, presentaciones, festivales, recitales.<\/p>\n\n\n\n<p>&#8211; Realizaciones sonoras, visuales o audiovisuales.<\/p>\n\n\n\n<p>&#8211; Muestras art\u00edsticas, instalaciones.<\/p>\n\n\n\n<p>&#8211; Brindar talleres, cursos, capacitaciones (deber\u00e1n incluir CV del o la capacitadora)<\/p>\n\n\n\n<p>Para m\u00e1s consultas pueden dirigirse al Centro de Artes, en Leguizam\u00f3n 1125 de Santa Rosa. O escribir al correo electr\u00f3nico direcciondeartistica@gmail.com o al tel\u00e9fono 70 3345 interno 4792.<\/p>\n\n\n\n<p><\/p>\n","protected":false},"excerpt":{"rendered":"<p>La Secretar\u00eda de Cultura del Gobierno de La Pampa invit\u00f3 a artistas, gestoras y productoras pampeanas residentes en La Pampa a presentarse a la convocatoria 2023. El Fondo de Fomento&hellip;<\/p>\n","protected":false},"author":4,"featured_media":29518,"comment_status":"closed","ping_status":"open","sticky":false,"template":"","format":"standard","meta":{"_acf_changed":false,"footnotes":""},"categories":[1,2],"tags":[],"class_list":["post-221641","post","type-post","status-publish","format-standard","has-post-thumbnail","hentry","category-es-noticia","category-cultura"],"acf":[],"yoast_head":"<!-- This site is optimized with the Yoast SEO plugin v27.5 - https:\/\/yoast.com\/product\/yoast-seo-wordpress\/ -->\n<title>Abren convocatoria del Fondo de Fomento para Proyectos Art\u00edstico Culturales - Diario Textual<\/title>\n<meta name=\"robots\" content=\"index, follow, max-snippet:-1, max-image-preview:large, max-video-preview:-1\" \/>\n<link rel=\"canonical\" href=\"https:\/\/diariotextual.com\/inicio\/index.php\/2023\/04\/10\/abren-convocatoria-del-fondo-de-fomento-para-proyectos-artistico-culturales\/\" \/>\n<meta property=\"og:locale\" content=\"es_ES\" \/>\n<meta property=\"og:type\" content=\"article\" \/>\n<meta property=\"og:title\" content=\"Abren convocatoria del Fondo de Fomento para Proyectos Art\u00edstico Culturales - Diario Textual\" \/>\n<meta property=\"og:description\" content=\"La Secretar\u00eda de Cultura del Gobierno de La Pampa invit\u00f3 a artistas, gestoras y productoras pampeanas residentes en La Pampa a presentarse a la convocatoria 2023. El Fondo de Fomento&hellip;\" \/>\n<meta property=\"og:url\" content=\"https:\/\/diariotextual.com\/inicio\/index.php\/2023\/04\/10\/abren-convocatoria-del-fondo-de-fomento-para-proyectos-artistico-culturales\/\" \/>\n<meta property=\"og:site_name\" content=\"Diario Textual\" \/>\n<meta property=\"article:publisher\" content=\"https:\/\/www.facebook.com\/eltextual\" \/>\n<meta property=\"article:published_time\" content=\"2023-04-10T20:29:47+00:00\" \/>\n<meta property=\"article:modified_time\" content=\"2023-04-10T20:29:48+00:00\" \/>\n<meta property=\"og:image\" content=\"https:\/\/diariotextual.com\/inicio\/wp-content\/uploads\/2018\/12\/musicaelectronicaInstrumento\u00d3ptico92534.jpg\" \/>\n\t<meta property=\"og:image:width\" content=\"829\" \/>\n\t<meta property=\"og:image:height\" content=\"481\" \/>\n\t<meta property=\"og:image:type\" content=\"image\/jpeg\" \/>\n<meta name=\"author\" content=\"diario2\" \/>\n<meta name=\"twitter:card\" content=\"summary_large_image\" \/>\n<meta name=\"twitter:creator\" content=\"@eltextual\" \/>\n<meta name=\"twitter:site\" content=\"@eltextual\" \/>\n<meta name=\"twitter:label1\" content=\"Escrito por\" \/>\n\t<meta name=\"twitter:data1\" content=\"diario2\" \/>\n\t<meta name=\"twitter:label2\" content=\"Tiempo de lectura\" \/>\n\t<meta name=\"twitter:data2\" content=\"2 minutos\" \/>\n<script type=\"application\/ld+json\" class=\"yoast-schema-graph\">{\"@context\":\"https:\\\/\\\/schema.org\",\"@graph\":[{\"@type\":\"Article\",\"@id\":\"https:\\\/\\\/diariotextual.com\\\/inicio\\\/index.php\\\/2023\\\/04\\\/10\\\/abren-convocatoria-del-fondo-de-fomento-para-proyectos-artistico-culturales\\\/#article\",\"isPartOf\":{\"@id\":\"https:\\\/\\\/diariotextual.com\\\/inicio\\\/index.php\\\/2023\\\/04\\\/10\\\/abren-convocatoria-del-fondo-de-fomento-para-proyectos-artistico-culturales\\\/\"},\"author\":{\"name\":\"diario2\",\"@id\":\"https:\\\/\\\/diariotextual.com\\\/inicio\\\/#\\\/schema\\\/person\\\/694f60677f23c4a530867a98f22b3768\"},\"headline\":\"Abren convocatoria del Fondo de Fomento para Proyectos Art\u00edstico Culturales\",\"datePublished\":\"2023-04-10T20:29:47+00:00\",\"dateModified\":\"2023-04-10T20:29:48+00:00\",\"mainEntityOfPage\":{\"@id\":\"https:\\\/\\\/diariotextual.com\\\/inicio\\\/index.php\\\/2023\\\/04\\\/10\\\/abren-convocatoria-del-fondo-de-fomento-para-proyectos-artistico-culturales\\\/\"},\"wordCount\":347,\"publisher\":{\"@id\":\"https:\\\/\\\/diariotextual.com\\\/inicio\\\/#organization\"},\"image\":{\"@id\":\"https:\\\/\\\/diariotextual.com\\\/inicio\\\/index.php\\\/2023\\\/04\\\/10\\\/abren-convocatoria-del-fondo-de-fomento-para-proyectos-artistico-culturales\\\/#primaryimage\"},\"thumbnailUrl\":\"https:\\\/\\\/diariotextual.com\\\/inicio\\\/wp-content\\\/uploads\\\/2018\\\/12\\\/musicaelectronicaInstrumento\u00d3ptico92534.jpg\",\"articleSection\":[\"A - ES NOTICIA (van abajo)\",\"CULTURA\"],\"inLanguage\":\"es\"},{\"@type\":\"WebPage\",\"@id\":\"https:\\\/\\\/diariotextual.com\\\/inicio\\\/index.php\\\/2023\\\/04\\\/10\\\/abren-convocatoria-del-fondo-de-fomento-para-proyectos-artistico-culturales\\\/\",\"url\":\"https:\\\/\\\/diariotextual.com\\\/inicio\\\/index.php\\\/2023\\\/04\\\/10\\\/abren-convocatoria-del-fondo-de-fomento-para-proyectos-artistico-culturales\\\/\",\"name\":\"Abren convocatoria del Fondo de Fomento para Proyectos Art\u00edstico Culturales - Diario Textual\",\"isPartOf\":{\"@id\":\"https:\\\/\\\/diariotextual.com\\\/inicio\\\/#website\"},\"primaryImageOfPage\":{\"@id\":\"https:\\\/\\\/diariotextual.com\\\/inicio\\\/index.php\\\/2023\\\/04\\\/10\\\/abren-convocatoria-del-fondo-de-fomento-para-proyectos-artistico-culturales\\\/#primaryimage\"},\"image\":{\"@id\":\"https:\\\/\\\/diariotextual.com\\\/inicio\\\/index.php\\\/2023\\\/04\\\/10\\\/abren-convocatoria-del-fondo-de-fomento-para-proyectos-artistico-culturales\\\/#primaryimage\"},\"thumbnailUrl\":\"https:\\\/\\\/diariotextual.com\\\/inicio\\\/wp-content\\\/uploads\\\/2018\\\/12\\\/musicaelectronicaInstrumento\u00d3ptico92534.jpg\",\"datePublished\":\"2023-04-10T20:29:47+00:00\",\"dateModified\":\"2023-04-10T20:29:48+00:00\",\"breadcrumb\":{\"@id\":\"https:\\\/\\\/diariotextual.com\\\/inicio\\\/index.php\\\/2023\\\/04\\\/10\\\/abren-convocatoria-del-fondo-de-fomento-para-proyectos-artistico-culturales\\\/#breadcrumb\"},\"inLanguage\":\"es\",\"potentialAction\":[{\"@type\":\"ReadAction\",\"target\":[\"https:\\\/\\\/diariotextual.com\\\/inicio\\\/index.php\\\/2023\\\/04\\\/10\\\/abren-convocatoria-del-fondo-de-fomento-para-proyectos-artistico-culturales\\\/\"]}]},{\"@type\":\"ImageObject\",\"inLanguage\":\"es\",\"@id\":\"https:\\\/\\\/diariotextual.com\\\/inicio\\\/index.php\\\/2023\\\/04\\\/10\\\/abren-convocatoria-del-fondo-de-fomento-para-proyectos-artistico-culturales\\\/#primaryimage\",\"url\":\"https:\\\/\\\/diariotextual.com\\\/inicio\\\/wp-content\\\/uploads\\\/2018\\\/12\\\/musicaelectronicaInstrumento\u00d3ptico92534.jpg\",\"contentUrl\":\"https:\\\/\\\/diariotextual.com\\\/inicio\\\/wp-content\\\/uploads\\\/2018\\\/12\\\/musicaelectronicaInstrumento\u00d3ptico92534.jpg\",\"width\":829,\"height\":481},{\"@type\":\"BreadcrumbList\",\"@id\":\"https:\\\/\\\/diariotextual.com\\\/inicio\\\/index.php\\\/2023\\\/04\\\/10\\\/abren-convocatoria-del-fondo-de-fomento-para-proyectos-artistico-culturales\\\/#breadcrumb\",\"itemListElement\":[{\"@type\":\"ListItem\",\"position\":1,\"name\":\"Portada\",\"item\":\"https:\\\/\\\/diariotextual.com\\\/inicio\\\/\"},{\"@type\":\"ListItem\",\"position\":2,\"name\":\"Abren convocatoria del Fondo de Fomento para Proyectos Art\u00edstico Culturales\"}]},{\"@type\":\"WebSite\",\"@id\":\"https:\\\/\\\/diariotextual.com\\\/inicio\\\/#website\",\"url\":\"https:\\\/\\\/diariotextual.com\\\/inicio\\\/\",\"name\":\"Diario Textual\",\"description\":\"\",\"publisher\":{\"@id\":\"https:\\\/\\\/diariotextual.com\\\/inicio\\\/#organization\"},\"potentialAction\":[{\"@type\":\"SearchAction\",\"target\":{\"@type\":\"EntryPoint\",\"urlTemplate\":\"https:\\\/\\\/diariotextual.com\\\/inicio\\\/?s={search_term_string}\"},\"query-input\":{\"@type\":\"PropertyValueSpecification\",\"valueRequired\":true,\"valueName\":\"search_term_string\"}}],\"inLanguage\":\"es\"},{\"@type\":\"Organization\",\"@id\":\"https:\\\/\\\/diariotextual.com\\\/inicio\\\/#organization\",\"name\":\"Diario Textual\",\"url\":\"https:\\\/\\\/diariotextual.com\\\/inicio\\\/\",\"logo\":{\"@type\":\"ImageObject\",\"inLanguage\":\"es\",\"@id\":\"https:\\\/\\\/diariotextual.com\\\/inicio\\\/#\\\/schema\\\/logo\\\/image\\\/\",\"url\":\"https:\\\/\\\/diariotextual.com\\\/inicio\\\/wp-content\\\/uploads\\\/2023\\\/05\\\/logotextual1.jpg\",\"contentUrl\":\"https:\\\/\\\/diariotextual.com\\\/inicio\\\/wp-content\\\/uploads\\\/2023\\\/05\\\/logotextual1.jpg\",\"width\":516,\"height\":76,\"caption\":\"Diario Textual\"},\"image\":{\"@id\":\"https:\\\/\\\/diariotextual.com\\\/inicio\\\/#\\\/schema\\\/logo\\\/image\\\/\"},\"sameAs\":[\"https:\\\/\\\/www.facebook.com\\\/eltextual\",\"https:\\\/\\\/x.com\\\/eltextual\",\"http:\\\/\\\/www.instagram.com\\\/eltextual\"]},{\"@type\":\"Person\",\"@id\":\"https:\\\/\\\/diariotextual.com\\\/inicio\\\/#\\\/schema\\\/person\\\/694f60677f23c4a530867a98f22b3768\",\"name\":\"diario2\",\"image\":{\"@type\":\"ImageObject\",\"inLanguage\":\"es\",\"@id\":\"https:\\\/\\\/secure.gravatar.com\\\/avatar\\\/5a2567495ba16b852fcd8f1ed006a2e24fcace936018ed8237e95f488ad6e0a7?s=96&d=mm&r=g\",\"url\":\"https:\\\/\\\/secure.gravatar.com\\\/avatar\\\/5a2567495ba16b852fcd8f1ed006a2e24fcace936018ed8237e95f488ad6e0a7?s=96&d=mm&r=g\",\"contentUrl\":\"https:\\\/\\\/secure.gravatar.com\\\/avatar\\\/5a2567495ba16b852fcd8f1ed006a2e24fcace936018ed8237e95f488ad6e0a7?s=96&d=mm&r=g\",\"caption\":\"diario2\"},\"url\":\"https:\\\/\\\/diariotextual.com\\\/inicio\\\/index.php\\\/author\\\/diario2\\\/\"}]}<\/script>\n<!-- \/ Yoast SEO plugin. -->","yoast_head_json":{"title":"Abren convocatoria del Fondo de Fomento para Proyectos Art\u00edstico Culturales - Diario Textual","robots":{"index":"index","follow":"follow","max-snippet":"max-snippet:-1","max-image-preview":"max-image-preview:large","max-video-preview":"max-video-preview:-1"},"canonical":"https:\/\/diariotextual.com\/inicio\/index.php\/2023\/04\/10\/abren-convocatoria-del-fondo-de-fomento-para-proyectos-artistico-culturales\/","og_locale":"es_ES","og_type":"article","og_title":"Abren convocatoria del Fondo de Fomento para Proyectos Art\u00edstico Culturales - Diario Textual","og_description":"La Secretar\u00eda de Cultura del Gobierno de La Pampa invit\u00f3 a artistas, gestoras y productoras pampeanas residentes en La Pampa a presentarse a la convocatoria 2023. El Fondo de Fomento&hellip;","og_url":"https:\/\/diariotextual.com\/inicio\/index.php\/2023\/04\/10\/abren-convocatoria-del-fondo-de-fomento-para-proyectos-artistico-culturales\/","og_site_name":"Diario Textual","article_publisher":"https:\/\/www.facebook.com\/eltextual","article_published_time":"2023-04-10T20:29:47+00:00","article_modified_time":"2023-04-10T20:29:48+00:00","og_image":[{"width":829,"height":481,"url":"https:\/\/diariotextual.com\/inicio\/wp-content\/uploads\/2018\/12\/musicaelectronicaInstrumento\u00d3ptico92534.jpg","type":"image\/jpeg"}],"author":"diario2","twitter_card":"summary_large_image","twitter_creator":"@eltextual","twitter_site":"@eltextual","twitter_misc":{"Escrito por":"diario2","Tiempo de lectura":"2 minutos"},"schema":{"@context":"https:\/\/schema.org","@graph":[{"@type":"Article","@id":"https:\/\/diariotextual.com\/inicio\/index.php\/2023\/04\/10\/abren-convocatoria-del-fondo-de-fomento-para-proyectos-artistico-culturales\/#article","isPartOf":{"@id":"https:\/\/diariotextual.com\/inicio\/index.php\/2023\/04\/10\/abren-convocatoria-del-fondo-de-fomento-para-proyectos-artistico-culturales\/"},"author":{"name":"diario2","@id":"https:\/\/diariotextual.com\/inicio\/#\/schema\/person\/694f60677f23c4a530867a98f22b3768"},"headline":"Abren convocatoria del Fondo de Fomento para Proyectos Art\u00edstico Culturales","datePublished":"2023-04-10T20:29:47+00:00","dateModified":"2023-04-10T20:29:48+00:00","mainEntityOfPage":{"@id":"https:\/\/diariotextual.com\/inicio\/index.php\/2023\/04\/10\/abren-convocatoria-del-fondo-de-fomento-para-proyectos-artistico-culturales\/"},"wordCount":347,"publisher":{"@id":"https:\/\/diariotextual.com\/inicio\/#organization"},"image":{"@id":"https:\/\/diariotextual.com\/inicio\/index.php\/2023\/04\/10\/abren-convocatoria-del-fondo-de-fomento-para-proyectos-artistico-culturales\/#primaryimage"},"thumbnailUrl":"https:\/\/diariotextual.com\/inicio\/wp-content\/uploads\/2018\/12\/musicaelectronicaInstrumento\u00d3ptico92534.jpg","articleSection":["A - ES NOTICIA (van abajo)","CULTURA"],"inLanguage":"es"},{"@type":"WebPage","@id":"https:\/\/diariotextual.com\/inicio\/index.php\/2023\/04\/10\/abren-convocatoria-del-fondo-de-fomento-para-proyectos-artistico-culturales\/","url":"https:\/\/diariotextual.com\/inicio\/index.php\/2023\/04\/10\/abren-convocatoria-del-fondo-de-fomento-para-proyectos-artistico-culturales\/","name":"Abren convocatoria del Fondo de Fomento para Proyectos Art\u00edstico Culturales - Diario Textual","isPartOf":{"@id":"https:\/\/diariotextual.com\/inicio\/#website"},"primaryImageOfPage":{"@id":"https:\/\/diariotextual.com\/inicio\/index.php\/2023\/04\/10\/abren-convocatoria-del-fondo-de-fomento-para-proyectos-artistico-culturales\/#primaryimage"},"image":{"@id":"https:\/\/diariotextual.com\/inicio\/index.php\/2023\/04\/10\/abren-convocatoria-del-fondo-de-fomento-para-proyectos-artistico-culturales\/#primaryimage"},"thumbnailUrl":"https:\/\/diariotextual.com\/inicio\/wp-content\/uploads\/2018\/12\/musicaelectronicaInstrumento\u00d3ptico92534.jpg","datePublished":"2023-04-10T20:29:47+00:00","dateModified":"2023-04-10T20:29:48+00:00","breadcrumb":{"@id":"https:\/\/diariotextual.com\/inicio\/index.php\/2023\/04\/10\/abren-convocatoria-del-fondo-de-fomento-para-proyectos-artistico-culturales\/#breadcrumb"},"inLanguage":"es","potentialAction":[{"@type":"ReadAction","target":["https:\/\/diariotextual.com\/inicio\/index.php\/2023\/04\/10\/abren-convocatoria-del-fondo-de-fomento-para-proyectos-artistico-culturales\/"]}]},{"@type":"ImageObject","inLanguage":"es","@id":"https:\/\/diariotextual.com\/inicio\/index.php\/2023\/04\/10\/abren-convocatoria-del-fondo-de-fomento-para-proyectos-artistico-culturales\/#primaryimage","url":"https:\/\/diariotextual.com\/inicio\/wp-content\/uploads\/2018\/12\/musicaelectronicaInstrumento\u00d3ptico92534.jpg","contentUrl":"https:\/\/diariotextual.com\/inicio\/wp-content\/uploads\/2018\/12\/musicaelectronicaInstrumento\u00d3ptico92534.jpg","width":829,"height":481},{"@type":"BreadcrumbList","@id":"https:\/\/diariotextual.com\/inicio\/index.php\/2023\/04\/10\/abren-convocatoria-del-fondo-de-fomento-para-proyectos-artistico-culturales\/#breadcrumb","itemListElement":[{"@type":"ListItem","position":1,"name":"Portada","item":"https:\/\/diariotextual.com\/inicio\/"},{"@type":"ListItem","position":2,"name":"Abren convocatoria del Fondo de Fomento para Proyectos Art\u00edstico Culturales"}]},{"@type":"WebSite","@id":"https:\/\/diariotextual.com\/inicio\/#website","url":"https:\/\/diariotextual.com\/inicio\/","name":"Diario Textual","description":"","publisher":{"@id":"https:\/\/diariotextual.com\/inicio\/#organization"},"potentialAction":[{"@type":"SearchAction","target":{"@type":"EntryPoint","urlTemplate":"https:\/\/diariotextual.com\/inicio\/?s={search_term_string}"},"query-input":{"@type":"PropertyValueSpecification","valueRequired":true,"valueName":"search_term_string"}}],"inLanguage":"es"},{"@type":"Organization","@id":"https:\/\/diariotextual.com\/inicio\/#organization","name":"Diario Textual","url":"https:\/\/diariotextual.com\/inicio\/","logo":{"@type":"ImageObject","inLanguage":"es","@id":"https:\/\/diariotextual.com\/inicio\/#\/schema\/logo\/image\/","url":"https:\/\/diariotextual.com\/inicio\/wp-content\/uploads\/2023\/05\/logotextual1.jpg","contentUrl":"https:\/\/diariotextual.com\/inicio\/wp-content\/uploads\/2023\/05\/logotextual1.jpg","width":516,"height":76,"caption":"Diario Textual"},"image":{"@id":"https:\/\/diariotextual.com\/inicio\/#\/schema\/logo\/image\/"},"sameAs":["https:\/\/www.facebook.com\/eltextual","https:\/\/x.com\/eltextual","http:\/\/www.instagram.com\/eltextual"]},{"@type":"Person","@id":"https:\/\/diariotextual.com\/inicio\/#\/schema\/person\/694f60677f23c4a530867a98f22b3768","name":"diario2","image":{"@type":"ImageObject","inLanguage":"es","@id":"https:\/\/secure.gravatar.com\/avatar\/5a2567495ba16b852fcd8f1ed006a2e24fcace936018ed8237e95f488ad6e0a7?s=96&d=mm&r=g","url":"https:\/\/secure.gravatar.com\/avatar\/5a2567495ba16b852fcd8f1ed006a2e24fcace936018ed8237e95f488ad6e0a7?s=96&d=mm&r=g","contentUrl":"https:\/\/secure.gravatar.com\/avatar\/5a2567495ba16b852fcd8f1ed006a2e24fcace936018ed8237e95f488ad6e0a7?s=96&d=mm&r=g","caption":"diario2"},"url":"https:\/\/diariotextual.com\/inicio\/index.php\/author\/diario2\/"}]}},"_links":{"self":[{"href":"https:\/\/diariotextual.com\/inicio\/index.php\/wp-json\/wp\/v2\/posts\/221641","targetHints":{"allow":["GET"]}}],"collection":[{"href":"https:\/\/diariotextual.com\/inicio\/index.php\/wp-json\/wp\/v2\/posts"}],"about":[{"href":"https:\/\/diariotextual.com\/inicio\/index.php\/wp-json\/wp\/v2\/types\/post"}],"author":[{"embeddable":true,"href":"https:\/\/diariotextual.com\/inicio\/index.php\/wp-json\/wp\/v2\/users\/4"}],"replies":[{"embeddable":true,"href":"https:\/\/diariotextual.com\/inicio\/index.php\/wp-json\/wp\/v2\/comments?post=221641"}],"version-history":[{"count":2,"href":"https:\/\/diariotextual.com\/inicio\/index.php\/wp-json\/wp\/v2\/posts\/221641\/revisions"}],"predecessor-version":[{"id":221643,"href":"https:\/\/diariotextual.com\/inicio\/index.php\/wp-json\/wp\/v2\/posts\/221641\/revisions\/221643"}],"wp:featuredmedia":[{"embeddable":true,"href":"https:\/\/diariotextual.com\/inicio\/index.php\/wp-json\/wp\/v2\/media\/29518"}],"wp:attachment":[{"href":"https:\/\/diariotextual.com\/inicio\/index.php\/wp-json\/wp\/v2\/media?parent=221641"}],"wp:term":[{"taxonomy":"category","embeddable":true,"href":"https:\/\/diariotextual.com\/inicio\/index.php\/wp-json\/wp\/v2\/categories?post=221641"},{"taxonomy":"post_tag","embeddable":true,"href":"https:\/\/diariotextual.com\/inicio\/index.php\/wp-json\/wp\/v2\/tags?post=221641"}],"curies":[{"name":"wp","href":"https:\/\/api.w.org\/{rel}","templated":true}]}}