{"id":221680,"date":"2023-04-11T07:19:01","date_gmt":"2023-04-11T10:19:01","guid":{"rendered":"https:\/\/diariotextual.com\/inicio\/?p=221680"},"modified":"2023-04-11T07:34:04","modified_gmt":"2023-04-11T10:34:04","slug":"parkinson-comienzan-talleres-multidisciplinarios-en-el-molas","status":"publish","type":"post","link":"https:\/\/diariotextual.com\/inicio\/index.php\/2023\/04\/11\/parkinson-comienzan-talleres-multidisciplinarios-en-el-molas\/","title":{"rendered":"Parkinson: comienzan talleres multidisciplinarios en el Molas"},"content":{"rendered":"\n<p>En el marco del <strong>D\u00eda Mundial del P\u00e1rkinso<\/strong>n, que se conmemora cada 11 de abril, se realiz\u00f3 este lunes en el hospital Lucio Molas de Santa Rosa una jornada de concientizaci\u00f3n destinada a equipos de salud, pacientes, acompa\u00f1antes y familiares de personas que transitan esta enfermedad.<\/p>\n\n\n\n<p>La enfermedad de Parkinson es un tipo de trastorno del movimiento. Ocurre cuando las c\u00e9lulas nerviosas (neuronas) no producen suficiente cantidad de una sustancia qu\u00edmica importante en el cerebro conocida como dopamina. Algunos casos son gen\u00e9ticos pero la mayor\u00eda no parece darse entre miembros de una misma familia. La Jornada se llev\u00f3 a cabo en las instalaciones del Hospital Lucio Molas&nbsp; donde los disertantes intercambiaron informaci\u00f3n con los asistentes respecto a causas, s\u00edntomas, tratamientos y experiencias respecto a la enfermedad<\/p>\n\n\n\n<p>La m\u00e9dica <strong>Dana Palacios<\/strong> explic\u00f3 a la Agencia Provincial de Noticias que <strong>la enfermedad de Parkinson \u201ces un trastorno degenerativo de progresi\u00f3n lenta que afecta zonas espec\u00edficas del enc\u00e9falo.<\/strong> Se caracteriza por temblores cuando los m\u00fasculos est\u00e1n en reposo (temblor en reposo), y cuando hay tono muscular aumentado (rigidez), lentitud en los movimientos voluntarios y dificultades para mantener el equilibrio (inestabilidad postural). Existen s\u00edntomas motores: como pueden ser temblor en reposo, rigidez, lentitud en los movimientos, inestabilidad en la marcha. y no motores como son trastornos cognitivos, neuropsiqui\u00e1tricos, alteraciones del sue\u00f1o, etc\u201d.<\/p>\n\n\n\n<p>Por su parte L<strong>aura Vigliota,<\/strong> jefa del Servicio de Rehabilitaci\u00f3n del Hospital Lucio Molas, con respecto al tratamiento de esta enfermedad explic\u00f3 que<strong> si bien no existe un tratamiento que proporcione la cura de dicha enfermedad \u201ces fundamental que se cumpla el tratamiento indicado por el especialista en neurolog\u00eda y el tratamiento no farmacol\u00f3gico\u201d.<\/strong><\/p>\n\n\n\n<p>Vigliota ampli\u00f3 sobre los <strong>talleres que comienzan su curso <\/strong>a partir de este martes. \u201cSe trata de talleres para el\u00a0 acompa\u00f1amiento de los pacientes que transitan esta enfermedad, son <strong>talleres multidisciplinarios <\/strong>que se llevan a cabo en el <strong>Servicio de Rehabilitaci\u00f3n<\/strong> con las profesionales de las \u00e1reas de kinesiolog\u00eda, terapia ocupacional, musicoterapia, rehabilitaci\u00f3n neurocognitiva, fonoaudiolog\u00eda y psicolog\u00eda. Todos estos talleres tienen como prop\u00f3sito brindar una mejor calidad de vida e independencia de los pacientes\u201d.<\/p>\n","protected":false},"excerpt":{"rendered":"<p>En el marco del D\u00eda Mundial del P\u00e1rkinson, que se conmemora cada 11 de abril, se realiz\u00f3 este lunes en el hospital Lucio Molas de Santa Rosa una jornada de&hellip;<\/p>\n","protected":false},"author":4,"featured_media":221681,"comment_status":"closed","ping_status":"open","sticky":false,"template":"","format":"standard","meta":{"_acf_changed":false,"footnotes":""},"categories":[1,12],"tags":[],"class_list":["post-221680","post","type-post","status-publish","format-standard","has-post-thumbnail","hentry","category-es-noticia","category-sociedad"],"acf":[],"yoast_head":"<!-- This site is optimized with the Yoast SEO plugin v27.5 - https:\/\/yoast.com\/product\/yoast-seo-wordpress\/ -->\n<title>Parkinson: comienzan talleres multidisciplinarios en el Molas - Diario Textual<\/title>\n<meta name=\"robots\" content=\"index, follow, max-snippet:-1, max-image-preview:large, max-video-preview:-1\" \/>\n<link rel=\"canonical\" href=\"https:\/\/diariotextual.com\/inicio\/index.php\/2023\/04\/11\/parkinson-comienzan-talleres-multidisciplinarios-en-el-molas\/\" \/>\n<meta property=\"og:locale\" content=\"es_ES\" \/>\n<meta property=\"og:type\" content=\"article\" \/>\n<meta property=\"og:title\" content=\"Parkinson: comienzan talleres multidisciplinarios en el Molas - Diario Textual\" \/>\n<meta property=\"og:description\" content=\"En el marco del D\u00eda Mundial del P\u00e1rkinson, que se conmemora cada 11 de abril, se realiz\u00f3 este lunes en el hospital Lucio Molas de Santa Rosa una jornada de&hellip;\" \/>\n<meta property=\"og:url\" content=\"https:\/\/diariotextual.com\/inicio\/index.php\/2023\/04\/11\/parkinson-comienzan-talleres-multidisciplinarios-en-el-molas\/\" \/>\n<meta property=\"og:site_name\" content=\"Diario Textual\" \/>\n<meta property=\"article:publisher\" content=\"https:\/\/www.facebook.com\/eltextual\" \/>\n<meta property=\"article:published_time\" content=\"2023-04-11T10:19:01+00:00\" \/>\n<meta property=\"article:modified_time\" content=\"2023-04-11T10:34:04+00:00\" \/>\n<meta property=\"og:image\" content=\"https:\/\/diariotextual.com\/inicio\/wp-content\/uploads\/2023\/04\/parkinsonsalud532634.jpg\" \/>\n\t<meta property=\"og:image:width\" content=\"1280\" \/>\n\t<meta property=\"og:image:height\" content=\"840\" \/>\n\t<meta property=\"og:image:type\" content=\"image\/jpeg\" \/>\n<meta name=\"author\" content=\"diario2\" \/>\n<meta name=\"twitter:card\" content=\"summary_large_image\" \/>\n<meta name=\"twitter:creator\" content=\"@eltextual\" \/>\n<meta name=\"twitter:site\" content=\"@eltextual\" \/>\n<meta name=\"twitter:label1\" content=\"Escrito por\" \/>\n\t<meta name=\"twitter:data1\" content=\"diario2\" \/>\n\t<meta name=\"twitter:label2\" content=\"Tiempo de lectura\" \/>\n\t<meta name=\"twitter:data2\" content=\"2 minutos\" \/>\n<script type=\"application\/ld+json\" class=\"yoast-schema-graph\">{\"@context\":\"https:\\\/\\\/schema.org\",\"@graph\":[{\"@type\":\"Article\",\"@id\":\"https:\\\/\\\/diariotextual.com\\\/inicio\\\/index.php\\\/2023\\\/04\\\/11\\\/parkinson-comienzan-talleres-multidisciplinarios-en-el-molas\\\/#article\",\"isPartOf\":{\"@id\":\"https:\\\/\\\/diariotextual.com\\\/inicio\\\/index.php\\\/2023\\\/04\\\/11\\\/parkinson-comienzan-talleres-multidisciplinarios-en-el-molas\\\/\"},\"author\":{\"name\":\"diario2\",\"@id\":\"https:\\\/\\\/diariotextual.com\\\/inicio\\\/#\\\/schema\\\/person\\\/694f60677f23c4a530867a98f22b3768\"},\"headline\":\"Parkinson: comienzan talleres multidisciplinarios en el Molas\",\"datePublished\":\"2023-04-11T10:19:01+00:00\",\"dateModified\":\"2023-04-11T10:34:04+00:00\",\"mainEntityOfPage\":{\"@id\":\"https:\\\/\\\/diariotextual.com\\\/inicio\\\/index.php\\\/2023\\\/04\\\/11\\\/parkinson-comienzan-talleres-multidisciplinarios-en-el-molas\\\/\"},\"wordCount\":382,\"publisher\":{\"@id\":\"https:\\\/\\\/diariotextual.com\\\/inicio\\\/#organization\"},\"image\":{\"@id\":\"https:\\\/\\\/diariotextual.com\\\/inicio\\\/index.php\\\/2023\\\/04\\\/11\\\/parkinson-comienzan-talleres-multidisciplinarios-en-el-molas\\\/#primaryimage\"},\"thumbnailUrl\":\"https:\\\/\\\/diariotextual.com\\\/inicio\\\/wp-content\\\/uploads\\\/2023\\\/04\\\/parkinsonsalud532634.jpg\",\"articleSection\":[\"A - ES NOTICIA (van abajo)\",\"SOCIEDAD\"],\"inLanguage\":\"es\"},{\"@type\":\"WebPage\",\"@id\":\"https:\\\/\\\/diariotextual.com\\\/inicio\\\/index.php\\\/2023\\\/04\\\/11\\\/parkinson-comienzan-talleres-multidisciplinarios-en-el-molas\\\/\",\"url\":\"https:\\\/\\\/diariotextual.com\\\/inicio\\\/index.php\\\/2023\\\/04\\\/11\\\/parkinson-comienzan-talleres-multidisciplinarios-en-el-molas\\\/\",\"name\":\"Parkinson: comienzan talleres multidisciplinarios en el Molas - Diario Textual\",\"isPartOf\":{\"@id\":\"https:\\\/\\\/diariotextual.com\\\/inicio\\\/#website\"},\"primaryImageOfPage\":{\"@id\":\"https:\\\/\\\/diariotextual.com\\\/inicio\\\/index.php\\\/2023\\\/04\\\/11\\\/parkinson-comienzan-talleres-multidisciplinarios-en-el-molas\\\/#primaryimage\"},\"image\":{\"@id\":\"https:\\\/\\\/diariotextual.com\\\/inicio\\\/index.php\\\/2023\\\/04\\\/11\\\/parkinson-comienzan-talleres-multidisciplinarios-en-el-molas\\\/#primaryimage\"},\"thumbnailUrl\":\"https:\\\/\\\/diariotextual.com\\\/inicio\\\/wp-content\\\/uploads\\\/2023\\\/04\\\/parkinsonsalud532634.jpg\",\"datePublished\":\"2023-04-11T10:19:01+00:00\",\"dateModified\":\"2023-04-11T10:34:04+00:00\",\"breadcrumb\":{\"@id\":\"https:\\\/\\\/diariotextual.com\\\/inicio\\\/index.php\\\/2023\\\/04\\\/11\\\/parkinson-comienzan-talleres-multidisciplinarios-en-el-molas\\\/#breadcrumb\"},\"inLanguage\":\"es\",\"potentialAction\":[{\"@type\":\"ReadAction\",\"target\":[\"https:\\\/\\\/diariotextual.com\\\/inicio\\\/index.php\\\/2023\\\/04\\\/11\\\/parkinson-comienzan-talleres-multidisciplinarios-en-el-molas\\\/\"]}]},{\"@type\":\"ImageObject\",\"inLanguage\":\"es\",\"@id\":\"https:\\\/\\\/diariotextual.com\\\/inicio\\\/index.php\\\/2023\\\/04\\\/11\\\/parkinson-comienzan-talleres-multidisciplinarios-en-el-molas\\\/#primaryimage\",\"url\":\"https:\\\/\\\/diariotextual.com\\\/inicio\\\/wp-content\\\/uploads\\\/2023\\\/04\\\/parkinsonsalud532634.jpg\",\"contentUrl\":\"https:\\\/\\\/diariotextual.com\\\/inicio\\\/wp-content\\\/uploads\\\/2023\\\/04\\\/parkinsonsalud532634.jpg\",\"width\":1280,\"height\":840},{\"@type\":\"BreadcrumbList\",\"@id\":\"https:\\\/\\\/diariotextual.com\\\/inicio\\\/index.php\\\/2023\\\/04\\\/11\\\/parkinson-comienzan-talleres-multidisciplinarios-en-el-molas\\\/#breadcrumb\",\"itemListElement\":[{\"@type\":\"ListItem\",\"position\":1,\"name\":\"Portada\",\"item\":\"https:\\\/\\\/diariotextual.com\\\/inicio\\\/\"},{\"@type\":\"ListItem\",\"position\":2,\"name\":\"Parkinson: comienzan talleres multidisciplinarios en el Molas\"}]},{\"@type\":\"WebSite\",\"@id\":\"https:\\\/\\\/diariotextual.com\\\/inicio\\\/#website\",\"url\":\"https:\\\/\\\/diariotextual.com\\\/inicio\\\/\",\"name\":\"Diario Textual\",\"description\":\"\",\"publisher\":{\"@id\":\"https:\\\/\\\/diariotextual.com\\\/inicio\\\/#organization\"},\"potentialAction\":[{\"@type\":\"SearchAction\",\"target\":{\"@type\":\"EntryPoint\",\"urlTemplate\":\"https:\\\/\\\/diariotextual.com\\\/inicio\\\/?s={search_term_string}\"},\"query-input\":{\"@type\":\"PropertyValueSpecification\",\"valueRequired\":true,\"valueName\":\"search_term_string\"}}],\"inLanguage\":\"es\"},{\"@type\":\"Organization\",\"@id\":\"https:\\\/\\\/diariotextual.com\\\/inicio\\\/#organization\",\"name\":\"Diario Textual\",\"url\":\"https:\\\/\\\/diariotextual.com\\\/inicio\\\/\",\"logo\":{\"@type\":\"ImageObject\",\"inLanguage\":\"es\",\"@id\":\"https:\\\/\\\/diariotextual.com\\\/inicio\\\/#\\\/schema\\\/logo\\\/image\\\/\",\"url\":\"https:\\\/\\\/diariotextual.com\\\/inicio\\\/wp-content\\\/uploads\\\/2023\\\/05\\\/logotextual1.jpg\",\"contentUrl\":\"https:\\\/\\\/diariotextual.com\\\/inicio\\\/wp-content\\\/uploads\\\/2023\\\/05\\\/logotextual1.jpg\",\"width\":516,\"height\":76,\"caption\":\"Diario Textual\"},\"image\":{\"@id\":\"https:\\\/\\\/diariotextual.com\\\/inicio\\\/#\\\/schema\\\/logo\\\/image\\\/\"},\"sameAs\":[\"https:\\\/\\\/www.facebook.com\\\/eltextual\",\"https:\\\/\\\/x.com\\\/eltextual\",\"http:\\\/\\\/www.instagram.com\\\/eltextual\"]},{\"@type\":\"Person\",\"@id\":\"https:\\\/\\\/diariotextual.com\\\/inicio\\\/#\\\/schema\\\/person\\\/694f60677f23c4a530867a98f22b3768\",\"name\":\"diario2\",\"image\":{\"@type\":\"ImageObject\",\"inLanguage\":\"es\",\"@id\":\"https:\\\/\\\/secure.gravatar.com\\\/avatar\\\/5a2567495ba16b852fcd8f1ed006a2e24fcace936018ed8237e95f488ad6e0a7?s=96&d=mm&r=g\",\"url\":\"https:\\\/\\\/secure.gravatar.com\\\/avatar\\\/5a2567495ba16b852fcd8f1ed006a2e24fcace936018ed8237e95f488ad6e0a7?s=96&d=mm&r=g\",\"contentUrl\":\"https:\\\/\\\/secure.gravatar.com\\\/avatar\\\/5a2567495ba16b852fcd8f1ed006a2e24fcace936018ed8237e95f488ad6e0a7?s=96&d=mm&r=g\",\"caption\":\"diario2\"},\"url\":\"https:\\\/\\\/diariotextual.com\\\/inicio\\\/index.php\\\/author\\\/diario2\\\/\"}]}<\/script>\n<!-- \/ Yoast SEO plugin. -->","yoast_head_json":{"title":"Parkinson: comienzan talleres multidisciplinarios en el Molas - Diario Textual","robots":{"index":"index","follow":"follow","max-snippet":"max-snippet:-1","max-image-preview":"max-image-preview:large","max-video-preview":"max-video-preview:-1"},"canonical":"https:\/\/diariotextual.com\/inicio\/index.php\/2023\/04\/11\/parkinson-comienzan-talleres-multidisciplinarios-en-el-molas\/","og_locale":"es_ES","og_type":"article","og_title":"Parkinson: comienzan talleres multidisciplinarios en el Molas - Diario Textual","og_description":"En el marco del D\u00eda Mundial del P\u00e1rkinson, que se conmemora cada 11 de abril, se realiz\u00f3 este lunes en el hospital Lucio Molas de Santa Rosa una jornada de&hellip;","og_url":"https:\/\/diariotextual.com\/inicio\/index.php\/2023\/04\/11\/parkinson-comienzan-talleres-multidisciplinarios-en-el-molas\/","og_site_name":"Diario Textual","article_publisher":"https:\/\/www.facebook.com\/eltextual","article_published_time":"2023-04-11T10:19:01+00:00","article_modified_time":"2023-04-11T10:34:04+00:00","og_image":[{"width":1280,"height":840,"url":"https:\/\/diariotextual.com\/inicio\/wp-content\/uploads\/2023\/04\/parkinsonsalud532634.jpg","type":"image\/jpeg"}],"author":"diario2","twitter_card":"summary_large_image","twitter_creator":"@eltextual","twitter_site":"@eltextual","twitter_misc":{"Escrito por":"diario2","Tiempo de lectura":"2 minutos"},"schema":{"@context":"https:\/\/schema.org","@graph":[{"@type":"Article","@id":"https:\/\/diariotextual.com\/inicio\/index.php\/2023\/04\/11\/parkinson-comienzan-talleres-multidisciplinarios-en-el-molas\/#article","isPartOf":{"@id":"https:\/\/diariotextual.com\/inicio\/index.php\/2023\/04\/11\/parkinson-comienzan-talleres-multidisciplinarios-en-el-molas\/"},"author":{"name":"diario2","@id":"https:\/\/diariotextual.com\/inicio\/#\/schema\/person\/694f60677f23c4a530867a98f22b3768"},"headline":"Parkinson: comienzan talleres multidisciplinarios en el Molas","datePublished":"2023-04-11T10:19:01+00:00","dateModified":"2023-04-11T10:34:04+00:00","mainEntityOfPage":{"@id":"https:\/\/diariotextual.com\/inicio\/index.php\/2023\/04\/11\/parkinson-comienzan-talleres-multidisciplinarios-en-el-molas\/"},"wordCount":382,"publisher":{"@id":"https:\/\/diariotextual.com\/inicio\/#organization"},"image":{"@id":"https:\/\/diariotextual.com\/inicio\/index.php\/2023\/04\/11\/parkinson-comienzan-talleres-multidisciplinarios-en-el-molas\/#primaryimage"},"thumbnailUrl":"https:\/\/diariotextual.com\/inicio\/wp-content\/uploads\/2023\/04\/parkinsonsalud532634.jpg","articleSection":["A - ES NOTICIA (van abajo)","SOCIEDAD"],"inLanguage":"es"},{"@type":"WebPage","@id":"https:\/\/diariotextual.com\/inicio\/index.php\/2023\/04\/11\/parkinson-comienzan-talleres-multidisciplinarios-en-el-molas\/","url":"https:\/\/diariotextual.com\/inicio\/index.php\/2023\/04\/11\/parkinson-comienzan-talleres-multidisciplinarios-en-el-molas\/","name":"Parkinson: comienzan talleres multidisciplinarios en el Molas - Diario Textual","isPartOf":{"@id":"https:\/\/diariotextual.com\/inicio\/#website"},"primaryImageOfPage":{"@id":"https:\/\/diariotextual.com\/inicio\/index.php\/2023\/04\/11\/parkinson-comienzan-talleres-multidisciplinarios-en-el-molas\/#primaryimage"},"image":{"@id":"https:\/\/diariotextual.com\/inicio\/index.php\/2023\/04\/11\/parkinson-comienzan-talleres-multidisciplinarios-en-el-molas\/#primaryimage"},"thumbnailUrl":"https:\/\/diariotextual.com\/inicio\/wp-content\/uploads\/2023\/04\/parkinsonsalud532634.jpg","datePublished":"2023-04-11T10:19:01+00:00","dateModified":"2023-04-11T10:34:04+00:00","breadcrumb":{"@id":"https:\/\/diariotextual.com\/inicio\/index.php\/2023\/04\/11\/parkinson-comienzan-talleres-multidisciplinarios-en-el-molas\/#breadcrumb"},"inLanguage":"es","potentialAction":[{"@type":"ReadAction","target":["https:\/\/diariotextual.com\/inicio\/index.php\/2023\/04\/11\/parkinson-comienzan-talleres-multidisciplinarios-en-el-molas\/"]}]},{"@type":"ImageObject","inLanguage":"es","@id":"https:\/\/diariotextual.com\/inicio\/index.php\/2023\/04\/11\/parkinson-comienzan-talleres-multidisciplinarios-en-el-molas\/#primaryimage","url":"https:\/\/diariotextual.com\/inicio\/wp-content\/uploads\/2023\/04\/parkinsonsalud532634.jpg","contentUrl":"https:\/\/diariotextual.com\/inicio\/wp-content\/uploads\/2023\/04\/parkinsonsalud532634.jpg","width":1280,"height":840},{"@type":"BreadcrumbList","@id":"https:\/\/diariotextual.com\/inicio\/index.php\/2023\/04\/11\/parkinson-comienzan-talleres-multidisciplinarios-en-el-molas\/#breadcrumb","itemListElement":[{"@type":"ListItem","position":1,"name":"Portada","item":"https:\/\/diariotextual.com\/inicio\/"},{"@type":"ListItem","position":2,"name":"Parkinson: comienzan talleres multidisciplinarios en el Molas"}]},{"@type":"WebSite","@id":"https:\/\/diariotextual.com\/inicio\/#website","url":"https:\/\/diariotextual.com\/inicio\/","name":"Diario Textual","description":"","publisher":{"@id":"https:\/\/diariotextual.com\/inicio\/#organization"},"potentialAction":[{"@type":"SearchAction","target":{"@type":"EntryPoint","urlTemplate":"https:\/\/diariotextual.com\/inicio\/?s={search_term_string}"},"query-input":{"@type":"PropertyValueSpecification","valueRequired":true,"valueName":"search_term_string"}}],"inLanguage":"es"},{"@type":"Organization","@id":"https:\/\/diariotextual.com\/inicio\/#organization","name":"Diario Textual","url":"https:\/\/diariotextual.com\/inicio\/","logo":{"@type":"ImageObject","inLanguage":"es","@id":"https:\/\/diariotextual.com\/inicio\/#\/schema\/logo\/image\/","url":"https:\/\/diariotextual.com\/inicio\/wp-content\/uploads\/2023\/05\/logotextual1.jpg","contentUrl":"https:\/\/diariotextual.com\/inicio\/wp-content\/uploads\/2023\/05\/logotextual1.jpg","width":516,"height":76,"caption":"Diario Textual"},"image":{"@id":"https:\/\/diariotextual.com\/inicio\/#\/schema\/logo\/image\/"},"sameAs":["https:\/\/www.facebook.com\/eltextual","https:\/\/x.com\/eltextual","http:\/\/www.instagram.com\/eltextual"]},{"@type":"Person","@id":"https:\/\/diariotextual.com\/inicio\/#\/schema\/person\/694f60677f23c4a530867a98f22b3768","name":"diario2","image":{"@type":"ImageObject","inLanguage":"es","@id":"https:\/\/secure.gravatar.com\/avatar\/5a2567495ba16b852fcd8f1ed006a2e24fcace936018ed8237e95f488ad6e0a7?s=96&d=mm&r=g","url":"https:\/\/secure.gravatar.com\/avatar\/5a2567495ba16b852fcd8f1ed006a2e24fcace936018ed8237e95f488ad6e0a7?s=96&d=mm&r=g","contentUrl":"https:\/\/secure.gravatar.com\/avatar\/5a2567495ba16b852fcd8f1ed006a2e24fcace936018ed8237e95f488ad6e0a7?s=96&d=mm&r=g","caption":"diario2"},"url":"https:\/\/diariotextual.com\/inicio\/index.php\/author\/diario2\/"}]}},"_links":{"self":[{"href":"https:\/\/diariotextual.com\/inicio\/index.php\/wp-json\/wp\/v2\/posts\/221680","targetHints":{"allow":["GET"]}}],"collection":[{"href":"https:\/\/diariotextual.com\/inicio\/index.php\/wp-json\/wp\/v2\/posts"}],"about":[{"href":"https:\/\/diariotextual.com\/inicio\/index.php\/wp-json\/wp\/v2\/types\/post"}],"author":[{"embeddable":true,"href":"https:\/\/diariotextual.com\/inicio\/index.php\/wp-json\/wp\/v2\/users\/4"}],"replies":[{"embeddable":true,"href":"https:\/\/diariotextual.com\/inicio\/index.php\/wp-json\/wp\/v2\/comments?post=221680"}],"version-history":[{"count":2,"href":"https:\/\/diariotextual.com\/inicio\/index.php\/wp-json\/wp\/v2\/posts\/221680\/revisions"}],"predecessor-version":[{"id":221683,"href":"https:\/\/diariotextual.com\/inicio\/index.php\/wp-json\/wp\/v2\/posts\/221680\/revisions\/221683"}],"wp:featuredmedia":[{"embeddable":true,"href":"https:\/\/diariotextual.com\/inicio\/index.php\/wp-json\/wp\/v2\/media\/221681"}],"wp:attachment":[{"href":"https:\/\/diariotextual.com\/inicio\/index.php\/wp-json\/wp\/v2\/media?parent=221680"}],"wp:term":[{"taxonomy":"category","embeddable":true,"href":"https:\/\/diariotextual.com\/inicio\/index.php\/wp-json\/wp\/v2\/categories?post=221680"},{"taxonomy":"post_tag","embeddable":true,"href":"https:\/\/diariotextual.com\/inicio\/index.php\/wp-json\/wp\/v2\/tags?post=221680"}],"curies":[{"name":"wp","href":"https:\/\/api.w.org\/{rel}","templated":true}]}}