{"id":221701,"date":"2023-04-11T13:44:06","date_gmt":"2023-04-11T16:44:06","guid":{"rendered":"https:\/\/diariotextual.com\/inicio\/?p=221701"},"modified":"2023-04-11T19:42:26","modified_gmt":"2023-04-11T22:42:26","slug":"acha-condenado-por-abusar-de-la-hija-de-su-pareja","status":"publish","type":"post","link":"https:\/\/diariotextual.com\/inicio\/index.php\/2023\/04\/11\/acha-condenado-por-abusar-de-la-hija-de-su-pareja\/","title":{"rendered":"Acha: condenado por abusar de la hija de su pareja"},"content":{"rendered":"\n<p>Un hombre de 47 a\u00f1os fue condenado a tres a\u00f1os de prisi\u00f3n en suspenso por haber abusado sexualmente de una ni\u00f1a de 12, hija de su pareja, en reiteradas ocasiones.<\/p>\n\n\n\n<p>La sentencia fue dictada por la jueza de control de General Acha, Laura Moscoso Mendieta, en el marco de un juicio abreviado. En este tipo de procesos los jueces y juezas no pueden imponer sanciones m\u00e1s severas que las requeridas por el Ministerio P\u00fablico Fiscal.<\/p>\n\n\n\n<p>En este expediente, el abreviado fue convenido entre el fiscal Juan Bautista M\u00e9ndez, el defensor oficial Marco Mezzasalma y el propio imputado, quien admiti\u00f3 su culpabilidad en los hechos.<\/p>\n\n\n\n<p>Con las pruebas reunidas durante la investigaci\u00f3n fiscal preparatoria pudo probarse que desde un a\u00f1o antes de la denuncia (7 de septiembre de 2022) y, \u201cen reiteradas oportunidades\u201d, el acusado abus\u00f3 de la ni\u00f1a de 12 a\u00f1os, \u201caprovech\u00e1ndose de la relaci\u00f3n sentimental que manten\u00eda con su progenitora\u201d.<\/p>\n\n\n\n<p>Las agresiones, a trav\u00e9s de tocamientos, se produjeron en la vivienda familiar y <strong>todas fueron \u201ccon fines lujuriosos y claras intenciones de mantener relaciones sexuales con la v\u00edctima; tal fue as\u00ed que (el acusado) gestion\u00f3 y oblig\u00f3 a que la menor se colocara el chip anticonceptivo en el hospital Padre Buodo<\/strong>\u201d, detall\u00f3 la magistrada en el fallo.<\/p>\n\n\n\n<p>Los hechos tambi\u00e9n ocurrieron, en una oportunidad, en la vereda del inmueble. Al ser visto por una vecina, el hombre le dijo que \u201csi lo contaba, iba a llevarla a un lugar con \u00e9l\u201d.<\/p>\n\n\n\n<p>La condena a tres a\u00f1os de prisi\u00f3n de ejecuci\u00f3n condicional fue como autor del delito de abuso sexual simple en contra de una ni\u00f1a menor de 13 a\u00f1os, agravado por el aprovechamiento por la convivencia preexistente con una v\u00edctima menor de 18 a\u00f1os; en el marco de las leyes 24685 de Protecci\u00f3n Integral contra las Mujeres y 26061 de Protecci\u00f3n Integral de los derechos de las ni\u00f1as, ni\u00f1os y adolescentes.<\/p>\n\n\n\n<p>Adem\u00e1s el victimario deber\u00e1 cumplir con las siguientes reglas de conducta durante tres a\u00f1os: fijar residencia, someterse al cuidado del Ente de Pol\u00edticas Socializadoras, abstenerse de concurrir al domicilio de la v\u00edctima y entrar en contacto con ella, no usar estupefacientes ni abusar de bebidas alcoh\u00f3licas y realizar un tratamiento psicol\u00f3gico.<\/p>\n\n\n\n<p>La asesora Ni\u00f1as, Ni\u00f1os y Adolescentes de Acha, Mar\u00eda Agostina Pensa, al ser notificada del acuerdo abreviado, se opuso aduciendo que no se respetaron los derechos de la v\u00edctima y porque la pena fue en suspenso. La funcionaria mantuvo esa postura a pesar de que la madre de la v\u00edctima dio su conformidad.<\/p>\n\n\n\n<p>En la sentencia, Moscoso Mendieta manifest\u00f3 que \u201csin perjuicio de las posibilidades recursivas, y de las consideraciones vertidas por parte de la Asesor\u00eda, no puede reputarse prohibido el juicio abreviado en este caso\u201d. Para ello recurri\u00f3 expresamente un fallo del Tribunal de Impugnaci\u00f3n Penal donde dijo que \u201cel instituto del juicio abreviado cumple con las obligaciones internacionales a las que el Estado argentino se comprometi\u00f3 (\u2026) prescindir de la sustanciaci\u00f3n del debate no implicar\u00eda contrariar ninguna de las obligaciones que asumi\u00f3 el Estado al ratificar la Convenci\u00f3n de Belem do Para\u201d para prevenir, sancionar y erradicar la violencia contra la mujer.<\/p>\n\n\n\n<p>Finalmente, la jueza resalt\u00f3 \u201cresulta necesario atender a la voluntad expresada por la denunciante (madre de la ni\u00f1a), qui\u00e9n no solo se expres\u00f3 por la procedencia del instituto, sino que adem\u00e1s refiri\u00f3 a la conformidad prestada por la propia damnificada\u201d.\u200b<\/p>\n","protected":false},"excerpt":{"rendered":"<p>Un hombre de 47 a\u00f1os fue condenado a tres a\u00f1os de prisi\u00f3n en suspenso por haber abusado sexualmente de una ni\u00f1a de 12, hija de su pareja, en reiteradas ocasiones.&hellip;<\/p>\n","protected":false},"author":4,"featured_media":190181,"comment_status":"closed","ping_status":"open","sticky":false,"template":"","format":"standard","meta":{"_acf_changed":false,"footnotes":""},"categories":[1,12],"tags":[],"class_list":["post-221701","post","type-post","status-publish","format-standard","has-post-thumbnail","hentry","category-es-noticia","category-sociedad"],"acf":[],"yoast_head":"<!-- This site is optimized with the Yoast SEO plugin v27.5 - https:\/\/yoast.com\/product\/yoast-seo-wordpress\/ -->\n<title>Acha: condenado por abusar de la hija de su pareja - Diario Textual<\/title>\n<meta name=\"robots\" content=\"index, follow, max-snippet:-1, max-image-preview:large, max-video-preview:-1\" \/>\n<link rel=\"canonical\" href=\"https:\/\/diariotextual.com\/inicio\/index.php\/2023\/04\/11\/acha-condenado-por-abusar-de-la-hija-de-su-pareja\/\" \/>\n<meta property=\"og:locale\" content=\"es_ES\" \/>\n<meta property=\"og:type\" content=\"article\" \/>\n<meta property=\"og:title\" content=\"Acha: condenado por abusar de la hija de su pareja - Diario Textual\" \/>\n<meta property=\"og:description\" content=\"Un hombre de 47 a\u00f1os fue condenado a tres a\u00f1os de prisi\u00f3n en suspenso por haber abusado sexualmente de una ni\u00f1a de 12, hija de su pareja, en reiteradas ocasiones.&hellip;\" \/>\n<meta property=\"og:url\" content=\"https:\/\/diariotextual.com\/inicio\/index.php\/2023\/04\/11\/acha-condenado-por-abusar-de-la-hija-de-su-pareja\/\" \/>\n<meta property=\"og:site_name\" content=\"Diario Textual\" \/>\n<meta property=\"article:publisher\" content=\"https:\/\/www.facebook.com\/eltextual\" \/>\n<meta property=\"article:published_time\" content=\"2023-04-11T16:44:06+00:00\" \/>\n<meta property=\"article:modified_time\" content=\"2023-04-11T22:42:26+00:00\" \/>\n<meta property=\"og:image\" content=\"https:\/\/diariotextual.com\/inicio\/wp-content\/uploads\/2022\/06\/achageneralacha2022-1.jpg\" \/>\n\t<meta property=\"og:image:width\" content=\"1549\" \/>\n\t<meta property=\"og:image:height\" content=\"896\" \/>\n\t<meta property=\"og:image:type\" content=\"image\/jpeg\" \/>\n<meta name=\"author\" content=\"diario2\" \/>\n<meta name=\"twitter:card\" content=\"summary_large_image\" \/>\n<meta name=\"twitter:creator\" content=\"@eltextual\" \/>\n<meta name=\"twitter:site\" content=\"@eltextual\" \/>\n<meta name=\"twitter:label1\" content=\"Escrito por\" \/>\n\t<meta name=\"twitter:data1\" content=\"diario2\" \/>\n\t<meta name=\"twitter:label2\" content=\"Tiempo de lectura\" \/>\n\t<meta name=\"twitter:data2\" content=\"3 minutos\" \/>\n<script type=\"application\/ld+json\" class=\"yoast-schema-graph\">{\"@context\":\"https:\\\/\\\/schema.org\",\"@graph\":[{\"@type\":\"Article\",\"@id\":\"https:\\\/\\\/diariotextual.com\\\/inicio\\\/index.php\\\/2023\\\/04\\\/11\\\/acha-condenado-por-abusar-de-la-hija-de-su-pareja\\\/#article\",\"isPartOf\":{\"@id\":\"https:\\\/\\\/diariotextual.com\\\/inicio\\\/index.php\\\/2023\\\/04\\\/11\\\/acha-condenado-por-abusar-de-la-hija-de-su-pareja\\\/\"},\"author\":{\"name\":\"diario2\",\"@id\":\"https:\\\/\\\/diariotextual.com\\\/inicio\\\/#\\\/schema\\\/person\\\/694f60677f23c4a530867a98f22b3768\"},\"headline\":\"Acha: condenado por abusar de la hija de su pareja\",\"datePublished\":\"2023-04-11T16:44:06+00:00\",\"dateModified\":\"2023-04-11T22:42:26+00:00\",\"mainEntityOfPage\":{\"@id\":\"https:\\\/\\\/diariotextual.com\\\/inicio\\\/index.php\\\/2023\\\/04\\\/11\\\/acha-condenado-por-abusar-de-la-hija-de-su-pareja\\\/\"},\"wordCount\":604,\"publisher\":{\"@id\":\"https:\\\/\\\/diariotextual.com\\\/inicio\\\/#organization\"},\"image\":{\"@id\":\"https:\\\/\\\/diariotextual.com\\\/inicio\\\/index.php\\\/2023\\\/04\\\/11\\\/acha-condenado-por-abusar-de-la-hija-de-su-pareja\\\/#primaryimage\"},\"thumbnailUrl\":\"https:\\\/\\\/diariotextual.com\\\/inicio\\\/wp-content\\\/uploads\\\/2022\\\/06\\\/achageneralacha2022-1.jpg\",\"articleSection\":[\"A - ES NOTICIA (van abajo)\",\"SOCIEDAD\"],\"inLanguage\":\"es\"},{\"@type\":\"WebPage\",\"@id\":\"https:\\\/\\\/diariotextual.com\\\/inicio\\\/index.php\\\/2023\\\/04\\\/11\\\/acha-condenado-por-abusar-de-la-hija-de-su-pareja\\\/\",\"url\":\"https:\\\/\\\/diariotextual.com\\\/inicio\\\/index.php\\\/2023\\\/04\\\/11\\\/acha-condenado-por-abusar-de-la-hija-de-su-pareja\\\/\",\"name\":\"Acha: condenado por abusar de la hija de su pareja - Diario Textual\",\"isPartOf\":{\"@id\":\"https:\\\/\\\/diariotextual.com\\\/inicio\\\/#website\"},\"primaryImageOfPage\":{\"@id\":\"https:\\\/\\\/diariotextual.com\\\/inicio\\\/index.php\\\/2023\\\/04\\\/11\\\/acha-condenado-por-abusar-de-la-hija-de-su-pareja\\\/#primaryimage\"},\"image\":{\"@id\":\"https:\\\/\\\/diariotextual.com\\\/inicio\\\/index.php\\\/2023\\\/04\\\/11\\\/acha-condenado-por-abusar-de-la-hija-de-su-pareja\\\/#primaryimage\"},\"thumbnailUrl\":\"https:\\\/\\\/diariotextual.com\\\/inicio\\\/wp-content\\\/uploads\\\/2022\\\/06\\\/achageneralacha2022-1.jpg\",\"datePublished\":\"2023-04-11T16:44:06+00:00\",\"dateModified\":\"2023-04-11T22:42:26+00:00\",\"breadcrumb\":{\"@id\":\"https:\\\/\\\/diariotextual.com\\\/inicio\\\/index.php\\\/2023\\\/04\\\/11\\\/acha-condenado-por-abusar-de-la-hija-de-su-pareja\\\/#breadcrumb\"},\"inLanguage\":\"es\",\"potentialAction\":[{\"@type\":\"ReadAction\",\"target\":[\"https:\\\/\\\/diariotextual.com\\\/inicio\\\/index.php\\\/2023\\\/04\\\/11\\\/acha-condenado-por-abusar-de-la-hija-de-su-pareja\\\/\"]}]},{\"@type\":\"ImageObject\",\"inLanguage\":\"es\",\"@id\":\"https:\\\/\\\/diariotextual.com\\\/inicio\\\/index.php\\\/2023\\\/04\\\/11\\\/acha-condenado-por-abusar-de-la-hija-de-su-pareja\\\/#primaryimage\",\"url\":\"https:\\\/\\\/diariotextual.com\\\/inicio\\\/wp-content\\\/uploads\\\/2022\\\/06\\\/achageneralacha2022-1.jpg\",\"contentUrl\":\"https:\\\/\\\/diariotextual.com\\\/inicio\\\/wp-content\\\/uploads\\\/2022\\\/06\\\/achageneralacha2022-1.jpg\",\"width\":1549,\"height\":896},{\"@type\":\"BreadcrumbList\",\"@id\":\"https:\\\/\\\/diariotextual.com\\\/inicio\\\/index.php\\\/2023\\\/04\\\/11\\\/acha-condenado-por-abusar-de-la-hija-de-su-pareja\\\/#breadcrumb\",\"itemListElement\":[{\"@type\":\"ListItem\",\"position\":1,\"name\":\"Portada\",\"item\":\"https:\\\/\\\/diariotextual.com\\\/inicio\\\/\"},{\"@type\":\"ListItem\",\"position\":2,\"name\":\"Acha: condenado por abusar de la hija de su pareja\"}]},{\"@type\":\"WebSite\",\"@id\":\"https:\\\/\\\/diariotextual.com\\\/inicio\\\/#website\",\"url\":\"https:\\\/\\\/diariotextual.com\\\/inicio\\\/\",\"name\":\"Diario Textual\",\"description\":\"\",\"publisher\":{\"@id\":\"https:\\\/\\\/diariotextual.com\\\/inicio\\\/#organization\"},\"potentialAction\":[{\"@type\":\"SearchAction\",\"target\":{\"@type\":\"EntryPoint\",\"urlTemplate\":\"https:\\\/\\\/diariotextual.com\\\/inicio\\\/?s={search_term_string}\"},\"query-input\":{\"@type\":\"PropertyValueSpecification\",\"valueRequired\":true,\"valueName\":\"search_term_string\"}}],\"inLanguage\":\"es\"},{\"@type\":\"Organization\",\"@id\":\"https:\\\/\\\/diariotextual.com\\\/inicio\\\/#organization\",\"name\":\"Diario Textual\",\"url\":\"https:\\\/\\\/diariotextual.com\\\/inicio\\\/\",\"logo\":{\"@type\":\"ImageObject\",\"inLanguage\":\"es\",\"@id\":\"https:\\\/\\\/diariotextual.com\\\/inicio\\\/#\\\/schema\\\/logo\\\/image\\\/\",\"url\":\"https:\\\/\\\/diariotextual.com\\\/inicio\\\/wp-content\\\/uploads\\\/2023\\\/05\\\/logotextual1.jpg\",\"contentUrl\":\"https:\\\/\\\/diariotextual.com\\\/inicio\\\/wp-content\\\/uploads\\\/2023\\\/05\\\/logotextual1.jpg\",\"width\":516,\"height\":76,\"caption\":\"Diario Textual\"},\"image\":{\"@id\":\"https:\\\/\\\/diariotextual.com\\\/inicio\\\/#\\\/schema\\\/logo\\\/image\\\/\"},\"sameAs\":[\"https:\\\/\\\/www.facebook.com\\\/eltextual\",\"https:\\\/\\\/x.com\\\/eltextual\",\"http:\\\/\\\/www.instagram.com\\\/eltextual\"]},{\"@type\":\"Person\",\"@id\":\"https:\\\/\\\/diariotextual.com\\\/inicio\\\/#\\\/schema\\\/person\\\/694f60677f23c4a530867a98f22b3768\",\"name\":\"diario2\",\"image\":{\"@type\":\"ImageObject\",\"inLanguage\":\"es\",\"@id\":\"https:\\\/\\\/secure.gravatar.com\\\/avatar\\\/5a2567495ba16b852fcd8f1ed006a2e24fcace936018ed8237e95f488ad6e0a7?s=96&d=mm&r=g\",\"url\":\"https:\\\/\\\/secure.gravatar.com\\\/avatar\\\/5a2567495ba16b852fcd8f1ed006a2e24fcace936018ed8237e95f488ad6e0a7?s=96&d=mm&r=g\",\"contentUrl\":\"https:\\\/\\\/secure.gravatar.com\\\/avatar\\\/5a2567495ba16b852fcd8f1ed006a2e24fcace936018ed8237e95f488ad6e0a7?s=96&d=mm&r=g\",\"caption\":\"diario2\"},\"url\":\"https:\\\/\\\/diariotextual.com\\\/inicio\\\/index.php\\\/author\\\/diario2\\\/\"}]}<\/script>\n<!-- \/ Yoast SEO plugin. -->","yoast_head_json":{"title":"Acha: condenado por abusar de la hija de su pareja - Diario Textual","robots":{"index":"index","follow":"follow","max-snippet":"max-snippet:-1","max-image-preview":"max-image-preview:large","max-video-preview":"max-video-preview:-1"},"canonical":"https:\/\/diariotextual.com\/inicio\/index.php\/2023\/04\/11\/acha-condenado-por-abusar-de-la-hija-de-su-pareja\/","og_locale":"es_ES","og_type":"article","og_title":"Acha: condenado por abusar de la hija de su pareja - Diario Textual","og_description":"Un hombre de 47 a\u00f1os fue condenado a tres a\u00f1os de prisi\u00f3n en suspenso por haber abusado sexualmente de una ni\u00f1a de 12, hija de su pareja, en reiteradas ocasiones.&hellip;","og_url":"https:\/\/diariotextual.com\/inicio\/index.php\/2023\/04\/11\/acha-condenado-por-abusar-de-la-hija-de-su-pareja\/","og_site_name":"Diario Textual","article_publisher":"https:\/\/www.facebook.com\/eltextual","article_published_time":"2023-04-11T16:44:06+00:00","article_modified_time":"2023-04-11T22:42:26+00:00","og_image":[{"width":1549,"height":896,"url":"https:\/\/diariotextual.com\/inicio\/wp-content\/uploads\/2022\/06\/achageneralacha2022-1.jpg","type":"image\/jpeg"}],"author":"diario2","twitter_card":"summary_large_image","twitter_creator":"@eltextual","twitter_site":"@eltextual","twitter_misc":{"Escrito por":"diario2","Tiempo de lectura":"3 minutos"},"schema":{"@context":"https:\/\/schema.org","@graph":[{"@type":"Article","@id":"https:\/\/diariotextual.com\/inicio\/index.php\/2023\/04\/11\/acha-condenado-por-abusar-de-la-hija-de-su-pareja\/#article","isPartOf":{"@id":"https:\/\/diariotextual.com\/inicio\/index.php\/2023\/04\/11\/acha-condenado-por-abusar-de-la-hija-de-su-pareja\/"},"author":{"name":"diario2","@id":"https:\/\/diariotextual.com\/inicio\/#\/schema\/person\/694f60677f23c4a530867a98f22b3768"},"headline":"Acha: condenado por abusar de la hija de su pareja","datePublished":"2023-04-11T16:44:06+00:00","dateModified":"2023-04-11T22:42:26+00:00","mainEntityOfPage":{"@id":"https:\/\/diariotextual.com\/inicio\/index.php\/2023\/04\/11\/acha-condenado-por-abusar-de-la-hija-de-su-pareja\/"},"wordCount":604,"publisher":{"@id":"https:\/\/diariotextual.com\/inicio\/#organization"},"image":{"@id":"https:\/\/diariotextual.com\/inicio\/index.php\/2023\/04\/11\/acha-condenado-por-abusar-de-la-hija-de-su-pareja\/#primaryimage"},"thumbnailUrl":"https:\/\/diariotextual.com\/inicio\/wp-content\/uploads\/2022\/06\/achageneralacha2022-1.jpg","articleSection":["A - ES NOTICIA (van abajo)","SOCIEDAD"],"inLanguage":"es"},{"@type":"WebPage","@id":"https:\/\/diariotextual.com\/inicio\/index.php\/2023\/04\/11\/acha-condenado-por-abusar-de-la-hija-de-su-pareja\/","url":"https:\/\/diariotextual.com\/inicio\/index.php\/2023\/04\/11\/acha-condenado-por-abusar-de-la-hija-de-su-pareja\/","name":"Acha: condenado por abusar de la hija de su pareja - Diario Textual","isPartOf":{"@id":"https:\/\/diariotextual.com\/inicio\/#website"},"primaryImageOfPage":{"@id":"https:\/\/diariotextual.com\/inicio\/index.php\/2023\/04\/11\/acha-condenado-por-abusar-de-la-hija-de-su-pareja\/#primaryimage"},"image":{"@id":"https:\/\/diariotextual.com\/inicio\/index.php\/2023\/04\/11\/acha-condenado-por-abusar-de-la-hija-de-su-pareja\/#primaryimage"},"thumbnailUrl":"https:\/\/diariotextual.com\/inicio\/wp-content\/uploads\/2022\/06\/achageneralacha2022-1.jpg","datePublished":"2023-04-11T16:44:06+00:00","dateModified":"2023-04-11T22:42:26+00:00","breadcrumb":{"@id":"https:\/\/diariotextual.com\/inicio\/index.php\/2023\/04\/11\/acha-condenado-por-abusar-de-la-hija-de-su-pareja\/#breadcrumb"},"inLanguage":"es","potentialAction":[{"@type":"ReadAction","target":["https:\/\/diariotextual.com\/inicio\/index.php\/2023\/04\/11\/acha-condenado-por-abusar-de-la-hija-de-su-pareja\/"]}]},{"@type":"ImageObject","inLanguage":"es","@id":"https:\/\/diariotextual.com\/inicio\/index.php\/2023\/04\/11\/acha-condenado-por-abusar-de-la-hija-de-su-pareja\/#primaryimage","url":"https:\/\/diariotextual.com\/inicio\/wp-content\/uploads\/2022\/06\/achageneralacha2022-1.jpg","contentUrl":"https:\/\/diariotextual.com\/inicio\/wp-content\/uploads\/2022\/06\/achageneralacha2022-1.jpg","width":1549,"height":896},{"@type":"BreadcrumbList","@id":"https:\/\/diariotextual.com\/inicio\/index.php\/2023\/04\/11\/acha-condenado-por-abusar-de-la-hija-de-su-pareja\/#breadcrumb","itemListElement":[{"@type":"ListItem","position":1,"name":"Portada","item":"https:\/\/diariotextual.com\/inicio\/"},{"@type":"ListItem","position":2,"name":"Acha: condenado por abusar de la hija de su pareja"}]},{"@type":"WebSite","@id":"https:\/\/diariotextual.com\/inicio\/#website","url":"https:\/\/diariotextual.com\/inicio\/","name":"Diario Textual","description":"","publisher":{"@id":"https:\/\/diariotextual.com\/inicio\/#organization"},"potentialAction":[{"@type":"SearchAction","target":{"@type":"EntryPoint","urlTemplate":"https:\/\/diariotextual.com\/inicio\/?s={search_term_string}"},"query-input":{"@type":"PropertyValueSpecification","valueRequired":true,"valueName":"search_term_string"}}],"inLanguage":"es"},{"@type":"Organization","@id":"https:\/\/diariotextual.com\/inicio\/#organization","name":"Diario Textual","url":"https:\/\/diariotextual.com\/inicio\/","logo":{"@type":"ImageObject","inLanguage":"es","@id":"https:\/\/diariotextual.com\/inicio\/#\/schema\/logo\/image\/","url":"https:\/\/diariotextual.com\/inicio\/wp-content\/uploads\/2023\/05\/logotextual1.jpg","contentUrl":"https:\/\/diariotextual.com\/inicio\/wp-content\/uploads\/2023\/05\/logotextual1.jpg","width":516,"height":76,"caption":"Diario Textual"},"image":{"@id":"https:\/\/diariotextual.com\/inicio\/#\/schema\/logo\/image\/"},"sameAs":["https:\/\/www.facebook.com\/eltextual","https:\/\/x.com\/eltextual","http:\/\/www.instagram.com\/eltextual"]},{"@type":"Person","@id":"https:\/\/diariotextual.com\/inicio\/#\/schema\/person\/694f60677f23c4a530867a98f22b3768","name":"diario2","image":{"@type":"ImageObject","inLanguage":"es","@id":"https:\/\/secure.gravatar.com\/avatar\/5a2567495ba16b852fcd8f1ed006a2e24fcace936018ed8237e95f488ad6e0a7?s=96&d=mm&r=g","url":"https:\/\/secure.gravatar.com\/avatar\/5a2567495ba16b852fcd8f1ed006a2e24fcace936018ed8237e95f488ad6e0a7?s=96&d=mm&r=g","contentUrl":"https:\/\/secure.gravatar.com\/avatar\/5a2567495ba16b852fcd8f1ed006a2e24fcace936018ed8237e95f488ad6e0a7?s=96&d=mm&r=g","caption":"diario2"},"url":"https:\/\/diariotextual.com\/inicio\/index.php\/author\/diario2\/"}]}},"_links":{"self":[{"href":"https:\/\/diariotextual.com\/inicio\/index.php\/wp-json\/wp\/v2\/posts\/221701","targetHints":{"allow":["GET"]}}],"collection":[{"href":"https:\/\/diariotextual.com\/inicio\/index.php\/wp-json\/wp\/v2\/posts"}],"about":[{"href":"https:\/\/diariotextual.com\/inicio\/index.php\/wp-json\/wp\/v2\/types\/post"}],"author":[{"embeddable":true,"href":"https:\/\/diariotextual.com\/inicio\/index.php\/wp-json\/wp\/v2\/users\/4"}],"replies":[{"embeddable":true,"href":"https:\/\/diariotextual.com\/inicio\/index.php\/wp-json\/wp\/v2\/comments?post=221701"}],"version-history":[{"count":2,"href":"https:\/\/diariotextual.com\/inicio\/index.php\/wp-json\/wp\/v2\/posts\/221701\/revisions"}],"predecessor-version":[{"id":221703,"href":"https:\/\/diariotextual.com\/inicio\/index.php\/wp-json\/wp\/v2\/posts\/221701\/revisions\/221703"}],"wp:featuredmedia":[{"embeddable":true,"href":"https:\/\/diariotextual.com\/inicio\/index.php\/wp-json\/wp\/v2\/media\/190181"}],"wp:attachment":[{"href":"https:\/\/diariotextual.com\/inicio\/index.php\/wp-json\/wp\/v2\/media?parent=221701"}],"wp:term":[{"taxonomy":"category","embeddable":true,"href":"https:\/\/diariotextual.com\/inicio\/index.php\/wp-json\/wp\/v2\/categories?post=221701"},{"taxonomy":"post_tag","embeddable":true,"href":"https:\/\/diariotextual.com\/inicio\/index.php\/wp-json\/wp\/v2\/tags?post=221701"}],"curies":[{"name":"wp","href":"https:\/\/api.w.org\/{rel}","templated":true}]}}