{"id":221704,"date":"2023-04-11T13:58:05","date_gmt":"2023-04-11T16:58:05","guid":{"rendered":"https:\/\/diariotextual.com\/inicio\/?p=221704"},"modified":"2023-04-12T08:00:20","modified_gmt":"2023-04-12T11:00:20","slug":"bomberos-se-realizo-la-primera-practica-en-el-simulador-pampero","status":"publish","type":"post","link":"https:\/\/diariotextual.com\/inicio\/index.php\/2023\/04\/11\/bomberos-se-realizo-la-primera-practica-en-el-simulador-pampero\/","title":{"rendered":"Bomberos: se realiz\u00f3 la primera pr\u00e1ctica en el simulador \u201cPampero\u201d"},"content":{"rendered":"\n<p>El <strong>Departamento Fuego de la escuela de capacitaci\u00f3n de la Federaci\u00f3n de Bomberos Voluntarios de La Pampa <\/strong>llev\u00f3 a cabo este s\u00e1bado en Santa Rosa la <strong>primera pr\u00e1ctica del ciclo en el simulador \u201cPampero\u201d<\/strong>. En esta ocasi\u00f3n, la actividad estuvo dirigida a 16 instructores e instructoras pertenecientes a otras \u00e1reas de la mencionada escuela.<\/p>\n\n\n\n<p>Por parte del departamento fuego <strong>participaron 15 integrantes<\/strong>, que estuvieron a cargo de la operaci\u00f3n del simulador, instrucci\u00f3n y log\u00edstica de la pr\u00e1ctica.<\/p>\n\n\n\n<p>Durante la jornada se utiliz\u00f3 la recientemente adquirida \u201cestaci\u00f3n de carga de aire respirable\u201d, que brind\u00f3 el soporte para que la actividad se desarrolle en tiempo y forma al recargar los cilindros de los equipos de respiraci\u00f3n aut\u00f3noma.<\/p>\n\n\n\n<p>Se trat\u00f3 de la primera de las pr\u00e1cticas que se llevar\u00e1n a cabo durante el ciclo 2023 que continuar\u00e1n en mayo con capacitaciones destinadas a todas las asociaciones, seg\u00fan inform\u00f3 la Federaci\u00f3n de Bomberos Voluntarios de La Pampa.<\/p>\n\n\n\n<p>En tanto, el Departamento Fuego tiene como objetivo capacitar en la tem\u00e1tica a los bomberos de La Pampa en los distintos temas de referencia a <strong>incendios estructurales,<\/strong> tanto en la teor\u00eda como en la pr\u00e1ctica, utilizando el simulador o desplaz\u00e1ndose hacia la localidad de la escuela zonal que lo requiera. Tambi\u00e9n se encarga de mantener actualizados los contenidos te\u00f3ricos de referencia.<\/p>\n\n\n\n<p>Est\u00e1 <strong>compuesto por 26 integrantes p<\/strong>ertenecientes a las asociaciones de Winifreda, Caleuf\u00fa, Toay, 25 de Mayo, General Pico, Victorica, Bernasconi, Rancul, Embajador Martini, Intendente Alvear, Jacinto Arauz, Realic\u00f3, Ingeniero Luiggi, Santa Isabel y Bomberos de la Polic\u00eda de La Pampa.<\/p>\n\n\n\n<p>El <strong>simulador Pampero<\/strong> consiste en un contenedor de alto rendimiento, resistente a la corrosi\u00f3n, dotado con sistema de inyecci\u00f3n de gas propano, generaci\u00f3n de humo sint\u00e9tico y simulaci\u00f3n de gran realismo, mediante sonido y ambientaci\u00f3n. La utilizaci\u00f3n de gas impide la contaminaci\u00f3n del aire y su configuraci\u00f3n interior intercambiable permite realizar diferentes ensayos, reproducir incendios compartimentales, programar su duraci\u00f3n e intensidad y coordinar la repetici\u00f3n de escenarios. El contenedor cuenta con tres niveles, uno inferior, otro superior y una terraza. En el piso principal, que cuenta con varias divisiones, se encuentran los artefactos que producen llamas y lanzan humo qu\u00edmico (sin part\u00edculas de carb\u00f3n y f\u00e1cil de evacuar).<\/p>\n\n\n\n<p>El fuego levanta r\u00e1pidamente la temperatura dentro del contenedor y la ambientaci\u00f3n sonora otorga un gran realismo a la simulaci\u00f3n. Adem\u00e1s, el piso superior est\u00e1 preparado para distintos ensayos de rescate, mientras que la terraza fue dise\u00f1ada para desarrollar capacitaciones con cuerdas.<\/p>\n\n\n\n<p><strong>Tiene al menos tres funciones principales<\/strong>: adem\u00e1s de permitir ensayos con fuego, simulando una habitaci\u00f3n, un taller mec\u00e1nico o una cocina, El Pampero tambi\u00e9n est\u00e1 preparado para simular estructuras colapsadas donde realizar b\u00fasqueda de v\u00edctimas y para capacitaci\u00f3n en rescate con cuerdas.<\/p>\n","protected":false},"excerpt":{"rendered":"<p>El Departamento Fuego de la escuela de capacitaci\u00f3n de la Federaci\u00f3n de Bomberos Voluntarios de La Pampa llev\u00f3 a cabo este s\u00e1bado en Santa Rosa la primera pr\u00e1ctica del ciclo&hellip;<\/p>\n","protected":false},"author":4,"featured_media":221705,"comment_status":"closed","ping_status":"open","sticky":false,"template":"","format":"standard","meta":{"_acf_changed":false,"footnotes":""},"categories":[11,12],"tags":[],"class_list":["post-221704","post","type-post","status-publish","format-standard","has-post-thumbnail","hentry","category-que-pasa","category-sociedad"],"acf":[],"yoast_head":"<!-- This site is optimized with the Yoast SEO plugin v27.5 - https:\/\/yoast.com\/product\/yoast-seo-wordpress\/ -->\n<title>Bomberos: se realiz\u00f3 la primera pr\u00e1ctica en el simulador \u201cPampero\u201d - Diario Textual<\/title>\n<meta name=\"robots\" content=\"index, follow, max-snippet:-1, max-image-preview:large, max-video-preview:-1\" \/>\n<link rel=\"canonical\" href=\"https:\/\/diariotextual.com\/inicio\/index.php\/2023\/04\/11\/bomberos-se-realizo-la-primera-practica-en-el-simulador-pampero\/\" \/>\n<meta property=\"og:locale\" content=\"es_ES\" \/>\n<meta property=\"og:type\" content=\"article\" \/>\n<meta property=\"og:title\" content=\"Bomberos: se realiz\u00f3 la primera pr\u00e1ctica en el simulador \u201cPampero\u201d - Diario Textual\" \/>\n<meta property=\"og:description\" content=\"El Departamento Fuego de la escuela de capacitaci\u00f3n de la Federaci\u00f3n de Bomberos Voluntarios de La Pampa llev\u00f3 a cabo este s\u00e1bado en Santa Rosa la primera pr\u00e1ctica del ciclo&hellip;\" \/>\n<meta property=\"og:url\" content=\"https:\/\/diariotextual.com\/inicio\/index.php\/2023\/04\/11\/bomberos-se-realizo-la-primera-practica-en-el-simulador-pampero\/\" \/>\n<meta property=\"og:site_name\" content=\"Diario Textual\" \/>\n<meta property=\"article:publisher\" content=\"https:\/\/www.facebook.com\/eltextual\" \/>\n<meta property=\"article:published_time\" content=\"2023-04-11T16:58:05+00:00\" \/>\n<meta property=\"article:modified_time\" content=\"2023-04-12T11:00:20+00:00\" \/>\n<meta property=\"og:image\" content=\"https:\/\/diariotextual.com\/inicio\/wp-content\/uploads\/2023\/04\/simuladorbomberos43653.jpg\" \/>\n\t<meta property=\"og:image:width\" content=\"800\" \/>\n\t<meta property=\"og:image:height\" content=\"528\" \/>\n\t<meta property=\"og:image:type\" content=\"image\/jpeg\" \/>\n<meta name=\"author\" content=\"diario2\" \/>\n<meta name=\"twitter:card\" content=\"summary_large_image\" \/>\n<meta name=\"twitter:creator\" content=\"@eltextual\" \/>\n<meta name=\"twitter:site\" content=\"@eltextual\" \/>\n<meta name=\"twitter:label1\" content=\"Escrito por\" \/>\n\t<meta name=\"twitter:data1\" content=\"diario2\" \/>\n\t<meta name=\"twitter:label2\" content=\"Tiempo de lectura\" \/>\n\t<meta name=\"twitter:data2\" content=\"3 minutos\" \/>\n<script type=\"application\/ld+json\" class=\"yoast-schema-graph\">{\"@context\":\"https:\\\/\\\/schema.org\",\"@graph\":[{\"@type\":\"Article\",\"@id\":\"https:\\\/\\\/diariotextual.com\\\/inicio\\\/index.php\\\/2023\\\/04\\\/11\\\/bomberos-se-realizo-la-primera-practica-en-el-simulador-pampero\\\/#article\",\"isPartOf\":{\"@id\":\"https:\\\/\\\/diariotextual.com\\\/inicio\\\/index.php\\\/2023\\\/04\\\/11\\\/bomberos-se-realizo-la-primera-practica-en-el-simulador-pampero\\\/\"},\"author\":{\"name\":\"diario2\",\"@id\":\"https:\\\/\\\/diariotextual.com\\\/inicio\\\/#\\\/schema\\\/person\\\/694f60677f23c4a530867a98f22b3768\"},\"headline\":\"Bomberos: se realiz\u00f3 la primera pr\u00e1ctica en el simulador \u201cPampero\u201d\",\"datePublished\":\"2023-04-11T16:58:05+00:00\",\"dateModified\":\"2023-04-12T11:00:20+00:00\",\"mainEntityOfPage\":{\"@id\":\"https:\\\/\\\/diariotextual.com\\\/inicio\\\/index.php\\\/2023\\\/04\\\/11\\\/bomberos-se-realizo-la-primera-practica-en-el-simulador-pampero\\\/\"},\"wordCount\":503,\"publisher\":{\"@id\":\"https:\\\/\\\/diariotextual.com\\\/inicio\\\/#organization\"},\"image\":{\"@id\":\"https:\\\/\\\/diariotextual.com\\\/inicio\\\/index.php\\\/2023\\\/04\\\/11\\\/bomberos-se-realizo-la-primera-practica-en-el-simulador-pampero\\\/#primaryimage\"},\"thumbnailUrl\":\"https:\\\/\\\/diariotextual.com\\\/inicio\\\/wp-content\\\/uploads\\\/2023\\\/04\\\/simuladorbomberos43653.jpg\",\"articleSection\":[\"A - QUE PASA (al costado)\",\"SOCIEDAD\"],\"inLanguage\":\"es\"},{\"@type\":\"WebPage\",\"@id\":\"https:\\\/\\\/diariotextual.com\\\/inicio\\\/index.php\\\/2023\\\/04\\\/11\\\/bomberos-se-realizo-la-primera-practica-en-el-simulador-pampero\\\/\",\"url\":\"https:\\\/\\\/diariotextual.com\\\/inicio\\\/index.php\\\/2023\\\/04\\\/11\\\/bomberos-se-realizo-la-primera-practica-en-el-simulador-pampero\\\/\",\"name\":\"Bomberos: se realiz\u00f3 la primera pr\u00e1ctica en el simulador \u201cPampero\u201d - Diario Textual\",\"isPartOf\":{\"@id\":\"https:\\\/\\\/diariotextual.com\\\/inicio\\\/#website\"},\"primaryImageOfPage\":{\"@id\":\"https:\\\/\\\/diariotextual.com\\\/inicio\\\/index.php\\\/2023\\\/04\\\/11\\\/bomberos-se-realizo-la-primera-practica-en-el-simulador-pampero\\\/#primaryimage\"},\"image\":{\"@id\":\"https:\\\/\\\/diariotextual.com\\\/inicio\\\/index.php\\\/2023\\\/04\\\/11\\\/bomberos-se-realizo-la-primera-practica-en-el-simulador-pampero\\\/#primaryimage\"},\"thumbnailUrl\":\"https:\\\/\\\/diariotextual.com\\\/inicio\\\/wp-content\\\/uploads\\\/2023\\\/04\\\/simuladorbomberos43653.jpg\",\"datePublished\":\"2023-04-11T16:58:05+00:00\",\"dateModified\":\"2023-04-12T11:00:20+00:00\",\"breadcrumb\":{\"@id\":\"https:\\\/\\\/diariotextual.com\\\/inicio\\\/index.php\\\/2023\\\/04\\\/11\\\/bomberos-se-realizo-la-primera-practica-en-el-simulador-pampero\\\/#breadcrumb\"},\"inLanguage\":\"es\",\"potentialAction\":[{\"@type\":\"ReadAction\",\"target\":[\"https:\\\/\\\/diariotextual.com\\\/inicio\\\/index.php\\\/2023\\\/04\\\/11\\\/bomberos-se-realizo-la-primera-practica-en-el-simulador-pampero\\\/\"]}]},{\"@type\":\"ImageObject\",\"inLanguage\":\"es\",\"@id\":\"https:\\\/\\\/diariotextual.com\\\/inicio\\\/index.php\\\/2023\\\/04\\\/11\\\/bomberos-se-realizo-la-primera-practica-en-el-simulador-pampero\\\/#primaryimage\",\"url\":\"https:\\\/\\\/diariotextual.com\\\/inicio\\\/wp-content\\\/uploads\\\/2023\\\/04\\\/simuladorbomberos43653.jpg\",\"contentUrl\":\"https:\\\/\\\/diariotextual.com\\\/inicio\\\/wp-content\\\/uploads\\\/2023\\\/04\\\/simuladorbomberos43653.jpg\",\"width\":800,\"height\":528},{\"@type\":\"BreadcrumbList\",\"@id\":\"https:\\\/\\\/diariotextual.com\\\/inicio\\\/index.php\\\/2023\\\/04\\\/11\\\/bomberos-se-realizo-la-primera-practica-en-el-simulador-pampero\\\/#breadcrumb\",\"itemListElement\":[{\"@type\":\"ListItem\",\"position\":1,\"name\":\"Portada\",\"item\":\"https:\\\/\\\/diariotextual.com\\\/inicio\\\/\"},{\"@type\":\"ListItem\",\"position\":2,\"name\":\"Bomberos: se realiz\u00f3 la primera pr\u00e1ctica en el simulador \u201cPampero\u201d\"}]},{\"@type\":\"WebSite\",\"@id\":\"https:\\\/\\\/diariotextual.com\\\/inicio\\\/#website\",\"url\":\"https:\\\/\\\/diariotextual.com\\\/inicio\\\/\",\"name\":\"Diario Textual\",\"description\":\"\",\"publisher\":{\"@id\":\"https:\\\/\\\/diariotextual.com\\\/inicio\\\/#organization\"},\"potentialAction\":[{\"@type\":\"SearchAction\",\"target\":{\"@type\":\"EntryPoint\",\"urlTemplate\":\"https:\\\/\\\/diariotextual.com\\\/inicio\\\/?s={search_term_string}\"},\"query-input\":{\"@type\":\"PropertyValueSpecification\",\"valueRequired\":true,\"valueName\":\"search_term_string\"}}],\"inLanguage\":\"es\"},{\"@type\":\"Organization\",\"@id\":\"https:\\\/\\\/diariotextual.com\\\/inicio\\\/#organization\",\"name\":\"Diario Textual\",\"url\":\"https:\\\/\\\/diariotextual.com\\\/inicio\\\/\",\"logo\":{\"@type\":\"ImageObject\",\"inLanguage\":\"es\",\"@id\":\"https:\\\/\\\/diariotextual.com\\\/inicio\\\/#\\\/schema\\\/logo\\\/image\\\/\",\"url\":\"https:\\\/\\\/diariotextual.com\\\/inicio\\\/wp-content\\\/uploads\\\/2023\\\/05\\\/logotextual1.jpg\",\"contentUrl\":\"https:\\\/\\\/diariotextual.com\\\/inicio\\\/wp-content\\\/uploads\\\/2023\\\/05\\\/logotextual1.jpg\",\"width\":516,\"height\":76,\"caption\":\"Diario Textual\"},\"image\":{\"@id\":\"https:\\\/\\\/diariotextual.com\\\/inicio\\\/#\\\/schema\\\/logo\\\/image\\\/\"},\"sameAs\":[\"https:\\\/\\\/www.facebook.com\\\/eltextual\",\"https:\\\/\\\/x.com\\\/eltextual\",\"http:\\\/\\\/www.instagram.com\\\/eltextual\"]},{\"@type\":\"Person\",\"@id\":\"https:\\\/\\\/diariotextual.com\\\/inicio\\\/#\\\/schema\\\/person\\\/694f60677f23c4a530867a98f22b3768\",\"name\":\"diario2\",\"image\":{\"@type\":\"ImageObject\",\"inLanguage\":\"es\",\"@id\":\"https:\\\/\\\/secure.gravatar.com\\\/avatar\\\/5a2567495ba16b852fcd8f1ed006a2e24fcace936018ed8237e95f488ad6e0a7?s=96&d=mm&r=g\",\"url\":\"https:\\\/\\\/secure.gravatar.com\\\/avatar\\\/5a2567495ba16b852fcd8f1ed006a2e24fcace936018ed8237e95f488ad6e0a7?s=96&d=mm&r=g\",\"contentUrl\":\"https:\\\/\\\/secure.gravatar.com\\\/avatar\\\/5a2567495ba16b852fcd8f1ed006a2e24fcace936018ed8237e95f488ad6e0a7?s=96&d=mm&r=g\",\"caption\":\"diario2\"},\"url\":\"https:\\\/\\\/diariotextual.com\\\/inicio\\\/index.php\\\/author\\\/diario2\\\/\"}]}<\/script>\n<!-- \/ Yoast SEO plugin. -->","yoast_head_json":{"title":"Bomberos: se realiz\u00f3 la primera pr\u00e1ctica en el simulador \u201cPampero\u201d - Diario Textual","robots":{"index":"index","follow":"follow","max-snippet":"max-snippet:-1","max-image-preview":"max-image-preview:large","max-video-preview":"max-video-preview:-1"},"canonical":"https:\/\/diariotextual.com\/inicio\/index.php\/2023\/04\/11\/bomberos-se-realizo-la-primera-practica-en-el-simulador-pampero\/","og_locale":"es_ES","og_type":"article","og_title":"Bomberos: se realiz\u00f3 la primera pr\u00e1ctica en el simulador \u201cPampero\u201d - Diario Textual","og_description":"El Departamento Fuego de la escuela de capacitaci\u00f3n de la Federaci\u00f3n de Bomberos Voluntarios de La Pampa llev\u00f3 a cabo este s\u00e1bado en Santa Rosa la primera pr\u00e1ctica del ciclo&hellip;","og_url":"https:\/\/diariotextual.com\/inicio\/index.php\/2023\/04\/11\/bomberos-se-realizo-la-primera-practica-en-el-simulador-pampero\/","og_site_name":"Diario Textual","article_publisher":"https:\/\/www.facebook.com\/eltextual","article_published_time":"2023-04-11T16:58:05+00:00","article_modified_time":"2023-04-12T11:00:20+00:00","og_image":[{"width":800,"height":528,"url":"https:\/\/diariotextual.com\/inicio\/wp-content\/uploads\/2023\/04\/simuladorbomberos43653.jpg","type":"image\/jpeg"}],"author":"diario2","twitter_card":"summary_large_image","twitter_creator":"@eltextual","twitter_site":"@eltextual","twitter_misc":{"Escrito por":"diario2","Tiempo de lectura":"3 minutos"},"schema":{"@context":"https:\/\/schema.org","@graph":[{"@type":"Article","@id":"https:\/\/diariotextual.com\/inicio\/index.php\/2023\/04\/11\/bomberos-se-realizo-la-primera-practica-en-el-simulador-pampero\/#article","isPartOf":{"@id":"https:\/\/diariotextual.com\/inicio\/index.php\/2023\/04\/11\/bomberos-se-realizo-la-primera-practica-en-el-simulador-pampero\/"},"author":{"name":"diario2","@id":"https:\/\/diariotextual.com\/inicio\/#\/schema\/person\/694f60677f23c4a530867a98f22b3768"},"headline":"Bomberos: se realiz\u00f3 la primera pr\u00e1ctica en el simulador \u201cPampero\u201d","datePublished":"2023-04-11T16:58:05+00:00","dateModified":"2023-04-12T11:00:20+00:00","mainEntityOfPage":{"@id":"https:\/\/diariotextual.com\/inicio\/index.php\/2023\/04\/11\/bomberos-se-realizo-la-primera-practica-en-el-simulador-pampero\/"},"wordCount":503,"publisher":{"@id":"https:\/\/diariotextual.com\/inicio\/#organization"},"image":{"@id":"https:\/\/diariotextual.com\/inicio\/index.php\/2023\/04\/11\/bomberos-se-realizo-la-primera-practica-en-el-simulador-pampero\/#primaryimage"},"thumbnailUrl":"https:\/\/diariotextual.com\/inicio\/wp-content\/uploads\/2023\/04\/simuladorbomberos43653.jpg","articleSection":["A - QUE PASA (al costado)","SOCIEDAD"],"inLanguage":"es"},{"@type":"WebPage","@id":"https:\/\/diariotextual.com\/inicio\/index.php\/2023\/04\/11\/bomberos-se-realizo-la-primera-practica-en-el-simulador-pampero\/","url":"https:\/\/diariotextual.com\/inicio\/index.php\/2023\/04\/11\/bomberos-se-realizo-la-primera-practica-en-el-simulador-pampero\/","name":"Bomberos: se realiz\u00f3 la primera pr\u00e1ctica en el simulador \u201cPampero\u201d - Diario Textual","isPartOf":{"@id":"https:\/\/diariotextual.com\/inicio\/#website"},"primaryImageOfPage":{"@id":"https:\/\/diariotextual.com\/inicio\/index.php\/2023\/04\/11\/bomberos-se-realizo-la-primera-practica-en-el-simulador-pampero\/#primaryimage"},"image":{"@id":"https:\/\/diariotextual.com\/inicio\/index.php\/2023\/04\/11\/bomberos-se-realizo-la-primera-practica-en-el-simulador-pampero\/#primaryimage"},"thumbnailUrl":"https:\/\/diariotextual.com\/inicio\/wp-content\/uploads\/2023\/04\/simuladorbomberos43653.jpg","datePublished":"2023-04-11T16:58:05+00:00","dateModified":"2023-04-12T11:00:20+00:00","breadcrumb":{"@id":"https:\/\/diariotextual.com\/inicio\/index.php\/2023\/04\/11\/bomberos-se-realizo-la-primera-practica-en-el-simulador-pampero\/#breadcrumb"},"inLanguage":"es","potentialAction":[{"@type":"ReadAction","target":["https:\/\/diariotextual.com\/inicio\/index.php\/2023\/04\/11\/bomberos-se-realizo-la-primera-practica-en-el-simulador-pampero\/"]}]},{"@type":"ImageObject","inLanguage":"es","@id":"https:\/\/diariotextual.com\/inicio\/index.php\/2023\/04\/11\/bomberos-se-realizo-la-primera-practica-en-el-simulador-pampero\/#primaryimage","url":"https:\/\/diariotextual.com\/inicio\/wp-content\/uploads\/2023\/04\/simuladorbomberos43653.jpg","contentUrl":"https:\/\/diariotextual.com\/inicio\/wp-content\/uploads\/2023\/04\/simuladorbomberos43653.jpg","width":800,"height":528},{"@type":"BreadcrumbList","@id":"https:\/\/diariotextual.com\/inicio\/index.php\/2023\/04\/11\/bomberos-se-realizo-la-primera-practica-en-el-simulador-pampero\/#breadcrumb","itemListElement":[{"@type":"ListItem","position":1,"name":"Portada","item":"https:\/\/diariotextual.com\/inicio\/"},{"@type":"ListItem","position":2,"name":"Bomberos: se realiz\u00f3 la primera pr\u00e1ctica en el simulador \u201cPampero\u201d"}]},{"@type":"WebSite","@id":"https:\/\/diariotextual.com\/inicio\/#website","url":"https:\/\/diariotextual.com\/inicio\/","name":"Diario Textual","description":"","publisher":{"@id":"https:\/\/diariotextual.com\/inicio\/#organization"},"potentialAction":[{"@type":"SearchAction","target":{"@type":"EntryPoint","urlTemplate":"https:\/\/diariotextual.com\/inicio\/?s={search_term_string}"},"query-input":{"@type":"PropertyValueSpecification","valueRequired":true,"valueName":"search_term_string"}}],"inLanguage":"es"},{"@type":"Organization","@id":"https:\/\/diariotextual.com\/inicio\/#organization","name":"Diario Textual","url":"https:\/\/diariotextual.com\/inicio\/","logo":{"@type":"ImageObject","inLanguage":"es","@id":"https:\/\/diariotextual.com\/inicio\/#\/schema\/logo\/image\/","url":"https:\/\/diariotextual.com\/inicio\/wp-content\/uploads\/2023\/05\/logotextual1.jpg","contentUrl":"https:\/\/diariotextual.com\/inicio\/wp-content\/uploads\/2023\/05\/logotextual1.jpg","width":516,"height":76,"caption":"Diario Textual"},"image":{"@id":"https:\/\/diariotextual.com\/inicio\/#\/schema\/logo\/image\/"},"sameAs":["https:\/\/www.facebook.com\/eltextual","https:\/\/x.com\/eltextual","http:\/\/www.instagram.com\/eltextual"]},{"@type":"Person","@id":"https:\/\/diariotextual.com\/inicio\/#\/schema\/person\/694f60677f23c4a530867a98f22b3768","name":"diario2","image":{"@type":"ImageObject","inLanguage":"es","@id":"https:\/\/secure.gravatar.com\/avatar\/5a2567495ba16b852fcd8f1ed006a2e24fcace936018ed8237e95f488ad6e0a7?s=96&d=mm&r=g","url":"https:\/\/secure.gravatar.com\/avatar\/5a2567495ba16b852fcd8f1ed006a2e24fcace936018ed8237e95f488ad6e0a7?s=96&d=mm&r=g","contentUrl":"https:\/\/secure.gravatar.com\/avatar\/5a2567495ba16b852fcd8f1ed006a2e24fcace936018ed8237e95f488ad6e0a7?s=96&d=mm&r=g","caption":"diario2"},"url":"https:\/\/diariotextual.com\/inicio\/index.php\/author\/diario2\/"}]}},"_links":{"self":[{"href":"https:\/\/diariotextual.com\/inicio\/index.php\/wp-json\/wp\/v2\/posts\/221704","targetHints":{"allow":["GET"]}}],"collection":[{"href":"https:\/\/diariotextual.com\/inicio\/index.php\/wp-json\/wp\/v2\/posts"}],"about":[{"href":"https:\/\/diariotextual.com\/inicio\/index.php\/wp-json\/wp\/v2\/types\/post"}],"author":[{"embeddable":true,"href":"https:\/\/diariotextual.com\/inicio\/index.php\/wp-json\/wp\/v2\/users\/4"}],"replies":[{"embeddable":true,"href":"https:\/\/diariotextual.com\/inicio\/index.php\/wp-json\/wp\/v2\/comments?post=221704"}],"version-history":[{"count":1,"href":"https:\/\/diariotextual.com\/inicio\/index.php\/wp-json\/wp\/v2\/posts\/221704\/revisions"}],"predecessor-version":[{"id":221706,"href":"https:\/\/diariotextual.com\/inicio\/index.php\/wp-json\/wp\/v2\/posts\/221704\/revisions\/221706"}],"wp:featuredmedia":[{"embeddable":true,"href":"https:\/\/diariotextual.com\/inicio\/index.php\/wp-json\/wp\/v2\/media\/221705"}],"wp:attachment":[{"href":"https:\/\/diariotextual.com\/inicio\/index.php\/wp-json\/wp\/v2\/media?parent=221704"}],"wp:term":[{"taxonomy":"category","embeddable":true,"href":"https:\/\/diariotextual.com\/inicio\/index.php\/wp-json\/wp\/v2\/categories?post=221704"},{"taxonomy":"post_tag","embeddable":true,"href":"https:\/\/diariotextual.com\/inicio\/index.php\/wp-json\/wp\/v2\/tags?post=221704"}],"curies":[{"name":"wp","href":"https:\/\/api.w.org\/{rel}","templated":true}]}}