{"id":221707,"date":"2023-04-11T14:05:25","date_gmt":"2023-04-11T17:05:25","guid":{"rendered":"https:\/\/diariotextual.com\/inicio\/?p=221707"},"modified":"2023-04-11T14:07:19","modified_gmt":"2023-04-11T17:07:19","slug":"juraron-doce-consejeros-del-consejo-de-la-magistratura","status":"publish","type":"post","link":"https:\/\/diariotextual.com\/inicio\/index.php\/2023\/04\/11\/juraron-doce-consejeros-del-consejo-de-la-magistratura\/","title":{"rendered":"Juraron doce integrantes del Consejo de la Magistratura"},"content":{"rendered":"\n<p>En la Biblioteca del Superior Tribunal de Justicia juraron este martes <strong>doce de los nuevos integrantes del Consejo de la Magistratura<\/strong> \u2013titulares y suplentes\u2013, que cumplir\u00e1n funciones hasta el 28 de diciembre de 2024.<\/p>\n\n\n\n<p>El acto estuvo encabezado por el presidente del cuerpo, el ministro del Superior Tribunal de Justicia, Fabricio Luis Losi, quien ya hab\u00eda cumplido oportunamente con esa formalidad. Tambi\u00e9n asistieron el vicegobernador, Mariano Fern\u00e1ndez; la presidenta del STJ, Elena Victoria Fresco; el procurador general, Mario Oscar Bongianino; el subsecretario de Justicia y Registros P\u00fablicos, Pablo Javier Boleas; la titular del Colegio de Abogados y Procuradores, Susana Gemignani; y la consejera titular del Consejo Profesional de Ciencias Econ\u00f3micas, Marta Mart\u00ednez.<\/p>\n\n\n\n<p>En primer t\u00e9rmino, Losi les tom\u00f3 juramento a su par Eduardo Fern\u00e1ndez Mend\u00eda, quien asumi\u00f3 como segundo suplente en nombre del STJ; al subdirector general del Registro de la Propiedad Inmueble, Jos\u00e9 Luis Scarpello, segundo suplente por el Poder Ejecutivo; y a Carolina Marcela Vel\u00e1zquez y Abel Arnaldo Arg\u00fcello, titular por la Cuarta Circunscripci\u00f3n Judicial (con sede en Victorica) y segundo suplente por la Primera Circunscripci\u00f3n (con asiento en Santa Rosa), respectivamente, en nombre de los abogados de la matr\u00edcula.<\/p>\n\n\n\n<p>En la segunda tanda juraron la diputada Mar\u00eda Silvia Larreta, primera suplente por el Poder Legislativo; y Guillermo Emilio Fons, consejero titular por los contadores p\u00fablicos.<\/p>\n\n\n\n<p>Posteriormente, lo hicieron los seis consejeros restantes, todos abogados por la matr\u00edcula: Enzo Adri\u00e1n Rodr\u00edguez Di\u00e9guez, titular por la Primera Circunscripci\u00f3n; Mar\u00eda Gabriela Bequis, titular por la Tercera Circunscripci\u00f3n; Marcos Luis Paz, primer suplente por la Primera Circunscripci\u00f3n; Ramiro Ariel Kazanitz, primer suplente por la Tercera Circunscripci\u00f3n (con cabecera en General Acha); y Gustavo Javier Coello y Adriana Eva Garc\u00eda Civalero, primero y segunda suplente por la Segunda Circunscripci\u00f3n. Estos dos \u00faltimos lo hicieron por Zoom desde General Pico.<\/p>\n\n\n\n<p>A continuaci\u00f3n de la ceremonia se realiz\u00f3, en el mismo lugar, la primera reuni\u00f3n formal de la Magistratura durante 2023.<\/p>\n\n\n\n<p>La nueva conformaci\u00f3n del Consejo para los pr\u00f3ximos dos a\u00f1os es la siguiente:<\/p>\n\n\n\n<p>Representantes del Superior Tribunal de Justicia: Losi \u2013como miembro titular y presidente en reemplazo del ministro Jos\u00e9 Roberto Sappa\u2013; la ministra Elena Victoria Fresco (primera suplente) y Fern\u00e1ndez Mend\u00eda (segundo suplente).<\/p>\n\n\n\n<p>Representantes del Poder Ejecutivo Provincial: Pablo Javier Boleas (titular); el director general de Justicia, Nicol\u00e1s Leonel Idiart (primer suplente), y Jos\u00e9 Luis Scarpello (segundo suplente).<\/p>\n\n\n\n<p>Representantes del Poder Legislativo: las diputadas Alicia Susana Mayoral (titular), Mar\u00eda Silvia Larreta (primera suplente) y Valeria Stefan\u00eda Luj\u00e1n (segunda suplente).<\/p>\n\n\n\n<p>Representantes de los abogados de la matr\u00edcula: Primera Circunscripci\u00f3n, Enzo Adri\u00e1n Rodr\u00edguez Dieguez (titular), Marcos Luis Paz (primer suplente) y Abel Arnaldo Arg\u00fcello (segundo suplente); Segunda Circunscripci\u00f3n, Pablo Daniel Rodr\u00edguez Salto (titular), Gustavo Javier Coello (primer suplente) y Adriana Eva Garc\u00eda Civalero (segunda suplente); Tercera Circunscripci\u00f3n, Mar\u00eda Gabriela Bequis (titular) y Ramiro Ariel Kazanitz (primer suplente); y Cuarta Circunscripci\u00f3n, Carolina Marcela Vel\u00e1zquez (titular).<\/p>\n\n\n\n<p>Representantes de los contadores p\u00fablicos: Fons (titular), C\u00e9sar Norberto Bottero (primer suplente) y Oscar Daniel Alpa (segundo suplente).\u200b<\/p>\n","protected":false},"excerpt":{"rendered":"<p>En la Biblioteca del Superior Tribunal de Justicia juraron este martes doce de los nuevos integrantes del Consejo de la Magistratura \u2013titulares y suplentes\u2013, que cumplir\u00e1n funciones hasta el 28&hellip;<\/p>\n","protected":false},"author":4,"featured_media":221708,"comment_status":"closed","ping_status":"open","sticky":false,"template":"","format":"standard","meta":{"_acf_changed":false,"footnotes":""},"categories":[1,12],"tags":[],"class_list":["post-221707","post","type-post","status-publish","format-standard","has-post-thumbnail","hentry","category-es-noticia","category-sociedad"],"acf":[],"yoast_head":"<!-- This site is optimized with the Yoast SEO plugin v27.5 - https:\/\/yoast.com\/product\/yoast-seo-wordpress\/ -->\n<title>Juraron doce integrantes del Consejo de la Magistratura - Diario Textual<\/title>\n<meta name=\"robots\" content=\"index, follow, max-snippet:-1, max-image-preview:large, max-video-preview:-1\" \/>\n<link rel=\"canonical\" href=\"https:\/\/diariotextual.com\/inicio\/index.php\/2023\/04\/11\/juraron-doce-consejeros-del-consejo-de-la-magistratura\/\" \/>\n<meta property=\"og:locale\" content=\"es_ES\" \/>\n<meta property=\"og:type\" content=\"article\" \/>\n<meta property=\"og:title\" content=\"Juraron doce integrantes del Consejo de la Magistratura - Diario Textual\" \/>\n<meta property=\"og:description\" content=\"En la Biblioteca del Superior Tribunal de Justicia juraron este martes doce de los nuevos integrantes del Consejo de la Magistratura \u2013titulares y suplentes\u2013, que cumplir\u00e1n funciones hasta el 28&hellip;\" \/>\n<meta property=\"og:url\" content=\"https:\/\/diariotextual.com\/inicio\/index.php\/2023\/04\/11\/juraron-doce-consejeros-del-consejo-de-la-magistratura\/\" \/>\n<meta property=\"og:site_name\" content=\"Diario Textual\" \/>\n<meta property=\"article:publisher\" content=\"https:\/\/www.facebook.com\/eltextual\" \/>\n<meta property=\"article:published_time\" content=\"2023-04-11T17:05:25+00:00\" \/>\n<meta property=\"article:modified_time\" content=\"2023-04-11T17:07:19+00:00\" \/>\n<meta property=\"og:image\" content=\"https:\/\/diariotextual.com\/inicio\/wp-content\/uploads\/2023\/04\/magistraturajuraconsejeros2024.jpg\" \/>\n\t<meta property=\"og:image:width\" content=\"800\" \/>\n\t<meta property=\"og:image:height\" content=\"476\" \/>\n\t<meta property=\"og:image:type\" content=\"image\/jpeg\" \/>\n<meta name=\"author\" content=\"diario2\" \/>\n<meta name=\"twitter:card\" content=\"summary_large_image\" \/>\n<meta name=\"twitter:creator\" content=\"@eltextual\" \/>\n<meta name=\"twitter:site\" content=\"@eltextual\" \/>\n<meta name=\"twitter:label1\" content=\"Escrito por\" \/>\n\t<meta name=\"twitter:data1\" content=\"diario2\" \/>\n\t<meta name=\"twitter:label2\" content=\"Tiempo de lectura\" \/>\n\t<meta name=\"twitter:data2\" content=\"3 minutos\" \/>\n<script type=\"application\/ld+json\" class=\"yoast-schema-graph\">{\"@context\":\"https:\\\/\\\/schema.org\",\"@graph\":[{\"@type\":\"Article\",\"@id\":\"https:\\\/\\\/diariotextual.com\\\/inicio\\\/index.php\\\/2023\\\/04\\\/11\\\/juraron-doce-consejeros-del-consejo-de-la-magistratura\\\/#article\",\"isPartOf\":{\"@id\":\"https:\\\/\\\/diariotextual.com\\\/inicio\\\/index.php\\\/2023\\\/04\\\/11\\\/juraron-doce-consejeros-del-consejo-de-la-magistratura\\\/\"},\"author\":{\"name\":\"diario2\",\"@id\":\"https:\\\/\\\/diariotextual.com\\\/inicio\\\/#\\\/schema\\\/person\\\/694f60677f23c4a530867a98f22b3768\"},\"headline\":\"Juraron doce integrantes del Consejo de la Magistratura\",\"datePublished\":\"2023-04-11T17:05:25+00:00\",\"dateModified\":\"2023-04-11T17:07:19+00:00\",\"mainEntityOfPage\":{\"@id\":\"https:\\\/\\\/diariotextual.com\\\/inicio\\\/index.php\\\/2023\\\/04\\\/11\\\/juraron-doce-consejeros-del-consejo-de-la-magistratura\\\/\"},\"wordCount\":546,\"publisher\":{\"@id\":\"https:\\\/\\\/diariotextual.com\\\/inicio\\\/#organization\"},\"image\":{\"@id\":\"https:\\\/\\\/diariotextual.com\\\/inicio\\\/index.php\\\/2023\\\/04\\\/11\\\/juraron-doce-consejeros-del-consejo-de-la-magistratura\\\/#primaryimage\"},\"thumbnailUrl\":\"https:\\\/\\\/diariotextual.com\\\/inicio\\\/wp-content\\\/uploads\\\/2023\\\/04\\\/magistraturajuraconsejeros2024.jpg\",\"articleSection\":[\"A - ES NOTICIA (van abajo)\",\"SOCIEDAD\"],\"inLanguage\":\"es\"},{\"@type\":\"WebPage\",\"@id\":\"https:\\\/\\\/diariotextual.com\\\/inicio\\\/index.php\\\/2023\\\/04\\\/11\\\/juraron-doce-consejeros-del-consejo-de-la-magistratura\\\/\",\"url\":\"https:\\\/\\\/diariotextual.com\\\/inicio\\\/index.php\\\/2023\\\/04\\\/11\\\/juraron-doce-consejeros-del-consejo-de-la-magistratura\\\/\",\"name\":\"Juraron doce integrantes del Consejo de la Magistratura - Diario Textual\",\"isPartOf\":{\"@id\":\"https:\\\/\\\/diariotextual.com\\\/inicio\\\/#website\"},\"primaryImageOfPage\":{\"@id\":\"https:\\\/\\\/diariotextual.com\\\/inicio\\\/index.php\\\/2023\\\/04\\\/11\\\/juraron-doce-consejeros-del-consejo-de-la-magistratura\\\/#primaryimage\"},\"image\":{\"@id\":\"https:\\\/\\\/diariotextual.com\\\/inicio\\\/index.php\\\/2023\\\/04\\\/11\\\/juraron-doce-consejeros-del-consejo-de-la-magistratura\\\/#primaryimage\"},\"thumbnailUrl\":\"https:\\\/\\\/diariotextual.com\\\/inicio\\\/wp-content\\\/uploads\\\/2023\\\/04\\\/magistraturajuraconsejeros2024.jpg\",\"datePublished\":\"2023-04-11T17:05:25+00:00\",\"dateModified\":\"2023-04-11T17:07:19+00:00\",\"breadcrumb\":{\"@id\":\"https:\\\/\\\/diariotextual.com\\\/inicio\\\/index.php\\\/2023\\\/04\\\/11\\\/juraron-doce-consejeros-del-consejo-de-la-magistratura\\\/#breadcrumb\"},\"inLanguage\":\"es\",\"potentialAction\":[{\"@type\":\"ReadAction\",\"target\":[\"https:\\\/\\\/diariotextual.com\\\/inicio\\\/index.php\\\/2023\\\/04\\\/11\\\/juraron-doce-consejeros-del-consejo-de-la-magistratura\\\/\"]}]},{\"@type\":\"ImageObject\",\"inLanguage\":\"es\",\"@id\":\"https:\\\/\\\/diariotextual.com\\\/inicio\\\/index.php\\\/2023\\\/04\\\/11\\\/juraron-doce-consejeros-del-consejo-de-la-magistratura\\\/#primaryimage\",\"url\":\"https:\\\/\\\/diariotextual.com\\\/inicio\\\/wp-content\\\/uploads\\\/2023\\\/04\\\/magistraturajuraconsejeros2024.jpg\",\"contentUrl\":\"https:\\\/\\\/diariotextual.com\\\/inicio\\\/wp-content\\\/uploads\\\/2023\\\/04\\\/magistraturajuraconsejeros2024.jpg\",\"width\":800,\"height\":476},{\"@type\":\"BreadcrumbList\",\"@id\":\"https:\\\/\\\/diariotextual.com\\\/inicio\\\/index.php\\\/2023\\\/04\\\/11\\\/juraron-doce-consejeros-del-consejo-de-la-magistratura\\\/#breadcrumb\",\"itemListElement\":[{\"@type\":\"ListItem\",\"position\":1,\"name\":\"Portada\",\"item\":\"https:\\\/\\\/diariotextual.com\\\/inicio\\\/\"},{\"@type\":\"ListItem\",\"position\":2,\"name\":\"Juraron doce integrantes del Consejo de la Magistratura\"}]},{\"@type\":\"WebSite\",\"@id\":\"https:\\\/\\\/diariotextual.com\\\/inicio\\\/#website\",\"url\":\"https:\\\/\\\/diariotextual.com\\\/inicio\\\/\",\"name\":\"Diario Textual\",\"description\":\"\",\"publisher\":{\"@id\":\"https:\\\/\\\/diariotextual.com\\\/inicio\\\/#organization\"},\"potentialAction\":[{\"@type\":\"SearchAction\",\"target\":{\"@type\":\"EntryPoint\",\"urlTemplate\":\"https:\\\/\\\/diariotextual.com\\\/inicio\\\/?s={search_term_string}\"},\"query-input\":{\"@type\":\"PropertyValueSpecification\",\"valueRequired\":true,\"valueName\":\"search_term_string\"}}],\"inLanguage\":\"es\"},{\"@type\":\"Organization\",\"@id\":\"https:\\\/\\\/diariotextual.com\\\/inicio\\\/#organization\",\"name\":\"Diario Textual\",\"url\":\"https:\\\/\\\/diariotextual.com\\\/inicio\\\/\",\"logo\":{\"@type\":\"ImageObject\",\"inLanguage\":\"es\",\"@id\":\"https:\\\/\\\/diariotextual.com\\\/inicio\\\/#\\\/schema\\\/logo\\\/image\\\/\",\"url\":\"https:\\\/\\\/diariotextual.com\\\/inicio\\\/wp-content\\\/uploads\\\/2023\\\/05\\\/logotextual1.jpg\",\"contentUrl\":\"https:\\\/\\\/diariotextual.com\\\/inicio\\\/wp-content\\\/uploads\\\/2023\\\/05\\\/logotextual1.jpg\",\"width\":516,\"height\":76,\"caption\":\"Diario Textual\"},\"image\":{\"@id\":\"https:\\\/\\\/diariotextual.com\\\/inicio\\\/#\\\/schema\\\/logo\\\/image\\\/\"},\"sameAs\":[\"https:\\\/\\\/www.facebook.com\\\/eltextual\",\"https:\\\/\\\/x.com\\\/eltextual\",\"http:\\\/\\\/www.instagram.com\\\/eltextual\"]},{\"@type\":\"Person\",\"@id\":\"https:\\\/\\\/diariotextual.com\\\/inicio\\\/#\\\/schema\\\/person\\\/694f60677f23c4a530867a98f22b3768\",\"name\":\"diario2\",\"image\":{\"@type\":\"ImageObject\",\"inLanguage\":\"es\",\"@id\":\"https:\\\/\\\/secure.gravatar.com\\\/avatar\\\/5a2567495ba16b852fcd8f1ed006a2e24fcace936018ed8237e95f488ad6e0a7?s=96&d=mm&r=g\",\"url\":\"https:\\\/\\\/secure.gravatar.com\\\/avatar\\\/5a2567495ba16b852fcd8f1ed006a2e24fcace936018ed8237e95f488ad6e0a7?s=96&d=mm&r=g\",\"contentUrl\":\"https:\\\/\\\/secure.gravatar.com\\\/avatar\\\/5a2567495ba16b852fcd8f1ed006a2e24fcace936018ed8237e95f488ad6e0a7?s=96&d=mm&r=g\",\"caption\":\"diario2\"},\"url\":\"https:\\\/\\\/diariotextual.com\\\/inicio\\\/index.php\\\/author\\\/diario2\\\/\"}]}<\/script>\n<!-- \/ Yoast SEO plugin. -->","yoast_head_json":{"title":"Juraron doce integrantes del Consejo de la Magistratura - Diario Textual","robots":{"index":"index","follow":"follow","max-snippet":"max-snippet:-1","max-image-preview":"max-image-preview:large","max-video-preview":"max-video-preview:-1"},"canonical":"https:\/\/diariotextual.com\/inicio\/index.php\/2023\/04\/11\/juraron-doce-consejeros-del-consejo-de-la-magistratura\/","og_locale":"es_ES","og_type":"article","og_title":"Juraron doce integrantes del Consejo de la Magistratura - Diario Textual","og_description":"En la Biblioteca del Superior Tribunal de Justicia juraron este martes doce de los nuevos integrantes del Consejo de la Magistratura \u2013titulares y suplentes\u2013, que cumplir\u00e1n funciones hasta el 28&hellip;","og_url":"https:\/\/diariotextual.com\/inicio\/index.php\/2023\/04\/11\/juraron-doce-consejeros-del-consejo-de-la-magistratura\/","og_site_name":"Diario Textual","article_publisher":"https:\/\/www.facebook.com\/eltextual","article_published_time":"2023-04-11T17:05:25+00:00","article_modified_time":"2023-04-11T17:07:19+00:00","og_image":[{"width":800,"height":476,"url":"https:\/\/diariotextual.com\/inicio\/wp-content\/uploads\/2023\/04\/magistraturajuraconsejeros2024.jpg","type":"image\/jpeg"}],"author":"diario2","twitter_card":"summary_large_image","twitter_creator":"@eltextual","twitter_site":"@eltextual","twitter_misc":{"Escrito por":"diario2","Tiempo de lectura":"3 minutos"},"schema":{"@context":"https:\/\/schema.org","@graph":[{"@type":"Article","@id":"https:\/\/diariotextual.com\/inicio\/index.php\/2023\/04\/11\/juraron-doce-consejeros-del-consejo-de-la-magistratura\/#article","isPartOf":{"@id":"https:\/\/diariotextual.com\/inicio\/index.php\/2023\/04\/11\/juraron-doce-consejeros-del-consejo-de-la-magistratura\/"},"author":{"name":"diario2","@id":"https:\/\/diariotextual.com\/inicio\/#\/schema\/person\/694f60677f23c4a530867a98f22b3768"},"headline":"Juraron doce integrantes del Consejo de la Magistratura","datePublished":"2023-04-11T17:05:25+00:00","dateModified":"2023-04-11T17:07:19+00:00","mainEntityOfPage":{"@id":"https:\/\/diariotextual.com\/inicio\/index.php\/2023\/04\/11\/juraron-doce-consejeros-del-consejo-de-la-magistratura\/"},"wordCount":546,"publisher":{"@id":"https:\/\/diariotextual.com\/inicio\/#organization"},"image":{"@id":"https:\/\/diariotextual.com\/inicio\/index.php\/2023\/04\/11\/juraron-doce-consejeros-del-consejo-de-la-magistratura\/#primaryimage"},"thumbnailUrl":"https:\/\/diariotextual.com\/inicio\/wp-content\/uploads\/2023\/04\/magistraturajuraconsejeros2024.jpg","articleSection":["A - ES NOTICIA (van abajo)","SOCIEDAD"],"inLanguage":"es"},{"@type":"WebPage","@id":"https:\/\/diariotextual.com\/inicio\/index.php\/2023\/04\/11\/juraron-doce-consejeros-del-consejo-de-la-magistratura\/","url":"https:\/\/diariotextual.com\/inicio\/index.php\/2023\/04\/11\/juraron-doce-consejeros-del-consejo-de-la-magistratura\/","name":"Juraron doce integrantes del Consejo de la Magistratura - Diario Textual","isPartOf":{"@id":"https:\/\/diariotextual.com\/inicio\/#website"},"primaryImageOfPage":{"@id":"https:\/\/diariotextual.com\/inicio\/index.php\/2023\/04\/11\/juraron-doce-consejeros-del-consejo-de-la-magistratura\/#primaryimage"},"image":{"@id":"https:\/\/diariotextual.com\/inicio\/index.php\/2023\/04\/11\/juraron-doce-consejeros-del-consejo-de-la-magistratura\/#primaryimage"},"thumbnailUrl":"https:\/\/diariotextual.com\/inicio\/wp-content\/uploads\/2023\/04\/magistraturajuraconsejeros2024.jpg","datePublished":"2023-04-11T17:05:25+00:00","dateModified":"2023-04-11T17:07:19+00:00","breadcrumb":{"@id":"https:\/\/diariotextual.com\/inicio\/index.php\/2023\/04\/11\/juraron-doce-consejeros-del-consejo-de-la-magistratura\/#breadcrumb"},"inLanguage":"es","potentialAction":[{"@type":"ReadAction","target":["https:\/\/diariotextual.com\/inicio\/index.php\/2023\/04\/11\/juraron-doce-consejeros-del-consejo-de-la-magistratura\/"]}]},{"@type":"ImageObject","inLanguage":"es","@id":"https:\/\/diariotextual.com\/inicio\/index.php\/2023\/04\/11\/juraron-doce-consejeros-del-consejo-de-la-magistratura\/#primaryimage","url":"https:\/\/diariotextual.com\/inicio\/wp-content\/uploads\/2023\/04\/magistraturajuraconsejeros2024.jpg","contentUrl":"https:\/\/diariotextual.com\/inicio\/wp-content\/uploads\/2023\/04\/magistraturajuraconsejeros2024.jpg","width":800,"height":476},{"@type":"BreadcrumbList","@id":"https:\/\/diariotextual.com\/inicio\/index.php\/2023\/04\/11\/juraron-doce-consejeros-del-consejo-de-la-magistratura\/#breadcrumb","itemListElement":[{"@type":"ListItem","position":1,"name":"Portada","item":"https:\/\/diariotextual.com\/inicio\/"},{"@type":"ListItem","position":2,"name":"Juraron doce integrantes del Consejo de la Magistratura"}]},{"@type":"WebSite","@id":"https:\/\/diariotextual.com\/inicio\/#website","url":"https:\/\/diariotextual.com\/inicio\/","name":"Diario Textual","description":"","publisher":{"@id":"https:\/\/diariotextual.com\/inicio\/#organization"},"potentialAction":[{"@type":"SearchAction","target":{"@type":"EntryPoint","urlTemplate":"https:\/\/diariotextual.com\/inicio\/?s={search_term_string}"},"query-input":{"@type":"PropertyValueSpecification","valueRequired":true,"valueName":"search_term_string"}}],"inLanguage":"es"},{"@type":"Organization","@id":"https:\/\/diariotextual.com\/inicio\/#organization","name":"Diario Textual","url":"https:\/\/diariotextual.com\/inicio\/","logo":{"@type":"ImageObject","inLanguage":"es","@id":"https:\/\/diariotextual.com\/inicio\/#\/schema\/logo\/image\/","url":"https:\/\/diariotextual.com\/inicio\/wp-content\/uploads\/2023\/05\/logotextual1.jpg","contentUrl":"https:\/\/diariotextual.com\/inicio\/wp-content\/uploads\/2023\/05\/logotextual1.jpg","width":516,"height":76,"caption":"Diario Textual"},"image":{"@id":"https:\/\/diariotextual.com\/inicio\/#\/schema\/logo\/image\/"},"sameAs":["https:\/\/www.facebook.com\/eltextual","https:\/\/x.com\/eltextual","http:\/\/www.instagram.com\/eltextual"]},{"@type":"Person","@id":"https:\/\/diariotextual.com\/inicio\/#\/schema\/person\/694f60677f23c4a530867a98f22b3768","name":"diario2","image":{"@type":"ImageObject","inLanguage":"es","@id":"https:\/\/secure.gravatar.com\/avatar\/5a2567495ba16b852fcd8f1ed006a2e24fcace936018ed8237e95f488ad6e0a7?s=96&d=mm&r=g","url":"https:\/\/secure.gravatar.com\/avatar\/5a2567495ba16b852fcd8f1ed006a2e24fcace936018ed8237e95f488ad6e0a7?s=96&d=mm&r=g","contentUrl":"https:\/\/secure.gravatar.com\/avatar\/5a2567495ba16b852fcd8f1ed006a2e24fcace936018ed8237e95f488ad6e0a7?s=96&d=mm&r=g","caption":"diario2"},"url":"https:\/\/diariotextual.com\/inicio\/index.php\/author\/diario2\/"}]}},"_links":{"self":[{"href":"https:\/\/diariotextual.com\/inicio\/index.php\/wp-json\/wp\/v2\/posts\/221707","targetHints":{"allow":["GET"]}}],"collection":[{"href":"https:\/\/diariotextual.com\/inicio\/index.php\/wp-json\/wp\/v2\/posts"}],"about":[{"href":"https:\/\/diariotextual.com\/inicio\/index.php\/wp-json\/wp\/v2\/types\/post"}],"author":[{"embeddable":true,"href":"https:\/\/diariotextual.com\/inicio\/index.php\/wp-json\/wp\/v2\/users\/4"}],"replies":[{"embeddable":true,"href":"https:\/\/diariotextual.com\/inicio\/index.php\/wp-json\/wp\/v2\/comments?post=221707"}],"version-history":[{"count":2,"href":"https:\/\/diariotextual.com\/inicio\/index.php\/wp-json\/wp\/v2\/posts\/221707\/revisions"}],"predecessor-version":[{"id":221710,"href":"https:\/\/diariotextual.com\/inicio\/index.php\/wp-json\/wp\/v2\/posts\/221707\/revisions\/221710"}],"wp:featuredmedia":[{"embeddable":true,"href":"https:\/\/diariotextual.com\/inicio\/index.php\/wp-json\/wp\/v2\/media\/221708"}],"wp:attachment":[{"href":"https:\/\/diariotextual.com\/inicio\/index.php\/wp-json\/wp\/v2\/media?parent=221707"}],"wp:term":[{"taxonomy":"category","embeddable":true,"href":"https:\/\/diariotextual.com\/inicio\/index.php\/wp-json\/wp\/v2\/categories?post=221707"},{"taxonomy":"post_tag","embeddable":true,"href":"https:\/\/diariotextual.com\/inicio\/index.php\/wp-json\/wp\/v2\/tags?post=221707"}],"curies":[{"name":"wp","href":"https:\/\/api.w.org\/{rel}","templated":true}]}}