{"id":221789,"date":"2023-04-12T06:59:05","date_gmt":"2023-04-12T09:59:05","guid":{"rendered":"https:\/\/diariotextual.com\/inicio\/?p=221789"},"modified":"2023-04-12T07:00:13","modified_gmt":"2023-04-12T10:00:13","slug":"la-final-del-provincial-comenzara-en-eduardo-castex","status":"publish","type":"post","link":"https:\/\/diariotextual.com\/inicio\/index.php\/2023\/04\/12\/la-final-del-provincial-comenzara-en-eduardo-castex\/","title":{"rendered":"La final del Provincial comenzar\u00e1 en Eduardo Castex"},"content":{"rendered":"\n<p>La definici\u00f3n del <strong>Provincial de F\u00fatbol<\/strong> entre los clubes <strong>Estudiantil y All Boys<\/strong> tendr\u00e1 su encuentro de ida el domingo a las 17\u00a0en el estadio \u201cPr\u00f3spero Ja\u00f1ez\u201d, de Eduardo Castex, seg\u00fan el sorteo realizado en la sede de la Subsecretar\u00eda de Deportes, Recreaci\u00f3n y Turismo del Ministerio de Desarrollo Social. Ser\u00e1 transmitida en directo por la Televisi\u00f3n P\u00fablica Pampeana. \u00a0<\/p>\n\n\n\n<p>Con la presencia de futbolistas y dirigentes de los animadores, y protagonistas de la final entre ambos contendientes -Estudiantil y All Boys- en 1998, el acto fue presidido por el subsecretario de Deportes, Ceferino Almud\u00e9var, acompa\u00f1ado por los dirigentes de las ligas Cultural y Pampeana, Jos\u00e9 Gonzal\u00eda y Luis Ov\u00edn, respectivamente.<\/p>\n\n\n\n<p>Almud\u00e9var destac\u00f3 la jerarqu\u00eda que alcanz\u00f3 la competencia a lo largo de estos a\u00f1os y valor\u00f3 l<strong>a presencia de los ex futbolistas Ariel Ram\u00edrez, Adri\u00e1n\u00a0Peirano, Marcelo Monge y Roberto Beascochea<\/strong>, animadores de aquella definici\u00f3n, la \u00fanica que enfrent\u00f3 a ambos clubes en el torneo, hace 25 a\u00f1os.\u00a0\u201cEs una alegr\u00eda enorme para nosotros que est\u00e9n ac\u00e1 porque forma parte de la idea de darle valor agregado al torneo, que en este caso tendr\u00e1 el condimento de que enfrentar\u00e1 a dos clubes con historia, <strong>que justamente cumplir\u00e1n 100 a\u00f1os el d\u00eda de la revancha\u00bb<\/strong>, puntualiz\u00f3.<\/p>\n\n\n\n<p>Agradeci\u00f3 \u201cel comportamiento de las hinchadas y jugadores\u201d\u00a0y <strong>en el reciente cl\u00e1sico entre Estudiantil y Racing que \u201creuni\u00f3\u00a0cerca de 4000 personas, una cantidad que es much\u00edsima\u00a0para La Pampa. Y tanto la gente como los jugadores aportaron para que se viviera semejante espect\u00e1culo\u201d.<\/strong><\/p>\n\n\n\n<p>\u201cLo dije al inicio: <strong>el Provincial es nuestro Mundial,<\/strong> y llegamos este domingo a un partido que nadie se va a querer perder, que genera much\u00edsima expectativa\u00bb, ampli\u00f3, al tiempo que resalt\u00f3 el acompa\u00f1amiento de la Televisi\u00f3n P\u00fablica Pampeana, al que defini\u00f3 como \u00abimportant\u00edsimo, porque esto va a poder verse en toda la Provincia y en el mundo a trav\u00e9s del streaming\u201d, complet\u00f3.<\/p>\n","protected":false},"excerpt":{"rendered":"<p>La definici\u00f3n del Provincial de F\u00fatbol entre los clubes Estudiantil y All Boys tendr\u00e1 su encuentro de ida el domingo a las 17\u00a0en el estadio \u201cPr\u00f3spero Ja\u00f1ez\u201d, de Eduardo Castex,&hellip;<\/p>\n","protected":false},"author":4,"featured_media":221793,"comment_status":"closed","ping_status":"open","sticky":false,"template":"","format":"standard","meta":{"_acf_changed":false,"footnotes":""},"categories":[1,3],"tags":[],"class_list":["post-221789","post","type-post","status-publish","format-standard","has-post-thumbnail","hentry","category-es-noticia","category-deportes"],"acf":[],"yoast_head":"<!-- This site is optimized with the Yoast SEO plugin v27.5 - https:\/\/yoast.com\/product\/yoast-seo-wordpress\/ -->\n<title>La final del Provincial comenzar\u00e1 en Eduardo Castex - Diario Textual<\/title>\n<meta name=\"robots\" content=\"index, follow, max-snippet:-1, max-image-preview:large, max-video-preview:-1\" \/>\n<link rel=\"canonical\" href=\"https:\/\/diariotextual.com\/inicio\/index.php\/2023\/04\/12\/la-final-del-provincial-comenzara-en-eduardo-castex\/\" \/>\n<meta property=\"og:locale\" content=\"es_ES\" \/>\n<meta property=\"og:type\" content=\"article\" \/>\n<meta property=\"og:title\" content=\"La final del Provincial comenzar\u00e1 en Eduardo Castex - Diario Textual\" \/>\n<meta property=\"og:description\" content=\"La definici\u00f3n del Provincial de F\u00fatbol entre los clubes Estudiantil y All Boys tendr\u00e1 su encuentro de ida el domingo a las 17\u00a0en el estadio \u201cPr\u00f3spero Ja\u00f1ez\u201d, de Eduardo Castex,&hellip;\" \/>\n<meta property=\"og:url\" content=\"https:\/\/diariotextual.com\/inicio\/index.php\/2023\/04\/12\/la-final-del-provincial-comenzara-en-eduardo-castex\/\" \/>\n<meta property=\"og:site_name\" content=\"Diario Textual\" \/>\n<meta property=\"article:publisher\" content=\"https:\/\/www.facebook.com\/eltextual\" \/>\n<meta property=\"article:published_time\" content=\"2023-04-12T09:59:05+00:00\" \/>\n<meta property=\"article:modified_time\" content=\"2023-04-12T10:00:13+00:00\" \/>\n<meta property=\"og:image\" content=\"https:\/\/diariotextual.com\/inicio\/wp-content\/uploads\/2023\/04\/finalprovincialfutbol47385.jpg\" \/>\n\t<meta property=\"og:image:width\" content=\"1280\" \/>\n\t<meta property=\"og:image:height\" content=\"797\" \/>\n\t<meta property=\"og:image:type\" content=\"image\/jpeg\" \/>\n<meta name=\"author\" content=\"diario2\" \/>\n<meta name=\"twitter:card\" content=\"summary_large_image\" \/>\n<meta name=\"twitter:creator\" content=\"@eltextual\" \/>\n<meta name=\"twitter:site\" content=\"@eltextual\" \/>\n<meta name=\"twitter:label1\" content=\"Escrito por\" \/>\n\t<meta name=\"twitter:data1\" content=\"diario2\" \/>\n\t<meta name=\"twitter:label2\" content=\"Tiempo de lectura\" \/>\n\t<meta name=\"twitter:data2\" content=\"2 minutos\" \/>\n<script type=\"application\/ld+json\" class=\"yoast-schema-graph\">{\"@context\":\"https:\\\/\\\/schema.org\",\"@graph\":[{\"@type\":\"Article\",\"@id\":\"https:\\\/\\\/diariotextual.com\\\/inicio\\\/index.php\\\/2023\\\/04\\\/12\\\/la-final-del-provincial-comenzara-en-eduardo-castex\\\/#article\",\"isPartOf\":{\"@id\":\"https:\\\/\\\/diariotextual.com\\\/inicio\\\/index.php\\\/2023\\\/04\\\/12\\\/la-final-del-provincial-comenzara-en-eduardo-castex\\\/\"},\"author\":{\"name\":\"diario2\",\"@id\":\"https:\\\/\\\/diariotextual.com\\\/inicio\\\/#\\\/schema\\\/person\\\/694f60677f23c4a530867a98f22b3768\"},\"headline\":\"La final del Provincial comenzar\u00e1 en Eduardo Castex\",\"datePublished\":\"2023-04-12T09:59:05+00:00\",\"dateModified\":\"2023-04-12T10:00:13+00:00\",\"mainEntityOfPage\":{\"@id\":\"https:\\\/\\\/diariotextual.com\\\/inicio\\\/index.php\\\/2023\\\/04\\\/12\\\/la-final-del-provincial-comenzara-en-eduardo-castex\\\/\"},\"wordCount\":351,\"publisher\":{\"@id\":\"https:\\\/\\\/diariotextual.com\\\/inicio\\\/#organization\"},\"image\":{\"@id\":\"https:\\\/\\\/diariotextual.com\\\/inicio\\\/index.php\\\/2023\\\/04\\\/12\\\/la-final-del-provincial-comenzara-en-eduardo-castex\\\/#primaryimage\"},\"thumbnailUrl\":\"https:\\\/\\\/diariotextual.com\\\/inicio\\\/wp-content\\\/uploads\\\/2023\\\/04\\\/finalprovincialfutbol47385.jpg\",\"articleSection\":[\"A - ES NOTICIA (van abajo)\",\"DEPORTES\"],\"inLanguage\":\"es\"},{\"@type\":\"WebPage\",\"@id\":\"https:\\\/\\\/diariotextual.com\\\/inicio\\\/index.php\\\/2023\\\/04\\\/12\\\/la-final-del-provincial-comenzara-en-eduardo-castex\\\/\",\"url\":\"https:\\\/\\\/diariotextual.com\\\/inicio\\\/index.php\\\/2023\\\/04\\\/12\\\/la-final-del-provincial-comenzara-en-eduardo-castex\\\/\",\"name\":\"La final del Provincial comenzar\u00e1 en Eduardo Castex - Diario Textual\",\"isPartOf\":{\"@id\":\"https:\\\/\\\/diariotextual.com\\\/inicio\\\/#website\"},\"primaryImageOfPage\":{\"@id\":\"https:\\\/\\\/diariotextual.com\\\/inicio\\\/index.php\\\/2023\\\/04\\\/12\\\/la-final-del-provincial-comenzara-en-eduardo-castex\\\/#primaryimage\"},\"image\":{\"@id\":\"https:\\\/\\\/diariotextual.com\\\/inicio\\\/index.php\\\/2023\\\/04\\\/12\\\/la-final-del-provincial-comenzara-en-eduardo-castex\\\/#primaryimage\"},\"thumbnailUrl\":\"https:\\\/\\\/diariotextual.com\\\/inicio\\\/wp-content\\\/uploads\\\/2023\\\/04\\\/finalprovincialfutbol47385.jpg\",\"datePublished\":\"2023-04-12T09:59:05+00:00\",\"dateModified\":\"2023-04-12T10:00:13+00:00\",\"breadcrumb\":{\"@id\":\"https:\\\/\\\/diariotextual.com\\\/inicio\\\/index.php\\\/2023\\\/04\\\/12\\\/la-final-del-provincial-comenzara-en-eduardo-castex\\\/#breadcrumb\"},\"inLanguage\":\"es\",\"potentialAction\":[{\"@type\":\"ReadAction\",\"target\":[\"https:\\\/\\\/diariotextual.com\\\/inicio\\\/index.php\\\/2023\\\/04\\\/12\\\/la-final-del-provincial-comenzara-en-eduardo-castex\\\/\"]}]},{\"@type\":\"ImageObject\",\"inLanguage\":\"es\",\"@id\":\"https:\\\/\\\/diariotextual.com\\\/inicio\\\/index.php\\\/2023\\\/04\\\/12\\\/la-final-del-provincial-comenzara-en-eduardo-castex\\\/#primaryimage\",\"url\":\"https:\\\/\\\/diariotextual.com\\\/inicio\\\/wp-content\\\/uploads\\\/2023\\\/04\\\/finalprovincialfutbol47385.jpg\",\"contentUrl\":\"https:\\\/\\\/diariotextual.com\\\/inicio\\\/wp-content\\\/uploads\\\/2023\\\/04\\\/finalprovincialfutbol47385.jpg\",\"width\":1280,\"height\":797},{\"@type\":\"BreadcrumbList\",\"@id\":\"https:\\\/\\\/diariotextual.com\\\/inicio\\\/index.php\\\/2023\\\/04\\\/12\\\/la-final-del-provincial-comenzara-en-eduardo-castex\\\/#breadcrumb\",\"itemListElement\":[{\"@type\":\"ListItem\",\"position\":1,\"name\":\"Portada\",\"item\":\"https:\\\/\\\/diariotextual.com\\\/inicio\\\/\"},{\"@type\":\"ListItem\",\"position\":2,\"name\":\"La final del Provincial comenzar\u00e1 en Eduardo Castex\"}]},{\"@type\":\"WebSite\",\"@id\":\"https:\\\/\\\/diariotextual.com\\\/inicio\\\/#website\",\"url\":\"https:\\\/\\\/diariotextual.com\\\/inicio\\\/\",\"name\":\"Diario Textual\",\"description\":\"\",\"publisher\":{\"@id\":\"https:\\\/\\\/diariotextual.com\\\/inicio\\\/#organization\"},\"potentialAction\":[{\"@type\":\"SearchAction\",\"target\":{\"@type\":\"EntryPoint\",\"urlTemplate\":\"https:\\\/\\\/diariotextual.com\\\/inicio\\\/?s={search_term_string}\"},\"query-input\":{\"@type\":\"PropertyValueSpecification\",\"valueRequired\":true,\"valueName\":\"search_term_string\"}}],\"inLanguage\":\"es\"},{\"@type\":\"Organization\",\"@id\":\"https:\\\/\\\/diariotextual.com\\\/inicio\\\/#organization\",\"name\":\"Diario Textual\",\"url\":\"https:\\\/\\\/diariotextual.com\\\/inicio\\\/\",\"logo\":{\"@type\":\"ImageObject\",\"inLanguage\":\"es\",\"@id\":\"https:\\\/\\\/diariotextual.com\\\/inicio\\\/#\\\/schema\\\/logo\\\/image\\\/\",\"url\":\"https:\\\/\\\/diariotextual.com\\\/inicio\\\/wp-content\\\/uploads\\\/2023\\\/05\\\/logotextual1.jpg\",\"contentUrl\":\"https:\\\/\\\/diariotextual.com\\\/inicio\\\/wp-content\\\/uploads\\\/2023\\\/05\\\/logotextual1.jpg\",\"width\":516,\"height\":76,\"caption\":\"Diario Textual\"},\"image\":{\"@id\":\"https:\\\/\\\/diariotextual.com\\\/inicio\\\/#\\\/schema\\\/logo\\\/image\\\/\"},\"sameAs\":[\"https:\\\/\\\/www.facebook.com\\\/eltextual\",\"https:\\\/\\\/x.com\\\/eltextual\",\"http:\\\/\\\/www.instagram.com\\\/eltextual\"]},{\"@type\":\"Person\",\"@id\":\"https:\\\/\\\/diariotextual.com\\\/inicio\\\/#\\\/schema\\\/person\\\/694f60677f23c4a530867a98f22b3768\",\"name\":\"diario2\",\"image\":{\"@type\":\"ImageObject\",\"inLanguage\":\"es\",\"@id\":\"https:\\\/\\\/secure.gravatar.com\\\/avatar\\\/5a2567495ba16b852fcd8f1ed006a2e24fcace936018ed8237e95f488ad6e0a7?s=96&d=mm&r=g\",\"url\":\"https:\\\/\\\/secure.gravatar.com\\\/avatar\\\/5a2567495ba16b852fcd8f1ed006a2e24fcace936018ed8237e95f488ad6e0a7?s=96&d=mm&r=g\",\"contentUrl\":\"https:\\\/\\\/secure.gravatar.com\\\/avatar\\\/5a2567495ba16b852fcd8f1ed006a2e24fcace936018ed8237e95f488ad6e0a7?s=96&d=mm&r=g\",\"caption\":\"diario2\"},\"url\":\"https:\\\/\\\/diariotextual.com\\\/inicio\\\/index.php\\\/author\\\/diario2\\\/\"}]}<\/script>\n<!-- \/ Yoast SEO plugin. -->","yoast_head_json":{"title":"La final del Provincial comenzar\u00e1 en Eduardo Castex - Diario Textual","robots":{"index":"index","follow":"follow","max-snippet":"max-snippet:-1","max-image-preview":"max-image-preview:large","max-video-preview":"max-video-preview:-1"},"canonical":"https:\/\/diariotextual.com\/inicio\/index.php\/2023\/04\/12\/la-final-del-provincial-comenzara-en-eduardo-castex\/","og_locale":"es_ES","og_type":"article","og_title":"La final del Provincial comenzar\u00e1 en Eduardo Castex - Diario Textual","og_description":"La definici\u00f3n del Provincial de F\u00fatbol entre los clubes Estudiantil y All Boys tendr\u00e1 su encuentro de ida el domingo a las 17\u00a0en el estadio \u201cPr\u00f3spero Ja\u00f1ez\u201d, de Eduardo Castex,&hellip;","og_url":"https:\/\/diariotextual.com\/inicio\/index.php\/2023\/04\/12\/la-final-del-provincial-comenzara-en-eduardo-castex\/","og_site_name":"Diario Textual","article_publisher":"https:\/\/www.facebook.com\/eltextual","article_published_time":"2023-04-12T09:59:05+00:00","article_modified_time":"2023-04-12T10:00:13+00:00","og_image":[{"width":1280,"height":797,"url":"https:\/\/diariotextual.com\/inicio\/wp-content\/uploads\/2023\/04\/finalprovincialfutbol47385.jpg","type":"image\/jpeg"}],"author":"diario2","twitter_card":"summary_large_image","twitter_creator":"@eltextual","twitter_site":"@eltextual","twitter_misc":{"Escrito por":"diario2","Tiempo de lectura":"2 minutos"},"schema":{"@context":"https:\/\/schema.org","@graph":[{"@type":"Article","@id":"https:\/\/diariotextual.com\/inicio\/index.php\/2023\/04\/12\/la-final-del-provincial-comenzara-en-eduardo-castex\/#article","isPartOf":{"@id":"https:\/\/diariotextual.com\/inicio\/index.php\/2023\/04\/12\/la-final-del-provincial-comenzara-en-eduardo-castex\/"},"author":{"name":"diario2","@id":"https:\/\/diariotextual.com\/inicio\/#\/schema\/person\/694f60677f23c4a530867a98f22b3768"},"headline":"La final del Provincial comenzar\u00e1 en Eduardo Castex","datePublished":"2023-04-12T09:59:05+00:00","dateModified":"2023-04-12T10:00:13+00:00","mainEntityOfPage":{"@id":"https:\/\/diariotextual.com\/inicio\/index.php\/2023\/04\/12\/la-final-del-provincial-comenzara-en-eduardo-castex\/"},"wordCount":351,"publisher":{"@id":"https:\/\/diariotextual.com\/inicio\/#organization"},"image":{"@id":"https:\/\/diariotextual.com\/inicio\/index.php\/2023\/04\/12\/la-final-del-provincial-comenzara-en-eduardo-castex\/#primaryimage"},"thumbnailUrl":"https:\/\/diariotextual.com\/inicio\/wp-content\/uploads\/2023\/04\/finalprovincialfutbol47385.jpg","articleSection":["A - ES NOTICIA (van abajo)","DEPORTES"],"inLanguage":"es"},{"@type":"WebPage","@id":"https:\/\/diariotextual.com\/inicio\/index.php\/2023\/04\/12\/la-final-del-provincial-comenzara-en-eduardo-castex\/","url":"https:\/\/diariotextual.com\/inicio\/index.php\/2023\/04\/12\/la-final-del-provincial-comenzara-en-eduardo-castex\/","name":"La final del Provincial comenzar\u00e1 en Eduardo Castex - Diario Textual","isPartOf":{"@id":"https:\/\/diariotextual.com\/inicio\/#website"},"primaryImageOfPage":{"@id":"https:\/\/diariotextual.com\/inicio\/index.php\/2023\/04\/12\/la-final-del-provincial-comenzara-en-eduardo-castex\/#primaryimage"},"image":{"@id":"https:\/\/diariotextual.com\/inicio\/index.php\/2023\/04\/12\/la-final-del-provincial-comenzara-en-eduardo-castex\/#primaryimage"},"thumbnailUrl":"https:\/\/diariotextual.com\/inicio\/wp-content\/uploads\/2023\/04\/finalprovincialfutbol47385.jpg","datePublished":"2023-04-12T09:59:05+00:00","dateModified":"2023-04-12T10:00:13+00:00","breadcrumb":{"@id":"https:\/\/diariotextual.com\/inicio\/index.php\/2023\/04\/12\/la-final-del-provincial-comenzara-en-eduardo-castex\/#breadcrumb"},"inLanguage":"es","potentialAction":[{"@type":"ReadAction","target":["https:\/\/diariotextual.com\/inicio\/index.php\/2023\/04\/12\/la-final-del-provincial-comenzara-en-eduardo-castex\/"]}]},{"@type":"ImageObject","inLanguage":"es","@id":"https:\/\/diariotextual.com\/inicio\/index.php\/2023\/04\/12\/la-final-del-provincial-comenzara-en-eduardo-castex\/#primaryimage","url":"https:\/\/diariotextual.com\/inicio\/wp-content\/uploads\/2023\/04\/finalprovincialfutbol47385.jpg","contentUrl":"https:\/\/diariotextual.com\/inicio\/wp-content\/uploads\/2023\/04\/finalprovincialfutbol47385.jpg","width":1280,"height":797},{"@type":"BreadcrumbList","@id":"https:\/\/diariotextual.com\/inicio\/index.php\/2023\/04\/12\/la-final-del-provincial-comenzara-en-eduardo-castex\/#breadcrumb","itemListElement":[{"@type":"ListItem","position":1,"name":"Portada","item":"https:\/\/diariotextual.com\/inicio\/"},{"@type":"ListItem","position":2,"name":"La final del Provincial comenzar\u00e1 en Eduardo Castex"}]},{"@type":"WebSite","@id":"https:\/\/diariotextual.com\/inicio\/#website","url":"https:\/\/diariotextual.com\/inicio\/","name":"Diario Textual","description":"","publisher":{"@id":"https:\/\/diariotextual.com\/inicio\/#organization"},"potentialAction":[{"@type":"SearchAction","target":{"@type":"EntryPoint","urlTemplate":"https:\/\/diariotextual.com\/inicio\/?s={search_term_string}"},"query-input":{"@type":"PropertyValueSpecification","valueRequired":true,"valueName":"search_term_string"}}],"inLanguage":"es"},{"@type":"Organization","@id":"https:\/\/diariotextual.com\/inicio\/#organization","name":"Diario Textual","url":"https:\/\/diariotextual.com\/inicio\/","logo":{"@type":"ImageObject","inLanguage":"es","@id":"https:\/\/diariotextual.com\/inicio\/#\/schema\/logo\/image\/","url":"https:\/\/diariotextual.com\/inicio\/wp-content\/uploads\/2023\/05\/logotextual1.jpg","contentUrl":"https:\/\/diariotextual.com\/inicio\/wp-content\/uploads\/2023\/05\/logotextual1.jpg","width":516,"height":76,"caption":"Diario Textual"},"image":{"@id":"https:\/\/diariotextual.com\/inicio\/#\/schema\/logo\/image\/"},"sameAs":["https:\/\/www.facebook.com\/eltextual","https:\/\/x.com\/eltextual","http:\/\/www.instagram.com\/eltextual"]},{"@type":"Person","@id":"https:\/\/diariotextual.com\/inicio\/#\/schema\/person\/694f60677f23c4a530867a98f22b3768","name":"diario2","image":{"@type":"ImageObject","inLanguage":"es","@id":"https:\/\/secure.gravatar.com\/avatar\/5a2567495ba16b852fcd8f1ed006a2e24fcace936018ed8237e95f488ad6e0a7?s=96&d=mm&r=g","url":"https:\/\/secure.gravatar.com\/avatar\/5a2567495ba16b852fcd8f1ed006a2e24fcace936018ed8237e95f488ad6e0a7?s=96&d=mm&r=g","contentUrl":"https:\/\/secure.gravatar.com\/avatar\/5a2567495ba16b852fcd8f1ed006a2e24fcace936018ed8237e95f488ad6e0a7?s=96&d=mm&r=g","caption":"diario2"},"url":"https:\/\/diariotextual.com\/inicio\/index.php\/author\/diario2\/"}]}},"_links":{"self":[{"href":"https:\/\/diariotextual.com\/inicio\/index.php\/wp-json\/wp\/v2\/posts\/221789","targetHints":{"allow":["GET"]}}],"collection":[{"href":"https:\/\/diariotextual.com\/inicio\/index.php\/wp-json\/wp\/v2\/posts"}],"about":[{"href":"https:\/\/diariotextual.com\/inicio\/index.php\/wp-json\/wp\/v2\/types\/post"}],"author":[{"embeddable":true,"href":"https:\/\/diariotextual.com\/inicio\/index.php\/wp-json\/wp\/v2\/users\/4"}],"replies":[{"embeddable":true,"href":"https:\/\/diariotextual.com\/inicio\/index.php\/wp-json\/wp\/v2\/comments?post=221789"}],"version-history":[{"count":3,"href":"https:\/\/diariotextual.com\/inicio\/index.php\/wp-json\/wp\/v2\/posts\/221789\/revisions"}],"predecessor-version":[{"id":221797,"href":"https:\/\/diariotextual.com\/inicio\/index.php\/wp-json\/wp\/v2\/posts\/221789\/revisions\/221797"}],"wp:featuredmedia":[{"embeddable":true,"href":"https:\/\/diariotextual.com\/inicio\/index.php\/wp-json\/wp\/v2\/media\/221793"}],"wp:attachment":[{"href":"https:\/\/diariotextual.com\/inicio\/index.php\/wp-json\/wp\/v2\/media?parent=221789"}],"wp:term":[{"taxonomy":"category","embeddable":true,"href":"https:\/\/diariotextual.com\/inicio\/index.php\/wp-json\/wp\/v2\/categories?post=221789"},{"taxonomy":"post_tag","embeddable":true,"href":"https:\/\/diariotextual.com\/inicio\/index.php\/wp-json\/wp\/v2\/tags?post=221789"}],"curies":[{"name":"wp","href":"https:\/\/api.w.org\/{rel}","templated":true}]}}