{"id":221802,"date":"2023-04-12T07:07:13","date_gmt":"2023-04-12T10:07:13","guid":{"rendered":"https:\/\/diariotextual.com\/inicio\/?p=221802"},"modified":"2023-04-12T07:07:15","modified_gmt":"2023-04-12T10:07:15","slug":"abre-la-convocatoria-del-salon-de-artes-visuales-seccion-dibujo","status":"publish","type":"post","link":"https:\/\/diariotextual.com\/inicio\/index.php\/2023\/04\/12\/abre-la-convocatoria-del-salon-de-artes-visuales-seccion-dibujo\/","title":{"rendered":"Abre la convocatoria del Sal\u00f3n de Artes Visuales Secci\u00f3n Dibujo"},"content":{"rendered":"\n<p>La Secretar\u00eda de Cultura de La Pampa, a trav\u00e9s del Museo Provincial de Artes (MPArtes), inform\u00f3 la apertura de la convocatoria para participar del <strong>12\u00b0 Sal\u00f3n de Artes Visuales de la provincia de La Pampa &#8211; Secci\u00f3n Dibujo, Edici\u00f3n 2023, Convocatoria Nacional.<\/strong><\/p>\n\n\n\n<p>Pueden participar de esta convocatoria todos los <strong>artistas visuales argentinos y extranjeros, con un m\u00ednimo de dos a\u00f1os de residencia en el pa\u00eds, mayores de 18 a\u00f1os <\/strong>(cumplidos a la fecha de inscripci\u00f3n).<\/p>\n\n\n\n<p>Para promover una participaci\u00f3n igualitaria en cuanto a g\u00e9nero, tanto en la integraci\u00f3n de los jurados, como en la preselecci\u00f3n de las obras, asign\u00e1ndose una proporci\u00f3n no inferior a treinta por ciento (30%) de los participantes a mujeres, personas no binarias, travestis y trans y cualquier disidencia (LGBT+).<\/p>\n\n\n\n<p>Esta edici\u00f3n adoptar\u00e1 para la instancia de selecci\u00f3n de carpetas de obras, formulario de google. Los artistas participantes deber\u00e1n cargar carpeta de presentaci\u00f3n de obra que cumplimenten los requerimientos necesarios establecidos en este reglamento, al formulario: <a href=\"https:\/\/forms.gle\/gc2bi2wCY6q9fWHi7\" target=\"_blank\" rel=\"noreferrer noopener\">https:\/\/forms.gle\/gc2bi2wCY6q9fWHi7<\/a><\/p>\n\n\n\n<p>Reglamento: a trav\u00e9s del link se podr\u00e1 acceder al reglamento general del Sal\u00f3n:<\/p>\n\n\n\n<p><a href=\"https:\/\/drive.google.com\/file\/d\/1gp5mTwRrKp2rYs51XOY8VOLV4f5MapUr\/view?usp=share_link\">https:\/\/drive.google.com\/file\/d\/1gp5mTwRrKp2rYs51XOY8VOLV4f5MapUr\/view?usp=share_link<\/a><\/p>\n\n\n\n<p><strong>Cronograma<\/strong><\/p>\n\n\n\n<p>1.- Recepci\u00f3n de Carpetas por formulario: 12 de abril hasta 24 de mayo.<\/p>\n\n\n\n<p>2.- Selecci\u00f3n de Carpetas: 25 a 28 de mayo.<\/p>\n\n\n\n<p>3.- Recepci\u00f3n de obras: 30 de mayo al 15 de junio.<\/p>\n\n\n\n<p>4.- Reuni\u00f3n del Jurado de Selecci\u00f3n: 16 de junio.<\/p>\n\n\n\n<p>5.- Inauguraci\u00f3n del Sal\u00f3n: Del 23 de junio al domingo 30 de junio.<\/p>\n\n\n\n<p>6.- Clausura del Sal\u00f3n: domingo 30 de junio.<\/p>\n\n\n\n<p><strong>Premios<\/strong><\/p>\n\n\n\n<p>&#8211; Primer premio: \u00abSecretar\u00eda de Cultura de la Provincia de La Pampa\u201d. Adquisici\u00f3n. $300.000.<\/p>\n\n\n\n<p>&#8211; Segundo premio: Adquisici\u00f3n. $250.000.<\/p>\n\n\n\n<p>&#8211; Tercer premio: Adquisici\u00f3n. $200.000.<\/p>\n\n\n\n<p>&#8211; Premio \u201cMejor obra de autor pampeano\u201d. Fundaci\u00f3n Banco de La Pampa Adquisici\u00f3n. $200.000.<\/p>\n\n\n\n<p><strong>Informaci\u00f3n<\/strong><\/p>\n\n\n\n<p>Toda informaci\u00f3n referida al 12\u00ba Sal\u00f3n de Artes Visuales &#8211; Secci\u00f3n Dibujo \u2013 Edici\u00f3n 2023 &#8211; Convocatoria Nacional- como tambi\u00e9n formularios de inscripci\u00f3n, bases y reglamento, pueden solicitarse al correo electr\u00f3nico: salondearteslapampa@gmail.com, tel\u00e9fono de contacto 02954-42 7332. Internos: 4720\/4721.<\/p>\n\n\n\n<p>Tambi\u00e9n pueden dirigirse personalmente al Museo Provincial de Artes, sito en calle 9 de Julio y Villegas, Santa Rosa (La Pampa).<\/p>\n","protected":false},"excerpt":{"rendered":"<p>La Secretar\u00eda de Cultura de La Pampa, a trav\u00e9s del Museo Provincial de Artes (MPArtes), inform\u00f3 la apertura de la convocatoria para participar del 12\u00b0 Sal\u00f3n de Artes Visuales de&hellip;<\/p>\n","protected":false},"author":4,"featured_media":37992,"comment_status":"closed","ping_status":"open","sticky":false,"template":"","format":"standard","meta":{"_acf_changed":false,"footnotes":""},"categories":[1,2],"tags":[],"class_list":["post-221802","post","type-post","status-publish","format-standard","has-post-thumbnail","hentry","category-es-noticia","category-cultura"],"acf":[],"yoast_head":"<!-- This site is optimized with the Yoast SEO plugin v27.5 - https:\/\/yoast.com\/product\/yoast-seo-wordpress\/ -->\n<title>Abre la convocatoria del Sal\u00f3n de Artes Visuales Secci\u00f3n Dibujo - Diario Textual<\/title>\n<meta name=\"robots\" content=\"index, follow, max-snippet:-1, max-image-preview:large, max-video-preview:-1\" \/>\n<link rel=\"canonical\" href=\"https:\/\/diariotextual.com\/inicio\/index.php\/2023\/04\/12\/abre-la-convocatoria-del-salon-de-artes-visuales-seccion-dibujo\/\" \/>\n<meta property=\"og:locale\" content=\"es_ES\" \/>\n<meta property=\"og:type\" content=\"article\" \/>\n<meta property=\"og:title\" content=\"Abre la convocatoria del Sal\u00f3n de Artes Visuales Secci\u00f3n Dibujo - Diario Textual\" \/>\n<meta property=\"og:description\" content=\"La Secretar\u00eda de Cultura de La Pampa, a trav\u00e9s del Museo Provincial de Artes (MPArtes), inform\u00f3 la apertura de la convocatoria para participar del 12\u00b0 Sal\u00f3n de Artes Visuales de&hellip;\" \/>\n<meta property=\"og:url\" content=\"https:\/\/diariotextual.com\/inicio\/index.php\/2023\/04\/12\/abre-la-convocatoria-del-salon-de-artes-visuales-seccion-dibujo\/\" \/>\n<meta property=\"og:site_name\" content=\"Diario Textual\" \/>\n<meta property=\"article:publisher\" content=\"https:\/\/www.facebook.com\/eltextual\" \/>\n<meta property=\"article:published_time\" content=\"2023-04-12T10:07:13+00:00\" \/>\n<meta property=\"article:modified_time\" content=\"2023-04-12T10:07:15+00:00\" \/>\n<meta property=\"og:image\" content=\"https:\/\/diariotextual.com\/inicio\/wp-content\/uploads\/2019\/02\/museoprovincialdeartes32455.jpg\" \/>\n\t<meta property=\"og:image:width\" content=\"806\" \/>\n\t<meta property=\"og:image:height\" content=\"503\" \/>\n\t<meta property=\"og:image:type\" content=\"image\/jpeg\" \/>\n<meta name=\"author\" content=\"diario2\" \/>\n<meta name=\"twitter:card\" content=\"summary_large_image\" \/>\n<meta name=\"twitter:creator\" content=\"@eltextual\" \/>\n<meta name=\"twitter:site\" content=\"@eltextual\" \/>\n<meta name=\"twitter:label1\" content=\"Escrito por\" \/>\n\t<meta name=\"twitter:data1\" content=\"diario2\" \/>\n\t<meta name=\"twitter:label2\" content=\"Tiempo de lectura\" \/>\n\t<meta name=\"twitter:data2\" content=\"2 minutos\" \/>\n<script type=\"application\/ld+json\" class=\"yoast-schema-graph\">{\"@context\":\"https:\\\/\\\/schema.org\",\"@graph\":[{\"@type\":\"Article\",\"@id\":\"https:\\\/\\\/diariotextual.com\\\/inicio\\\/index.php\\\/2023\\\/04\\\/12\\\/abre-la-convocatoria-del-salon-de-artes-visuales-seccion-dibujo\\\/#article\",\"isPartOf\":{\"@id\":\"https:\\\/\\\/diariotextual.com\\\/inicio\\\/index.php\\\/2023\\\/04\\\/12\\\/abre-la-convocatoria-del-salon-de-artes-visuales-seccion-dibujo\\\/\"},\"author\":{\"name\":\"diario2\",\"@id\":\"https:\\\/\\\/diariotextual.com\\\/inicio\\\/#\\\/schema\\\/person\\\/694f60677f23c4a530867a98f22b3768\"},\"headline\":\"Abre la convocatoria del Sal\u00f3n de Artes Visuales Secci\u00f3n Dibujo\",\"datePublished\":\"2023-04-12T10:07:13+00:00\",\"dateModified\":\"2023-04-12T10:07:15+00:00\",\"mainEntityOfPage\":{\"@id\":\"https:\\\/\\\/diariotextual.com\\\/inicio\\\/index.php\\\/2023\\\/04\\\/12\\\/abre-la-convocatoria-del-salon-de-artes-visuales-seccion-dibujo\\\/\"},\"wordCount\":397,\"publisher\":{\"@id\":\"https:\\\/\\\/diariotextual.com\\\/inicio\\\/#organization\"},\"image\":{\"@id\":\"https:\\\/\\\/diariotextual.com\\\/inicio\\\/index.php\\\/2023\\\/04\\\/12\\\/abre-la-convocatoria-del-salon-de-artes-visuales-seccion-dibujo\\\/#primaryimage\"},\"thumbnailUrl\":\"https:\\\/\\\/diariotextual.com\\\/inicio\\\/wp-content\\\/uploads\\\/2019\\\/02\\\/museoprovincialdeartes32455.jpg\",\"articleSection\":[\"A - ES NOTICIA (van abajo)\",\"CULTURA\"],\"inLanguage\":\"es\"},{\"@type\":\"WebPage\",\"@id\":\"https:\\\/\\\/diariotextual.com\\\/inicio\\\/index.php\\\/2023\\\/04\\\/12\\\/abre-la-convocatoria-del-salon-de-artes-visuales-seccion-dibujo\\\/\",\"url\":\"https:\\\/\\\/diariotextual.com\\\/inicio\\\/index.php\\\/2023\\\/04\\\/12\\\/abre-la-convocatoria-del-salon-de-artes-visuales-seccion-dibujo\\\/\",\"name\":\"Abre la convocatoria del Sal\u00f3n de Artes Visuales Secci\u00f3n Dibujo - Diario Textual\",\"isPartOf\":{\"@id\":\"https:\\\/\\\/diariotextual.com\\\/inicio\\\/#website\"},\"primaryImageOfPage\":{\"@id\":\"https:\\\/\\\/diariotextual.com\\\/inicio\\\/index.php\\\/2023\\\/04\\\/12\\\/abre-la-convocatoria-del-salon-de-artes-visuales-seccion-dibujo\\\/#primaryimage\"},\"image\":{\"@id\":\"https:\\\/\\\/diariotextual.com\\\/inicio\\\/index.php\\\/2023\\\/04\\\/12\\\/abre-la-convocatoria-del-salon-de-artes-visuales-seccion-dibujo\\\/#primaryimage\"},\"thumbnailUrl\":\"https:\\\/\\\/diariotextual.com\\\/inicio\\\/wp-content\\\/uploads\\\/2019\\\/02\\\/museoprovincialdeartes32455.jpg\",\"datePublished\":\"2023-04-12T10:07:13+00:00\",\"dateModified\":\"2023-04-12T10:07:15+00:00\",\"breadcrumb\":{\"@id\":\"https:\\\/\\\/diariotextual.com\\\/inicio\\\/index.php\\\/2023\\\/04\\\/12\\\/abre-la-convocatoria-del-salon-de-artes-visuales-seccion-dibujo\\\/#breadcrumb\"},\"inLanguage\":\"es\",\"potentialAction\":[{\"@type\":\"ReadAction\",\"target\":[\"https:\\\/\\\/diariotextual.com\\\/inicio\\\/index.php\\\/2023\\\/04\\\/12\\\/abre-la-convocatoria-del-salon-de-artes-visuales-seccion-dibujo\\\/\"]}]},{\"@type\":\"ImageObject\",\"inLanguage\":\"es\",\"@id\":\"https:\\\/\\\/diariotextual.com\\\/inicio\\\/index.php\\\/2023\\\/04\\\/12\\\/abre-la-convocatoria-del-salon-de-artes-visuales-seccion-dibujo\\\/#primaryimage\",\"url\":\"https:\\\/\\\/diariotextual.com\\\/inicio\\\/wp-content\\\/uploads\\\/2019\\\/02\\\/museoprovincialdeartes32455.jpg\",\"contentUrl\":\"https:\\\/\\\/diariotextual.com\\\/inicio\\\/wp-content\\\/uploads\\\/2019\\\/02\\\/museoprovincialdeartes32455.jpg\",\"width\":806,\"height\":503},{\"@type\":\"BreadcrumbList\",\"@id\":\"https:\\\/\\\/diariotextual.com\\\/inicio\\\/index.php\\\/2023\\\/04\\\/12\\\/abre-la-convocatoria-del-salon-de-artes-visuales-seccion-dibujo\\\/#breadcrumb\",\"itemListElement\":[{\"@type\":\"ListItem\",\"position\":1,\"name\":\"Portada\",\"item\":\"https:\\\/\\\/diariotextual.com\\\/inicio\\\/\"},{\"@type\":\"ListItem\",\"position\":2,\"name\":\"Abre la convocatoria del Sal\u00f3n de Artes Visuales Secci\u00f3n Dibujo\"}]},{\"@type\":\"WebSite\",\"@id\":\"https:\\\/\\\/diariotextual.com\\\/inicio\\\/#website\",\"url\":\"https:\\\/\\\/diariotextual.com\\\/inicio\\\/\",\"name\":\"Diario Textual\",\"description\":\"\",\"publisher\":{\"@id\":\"https:\\\/\\\/diariotextual.com\\\/inicio\\\/#organization\"},\"potentialAction\":[{\"@type\":\"SearchAction\",\"target\":{\"@type\":\"EntryPoint\",\"urlTemplate\":\"https:\\\/\\\/diariotextual.com\\\/inicio\\\/?s={search_term_string}\"},\"query-input\":{\"@type\":\"PropertyValueSpecification\",\"valueRequired\":true,\"valueName\":\"search_term_string\"}}],\"inLanguage\":\"es\"},{\"@type\":\"Organization\",\"@id\":\"https:\\\/\\\/diariotextual.com\\\/inicio\\\/#organization\",\"name\":\"Diario Textual\",\"url\":\"https:\\\/\\\/diariotextual.com\\\/inicio\\\/\",\"logo\":{\"@type\":\"ImageObject\",\"inLanguage\":\"es\",\"@id\":\"https:\\\/\\\/diariotextual.com\\\/inicio\\\/#\\\/schema\\\/logo\\\/image\\\/\",\"url\":\"https:\\\/\\\/diariotextual.com\\\/inicio\\\/wp-content\\\/uploads\\\/2023\\\/05\\\/logotextual1.jpg\",\"contentUrl\":\"https:\\\/\\\/diariotextual.com\\\/inicio\\\/wp-content\\\/uploads\\\/2023\\\/05\\\/logotextual1.jpg\",\"width\":516,\"height\":76,\"caption\":\"Diario Textual\"},\"image\":{\"@id\":\"https:\\\/\\\/diariotextual.com\\\/inicio\\\/#\\\/schema\\\/logo\\\/image\\\/\"},\"sameAs\":[\"https:\\\/\\\/www.facebook.com\\\/eltextual\",\"https:\\\/\\\/x.com\\\/eltextual\",\"http:\\\/\\\/www.instagram.com\\\/eltextual\"]},{\"@type\":\"Person\",\"@id\":\"https:\\\/\\\/diariotextual.com\\\/inicio\\\/#\\\/schema\\\/person\\\/694f60677f23c4a530867a98f22b3768\",\"name\":\"diario2\",\"image\":{\"@type\":\"ImageObject\",\"inLanguage\":\"es\",\"@id\":\"https:\\\/\\\/secure.gravatar.com\\\/avatar\\\/5a2567495ba16b852fcd8f1ed006a2e24fcace936018ed8237e95f488ad6e0a7?s=96&d=mm&r=g\",\"url\":\"https:\\\/\\\/secure.gravatar.com\\\/avatar\\\/5a2567495ba16b852fcd8f1ed006a2e24fcace936018ed8237e95f488ad6e0a7?s=96&d=mm&r=g\",\"contentUrl\":\"https:\\\/\\\/secure.gravatar.com\\\/avatar\\\/5a2567495ba16b852fcd8f1ed006a2e24fcace936018ed8237e95f488ad6e0a7?s=96&d=mm&r=g\",\"caption\":\"diario2\"},\"url\":\"https:\\\/\\\/diariotextual.com\\\/inicio\\\/index.php\\\/author\\\/diario2\\\/\"}]}<\/script>\n<!-- \/ Yoast SEO plugin. -->","yoast_head_json":{"title":"Abre la convocatoria del Sal\u00f3n de Artes Visuales Secci\u00f3n Dibujo - Diario Textual","robots":{"index":"index","follow":"follow","max-snippet":"max-snippet:-1","max-image-preview":"max-image-preview:large","max-video-preview":"max-video-preview:-1"},"canonical":"https:\/\/diariotextual.com\/inicio\/index.php\/2023\/04\/12\/abre-la-convocatoria-del-salon-de-artes-visuales-seccion-dibujo\/","og_locale":"es_ES","og_type":"article","og_title":"Abre la convocatoria del Sal\u00f3n de Artes Visuales Secci\u00f3n Dibujo - Diario Textual","og_description":"La Secretar\u00eda de Cultura de La Pampa, a trav\u00e9s del Museo Provincial de Artes (MPArtes), inform\u00f3 la apertura de la convocatoria para participar del 12\u00b0 Sal\u00f3n de Artes Visuales de&hellip;","og_url":"https:\/\/diariotextual.com\/inicio\/index.php\/2023\/04\/12\/abre-la-convocatoria-del-salon-de-artes-visuales-seccion-dibujo\/","og_site_name":"Diario Textual","article_publisher":"https:\/\/www.facebook.com\/eltextual","article_published_time":"2023-04-12T10:07:13+00:00","article_modified_time":"2023-04-12T10:07:15+00:00","og_image":[{"width":806,"height":503,"url":"https:\/\/diariotextual.com\/inicio\/wp-content\/uploads\/2019\/02\/museoprovincialdeartes32455.jpg","type":"image\/jpeg"}],"author":"diario2","twitter_card":"summary_large_image","twitter_creator":"@eltextual","twitter_site":"@eltextual","twitter_misc":{"Escrito por":"diario2","Tiempo de lectura":"2 minutos"},"schema":{"@context":"https:\/\/schema.org","@graph":[{"@type":"Article","@id":"https:\/\/diariotextual.com\/inicio\/index.php\/2023\/04\/12\/abre-la-convocatoria-del-salon-de-artes-visuales-seccion-dibujo\/#article","isPartOf":{"@id":"https:\/\/diariotextual.com\/inicio\/index.php\/2023\/04\/12\/abre-la-convocatoria-del-salon-de-artes-visuales-seccion-dibujo\/"},"author":{"name":"diario2","@id":"https:\/\/diariotextual.com\/inicio\/#\/schema\/person\/694f60677f23c4a530867a98f22b3768"},"headline":"Abre la convocatoria del Sal\u00f3n de Artes Visuales Secci\u00f3n Dibujo","datePublished":"2023-04-12T10:07:13+00:00","dateModified":"2023-04-12T10:07:15+00:00","mainEntityOfPage":{"@id":"https:\/\/diariotextual.com\/inicio\/index.php\/2023\/04\/12\/abre-la-convocatoria-del-salon-de-artes-visuales-seccion-dibujo\/"},"wordCount":397,"publisher":{"@id":"https:\/\/diariotextual.com\/inicio\/#organization"},"image":{"@id":"https:\/\/diariotextual.com\/inicio\/index.php\/2023\/04\/12\/abre-la-convocatoria-del-salon-de-artes-visuales-seccion-dibujo\/#primaryimage"},"thumbnailUrl":"https:\/\/diariotextual.com\/inicio\/wp-content\/uploads\/2019\/02\/museoprovincialdeartes32455.jpg","articleSection":["A - ES NOTICIA (van abajo)","CULTURA"],"inLanguage":"es"},{"@type":"WebPage","@id":"https:\/\/diariotextual.com\/inicio\/index.php\/2023\/04\/12\/abre-la-convocatoria-del-salon-de-artes-visuales-seccion-dibujo\/","url":"https:\/\/diariotextual.com\/inicio\/index.php\/2023\/04\/12\/abre-la-convocatoria-del-salon-de-artes-visuales-seccion-dibujo\/","name":"Abre la convocatoria del Sal\u00f3n de Artes Visuales Secci\u00f3n Dibujo - Diario Textual","isPartOf":{"@id":"https:\/\/diariotextual.com\/inicio\/#website"},"primaryImageOfPage":{"@id":"https:\/\/diariotextual.com\/inicio\/index.php\/2023\/04\/12\/abre-la-convocatoria-del-salon-de-artes-visuales-seccion-dibujo\/#primaryimage"},"image":{"@id":"https:\/\/diariotextual.com\/inicio\/index.php\/2023\/04\/12\/abre-la-convocatoria-del-salon-de-artes-visuales-seccion-dibujo\/#primaryimage"},"thumbnailUrl":"https:\/\/diariotextual.com\/inicio\/wp-content\/uploads\/2019\/02\/museoprovincialdeartes32455.jpg","datePublished":"2023-04-12T10:07:13+00:00","dateModified":"2023-04-12T10:07:15+00:00","breadcrumb":{"@id":"https:\/\/diariotextual.com\/inicio\/index.php\/2023\/04\/12\/abre-la-convocatoria-del-salon-de-artes-visuales-seccion-dibujo\/#breadcrumb"},"inLanguage":"es","potentialAction":[{"@type":"ReadAction","target":["https:\/\/diariotextual.com\/inicio\/index.php\/2023\/04\/12\/abre-la-convocatoria-del-salon-de-artes-visuales-seccion-dibujo\/"]}]},{"@type":"ImageObject","inLanguage":"es","@id":"https:\/\/diariotextual.com\/inicio\/index.php\/2023\/04\/12\/abre-la-convocatoria-del-salon-de-artes-visuales-seccion-dibujo\/#primaryimage","url":"https:\/\/diariotextual.com\/inicio\/wp-content\/uploads\/2019\/02\/museoprovincialdeartes32455.jpg","contentUrl":"https:\/\/diariotextual.com\/inicio\/wp-content\/uploads\/2019\/02\/museoprovincialdeartes32455.jpg","width":806,"height":503},{"@type":"BreadcrumbList","@id":"https:\/\/diariotextual.com\/inicio\/index.php\/2023\/04\/12\/abre-la-convocatoria-del-salon-de-artes-visuales-seccion-dibujo\/#breadcrumb","itemListElement":[{"@type":"ListItem","position":1,"name":"Portada","item":"https:\/\/diariotextual.com\/inicio\/"},{"@type":"ListItem","position":2,"name":"Abre la convocatoria del Sal\u00f3n de Artes Visuales Secci\u00f3n Dibujo"}]},{"@type":"WebSite","@id":"https:\/\/diariotextual.com\/inicio\/#website","url":"https:\/\/diariotextual.com\/inicio\/","name":"Diario Textual","description":"","publisher":{"@id":"https:\/\/diariotextual.com\/inicio\/#organization"},"potentialAction":[{"@type":"SearchAction","target":{"@type":"EntryPoint","urlTemplate":"https:\/\/diariotextual.com\/inicio\/?s={search_term_string}"},"query-input":{"@type":"PropertyValueSpecification","valueRequired":true,"valueName":"search_term_string"}}],"inLanguage":"es"},{"@type":"Organization","@id":"https:\/\/diariotextual.com\/inicio\/#organization","name":"Diario Textual","url":"https:\/\/diariotextual.com\/inicio\/","logo":{"@type":"ImageObject","inLanguage":"es","@id":"https:\/\/diariotextual.com\/inicio\/#\/schema\/logo\/image\/","url":"https:\/\/diariotextual.com\/inicio\/wp-content\/uploads\/2023\/05\/logotextual1.jpg","contentUrl":"https:\/\/diariotextual.com\/inicio\/wp-content\/uploads\/2023\/05\/logotextual1.jpg","width":516,"height":76,"caption":"Diario Textual"},"image":{"@id":"https:\/\/diariotextual.com\/inicio\/#\/schema\/logo\/image\/"},"sameAs":["https:\/\/www.facebook.com\/eltextual","https:\/\/x.com\/eltextual","http:\/\/www.instagram.com\/eltextual"]},{"@type":"Person","@id":"https:\/\/diariotextual.com\/inicio\/#\/schema\/person\/694f60677f23c4a530867a98f22b3768","name":"diario2","image":{"@type":"ImageObject","inLanguage":"es","@id":"https:\/\/secure.gravatar.com\/avatar\/5a2567495ba16b852fcd8f1ed006a2e24fcace936018ed8237e95f488ad6e0a7?s=96&d=mm&r=g","url":"https:\/\/secure.gravatar.com\/avatar\/5a2567495ba16b852fcd8f1ed006a2e24fcace936018ed8237e95f488ad6e0a7?s=96&d=mm&r=g","contentUrl":"https:\/\/secure.gravatar.com\/avatar\/5a2567495ba16b852fcd8f1ed006a2e24fcace936018ed8237e95f488ad6e0a7?s=96&d=mm&r=g","caption":"diario2"},"url":"https:\/\/diariotextual.com\/inicio\/index.php\/author\/diario2\/"}]}},"_links":{"self":[{"href":"https:\/\/diariotextual.com\/inicio\/index.php\/wp-json\/wp\/v2\/posts\/221802","targetHints":{"allow":["GET"]}}],"collection":[{"href":"https:\/\/diariotextual.com\/inicio\/index.php\/wp-json\/wp\/v2\/posts"}],"about":[{"href":"https:\/\/diariotextual.com\/inicio\/index.php\/wp-json\/wp\/v2\/types\/post"}],"author":[{"embeddable":true,"href":"https:\/\/diariotextual.com\/inicio\/index.php\/wp-json\/wp\/v2\/users\/4"}],"replies":[{"embeddable":true,"href":"https:\/\/diariotextual.com\/inicio\/index.php\/wp-json\/wp\/v2\/comments?post=221802"}],"version-history":[{"count":1,"href":"https:\/\/diariotextual.com\/inicio\/index.php\/wp-json\/wp\/v2\/posts\/221802\/revisions"}],"predecessor-version":[{"id":221804,"href":"https:\/\/diariotextual.com\/inicio\/index.php\/wp-json\/wp\/v2\/posts\/221802\/revisions\/221804"}],"wp:featuredmedia":[{"embeddable":true,"href":"https:\/\/diariotextual.com\/inicio\/index.php\/wp-json\/wp\/v2\/media\/37992"}],"wp:attachment":[{"href":"https:\/\/diariotextual.com\/inicio\/index.php\/wp-json\/wp\/v2\/media?parent=221802"}],"wp:term":[{"taxonomy":"category","embeddable":true,"href":"https:\/\/diariotextual.com\/inicio\/index.php\/wp-json\/wp\/v2\/categories?post=221802"},{"taxonomy":"post_tag","embeddable":true,"href":"https:\/\/diariotextual.com\/inicio\/index.php\/wp-json\/wp\/v2\/tags?post=221802"}],"curies":[{"name":"wp","href":"https:\/\/api.w.org\/{rel}","templated":true}]}}