{"id":221806,"date":"2023-04-13T07:00:30","date_gmt":"2023-04-13T10:00:30","guid":{"rendered":"https:\/\/diariotextual.com\/inicio\/?p=221806"},"modified":"2023-04-13T07:00:32","modified_gmt":"2023-04-13T10:00:32","slug":"boca-con-el-debut-de-jorge-almiron-como-dt-visita-a-san-lorenzo-en-el-clasico-de-la-fecha","status":"publish","type":"post","link":"https:\/\/diariotextual.com\/inicio\/index.php\/2023\/04\/13\/boca-con-el-debut-de-jorge-almiron-como-dt-visita-a-san-lorenzo-en-el-clasico-de-la-fecha\/","title":{"rendered":"San Lorenzo venci\u00f3 a Boca en el debut de Jorge Almir\u00f3n"},"content":{"rendered":"\n<p>San Lorenzo venci\u00f3 1-0 a\u00a0Boca, en el Estadio Pedro Bidegain, en el marco de la\u00a0und\u00e9cima fecha de la Liga Profesional 2023.<\/p>\n\n\n\n<p>A los 8 minutos, sin marca por la lesi\u00f3n en plena jugada de Bruno Valdez,\u00a0Iv\u00e1n Leguizam\u00f3n con una corrida fenomenal y en soledad hacia el arco de Sergio Romero, el arquero \u00abXeneize\u00bb, remat\u00f3 y el bal\u00f3n rebot\u00f3 en\u00a0Guillermo Pol Fern\u00e1ndez\u00a0que, infortuitamente para el mediocampista boquense,\u00a0termin\u00f3 marcando en contra.<\/p>\n\n\n\n<p>Luego de este baldazo de agua fr\u00eda, el equipo de Jorge Almir\u00f3n\u00a0empez\u00f3 a avanzar metros y a acercarse al \u00e1rea del \u201cCicl\u00f3n\u201d pero sin efectividad. A los 20 minutos,\u00a0Luca Langoni tuvo la primera clara para Boca con un enganche sobre Rafael P\u00e9rez y un pobre remate a la humanidad de Augusto Batalla, el arquero del equipo de Rub\u00e9n Dar\u00edo Insua.<\/p>\n\n\n\n<p>A los 31,\u00a0Dar\u00edo Benedetto quedo mano a mano ante el portero ex River y defini\u00f3 desviado por el costado del arco \u201cAzulgrana\u201d\u00a0desperdiciando as\u00ed unas clara ocasi\u00f3n de gol.<\/p>\n\n\n\n<p>Sobre el final del primer tiempo,\u00a0Agust\u00edn Sandez vio la roja directa tras una infracci\u00f3n vehemente sobre Agust\u00edn Giay\u00a0pero, tras una revisi\u00f3n de Facundo Tello con el VAR,\u00a0se le quit\u00f3 la roja y nada m\u00e1s fue amonestado.<\/p>\n\n\n\n<p>Ya en la segunda parte, a los 4,\u00a0Sebasti\u00e1n Villa desbord\u00f3 por el costado izquierdo para enviar un centro flotado hacia el ingreso de Luis Advincula\u00a0que, con un cabezazo d\u00e9bil, logr\u00f3 hacer trabajar a Agust\u00edn Batalla que\u00a0desvi\u00f3 el remate r\u00e1pidamente.<\/p>\n\n\n\n<p>A los 8, en un contragolpe letal,\u00a0Andr\u00e9s Vombergar quedo mano a mano con \u201cChiquito\u201d Romero y, en su af\u00e1n de definir a palo cambiado, Nicol\u00e1s Valentini barri\u00f3 para desviar la pelota\u00a0al corner.<\/p>\n\n\n\n<p>Promediando los 15 minutos de juego,\u00a0Jorge Nicol\u00e1s Figal vio la segunda amarilla y se fue expulsado en el \u201cXeneize\u201d\u00a0que jug\u00f3 con uno menos durante media hora ante un\u00a0San Lorenzo que apost\u00f3 al contragolpe para lastimar a los de Jorge Almir\u00f3n.<\/p>\n\n\n\n<p>A los 33, tras una carambola, la pelota le qued\u00f3 flotando a\u00a0Alan Varela en el \u00e1rea grande para que cabecee y reviente el travesa\u00f1o del arco del \u201cCuervo\u201d. Tres minutos despu\u00e9s, el equipo del \u201cGallego\u201d Insua tendr\u00eda una oportunidad de la misma magnitud pero\u00a0en los pies de Andr\u00e9s Vombergar que el arquero boquense pudo contener tras el impacto en el parante.<\/p>\n\n\n\n<p>El \u201cCicl\u00f3n\u201d, que queda con 23 puntos como el escolta del l\u00edder River, continuar\u00e1 su camino en el torneo cuando visite el\u00a0Estadio Mario Alberto Kempes para enfrentar a Talleres de C\u00f3rdoba\u00a0mientras que, por el lado de los de Jorge Almir\u00f3n, recibir\u00e1n a\u00a0Estudiantes de La Plata en La Bombonera.<\/p>\n","protected":false},"excerpt":{"rendered":"<p>San Lorenzo venci\u00f3 1-0 a\u00a0Boca, en el Estadio Pedro Bidegain, en el marco de la\u00a0und\u00e9cima fecha de la Liga Profesional 2023. A los 8 minutos, sin marca por la lesi\u00f3n&hellip;<\/p>\n","protected":false},"author":4,"featured_media":221957,"comment_status":"closed","ping_status":"open","sticky":false,"template":"","format":"standard","meta":{"_acf_changed":false,"footnotes":""},"categories":[1,3],"tags":[],"class_list":["post-221806","post","type-post","status-publish","format-standard","has-post-thumbnail","hentry","category-es-noticia","category-deportes"],"acf":[],"yoast_head":"<!-- This site is optimized with the Yoast SEO plugin v27.5 - https:\/\/yoast.com\/product\/yoast-seo-wordpress\/ -->\n<title>San Lorenzo venci\u00f3 a Boca en el debut de Jorge Almir\u00f3n - Diario Textual<\/title>\n<meta name=\"robots\" content=\"index, follow, max-snippet:-1, max-image-preview:large, max-video-preview:-1\" \/>\n<link rel=\"canonical\" href=\"https:\/\/diariotextual.com\/inicio\/index.php\/2023\/04\/13\/boca-con-el-debut-de-jorge-almiron-como-dt-visita-a-san-lorenzo-en-el-clasico-de-la-fecha\/\" \/>\n<meta property=\"og:locale\" content=\"es_ES\" \/>\n<meta property=\"og:type\" content=\"article\" \/>\n<meta property=\"og:title\" content=\"San Lorenzo venci\u00f3 a Boca en el debut de Jorge Almir\u00f3n - Diario Textual\" \/>\n<meta property=\"og:description\" content=\"San Lorenzo venci\u00f3 1-0 a\u00a0Boca, en el Estadio Pedro Bidegain, en el marco de la\u00a0und\u00e9cima fecha de la Liga Profesional 2023. A los 8 minutos, sin marca por la lesi\u00f3n&hellip;\" \/>\n<meta property=\"og:url\" content=\"https:\/\/diariotextual.com\/inicio\/index.php\/2023\/04\/13\/boca-con-el-debut-de-jorge-almiron-como-dt-visita-a-san-lorenzo-en-el-clasico-de-la-fecha\/\" \/>\n<meta property=\"og:site_name\" content=\"Diario Textual\" \/>\n<meta property=\"article:publisher\" content=\"https:\/\/www.facebook.com\/eltextual\" \/>\n<meta property=\"article:published_time\" content=\"2023-04-13T10:00:30+00:00\" \/>\n<meta property=\"article:modified_time\" content=\"2023-04-13T10:00:32+00:00\" \/>\n<meta property=\"og:image\" content=\"https:\/\/diariotextual.com\/inicio\/wp-content\/uploads\/2023\/04\/sanlorenzoboca.jpg\" \/>\n\t<meta property=\"og:image:width\" content=\"841\" \/>\n\t<meta property=\"og:image:height\" content=\"470\" \/>\n\t<meta property=\"og:image:type\" content=\"image\/jpeg\" \/>\n<meta name=\"author\" content=\"diario2\" \/>\n<meta name=\"twitter:card\" content=\"summary_large_image\" \/>\n<meta name=\"twitter:creator\" content=\"@eltextual\" \/>\n<meta name=\"twitter:site\" content=\"@eltextual\" \/>\n<meta name=\"twitter:label1\" content=\"Escrito por\" \/>\n\t<meta name=\"twitter:data1\" content=\"diario2\" \/>\n\t<meta name=\"twitter:label2\" content=\"Tiempo de lectura\" \/>\n\t<meta name=\"twitter:data2\" content=\"3 minutos\" \/>\n<script type=\"application\/ld+json\" class=\"yoast-schema-graph\">{\"@context\":\"https:\\\/\\\/schema.org\",\"@graph\":[{\"@type\":\"Article\",\"@id\":\"https:\\\/\\\/diariotextual.com\\\/inicio\\\/index.php\\\/2023\\\/04\\\/13\\\/boca-con-el-debut-de-jorge-almiron-como-dt-visita-a-san-lorenzo-en-el-clasico-de-la-fecha\\\/#article\",\"isPartOf\":{\"@id\":\"https:\\\/\\\/diariotextual.com\\\/inicio\\\/index.php\\\/2023\\\/04\\\/13\\\/boca-con-el-debut-de-jorge-almiron-como-dt-visita-a-san-lorenzo-en-el-clasico-de-la-fecha\\\/\"},\"author\":{\"name\":\"diario2\",\"@id\":\"https:\\\/\\\/diariotextual.com\\\/inicio\\\/#\\\/schema\\\/person\\\/694f60677f23c4a530867a98f22b3768\"},\"headline\":\"San Lorenzo venci\u00f3 a Boca en el debut de Jorge Almir\u00f3n\",\"datePublished\":\"2023-04-13T10:00:30+00:00\",\"dateModified\":\"2023-04-13T10:00:32+00:00\",\"mainEntityOfPage\":{\"@id\":\"https:\\\/\\\/diariotextual.com\\\/inicio\\\/index.php\\\/2023\\\/04\\\/13\\\/boca-con-el-debut-de-jorge-almiron-como-dt-visita-a-san-lorenzo-en-el-clasico-de-la-fecha\\\/\"},\"wordCount\":479,\"publisher\":{\"@id\":\"https:\\\/\\\/diariotextual.com\\\/inicio\\\/#organization\"},\"image\":{\"@id\":\"https:\\\/\\\/diariotextual.com\\\/inicio\\\/index.php\\\/2023\\\/04\\\/13\\\/boca-con-el-debut-de-jorge-almiron-como-dt-visita-a-san-lorenzo-en-el-clasico-de-la-fecha\\\/#primaryimage\"},\"thumbnailUrl\":\"https:\\\/\\\/diariotextual.com\\\/inicio\\\/wp-content\\\/uploads\\\/2023\\\/04\\\/sanlorenzoboca.jpg\",\"articleSection\":[\"A - ES NOTICIA (van abajo)\",\"DEPORTES\"],\"inLanguage\":\"es\"},{\"@type\":\"WebPage\",\"@id\":\"https:\\\/\\\/diariotextual.com\\\/inicio\\\/index.php\\\/2023\\\/04\\\/13\\\/boca-con-el-debut-de-jorge-almiron-como-dt-visita-a-san-lorenzo-en-el-clasico-de-la-fecha\\\/\",\"url\":\"https:\\\/\\\/diariotextual.com\\\/inicio\\\/index.php\\\/2023\\\/04\\\/13\\\/boca-con-el-debut-de-jorge-almiron-como-dt-visita-a-san-lorenzo-en-el-clasico-de-la-fecha\\\/\",\"name\":\"San Lorenzo venci\u00f3 a Boca en el debut de Jorge Almir\u00f3n - Diario Textual\",\"isPartOf\":{\"@id\":\"https:\\\/\\\/diariotextual.com\\\/inicio\\\/#website\"},\"primaryImageOfPage\":{\"@id\":\"https:\\\/\\\/diariotextual.com\\\/inicio\\\/index.php\\\/2023\\\/04\\\/13\\\/boca-con-el-debut-de-jorge-almiron-como-dt-visita-a-san-lorenzo-en-el-clasico-de-la-fecha\\\/#primaryimage\"},\"image\":{\"@id\":\"https:\\\/\\\/diariotextual.com\\\/inicio\\\/index.php\\\/2023\\\/04\\\/13\\\/boca-con-el-debut-de-jorge-almiron-como-dt-visita-a-san-lorenzo-en-el-clasico-de-la-fecha\\\/#primaryimage\"},\"thumbnailUrl\":\"https:\\\/\\\/diariotextual.com\\\/inicio\\\/wp-content\\\/uploads\\\/2023\\\/04\\\/sanlorenzoboca.jpg\",\"datePublished\":\"2023-04-13T10:00:30+00:00\",\"dateModified\":\"2023-04-13T10:00:32+00:00\",\"breadcrumb\":{\"@id\":\"https:\\\/\\\/diariotextual.com\\\/inicio\\\/index.php\\\/2023\\\/04\\\/13\\\/boca-con-el-debut-de-jorge-almiron-como-dt-visita-a-san-lorenzo-en-el-clasico-de-la-fecha\\\/#breadcrumb\"},\"inLanguage\":\"es\",\"potentialAction\":[{\"@type\":\"ReadAction\",\"target\":[\"https:\\\/\\\/diariotextual.com\\\/inicio\\\/index.php\\\/2023\\\/04\\\/13\\\/boca-con-el-debut-de-jorge-almiron-como-dt-visita-a-san-lorenzo-en-el-clasico-de-la-fecha\\\/\"]}]},{\"@type\":\"ImageObject\",\"inLanguage\":\"es\",\"@id\":\"https:\\\/\\\/diariotextual.com\\\/inicio\\\/index.php\\\/2023\\\/04\\\/13\\\/boca-con-el-debut-de-jorge-almiron-como-dt-visita-a-san-lorenzo-en-el-clasico-de-la-fecha\\\/#primaryimage\",\"url\":\"https:\\\/\\\/diariotextual.com\\\/inicio\\\/wp-content\\\/uploads\\\/2023\\\/04\\\/sanlorenzoboca.jpg\",\"contentUrl\":\"https:\\\/\\\/diariotextual.com\\\/inicio\\\/wp-content\\\/uploads\\\/2023\\\/04\\\/sanlorenzoboca.jpg\",\"width\":841,\"height\":470},{\"@type\":\"BreadcrumbList\",\"@id\":\"https:\\\/\\\/diariotextual.com\\\/inicio\\\/index.php\\\/2023\\\/04\\\/13\\\/boca-con-el-debut-de-jorge-almiron-como-dt-visita-a-san-lorenzo-en-el-clasico-de-la-fecha\\\/#breadcrumb\",\"itemListElement\":[{\"@type\":\"ListItem\",\"position\":1,\"name\":\"Portada\",\"item\":\"https:\\\/\\\/diariotextual.com\\\/inicio\\\/\"},{\"@type\":\"ListItem\",\"position\":2,\"name\":\"San Lorenzo venci\u00f3 a Boca en el debut de Jorge Almir\u00f3n\"}]},{\"@type\":\"WebSite\",\"@id\":\"https:\\\/\\\/diariotextual.com\\\/inicio\\\/#website\",\"url\":\"https:\\\/\\\/diariotextual.com\\\/inicio\\\/\",\"name\":\"Diario Textual\",\"description\":\"\",\"publisher\":{\"@id\":\"https:\\\/\\\/diariotextual.com\\\/inicio\\\/#organization\"},\"potentialAction\":[{\"@type\":\"SearchAction\",\"target\":{\"@type\":\"EntryPoint\",\"urlTemplate\":\"https:\\\/\\\/diariotextual.com\\\/inicio\\\/?s={search_term_string}\"},\"query-input\":{\"@type\":\"PropertyValueSpecification\",\"valueRequired\":true,\"valueName\":\"search_term_string\"}}],\"inLanguage\":\"es\"},{\"@type\":\"Organization\",\"@id\":\"https:\\\/\\\/diariotextual.com\\\/inicio\\\/#organization\",\"name\":\"Diario Textual\",\"url\":\"https:\\\/\\\/diariotextual.com\\\/inicio\\\/\",\"logo\":{\"@type\":\"ImageObject\",\"inLanguage\":\"es\",\"@id\":\"https:\\\/\\\/diariotextual.com\\\/inicio\\\/#\\\/schema\\\/logo\\\/image\\\/\",\"url\":\"https:\\\/\\\/diariotextual.com\\\/inicio\\\/wp-content\\\/uploads\\\/2023\\\/05\\\/logotextual1.jpg\",\"contentUrl\":\"https:\\\/\\\/diariotextual.com\\\/inicio\\\/wp-content\\\/uploads\\\/2023\\\/05\\\/logotextual1.jpg\",\"width\":516,\"height\":76,\"caption\":\"Diario Textual\"},\"image\":{\"@id\":\"https:\\\/\\\/diariotextual.com\\\/inicio\\\/#\\\/schema\\\/logo\\\/image\\\/\"},\"sameAs\":[\"https:\\\/\\\/www.facebook.com\\\/eltextual\",\"https:\\\/\\\/x.com\\\/eltextual\",\"http:\\\/\\\/www.instagram.com\\\/eltextual\"]},{\"@type\":\"Person\",\"@id\":\"https:\\\/\\\/diariotextual.com\\\/inicio\\\/#\\\/schema\\\/person\\\/694f60677f23c4a530867a98f22b3768\",\"name\":\"diario2\",\"image\":{\"@type\":\"ImageObject\",\"inLanguage\":\"es\",\"@id\":\"https:\\\/\\\/secure.gravatar.com\\\/avatar\\\/5a2567495ba16b852fcd8f1ed006a2e24fcace936018ed8237e95f488ad6e0a7?s=96&d=mm&r=g\",\"url\":\"https:\\\/\\\/secure.gravatar.com\\\/avatar\\\/5a2567495ba16b852fcd8f1ed006a2e24fcace936018ed8237e95f488ad6e0a7?s=96&d=mm&r=g\",\"contentUrl\":\"https:\\\/\\\/secure.gravatar.com\\\/avatar\\\/5a2567495ba16b852fcd8f1ed006a2e24fcace936018ed8237e95f488ad6e0a7?s=96&d=mm&r=g\",\"caption\":\"diario2\"},\"url\":\"https:\\\/\\\/diariotextual.com\\\/inicio\\\/index.php\\\/author\\\/diario2\\\/\"}]}<\/script>\n<!-- \/ Yoast SEO plugin. -->","yoast_head_json":{"title":"San Lorenzo venci\u00f3 a Boca en el debut de Jorge Almir\u00f3n - Diario Textual","robots":{"index":"index","follow":"follow","max-snippet":"max-snippet:-1","max-image-preview":"max-image-preview:large","max-video-preview":"max-video-preview:-1"},"canonical":"https:\/\/diariotextual.com\/inicio\/index.php\/2023\/04\/13\/boca-con-el-debut-de-jorge-almiron-como-dt-visita-a-san-lorenzo-en-el-clasico-de-la-fecha\/","og_locale":"es_ES","og_type":"article","og_title":"San Lorenzo venci\u00f3 a Boca en el debut de Jorge Almir\u00f3n - Diario Textual","og_description":"San Lorenzo venci\u00f3 1-0 a\u00a0Boca, en el Estadio Pedro Bidegain, en el marco de la\u00a0und\u00e9cima fecha de la Liga Profesional 2023. A los 8 minutos, sin marca por la lesi\u00f3n&hellip;","og_url":"https:\/\/diariotextual.com\/inicio\/index.php\/2023\/04\/13\/boca-con-el-debut-de-jorge-almiron-como-dt-visita-a-san-lorenzo-en-el-clasico-de-la-fecha\/","og_site_name":"Diario Textual","article_publisher":"https:\/\/www.facebook.com\/eltextual","article_published_time":"2023-04-13T10:00:30+00:00","article_modified_time":"2023-04-13T10:00:32+00:00","og_image":[{"width":841,"height":470,"url":"https:\/\/diariotextual.com\/inicio\/wp-content\/uploads\/2023\/04\/sanlorenzoboca.jpg","type":"image\/jpeg"}],"author":"diario2","twitter_card":"summary_large_image","twitter_creator":"@eltextual","twitter_site":"@eltextual","twitter_misc":{"Escrito por":"diario2","Tiempo de lectura":"3 minutos"},"schema":{"@context":"https:\/\/schema.org","@graph":[{"@type":"Article","@id":"https:\/\/diariotextual.com\/inicio\/index.php\/2023\/04\/13\/boca-con-el-debut-de-jorge-almiron-como-dt-visita-a-san-lorenzo-en-el-clasico-de-la-fecha\/#article","isPartOf":{"@id":"https:\/\/diariotextual.com\/inicio\/index.php\/2023\/04\/13\/boca-con-el-debut-de-jorge-almiron-como-dt-visita-a-san-lorenzo-en-el-clasico-de-la-fecha\/"},"author":{"name":"diario2","@id":"https:\/\/diariotextual.com\/inicio\/#\/schema\/person\/694f60677f23c4a530867a98f22b3768"},"headline":"San Lorenzo venci\u00f3 a Boca en el debut de Jorge Almir\u00f3n","datePublished":"2023-04-13T10:00:30+00:00","dateModified":"2023-04-13T10:00:32+00:00","mainEntityOfPage":{"@id":"https:\/\/diariotextual.com\/inicio\/index.php\/2023\/04\/13\/boca-con-el-debut-de-jorge-almiron-como-dt-visita-a-san-lorenzo-en-el-clasico-de-la-fecha\/"},"wordCount":479,"publisher":{"@id":"https:\/\/diariotextual.com\/inicio\/#organization"},"image":{"@id":"https:\/\/diariotextual.com\/inicio\/index.php\/2023\/04\/13\/boca-con-el-debut-de-jorge-almiron-como-dt-visita-a-san-lorenzo-en-el-clasico-de-la-fecha\/#primaryimage"},"thumbnailUrl":"https:\/\/diariotextual.com\/inicio\/wp-content\/uploads\/2023\/04\/sanlorenzoboca.jpg","articleSection":["A - ES NOTICIA (van abajo)","DEPORTES"],"inLanguage":"es"},{"@type":"WebPage","@id":"https:\/\/diariotextual.com\/inicio\/index.php\/2023\/04\/13\/boca-con-el-debut-de-jorge-almiron-como-dt-visita-a-san-lorenzo-en-el-clasico-de-la-fecha\/","url":"https:\/\/diariotextual.com\/inicio\/index.php\/2023\/04\/13\/boca-con-el-debut-de-jorge-almiron-como-dt-visita-a-san-lorenzo-en-el-clasico-de-la-fecha\/","name":"San Lorenzo venci\u00f3 a Boca en el debut de Jorge Almir\u00f3n - Diario Textual","isPartOf":{"@id":"https:\/\/diariotextual.com\/inicio\/#website"},"primaryImageOfPage":{"@id":"https:\/\/diariotextual.com\/inicio\/index.php\/2023\/04\/13\/boca-con-el-debut-de-jorge-almiron-como-dt-visita-a-san-lorenzo-en-el-clasico-de-la-fecha\/#primaryimage"},"image":{"@id":"https:\/\/diariotextual.com\/inicio\/index.php\/2023\/04\/13\/boca-con-el-debut-de-jorge-almiron-como-dt-visita-a-san-lorenzo-en-el-clasico-de-la-fecha\/#primaryimage"},"thumbnailUrl":"https:\/\/diariotextual.com\/inicio\/wp-content\/uploads\/2023\/04\/sanlorenzoboca.jpg","datePublished":"2023-04-13T10:00:30+00:00","dateModified":"2023-04-13T10:00:32+00:00","breadcrumb":{"@id":"https:\/\/diariotextual.com\/inicio\/index.php\/2023\/04\/13\/boca-con-el-debut-de-jorge-almiron-como-dt-visita-a-san-lorenzo-en-el-clasico-de-la-fecha\/#breadcrumb"},"inLanguage":"es","potentialAction":[{"@type":"ReadAction","target":["https:\/\/diariotextual.com\/inicio\/index.php\/2023\/04\/13\/boca-con-el-debut-de-jorge-almiron-como-dt-visita-a-san-lorenzo-en-el-clasico-de-la-fecha\/"]}]},{"@type":"ImageObject","inLanguage":"es","@id":"https:\/\/diariotextual.com\/inicio\/index.php\/2023\/04\/13\/boca-con-el-debut-de-jorge-almiron-como-dt-visita-a-san-lorenzo-en-el-clasico-de-la-fecha\/#primaryimage","url":"https:\/\/diariotextual.com\/inicio\/wp-content\/uploads\/2023\/04\/sanlorenzoboca.jpg","contentUrl":"https:\/\/diariotextual.com\/inicio\/wp-content\/uploads\/2023\/04\/sanlorenzoboca.jpg","width":841,"height":470},{"@type":"BreadcrumbList","@id":"https:\/\/diariotextual.com\/inicio\/index.php\/2023\/04\/13\/boca-con-el-debut-de-jorge-almiron-como-dt-visita-a-san-lorenzo-en-el-clasico-de-la-fecha\/#breadcrumb","itemListElement":[{"@type":"ListItem","position":1,"name":"Portada","item":"https:\/\/diariotextual.com\/inicio\/"},{"@type":"ListItem","position":2,"name":"San Lorenzo venci\u00f3 a Boca en el debut de Jorge Almir\u00f3n"}]},{"@type":"WebSite","@id":"https:\/\/diariotextual.com\/inicio\/#website","url":"https:\/\/diariotextual.com\/inicio\/","name":"Diario Textual","description":"","publisher":{"@id":"https:\/\/diariotextual.com\/inicio\/#organization"},"potentialAction":[{"@type":"SearchAction","target":{"@type":"EntryPoint","urlTemplate":"https:\/\/diariotextual.com\/inicio\/?s={search_term_string}"},"query-input":{"@type":"PropertyValueSpecification","valueRequired":true,"valueName":"search_term_string"}}],"inLanguage":"es"},{"@type":"Organization","@id":"https:\/\/diariotextual.com\/inicio\/#organization","name":"Diario Textual","url":"https:\/\/diariotextual.com\/inicio\/","logo":{"@type":"ImageObject","inLanguage":"es","@id":"https:\/\/diariotextual.com\/inicio\/#\/schema\/logo\/image\/","url":"https:\/\/diariotextual.com\/inicio\/wp-content\/uploads\/2023\/05\/logotextual1.jpg","contentUrl":"https:\/\/diariotextual.com\/inicio\/wp-content\/uploads\/2023\/05\/logotextual1.jpg","width":516,"height":76,"caption":"Diario Textual"},"image":{"@id":"https:\/\/diariotextual.com\/inicio\/#\/schema\/logo\/image\/"},"sameAs":["https:\/\/www.facebook.com\/eltextual","https:\/\/x.com\/eltextual","http:\/\/www.instagram.com\/eltextual"]},{"@type":"Person","@id":"https:\/\/diariotextual.com\/inicio\/#\/schema\/person\/694f60677f23c4a530867a98f22b3768","name":"diario2","image":{"@type":"ImageObject","inLanguage":"es","@id":"https:\/\/secure.gravatar.com\/avatar\/5a2567495ba16b852fcd8f1ed006a2e24fcace936018ed8237e95f488ad6e0a7?s=96&d=mm&r=g","url":"https:\/\/secure.gravatar.com\/avatar\/5a2567495ba16b852fcd8f1ed006a2e24fcace936018ed8237e95f488ad6e0a7?s=96&d=mm&r=g","contentUrl":"https:\/\/secure.gravatar.com\/avatar\/5a2567495ba16b852fcd8f1ed006a2e24fcace936018ed8237e95f488ad6e0a7?s=96&d=mm&r=g","caption":"diario2"},"url":"https:\/\/diariotextual.com\/inicio\/index.php\/author\/diario2\/"}]}},"_links":{"self":[{"href":"https:\/\/diariotextual.com\/inicio\/index.php\/wp-json\/wp\/v2\/posts\/221806","targetHints":{"allow":["GET"]}}],"collection":[{"href":"https:\/\/diariotextual.com\/inicio\/index.php\/wp-json\/wp\/v2\/posts"}],"about":[{"href":"https:\/\/diariotextual.com\/inicio\/index.php\/wp-json\/wp\/v2\/types\/post"}],"author":[{"embeddable":true,"href":"https:\/\/diariotextual.com\/inicio\/index.php\/wp-json\/wp\/v2\/users\/4"}],"replies":[{"embeddable":true,"href":"https:\/\/diariotextual.com\/inicio\/index.php\/wp-json\/wp\/v2\/comments?post=221806"}],"version-history":[{"count":3,"href":"https:\/\/diariotextual.com\/inicio\/index.php\/wp-json\/wp\/v2\/posts\/221806\/revisions"}],"predecessor-version":[{"id":221958,"href":"https:\/\/diariotextual.com\/inicio\/index.php\/wp-json\/wp\/v2\/posts\/221806\/revisions\/221958"}],"wp:featuredmedia":[{"embeddable":true,"href":"https:\/\/diariotextual.com\/inicio\/index.php\/wp-json\/wp\/v2\/media\/221957"}],"wp:attachment":[{"href":"https:\/\/diariotextual.com\/inicio\/index.php\/wp-json\/wp\/v2\/media?parent=221806"}],"wp:term":[{"taxonomy":"category","embeddable":true,"href":"https:\/\/diariotextual.com\/inicio\/index.php\/wp-json\/wp\/v2\/categories?post=221806"},{"taxonomy":"post_tag","embeddable":true,"href":"https:\/\/diariotextual.com\/inicio\/index.php\/wp-json\/wp\/v2\/tags?post=221806"}],"curies":[{"name":"wp","href":"https:\/\/api.w.org\/{rel}","templated":true}]}}