{"id":221865,"date":"2023-04-12T14:27:31","date_gmt":"2023-04-12T17:27:31","guid":{"rendered":"https:\/\/diariotextual.com\/inicio\/?p=221865"},"modified":"2023-04-12T14:27:33","modified_gmt":"2023-04-12T17:27:33","slug":"santa-rosa-jubilado-denuncio-una-laguna-y-reclama-por-la-motoniveladora","status":"publish","type":"post","link":"https:\/\/diariotextual.com\/inicio\/index.php\/2023\/04\/12\/santa-rosa-jubilado-denuncio-una-laguna-y-reclama-por-la-motoniveladora\/","title":{"rendered":"Santa Rosa: jubilado denunci\u00f3 una \u201claguna\u201d y reclama por la motoniveladora"},"content":{"rendered":"\n<p>V\u00edctor Oscar Gard\u00f3n, un vecino del<strong> barrio Costa Sol del Este<\/strong>, en Santa Rosa, denunci\u00f3 p\u00fablicamente que hace unos d\u00edas vive con agua frente a su casa, producto de las \u00faltimas precipitaciones. Asegur\u00f3 que <strong>se \u201ccans\u00f3\u201d de llamar al municipio<\/strong> para que env\u00ede una motoniveladora, pero pasan los d\u00edas y la soluci\u00f3n no llega. \u201c<strong>Tengo un charco justo en la entrada de mi casa, con lo cual cada vez que ingreso con el autom\u00f3vil arrastro al garaje todo el barro\u201d, <\/strong>se quej\u00f3.<\/p>\n\n\n\n<p>El denunciante es un jubilado santarrose\u00f1o con algunos problemas de salud, domiciliado en Selva Sur al 1.200, entre Liberato Rosas y Calegaris. Presuntamente, <strong>el problema de la falta de escurrimiento lleva a\u00f1os sin soluci\u00f3n en la zona,<\/strong> al parecer porque la calle en cuesti\u00f3n recibe los desag\u00fces pluviales de otras cuatro arterias. Dijo que el d\u00eda de la \u00faltima lluvia se form\u00f3 una laguna de 70 cent\u00edmetros de profundidad.<\/p>\n\n\n\n<p>\u201cHace un a\u00f1o que no pasan la m\u00e1quina, esto no es de ahora\u201d, aclar\u00f3. \u201cDespu\u00e9s piden que limpiemos los patios para prevenir el dengue y resulta que tenemos estos charcos que promueven la proliferaci\u00f3n de mosquitos\u201d, fustig\u00f3, en contacto con Diario Textual.<\/p>\n\n\n\n<p>Durante su infructuoso periplo se comunic\u00f3 con vialidad municipal para que llegue con herramientas que permitan hacer las tareas que faciliten el escurrimiento del l\u00edquido. Incluso, dijo, en la esquina de su casa se form\u00f3 otra laguna de dimensiones.<\/p>\n","protected":false},"excerpt":{"rendered":"<p>V\u00edctor Oscar Gard\u00f3n, un vecino del barrio Costa Sol del Este, en Santa Rosa, denunci\u00f3 p\u00fablicamente que hace unos d\u00edas vive con agua frente a su casa, producto de las&hellip;<\/p>\n","protected":false},"author":4,"featured_media":0,"comment_status":"closed","ping_status":"open","sticky":false,"template":"","format":"standard","meta":{"_acf_changed":false,"footnotes":""},"categories":[1,12],"tags":[],"class_list":["post-221865","post","type-post","status-publish","format-standard","hentry","category-es-noticia","category-sociedad"],"acf":[],"yoast_head":"<!-- This site is optimized with the Yoast SEO plugin v27.5 - https:\/\/yoast.com\/product\/yoast-seo-wordpress\/ -->\n<title>Santa Rosa: jubilado denunci\u00f3 una \u201claguna\u201d y reclama por la motoniveladora - Diario Textual<\/title>\n<meta name=\"robots\" content=\"index, follow, max-snippet:-1, max-image-preview:large, max-video-preview:-1\" \/>\n<link rel=\"canonical\" href=\"https:\/\/diariotextual.com\/inicio\/index.php\/2023\/04\/12\/santa-rosa-jubilado-denuncio-una-laguna-y-reclama-por-la-motoniveladora\/\" \/>\n<meta property=\"og:locale\" content=\"es_ES\" \/>\n<meta property=\"og:type\" content=\"article\" \/>\n<meta property=\"og:title\" content=\"Santa Rosa: jubilado denunci\u00f3 una \u201claguna\u201d y reclama por la motoniveladora - Diario Textual\" \/>\n<meta property=\"og:description\" content=\"V\u00edctor Oscar Gard\u00f3n, un vecino del barrio Costa Sol del Este, en Santa Rosa, denunci\u00f3 p\u00fablicamente que hace unos d\u00edas vive con agua frente a su casa, producto de las&hellip;\" \/>\n<meta property=\"og:url\" content=\"https:\/\/diariotextual.com\/inicio\/index.php\/2023\/04\/12\/santa-rosa-jubilado-denuncio-una-laguna-y-reclama-por-la-motoniveladora\/\" \/>\n<meta property=\"og:site_name\" content=\"Diario Textual\" \/>\n<meta property=\"article:publisher\" content=\"https:\/\/www.facebook.com\/eltextual\" \/>\n<meta property=\"article:published_time\" content=\"2023-04-12T17:27:31+00:00\" \/>\n<meta property=\"article:modified_time\" content=\"2023-04-12T17:27:33+00:00\" \/>\n<meta name=\"author\" content=\"diario2\" \/>\n<meta name=\"twitter:card\" content=\"summary_large_image\" \/>\n<meta name=\"twitter:creator\" content=\"@eltextual\" \/>\n<meta name=\"twitter:site\" content=\"@eltextual\" \/>\n<meta name=\"twitter:label1\" content=\"Escrito por\" \/>\n\t<meta name=\"twitter:data1\" content=\"diario2\" \/>\n\t<meta name=\"twitter:label2\" content=\"Tiempo de lectura\" \/>\n\t<meta name=\"twitter:data2\" content=\"2 minutos\" \/>\n<script type=\"application\/ld+json\" class=\"yoast-schema-graph\">{\"@context\":\"https:\\\/\\\/schema.org\",\"@graph\":[{\"@type\":\"Article\",\"@id\":\"https:\\\/\\\/diariotextual.com\\\/inicio\\\/index.php\\\/2023\\\/04\\\/12\\\/santa-rosa-jubilado-denuncio-una-laguna-y-reclama-por-la-motoniveladora\\\/#article\",\"isPartOf\":{\"@id\":\"https:\\\/\\\/diariotextual.com\\\/inicio\\\/index.php\\\/2023\\\/04\\\/12\\\/santa-rosa-jubilado-denuncio-una-laguna-y-reclama-por-la-motoniveladora\\\/\"},\"author\":{\"name\":\"diario2\",\"@id\":\"https:\\\/\\\/diariotextual.com\\\/inicio\\\/#\\\/schema\\\/person\\\/694f60677f23c4a530867a98f22b3768\"},\"headline\":\"Santa Rosa: jubilado denunci\u00f3 una \u201claguna\u201d y reclama por la motoniveladora\",\"datePublished\":\"2023-04-12T17:27:31+00:00\",\"dateModified\":\"2023-04-12T17:27:33+00:00\",\"mainEntityOfPage\":{\"@id\":\"https:\\\/\\\/diariotextual.com\\\/inicio\\\/index.php\\\/2023\\\/04\\\/12\\\/santa-rosa-jubilado-denuncio-una-laguna-y-reclama-por-la-motoniveladora\\\/\"},\"wordCount\":261,\"publisher\":{\"@id\":\"https:\\\/\\\/diariotextual.com\\\/inicio\\\/#organization\"},\"articleSection\":[\"A - ES NOTICIA (van abajo)\",\"SOCIEDAD\"],\"inLanguage\":\"es\"},{\"@type\":\"WebPage\",\"@id\":\"https:\\\/\\\/diariotextual.com\\\/inicio\\\/index.php\\\/2023\\\/04\\\/12\\\/santa-rosa-jubilado-denuncio-una-laguna-y-reclama-por-la-motoniveladora\\\/\",\"url\":\"https:\\\/\\\/diariotextual.com\\\/inicio\\\/index.php\\\/2023\\\/04\\\/12\\\/santa-rosa-jubilado-denuncio-una-laguna-y-reclama-por-la-motoniveladora\\\/\",\"name\":\"Santa Rosa: jubilado denunci\u00f3 una \u201claguna\u201d y reclama por la motoniveladora - Diario Textual\",\"isPartOf\":{\"@id\":\"https:\\\/\\\/diariotextual.com\\\/inicio\\\/#website\"},\"datePublished\":\"2023-04-12T17:27:31+00:00\",\"dateModified\":\"2023-04-12T17:27:33+00:00\",\"breadcrumb\":{\"@id\":\"https:\\\/\\\/diariotextual.com\\\/inicio\\\/index.php\\\/2023\\\/04\\\/12\\\/santa-rosa-jubilado-denuncio-una-laguna-y-reclama-por-la-motoniveladora\\\/#breadcrumb\"},\"inLanguage\":\"es\",\"potentialAction\":[{\"@type\":\"ReadAction\",\"target\":[\"https:\\\/\\\/diariotextual.com\\\/inicio\\\/index.php\\\/2023\\\/04\\\/12\\\/santa-rosa-jubilado-denuncio-una-laguna-y-reclama-por-la-motoniveladora\\\/\"]}]},{\"@type\":\"BreadcrumbList\",\"@id\":\"https:\\\/\\\/diariotextual.com\\\/inicio\\\/index.php\\\/2023\\\/04\\\/12\\\/santa-rosa-jubilado-denuncio-una-laguna-y-reclama-por-la-motoniveladora\\\/#breadcrumb\",\"itemListElement\":[{\"@type\":\"ListItem\",\"position\":1,\"name\":\"Portada\",\"item\":\"https:\\\/\\\/diariotextual.com\\\/inicio\\\/\"},{\"@type\":\"ListItem\",\"position\":2,\"name\":\"Santa Rosa: jubilado denunci\u00f3 una \u201claguna\u201d y reclama por la motoniveladora\"}]},{\"@type\":\"WebSite\",\"@id\":\"https:\\\/\\\/diariotextual.com\\\/inicio\\\/#website\",\"url\":\"https:\\\/\\\/diariotextual.com\\\/inicio\\\/\",\"name\":\"Diario Textual\",\"description\":\"\",\"publisher\":{\"@id\":\"https:\\\/\\\/diariotextual.com\\\/inicio\\\/#organization\"},\"potentialAction\":[{\"@type\":\"SearchAction\",\"target\":{\"@type\":\"EntryPoint\",\"urlTemplate\":\"https:\\\/\\\/diariotextual.com\\\/inicio\\\/?s={search_term_string}\"},\"query-input\":{\"@type\":\"PropertyValueSpecification\",\"valueRequired\":true,\"valueName\":\"search_term_string\"}}],\"inLanguage\":\"es\"},{\"@type\":\"Organization\",\"@id\":\"https:\\\/\\\/diariotextual.com\\\/inicio\\\/#organization\",\"name\":\"Diario Textual\",\"url\":\"https:\\\/\\\/diariotextual.com\\\/inicio\\\/\",\"logo\":{\"@type\":\"ImageObject\",\"inLanguage\":\"es\",\"@id\":\"https:\\\/\\\/diariotextual.com\\\/inicio\\\/#\\\/schema\\\/logo\\\/image\\\/\",\"url\":\"https:\\\/\\\/diariotextual.com\\\/inicio\\\/wp-content\\\/uploads\\\/2023\\\/05\\\/logotextual1.jpg\",\"contentUrl\":\"https:\\\/\\\/diariotextual.com\\\/inicio\\\/wp-content\\\/uploads\\\/2023\\\/05\\\/logotextual1.jpg\",\"width\":516,\"height\":76,\"caption\":\"Diario Textual\"},\"image\":{\"@id\":\"https:\\\/\\\/diariotextual.com\\\/inicio\\\/#\\\/schema\\\/logo\\\/image\\\/\"},\"sameAs\":[\"https:\\\/\\\/www.facebook.com\\\/eltextual\",\"https:\\\/\\\/x.com\\\/eltextual\",\"http:\\\/\\\/www.instagram.com\\\/eltextual\"]},{\"@type\":\"Person\",\"@id\":\"https:\\\/\\\/diariotextual.com\\\/inicio\\\/#\\\/schema\\\/person\\\/694f60677f23c4a530867a98f22b3768\",\"name\":\"diario2\",\"image\":{\"@type\":\"ImageObject\",\"inLanguage\":\"es\",\"@id\":\"https:\\\/\\\/secure.gravatar.com\\\/avatar\\\/5a2567495ba16b852fcd8f1ed006a2e24fcace936018ed8237e95f488ad6e0a7?s=96&d=mm&r=g\",\"url\":\"https:\\\/\\\/secure.gravatar.com\\\/avatar\\\/5a2567495ba16b852fcd8f1ed006a2e24fcace936018ed8237e95f488ad6e0a7?s=96&d=mm&r=g\",\"contentUrl\":\"https:\\\/\\\/secure.gravatar.com\\\/avatar\\\/5a2567495ba16b852fcd8f1ed006a2e24fcace936018ed8237e95f488ad6e0a7?s=96&d=mm&r=g\",\"caption\":\"diario2\"},\"url\":\"https:\\\/\\\/diariotextual.com\\\/inicio\\\/index.php\\\/author\\\/diario2\\\/\"}]}<\/script>\n<!-- \/ Yoast SEO plugin. -->","yoast_head_json":{"title":"Santa Rosa: jubilado denunci\u00f3 una \u201claguna\u201d y reclama por la motoniveladora - Diario Textual","robots":{"index":"index","follow":"follow","max-snippet":"max-snippet:-1","max-image-preview":"max-image-preview:large","max-video-preview":"max-video-preview:-1"},"canonical":"https:\/\/diariotextual.com\/inicio\/index.php\/2023\/04\/12\/santa-rosa-jubilado-denuncio-una-laguna-y-reclama-por-la-motoniveladora\/","og_locale":"es_ES","og_type":"article","og_title":"Santa Rosa: jubilado denunci\u00f3 una \u201claguna\u201d y reclama por la motoniveladora - Diario Textual","og_description":"V\u00edctor Oscar Gard\u00f3n, un vecino del barrio Costa Sol del Este, en Santa Rosa, denunci\u00f3 p\u00fablicamente que hace unos d\u00edas vive con agua frente a su casa, producto de las&hellip;","og_url":"https:\/\/diariotextual.com\/inicio\/index.php\/2023\/04\/12\/santa-rosa-jubilado-denuncio-una-laguna-y-reclama-por-la-motoniveladora\/","og_site_name":"Diario Textual","article_publisher":"https:\/\/www.facebook.com\/eltextual","article_published_time":"2023-04-12T17:27:31+00:00","article_modified_time":"2023-04-12T17:27:33+00:00","author":"diario2","twitter_card":"summary_large_image","twitter_creator":"@eltextual","twitter_site":"@eltextual","twitter_misc":{"Escrito por":"diario2","Tiempo de lectura":"2 minutos"},"schema":{"@context":"https:\/\/schema.org","@graph":[{"@type":"Article","@id":"https:\/\/diariotextual.com\/inicio\/index.php\/2023\/04\/12\/santa-rosa-jubilado-denuncio-una-laguna-y-reclama-por-la-motoniveladora\/#article","isPartOf":{"@id":"https:\/\/diariotextual.com\/inicio\/index.php\/2023\/04\/12\/santa-rosa-jubilado-denuncio-una-laguna-y-reclama-por-la-motoniveladora\/"},"author":{"name":"diario2","@id":"https:\/\/diariotextual.com\/inicio\/#\/schema\/person\/694f60677f23c4a530867a98f22b3768"},"headline":"Santa Rosa: jubilado denunci\u00f3 una \u201claguna\u201d y reclama por la motoniveladora","datePublished":"2023-04-12T17:27:31+00:00","dateModified":"2023-04-12T17:27:33+00:00","mainEntityOfPage":{"@id":"https:\/\/diariotextual.com\/inicio\/index.php\/2023\/04\/12\/santa-rosa-jubilado-denuncio-una-laguna-y-reclama-por-la-motoniveladora\/"},"wordCount":261,"publisher":{"@id":"https:\/\/diariotextual.com\/inicio\/#organization"},"articleSection":["A - ES NOTICIA (van abajo)","SOCIEDAD"],"inLanguage":"es"},{"@type":"WebPage","@id":"https:\/\/diariotextual.com\/inicio\/index.php\/2023\/04\/12\/santa-rosa-jubilado-denuncio-una-laguna-y-reclama-por-la-motoniveladora\/","url":"https:\/\/diariotextual.com\/inicio\/index.php\/2023\/04\/12\/santa-rosa-jubilado-denuncio-una-laguna-y-reclama-por-la-motoniveladora\/","name":"Santa Rosa: jubilado denunci\u00f3 una \u201claguna\u201d y reclama por la motoniveladora - Diario Textual","isPartOf":{"@id":"https:\/\/diariotextual.com\/inicio\/#website"},"datePublished":"2023-04-12T17:27:31+00:00","dateModified":"2023-04-12T17:27:33+00:00","breadcrumb":{"@id":"https:\/\/diariotextual.com\/inicio\/index.php\/2023\/04\/12\/santa-rosa-jubilado-denuncio-una-laguna-y-reclama-por-la-motoniveladora\/#breadcrumb"},"inLanguage":"es","potentialAction":[{"@type":"ReadAction","target":["https:\/\/diariotextual.com\/inicio\/index.php\/2023\/04\/12\/santa-rosa-jubilado-denuncio-una-laguna-y-reclama-por-la-motoniveladora\/"]}]},{"@type":"BreadcrumbList","@id":"https:\/\/diariotextual.com\/inicio\/index.php\/2023\/04\/12\/santa-rosa-jubilado-denuncio-una-laguna-y-reclama-por-la-motoniveladora\/#breadcrumb","itemListElement":[{"@type":"ListItem","position":1,"name":"Portada","item":"https:\/\/diariotextual.com\/inicio\/"},{"@type":"ListItem","position":2,"name":"Santa Rosa: jubilado denunci\u00f3 una \u201claguna\u201d y reclama por la motoniveladora"}]},{"@type":"WebSite","@id":"https:\/\/diariotextual.com\/inicio\/#website","url":"https:\/\/diariotextual.com\/inicio\/","name":"Diario Textual","description":"","publisher":{"@id":"https:\/\/diariotextual.com\/inicio\/#organization"},"potentialAction":[{"@type":"SearchAction","target":{"@type":"EntryPoint","urlTemplate":"https:\/\/diariotextual.com\/inicio\/?s={search_term_string}"},"query-input":{"@type":"PropertyValueSpecification","valueRequired":true,"valueName":"search_term_string"}}],"inLanguage":"es"},{"@type":"Organization","@id":"https:\/\/diariotextual.com\/inicio\/#organization","name":"Diario Textual","url":"https:\/\/diariotextual.com\/inicio\/","logo":{"@type":"ImageObject","inLanguage":"es","@id":"https:\/\/diariotextual.com\/inicio\/#\/schema\/logo\/image\/","url":"https:\/\/diariotextual.com\/inicio\/wp-content\/uploads\/2023\/05\/logotextual1.jpg","contentUrl":"https:\/\/diariotextual.com\/inicio\/wp-content\/uploads\/2023\/05\/logotextual1.jpg","width":516,"height":76,"caption":"Diario Textual"},"image":{"@id":"https:\/\/diariotextual.com\/inicio\/#\/schema\/logo\/image\/"},"sameAs":["https:\/\/www.facebook.com\/eltextual","https:\/\/x.com\/eltextual","http:\/\/www.instagram.com\/eltextual"]},{"@type":"Person","@id":"https:\/\/diariotextual.com\/inicio\/#\/schema\/person\/694f60677f23c4a530867a98f22b3768","name":"diario2","image":{"@type":"ImageObject","inLanguage":"es","@id":"https:\/\/secure.gravatar.com\/avatar\/5a2567495ba16b852fcd8f1ed006a2e24fcace936018ed8237e95f488ad6e0a7?s=96&d=mm&r=g","url":"https:\/\/secure.gravatar.com\/avatar\/5a2567495ba16b852fcd8f1ed006a2e24fcace936018ed8237e95f488ad6e0a7?s=96&d=mm&r=g","contentUrl":"https:\/\/secure.gravatar.com\/avatar\/5a2567495ba16b852fcd8f1ed006a2e24fcace936018ed8237e95f488ad6e0a7?s=96&d=mm&r=g","caption":"diario2"},"url":"https:\/\/diariotextual.com\/inicio\/index.php\/author\/diario2\/"}]}},"_links":{"self":[{"href":"https:\/\/diariotextual.com\/inicio\/index.php\/wp-json\/wp\/v2\/posts\/221865","targetHints":{"allow":["GET"]}}],"collection":[{"href":"https:\/\/diariotextual.com\/inicio\/index.php\/wp-json\/wp\/v2\/posts"}],"about":[{"href":"https:\/\/diariotextual.com\/inicio\/index.php\/wp-json\/wp\/v2\/types\/post"}],"author":[{"embeddable":true,"href":"https:\/\/diariotextual.com\/inicio\/index.php\/wp-json\/wp\/v2\/users\/4"}],"replies":[{"embeddable":true,"href":"https:\/\/diariotextual.com\/inicio\/index.php\/wp-json\/wp\/v2\/comments?post=221865"}],"version-history":[{"count":1,"href":"https:\/\/diariotextual.com\/inicio\/index.php\/wp-json\/wp\/v2\/posts\/221865\/revisions"}],"predecessor-version":[{"id":221866,"href":"https:\/\/diariotextual.com\/inicio\/index.php\/wp-json\/wp\/v2\/posts\/221865\/revisions\/221866"}],"wp:attachment":[{"href":"https:\/\/diariotextual.com\/inicio\/index.php\/wp-json\/wp\/v2\/media?parent=221865"}],"wp:term":[{"taxonomy":"category","embeddable":true,"href":"https:\/\/diariotextual.com\/inicio\/index.php\/wp-json\/wp\/v2\/categories?post=221865"},{"taxonomy":"post_tag","embeddable":true,"href":"https:\/\/diariotextual.com\/inicio\/index.php\/wp-json\/wp\/v2\/tags?post=221865"}],"curies":[{"name":"wp","href":"https:\/\/api.w.org\/{rel}","templated":true}]}}