{"id":221899,"date":"2023-04-12T16:27:30","date_gmt":"2023-04-12T19:27:30","guid":{"rendered":"https:\/\/diariotextual.com\/inicio\/?p=221899"},"modified":"2023-04-12T19:35:42","modified_gmt":"2023-04-12T22:35:42","slug":"diputada-pide-informes-por-la-compra-de-camas-y-colchones-por-62-millones","status":"publish","type":"post","link":"https:\/\/diariotextual.com\/inicio\/index.php\/2023\/04\/12\/diputada-pide-informes-por-la-compra-de-camas-y-colchones-por-62-millones\/","title":{"rendered":"Diputada pide informes por la compra de camas y colchones por $62 millones"},"content":{"rendered":"\n<p>La diputada radical<strong> Andrea Valderrama<\/strong> present\u00f3 en la Legislatura Provincial un pedido de informe al Poder Ejecutivo Provincial y por su intermedio al Ministerio de Desarrollo Social, sobre la Licitaci\u00f3n P\u00fablica 52\/2023 por la que se pretende <strong>adquirir camas de, colchones y frazadas destinados a personas de escasos recursos, por un monto de 62.500.000 pesos.<\/strong><\/p>\n\n\n\n<p>En el proyecto de resoluci\u00f3n la legisladora solicita <strong>detallar los criterios<\/strong> que se utilizar\u00e1n para determinar los beneficiarios de los bienes a licitar, la distribuci\u00f3n geogr\u00e1fica en la que ser\u00e1n entregados; si la entrega de los mismos se realizar\u00e1 en el marco de alg\u00fan programa provincial y\/o nacional, y, en caso afirmativo especifique en cual o cuales; y por \u00faltimo la fecha de entrega a los beneficiarios.<\/p>\n\n\n\n<p><strong>\u201cEntendemos que esto se debe a la situaci\u00f3n de emergencia y vulnerabilidad social debido a la crisis econ\u00f3mica que nuestro pa\u00eds atraviesa y que nuestra provincia no escapa de ello y resulta importante saber de qu\u00e9 manera se van a distribuir los bienes a licitar, para que se garantice que los mismos sean entregados a quienes lo necesiten\u201d<\/strong>, expres\u00f3 Valderrama.<\/p>\n\n\n\n<p>La legisladora radical cuestion\u00f3 que \u201cteniendo en cuenta que el llamado a licitaci\u00f3n se realiza en \u00e9poca de campa\u00f1a y mientras transitamos el calendario electoral 2023, nos vemos en la obligaci\u00f3n de presentar este pedido de informes, a fin de obtener detalles e informaci\u00f3n precisa del destino y beneficiarios de los mobiliarios a licitar, para corroborar que la entrega de los bienes se haga a quien realmente lo necesite y no se utilice para hacer \u00abclientelismo\u00bb pol\u00edtico\u201d.<\/p>\n","protected":false},"excerpt":{"rendered":"<p>La diputada radical Andrea Valderrama present\u00f3 en la Legislatura Provincial un pedido de informe al Poder Ejecutivo Provincial y por su intermedio al Ministerio de Desarrollo Social, sobre la Licitaci\u00f3n&hellip;<\/p>\n","protected":false},"author":4,"featured_media":115284,"comment_status":"closed","ping_status":"open","sticky":false,"template":"","format":"standard","meta":{"_acf_changed":false,"footnotes":""},"categories":[1,11,8],"tags":[],"class_list":["post-221899","post","type-post","status-publish","format-standard","has-post-thumbnail","hentry","category-es-noticia","category-que-pasa","category-politica"],"acf":[],"yoast_head":"<!-- This site is optimized with the Yoast SEO plugin v27.5 - https:\/\/yoast.com\/product\/yoast-seo-wordpress\/ -->\n<title>Diputada pide informes por la compra de camas y colchones por $62 millones - Diario Textual<\/title>\n<meta name=\"robots\" content=\"index, follow, max-snippet:-1, max-image-preview:large, max-video-preview:-1\" \/>\n<link rel=\"canonical\" href=\"https:\/\/diariotextual.com\/inicio\/index.php\/2023\/04\/12\/diputada-pide-informes-por-la-compra-de-camas-y-colchones-por-62-millones\/\" \/>\n<meta property=\"og:locale\" content=\"es_ES\" \/>\n<meta property=\"og:type\" content=\"article\" \/>\n<meta property=\"og:title\" content=\"Diputada pide informes por la compra de camas y colchones por $62 millones - Diario Textual\" \/>\n<meta property=\"og:description\" content=\"La diputada radical Andrea Valderrama present\u00f3 en la Legislatura Provincial un pedido de informe al Poder Ejecutivo Provincial y por su intermedio al Ministerio de Desarrollo Social, sobre la Licitaci\u00f3n&hellip;\" \/>\n<meta property=\"og:url\" content=\"https:\/\/diariotextual.com\/inicio\/index.php\/2023\/04\/12\/diputada-pide-informes-por-la-compra-de-camas-y-colchones-por-62-millones\/\" \/>\n<meta property=\"og:site_name\" content=\"Diario Textual\" \/>\n<meta property=\"article:publisher\" content=\"https:\/\/www.facebook.com\/eltextual\" \/>\n<meta property=\"article:published_time\" content=\"2023-04-12T19:27:30+00:00\" \/>\n<meta property=\"article:modified_time\" content=\"2023-04-12T22:35:42+00:00\" \/>\n<meta property=\"og:image\" content=\"https:\/\/diariotextual.com\/inicio\/wp-content\/uploads\/2020\/10\/valderramaandreadiputada2020-0002.jpg\" \/>\n\t<meta property=\"og:image:width\" content=\"960\" \/>\n\t<meta property=\"og:image:height\" content=\"636\" \/>\n\t<meta property=\"og:image:type\" content=\"image\/jpeg\" \/>\n<meta name=\"author\" content=\"diario2\" \/>\n<meta name=\"twitter:card\" content=\"summary_large_image\" \/>\n<meta name=\"twitter:creator\" content=\"@eltextual\" \/>\n<meta name=\"twitter:site\" content=\"@eltextual\" \/>\n<meta name=\"twitter:label1\" content=\"Escrito por\" \/>\n\t<meta name=\"twitter:data1\" content=\"diario2\" \/>\n\t<meta name=\"twitter:label2\" content=\"Tiempo de lectura\" \/>\n\t<meta name=\"twitter:data2\" content=\"2 minutos\" \/>\n<script type=\"application\/ld+json\" class=\"yoast-schema-graph\">{\"@context\":\"https:\\\/\\\/schema.org\",\"@graph\":[{\"@type\":\"Article\",\"@id\":\"https:\\\/\\\/diariotextual.com\\\/inicio\\\/index.php\\\/2023\\\/04\\\/12\\\/diputada-pide-informes-por-la-compra-de-camas-y-colchones-por-62-millones\\\/#article\",\"isPartOf\":{\"@id\":\"https:\\\/\\\/diariotextual.com\\\/inicio\\\/index.php\\\/2023\\\/04\\\/12\\\/diputada-pide-informes-por-la-compra-de-camas-y-colchones-por-62-millones\\\/\"},\"author\":{\"name\":\"diario2\",\"@id\":\"https:\\\/\\\/diariotextual.com\\\/inicio\\\/#\\\/schema\\\/person\\\/694f60677f23c4a530867a98f22b3768\"},\"headline\":\"Diputada pide informes por la compra de camas y colchones por $62 millones\",\"datePublished\":\"2023-04-12T19:27:30+00:00\",\"dateModified\":\"2023-04-12T22:35:42+00:00\",\"mainEntityOfPage\":{\"@id\":\"https:\\\/\\\/diariotextual.com\\\/inicio\\\/index.php\\\/2023\\\/04\\\/12\\\/diputada-pide-informes-por-la-compra-de-camas-y-colchones-por-62-millones\\\/\"},\"wordCount\":285,\"publisher\":{\"@id\":\"https:\\\/\\\/diariotextual.com\\\/inicio\\\/#organization\"},\"image\":{\"@id\":\"https:\\\/\\\/diariotextual.com\\\/inicio\\\/index.php\\\/2023\\\/04\\\/12\\\/diputada-pide-informes-por-la-compra-de-camas-y-colchones-por-62-millones\\\/#primaryimage\"},\"thumbnailUrl\":\"https:\\\/\\\/diariotextual.com\\\/inicio\\\/wp-content\\\/uploads\\\/2020\\\/10\\\/valderramaandreadiputada2020-0002.jpg\",\"articleSection\":[\"A - ES NOTICIA (van abajo)\",\"A - QUE PASA (al costado)\",\"POLITICA\"],\"inLanguage\":\"es\"},{\"@type\":\"WebPage\",\"@id\":\"https:\\\/\\\/diariotextual.com\\\/inicio\\\/index.php\\\/2023\\\/04\\\/12\\\/diputada-pide-informes-por-la-compra-de-camas-y-colchones-por-62-millones\\\/\",\"url\":\"https:\\\/\\\/diariotextual.com\\\/inicio\\\/index.php\\\/2023\\\/04\\\/12\\\/diputada-pide-informes-por-la-compra-de-camas-y-colchones-por-62-millones\\\/\",\"name\":\"Diputada pide informes por la compra de camas y colchones por $62 millones - Diario Textual\",\"isPartOf\":{\"@id\":\"https:\\\/\\\/diariotextual.com\\\/inicio\\\/#website\"},\"primaryImageOfPage\":{\"@id\":\"https:\\\/\\\/diariotextual.com\\\/inicio\\\/index.php\\\/2023\\\/04\\\/12\\\/diputada-pide-informes-por-la-compra-de-camas-y-colchones-por-62-millones\\\/#primaryimage\"},\"image\":{\"@id\":\"https:\\\/\\\/diariotextual.com\\\/inicio\\\/index.php\\\/2023\\\/04\\\/12\\\/diputada-pide-informes-por-la-compra-de-camas-y-colchones-por-62-millones\\\/#primaryimage\"},\"thumbnailUrl\":\"https:\\\/\\\/diariotextual.com\\\/inicio\\\/wp-content\\\/uploads\\\/2020\\\/10\\\/valderramaandreadiputada2020-0002.jpg\",\"datePublished\":\"2023-04-12T19:27:30+00:00\",\"dateModified\":\"2023-04-12T22:35:42+00:00\",\"breadcrumb\":{\"@id\":\"https:\\\/\\\/diariotextual.com\\\/inicio\\\/index.php\\\/2023\\\/04\\\/12\\\/diputada-pide-informes-por-la-compra-de-camas-y-colchones-por-62-millones\\\/#breadcrumb\"},\"inLanguage\":\"es\",\"potentialAction\":[{\"@type\":\"ReadAction\",\"target\":[\"https:\\\/\\\/diariotextual.com\\\/inicio\\\/index.php\\\/2023\\\/04\\\/12\\\/diputada-pide-informes-por-la-compra-de-camas-y-colchones-por-62-millones\\\/\"]}]},{\"@type\":\"ImageObject\",\"inLanguage\":\"es\",\"@id\":\"https:\\\/\\\/diariotextual.com\\\/inicio\\\/index.php\\\/2023\\\/04\\\/12\\\/diputada-pide-informes-por-la-compra-de-camas-y-colchones-por-62-millones\\\/#primaryimage\",\"url\":\"https:\\\/\\\/diariotextual.com\\\/inicio\\\/wp-content\\\/uploads\\\/2020\\\/10\\\/valderramaandreadiputada2020-0002.jpg\",\"contentUrl\":\"https:\\\/\\\/diariotextual.com\\\/inicio\\\/wp-content\\\/uploads\\\/2020\\\/10\\\/valderramaandreadiputada2020-0002.jpg\",\"width\":960,\"height\":636},{\"@type\":\"BreadcrumbList\",\"@id\":\"https:\\\/\\\/diariotextual.com\\\/inicio\\\/index.php\\\/2023\\\/04\\\/12\\\/diputada-pide-informes-por-la-compra-de-camas-y-colchones-por-62-millones\\\/#breadcrumb\",\"itemListElement\":[{\"@type\":\"ListItem\",\"position\":1,\"name\":\"Portada\",\"item\":\"https:\\\/\\\/diariotextual.com\\\/inicio\\\/\"},{\"@type\":\"ListItem\",\"position\":2,\"name\":\"Diputada pide informes por la compra de camas y colchones por $62 millones\"}]},{\"@type\":\"WebSite\",\"@id\":\"https:\\\/\\\/diariotextual.com\\\/inicio\\\/#website\",\"url\":\"https:\\\/\\\/diariotextual.com\\\/inicio\\\/\",\"name\":\"Diario Textual\",\"description\":\"\",\"publisher\":{\"@id\":\"https:\\\/\\\/diariotextual.com\\\/inicio\\\/#organization\"},\"potentialAction\":[{\"@type\":\"SearchAction\",\"target\":{\"@type\":\"EntryPoint\",\"urlTemplate\":\"https:\\\/\\\/diariotextual.com\\\/inicio\\\/?s={search_term_string}\"},\"query-input\":{\"@type\":\"PropertyValueSpecification\",\"valueRequired\":true,\"valueName\":\"search_term_string\"}}],\"inLanguage\":\"es\"},{\"@type\":\"Organization\",\"@id\":\"https:\\\/\\\/diariotextual.com\\\/inicio\\\/#organization\",\"name\":\"Diario Textual\",\"url\":\"https:\\\/\\\/diariotextual.com\\\/inicio\\\/\",\"logo\":{\"@type\":\"ImageObject\",\"inLanguage\":\"es\",\"@id\":\"https:\\\/\\\/diariotextual.com\\\/inicio\\\/#\\\/schema\\\/logo\\\/image\\\/\",\"url\":\"https:\\\/\\\/diariotextual.com\\\/inicio\\\/wp-content\\\/uploads\\\/2023\\\/05\\\/logotextual1.jpg\",\"contentUrl\":\"https:\\\/\\\/diariotextual.com\\\/inicio\\\/wp-content\\\/uploads\\\/2023\\\/05\\\/logotextual1.jpg\",\"width\":516,\"height\":76,\"caption\":\"Diario Textual\"},\"image\":{\"@id\":\"https:\\\/\\\/diariotextual.com\\\/inicio\\\/#\\\/schema\\\/logo\\\/image\\\/\"},\"sameAs\":[\"https:\\\/\\\/www.facebook.com\\\/eltextual\",\"https:\\\/\\\/x.com\\\/eltextual\",\"http:\\\/\\\/www.instagram.com\\\/eltextual\"]},{\"@type\":\"Person\",\"@id\":\"https:\\\/\\\/diariotextual.com\\\/inicio\\\/#\\\/schema\\\/person\\\/694f60677f23c4a530867a98f22b3768\",\"name\":\"diario2\",\"image\":{\"@type\":\"ImageObject\",\"inLanguage\":\"es\",\"@id\":\"https:\\\/\\\/secure.gravatar.com\\\/avatar\\\/5a2567495ba16b852fcd8f1ed006a2e24fcace936018ed8237e95f488ad6e0a7?s=96&d=mm&r=g\",\"url\":\"https:\\\/\\\/secure.gravatar.com\\\/avatar\\\/5a2567495ba16b852fcd8f1ed006a2e24fcace936018ed8237e95f488ad6e0a7?s=96&d=mm&r=g\",\"contentUrl\":\"https:\\\/\\\/secure.gravatar.com\\\/avatar\\\/5a2567495ba16b852fcd8f1ed006a2e24fcace936018ed8237e95f488ad6e0a7?s=96&d=mm&r=g\",\"caption\":\"diario2\"},\"url\":\"https:\\\/\\\/diariotextual.com\\\/inicio\\\/index.php\\\/author\\\/diario2\\\/\"}]}<\/script>\n<!-- \/ Yoast SEO plugin. -->","yoast_head_json":{"title":"Diputada pide informes por la compra de camas y colchones por $62 millones - Diario Textual","robots":{"index":"index","follow":"follow","max-snippet":"max-snippet:-1","max-image-preview":"max-image-preview:large","max-video-preview":"max-video-preview:-1"},"canonical":"https:\/\/diariotextual.com\/inicio\/index.php\/2023\/04\/12\/diputada-pide-informes-por-la-compra-de-camas-y-colchones-por-62-millones\/","og_locale":"es_ES","og_type":"article","og_title":"Diputada pide informes por la compra de camas y colchones por $62 millones - Diario Textual","og_description":"La diputada radical Andrea Valderrama present\u00f3 en la Legislatura Provincial un pedido de informe al Poder Ejecutivo Provincial y por su intermedio al Ministerio de Desarrollo Social, sobre la Licitaci\u00f3n&hellip;","og_url":"https:\/\/diariotextual.com\/inicio\/index.php\/2023\/04\/12\/diputada-pide-informes-por-la-compra-de-camas-y-colchones-por-62-millones\/","og_site_name":"Diario Textual","article_publisher":"https:\/\/www.facebook.com\/eltextual","article_published_time":"2023-04-12T19:27:30+00:00","article_modified_time":"2023-04-12T22:35:42+00:00","og_image":[{"width":960,"height":636,"url":"https:\/\/diariotextual.com\/inicio\/wp-content\/uploads\/2020\/10\/valderramaandreadiputada2020-0002.jpg","type":"image\/jpeg"}],"author":"diario2","twitter_card":"summary_large_image","twitter_creator":"@eltextual","twitter_site":"@eltextual","twitter_misc":{"Escrito por":"diario2","Tiempo de lectura":"2 minutos"},"schema":{"@context":"https:\/\/schema.org","@graph":[{"@type":"Article","@id":"https:\/\/diariotextual.com\/inicio\/index.php\/2023\/04\/12\/diputada-pide-informes-por-la-compra-de-camas-y-colchones-por-62-millones\/#article","isPartOf":{"@id":"https:\/\/diariotextual.com\/inicio\/index.php\/2023\/04\/12\/diputada-pide-informes-por-la-compra-de-camas-y-colchones-por-62-millones\/"},"author":{"name":"diario2","@id":"https:\/\/diariotextual.com\/inicio\/#\/schema\/person\/694f60677f23c4a530867a98f22b3768"},"headline":"Diputada pide informes por la compra de camas y colchones por $62 millones","datePublished":"2023-04-12T19:27:30+00:00","dateModified":"2023-04-12T22:35:42+00:00","mainEntityOfPage":{"@id":"https:\/\/diariotextual.com\/inicio\/index.php\/2023\/04\/12\/diputada-pide-informes-por-la-compra-de-camas-y-colchones-por-62-millones\/"},"wordCount":285,"publisher":{"@id":"https:\/\/diariotextual.com\/inicio\/#organization"},"image":{"@id":"https:\/\/diariotextual.com\/inicio\/index.php\/2023\/04\/12\/diputada-pide-informes-por-la-compra-de-camas-y-colchones-por-62-millones\/#primaryimage"},"thumbnailUrl":"https:\/\/diariotextual.com\/inicio\/wp-content\/uploads\/2020\/10\/valderramaandreadiputada2020-0002.jpg","articleSection":["A - ES NOTICIA (van abajo)","A - QUE PASA (al costado)","POLITICA"],"inLanguage":"es"},{"@type":"WebPage","@id":"https:\/\/diariotextual.com\/inicio\/index.php\/2023\/04\/12\/diputada-pide-informes-por-la-compra-de-camas-y-colchones-por-62-millones\/","url":"https:\/\/diariotextual.com\/inicio\/index.php\/2023\/04\/12\/diputada-pide-informes-por-la-compra-de-camas-y-colchones-por-62-millones\/","name":"Diputada pide informes por la compra de camas y colchones por $62 millones - Diario Textual","isPartOf":{"@id":"https:\/\/diariotextual.com\/inicio\/#website"},"primaryImageOfPage":{"@id":"https:\/\/diariotextual.com\/inicio\/index.php\/2023\/04\/12\/diputada-pide-informes-por-la-compra-de-camas-y-colchones-por-62-millones\/#primaryimage"},"image":{"@id":"https:\/\/diariotextual.com\/inicio\/index.php\/2023\/04\/12\/diputada-pide-informes-por-la-compra-de-camas-y-colchones-por-62-millones\/#primaryimage"},"thumbnailUrl":"https:\/\/diariotextual.com\/inicio\/wp-content\/uploads\/2020\/10\/valderramaandreadiputada2020-0002.jpg","datePublished":"2023-04-12T19:27:30+00:00","dateModified":"2023-04-12T22:35:42+00:00","breadcrumb":{"@id":"https:\/\/diariotextual.com\/inicio\/index.php\/2023\/04\/12\/diputada-pide-informes-por-la-compra-de-camas-y-colchones-por-62-millones\/#breadcrumb"},"inLanguage":"es","potentialAction":[{"@type":"ReadAction","target":["https:\/\/diariotextual.com\/inicio\/index.php\/2023\/04\/12\/diputada-pide-informes-por-la-compra-de-camas-y-colchones-por-62-millones\/"]}]},{"@type":"ImageObject","inLanguage":"es","@id":"https:\/\/diariotextual.com\/inicio\/index.php\/2023\/04\/12\/diputada-pide-informes-por-la-compra-de-camas-y-colchones-por-62-millones\/#primaryimage","url":"https:\/\/diariotextual.com\/inicio\/wp-content\/uploads\/2020\/10\/valderramaandreadiputada2020-0002.jpg","contentUrl":"https:\/\/diariotextual.com\/inicio\/wp-content\/uploads\/2020\/10\/valderramaandreadiputada2020-0002.jpg","width":960,"height":636},{"@type":"BreadcrumbList","@id":"https:\/\/diariotextual.com\/inicio\/index.php\/2023\/04\/12\/diputada-pide-informes-por-la-compra-de-camas-y-colchones-por-62-millones\/#breadcrumb","itemListElement":[{"@type":"ListItem","position":1,"name":"Portada","item":"https:\/\/diariotextual.com\/inicio\/"},{"@type":"ListItem","position":2,"name":"Diputada pide informes por la compra de camas y colchones por $62 millones"}]},{"@type":"WebSite","@id":"https:\/\/diariotextual.com\/inicio\/#website","url":"https:\/\/diariotextual.com\/inicio\/","name":"Diario Textual","description":"","publisher":{"@id":"https:\/\/diariotextual.com\/inicio\/#organization"},"potentialAction":[{"@type":"SearchAction","target":{"@type":"EntryPoint","urlTemplate":"https:\/\/diariotextual.com\/inicio\/?s={search_term_string}"},"query-input":{"@type":"PropertyValueSpecification","valueRequired":true,"valueName":"search_term_string"}}],"inLanguage":"es"},{"@type":"Organization","@id":"https:\/\/diariotextual.com\/inicio\/#organization","name":"Diario Textual","url":"https:\/\/diariotextual.com\/inicio\/","logo":{"@type":"ImageObject","inLanguage":"es","@id":"https:\/\/diariotextual.com\/inicio\/#\/schema\/logo\/image\/","url":"https:\/\/diariotextual.com\/inicio\/wp-content\/uploads\/2023\/05\/logotextual1.jpg","contentUrl":"https:\/\/diariotextual.com\/inicio\/wp-content\/uploads\/2023\/05\/logotextual1.jpg","width":516,"height":76,"caption":"Diario Textual"},"image":{"@id":"https:\/\/diariotextual.com\/inicio\/#\/schema\/logo\/image\/"},"sameAs":["https:\/\/www.facebook.com\/eltextual","https:\/\/x.com\/eltextual","http:\/\/www.instagram.com\/eltextual"]},{"@type":"Person","@id":"https:\/\/diariotextual.com\/inicio\/#\/schema\/person\/694f60677f23c4a530867a98f22b3768","name":"diario2","image":{"@type":"ImageObject","inLanguage":"es","@id":"https:\/\/secure.gravatar.com\/avatar\/5a2567495ba16b852fcd8f1ed006a2e24fcace936018ed8237e95f488ad6e0a7?s=96&d=mm&r=g","url":"https:\/\/secure.gravatar.com\/avatar\/5a2567495ba16b852fcd8f1ed006a2e24fcace936018ed8237e95f488ad6e0a7?s=96&d=mm&r=g","contentUrl":"https:\/\/secure.gravatar.com\/avatar\/5a2567495ba16b852fcd8f1ed006a2e24fcace936018ed8237e95f488ad6e0a7?s=96&d=mm&r=g","caption":"diario2"},"url":"https:\/\/diariotextual.com\/inicio\/index.php\/author\/diario2\/"}]}},"_links":{"self":[{"href":"https:\/\/diariotextual.com\/inicio\/index.php\/wp-json\/wp\/v2\/posts\/221899","targetHints":{"allow":["GET"]}}],"collection":[{"href":"https:\/\/diariotextual.com\/inicio\/index.php\/wp-json\/wp\/v2\/posts"}],"about":[{"href":"https:\/\/diariotextual.com\/inicio\/index.php\/wp-json\/wp\/v2\/types\/post"}],"author":[{"embeddable":true,"href":"https:\/\/diariotextual.com\/inicio\/index.php\/wp-json\/wp\/v2\/users\/4"}],"replies":[{"embeddable":true,"href":"https:\/\/diariotextual.com\/inicio\/index.php\/wp-json\/wp\/v2\/comments?post=221899"}],"version-history":[{"count":2,"href":"https:\/\/diariotextual.com\/inicio\/index.php\/wp-json\/wp\/v2\/posts\/221899\/revisions"}],"predecessor-version":[{"id":221901,"href":"https:\/\/diariotextual.com\/inicio\/index.php\/wp-json\/wp\/v2\/posts\/221899\/revisions\/221901"}],"wp:featuredmedia":[{"embeddable":true,"href":"https:\/\/diariotextual.com\/inicio\/index.php\/wp-json\/wp\/v2\/media\/115284"}],"wp:attachment":[{"href":"https:\/\/diariotextual.com\/inicio\/index.php\/wp-json\/wp\/v2\/media?parent=221899"}],"wp:term":[{"taxonomy":"category","embeddable":true,"href":"https:\/\/diariotextual.com\/inicio\/index.php\/wp-json\/wp\/v2\/categories?post=221899"},{"taxonomy":"post_tag","embeddable":true,"href":"https:\/\/diariotextual.com\/inicio\/index.php\/wp-json\/wp\/v2\/tags?post=221899"}],"curies":[{"name":"wp","href":"https:\/\/api.w.org\/{rel}","templated":true}]}}