{"id":221912,"date":"2023-04-12T17:03:18","date_gmt":"2023-04-12T20:03:18","guid":{"rendered":"https:\/\/diariotextual.com\/inicio\/?p=221912"},"modified":"2023-04-12T17:04:12","modified_gmt":"2023-04-12T20:04:12","slug":"santa-rosa-secuestran-camioneta-que-habia-sido-robada-en-la-plata-y-tenia-pedido-de-secuestro","status":"publish","type":"post","link":"https:\/\/diariotextual.com\/inicio\/index.php\/2023\/04\/12\/santa-rosa-secuestran-camioneta-que-habia-sido-robada-en-la-plata-y-tenia-pedido-de-secuestro\/","title":{"rendered":"Santa Rosa: secuestran camioneta que hab\u00eda sido robada en La Plata"},"content":{"rendered":"\n<p>La Polic\u00eda secuestr\u00f3 este mi\u00e9rcoles en Santa Rosa una camioneta todo terreno que hab\u00eda sido<strong> robada en La Plata y ten\u00eda pedido de secuestro desde el a\u00f1o 2022.<\/strong><\/p>\n\n\n\n<p>Se trata de un veh\u00edculo tipo todo terreno Toyota SW4, 4&#215;4 SRX que se comprob\u00f3 presentaba c\u00e9dula de identificaci\u00f3n del automotor y ambas placas patentes ap\u00f3crifas, n\u00famero de chasis y motor at\u00edpicos, entre otras anormalidades.<\/p>\n\n\n\n<p><strong>El rodado hab\u00eda sido adquirido de buena fe por un vecino de Toay<\/strong> y anteriormente hab\u00eda sido comprado en la provincia de Mendoza. Por otros indicios, aunque faltan pericias que realizar, la Polic\u00eda inform\u00f3 que se estar\u00eda en presencia de un rodado con pedido de secuestro del mes de octubre del a\u00f1o 2022, sustra\u00eddo en la ciudad de La Plata.\u00a0<\/p>\n\n\n\n<p>Por el hecho se iniciaron actuaciones judiciales con intervenci\u00f3n de la Fiscal\u00eda de Delitos Econ\u00f3micos y contra la Administraci\u00f3n P\u00fablica.<\/p>\n","protected":false},"excerpt":{"rendered":"<p>La Polic\u00eda secuestr\u00f3 este mi\u00e9rcoles en Santa Rosa una camioneta todo terreno que hab\u00eda sido robada en La Plata y ten\u00eda pedido de secuestro desde el a\u00f1o 2022. Se trata&hellip;<\/p>\n","protected":false},"author":4,"featured_media":221913,"comment_status":"closed","ping_status":"open","sticky":false,"template":"","format":"standard","meta":{"_acf_changed":false,"footnotes":""},"categories":[1,12],"tags":[],"class_list":["post-221912","post","type-post","status-publish","format-standard","has-post-thumbnail","hentry","category-es-noticia","category-sociedad"],"acf":[],"yoast_head":"<!-- This site is optimized with the Yoast SEO plugin v27.5 - https:\/\/yoast.com\/product\/yoast-seo-wordpress\/ -->\n<title>Santa Rosa: secuestran camioneta que hab\u00eda sido robada en La Plata - Diario Textual<\/title>\n<meta name=\"robots\" content=\"index, follow, max-snippet:-1, max-image-preview:large, max-video-preview:-1\" \/>\n<link rel=\"canonical\" href=\"https:\/\/diariotextual.com\/inicio\/index.php\/2023\/04\/12\/santa-rosa-secuestran-camioneta-que-habia-sido-robada-en-la-plata-y-tenia-pedido-de-secuestro\/\" \/>\n<meta property=\"og:locale\" content=\"es_ES\" \/>\n<meta property=\"og:type\" content=\"article\" \/>\n<meta property=\"og:title\" content=\"Santa Rosa: secuestran camioneta que hab\u00eda sido robada en La Plata - Diario Textual\" \/>\n<meta property=\"og:description\" content=\"La Polic\u00eda secuestr\u00f3 este mi\u00e9rcoles en Santa Rosa una camioneta todo terreno que hab\u00eda sido robada en La Plata y ten\u00eda pedido de secuestro desde el a\u00f1o 2022. Se trata&hellip;\" \/>\n<meta property=\"og:url\" content=\"https:\/\/diariotextual.com\/inicio\/index.php\/2023\/04\/12\/santa-rosa-secuestran-camioneta-que-habia-sido-robada-en-la-plata-y-tenia-pedido-de-secuestro\/\" \/>\n<meta property=\"og:site_name\" content=\"Diario Textual\" \/>\n<meta property=\"article:publisher\" content=\"https:\/\/www.facebook.com\/eltextual\" \/>\n<meta property=\"article:published_time\" content=\"2023-04-12T20:03:18+00:00\" \/>\n<meta property=\"article:modified_time\" content=\"2023-04-12T20:04:12+00:00\" \/>\n<meta property=\"og:image\" content=\"https:\/\/diariotextual.com\/inicio\/wp-content\/uploads\/2023\/04\/toyotasecuestradarobadatoay54.jpg\" \/>\n\t<meta property=\"og:image:width\" content=\"1191\" \/>\n\t<meta property=\"og:image:height\" content=\"454\" \/>\n\t<meta property=\"og:image:type\" content=\"image\/jpeg\" \/>\n<meta name=\"author\" content=\"diario2\" \/>\n<meta name=\"twitter:card\" content=\"summary_large_image\" \/>\n<meta name=\"twitter:creator\" content=\"@eltextual\" \/>\n<meta name=\"twitter:site\" content=\"@eltextual\" \/>\n<meta name=\"twitter:label1\" content=\"Escrito por\" \/>\n\t<meta name=\"twitter:data1\" content=\"diario2\" \/>\n\t<meta name=\"twitter:label2\" content=\"Tiempo de lectura\" \/>\n\t<meta name=\"twitter:data2\" content=\"1 minuto\" \/>\n<script type=\"application\/ld+json\" class=\"yoast-schema-graph\">{\"@context\":\"https:\\\/\\\/schema.org\",\"@graph\":[{\"@type\":\"Article\",\"@id\":\"https:\\\/\\\/diariotextual.com\\\/inicio\\\/index.php\\\/2023\\\/04\\\/12\\\/santa-rosa-secuestran-camioneta-que-habia-sido-robada-en-la-plata-y-tenia-pedido-de-secuestro\\\/#article\",\"isPartOf\":{\"@id\":\"https:\\\/\\\/diariotextual.com\\\/inicio\\\/index.php\\\/2023\\\/04\\\/12\\\/santa-rosa-secuestran-camioneta-que-habia-sido-robada-en-la-plata-y-tenia-pedido-de-secuestro\\\/\"},\"author\":{\"name\":\"diario2\",\"@id\":\"https:\\\/\\\/diariotextual.com\\\/inicio\\\/#\\\/schema\\\/person\\\/694f60677f23c4a530867a98f22b3768\"},\"headline\":\"Santa Rosa: secuestran camioneta que hab\u00eda sido robada en La Plata\",\"datePublished\":\"2023-04-12T20:03:18+00:00\",\"dateModified\":\"2023-04-12T20:04:12+00:00\",\"mainEntityOfPage\":{\"@id\":\"https:\\\/\\\/diariotextual.com\\\/inicio\\\/index.php\\\/2023\\\/04\\\/12\\\/santa-rosa-secuestran-camioneta-que-habia-sido-robada-en-la-plata-y-tenia-pedido-de-secuestro\\\/\"},\"wordCount\":175,\"publisher\":{\"@id\":\"https:\\\/\\\/diariotextual.com\\\/inicio\\\/#organization\"},\"image\":{\"@id\":\"https:\\\/\\\/diariotextual.com\\\/inicio\\\/index.php\\\/2023\\\/04\\\/12\\\/santa-rosa-secuestran-camioneta-que-habia-sido-robada-en-la-plata-y-tenia-pedido-de-secuestro\\\/#primaryimage\"},\"thumbnailUrl\":\"https:\\\/\\\/diariotextual.com\\\/inicio\\\/wp-content\\\/uploads\\\/2023\\\/04\\\/toyotasecuestradarobadatoay54.jpg\",\"articleSection\":[\"A - ES NOTICIA (van abajo)\",\"SOCIEDAD\"],\"inLanguage\":\"es\"},{\"@type\":\"WebPage\",\"@id\":\"https:\\\/\\\/diariotextual.com\\\/inicio\\\/index.php\\\/2023\\\/04\\\/12\\\/santa-rosa-secuestran-camioneta-que-habia-sido-robada-en-la-plata-y-tenia-pedido-de-secuestro\\\/\",\"url\":\"https:\\\/\\\/diariotextual.com\\\/inicio\\\/index.php\\\/2023\\\/04\\\/12\\\/santa-rosa-secuestran-camioneta-que-habia-sido-robada-en-la-plata-y-tenia-pedido-de-secuestro\\\/\",\"name\":\"Santa Rosa: secuestran camioneta que hab\u00eda sido robada en La Plata - Diario Textual\",\"isPartOf\":{\"@id\":\"https:\\\/\\\/diariotextual.com\\\/inicio\\\/#website\"},\"primaryImageOfPage\":{\"@id\":\"https:\\\/\\\/diariotextual.com\\\/inicio\\\/index.php\\\/2023\\\/04\\\/12\\\/santa-rosa-secuestran-camioneta-que-habia-sido-robada-en-la-plata-y-tenia-pedido-de-secuestro\\\/#primaryimage\"},\"image\":{\"@id\":\"https:\\\/\\\/diariotextual.com\\\/inicio\\\/index.php\\\/2023\\\/04\\\/12\\\/santa-rosa-secuestran-camioneta-que-habia-sido-robada-en-la-plata-y-tenia-pedido-de-secuestro\\\/#primaryimage\"},\"thumbnailUrl\":\"https:\\\/\\\/diariotextual.com\\\/inicio\\\/wp-content\\\/uploads\\\/2023\\\/04\\\/toyotasecuestradarobadatoay54.jpg\",\"datePublished\":\"2023-04-12T20:03:18+00:00\",\"dateModified\":\"2023-04-12T20:04:12+00:00\",\"breadcrumb\":{\"@id\":\"https:\\\/\\\/diariotextual.com\\\/inicio\\\/index.php\\\/2023\\\/04\\\/12\\\/santa-rosa-secuestran-camioneta-que-habia-sido-robada-en-la-plata-y-tenia-pedido-de-secuestro\\\/#breadcrumb\"},\"inLanguage\":\"es\",\"potentialAction\":[{\"@type\":\"ReadAction\",\"target\":[\"https:\\\/\\\/diariotextual.com\\\/inicio\\\/index.php\\\/2023\\\/04\\\/12\\\/santa-rosa-secuestran-camioneta-que-habia-sido-robada-en-la-plata-y-tenia-pedido-de-secuestro\\\/\"]}]},{\"@type\":\"ImageObject\",\"inLanguage\":\"es\",\"@id\":\"https:\\\/\\\/diariotextual.com\\\/inicio\\\/index.php\\\/2023\\\/04\\\/12\\\/santa-rosa-secuestran-camioneta-que-habia-sido-robada-en-la-plata-y-tenia-pedido-de-secuestro\\\/#primaryimage\",\"url\":\"https:\\\/\\\/diariotextual.com\\\/inicio\\\/wp-content\\\/uploads\\\/2023\\\/04\\\/toyotasecuestradarobadatoay54.jpg\",\"contentUrl\":\"https:\\\/\\\/diariotextual.com\\\/inicio\\\/wp-content\\\/uploads\\\/2023\\\/04\\\/toyotasecuestradarobadatoay54.jpg\",\"width\":1191,\"height\":454},{\"@type\":\"BreadcrumbList\",\"@id\":\"https:\\\/\\\/diariotextual.com\\\/inicio\\\/index.php\\\/2023\\\/04\\\/12\\\/santa-rosa-secuestran-camioneta-que-habia-sido-robada-en-la-plata-y-tenia-pedido-de-secuestro\\\/#breadcrumb\",\"itemListElement\":[{\"@type\":\"ListItem\",\"position\":1,\"name\":\"Portada\",\"item\":\"https:\\\/\\\/diariotextual.com\\\/inicio\\\/\"},{\"@type\":\"ListItem\",\"position\":2,\"name\":\"Santa Rosa: secuestran camioneta que hab\u00eda sido robada en La Plata\"}]},{\"@type\":\"WebSite\",\"@id\":\"https:\\\/\\\/diariotextual.com\\\/inicio\\\/#website\",\"url\":\"https:\\\/\\\/diariotextual.com\\\/inicio\\\/\",\"name\":\"Diario Textual\",\"description\":\"\",\"publisher\":{\"@id\":\"https:\\\/\\\/diariotextual.com\\\/inicio\\\/#organization\"},\"potentialAction\":[{\"@type\":\"SearchAction\",\"target\":{\"@type\":\"EntryPoint\",\"urlTemplate\":\"https:\\\/\\\/diariotextual.com\\\/inicio\\\/?s={search_term_string}\"},\"query-input\":{\"@type\":\"PropertyValueSpecification\",\"valueRequired\":true,\"valueName\":\"search_term_string\"}}],\"inLanguage\":\"es\"},{\"@type\":\"Organization\",\"@id\":\"https:\\\/\\\/diariotextual.com\\\/inicio\\\/#organization\",\"name\":\"Diario Textual\",\"url\":\"https:\\\/\\\/diariotextual.com\\\/inicio\\\/\",\"logo\":{\"@type\":\"ImageObject\",\"inLanguage\":\"es\",\"@id\":\"https:\\\/\\\/diariotextual.com\\\/inicio\\\/#\\\/schema\\\/logo\\\/image\\\/\",\"url\":\"https:\\\/\\\/diariotextual.com\\\/inicio\\\/wp-content\\\/uploads\\\/2023\\\/05\\\/logotextual1.jpg\",\"contentUrl\":\"https:\\\/\\\/diariotextual.com\\\/inicio\\\/wp-content\\\/uploads\\\/2023\\\/05\\\/logotextual1.jpg\",\"width\":516,\"height\":76,\"caption\":\"Diario Textual\"},\"image\":{\"@id\":\"https:\\\/\\\/diariotextual.com\\\/inicio\\\/#\\\/schema\\\/logo\\\/image\\\/\"},\"sameAs\":[\"https:\\\/\\\/www.facebook.com\\\/eltextual\",\"https:\\\/\\\/x.com\\\/eltextual\",\"http:\\\/\\\/www.instagram.com\\\/eltextual\"]},{\"@type\":\"Person\",\"@id\":\"https:\\\/\\\/diariotextual.com\\\/inicio\\\/#\\\/schema\\\/person\\\/694f60677f23c4a530867a98f22b3768\",\"name\":\"diario2\",\"image\":{\"@type\":\"ImageObject\",\"inLanguage\":\"es\",\"@id\":\"https:\\\/\\\/secure.gravatar.com\\\/avatar\\\/5a2567495ba16b852fcd8f1ed006a2e24fcace936018ed8237e95f488ad6e0a7?s=96&d=mm&r=g\",\"url\":\"https:\\\/\\\/secure.gravatar.com\\\/avatar\\\/5a2567495ba16b852fcd8f1ed006a2e24fcace936018ed8237e95f488ad6e0a7?s=96&d=mm&r=g\",\"contentUrl\":\"https:\\\/\\\/secure.gravatar.com\\\/avatar\\\/5a2567495ba16b852fcd8f1ed006a2e24fcace936018ed8237e95f488ad6e0a7?s=96&d=mm&r=g\",\"caption\":\"diario2\"},\"url\":\"https:\\\/\\\/diariotextual.com\\\/inicio\\\/index.php\\\/author\\\/diario2\\\/\"}]}<\/script>\n<!-- \/ Yoast SEO plugin. -->","yoast_head_json":{"title":"Santa Rosa: secuestran camioneta que hab\u00eda sido robada en La Plata - Diario Textual","robots":{"index":"index","follow":"follow","max-snippet":"max-snippet:-1","max-image-preview":"max-image-preview:large","max-video-preview":"max-video-preview:-1"},"canonical":"https:\/\/diariotextual.com\/inicio\/index.php\/2023\/04\/12\/santa-rosa-secuestran-camioneta-que-habia-sido-robada-en-la-plata-y-tenia-pedido-de-secuestro\/","og_locale":"es_ES","og_type":"article","og_title":"Santa Rosa: secuestran camioneta que hab\u00eda sido robada en La Plata - Diario Textual","og_description":"La Polic\u00eda secuestr\u00f3 este mi\u00e9rcoles en Santa Rosa una camioneta todo terreno que hab\u00eda sido robada en La Plata y ten\u00eda pedido de secuestro desde el a\u00f1o 2022. Se trata&hellip;","og_url":"https:\/\/diariotextual.com\/inicio\/index.php\/2023\/04\/12\/santa-rosa-secuestran-camioneta-que-habia-sido-robada-en-la-plata-y-tenia-pedido-de-secuestro\/","og_site_name":"Diario Textual","article_publisher":"https:\/\/www.facebook.com\/eltextual","article_published_time":"2023-04-12T20:03:18+00:00","article_modified_time":"2023-04-12T20:04:12+00:00","og_image":[{"width":1191,"height":454,"url":"https:\/\/diariotextual.com\/inicio\/wp-content\/uploads\/2023\/04\/toyotasecuestradarobadatoay54.jpg","type":"image\/jpeg"}],"author":"diario2","twitter_card":"summary_large_image","twitter_creator":"@eltextual","twitter_site":"@eltextual","twitter_misc":{"Escrito por":"diario2","Tiempo de lectura":"1 minuto"},"schema":{"@context":"https:\/\/schema.org","@graph":[{"@type":"Article","@id":"https:\/\/diariotextual.com\/inicio\/index.php\/2023\/04\/12\/santa-rosa-secuestran-camioneta-que-habia-sido-robada-en-la-plata-y-tenia-pedido-de-secuestro\/#article","isPartOf":{"@id":"https:\/\/diariotextual.com\/inicio\/index.php\/2023\/04\/12\/santa-rosa-secuestran-camioneta-que-habia-sido-robada-en-la-plata-y-tenia-pedido-de-secuestro\/"},"author":{"name":"diario2","@id":"https:\/\/diariotextual.com\/inicio\/#\/schema\/person\/694f60677f23c4a530867a98f22b3768"},"headline":"Santa Rosa: secuestran camioneta que hab\u00eda sido robada en La Plata","datePublished":"2023-04-12T20:03:18+00:00","dateModified":"2023-04-12T20:04:12+00:00","mainEntityOfPage":{"@id":"https:\/\/diariotextual.com\/inicio\/index.php\/2023\/04\/12\/santa-rosa-secuestran-camioneta-que-habia-sido-robada-en-la-plata-y-tenia-pedido-de-secuestro\/"},"wordCount":175,"publisher":{"@id":"https:\/\/diariotextual.com\/inicio\/#organization"},"image":{"@id":"https:\/\/diariotextual.com\/inicio\/index.php\/2023\/04\/12\/santa-rosa-secuestran-camioneta-que-habia-sido-robada-en-la-plata-y-tenia-pedido-de-secuestro\/#primaryimage"},"thumbnailUrl":"https:\/\/diariotextual.com\/inicio\/wp-content\/uploads\/2023\/04\/toyotasecuestradarobadatoay54.jpg","articleSection":["A - ES NOTICIA (van abajo)","SOCIEDAD"],"inLanguage":"es"},{"@type":"WebPage","@id":"https:\/\/diariotextual.com\/inicio\/index.php\/2023\/04\/12\/santa-rosa-secuestran-camioneta-que-habia-sido-robada-en-la-plata-y-tenia-pedido-de-secuestro\/","url":"https:\/\/diariotextual.com\/inicio\/index.php\/2023\/04\/12\/santa-rosa-secuestran-camioneta-que-habia-sido-robada-en-la-plata-y-tenia-pedido-de-secuestro\/","name":"Santa Rosa: secuestran camioneta que hab\u00eda sido robada en La Plata - Diario Textual","isPartOf":{"@id":"https:\/\/diariotextual.com\/inicio\/#website"},"primaryImageOfPage":{"@id":"https:\/\/diariotextual.com\/inicio\/index.php\/2023\/04\/12\/santa-rosa-secuestran-camioneta-que-habia-sido-robada-en-la-plata-y-tenia-pedido-de-secuestro\/#primaryimage"},"image":{"@id":"https:\/\/diariotextual.com\/inicio\/index.php\/2023\/04\/12\/santa-rosa-secuestran-camioneta-que-habia-sido-robada-en-la-plata-y-tenia-pedido-de-secuestro\/#primaryimage"},"thumbnailUrl":"https:\/\/diariotextual.com\/inicio\/wp-content\/uploads\/2023\/04\/toyotasecuestradarobadatoay54.jpg","datePublished":"2023-04-12T20:03:18+00:00","dateModified":"2023-04-12T20:04:12+00:00","breadcrumb":{"@id":"https:\/\/diariotextual.com\/inicio\/index.php\/2023\/04\/12\/santa-rosa-secuestran-camioneta-que-habia-sido-robada-en-la-plata-y-tenia-pedido-de-secuestro\/#breadcrumb"},"inLanguage":"es","potentialAction":[{"@type":"ReadAction","target":["https:\/\/diariotextual.com\/inicio\/index.php\/2023\/04\/12\/santa-rosa-secuestran-camioneta-que-habia-sido-robada-en-la-plata-y-tenia-pedido-de-secuestro\/"]}]},{"@type":"ImageObject","inLanguage":"es","@id":"https:\/\/diariotextual.com\/inicio\/index.php\/2023\/04\/12\/santa-rosa-secuestran-camioneta-que-habia-sido-robada-en-la-plata-y-tenia-pedido-de-secuestro\/#primaryimage","url":"https:\/\/diariotextual.com\/inicio\/wp-content\/uploads\/2023\/04\/toyotasecuestradarobadatoay54.jpg","contentUrl":"https:\/\/diariotextual.com\/inicio\/wp-content\/uploads\/2023\/04\/toyotasecuestradarobadatoay54.jpg","width":1191,"height":454},{"@type":"BreadcrumbList","@id":"https:\/\/diariotextual.com\/inicio\/index.php\/2023\/04\/12\/santa-rosa-secuestran-camioneta-que-habia-sido-robada-en-la-plata-y-tenia-pedido-de-secuestro\/#breadcrumb","itemListElement":[{"@type":"ListItem","position":1,"name":"Portada","item":"https:\/\/diariotextual.com\/inicio\/"},{"@type":"ListItem","position":2,"name":"Santa Rosa: secuestran camioneta que hab\u00eda sido robada en La Plata"}]},{"@type":"WebSite","@id":"https:\/\/diariotextual.com\/inicio\/#website","url":"https:\/\/diariotextual.com\/inicio\/","name":"Diario Textual","description":"","publisher":{"@id":"https:\/\/diariotextual.com\/inicio\/#organization"},"potentialAction":[{"@type":"SearchAction","target":{"@type":"EntryPoint","urlTemplate":"https:\/\/diariotextual.com\/inicio\/?s={search_term_string}"},"query-input":{"@type":"PropertyValueSpecification","valueRequired":true,"valueName":"search_term_string"}}],"inLanguage":"es"},{"@type":"Organization","@id":"https:\/\/diariotextual.com\/inicio\/#organization","name":"Diario Textual","url":"https:\/\/diariotextual.com\/inicio\/","logo":{"@type":"ImageObject","inLanguage":"es","@id":"https:\/\/diariotextual.com\/inicio\/#\/schema\/logo\/image\/","url":"https:\/\/diariotextual.com\/inicio\/wp-content\/uploads\/2023\/05\/logotextual1.jpg","contentUrl":"https:\/\/diariotextual.com\/inicio\/wp-content\/uploads\/2023\/05\/logotextual1.jpg","width":516,"height":76,"caption":"Diario Textual"},"image":{"@id":"https:\/\/diariotextual.com\/inicio\/#\/schema\/logo\/image\/"},"sameAs":["https:\/\/www.facebook.com\/eltextual","https:\/\/x.com\/eltextual","http:\/\/www.instagram.com\/eltextual"]},{"@type":"Person","@id":"https:\/\/diariotextual.com\/inicio\/#\/schema\/person\/694f60677f23c4a530867a98f22b3768","name":"diario2","image":{"@type":"ImageObject","inLanguage":"es","@id":"https:\/\/secure.gravatar.com\/avatar\/5a2567495ba16b852fcd8f1ed006a2e24fcace936018ed8237e95f488ad6e0a7?s=96&d=mm&r=g","url":"https:\/\/secure.gravatar.com\/avatar\/5a2567495ba16b852fcd8f1ed006a2e24fcace936018ed8237e95f488ad6e0a7?s=96&d=mm&r=g","contentUrl":"https:\/\/secure.gravatar.com\/avatar\/5a2567495ba16b852fcd8f1ed006a2e24fcace936018ed8237e95f488ad6e0a7?s=96&d=mm&r=g","caption":"diario2"},"url":"https:\/\/diariotextual.com\/inicio\/index.php\/author\/diario2\/"}]}},"_links":{"self":[{"href":"https:\/\/diariotextual.com\/inicio\/index.php\/wp-json\/wp\/v2\/posts\/221912","targetHints":{"allow":["GET"]}}],"collection":[{"href":"https:\/\/diariotextual.com\/inicio\/index.php\/wp-json\/wp\/v2\/posts"}],"about":[{"href":"https:\/\/diariotextual.com\/inicio\/index.php\/wp-json\/wp\/v2\/types\/post"}],"author":[{"embeddable":true,"href":"https:\/\/diariotextual.com\/inicio\/index.php\/wp-json\/wp\/v2\/users\/4"}],"replies":[{"embeddable":true,"href":"https:\/\/diariotextual.com\/inicio\/index.php\/wp-json\/wp\/v2\/comments?post=221912"}],"version-history":[{"count":2,"href":"https:\/\/diariotextual.com\/inicio\/index.php\/wp-json\/wp\/v2\/posts\/221912\/revisions"}],"predecessor-version":[{"id":221915,"href":"https:\/\/diariotextual.com\/inicio\/index.php\/wp-json\/wp\/v2\/posts\/221912\/revisions\/221915"}],"wp:featuredmedia":[{"embeddable":true,"href":"https:\/\/diariotextual.com\/inicio\/index.php\/wp-json\/wp\/v2\/media\/221913"}],"wp:attachment":[{"href":"https:\/\/diariotextual.com\/inicio\/index.php\/wp-json\/wp\/v2\/media?parent=221912"}],"wp:term":[{"taxonomy":"category","embeddable":true,"href":"https:\/\/diariotextual.com\/inicio\/index.php\/wp-json\/wp\/v2\/categories?post=221912"},{"taxonomy":"post_tag","embeddable":true,"href":"https:\/\/diariotextual.com\/inicio\/index.php\/wp-json\/wp\/v2\/tags?post=221912"}],"curies":[{"name":"wp","href":"https:\/\/api.w.org\/{rel}","templated":true}]}}