{"id":221970,"date":"2023-04-13T07:35:52","date_gmt":"2023-04-13T10:35:52","guid":{"rendered":"https:\/\/diariotextual.com\/inicio\/?p=221970"},"modified":"2023-04-13T12:41:48","modified_gmt":"2023-04-13T15:41:48","slug":"desplegaron-una-bandera-argentina-en-el-cauce-seco-del-rio-atuel","status":"publish","type":"post","link":"https:\/\/diariotextual.com\/inicio\/index.php\/2023\/04\/13\/desplegaron-una-bandera-argentina-en-el-cauce-seco-del-rio-atuel\/","title":{"rendered":"Mil d\u00edas m\u00e1s sin agua, ni Justicia: desplegaron una bandera argentina en el cauce seco del r\u00edo Atuel"},"content":{"rendered":"\n<p>Al cumplirse esta semana los <strong>1000 d\u00edas del fallo de la Corte Suprema de Justicia de la Naci\u00f3n que obliga a Mendoza a entregar un caudal m\u00ednimo del r\u00edo Atuel a La Pampa<\/strong>, el Gobierno retom\u00f3 por varios frentes y una fuerte impronta de soberan\u00eda, el reclamo de Justicia. <\/p>\n\n\n\n<p><\/p>\n\n\n\n<p>Una de esas acciones tuvo lugar en el cauce seco del r\u00edo en la zona oeste\u00f1a pampeana donde se<strong> despleg\u00f3 la bandera argentina en el cauce seco del Atuel, <\/strong>a la altura del Ca\u00f1averal de Zabala.<\/p>\n\n\n\n<p> All\u00ed convergen las localidades m\u00e1s damnificadas por el ecocidio derivado de las decisiones de los continuos gobiernos de la provincia cuyana.<\/p>\n\n\n\n<p>Tambi\u00e9n, la <strong>actividad de concientizaci\u00f3n y visibilidad<\/strong> hizo base en el Centro C\u00edvico pampeano con una intervenci\u00f3n encomendada por el gobernador Sergio Ziliotto, Fundada en un segmento de la \u201cZamba del r\u00edo robado\u201d (Manuel J. Castilla\/Enrique Fern\u00e1ndez Mend\u00eda) que dice <strong>\u201ccuando cortan el Atuel queda sin agua el Salado; llenos de arena los ojos va lagrimeando el pampeano\u201d<\/strong>. En este caso el Gobierno reiter\u00f3 la necesidad de dar cumplimiento al fallo que fij\u00f3 un caudal m\u00ednimo permanente para el r\u00edo Atuel de 3,2 metros c\u00fabicos por segundo para moderar el da\u00f1o por falta de escurrimiento que sufre la provincia de La Pampa, y que gener\u00f3 el hist\u00f3rico conflicto<\/p>\n\n\n\n<p>A mil 1.000 d\u00edas del incumplimiento del fallo y <strong>como met\u00e1fora del agua negada y de las l\u00e1grimas de las personas sumadas al hist\u00f3rico reclamo, se plantaron 1.000 carteles en forma de gota <\/strong>con la leyenda que define la pertinencia de la demanda y el incumplimiento de la Justicia al no imponer a Mendoza, de forma f\u00e1ctica, la medida central de aquel fallo.<\/p>\n\n\n\n<figure class=\"wp-block-image size-full\"><img fetchpriority=\"high\" decoding=\"async\" width=\"900\" height=\"600\" src=\"https:\/\/diariotextual.com\/inicio\/wp-content\/uploads\/2023\/04\/atuelgotas1000dias4325.jpg\" alt=\"\" class=\"wp-image-221975\" srcset=\"https:\/\/diariotextual.com\/inicio\/wp-content\/uploads\/2023\/04\/atuelgotas1000dias4325.jpg 900w, https:\/\/diariotextual.com\/inicio\/wp-content\/uploads\/2023\/04\/atuelgotas1000dias4325-300x200.jpg 300w, https:\/\/diariotextual.com\/inicio\/wp-content\/uploads\/2023\/04\/atuelgotas1000dias4325-768x512.jpg 768w, https:\/\/diariotextual.com\/inicio\/wp-content\/uploads\/2023\/04\/atuelgotas1000dias4325-585x390.jpg 585w, https:\/\/diariotextual.com\/inicio\/wp-content\/uploads\/2023\/04\/atuelgotas1000dias4325-263x175.jpg 263w\" sizes=\"(max-width: 900px) 100vw, 900px\" \/><\/figure>\n\n\n\n<div style=\"height:100px\" aria-hidden=\"true\" class=\"wp-block-spacer\"><\/div>\n\n\n\n<p><strong>Injusticia<\/strong><\/p>\n\n\n\n<p><strong>\u201c1.000 d\u00edas m\u00e1s sin agua, 1.000 d\u00edas sin justicia\u201d<\/strong>; rezan las leyendas impuestas en una marquesina central de la Gobernaci\u00f3n y en medios nacionales y provinciales. Asimismo, autoridades de la Secretar\u00eda de Recursos H\u00eddricos y de la Subsecretar\u00eda de Ambiente llevaron una bandera argentina gigante para instalar en el cauce seco del r\u00edo robado. La Subsecretar\u00eda de Medios de la Provincia, junto al \u00e1rea de Contenidos, se ocup\u00f3 de la escenificaci\u00f3n de esta met\u00e1fora creativa que conmovi\u00f3 por su dimensi\u00f3n y car\u00e1cter.<\/p>\n\n\n\n<p>El gobernador Ziliotto impuso el tema como central en la agenda pol\u00edtica de la Provincia.<\/p>\n\n\n\n<p>Ante la consulta hecha a Jos\u00e9 P\u00e9rez, subsecretario de Medios, el funcionario explic\u00f3 la necesidad de que la causa permanezca en el coraz\u00f3n de cada pueblo de La Pampa. \u201cSomos responsables de un trabajo de comunicaci\u00f3n representativo de la gesti\u00f3n pol\u00edtica de un Gobierno capaz de trabajar en una causa tan dif\u00edcil, por representar una condena impuesta unilateralmente bajo instancias de ilegalidad y despojo por la provincia vecina de Mendoza. Nos integramos m\u00e1s all\u00e1 de cualquier bandera pol\u00edtica y vamos a seguir haciendo que el reclamo se oiga hasta ver correr el agua en suelo pampeano\u201d, sentenci\u00f3.<\/p>\n\n\n\n<figure class=\"wp-block-image size-full\"><img decoding=\"async\" width=\"900\" height=\"506\" src=\"https:\/\/diariotextual.com\/inicio\/wp-content\/uploads\/2023\/04\/atuelcaucesecobandera1000dias.jpg\" alt=\"\" class=\"wp-image-221973\" srcset=\"https:\/\/diariotextual.com\/inicio\/wp-content\/uploads\/2023\/04\/atuelcaucesecobandera1000dias.jpg 900w, https:\/\/diariotextual.com\/inicio\/wp-content\/uploads\/2023\/04\/atuelcaucesecobandera1000dias-300x169.jpg 300w, https:\/\/diariotextual.com\/inicio\/wp-content\/uploads\/2023\/04\/atuelcaucesecobandera1000dias-768x432.jpg 768w, https:\/\/diariotextual.com\/inicio\/wp-content\/uploads\/2023\/04\/atuelcaucesecobandera1000dias-585x329.jpg 585w\" sizes=\"(max-width: 900px) 100vw, 900px\" \/><\/figure>\n\n\n\n<div style=\"height:100px\" aria-hidden=\"true\" class=\"wp-block-spacer\"><\/div>\n\n\n\n<p><strong>Santa Isabel<\/strong><\/p>\n\n\n\n<p>En la localidad oeste\u00f1a se<strong> despleg\u00f3 la bandera argentina en el cauce seco del Atuel, <\/strong>a la altura del Ca\u00f1averal de Zabala. El marco fue acompa\u00f1ado por el secretario de Recursos H\u00eddricos, N\u00e9stor Lastiri, el subsecretario de Ambiente, Fabi\u00e1n Tittarelli, el presidente de la Direcci\u00f3n Provincial de Vialidad, Rodrigo Cadenas, y los intendentes de Santa Isabel, Guillermo Farana y de Algarrobo del \u00c1guila, Oscar Gatica.<\/p>\n\n\n\n<p>Ya en el terreno los funcionarios provinciales y municipales recorrieron los trabajos de reacondicionamiento del cauce que est\u00e1 realizando Vialidad Provincial. En la jornada tambi\u00e9n participaron funcionarios municipales de ambas localidades, Juanita de Ugalde, en representaci\u00f3n de las asambleas por los r\u00edos y Beatriz Dillon, que tuvo a su cargo del estudio de recomposici\u00f3n del Atuel.<\/p>\n\n\n\n<div style=\"height:100px\" aria-hidden=\"true\" class=\"wp-block-spacer\"><\/div>\n\n\n\n<p><strong>Lastiri<\/strong><\/p>\n\n\n\n<p>\u201cEstamos hoy en el cauce del r\u00edo Atuel, en plena obra de restituci\u00f3n de todo el cauce que facilite el escurrimiento del agua en toda la cuenca, por lo menos en el tramo pampeano. Pero <strong>con la reflexi\u00f3n de que, en estos mil d\u00edas de incumplimiento del fallo por parte de Mendoza, no solo significa un atraso o un incumplimiento, que produce el da\u00f1o ambiental, sino que esto promueve que el da\u00f1o se acreciente y que toda la zona se vea permanentemente afectada por esta situaci\u00f3n tan dram\u00e1tica, ambiental, social y culturalmente que afecta al r\u00edo\u201d, <\/strong>dijo el secretario.<\/p>\n\n\n\n<p>\u201cO sea -continu\u00f3- que debemos seguir reclamando y puntualizando en todos los planos que podamos la lucha del pueblo pampeano, para recuperar el r\u00edo Atuel. Si no, no habr\u00e1 cumplimiento nunca de Mendoza. La instancia es seguir luchando para que se recomponga el da\u00f1o ambiental en toda la cuenca del r\u00edo Atuel con el escurrimiento del agua que nos corresponde\u201d.<\/p>\n\n\n\n<figure class=\"wp-block-image size-full\"><img decoding=\"async\" width=\"840\" height=\"403\" src=\"https:\/\/diariotextual.com\/inicio\/wp-content\/uploads\/2023\/04\/atuelcaucesecobandera1000dias22.jpg\" alt=\"\" class=\"wp-image-221974\" srcset=\"https:\/\/diariotextual.com\/inicio\/wp-content\/uploads\/2023\/04\/atuelcaucesecobandera1000dias22.jpg 840w, https:\/\/diariotextual.com\/inicio\/wp-content\/uploads\/2023\/04\/atuelcaucesecobandera1000dias22-300x144.jpg 300w, https:\/\/diariotextual.com\/inicio\/wp-content\/uploads\/2023\/04\/atuelcaucesecobandera1000dias22-768x368.jpg 768w, https:\/\/diariotextual.com\/inicio\/wp-content\/uploads\/2023\/04\/atuelcaucesecobandera1000dias22-585x281.jpg 585w\" sizes=\"(max-width: 840px) 100vw, 840px\" \/><\/figure>\n\n\n\n<div style=\"height:100px\" aria-hidden=\"true\" class=\"wp-block-spacer\"><\/div>\n\n\n\n<p><strong>Titarelli<\/strong><\/p>\n\n\n\n<p>\u201cSi hay algo que est\u00e1 claro, que la provincia de La Pampa ha mostrado su buena voluntad para tratar de zanjar estas diferencias, empezando a hablar, no de los usos consultivos anteriores del r\u00edo, sino no a partir de la situaci\u00f3n actual y hemos demostrado tambi\u00e9n tener una larga paciencia que van para casi 100 a\u00f1os. Creo que todo tiene un l\u00edmite y esperamos un gesto de la Corte Suprema de la Naci\u00f3n, ya que sabemos que desde el lado mendocino no podemos esperar mucho porque est\u00e1n totalmente negados a compartir el r\u00edo o a mandar los caudales que nos corresponden. Seguiremos luchando y trabajando para que vuelva el r\u00edo a la Provincia, que es lo que queremos todos\u201d.<\/p>\n\n\n\n<p><\/p>\n\n\n\n<figure class=\"wp-block-embed is-type-wp-embed is-provider-diario-textual wp-block-embed-diario-textual\"><div class=\"wp-block-embed__wrapper\">\n<blockquote class=\"wp-embedded-content\" data-secret=\"tRhutvKpVR\"><a href=\"https:\/\/diariotextual.com\/inicio\/index.php\/2023\/04\/12\/el-robo-del-atuel-sigue-se-cumplen-los-mil-dias-del-fallo-de-la-corte\/\">El robo del Atuel sigue: se cumplen mil d\u00edas del fallo de la Corte<\/a><\/blockquote><iframe class=\"wp-embedded-content\" sandbox=\"allow-scripts\" security=\"restricted\" style=\"position: absolute; clip: rect(1px, 1px, 1px, 1px);\" title=\"\u00abEl robo del Atuel sigue: se cumplen mil d\u00edas del fallo de la Corte\u00bb \u2014 Diario Textual\" src=\"https:\/\/diariotextual.com\/inicio\/index.php\/2023\/04\/12\/el-robo-del-atuel-sigue-se-cumplen-los-mil-dias-del-fallo-de-la-corte\/embed\/#?secret=7rR6pjMCOS#?secret=tRhutvKpVR\" data-secret=\"tRhutvKpVR\" width=\"600\" height=\"338\" frameborder=\"0\" marginwidth=\"0\" marginheight=\"0\" scrolling=\"no\"><\/iframe>\n<\/div><\/figure>\n","protected":false},"excerpt":{"rendered":"<p>Al cumplirse esta semana los 1000 d\u00edas del fallo de la Corte Suprema de Justicia de la Naci\u00f3n que obliga a Mendoza a entregar un caudal m\u00ednimo del r\u00edo Atuel&hellip;<\/p>\n","protected":false},"author":4,"featured_media":221972,"comment_status":"closed","ping_status":"open","sticky":false,"template":"","format":"standard","meta":{"_acf_changed":false,"footnotes":""},"categories":[1,11,8],"tags":[],"class_list":["post-221970","post","type-post","status-publish","format-standard","has-post-thumbnail","hentry","category-es-noticia","category-que-pasa","category-politica"],"acf":[],"yoast_head":"<!-- This site is optimized with the Yoast SEO plugin v27.5 - https:\/\/yoast.com\/product\/yoast-seo-wordpress\/ -->\n<title>Mil d\u00edas m\u00e1s sin agua, ni Justicia: desplegaron una bandera argentina en el cauce seco del r\u00edo Atuel - Diario Textual<\/title>\n<meta name=\"robots\" content=\"index, follow, max-snippet:-1, max-image-preview:large, max-video-preview:-1\" \/>\n<link rel=\"canonical\" href=\"https:\/\/diariotextual.com\/inicio\/index.php\/2023\/04\/13\/desplegaron-una-bandera-argentina-en-el-cauce-seco-del-rio-atuel\/\" \/>\n<meta property=\"og:locale\" content=\"es_ES\" \/>\n<meta property=\"og:type\" content=\"article\" \/>\n<meta property=\"og:title\" content=\"Mil d\u00edas m\u00e1s sin agua, ni Justicia: desplegaron una bandera argentina en el cauce seco del r\u00edo Atuel - Diario Textual\" \/>\n<meta property=\"og:description\" content=\"Al cumplirse esta semana los 1000 d\u00edas del fallo de la Corte Suprema de Justicia de la Naci\u00f3n que obliga a Mendoza a entregar un caudal m\u00ednimo del r\u00edo Atuel&hellip;\" \/>\n<meta property=\"og:url\" content=\"https:\/\/diariotextual.com\/inicio\/index.php\/2023\/04\/13\/desplegaron-una-bandera-argentina-en-el-cauce-seco-del-rio-atuel\/\" \/>\n<meta property=\"og:site_name\" content=\"Diario Textual\" \/>\n<meta property=\"article:publisher\" content=\"https:\/\/www.facebook.com\/eltextual\" \/>\n<meta property=\"article:published_time\" content=\"2023-04-13T10:35:52+00:00\" \/>\n<meta property=\"article:modified_time\" content=\"2023-04-13T15:41:48+00:00\" \/>\n<meta property=\"og:image\" content=\"https:\/\/diariotextual.com\/inicio\/wp-content\/uploads\/2023\/04\/atuelbanderacauceseco1000dias.jpg\" \/>\n\t<meta property=\"og:image:width\" content=\"900\" \/>\n\t<meta property=\"og:image:height\" content=\"451\" \/>\n\t<meta property=\"og:image:type\" content=\"image\/jpeg\" \/>\n<meta name=\"author\" content=\"diario2\" \/>\n<meta name=\"twitter:card\" content=\"summary_large_image\" \/>\n<meta name=\"twitter:creator\" content=\"@eltextual\" \/>\n<meta name=\"twitter:site\" content=\"@eltextual\" \/>\n<meta name=\"twitter:label1\" content=\"Escrito por\" \/>\n\t<meta name=\"twitter:data1\" content=\"diario2\" \/>\n\t<meta name=\"twitter:label2\" content=\"Tiempo de lectura\" \/>\n\t<meta name=\"twitter:data2\" content=\"5 minutos\" \/>\n<script type=\"application\/ld+json\" class=\"yoast-schema-graph\">{\"@context\":\"https:\\\/\\\/schema.org\",\"@graph\":[{\"@type\":\"Article\",\"@id\":\"https:\\\/\\\/diariotextual.com\\\/inicio\\\/index.php\\\/2023\\\/04\\\/13\\\/desplegaron-una-bandera-argentina-en-el-cauce-seco-del-rio-atuel\\\/#article\",\"isPartOf\":{\"@id\":\"https:\\\/\\\/diariotextual.com\\\/inicio\\\/index.php\\\/2023\\\/04\\\/13\\\/desplegaron-una-bandera-argentina-en-el-cauce-seco-del-rio-atuel\\\/\"},\"author\":{\"name\":\"diario2\",\"@id\":\"https:\\\/\\\/diariotextual.com\\\/inicio\\\/#\\\/schema\\\/person\\\/694f60677f23c4a530867a98f22b3768\"},\"headline\":\"Mil d\u00edas m\u00e1s sin agua, ni Justicia: desplegaron una bandera argentina en el cauce seco del r\u00edo Atuel\",\"datePublished\":\"2023-04-13T10:35:52+00:00\",\"dateModified\":\"2023-04-13T15:41:48+00:00\",\"mainEntityOfPage\":{\"@id\":\"https:\\\/\\\/diariotextual.com\\\/inicio\\\/index.php\\\/2023\\\/04\\\/13\\\/desplegaron-una-bandera-argentina-en-el-cauce-seco-del-rio-atuel\\\/\"},\"wordCount\":978,\"publisher\":{\"@id\":\"https:\\\/\\\/diariotextual.com\\\/inicio\\\/#organization\"},\"image\":{\"@id\":\"https:\\\/\\\/diariotextual.com\\\/inicio\\\/index.php\\\/2023\\\/04\\\/13\\\/desplegaron-una-bandera-argentina-en-el-cauce-seco-del-rio-atuel\\\/#primaryimage\"},\"thumbnailUrl\":\"https:\\\/\\\/diariotextual.com\\\/inicio\\\/wp-content\\\/uploads\\\/2023\\\/04\\\/atuelbanderacauceseco1000dias.jpg\",\"articleSection\":[\"A - ES NOTICIA (van abajo)\",\"A - QUE PASA (al costado)\",\"POLITICA\"],\"inLanguage\":\"es\"},{\"@type\":\"WebPage\",\"@id\":\"https:\\\/\\\/diariotextual.com\\\/inicio\\\/index.php\\\/2023\\\/04\\\/13\\\/desplegaron-una-bandera-argentina-en-el-cauce-seco-del-rio-atuel\\\/\",\"url\":\"https:\\\/\\\/diariotextual.com\\\/inicio\\\/index.php\\\/2023\\\/04\\\/13\\\/desplegaron-una-bandera-argentina-en-el-cauce-seco-del-rio-atuel\\\/\",\"name\":\"Mil d\u00edas m\u00e1s sin agua, ni Justicia: desplegaron una bandera argentina en el cauce seco del r\u00edo Atuel - Diario Textual\",\"isPartOf\":{\"@id\":\"https:\\\/\\\/diariotextual.com\\\/inicio\\\/#website\"},\"primaryImageOfPage\":{\"@id\":\"https:\\\/\\\/diariotextual.com\\\/inicio\\\/index.php\\\/2023\\\/04\\\/13\\\/desplegaron-una-bandera-argentina-en-el-cauce-seco-del-rio-atuel\\\/#primaryimage\"},\"image\":{\"@id\":\"https:\\\/\\\/diariotextual.com\\\/inicio\\\/index.php\\\/2023\\\/04\\\/13\\\/desplegaron-una-bandera-argentina-en-el-cauce-seco-del-rio-atuel\\\/#primaryimage\"},\"thumbnailUrl\":\"https:\\\/\\\/diariotextual.com\\\/inicio\\\/wp-content\\\/uploads\\\/2023\\\/04\\\/atuelbanderacauceseco1000dias.jpg\",\"datePublished\":\"2023-04-13T10:35:52+00:00\",\"dateModified\":\"2023-04-13T15:41:48+00:00\",\"breadcrumb\":{\"@id\":\"https:\\\/\\\/diariotextual.com\\\/inicio\\\/index.php\\\/2023\\\/04\\\/13\\\/desplegaron-una-bandera-argentina-en-el-cauce-seco-del-rio-atuel\\\/#breadcrumb\"},\"inLanguage\":\"es\",\"potentialAction\":[{\"@type\":\"ReadAction\",\"target\":[\"https:\\\/\\\/diariotextual.com\\\/inicio\\\/index.php\\\/2023\\\/04\\\/13\\\/desplegaron-una-bandera-argentina-en-el-cauce-seco-del-rio-atuel\\\/\"]}]},{\"@type\":\"ImageObject\",\"inLanguage\":\"es\",\"@id\":\"https:\\\/\\\/diariotextual.com\\\/inicio\\\/index.php\\\/2023\\\/04\\\/13\\\/desplegaron-una-bandera-argentina-en-el-cauce-seco-del-rio-atuel\\\/#primaryimage\",\"url\":\"https:\\\/\\\/diariotextual.com\\\/inicio\\\/wp-content\\\/uploads\\\/2023\\\/04\\\/atuelbanderacauceseco1000dias.jpg\",\"contentUrl\":\"https:\\\/\\\/diariotextual.com\\\/inicio\\\/wp-content\\\/uploads\\\/2023\\\/04\\\/atuelbanderacauceseco1000dias.jpg\",\"width\":900,\"height\":451},{\"@type\":\"BreadcrumbList\",\"@id\":\"https:\\\/\\\/diariotextual.com\\\/inicio\\\/index.php\\\/2023\\\/04\\\/13\\\/desplegaron-una-bandera-argentina-en-el-cauce-seco-del-rio-atuel\\\/#breadcrumb\",\"itemListElement\":[{\"@type\":\"ListItem\",\"position\":1,\"name\":\"Portada\",\"item\":\"https:\\\/\\\/diariotextual.com\\\/inicio\\\/\"},{\"@type\":\"ListItem\",\"position\":2,\"name\":\"Mil d\u00edas m\u00e1s sin agua, ni Justicia: desplegaron una bandera argentina en el cauce seco del r\u00edo Atuel\"}]},{\"@type\":\"WebSite\",\"@id\":\"https:\\\/\\\/diariotextual.com\\\/inicio\\\/#website\",\"url\":\"https:\\\/\\\/diariotextual.com\\\/inicio\\\/\",\"name\":\"Diario Textual\",\"description\":\"\",\"publisher\":{\"@id\":\"https:\\\/\\\/diariotextual.com\\\/inicio\\\/#organization\"},\"potentialAction\":[{\"@type\":\"SearchAction\",\"target\":{\"@type\":\"EntryPoint\",\"urlTemplate\":\"https:\\\/\\\/diariotextual.com\\\/inicio\\\/?s={search_term_string}\"},\"query-input\":{\"@type\":\"PropertyValueSpecification\",\"valueRequired\":true,\"valueName\":\"search_term_string\"}}],\"inLanguage\":\"es\"},{\"@type\":\"Organization\",\"@id\":\"https:\\\/\\\/diariotextual.com\\\/inicio\\\/#organization\",\"name\":\"Diario Textual\",\"url\":\"https:\\\/\\\/diariotextual.com\\\/inicio\\\/\",\"logo\":{\"@type\":\"ImageObject\",\"inLanguage\":\"es\",\"@id\":\"https:\\\/\\\/diariotextual.com\\\/inicio\\\/#\\\/schema\\\/logo\\\/image\\\/\",\"url\":\"https:\\\/\\\/diariotextual.com\\\/inicio\\\/wp-content\\\/uploads\\\/2023\\\/05\\\/logotextual1.jpg\",\"contentUrl\":\"https:\\\/\\\/diariotextual.com\\\/inicio\\\/wp-content\\\/uploads\\\/2023\\\/05\\\/logotextual1.jpg\",\"width\":516,\"height\":76,\"caption\":\"Diario Textual\"},\"image\":{\"@id\":\"https:\\\/\\\/diariotextual.com\\\/inicio\\\/#\\\/schema\\\/logo\\\/image\\\/\"},\"sameAs\":[\"https:\\\/\\\/www.facebook.com\\\/eltextual\",\"https:\\\/\\\/x.com\\\/eltextual\",\"http:\\\/\\\/www.instagram.com\\\/eltextual\"]},{\"@type\":\"Person\",\"@id\":\"https:\\\/\\\/diariotextual.com\\\/inicio\\\/#\\\/schema\\\/person\\\/694f60677f23c4a530867a98f22b3768\",\"name\":\"diario2\",\"image\":{\"@type\":\"ImageObject\",\"inLanguage\":\"es\",\"@id\":\"https:\\\/\\\/secure.gravatar.com\\\/avatar\\\/5a2567495ba16b852fcd8f1ed006a2e24fcace936018ed8237e95f488ad6e0a7?s=96&d=mm&r=g\",\"url\":\"https:\\\/\\\/secure.gravatar.com\\\/avatar\\\/5a2567495ba16b852fcd8f1ed006a2e24fcace936018ed8237e95f488ad6e0a7?s=96&d=mm&r=g\",\"contentUrl\":\"https:\\\/\\\/secure.gravatar.com\\\/avatar\\\/5a2567495ba16b852fcd8f1ed006a2e24fcace936018ed8237e95f488ad6e0a7?s=96&d=mm&r=g\",\"caption\":\"diario2\"},\"url\":\"https:\\\/\\\/diariotextual.com\\\/inicio\\\/index.php\\\/author\\\/diario2\\\/\"}]}<\/script>\n<!-- \/ Yoast SEO plugin. -->","yoast_head_json":{"title":"Mil d\u00edas m\u00e1s sin agua, ni Justicia: desplegaron una bandera argentina en el cauce seco del r\u00edo Atuel - Diario Textual","robots":{"index":"index","follow":"follow","max-snippet":"max-snippet:-1","max-image-preview":"max-image-preview:large","max-video-preview":"max-video-preview:-1"},"canonical":"https:\/\/diariotextual.com\/inicio\/index.php\/2023\/04\/13\/desplegaron-una-bandera-argentina-en-el-cauce-seco-del-rio-atuel\/","og_locale":"es_ES","og_type":"article","og_title":"Mil d\u00edas m\u00e1s sin agua, ni Justicia: desplegaron una bandera argentina en el cauce seco del r\u00edo Atuel - Diario Textual","og_description":"Al cumplirse esta semana los 1000 d\u00edas del fallo de la Corte Suprema de Justicia de la Naci\u00f3n que obliga a Mendoza a entregar un caudal m\u00ednimo del r\u00edo Atuel&hellip;","og_url":"https:\/\/diariotextual.com\/inicio\/index.php\/2023\/04\/13\/desplegaron-una-bandera-argentina-en-el-cauce-seco-del-rio-atuel\/","og_site_name":"Diario Textual","article_publisher":"https:\/\/www.facebook.com\/eltextual","article_published_time":"2023-04-13T10:35:52+00:00","article_modified_time":"2023-04-13T15:41:48+00:00","og_image":[{"width":900,"height":451,"url":"https:\/\/diariotextual.com\/inicio\/wp-content\/uploads\/2023\/04\/atuelbanderacauceseco1000dias.jpg","type":"image\/jpeg"}],"author":"diario2","twitter_card":"summary_large_image","twitter_creator":"@eltextual","twitter_site":"@eltextual","twitter_misc":{"Escrito por":"diario2","Tiempo de lectura":"5 minutos"},"schema":{"@context":"https:\/\/schema.org","@graph":[{"@type":"Article","@id":"https:\/\/diariotextual.com\/inicio\/index.php\/2023\/04\/13\/desplegaron-una-bandera-argentina-en-el-cauce-seco-del-rio-atuel\/#article","isPartOf":{"@id":"https:\/\/diariotextual.com\/inicio\/index.php\/2023\/04\/13\/desplegaron-una-bandera-argentina-en-el-cauce-seco-del-rio-atuel\/"},"author":{"name":"diario2","@id":"https:\/\/diariotextual.com\/inicio\/#\/schema\/person\/694f60677f23c4a530867a98f22b3768"},"headline":"Mil d\u00edas m\u00e1s sin agua, ni Justicia: desplegaron una bandera argentina en el cauce seco del r\u00edo Atuel","datePublished":"2023-04-13T10:35:52+00:00","dateModified":"2023-04-13T15:41:48+00:00","mainEntityOfPage":{"@id":"https:\/\/diariotextual.com\/inicio\/index.php\/2023\/04\/13\/desplegaron-una-bandera-argentina-en-el-cauce-seco-del-rio-atuel\/"},"wordCount":978,"publisher":{"@id":"https:\/\/diariotextual.com\/inicio\/#organization"},"image":{"@id":"https:\/\/diariotextual.com\/inicio\/index.php\/2023\/04\/13\/desplegaron-una-bandera-argentina-en-el-cauce-seco-del-rio-atuel\/#primaryimage"},"thumbnailUrl":"https:\/\/diariotextual.com\/inicio\/wp-content\/uploads\/2023\/04\/atuelbanderacauceseco1000dias.jpg","articleSection":["A - ES NOTICIA (van abajo)","A - QUE PASA (al costado)","POLITICA"],"inLanguage":"es"},{"@type":"WebPage","@id":"https:\/\/diariotextual.com\/inicio\/index.php\/2023\/04\/13\/desplegaron-una-bandera-argentina-en-el-cauce-seco-del-rio-atuel\/","url":"https:\/\/diariotextual.com\/inicio\/index.php\/2023\/04\/13\/desplegaron-una-bandera-argentina-en-el-cauce-seco-del-rio-atuel\/","name":"Mil d\u00edas m\u00e1s sin agua, ni Justicia: desplegaron una bandera argentina en el cauce seco del r\u00edo Atuel - Diario Textual","isPartOf":{"@id":"https:\/\/diariotextual.com\/inicio\/#website"},"primaryImageOfPage":{"@id":"https:\/\/diariotextual.com\/inicio\/index.php\/2023\/04\/13\/desplegaron-una-bandera-argentina-en-el-cauce-seco-del-rio-atuel\/#primaryimage"},"image":{"@id":"https:\/\/diariotextual.com\/inicio\/index.php\/2023\/04\/13\/desplegaron-una-bandera-argentina-en-el-cauce-seco-del-rio-atuel\/#primaryimage"},"thumbnailUrl":"https:\/\/diariotextual.com\/inicio\/wp-content\/uploads\/2023\/04\/atuelbanderacauceseco1000dias.jpg","datePublished":"2023-04-13T10:35:52+00:00","dateModified":"2023-04-13T15:41:48+00:00","breadcrumb":{"@id":"https:\/\/diariotextual.com\/inicio\/index.php\/2023\/04\/13\/desplegaron-una-bandera-argentina-en-el-cauce-seco-del-rio-atuel\/#breadcrumb"},"inLanguage":"es","potentialAction":[{"@type":"ReadAction","target":["https:\/\/diariotextual.com\/inicio\/index.php\/2023\/04\/13\/desplegaron-una-bandera-argentina-en-el-cauce-seco-del-rio-atuel\/"]}]},{"@type":"ImageObject","inLanguage":"es","@id":"https:\/\/diariotextual.com\/inicio\/index.php\/2023\/04\/13\/desplegaron-una-bandera-argentina-en-el-cauce-seco-del-rio-atuel\/#primaryimage","url":"https:\/\/diariotextual.com\/inicio\/wp-content\/uploads\/2023\/04\/atuelbanderacauceseco1000dias.jpg","contentUrl":"https:\/\/diariotextual.com\/inicio\/wp-content\/uploads\/2023\/04\/atuelbanderacauceseco1000dias.jpg","width":900,"height":451},{"@type":"BreadcrumbList","@id":"https:\/\/diariotextual.com\/inicio\/index.php\/2023\/04\/13\/desplegaron-una-bandera-argentina-en-el-cauce-seco-del-rio-atuel\/#breadcrumb","itemListElement":[{"@type":"ListItem","position":1,"name":"Portada","item":"https:\/\/diariotextual.com\/inicio\/"},{"@type":"ListItem","position":2,"name":"Mil d\u00edas m\u00e1s sin agua, ni Justicia: desplegaron una bandera argentina en el cauce seco del r\u00edo Atuel"}]},{"@type":"WebSite","@id":"https:\/\/diariotextual.com\/inicio\/#website","url":"https:\/\/diariotextual.com\/inicio\/","name":"Diario Textual","description":"","publisher":{"@id":"https:\/\/diariotextual.com\/inicio\/#organization"},"potentialAction":[{"@type":"SearchAction","target":{"@type":"EntryPoint","urlTemplate":"https:\/\/diariotextual.com\/inicio\/?s={search_term_string}"},"query-input":{"@type":"PropertyValueSpecification","valueRequired":true,"valueName":"search_term_string"}}],"inLanguage":"es"},{"@type":"Organization","@id":"https:\/\/diariotextual.com\/inicio\/#organization","name":"Diario Textual","url":"https:\/\/diariotextual.com\/inicio\/","logo":{"@type":"ImageObject","inLanguage":"es","@id":"https:\/\/diariotextual.com\/inicio\/#\/schema\/logo\/image\/","url":"https:\/\/diariotextual.com\/inicio\/wp-content\/uploads\/2023\/05\/logotextual1.jpg","contentUrl":"https:\/\/diariotextual.com\/inicio\/wp-content\/uploads\/2023\/05\/logotextual1.jpg","width":516,"height":76,"caption":"Diario Textual"},"image":{"@id":"https:\/\/diariotextual.com\/inicio\/#\/schema\/logo\/image\/"},"sameAs":["https:\/\/www.facebook.com\/eltextual","https:\/\/x.com\/eltextual","http:\/\/www.instagram.com\/eltextual"]},{"@type":"Person","@id":"https:\/\/diariotextual.com\/inicio\/#\/schema\/person\/694f60677f23c4a530867a98f22b3768","name":"diario2","image":{"@type":"ImageObject","inLanguage":"es","@id":"https:\/\/secure.gravatar.com\/avatar\/5a2567495ba16b852fcd8f1ed006a2e24fcace936018ed8237e95f488ad6e0a7?s=96&d=mm&r=g","url":"https:\/\/secure.gravatar.com\/avatar\/5a2567495ba16b852fcd8f1ed006a2e24fcace936018ed8237e95f488ad6e0a7?s=96&d=mm&r=g","contentUrl":"https:\/\/secure.gravatar.com\/avatar\/5a2567495ba16b852fcd8f1ed006a2e24fcace936018ed8237e95f488ad6e0a7?s=96&d=mm&r=g","caption":"diario2"},"url":"https:\/\/diariotextual.com\/inicio\/index.php\/author\/diario2\/"}]}},"_links":{"self":[{"href":"https:\/\/diariotextual.com\/inicio\/index.php\/wp-json\/wp\/v2\/posts\/221970","targetHints":{"allow":["GET"]}}],"collection":[{"href":"https:\/\/diariotextual.com\/inicio\/index.php\/wp-json\/wp\/v2\/posts"}],"about":[{"href":"https:\/\/diariotextual.com\/inicio\/index.php\/wp-json\/wp\/v2\/types\/post"}],"author":[{"embeddable":true,"href":"https:\/\/diariotextual.com\/inicio\/index.php\/wp-json\/wp\/v2\/users\/4"}],"replies":[{"embeddable":true,"href":"https:\/\/diariotextual.com\/inicio\/index.php\/wp-json\/wp\/v2\/comments?post=221970"}],"version-history":[{"count":7,"href":"https:\/\/diariotextual.com\/inicio\/index.php\/wp-json\/wp\/v2\/posts\/221970\/revisions"}],"predecessor-version":[{"id":221993,"href":"https:\/\/diariotextual.com\/inicio\/index.php\/wp-json\/wp\/v2\/posts\/221970\/revisions\/221993"}],"wp:featuredmedia":[{"embeddable":true,"href":"https:\/\/diariotextual.com\/inicio\/index.php\/wp-json\/wp\/v2\/media\/221972"}],"wp:attachment":[{"href":"https:\/\/diariotextual.com\/inicio\/index.php\/wp-json\/wp\/v2\/media?parent=221970"}],"wp:term":[{"taxonomy":"category","embeddable":true,"href":"https:\/\/diariotextual.com\/inicio\/index.php\/wp-json\/wp\/v2\/categories?post=221970"},{"taxonomy":"post_tag","embeddable":true,"href":"https:\/\/diariotextual.com\/inicio\/index.php\/wp-json\/wp\/v2\/tags?post=221970"}],"curies":[{"name":"wp","href":"https:\/\/api.w.org\/{rel}","templated":true}]}}