{"id":222045,"date":"2023-04-13T12:46:12","date_gmt":"2023-04-13T15:46:12","guid":{"rendered":"https:\/\/diariotextual.com\/inicio\/?p=222045"},"modified":"2023-04-13T20:24:15","modified_gmt":"2023-04-13T23:24:15","slug":"record-historico-de-obras-en-la-41o-fiesta-provincial-del-teatro","status":"publish","type":"post","link":"https:\/\/diariotextual.com\/inicio\/index.php\/2023\/04\/13\/record-historico-de-obras-en-la-41o-fiesta-provincial-del-teatro\/","title":{"rendered":"R\u00e9cord hist\u00f3rico de obras en la 41\u00ba Fiesta Provincial del Teatro"},"content":{"rendered":"\n<p>La<strong> 41\u00b0 Edici\u00f3n de la Fiesta Provincial del Teatro<\/strong> se desarrollar\u00e1 del lunes 17 al viernes 21 de abril en Santa Rosa con <strong>30 obras en escena<\/strong>, entre Competencia y Muestra, lo que representa un r\u00e9cord hist\u00f3rico para esta celebraci\u00f3n del trabajo de los y las artistas de La Pampa.<\/p>\n\n\n\n<p>La fiesta es una cogesti\u00f3n entre el Instituto Nacional del Teatro (INT), la Secretar\u00eda de Cultura y Educaci\u00f3n de la Municipalidad de Santa Rosa y la Secretar\u00eda de Cultura de la provincia, as\u00ed como tambi\u00e9n con otras instituciones del quehacer teatral santarrose\u00f1o. La entrada a todas las funciones ser\u00e1 libre y gratuita.<\/p>\n\n\n\n<p>Para la representante provincial del INT, <strong>Amparo Fern\u00e1ndez<\/strong>, este evento tiene \u201cuna importancia trascendental en la cultura de nuestra provincia\u201d, dado que busca \u201cgenerar el encuentro de los diferentes elencos teatrales pampeanos para mantener un di\u00e1logo art\u00edstico, con intercambio de experiencias y conocimientos y estrechar lazos entre los y las artistas, y poder compartir las producciones con el p\u00fablico\u201d.<\/p>\n\n\n\n<p>El certamen tendr\u00e1 un jurado federal con una representante pampeana, Julieta Mart\u00edn, junto con Mart\u00edn Marcou, oriundo de Santa Cruz, y Luciano Delprato, de la ciudad de C\u00f3rdoba.<\/p>\n\n\n\n<p><\/p>\n\n\n\n<div style=\"height:100px\" aria-hidden=\"true\" class=\"wp-block-spacer\"><\/div>\n\n\n\n<p><\/p>\n\n\n\n<p><strong>Los talleres<\/strong><\/p>\n\n\n\n<p>Como es habitual, habr\u00e1 talleres. En esta oportunidad ser\u00e1n pampeanos y pampeanas que se destacan en su actividad a nivel nacional y que brindar\u00e1n las siguientes capacitaciones: <strong>Dram\u00e1tica de la luz<\/strong>, a cargo de Jos\u00e9 Jer\u00f3nimo y Gustavo Rodr\u00edguez (lunes 17 y martes 18, de 9.30 a 11.30hs en el Teatro Espa\u00f1ol);<strong> La voz y el cuerpo en escena<\/strong>, a cargo de Priscila Aguirre y Yohanna Hirtz (lunes 17, martes 18 y mi\u00e9rcoles 19, de 13.30 a 15.30hs en la Casa del Bicentenario); <strong>El director el primer productor<\/strong>, a cargo de Adri\u00e1n Cardoso (del lunes 17 al viernes 21, de 15.30 a 17.30hs).<\/p>\n\n\n\n<div style=\"height:100px\" aria-hidden=\"true\" class=\"wp-block-spacer\"><\/div>\n\n\n\n<p><\/p>\n\n\n\n<p><strong>Las salas<\/strong><\/p>\n\n\n\n<p>Las salas que albergar\u00e1n los espect\u00e1culos ser\u00e1n ATTP, Casa del Bicentenario, Centro Municipal de Cultura, Teatro Espa\u00f1ol, Complejo Cultural El Molino, TKQ y la disco Jockey. Las entradas se dar\u00e1n al momento de cada funci\u00f3n por orden de llegada a cada sala. Se recomienda consultar en <a href=\"https:\/\/www.facebook.com\/lapampa.inteatro\" target=\"_blank\" rel=\"noreferrer noopener\">https:\/\/www.facebook.com\/lapampa.inteatro <\/a>para acceder a la informaci\u00f3n actualizada.<\/p>\n\n\n\n<p>Tambi\u00e9n habr\u00e1 actividades especiales como funciones en escuelas, en las unidades penitenciarias N\u00b013 y N\u00b030, en el parque Oliver, en Toay y en la calle. Adem\u00e1s, habr\u00e1 una presentaci\u00f3n de la editorial del INT y se anunciar\u00e1 el VII Festival del Cigom\u00e1tico Mayor.<\/p>\n\n\n\n<p>En palabras de Fern\u00e1ndez, la Fiesta Provincial del Teatro \u201cnos da la posibilidad del encuentro, con nosotrxs, con el otro y la otra, con la comunidad, es el abrazo fraterno del arte. La comunidad que ofrece y que recibe en comuni\u00f3n y celebraci\u00f3n\u201d.<\/p>\n\n\n\n<figure class=\"wp-block-image size-large\"><img fetchpriority=\"high\" decoding=\"async\" width=\"1024\" height=\"675\" src=\"https:\/\/diariotextual.com\/inicio\/wp-content\/uploads\/2022\/09\/lasenanasteatro4327545-1024x675.jpg\" alt=\"\" class=\"wp-image-199768\" srcset=\"https:\/\/diariotextual.com\/inicio\/wp-content\/uploads\/2022\/09\/lasenanasteatro4327545-1024x675.jpg 1024w, https:\/\/diariotextual.com\/inicio\/wp-content\/uploads\/2022\/09\/lasenanasteatro4327545-300x198.jpg 300w, https:\/\/diariotextual.com\/inicio\/wp-content\/uploads\/2022\/09\/lasenanasteatro4327545-768x506.jpg 768w, https:\/\/diariotextual.com\/inicio\/wp-content\/uploads\/2022\/09\/lasenanasteatro4327545-1536x1013.jpg 1536w, https:\/\/diariotextual.com\/inicio\/wp-content\/uploads\/2022\/09\/lasenanasteatro4327545-2048x1351.jpg 2048w, https:\/\/diariotextual.com\/inicio\/wp-content\/uploads\/2022\/09\/lasenanasteatro4327545-1170x772.jpg 1170w, https:\/\/diariotextual.com\/inicio\/wp-content\/uploads\/2022\/09\/lasenanasteatro4327545-585x386.jpg 585w\" sizes=\"(max-width: 1024px) 100vw, 1024px\" \/><\/figure>\n\n\n\n<div style=\"height:100px\" aria-hidden=\"true\" class=\"wp-block-spacer\"><\/div>\n\n\n\n<p><\/p>\n\n\n\n<p><strong>Las obras<\/strong><\/p>\n\n\n\n<p>Las obras en competencia son: Blacked Out (procedente de Santa Rosa); Las enanas (Toay); Malvinas, luz sobre la memoria (SR); La casa de Bernarda Alba (Alta Italia); Talle \u00fanico (SR); Me gust\u00f3 verte (SR); Infamia (General Pico); Una noche con Sandro (Quem\u00fa Quem\u00fa); Con esta boca en este mundo (SR); El silencio de las tortugas (GP); L\u00e1pices, un musical con memoria (SR); Mi mu\u00f1equita (SR); Hacheras (Toay); y Polic\u00edas versus OVNIS (SR).<\/p>\n\n\n\n<p>En muestra se presentar\u00e1n: Las de enfrente (Grupo comunitario de Toay a cargo de Liliana Rojas); Vestigios (armada especialmente para la Fiesta por la agrupaci\u00f3n TIEMPOS, de Santa Rosa, y el acompa\u00f1amiento de teatrerxs); Esp\u00eda a una mujer que se mata (Santa Rosa); Quema-Quema (Toay); El ojo del dinero (Toay); Humanimal (SR); Match de improvisaciones (Lxs Randon, SR, en el Jockey, como cierre de la Fiesta); La nona (Toay); Juana y los misterios del mundo m\u00e1gico (General Pico); Giro-vuelta-rodeo (Toay); Las Gonz\u00e1lez (Toay); Reina Mala (GP); Te bailo (compa\u00f1\u00eda Circolibr\u00ed); Humoramor (Toay); Fiesta en la Academia (del grupo Mar de fueguitos, teatro por la inclusi\u00f3n) y Desarraigo (intervenci\u00f3n de danza teatro de la compa\u00f1\u00eda TIEMPOS).<\/p>\n\n\n\n<p>M\u00e1s informaci\u00f3n en <a href=\"https:\/\/www.santarosa.gob.ar\/fiesta-provincial-de-teatro-2023\/\" target=\"_blank\" rel=\"noreferrer noopener\">https:\/\/www.santarosa.gob.ar\/fiesta-provincial-de-teatro-2023\/<\/a><\/p>\n","protected":false},"excerpt":{"rendered":"<p>La 41\u00b0 Edici\u00f3n de la Fiesta Provincial del Teatro se desarrollar\u00e1 del lunes 17 al viernes 21 de abril en Santa Rosa con 30 obras en escena, entre Competencia y&hellip;<\/p>\n","protected":false},"author":4,"featured_media":214724,"comment_status":"closed","ping_status":"open","sticky":false,"template":"","format":"standard","meta":{"_acf_changed":false,"footnotes":""},"categories":[1,11,2],"tags":[],"class_list":["post-222045","post","type-post","status-publish","format-standard","has-post-thumbnail","hentry","category-es-noticia","category-que-pasa","category-cultura"],"acf":[],"yoast_head":"<!-- This site is optimized with the Yoast SEO plugin v27.5 - https:\/\/yoast.com\/product\/yoast-seo-wordpress\/ -->\n<title>R\u00e9cord hist\u00f3rico de obras en la 41\u00ba Fiesta Provincial del Teatro - Diario Textual<\/title>\n<meta name=\"robots\" content=\"index, follow, max-snippet:-1, max-image-preview:large, max-video-preview:-1\" \/>\n<link rel=\"canonical\" href=\"https:\/\/diariotextual.com\/inicio\/index.php\/2023\/04\/13\/record-historico-de-obras-en-la-41o-fiesta-provincial-del-teatro\/\" \/>\n<meta property=\"og:locale\" content=\"es_ES\" \/>\n<meta property=\"og:type\" content=\"article\" \/>\n<meta property=\"og:title\" content=\"R\u00e9cord hist\u00f3rico de obras en la 41\u00ba Fiesta Provincial del Teatro - Diario Textual\" \/>\n<meta property=\"og:description\" content=\"La 41\u00b0 Edici\u00f3n de la Fiesta Provincial del Teatro se desarrollar\u00e1 del lunes 17 al viernes 21 de abril en Santa Rosa con 30 obras en escena, entre Competencia y&hellip;\" \/>\n<meta property=\"og:url\" content=\"https:\/\/diariotextual.com\/inicio\/index.php\/2023\/04\/13\/record-historico-de-obras-en-la-41o-fiesta-provincial-del-teatro\/\" \/>\n<meta property=\"og:site_name\" content=\"Diario Textual\" \/>\n<meta property=\"article:publisher\" content=\"https:\/\/www.facebook.com\/eltextual\" \/>\n<meta property=\"article:published_time\" content=\"2023-04-13T15:46:12+00:00\" \/>\n<meta property=\"article:modified_time\" content=\"2023-04-13T23:24:15+00:00\" \/>\n<meta property=\"og:image\" content=\"https:\/\/diariotextual.com\/inicio\/wp-content\/uploads\/2023\/02\/espiaaunamujerteatro8432905.jpg\" \/>\n\t<meta property=\"og:image:width\" content=\"900\" \/>\n\t<meta property=\"og:image:height\" content=\"509\" \/>\n\t<meta property=\"og:image:type\" content=\"image\/jpeg\" \/>\n<meta name=\"author\" content=\"diario2\" \/>\n<meta name=\"twitter:card\" content=\"summary_large_image\" \/>\n<meta name=\"twitter:creator\" content=\"@eltextual\" \/>\n<meta name=\"twitter:site\" content=\"@eltextual\" \/>\n<meta name=\"twitter:label1\" content=\"Escrito por\" \/>\n\t<meta name=\"twitter:data1\" content=\"diario2\" \/>\n\t<meta name=\"twitter:label2\" content=\"Tiempo de lectura\" \/>\n\t<meta name=\"twitter:data2\" content=\"4 minutos\" \/>\n<script type=\"application\/ld+json\" class=\"yoast-schema-graph\">{\"@context\":\"https:\\\/\\\/schema.org\",\"@graph\":[{\"@type\":\"Article\",\"@id\":\"https:\\\/\\\/diariotextual.com\\\/inicio\\\/index.php\\\/2023\\\/04\\\/13\\\/record-historico-de-obras-en-la-41o-fiesta-provincial-del-teatro\\\/#article\",\"isPartOf\":{\"@id\":\"https:\\\/\\\/diariotextual.com\\\/inicio\\\/index.php\\\/2023\\\/04\\\/13\\\/record-historico-de-obras-en-la-41o-fiesta-provincial-del-teatro\\\/\"},\"author\":{\"name\":\"diario2\",\"@id\":\"https:\\\/\\\/diariotextual.com\\\/inicio\\\/#\\\/schema\\\/person\\\/694f60677f23c4a530867a98f22b3768\"},\"headline\":\"R\u00e9cord hist\u00f3rico de obras en la 41\u00ba Fiesta Provincial del Teatro\",\"datePublished\":\"2023-04-13T15:46:12+00:00\",\"dateModified\":\"2023-04-13T23:24:15+00:00\",\"mainEntityOfPage\":{\"@id\":\"https:\\\/\\\/diariotextual.com\\\/inicio\\\/index.php\\\/2023\\\/04\\\/13\\\/record-historico-de-obras-en-la-41o-fiesta-provincial-del-teatro\\\/\"},\"wordCount\":690,\"publisher\":{\"@id\":\"https:\\\/\\\/diariotextual.com\\\/inicio\\\/#organization\"},\"image\":{\"@id\":\"https:\\\/\\\/diariotextual.com\\\/inicio\\\/index.php\\\/2023\\\/04\\\/13\\\/record-historico-de-obras-en-la-41o-fiesta-provincial-del-teatro\\\/#primaryimage\"},\"thumbnailUrl\":\"https:\\\/\\\/diariotextual.com\\\/inicio\\\/wp-content\\\/uploads\\\/2023\\\/02\\\/espiaaunamujerteatro8432905.jpg\",\"articleSection\":[\"A - ES NOTICIA (van abajo)\",\"A - QUE PASA (al costado)\",\"CULTURA\"],\"inLanguage\":\"es\"},{\"@type\":\"WebPage\",\"@id\":\"https:\\\/\\\/diariotextual.com\\\/inicio\\\/index.php\\\/2023\\\/04\\\/13\\\/record-historico-de-obras-en-la-41o-fiesta-provincial-del-teatro\\\/\",\"url\":\"https:\\\/\\\/diariotextual.com\\\/inicio\\\/index.php\\\/2023\\\/04\\\/13\\\/record-historico-de-obras-en-la-41o-fiesta-provincial-del-teatro\\\/\",\"name\":\"R\u00e9cord hist\u00f3rico de obras en la 41\u00ba Fiesta Provincial del Teatro - Diario Textual\",\"isPartOf\":{\"@id\":\"https:\\\/\\\/diariotextual.com\\\/inicio\\\/#website\"},\"primaryImageOfPage\":{\"@id\":\"https:\\\/\\\/diariotextual.com\\\/inicio\\\/index.php\\\/2023\\\/04\\\/13\\\/record-historico-de-obras-en-la-41o-fiesta-provincial-del-teatro\\\/#primaryimage\"},\"image\":{\"@id\":\"https:\\\/\\\/diariotextual.com\\\/inicio\\\/index.php\\\/2023\\\/04\\\/13\\\/record-historico-de-obras-en-la-41o-fiesta-provincial-del-teatro\\\/#primaryimage\"},\"thumbnailUrl\":\"https:\\\/\\\/diariotextual.com\\\/inicio\\\/wp-content\\\/uploads\\\/2023\\\/02\\\/espiaaunamujerteatro8432905.jpg\",\"datePublished\":\"2023-04-13T15:46:12+00:00\",\"dateModified\":\"2023-04-13T23:24:15+00:00\",\"breadcrumb\":{\"@id\":\"https:\\\/\\\/diariotextual.com\\\/inicio\\\/index.php\\\/2023\\\/04\\\/13\\\/record-historico-de-obras-en-la-41o-fiesta-provincial-del-teatro\\\/#breadcrumb\"},\"inLanguage\":\"es\",\"potentialAction\":[{\"@type\":\"ReadAction\",\"target\":[\"https:\\\/\\\/diariotextual.com\\\/inicio\\\/index.php\\\/2023\\\/04\\\/13\\\/record-historico-de-obras-en-la-41o-fiesta-provincial-del-teatro\\\/\"]}]},{\"@type\":\"ImageObject\",\"inLanguage\":\"es\",\"@id\":\"https:\\\/\\\/diariotextual.com\\\/inicio\\\/index.php\\\/2023\\\/04\\\/13\\\/record-historico-de-obras-en-la-41o-fiesta-provincial-del-teatro\\\/#primaryimage\",\"url\":\"https:\\\/\\\/diariotextual.com\\\/inicio\\\/wp-content\\\/uploads\\\/2023\\\/02\\\/espiaaunamujerteatro8432905.jpg\",\"contentUrl\":\"https:\\\/\\\/diariotextual.com\\\/inicio\\\/wp-content\\\/uploads\\\/2023\\\/02\\\/espiaaunamujerteatro8432905.jpg\",\"width\":900,\"height\":509},{\"@type\":\"BreadcrumbList\",\"@id\":\"https:\\\/\\\/diariotextual.com\\\/inicio\\\/index.php\\\/2023\\\/04\\\/13\\\/record-historico-de-obras-en-la-41o-fiesta-provincial-del-teatro\\\/#breadcrumb\",\"itemListElement\":[{\"@type\":\"ListItem\",\"position\":1,\"name\":\"Portada\",\"item\":\"https:\\\/\\\/diariotextual.com\\\/inicio\\\/\"},{\"@type\":\"ListItem\",\"position\":2,\"name\":\"R\u00e9cord hist\u00f3rico de obras en la 41\u00ba Fiesta Provincial del Teatro\"}]},{\"@type\":\"WebSite\",\"@id\":\"https:\\\/\\\/diariotextual.com\\\/inicio\\\/#website\",\"url\":\"https:\\\/\\\/diariotextual.com\\\/inicio\\\/\",\"name\":\"Diario Textual\",\"description\":\"\",\"publisher\":{\"@id\":\"https:\\\/\\\/diariotextual.com\\\/inicio\\\/#organization\"},\"potentialAction\":[{\"@type\":\"SearchAction\",\"target\":{\"@type\":\"EntryPoint\",\"urlTemplate\":\"https:\\\/\\\/diariotextual.com\\\/inicio\\\/?s={search_term_string}\"},\"query-input\":{\"@type\":\"PropertyValueSpecification\",\"valueRequired\":true,\"valueName\":\"search_term_string\"}}],\"inLanguage\":\"es\"},{\"@type\":\"Organization\",\"@id\":\"https:\\\/\\\/diariotextual.com\\\/inicio\\\/#organization\",\"name\":\"Diario Textual\",\"url\":\"https:\\\/\\\/diariotextual.com\\\/inicio\\\/\",\"logo\":{\"@type\":\"ImageObject\",\"inLanguage\":\"es\",\"@id\":\"https:\\\/\\\/diariotextual.com\\\/inicio\\\/#\\\/schema\\\/logo\\\/image\\\/\",\"url\":\"https:\\\/\\\/diariotextual.com\\\/inicio\\\/wp-content\\\/uploads\\\/2023\\\/05\\\/logotextual1.jpg\",\"contentUrl\":\"https:\\\/\\\/diariotextual.com\\\/inicio\\\/wp-content\\\/uploads\\\/2023\\\/05\\\/logotextual1.jpg\",\"width\":516,\"height\":76,\"caption\":\"Diario Textual\"},\"image\":{\"@id\":\"https:\\\/\\\/diariotextual.com\\\/inicio\\\/#\\\/schema\\\/logo\\\/image\\\/\"},\"sameAs\":[\"https:\\\/\\\/www.facebook.com\\\/eltextual\",\"https:\\\/\\\/x.com\\\/eltextual\",\"http:\\\/\\\/www.instagram.com\\\/eltextual\"]},{\"@type\":\"Person\",\"@id\":\"https:\\\/\\\/diariotextual.com\\\/inicio\\\/#\\\/schema\\\/person\\\/694f60677f23c4a530867a98f22b3768\",\"name\":\"diario2\",\"image\":{\"@type\":\"ImageObject\",\"inLanguage\":\"es\",\"@id\":\"https:\\\/\\\/secure.gravatar.com\\\/avatar\\\/5a2567495ba16b852fcd8f1ed006a2e24fcace936018ed8237e95f488ad6e0a7?s=96&d=mm&r=g\",\"url\":\"https:\\\/\\\/secure.gravatar.com\\\/avatar\\\/5a2567495ba16b852fcd8f1ed006a2e24fcace936018ed8237e95f488ad6e0a7?s=96&d=mm&r=g\",\"contentUrl\":\"https:\\\/\\\/secure.gravatar.com\\\/avatar\\\/5a2567495ba16b852fcd8f1ed006a2e24fcace936018ed8237e95f488ad6e0a7?s=96&d=mm&r=g\",\"caption\":\"diario2\"},\"url\":\"https:\\\/\\\/diariotextual.com\\\/inicio\\\/index.php\\\/author\\\/diario2\\\/\"}]}<\/script>\n<!-- \/ Yoast SEO plugin. -->","yoast_head_json":{"title":"R\u00e9cord hist\u00f3rico de obras en la 41\u00ba Fiesta Provincial del Teatro - Diario Textual","robots":{"index":"index","follow":"follow","max-snippet":"max-snippet:-1","max-image-preview":"max-image-preview:large","max-video-preview":"max-video-preview:-1"},"canonical":"https:\/\/diariotextual.com\/inicio\/index.php\/2023\/04\/13\/record-historico-de-obras-en-la-41o-fiesta-provincial-del-teatro\/","og_locale":"es_ES","og_type":"article","og_title":"R\u00e9cord hist\u00f3rico de obras en la 41\u00ba Fiesta Provincial del Teatro - Diario Textual","og_description":"La 41\u00b0 Edici\u00f3n de la Fiesta Provincial del Teatro se desarrollar\u00e1 del lunes 17 al viernes 21 de abril en Santa Rosa con 30 obras en escena, entre Competencia y&hellip;","og_url":"https:\/\/diariotextual.com\/inicio\/index.php\/2023\/04\/13\/record-historico-de-obras-en-la-41o-fiesta-provincial-del-teatro\/","og_site_name":"Diario Textual","article_publisher":"https:\/\/www.facebook.com\/eltextual","article_published_time":"2023-04-13T15:46:12+00:00","article_modified_time":"2023-04-13T23:24:15+00:00","og_image":[{"width":900,"height":509,"url":"https:\/\/diariotextual.com\/inicio\/wp-content\/uploads\/2023\/02\/espiaaunamujerteatro8432905.jpg","type":"image\/jpeg"}],"author":"diario2","twitter_card":"summary_large_image","twitter_creator":"@eltextual","twitter_site":"@eltextual","twitter_misc":{"Escrito por":"diario2","Tiempo de lectura":"4 minutos"},"schema":{"@context":"https:\/\/schema.org","@graph":[{"@type":"Article","@id":"https:\/\/diariotextual.com\/inicio\/index.php\/2023\/04\/13\/record-historico-de-obras-en-la-41o-fiesta-provincial-del-teatro\/#article","isPartOf":{"@id":"https:\/\/diariotextual.com\/inicio\/index.php\/2023\/04\/13\/record-historico-de-obras-en-la-41o-fiesta-provincial-del-teatro\/"},"author":{"name":"diario2","@id":"https:\/\/diariotextual.com\/inicio\/#\/schema\/person\/694f60677f23c4a530867a98f22b3768"},"headline":"R\u00e9cord hist\u00f3rico de obras en la 41\u00ba Fiesta Provincial del Teatro","datePublished":"2023-04-13T15:46:12+00:00","dateModified":"2023-04-13T23:24:15+00:00","mainEntityOfPage":{"@id":"https:\/\/diariotextual.com\/inicio\/index.php\/2023\/04\/13\/record-historico-de-obras-en-la-41o-fiesta-provincial-del-teatro\/"},"wordCount":690,"publisher":{"@id":"https:\/\/diariotextual.com\/inicio\/#organization"},"image":{"@id":"https:\/\/diariotextual.com\/inicio\/index.php\/2023\/04\/13\/record-historico-de-obras-en-la-41o-fiesta-provincial-del-teatro\/#primaryimage"},"thumbnailUrl":"https:\/\/diariotextual.com\/inicio\/wp-content\/uploads\/2023\/02\/espiaaunamujerteatro8432905.jpg","articleSection":["A - ES NOTICIA (van abajo)","A - QUE PASA (al costado)","CULTURA"],"inLanguage":"es"},{"@type":"WebPage","@id":"https:\/\/diariotextual.com\/inicio\/index.php\/2023\/04\/13\/record-historico-de-obras-en-la-41o-fiesta-provincial-del-teatro\/","url":"https:\/\/diariotextual.com\/inicio\/index.php\/2023\/04\/13\/record-historico-de-obras-en-la-41o-fiesta-provincial-del-teatro\/","name":"R\u00e9cord hist\u00f3rico de obras en la 41\u00ba Fiesta Provincial del Teatro - Diario Textual","isPartOf":{"@id":"https:\/\/diariotextual.com\/inicio\/#website"},"primaryImageOfPage":{"@id":"https:\/\/diariotextual.com\/inicio\/index.php\/2023\/04\/13\/record-historico-de-obras-en-la-41o-fiesta-provincial-del-teatro\/#primaryimage"},"image":{"@id":"https:\/\/diariotextual.com\/inicio\/index.php\/2023\/04\/13\/record-historico-de-obras-en-la-41o-fiesta-provincial-del-teatro\/#primaryimage"},"thumbnailUrl":"https:\/\/diariotextual.com\/inicio\/wp-content\/uploads\/2023\/02\/espiaaunamujerteatro8432905.jpg","datePublished":"2023-04-13T15:46:12+00:00","dateModified":"2023-04-13T23:24:15+00:00","breadcrumb":{"@id":"https:\/\/diariotextual.com\/inicio\/index.php\/2023\/04\/13\/record-historico-de-obras-en-la-41o-fiesta-provincial-del-teatro\/#breadcrumb"},"inLanguage":"es","potentialAction":[{"@type":"ReadAction","target":["https:\/\/diariotextual.com\/inicio\/index.php\/2023\/04\/13\/record-historico-de-obras-en-la-41o-fiesta-provincial-del-teatro\/"]}]},{"@type":"ImageObject","inLanguage":"es","@id":"https:\/\/diariotextual.com\/inicio\/index.php\/2023\/04\/13\/record-historico-de-obras-en-la-41o-fiesta-provincial-del-teatro\/#primaryimage","url":"https:\/\/diariotextual.com\/inicio\/wp-content\/uploads\/2023\/02\/espiaaunamujerteatro8432905.jpg","contentUrl":"https:\/\/diariotextual.com\/inicio\/wp-content\/uploads\/2023\/02\/espiaaunamujerteatro8432905.jpg","width":900,"height":509},{"@type":"BreadcrumbList","@id":"https:\/\/diariotextual.com\/inicio\/index.php\/2023\/04\/13\/record-historico-de-obras-en-la-41o-fiesta-provincial-del-teatro\/#breadcrumb","itemListElement":[{"@type":"ListItem","position":1,"name":"Portada","item":"https:\/\/diariotextual.com\/inicio\/"},{"@type":"ListItem","position":2,"name":"R\u00e9cord hist\u00f3rico de obras en la 41\u00ba Fiesta Provincial del Teatro"}]},{"@type":"WebSite","@id":"https:\/\/diariotextual.com\/inicio\/#website","url":"https:\/\/diariotextual.com\/inicio\/","name":"Diario Textual","description":"","publisher":{"@id":"https:\/\/diariotextual.com\/inicio\/#organization"},"potentialAction":[{"@type":"SearchAction","target":{"@type":"EntryPoint","urlTemplate":"https:\/\/diariotextual.com\/inicio\/?s={search_term_string}"},"query-input":{"@type":"PropertyValueSpecification","valueRequired":true,"valueName":"search_term_string"}}],"inLanguage":"es"},{"@type":"Organization","@id":"https:\/\/diariotextual.com\/inicio\/#organization","name":"Diario Textual","url":"https:\/\/diariotextual.com\/inicio\/","logo":{"@type":"ImageObject","inLanguage":"es","@id":"https:\/\/diariotextual.com\/inicio\/#\/schema\/logo\/image\/","url":"https:\/\/diariotextual.com\/inicio\/wp-content\/uploads\/2023\/05\/logotextual1.jpg","contentUrl":"https:\/\/diariotextual.com\/inicio\/wp-content\/uploads\/2023\/05\/logotextual1.jpg","width":516,"height":76,"caption":"Diario Textual"},"image":{"@id":"https:\/\/diariotextual.com\/inicio\/#\/schema\/logo\/image\/"},"sameAs":["https:\/\/www.facebook.com\/eltextual","https:\/\/x.com\/eltextual","http:\/\/www.instagram.com\/eltextual"]},{"@type":"Person","@id":"https:\/\/diariotextual.com\/inicio\/#\/schema\/person\/694f60677f23c4a530867a98f22b3768","name":"diario2","image":{"@type":"ImageObject","inLanguage":"es","@id":"https:\/\/secure.gravatar.com\/avatar\/5a2567495ba16b852fcd8f1ed006a2e24fcace936018ed8237e95f488ad6e0a7?s=96&d=mm&r=g","url":"https:\/\/secure.gravatar.com\/avatar\/5a2567495ba16b852fcd8f1ed006a2e24fcace936018ed8237e95f488ad6e0a7?s=96&d=mm&r=g","contentUrl":"https:\/\/secure.gravatar.com\/avatar\/5a2567495ba16b852fcd8f1ed006a2e24fcace936018ed8237e95f488ad6e0a7?s=96&d=mm&r=g","caption":"diario2"},"url":"https:\/\/diariotextual.com\/inicio\/index.php\/author\/diario2\/"}]}},"_links":{"self":[{"href":"https:\/\/diariotextual.com\/inicio\/index.php\/wp-json\/wp\/v2\/posts\/222045","targetHints":{"allow":["GET"]}}],"collection":[{"href":"https:\/\/diariotextual.com\/inicio\/index.php\/wp-json\/wp\/v2\/posts"}],"about":[{"href":"https:\/\/diariotextual.com\/inicio\/index.php\/wp-json\/wp\/v2\/types\/post"}],"author":[{"embeddable":true,"href":"https:\/\/diariotextual.com\/inicio\/index.php\/wp-json\/wp\/v2\/users\/4"}],"replies":[{"embeddable":true,"href":"https:\/\/diariotextual.com\/inicio\/index.php\/wp-json\/wp\/v2\/comments?post=222045"}],"version-history":[{"count":8,"href":"https:\/\/diariotextual.com\/inicio\/index.php\/wp-json\/wp\/v2\/posts\/222045\/revisions"}],"predecessor-version":[{"id":222082,"href":"https:\/\/diariotextual.com\/inicio\/index.php\/wp-json\/wp\/v2\/posts\/222045\/revisions\/222082"}],"wp:featuredmedia":[{"embeddable":true,"href":"https:\/\/diariotextual.com\/inicio\/index.php\/wp-json\/wp\/v2\/media\/214724"}],"wp:attachment":[{"href":"https:\/\/diariotextual.com\/inicio\/index.php\/wp-json\/wp\/v2\/media?parent=222045"}],"wp:term":[{"taxonomy":"category","embeddable":true,"href":"https:\/\/diariotextual.com\/inicio\/index.php\/wp-json\/wp\/v2\/categories?post=222045"},{"taxonomy":"post_tag","embeddable":true,"href":"https:\/\/diariotextual.com\/inicio\/index.php\/wp-json\/wp\/v2\/tags?post=222045"}],"curies":[{"name":"wp","href":"https:\/\/api.w.org\/{rel}","templated":true}]}}