{"id":222085,"date":"2023-04-13T17:48:00","date_gmt":"2023-04-13T20:48:00","guid":{"rendered":"https:\/\/diariotextual.com\/inicio\/?p=222085"},"modified":"2023-04-14T08:13:29","modified_gmt":"2023-04-14T11:13:29","slug":"el-senado-aprobo-por-unanimidad-la-ley-lucio","status":"publish","type":"post","link":"https:\/\/diariotextual.com\/inicio\/index.php\/2023\/04\/13\/el-senado-aprobo-por-unanimidad-la-ley-lucio\/","title":{"rendered":"El Senado aprob\u00f3 por unanimidad la Ley Lucio"},"content":{"rendered":"\n<p>El Senado de la Naci\u00f3n <strong>aprob\u00f3 hoy por unanimidad el proyecto de la llamada Ley Lucio<\/strong>, en recuerdo al ni\u00f1o asesinado <strong>Lucio Dupuy<\/strong>, por el que se crea el <strong>Plan Federal de Capacitaci\u00f3n de car\u00e1cter continuo, permanente y obligatorio, en derechos de los ni\u00f1os, ni\u00f1as y adolescentes.<\/strong> La sesi\u00f3n fue presidida por <strong>Cristina Kirchner. <\/strong><\/p>\n\n\n\n<p>Con esta sanci\u00f3n, la iniciativa -que fue impulsada principalmente por el diputado <strong>Mart\u00edn Maquieyra<\/strong>, del PRO- se convirti\u00f3 en ley.<strong> Propone la creaci\u00f3n de un plan federal de capacitaci\u00f3n obligatoria, continua y permanente en derechos de infancias y adolescencias para las y los agentes de los tres poderes del Estado<\/strong>. \u201cHoy es un d\u00eda hist\u00f3rico para nosotros. En un a\u00f1o hemos trabajado en este proyecto y aprobado en ambas c\u00e1maras con el apoyo de todos los legisladores. Gracias a todos los que nos acompa\u00f1aron en este camino\u201d, resalt\u00f3 Maquieyra.<\/p>\n\n\n\n<p>Luego de una ola de reclamos para que el Senado trate la iniciativa, que hab\u00eda recibido media sanci\u00f3n del Senado el 9 de noviembre del a\u00f1o pasado, finalmente se convirti\u00f3 en ley con 65 votos afirmativos, con los abuelo de Lucio Dupuy -el ni\u00f1o de cinco a\u00f1os brutalmente asesinado que inspir\u00f3 la creaci\u00f3n del proyecto- ubicado en uno de los palcos del recinto. Se trata de Ram\u00f3n Dupuy y Silvia G\u00f3mez. \u201cEstamos felices de este hecho que nos emociona a todos. Gracias a todos los senadores que acompa\u00f1aron el proyecto, y especialmente a su autor, el diputado Maquieyra. \u00c9l me prometi\u00f3 que la Ley iba a salir y cumpli\u00f3 su palabra. Estamos muy agradecidos, por todos los ni\u00f1os que sufren violencia y por Lucio que nos mira desde el cielo\u201d, manifest\u00f3 Ram\u00f3n Dupuy.<\/p>\n\n\n\n<p>Lucio Dupuy falleci\u00f3 luego de recibir palizas permanentes de parte de su madre y la pareja de la misma en Santa Rosa. Ambas ya <strong><a href=\"https:\/\/diariotextual.com\/inicio\/index.php\/2023\/02\/17\/caso-lucio-condenaron-a-perpetua-a-las-dos-mujeres\/\" target=\"_blank\" rel=\"noreferrer noopener\">fueron condenadas a prisi\u00f3n perpetua<\/a><\/strong>.<\/p>\n\n\n\n<p>La iniciativa, que <strong>recrea el formato de la Ley Micaela<\/strong> aunque en este caso vinculado a la la prevenci\u00f3n y detecci\u00f3n temprana de la violencia contra las infancias y adolescencias, hab\u00eda estado en el temario de la fallida sesi\u00f3n del 30 de marzo, cuando el oficialismo y la oposici\u00f3n no pudieron ponerse de acuerdo en el orden de tratamiento de los proyectos y se suscitaron \u00e1lgidas discusiones no resueltas sobre cuestiones reglamentarias.<\/p>\n\n\n\n<figure class=\"wp-block-image size-large is-resized\"><img fetchpriority=\"high\" decoding=\"async\" src=\"https:\/\/diariotextual.com\/inicio\/wp-content\/uploads\/2023\/04\/dupuylucioabuelossenado44-1024x576.jpg\" alt=\"\" class=\"wp-image-222087\" width=\"765\" height=\"430\" srcset=\"https:\/\/diariotextual.com\/inicio\/wp-content\/uploads\/2023\/04\/dupuylucioabuelossenado44-1024x576.jpg 1024w, https:\/\/diariotextual.com\/inicio\/wp-content\/uploads\/2023\/04\/dupuylucioabuelossenado44-300x169.jpg 300w, https:\/\/diariotextual.com\/inicio\/wp-content\/uploads\/2023\/04\/dupuylucioabuelossenado44-768x432.jpg 768w, https:\/\/diariotextual.com\/inicio\/wp-content\/uploads\/2023\/04\/dupuylucioabuelossenado44-1536x864.jpg 1536w, https:\/\/diariotextual.com\/inicio\/wp-content\/uploads\/2023\/04\/dupuylucioabuelossenado44-1170x658.jpg 1170w, https:\/\/diariotextual.com\/inicio\/wp-content\/uploads\/2023\/04\/dupuylucioabuelossenado44-585x329.jpg 585w, https:\/\/diariotextual.com\/inicio\/wp-content\/uploads\/2023\/04\/dupuylucioabuelossenado44.jpg 1920w\" sizes=\"(max-width: 765px) 100vw, 765px\" \/><\/figure>\n\n\n\n<p>Diez senadores de las distintas bancadas participaron como oradores para exponer sobre esta iniciativa que, tal como estimaban fuentes parlamentarias, fue aprobada por unanimidad.<br><br>En representaci\u00f3n del Frente de Todos (FdT), el primer orador y miembro informante fue&nbsp;<strong>el senador Daniel Bensus\u00e1n (La Pampa). \u201cLa violencia de nuestras infancias atraviesa toda la sociedad y nos interpela a quienes tenemos responsabilidades institucionales y pol\u00edticas\u201d, dijo.<\/strong><\/p>\n\n\n\n<p><\/p>\n\n\n\n<figure class=\"wp-block-image size-large\"><img decoding=\"async\" width=\"1024\" height=\"682\" src=\"https:\/\/diariotextual.com\/inicio\/wp-content\/uploads\/2023\/04\/bensusandanieldupuyramonsilvialeylucio2023-1-1024x682.jpeg\" alt=\"\" class=\"wp-image-222121\" srcset=\"https:\/\/diariotextual.com\/inicio\/wp-content\/uploads\/2023\/04\/bensusandanieldupuyramonsilvialeylucio2023-1-1024x682.jpeg 1024w, https:\/\/diariotextual.com\/inicio\/wp-content\/uploads\/2023\/04\/bensusandanieldupuyramonsilvialeylucio2023-1-300x200.jpeg 300w, https:\/\/diariotextual.com\/inicio\/wp-content\/uploads\/2023\/04\/bensusandanieldupuyramonsilvialeylucio2023-1-768x511.jpeg 768w, https:\/\/diariotextual.com\/inicio\/wp-content\/uploads\/2023\/04\/bensusandanieldupuyramonsilvialeylucio2023-1-1536x1022.jpeg 1536w, https:\/\/diariotextual.com\/inicio\/wp-content\/uploads\/2023\/04\/bensusandanieldupuyramonsilvialeylucio2023-1-1170x779.jpeg 1170w, https:\/\/diariotextual.com\/inicio\/wp-content\/uploads\/2023\/04\/bensusandanieldupuyramonsilvialeylucio2023-1-585x389.jpeg 585w, https:\/\/diariotextual.com\/inicio\/wp-content\/uploads\/2023\/04\/bensusandanieldupuyramonsilvialeylucio2023-1-263x175.jpeg 263w, https:\/\/diariotextual.com\/inicio\/wp-content\/uploads\/2023\/04\/bensusandanieldupuyramonsilvialeylucio2023-1.jpeg 1600w\" sizes=\"(max-width: 1024px) 100vw, 1024px\" \/><\/figure>\n\n\n\n<p><br>\u201cEs evidente que con las leyes solas no alcanza, tampoco con la voluntad sola de los gobiernos. Este es un tema que atraviesa a toda la sociedad. Pero debemos tener en claro un actor fundamental, sin el cual todo lo anterior no tendr\u00eda sentido: el compromiso social de todas y todos contra la violencia en las infancias. La vulneraci\u00f3n de los derechos de las infancias nos interpela y pone en claro la necesidad de conformar un verdadero Pacto Social tendiente a terminar con estas pr\u00e1cticas\u201d, fundament\u00f3 en su presentaci\u00f3n.  \u201cMientras existan algunos medios de comunicaci\u00f3n que recurran al morbo en el asesinato de ni\u00f1os para aumentar sus audiencias; mientras existan qui\u00e9nes usen estos aberrantes hechos para fines electorales; mientras todav\u00eda se piense que el maltrato a nuestras infancias y adolescencias son cuestiones en las que no hay que meterse porque son puertas adentro y se mire para otro lado; no estaremos respondiendo en forma madura, como sociedad\u201d.<br><\/p>\n\n\n\n<p>Bensus\u00e1n pidi\u00f3 que no se revictimice a las personas menores que sufren situaciones de violencia o abuso. \u201cEsto se empieza a cambiar haciendo lo que hacemos hoy, legislando. Dando herramientas para que el estado act\u00fae, para que las y los agentes de ese estado tengan a\u00fan m\u00e1s claro lo que deben hacer. Fortaleciendo el accionar institucional del estado, y no debilit\u00e1ndolo\u201d.<br><\/p>\n\n\n\n<p>Antes de la votaci\u00f3n, Bensus\u00e1n se reuni\u00f3 con Ram\u00f3n Dupuy y Silvia G\u00f3mez, abuelos de Lucio, qui\u00e9nes concurrieron especialmente para participar de la sesi\u00f3n del Senado.<\/p>\n\n\n\n<figure class=\"wp-block-image size-full\"><img decoding=\"async\" width=\"765\" height=\"465\" src=\"https:\/\/diariotextual.com\/inicio\/wp-content\/uploads\/2023\/04\/dupuysenadoleylucioabuelos3.png\" alt=\"\" class=\"wp-image-222094\" srcset=\"https:\/\/diariotextual.com\/inicio\/wp-content\/uploads\/2023\/04\/dupuysenadoleylucioabuelos3.png 765w, https:\/\/diariotextual.com\/inicio\/wp-content\/uploads\/2023\/04\/dupuysenadoleylucioabuelos3-300x182.png 300w, https:\/\/diariotextual.com\/inicio\/wp-content\/uploads\/2023\/04\/dupuysenadoleylucioabuelos3-585x356.png 585w\" sizes=\"(max-width: 765px) 100vw, 765px\" \/><\/figure>\n\n\n\n<p>Otro de los oradores fue Daniel Kroneberger (Juntos por el Cambio). \u201cNo caben dudas de que es muy importante y necesario que en el Senado de la Naci\u00f3n hoy estemos tratando una Ley trascendental para estos tiempos; tiempos en que comienzan a visibilizarse algunas problem\u00e1ticas no solo en Argentina, sino en el mundo. Y visibilizar implica estudiar los problemas, ponerles un nombre, describirlos y abordarlos desde distintas miradas. Se trata de debatir con madurez, con certezas y con responsabilidad, para encontrar soluciones en conjunto. Eso es visibilizar\u201d, dijo.<\/p>\n\n\n\n<figure class=\"wp-block-image size-large\"><img loading=\"lazy\" decoding=\"async\" width=\"1024\" height=\"682\" src=\"https:\/\/diariotextual.com\/inicio\/wp-content\/uploads\/2023\/04\/kronebergerdaniel2023-11-1024x682.jpeg\" alt=\"\" class=\"wp-image-222126\" srcset=\"https:\/\/diariotextual.com\/inicio\/wp-content\/uploads\/2023\/04\/kronebergerdaniel2023-11-1024x682.jpeg 1024w, https:\/\/diariotextual.com\/inicio\/wp-content\/uploads\/2023\/04\/kronebergerdaniel2023-11-300x200.jpeg 300w, https:\/\/diariotextual.com\/inicio\/wp-content\/uploads\/2023\/04\/kronebergerdaniel2023-11-768x512.jpeg 768w, https:\/\/diariotextual.com\/inicio\/wp-content\/uploads\/2023\/04\/kronebergerdaniel2023-11-1536x1023.jpeg 1536w, https:\/\/diariotextual.com\/inicio\/wp-content\/uploads\/2023\/04\/kronebergerdaniel2023-11-1170x780.jpeg 1170w, https:\/\/diariotextual.com\/inicio\/wp-content\/uploads\/2023\/04\/kronebergerdaniel2023-11-585x390.jpeg 585w, https:\/\/diariotextual.com\/inicio\/wp-content\/uploads\/2023\/04\/kronebergerdaniel2023-11-263x175.jpeg 263w, https:\/\/diariotextual.com\/inicio\/wp-content\/uploads\/2023\/04\/kronebergerdaniel2023-11.jpeg 1600w\" sizes=\"(max-width: 1024px) 100vw, 1024px\" \/><\/figure>\n\n\n\n<p><\/p>\n\n\n\n<p>La llamada Ley Lucio que busca prevenir la violencia y abuso en la infancia establece capacitaciones continuas y obligatorias, campa\u00f1as de concientizaci\u00f3n y mayor presupuesto.<\/p>\n\n\n\n<p>El proyecto crea el Plan Federal de Capacitaci\u00f3n de car\u00e1cter continuo, permanente y obligatorio en Derechos de Ni\u00f1os, Ni\u00f1as y Adolescentes (NNyA) -plan que le da nombre a la ley- dirigido a todas las personas que se desempe\u00f1en en la funci\u00f3n p\u00fablica en todos sus niveles y jerarqu\u00edas en los poderes Ejecutivo, Legislativo y Judicial.<\/p>\n\n\n\n<p>La capacitaci\u00f3n prevista puede extenderse a administraciones provinciales y municipales y organizaciones sociales, deportivas, recreativas y culturales.<\/p>\n\n\n\n<p>La Senaf, dependiente del Ministerio de Desarrollo Social, ser\u00e1 la autoridad de aplicaci\u00f3n de la ley, por lo que tendr\u00e1 una \u00abobligaci\u00f3n inmediata y directa\u00bb en las capacitaciones y campa\u00f1as de concientizaci\u00f3n que deber\u00e1n realizarse, en lo que ya cuentan con \u00abcierta experiencia acumulada\u00bb.<\/p>\n\n\n\n<p>Uno de los art\u00edculos de la ley plantea, adem\u00e1s, la&nbsp;<strong>creaci\u00f3n de campa\u00f1as de concientizaci\u00f3n para que toda la poblaci\u00f3n se involucre en la promoci\u00f3n y defensa de los derechos de NNyA.<\/strong><\/p>\n\n\n\n<p>Asimismo, otro eje central es la protecci\u00f3n de los denunciantes en los casos de posible vulneraci\u00f3n, procurando \u00abla reserva de identidad del denunciante y la protecci\u00f3n de su integridad\u00bb.<\/p>\n\n\n\n<p>La ley enfatiza en el deber de comunicar una vulneraci\u00f3n o amenaza de derechos y el deber de recibir y tramitar una denuncia por parte del funcionario p\u00fablico, conforme lo establecido en la ley 26.061 de Protecci\u00f3n Integral de los Derechos de NNyA y la Ley 27.455 de Abuso en la Infancia.<\/p>\n\n\n\n<figure class=\"wp-block-embed is-type-wp-embed is-provider-diario-textual wp-block-embed-diario-textual\"><div class=\"wp-block-embed__wrapper\">\n<blockquote class=\"wp-embedded-content\" data-secret=\"YjSydKJLJ2\"><a href=\"https:\/\/diariotextual.com\/inicio\/index.php\/2023\/04\/13\/cristina-con-los-abuelos-de-lucio-su-amor-y-compromiso-lograron-la-sancion-de-la-ley\/\">Cristina, con los abuelos de Lucio: \u201cSu amor y compromiso lograron la sanci\u00f3n de la ley\u201d<\/a><\/blockquote><iframe class=\"wp-embedded-content\" sandbox=\"allow-scripts\" security=\"restricted\" style=\"position: absolute; clip: rect(1px, 1px, 1px, 1px);\" title=\"\u00abCristina, con los abuelos de Lucio: \u201cSu amor y compromiso lograron la sanci\u00f3n de la ley\u201d\u00bb \u2014 Diario Textual\" src=\"https:\/\/diariotextual.com\/inicio\/index.php\/2023\/04\/13\/cristina-con-los-abuelos-de-lucio-su-amor-y-compromiso-lograron-la-sancion-de-la-ley\/embed\/#?secret=FQzRawIqKg#?secret=YjSydKJLJ2\" data-secret=\"YjSydKJLJ2\" width=\"600\" height=\"338\" frameborder=\"0\" marginwidth=\"0\" marginheight=\"0\" scrolling=\"no\"><\/iframe>\n<\/div><\/figure>\n","protected":false},"excerpt":{"rendered":"<p>El Senado de la Naci\u00f3n aprob\u00f3 hoy por unanimidad el proyecto de la llamada Ley Lucio, en recuerdo al ni\u00f1o asesinado Lucio Dupuy, por el que se crea el Plan&hellip;<\/p>\n","protected":false},"author":4,"featured_media":222090,"comment_status":"closed","ping_status":"open","sticky":false,"template":"","format":"standard","meta":{"_acf_changed":false,"footnotes":""},"categories":[11,12],"tags":[6379],"class_list":["post-222085","post","type-post","status-publish","format-standard","has-post-thumbnail","hentry","category-que-pasa","category-sociedad","tag-ley-lucio"],"acf":[],"yoast_head":"<!-- This site is optimized with the Yoast SEO plugin v27.5 - https:\/\/yoast.com\/product\/yoast-seo-wordpress\/ -->\n<title>El Senado aprob\u00f3 por unanimidad la Ley Lucio - Diario Textual<\/title>\n<meta name=\"robots\" content=\"index, follow, max-snippet:-1, max-image-preview:large, max-video-preview:-1\" \/>\n<link rel=\"canonical\" href=\"https:\/\/diariotextual.com\/inicio\/index.php\/2023\/04\/13\/el-senado-aprobo-por-unanimidad-la-ley-lucio\/\" \/>\n<meta property=\"og:locale\" content=\"es_ES\" \/>\n<meta property=\"og:type\" content=\"article\" \/>\n<meta property=\"og:title\" content=\"El Senado aprob\u00f3 por unanimidad la Ley Lucio - Diario Textual\" \/>\n<meta property=\"og:description\" content=\"El Senado de la Naci\u00f3n aprob\u00f3 hoy por unanimidad el proyecto de la llamada Ley Lucio, en recuerdo al ni\u00f1o asesinado Lucio Dupuy, por el que se crea el Plan&hellip;\" \/>\n<meta property=\"og:url\" content=\"https:\/\/diariotextual.com\/inicio\/index.php\/2023\/04\/13\/el-senado-aprobo-por-unanimidad-la-ley-lucio\/\" \/>\n<meta property=\"og:site_name\" content=\"Diario Textual\" \/>\n<meta property=\"article:publisher\" content=\"https:\/\/www.facebook.com\/eltextual\" \/>\n<meta property=\"article:published_time\" content=\"2023-04-13T20:48:00+00:00\" \/>\n<meta property=\"article:modified_time\" content=\"2023-04-14T11:13:29+00:00\" \/>\n<meta property=\"og:image\" content=\"https:\/\/diariotextual.com\/inicio\/wp-content\/uploads\/2023\/04\/dupuyabueloleyluciosenado54.png\" \/>\n\t<meta property=\"og:image:width\" content=\"927\" \/>\n\t<meta property=\"og:image:height\" content=\"498\" \/>\n\t<meta property=\"og:image:type\" content=\"image\/png\" \/>\n<meta name=\"author\" content=\"diario2\" \/>\n<meta name=\"twitter:card\" content=\"summary_large_image\" \/>\n<meta name=\"twitter:creator\" content=\"@eltextual\" \/>\n<meta name=\"twitter:site\" content=\"@eltextual\" \/>\n<meta name=\"twitter:label1\" content=\"Escrito por\" \/>\n\t<meta name=\"twitter:data1\" content=\"diario2\" \/>\n\t<meta name=\"twitter:label2\" content=\"Tiempo de lectura\" \/>\n\t<meta name=\"twitter:data2\" content=\"6 minutos\" \/>\n<script type=\"application\/ld+json\" class=\"yoast-schema-graph\">{\"@context\":\"https:\\\/\\\/schema.org\",\"@graph\":[{\"@type\":\"Article\",\"@id\":\"https:\\\/\\\/diariotextual.com\\\/inicio\\\/index.php\\\/2023\\\/04\\\/13\\\/el-senado-aprobo-por-unanimidad-la-ley-lucio\\\/#article\",\"isPartOf\":{\"@id\":\"https:\\\/\\\/diariotextual.com\\\/inicio\\\/index.php\\\/2023\\\/04\\\/13\\\/el-senado-aprobo-por-unanimidad-la-ley-lucio\\\/\"},\"author\":{\"name\":\"diario2\",\"@id\":\"https:\\\/\\\/diariotextual.com\\\/inicio\\\/#\\\/schema\\\/person\\\/694f60677f23c4a530867a98f22b3768\"},\"headline\":\"El Senado aprob\u00f3 por unanimidad la Ley Lucio\",\"datePublished\":\"2023-04-13T20:48:00+00:00\",\"dateModified\":\"2023-04-14T11:13:29+00:00\",\"mainEntityOfPage\":{\"@id\":\"https:\\\/\\\/diariotextual.com\\\/inicio\\\/index.php\\\/2023\\\/04\\\/13\\\/el-senado-aprobo-por-unanimidad-la-ley-lucio\\\/\"},\"wordCount\":1125,\"publisher\":{\"@id\":\"https:\\\/\\\/diariotextual.com\\\/inicio\\\/#organization\"},\"image\":{\"@id\":\"https:\\\/\\\/diariotextual.com\\\/inicio\\\/index.php\\\/2023\\\/04\\\/13\\\/el-senado-aprobo-por-unanimidad-la-ley-lucio\\\/#primaryimage\"},\"thumbnailUrl\":\"https:\\\/\\\/diariotextual.com\\\/inicio\\\/wp-content\\\/uploads\\\/2023\\\/04\\\/dupuyabueloleyluciosenado54.png\",\"keywords\":[\"Ley Lucio\"],\"articleSection\":[\"A - QUE PASA (al costado)\",\"SOCIEDAD\"],\"inLanguage\":\"es\"},{\"@type\":\"WebPage\",\"@id\":\"https:\\\/\\\/diariotextual.com\\\/inicio\\\/index.php\\\/2023\\\/04\\\/13\\\/el-senado-aprobo-por-unanimidad-la-ley-lucio\\\/\",\"url\":\"https:\\\/\\\/diariotextual.com\\\/inicio\\\/index.php\\\/2023\\\/04\\\/13\\\/el-senado-aprobo-por-unanimidad-la-ley-lucio\\\/\",\"name\":\"El Senado aprob\u00f3 por unanimidad la Ley Lucio - Diario Textual\",\"isPartOf\":{\"@id\":\"https:\\\/\\\/diariotextual.com\\\/inicio\\\/#website\"},\"primaryImageOfPage\":{\"@id\":\"https:\\\/\\\/diariotextual.com\\\/inicio\\\/index.php\\\/2023\\\/04\\\/13\\\/el-senado-aprobo-por-unanimidad-la-ley-lucio\\\/#primaryimage\"},\"image\":{\"@id\":\"https:\\\/\\\/diariotextual.com\\\/inicio\\\/index.php\\\/2023\\\/04\\\/13\\\/el-senado-aprobo-por-unanimidad-la-ley-lucio\\\/#primaryimage\"},\"thumbnailUrl\":\"https:\\\/\\\/diariotextual.com\\\/inicio\\\/wp-content\\\/uploads\\\/2023\\\/04\\\/dupuyabueloleyluciosenado54.png\",\"datePublished\":\"2023-04-13T20:48:00+00:00\",\"dateModified\":\"2023-04-14T11:13:29+00:00\",\"breadcrumb\":{\"@id\":\"https:\\\/\\\/diariotextual.com\\\/inicio\\\/index.php\\\/2023\\\/04\\\/13\\\/el-senado-aprobo-por-unanimidad-la-ley-lucio\\\/#breadcrumb\"},\"inLanguage\":\"es\",\"potentialAction\":[{\"@type\":\"ReadAction\",\"target\":[\"https:\\\/\\\/diariotextual.com\\\/inicio\\\/index.php\\\/2023\\\/04\\\/13\\\/el-senado-aprobo-por-unanimidad-la-ley-lucio\\\/\"]}]},{\"@type\":\"ImageObject\",\"inLanguage\":\"es\",\"@id\":\"https:\\\/\\\/diariotextual.com\\\/inicio\\\/index.php\\\/2023\\\/04\\\/13\\\/el-senado-aprobo-por-unanimidad-la-ley-lucio\\\/#primaryimage\",\"url\":\"https:\\\/\\\/diariotextual.com\\\/inicio\\\/wp-content\\\/uploads\\\/2023\\\/04\\\/dupuyabueloleyluciosenado54.png\",\"contentUrl\":\"https:\\\/\\\/diariotextual.com\\\/inicio\\\/wp-content\\\/uploads\\\/2023\\\/04\\\/dupuyabueloleyluciosenado54.png\",\"width\":927,\"height\":498},{\"@type\":\"BreadcrumbList\",\"@id\":\"https:\\\/\\\/diariotextual.com\\\/inicio\\\/index.php\\\/2023\\\/04\\\/13\\\/el-senado-aprobo-por-unanimidad-la-ley-lucio\\\/#breadcrumb\",\"itemListElement\":[{\"@type\":\"ListItem\",\"position\":1,\"name\":\"Portada\",\"item\":\"https:\\\/\\\/diariotextual.com\\\/inicio\\\/\"},{\"@type\":\"ListItem\",\"position\":2,\"name\":\"El Senado aprob\u00f3 por unanimidad la Ley Lucio\"}]},{\"@type\":\"WebSite\",\"@id\":\"https:\\\/\\\/diariotextual.com\\\/inicio\\\/#website\",\"url\":\"https:\\\/\\\/diariotextual.com\\\/inicio\\\/\",\"name\":\"Diario Textual\",\"description\":\"\",\"publisher\":{\"@id\":\"https:\\\/\\\/diariotextual.com\\\/inicio\\\/#organization\"},\"potentialAction\":[{\"@type\":\"SearchAction\",\"target\":{\"@type\":\"EntryPoint\",\"urlTemplate\":\"https:\\\/\\\/diariotextual.com\\\/inicio\\\/?s={search_term_string}\"},\"query-input\":{\"@type\":\"PropertyValueSpecification\",\"valueRequired\":true,\"valueName\":\"search_term_string\"}}],\"inLanguage\":\"es\"},{\"@type\":\"Organization\",\"@id\":\"https:\\\/\\\/diariotextual.com\\\/inicio\\\/#organization\",\"name\":\"Diario Textual\",\"url\":\"https:\\\/\\\/diariotextual.com\\\/inicio\\\/\",\"logo\":{\"@type\":\"ImageObject\",\"inLanguage\":\"es\",\"@id\":\"https:\\\/\\\/diariotextual.com\\\/inicio\\\/#\\\/schema\\\/logo\\\/image\\\/\",\"url\":\"https:\\\/\\\/diariotextual.com\\\/inicio\\\/wp-content\\\/uploads\\\/2023\\\/05\\\/logotextual1.jpg\",\"contentUrl\":\"https:\\\/\\\/diariotextual.com\\\/inicio\\\/wp-content\\\/uploads\\\/2023\\\/05\\\/logotextual1.jpg\",\"width\":516,\"height\":76,\"caption\":\"Diario Textual\"},\"image\":{\"@id\":\"https:\\\/\\\/diariotextual.com\\\/inicio\\\/#\\\/schema\\\/logo\\\/image\\\/\"},\"sameAs\":[\"https:\\\/\\\/www.facebook.com\\\/eltextual\",\"https:\\\/\\\/x.com\\\/eltextual\",\"http:\\\/\\\/www.instagram.com\\\/eltextual\"]},{\"@type\":\"Person\",\"@id\":\"https:\\\/\\\/diariotextual.com\\\/inicio\\\/#\\\/schema\\\/person\\\/694f60677f23c4a530867a98f22b3768\",\"name\":\"diario2\",\"image\":{\"@type\":\"ImageObject\",\"inLanguage\":\"es\",\"@id\":\"https:\\\/\\\/secure.gravatar.com\\\/avatar\\\/5a2567495ba16b852fcd8f1ed006a2e24fcace936018ed8237e95f488ad6e0a7?s=96&d=mm&r=g\",\"url\":\"https:\\\/\\\/secure.gravatar.com\\\/avatar\\\/5a2567495ba16b852fcd8f1ed006a2e24fcace936018ed8237e95f488ad6e0a7?s=96&d=mm&r=g\",\"contentUrl\":\"https:\\\/\\\/secure.gravatar.com\\\/avatar\\\/5a2567495ba16b852fcd8f1ed006a2e24fcace936018ed8237e95f488ad6e0a7?s=96&d=mm&r=g\",\"caption\":\"diario2\"},\"url\":\"https:\\\/\\\/diariotextual.com\\\/inicio\\\/index.php\\\/author\\\/diario2\\\/\"}]}<\/script>\n<!-- \/ Yoast SEO plugin. -->","yoast_head_json":{"title":"El Senado aprob\u00f3 por unanimidad la Ley Lucio - Diario Textual","robots":{"index":"index","follow":"follow","max-snippet":"max-snippet:-1","max-image-preview":"max-image-preview:large","max-video-preview":"max-video-preview:-1"},"canonical":"https:\/\/diariotextual.com\/inicio\/index.php\/2023\/04\/13\/el-senado-aprobo-por-unanimidad-la-ley-lucio\/","og_locale":"es_ES","og_type":"article","og_title":"El Senado aprob\u00f3 por unanimidad la Ley Lucio - Diario Textual","og_description":"El Senado de la Naci\u00f3n aprob\u00f3 hoy por unanimidad el proyecto de la llamada Ley Lucio, en recuerdo al ni\u00f1o asesinado Lucio Dupuy, por el que se crea el Plan&hellip;","og_url":"https:\/\/diariotextual.com\/inicio\/index.php\/2023\/04\/13\/el-senado-aprobo-por-unanimidad-la-ley-lucio\/","og_site_name":"Diario Textual","article_publisher":"https:\/\/www.facebook.com\/eltextual","article_published_time":"2023-04-13T20:48:00+00:00","article_modified_time":"2023-04-14T11:13:29+00:00","og_image":[{"width":927,"height":498,"url":"https:\/\/diariotextual.com\/inicio\/wp-content\/uploads\/2023\/04\/dupuyabueloleyluciosenado54.png","type":"image\/png"}],"author":"diario2","twitter_card":"summary_large_image","twitter_creator":"@eltextual","twitter_site":"@eltextual","twitter_misc":{"Escrito por":"diario2","Tiempo de lectura":"6 minutos"},"schema":{"@context":"https:\/\/schema.org","@graph":[{"@type":"Article","@id":"https:\/\/diariotextual.com\/inicio\/index.php\/2023\/04\/13\/el-senado-aprobo-por-unanimidad-la-ley-lucio\/#article","isPartOf":{"@id":"https:\/\/diariotextual.com\/inicio\/index.php\/2023\/04\/13\/el-senado-aprobo-por-unanimidad-la-ley-lucio\/"},"author":{"name":"diario2","@id":"https:\/\/diariotextual.com\/inicio\/#\/schema\/person\/694f60677f23c4a530867a98f22b3768"},"headline":"El Senado aprob\u00f3 por unanimidad la Ley Lucio","datePublished":"2023-04-13T20:48:00+00:00","dateModified":"2023-04-14T11:13:29+00:00","mainEntityOfPage":{"@id":"https:\/\/diariotextual.com\/inicio\/index.php\/2023\/04\/13\/el-senado-aprobo-por-unanimidad-la-ley-lucio\/"},"wordCount":1125,"publisher":{"@id":"https:\/\/diariotextual.com\/inicio\/#organization"},"image":{"@id":"https:\/\/diariotextual.com\/inicio\/index.php\/2023\/04\/13\/el-senado-aprobo-por-unanimidad-la-ley-lucio\/#primaryimage"},"thumbnailUrl":"https:\/\/diariotextual.com\/inicio\/wp-content\/uploads\/2023\/04\/dupuyabueloleyluciosenado54.png","keywords":["Ley Lucio"],"articleSection":["A - QUE PASA (al costado)","SOCIEDAD"],"inLanguage":"es"},{"@type":"WebPage","@id":"https:\/\/diariotextual.com\/inicio\/index.php\/2023\/04\/13\/el-senado-aprobo-por-unanimidad-la-ley-lucio\/","url":"https:\/\/diariotextual.com\/inicio\/index.php\/2023\/04\/13\/el-senado-aprobo-por-unanimidad-la-ley-lucio\/","name":"El Senado aprob\u00f3 por unanimidad la Ley Lucio - Diario Textual","isPartOf":{"@id":"https:\/\/diariotextual.com\/inicio\/#website"},"primaryImageOfPage":{"@id":"https:\/\/diariotextual.com\/inicio\/index.php\/2023\/04\/13\/el-senado-aprobo-por-unanimidad-la-ley-lucio\/#primaryimage"},"image":{"@id":"https:\/\/diariotextual.com\/inicio\/index.php\/2023\/04\/13\/el-senado-aprobo-por-unanimidad-la-ley-lucio\/#primaryimage"},"thumbnailUrl":"https:\/\/diariotextual.com\/inicio\/wp-content\/uploads\/2023\/04\/dupuyabueloleyluciosenado54.png","datePublished":"2023-04-13T20:48:00+00:00","dateModified":"2023-04-14T11:13:29+00:00","breadcrumb":{"@id":"https:\/\/diariotextual.com\/inicio\/index.php\/2023\/04\/13\/el-senado-aprobo-por-unanimidad-la-ley-lucio\/#breadcrumb"},"inLanguage":"es","potentialAction":[{"@type":"ReadAction","target":["https:\/\/diariotextual.com\/inicio\/index.php\/2023\/04\/13\/el-senado-aprobo-por-unanimidad-la-ley-lucio\/"]}]},{"@type":"ImageObject","inLanguage":"es","@id":"https:\/\/diariotextual.com\/inicio\/index.php\/2023\/04\/13\/el-senado-aprobo-por-unanimidad-la-ley-lucio\/#primaryimage","url":"https:\/\/diariotextual.com\/inicio\/wp-content\/uploads\/2023\/04\/dupuyabueloleyluciosenado54.png","contentUrl":"https:\/\/diariotextual.com\/inicio\/wp-content\/uploads\/2023\/04\/dupuyabueloleyluciosenado54.png","width":927,"height":498},{"@type":"BreadcrumbList","@id":"https:\/\/diariotextual.com\/inicio\/index.php\/2023\/04\/13\/el-senado-aprobo-por-unanimidad-la-ley-lucio\/#breadcrumb","itemListElement":[{"@type":"ListItem","position":1,"name":"Portada","item":"https:\/\/diariotextual.com\/inicio\/"},{"@type":"ListItem","position":2,"name":"El Senado aprob\u00f3 por unanimidad la Ley Lucio"}]},{"@type":"WebSite","@id":"https:\/\/diariotextual.com\/inicio\/#website","url":"https:\/\/diariotextual.com\/inicio\/","name":"Diario Textual","description":"","publisher":{"@id":"https:\/\/diariotextual.com\/inicio\/#organization"},"potentialAction":[{"@type":"SearchAction","target":{"@type":"EntryPoint","urlTemplate":"https:\/\/diariotextual.com\/inicio\/?s={search_term_string}"},"query-input":{"@type":"PropertyValueSpecification","valueRequired":true,"valueName":"search_term_string"}}],"inLanguage":"es"},{"@type":"Organization","@id":"https:\/\/diariotextual.com\/inicio\/#organization","name":"Diario Textual","url":"https:\/\/diariotextual.com\/inicio\/","logo":{"@type":"ImageObject","inLanguage":"es","@id":"https:\/\/diariotextual.com\/inicio\/#\/schema\/logo\/image\/","url":"https:\/\/diariotextual.com\/inicio\/wp-content\/uploads\/2023\/05\/logotextual1.jpg","contentUrl":"https:\/\/diariotextual.com\/inicio\/wp-content\/uploads\/2023\/05\/logotextual1.jpg","width":516,"height":76,"caption":"Diario Textual"},"image":{"@id":"https:\/\/diariotextual.com\/inicio\/#\/schema\/logo\/image\/"},"sameAs":["https:\/\/www.facebook.com\/eltextual","https:\/\/x.com\/eltextual","http:\/\/www.instagram.com\/eltextual"]},{"@type":"Person","@id":"https:\/\/diariotextual.com\/inicio\/#\/schema\/person\/694f60677f23c4a530867a98f22b3768","name":"diario2","image":{"@type":"ImageObject","inLanguage":"es","@id":"https:\/\/secure.gravatar.com\/avatar\/5a2567495ba16b852fcd8f1ed006a2e24fcace936018ed8237e95f488ad6e0a7?s=96&d=mm&r=g","url":"https:\/\/secure.gravatar.com\/avatar\/5a2567495ba16b852fcd8f1ed006a2e24fcace936018ed8237e95f488ad6e0a7?s=96&d=mm&r=g","contentUrl":"https:\/\/secure.gravatar.com\/avatar\/5a2567495ba16b852fcd8f1ed006a2e24fcace936018ed8237e95f488ad6e0a7?s=96&d=mm&r=g","caption":"diario2"},"url":"https:\/\/diariotextual.com\/inicio\/index.php\/author\/diario2\/"}]}},"_links":{"self":[{"href":"https:\/\/diariotextual.com\/inicio\/index.php\/wp-json\/wp\/v2\/posts\/222085","targetHints":{"allow":["GET"]}}],"collection":[{"href":"https:\/\/diariotextual.com\/inicio\/index.php\/wp-json\/wp\/v2\/posts"}],"about":[{"href":"https:\/\/diariotextual.com\/inicio\/index.php\/wp-json\/wp\/v2\/types\/post"}],"author":[{"embeddable":true,"href":"https:\/\/diariotextual.com\/inicio\/index.php\/wp-json\/wp\/v2\/users\/4"}],"replies":[{"embeddable":true,"href":"https:\/\/diariotextual.com\/inicio\/index.php\/wp-json\/wp\/v2\/comments?post=222085"}],"version-history":[{"count":13,"href":"https:\/\/diariotextual.com\/inicio\/index.php\/wp-json\/wp\/v2\/posts\/222085\/revisions"}],"predecessor-version":[{"id":222132,"href":"https:\/\/diariotextual.com\/inicio\/index.php\/wp-json\/wp\/v2\/posts\/222085\/revisions\/222132"}],"wp:featuredmedia":[{"embeddable":true,"href":"https:\/\/diariotextual.com\/inicio\/index.php\/wp-json\/wp\/v2\/media\/222090"}],"wp:attachment":[{"href":"https:\/\/diariotextual.com\/inicio\/index.php\/wp-json\/wp\/v2\/media?parent=222085"}],"wp:term":[{"taxonomy":"category","embeddable":true,"href":"https:\/\/diariotextual.com\/inicio\/index.php\/wp-json\/wp\/v2\/categories?post=222085"},{"taxonomy":"post_tag","embeddable":true,"href":"https:\/\/diariotextual.com\/inicio\/index.php\/wp-json\/wp\/v2\/tags?post=222085"}],"curies":[{"name":"wp","href":"https:\/\/api.w.org\/{rel}","templated":true}]}}