{"id":22232,"date":"2018-10-02T19:13:18","date_gmt":"2018-10-02T22:13:18","guid":{"rendered":"http:\/\/diariotextual.com\/inicio\/?p=22232"},"modified":"2018-10-03T15:21:31","modified_gmt":"2018-10-03T18:21:31","slug":"bomberos-voluntarios-suspendieron-las-capacitaciones-falta-fondos","status":"publish","type":"post","link":"https:\/\/diariotextual.com\/inicio\/index.php\/2018\/10\/02\/bomberos-voluntarios-suspendieron-las-capacitaciones-falta-fondos\/","title":{"rendered":"Bomberos voluntarios suspendieron las capacitaciones por falta de fondos"},"content":{"rendered":"<p>La <strong>Federaci\u00f3n de Bomberos Voluntarios de La Pampa inform\u00f3 que \u00abante la demora\u00bb del gobierno nacional en el pago de fondos se vio obligada a suspender las capacitaciones<\/strong> desde este mes. <strong>Ocurre a d\u00edas de que comience la temporada de incendios rurales.<\/strong><\/p>\n<p>\u00abEsta situaci\u00f3n de desfinanciamiento no solo ha afectado a la Federaci\u00f3n Provincial sino tambi\u00e9n al Consejo Nacional y a su Academia de Bomberos\u00bb, inform\u00f3.<\/p>\n<p>\u00abLa preocupaci\u00f3n mayor radica en que si bien los fondos han sido recaudados por el sistema previsto en la Ley Nacional de Bomberos, la transferencia de los mismos por parte del Ministerio de Hacienda de Naci\u00f3n a\u00fan no se hizo efectiva\u00bb, agreg\u00f3. \u00abAnte esta situaci\u00f3n, la Federaci\u00f3n decidi\u00f3 continuar \u00fanicamente con el desarrollo de las mesas de examen de los distintos niveles y las actividades que pudieran ser solventadas por las propias Asociaciones de Bomberos de la provincia y que revistan car\u00e1cter de indispensables\u00bb.<\/p>\n<p>La federaci\u00f3n inform\u00f3 que el desarrollo de las capacitaciones se reanudar\u00e1 normalmente a partir de la recepci\u00f3n de los fondos, reprogram\u00e1ndose las que hubieran sido suspendidas.<\/p>\n","protected":false},"excerpt":{"rendered":"<p>La Federaci\u00f3n de Bomberos Voluntarios de La Pampa inform\u00f3 que \u00abante la demora\u00bb del gobierno nacional en el pago de fondos se vio obligada a suspender las capacitaciones desde este&hellip;<\/p>\n","protected":false},"author":3,"featured_media":22233,"comment_status":"closed","ping_status":"open","sticky":false,"template":"","format":"standard","meta":{"_acf_changed":false,"footnotes":""},"categories":[4,11,319,12],"tags":[],"class_list":["post-22232","post","type-post","status-publish","format-standard","has-post-thumbnail","hentry","category-destacadas","category-que-pasa","category-a-temporales","category-sociedad"],"acf":[],"yoast_head":"<!-- This site is optimized with the Yoast SEO plugin v27.5 - https:\/\/yoast.com\/product\/yoast-seo-wordpress\/ -->\n<title>Bomberos voluntarios suspendieron las capacitaciones por falta de fondos - Diario Textual<\/title>\n<meta name=\"robots\" content=\"index, follow, max-snippet:-1, max-image-preview:large, max-video-preview:-1\" \/>\n<link rel=\"canonical\" href=\"https:\/\/diariotextual.com\/inicio\/index.php\/2018\/10\/02\/bomberos-voluntarios-suspendieron-las-capacitaciones-falta-fondos\/\" \/>\n<meta property=\"og:locale\" content=\"es_ES\" \/>\n<meta property=\"og:type\" content=\"article\" \/>\n<meta property=\"og:title\" content=\"Bomberos voluntarios suspendieron las capacitaciones por falta de fondos - Diario Textual\" \/>\n<meta property=\"og:description\" content=\"La Federaci\u00f3n de Bomberos Voluntarios de La Pampa inform\u00f3 que \u00abante la demora\u00bb del gobierno nacional en el pago de fondos se vio obligada a suspender las capacitaciones desde este&hellip;\" \/>\n<meta property=\"og:url\" content=\"https:\/\/diariotextual.com\/inicio\/index.php\/2018\/10\/02\/bomberos-voluntarios-suspendieron-las-capacitaciones-falta-fondos\/\" \/>\n<meta property=\"og:site_name\" content=\"Diario Textual\" \/>\n<meta property=\"article:publisher\" content=\"https:\/\/www.facebook.com\/eltextual\" \/>\n<meta property=\"article:published_time\" content=\"2018-10-02T22:13:18+00:00\" \/>\n<meta property=\"article:modified_time\" content=\"2018-10-03T18:21:31+00:00\" \/>\n<meta property=\"og:image\" content=\"https:\/\/diariotextual.com\/inicio\/wp-content\/uploads\/2018\/10\/incendiostextual2017-22.jpg\" \/>\n\t<meta property=\"og:image:width\" content=\"960\" \/>\n\t<meta property=\"og:image:height\" content=\"644\" \/>\n\t<meta property=\"og:image:type\" content=\"image\/jpeg\" \/>\n<meta name=\"author\" content=\"Diario1 Diario1\" \/>\n<meta name=\"twitter:card\" content=\"summary_large_image\" \/>\n<meta name=\"twitter:creator\" content=\"@eltextual\" \/>\n<meta name=\"twitter:site\" content=\"@eltextual\" \/>\n<meta name=\"twitter:label1\" content=\"Escrito por\" \/>\n\t<meta name=\"twitter:data1\" content=\"Diario1 Diario1\" \/>\n\t<meta name=\"twitter:label2\" content=\"Tiempo de lectura\" \/>\n\t<meta name=\"twitter:data2\" content=\"1 minuto\" \/>\n<script type=\"application\/ld+json\" class=\"yoast-schema-graph\">{\"@context\":\"https:\\\/\\\/schema.org\",\"@graph\":[{\"@type\":\"Article\",\"@id\":\"https:\\\/\\\/diariotextual.com\\\/inicio\\\/index.php\\\/2018\\\/10\\\/02\\\/bomberos-voluntarios-suspendieron-las-capacitaciones-falta-fondos\\\/#article\",\"isPartOf\":{\"@id\":\"https:\\\/\\\/diariotextual.com\\\/inicio\\\/index.php\\\/2018\\\/10\\\/02\\\/bomberos-voluntarios-suspendieron-las-capacitaciones-falta-fondos\\\/\"},\"author\":{\"name\":\"Diario1 Diario1\",\"@id\":\"https:\\\/\\\/diariotextual.com\\\/inicio\\\/#\\\/schema\\\/person\\\/418fc4093c33e86ed41562db3508f958\"},\"headline\":\"Bomberos voluntarios suspendieron las capacitaciones por falta de fondos\",\"datePublished\":\"2018-10-02T22:13:18+00:00\",\"dateModified\":\"2018-10-03T18:21:31+00:00\",\"mainEntityOfPage\":{\"@id\":\"https:\\\/\\\/diariotextual.com\\\/inicio\\\/index.php\\\/2018\\\/10\\\/02\\\/bomberos-voluntarios-suspendieron-las-capacitaciones-falta-fondos\\\/\"},\"wordCount\":199,\"publisher\":{\"@id\":\"https:\\\/\\\/diariotextual.com\\\/inicio\\\/#organization\"},\"image\":{\"@id\":\"https:\\\/\\\/diariotextual.com\\\/inicio\\\/index.php\\\/2018\\\/10\\\/02\\\/bomberos-voluntarios-suspendieron-las-capacitaciones-falta-fondos\\\/#primaryimage\"},\"thumbnailUrl\":\"https:\\\/\\\/diariotextual.com\\\/inicio\\\/wp-content\\\/uploads\\\/2018\\\/10\\\/incendiostextual2017-22.jpg\",\"articleSection\":[\"A - DESTACADAS (mod 16)\",\"A - QUE PASA (al costado)\",\"A - TEMPORALES\",\"SOCIEDAD\"],\"inLanguage\":\"es\"},{\"@type\":\"WebPage\",\"@id\":\"https:\\\/\\\/diariotextual.com\\\/inicio\\\/index.php\\\/2018\\\/10\\\/02\\\/bomberos-voluntarios-suspendieron-las-capacitaciones-falta-fondos\\\/\",\"url\":\"https:\\\/\\\/diariotextual.com\\\/inicio\\\/index.php\\\/2018\\\/10\\\/02\\\/bomberos-voluntarios-suspendieron-las-capacitaciones-falta-fondos\\\/\",\"name\":\"Bomberos voluntarios suspendieron las capacitaciones por falta de fondos - Diario Textual\",\"isPartOf\":{\"@id\":\"https:\\\/\\\/diariotextual.com\\\/inicio\\\/#website\"},\"primaryImageOfPage\":{\"@id\":\"https:\\\/\\\/diariotextual.com\\\/inicio\\\/index.php\\\/2018\\\/10\\\/02\\\/bomberos-voluntarios-suspendieron-las-capacitaciones-falta-fondos\\\/#primaryimage\"},\"image\":{\"@id\":\"https:\\\/\\\/diariotextual.com\\\/inicio\\\/index.php\\\/2018\\\/10\\\/02\\\/bomberos-voluntarios-suspendieron-las-capacitaciones-falta-fondos\\\/#primaryimage\"},\"thumbnailUrl\":\"https:\\\/\\\/diariotextual.com\\\/inicio\\\/wp-content\\\/uploads\\\/2018\\\/10\\\/incendiostextual2017-22.jpg\",\"datePublished\":\"2018-10-02T22:13:18+00:00\",\"dateModified\":\"2018-10-03T18:21:31+00:00\",\"breadcrumb\":{\"@id\":\"https:\\\/\\\/diariotextual.com\\\/inicio\\\/index.php\\\/2018\\\/10\\\/02\\\/bomberos-voluntarios-suspendieron-las-capacitaciones-falta-fondos\\\/#breadcrumb\"},\"inLanguage\":\"es\",\"potentialAction\":[{\"@type\":\"ReadAction\",\"target\":[\"https:\\\/\\\/diariotextual.com\\\/inicio\\\/index.php\\\/2018\\\/10\\\/02\\\/bomberos-voluntarios-suspendieron-las-capacitaciones-falta-fondos\\\/\"]}]},{\"@type\":\"ImageObject\",\"inLanguage\":\"es\",\"@id\":\"https:\\\/\\\/diariotextual.com\\\/inicio\\\/index.php\\\/2018\\\/10\\\/02\\\/bomberos-voluntarios-suspendieron-las-capacitaciones-falta-fondos\\\/#primaryimage\",\"url\":\"https:\\\/\\\/diariotextual.com\\\/inicio\\\/wp-content\\\/uploads\\\/2018\\\/10\\\/incendiostextual2017-22.jpg\",\"contentUrl\":\"https:\\\/\\\/diariotextual.com\\\/inicio\\\/wp-content\\\/uploads\\\/2018\\\/10\\\/incendiostextual2017-22.jpg\",\"width\":960,\"height\":644},{\"@type\":\"BreadcrumbList\",\"@id\":\"https:\\\/\\\/diariotextual.com\\\/inicio\\\/index.php\\\/2018\\\/10\\\/02\\\/bomberos-voluntarios-suspendieron-las-capacitaciones-falta-fondos\\\/#breadcrumb\",\"itemListElement\":[{\"@type\":\"ListItem\",\"position\":1,\"name\":\"Portada\",\"item\":\"https:\\\/\\\/diariotextual.com\\\/inicio\\\/\"},{\"@type\":\"ListItem\",\"position\":2,\"name\":\"Bomberos voluntarios suspendieron las capacitaciones por falta de fondos\"}]},{\"@type\":\"WebSite\",\"@id\":\"https:\\\/\\\/diariotextual.com\\\/inicio\\\/#website\",\"url\":\"https:\\\/\\\/diariotextual.com\\\/inicio\\\/\",\"name\":\"Diario Textual\",\"description\":\"\",\"publisher\":{\"@id\":\"https:\\\/\\\/diariotextual.com\\\/inicio\\\/#organization\"},\"potentialAction\":[{\"@type\":\"SearchAction\",\"target\":{\"@type\":\"EntryPoint\",\"urlTemplate\":\"https:\\\/\\\/diariotextual.com\\\/inicio\\\/?s={search_term_string}\"},\"query-input\":{\"@type\":\"PropertyValueSpecification\",\"valueRequired\":true,\"valueName\":\"search_term_string\"}}],\"inLanguage\":\"es\"},{\"@type\":\"Organization\",\"@id\":\"https:\\\/\\\/diariotextual.com\\\/inicio\\\/#organization\",\"name\":\"Diario Textual\",\"url\":\"https:\\\/\\\/diariotextual.com\\\/inicio\\\/\",\"logo\":{\"@type\":\"ImageObject\",\"inLanguage\":\"es\",\"@id\":\"https:\\\/\\\/diariotextual.com\\\/inicio\\\/#\\\/schema\\\/logo\\\/image\\\/\",\"url\":\"https:\\\/\\\/diariotextual.com\\\/inicio\\\/wp-content\\\/uploads\\\/2023\\\/05\\\/logotextual1.jpg\",\"contentUrl\":\"https:\\\/\\\/diariotextual.com\\\/inicio\\\/wp-content\\\/uploads\\\/2023\\\/05\\\/logotextual1.jpg\",\"width\":516,\"height\":76,\"caption\":\"Diario Textual\"},\"image\":{\"@id\":\"https:\\\/\\\/diariotextual.com\\\/inicio\\\/#\\\/schema\\\/logo\\\/image\\\/\"},\"sameAs\":[\"https:\\\/\\\/www.facebook.com\\\/eltextual\",\"https:\\\/\\\/x.com\\\/eltextual\",\"http:\\\/\\\/www.instagram.com\\\/eltextual\"]},{\"@type\":\"Person\",\"@id\":\"https:\\\/\\\/diariotextual.com\\\/inicio\\\/#\\\/schema\\\/person\\\/418fc4093c33e86ed41562db3508f958\",\"name\":\"Diario1 Diario1\",\"image\":{\"@type\":\"ImageObject\",\"inLanguage\":\"es\",\"@id\":\"https:\\\/\\\/secure.gravatar.com\\\/avatar\\\/9167d280179c85bc18be67aa7eda765854300033af4896dd779b608640f2ef7a?s=96&d=mm&r=g\",\"url\":\"https:\\\/\\\/secure.gravatar.com\\\/avatar\\\/9167d280179c85bc18be67aa7eda765854300033af4896dd779b608640f2ef7a?s=96&d=mm&r=g\",\"contentUrl\":\"https:\\\/\\\/secure.gravatar.com\\\/avatar\\\/9167d280179c85bc18be67aa7eda765854300033af4896dd779b608640f2ef7a?s=96&d=mm&r=g\",\"caption\":\"Diario1 Diario1\"},\"url\":\"https:\\\/\\\/diariotextual.com\\\/inicio\\\/index.php\\\/author\\\/diario1\\\/\"}]}<\/script>\n<!-- \/ Yoast SEO plugin. -->","yoast_head_json":{"title":"Bomberos voluntarios suspendieron las capacitaciones por falta de fondos - Diario Textual","robots":{"index":"index","follow":"follow","max-snippet":"max-snippet:-1","max-image-preview":"max-image-preview:large","max-video-preview":"max-video-preview:-1"},"canonical":"https:\/\/diariotextual.com\/inicio\/index.php\/2018\/10\/02\/bomberos-voluntarios-suspendieron-las-capacitaciones-falta-fondos\/","og_locale":"es_ES","og_type":"article","og_title":"Bomberos voluntarios suspendieron las capacitaciones por falta de fondos - Diario Textual","og_description":"La Federaci\u00f3n de Bomberos Voluntarios de La Pampa inform\u00f3 que \u00abante la demora\u00bb del gobierno nacional en el pago de fondos se vio obligada a suspender las capacitaciones desde este&hellip;","og_url":"https:\/\/diariotextual.com\/inicio\/index.php\/2018\/10\/02\/bomberos-voluntarios-suspendieron-las-capacitaciones-falta-fondos\/","og_site_name":"Diario Textual","article_publisher":"https:\/\/www.facebook.com\/eltextual","article_published_time":"2018-10-02T22:13:18+00:00","article_modified_time":"2018-10-03T18:21:31+00:00","og_image":[{"width":960,"height":644,"url":"https:\/\/diariotextual.com\/inicio\/wp-content\/uploads\/2018\/10\/incendiostextual2017-22.jpg","type":"image\/jpeg"}],"author":"Diario1 Diario1","twitter_card":"summary_large_image","twitter_creator":"@eltextual","twitter_site":"@eltextual","twitter_misc":{"Escrito por":"Diario1 Diario1","Tiempo de lectura":"1 minuto"},"schema":{"@context":"https:\/\/schema.org","@graph":[{"@type":"Article","@id":"https:\/\/diariotextual.com\/inicio\/index.php\/2018\/10\/02\/bomberos-voluntarios-suspendieron-las-capacitaciones-falta-fondos\/#article","isPartOf":{"@id":"https:\/\/diariotextual.com\/inicio\/index.php\/2018\/10\/02\/bomberos-voluntarios-suspendieron-las-capacitaciones-falta-fondos\/"},"author":{"name":"Diario1 Diario1","@id":"https:\/\/diariotextual.com\/inicio\/#\/schema\/person\/418fc4093c33e86ed41562db3508f958"},"headline":"Bomberos voluntarios suspendieron las capacitaciones por falta de fondos","datePublished":"2018-10-02T22:13:18+00:00","dateModified":"2018-10-03T18:21:31+00:00","mainEntityOfPage":{"@id":"https:\/\/diariotextual.com\/inicio\/index.php\/2018\/10\/02\/bomberos-voluntarios-suspendieron-las-capacitaciones-falta-fondos\/"},"wordCount":199,"publisher":{"@id":"https:\/\/diariotextual.com\/inicio\/#organization"},"image":{"@id":"https:\/\/diariotextual.com\/inicio\/index.php\/2018\/10\/02\/bomberos-voluntarios-suspendieron-las-capacitaciones-falta-fondos\/#primaryimage"},"thumbnailUrl":"https:\/\/diariotextual.com\/inicio\/wp-content\/uploads\/2018\/10\/incendiostextual2017-22.jpg","articleSection":["A - DESTACADAS (mod 16)","A - QUE PASA (al costado)","A - TEMPORALES","SOCIEDAD"],"inLanguage":"es"},{"@type":"WebPage","@id":"https:\/\/diariotextual.com\/inicio\/index.php\/2018\/10\/02\/bomberos-voluntarios-suspendieron-las-capacitaciones-falta-fondos\/","url":"https:\/\/diariotextual.com\/inicio\/index.php\/2018\/10\/02\/bomberos-voluntarios-suspendieron-las-capacitaciones-falta-fondos\/","name":"Bomberos voluntarios suspendieron las capacitaciones por falta de fondos - Diario Textual","isPartOf":{"@id":"https:\/\/diariotextual.com\/inicio\/#website"},"primaryImageOfPage":{"@id":"https:\/\/diariotextual.com\/inicio\/index.php\/2018\/10\/02\/bomberos-voluntarios-suspendieron-las-capacitaciones-falta-fondos\/#primaryimage"},"image":{"@id":"https:\/\/diariotextual.com\/inicio\/index.php\/2018\/10\/02\/bomberos-voluntarios-suspendieron-las-capacitaciones-falta-fondos\/#primaryimage"},"thumbnailUrl":"https:\/\/diariotextual.com\/inicio\/wp-content\/uploads\/2018\/10\/incendiostextual2017-22.jpg","datePublished":"2018-10-02T22:13:18+00:00","dateModified":"2018-10-03T18:21:31+00:00","breadcrumb":{"@id":"https:\/\/diariotextual.com\/inicio\/index.php\/2018\/10\/02\/bomberos-voluntarios-suspendieron-las-capacitaciones-falta-fondos\/#breadcrumb"},"inLanguage":"es","potentialAction":[{"@type":"ReadAction","target":["https:\/\/diariotextual.com\/inicio\/index.php\/2018\/10\/02\/bomberos-voluntarios-suspendieron-las-capacitaciones-falta-fondos\/"]}]},{"@type":"ImageObject","inLanguage":"es","@id":"https:\/\/diariotextual.com\/inicio\/index.php\/2018\/10\/02\/bomberos-voluntarios-suspendieron-las-capacitaciones-falta-fondos\/#primaryimage","url":"https:\/\/diariotextual.com\/inicio\/wp-content\/uploads\/2018\/10\/incendiostextual2017-22.jpg","contentUrl":"https:\/\/diariotextual.com\/inicio\/wp-content\/uploads\/2018\/10\/incendiostextual2017-22.jpg","width":960,"height":644},{"@type":"BreadcrumbList","@id":"https:\/\/diariotextual.com\/inicio\/index.php\/2018\/10\/02\/bomberos-voluntarios-suspendieron-las-capacitaciones-falta-fondos\/#breadcrumb","itemListElement":[{"@type":"ListItem","position":1,"name":"Portada","item":"https:\/\/diariotextual.com\/inicio\/"},{"@type":"ListItem","position":2,"name":"Bomberos voluntarios suspendieron las capacitaciones por falta de fondos"}]},{"@type":"WebSite","@id":"https:\/\/diariotextual.com\/inicio\/#website","url":"https:\/\/diariotextual.com\/inicio\/","name":"Diario Textual","description":"","publisher":{"@id":"https:\/\/diariotextual.com\/inicio\/#organization"},"potentialAction":[{"@type":"SearchAction","target":{"@type":"EntryPoint","urlTemplate":"https:\/\/diariotextual.com\/inicio\/?s={search_term_string}"},"query-input":{"@type":"PropertyValueSpecification","valueRequired":true,"valueName":"search_term_string"}}],"inLanguage":"es"},{"@type":"Organization","@id":"https:\/\/diariotextual.com\/inicio\/#organization","name":"Diario Textual","url":"https:\/\/diariotextual.com\/inicio\/","logo":{"@type":"ImageObject","inLanguage":"es","@id":"https:\/\/diariotextual.com\/inicio\/#\/schema\/logo\/image\/","url":"https:\/\/diariotextual.com\/inicio\/wp-content\/uploads\/2023\/05\/logotextual1.jpg","contentUrl":"https:\/\/diariotextual.com\/inicio\/wp-content\/uploads\/2023\/05\/logotextual1.jpg","width":516,"height":76,"caption":"Diario Textual"},"image":{"@id":"https:\/\/diariotextual.com\/inicio\/#\/schema\/logo\/image\/"},"sameAs":["https:\/\/www.facebook.com\/eltextual","https:\/\/x.com\/eltextual","http:\/\/www.instagram.com\/eltextual"]},{"@type":"Person","@id":"https:\/\/diariotextual.com\/inicio\/#\/schema\/person\/418fc4093c33e86ed41562db3508f958","name":"Diario1 Diario1","image":{"@type":"ImageObject","inLanguage":"es","@id":"https:\/\/secure.gravatar.com\/avatar\/9167d280179c85bc18be67aa7eda765854300033af4896dd779b608640f2ef7a?s=96&d=mm&r=g","url":"https:\/\/secure.gravatar.com\/avatar\/9167d280179c85bc18be67aa7eda765854300033af4896dd779b608640f2ef7a?s=96&d=mm&r=g","contentUrl":"https:\/\/secure.gravatar.com\/avatar\/9167d280179c85bc18be67aa7eda765854300033af4896dd779b608640f2ef7a?s=96&d=mm&r=g","caption":"Diario1 Diario1"},"url":"https:\/\/diariotextual.com\/inicio\/index.php\/author\/diario1\/"}]}},"_links":{"self":[{"href":"https:\/\/diariotextual.com\/inicio\/index.php\/wp-json\/wp\/v2\/posts\/22232","targetHints":{"allow":["GET"]}}],"collection":[{"href":"https:\/\/diariotextual.com\/inicio\/index.php\/wp-json\/wp\/v2\/posts"}],"about":[{"href":"https:\/\/diariotextual.com\/inicio\/index.php\/wp-json\/wp\/v2\/types\/post"}],"author":[{"embeddable":true,"href":"https:\/\/diariotextual.com\/inicio\/index.php\/wp-json\/wp\/v2\/users\/3"}],"replies":[{"embeddable":true,"href":"https:\/\/diariotextual.com\/inicio\/index.php\/wp-json\/wp\/v2\/comments?post=22232"}],"version-history":[{"count":1,"href":"https:\/\/diariotextual.com\/inicio\/index.php\/wp-json\/wp\/v2\/posts\/22232\/revisions"}],"predecessor-version":[{"id":22234,"href":"https:\/\/diariotextual.com\/inicio\/index.php\/wp-json\/wp\/v2\/posts\/22232\/revisions\/22234"}],"wp:featuredmedia":[{"embeddable":true,"href":"https:\/\/diariotextual.com\/inicio\/index.php\/wp-json\/wp\/v2\/media\/22233"}],"wp:attachment":[{"href":"https:\/\/diariotextual.com\/inicio\/index.php\/wp-json\/wp\/v2\/media?parent=22232"}],"wp:term":[{"taxonomy":"category","embeddable":true,"href":"https:\/\/diariotextual.com\/inicio\/index.php\/wp-json\/wp\/v2\/categories?post=22232"},{"taxonomy":"post_tag","embeddable":true,"href":"https:\/\/diariotextual.com\/inicio\/index.php\/wp-json\/wp\/v2\/tags?post=22232"}],"curies":[{"name":"wp","href":"https:\/\/api.w.org\/{rel}","templated":true}]}}